{"id":44055,"date":"2026-01-30T14:22:50","date_gmt":"2026-01-30T13:22:50","guid":{"rendered":"https:\/\/www.markt-kom.com\/de\/?p=250132"},"modified":"2026-02-02T07:25:39","modified_gmt":"2026-02-02T06:25:39","slug":"fairbruary-fairtrade-max-havelaar-lanciert-jahreskampagne-fuer-bewussten-konsum","status":"publish","type":"post","link":"https:\/\/www.organisator.ch\/it\/marketing\/2026-01-30\/fairbruary-fairtrade-max-havelaar-lanciert-jahreskampagne-fuer-bewussten-konsum\/","title":{"rendered":"Fairbruary: Fairtrade Max Havelaar lancia la campagna annuale per un consumo consapevole"},"content":{"rendered":"<figure><img src=\"https:\/\/www.markt-kom.com\/wp-content\/uploads\/2026\/01\/Artboard-12DE_Display_Ads_1200x1200_Fairbruary_2026.jpg\" alt=\"Felicit\u00e0, Persona\" \/>\r\n<figcaption>Fonte: zvg<\/figcaption>\r\n<\/figure>\r\n<p>Con la campagna nazionale \u00abFairbruary\u00bb, Fairtrade Max Havelaar sta attivando i consumatori svizzeri per un consumo pi\u00f9 consapevole ed equo per la quinta volta a febbraio - in modo giocoso, adatto all'uso quotidiano e con molta ispirazione.<\/p>\r\n<p>Fairbruary rende visibile ci\u00f2 che da tempo \u00e8 evidente sul mercato: Il commercio equo e solidale non \u00e8 pi\u00f9 un argomento di nicchia. In Svizzera sono ora disponibili oltre 3.800 prodotti certificati Fairtrade, in tutte le categorie di prezzo e occasioni di consumo. Dagli alimenti freschi ai dolci, dal caff\u00e8 agli snack iperproteici, il consumo equo \u00e8 diventato parte integrante dello stile di vita moderno. \u00c8 proprio qui che entra in gioco la campagna, che traduce i valori in impulsi d'acquisto concreti.<\/p>\r\n<h3>Contenuti, gamification e approccio multicanale<\/h3>\r\n<p>L'hub della campagna \u00e8 il punto di contatto centrale <a href=\"https:\/\/www.fairbruary.ch\/\" rel=\"noopener\">www.fairbruary.ch<\/a> con idee di ricette, format di quiz ed elementi interattivi che invitano a confrontarsi con i prodotti della fiera preferiti. L'offerta \u00e8 completata da contenuti di tendenza per i social media e da collaborazioni con creatori di contenuti come @ART4N, @aninamutter e @sandro_zinggeler. L'attenzione \u00e8 rivolta all'intrattenimento, all'identificazione e al trasferimento di conoscenze a bassa soglia.<\/p>\r\n<figure><img src=\"https:\/\/www.markt-kom.com\/wp-content\/uploads\/2026\/01\/Artboard-13DE_Display_Ads_1200x1200_Fairbruary_2026.jpg\" alt=\"Espressione del viso, Pubblicit\u00e0, Poster (1 persona)\" \/>\r\n<figcaption>Fonte: zvg<\/figcaption>\r\n<\/figure>\r\n<p>Oltre ai canali digitali, Fairbruary \u00e8 presente anche negli spazi pubblici: una campagna nazionale di affissioni sta attirando un'ampia attenzione. Insieme a partner di vendita al dettaglio come Coop, Lidl, il marchio di caff\u00e8 svizzero di lingua francese La Semeuse e il produttore di Munz-Pr\u00fcgeli Maestrani, Fairtrade Max Havelaar sta creando una presenza mirata di prodotti e marchi. La campagna si sta concentrando sempre pi\u00f9 sui manifesti multimarca, che offrono visibilit\u00e0 anche ai marchi pi\u00f9 piccoli. \u00abSiamo lieti che, grazie a questa misura, stiamo coinvolgendo anche marchi minori popolari come Pakka, Ek\u00f4 Kaffee, Stella Bernrain e Blasercaf\u00e9, comunicando cos\u00ec attivamente il loro impegno per il commercio equo e solidale\u00bb, afferma Mike Coray, responsabile marketing e comunicazione di Fairtrade Max Havelaar.<\/p>\r\n<h3>Il commercio equo e solidale in Svizzera: un contesto forte<\/h3>\r\n<p>Il Fairbruary di quest'anno ha un contesto particolarmente forte: nel 2024, per la prima volta, in Svizzera \u00e8 stato speso oltre un miliardo di franchi svizzeri in prodotti Fairtrade. La Svizzera ha anche il pi\u00f9 alto consumo pro capite di prodotti Fairtrade al mondo. La campagna si basa su questo alto livello di consapevolezza e lo estende a un movimento di consumatori concreto e attivo.<\/p>\r\n<p>Fairtrade Max Havelaar, fondata nel 1992, \u00e8 una fondazione no-profit con sede a Zurigo. Conferisce il marchio Fairtrade in Svizzera ai prodotti provenienti da Africa, Asia e America Latina che sono prodotti e commercializzati in modo equo secondo criteri sociali ed ecologici completi. La loro vendita consente ai piccoli agricoltori e ai lavoratori di ottenere redditi pi\u00f9 elevati e di godere di migliori condizioni di lavoro.<\/p>","protected":false},"excerpt":{"rendered":"<p>Con la campagna nazionale \u00abFairbruary\u00bb, Fairtrade Max Havelaar sta mobilitando i consumatori per un consumo pi\u00f9 consapevole ed equo per la quinta volta a febbraio. La campagna si basa su un approccio multicanale con contenuti digitali, gamification e collaborazioni con creatori di contenuti, oltre a una campagna nazionale di affissioni.<\/p>","protected":false},"author":107,"featured_media":0,"comment_status":"closed","ping_status":"closed","sticky":false,"template":"","format":"standard","meta":{"_acf_changed":false,"_yoast_wpseo_focuskw":"Max Havelaar","_yoast_wpseo_metadesc":"Mit der Kampagne \u00abFairbruary\u00bb aktiviert Fairtrade Max Havelaar im Februar Konsument:innen f\u00fcr einen bewussteren und fairen Konsum.","articlekey":"","footnotes":""},"categories":[29],"tags":[5584,293,4343,1787],"class_list":["post-44055","post","type-post","status-publish","format-standard","hentry","category-marketing","tag-fairtrade","tag-kampagne","tag-markom","tag-nachhaltigkeit"],"acf":[],"yoast_head":"<!-- This site is optimized with the Yoast SEO plugin v27.5 - https:\/\/yoast.com\/product\/yoast-seo-wordpress\/ -->\n<title>Fairbruary: Fairtrade Max Havelaar lanciert Jahreskampagne f\u00fcr bewussten Konsum - Organisator<\/title>\n<meta name=\"description\" content=\"Mit der Kampagne \u00abFairbruary\u00bb aktiviert Fairtrade Max Havelaar im Februar Konsument:innen f\u00fcr einen bewussteren und fairen Konsum.\" \/>\n<meta name=\"robots\" content=\"index, follow, max-snippet:-1, max-image-preview:large, max-video-preview:-1\" \/>\n<link rel=\"canonical\" href=\"https:\/\/www.organisator.ch\/it\/marketing\/2026-01-30\/fairbruary-fairtrade-max-havelaar-lanciert-jahreskampagne-fuer-bewussten-konsum\/\" \/>\n<meta property=\"og:locale\" content=\"it_IT\" \/>\n<meta property=\"og:type\" content=\"article\" \/>\n<meta property=\"og:title\" content=\"Fairbruary: Fairtrade Max Havelaar lanciert Jahreskampagne f\u00fcr bewussten Konsum - Organisator\" \/>\n<meta property=\"og:description\" content=\"Mit der Kampagne \u00abFairbruary\u00bb aktiviert Fairtrade Max Havelaar im Februar Konsument:innen f\u00fcr einen bewussteren und fairen Konsum.\" \/>\n<meta property=\"og:url\" content=\"https:\/\/www.organisator.ch\/it\/marketing\/2026-01-30\/fairbruary-fairtrade-max-havelaar-lanciert-jahreskampagne-fuer-bewussten-konsum\/\" \/>\n<meta property=\"og:site_name\" content=\"Organisator\" \/>\n<meta property=\"article:publisher\" content=\"https:\/\/www.facebook.com\/OrganisatorFachmagazin\" \/>\n<meta property=\"article:published_time\" content=\"2026-01-30T13:22:50+00:00\" \/>\n<meta property=\"article:modified_time\" content=\"2026-02-02T06:25:39+00:00\" \/>\n<meta property=\"og:image\" content=\"https:\/\/www.markt-kom.com\/wp-content\/uploads\/2026\/01\/Artboard-12DE_Display_Ads_1200x1200_Fairbruary_2026.jpg\" \/>\n<meta name=\"author\" content=\"n8n\" \/>\n<meta name=\"twitter:card\" content=\"summary_large_image\" \/>\n<script type=\"application\/ld+json\" class=\"yoast-schema-graph\">{\"@context\":\"https:\\\/\\\/schema.org\",\"@graph\":[{\"@type\":\"Article\",\"@id\":\"https:\\\/\\\/www.organisator.ch\\\/marketing\\\/2026-01-30\\\/fairbruary-fairtrade-max-havelaar-lanciert-jahreskampagne-fuer-bewussten-konsum\\\/#article\",\"isPartOf\":{\"@id\":\"https:\\\/\\\/www.organisator.ch\\\/marketing\\\/2026-01-30\\\/fairbruary-fairtrade-max-havelaar-lanciert-jahreskampagne-fuer-bewussten-konsum\\\/\"},\"author\":{\"name\":\"n8n\",\"@id\":\"https:\\\/\\\/www.organisator.ch\\\/#\\\/schema\\\/person\\\/a9d0e0eff238db87a8f840f3b50359f0\"},\"headline\":\"Fairbruary: Fairtrade Max Havelaar lanciert Jahreskampagne f\u00fcr bewussten Konsum\",\"datePublished\":\"2026-01-30T13:22:50+00:00\",\"dateModified\":\"2026-02-02T06:25:39+00:00\",\"mainEntityOfPage\":{\"@id\":\"https:\\\/\\\/www.organisator.ch\\\/marketing\\\/2026-01-30\\\/fairbruary-fairtrade-max-havelaar-lanciert-jahreskampagne-fuer-bewussten-konsum\\\/\"},\"wordCount\":385,\"publisher\":{\"@id\":\"https:\\\/\\\/www.organisator.ch\\\/#organization\"},\"image\":{\"@id\":\"https:\\\/\\\/www.organisator.ch\\\/marketing\\\/2026-01-30\\\/fairbruary-fairtrade-max-havelaar-lanciert-jahreskampagne-fuer-bewussten-konsum\\\/#primaryimage\"},\"thumbnailUrl\":\"https:\\\/\\\/www.markt-kom.com\\\/wp-content\\\/uploads\\\/2026\\\/01\\\/Artboard-12DE_Display_Ads_1200x1200_Fairbruary_2026.jpg\",\"keywords\":[\"Fairtrade\",\"Kampagne\",\"MarKom\",\"Nachhaltigkeit\"],\"articleSection\":[\"MARKETING\"],\"inLanguage\":\"it-IT\"},{\"@type\":\"WebPage\",\"@id\":\"https:\\\/\\\/www.organisator.ch\\\/marketing\\\/2026-01-30\\\/fairbruary-fairtrade-max-havelaar-lanciert-jahreskampagne-fuer-bewussten-konsum\\\/\",\"url\":\"https:\\\/\\\/www.organisator.ch\\\/marketing\\\/2026-01-30\\\/fairbruary-fairtrade-max-havelaar-lanciert-jahreskampagne-fuer-bewussten-konsum\\\/\",\"name\":\"Fairbruary: Fairtrade Max Havelaar lanciert Jahreskampagne f\u00fcr bewussten Konsum - Organisator\",\"isPartOf\":{\"@id\":\"https:\\\/\\\/www.organisator.ch\\\/#website\"},\"primaryImageOfPage\":{\"@id\":\"https:\\\/\\\/www.organisator.ch\\\/marketing\\\/2026-01-30\\\/fairbruary-fairtrade-max-havelaar-lanciert-jahreskampagne-fuer-bewussten-konsum\\\/#primaryimage\"},\"image\":{\"@id\":\"https:\\\/\\\/www.organisator.ch\\\/marketing\\\/2026-01-30\\\/fairbruary-fairtrade-max-havelaar-lanciert-jahreskampagne-fuer-bewussten-konsum\\\/#primaryimage\"},\"thumbnailUrl\":\"https:\\\/\\\/www.markt-kom.com\\\/wp-content\\\/uploads\\\/2026\\\/01\\\/Artboard-12DE_Display_Ads_1200x1200_Fairbruary_2026.jpg\",\"datePublished\":\"2026-01-30T13:22:50+00:00\",\"dateModified\":\"2026-02-02T06:25:39+00:00\",\"description\":\"Mit der Kampagne \u00abFairbruary\u00bb aktiviert Fairtrade Max Havelaar im Februar Konsument:innen f\u00fcr einen bewussteren und fairen Konsum.\",\"breadcrumb\":{\"@id\":\"https:\\\/\\\/www.organisator.ch\\\/marketing\\\/2026-01-30\\\/fairbruary-fairtrade-max-havelaar-lanciert-jahreskampagne-fuer-bewussten-konsum\\\/#breadcrumb\"},\"inLanguage\":\"it-IT\",\"potentialAction\":[{\"@type\":\"ReadAction\",\"target\":[\"https:\\\/\\\/www.organisator.ch\\\/marketing\\\/2026-01-30\\\/fairbruary-fairtrade-max-havelaar-lanciert-jahreskampagne-fuer-bewussten-konsum\\\/\"]}]},{\"@type\":\"ImageObject\",\"inLanguage\":\"it-IT\",\"@id\":\"https:\\\/\\\/www.organisator.ch\\\/marketing\\\/2026-01-30\\\/fairbruary-fairtrade-max-havelaar-lanciert-jahreskampagne-fuer-bewussten-konsum\\\/#primaryimage\",\"url\":\"https:\\\/\\\/www.markt-kom.com\\\/wp-content\\\/uploads\\\/2026\\\/01\\\/Artboard-12DE_Display_Ads_1200x1200_Fairbruary_2026.jpg\",\"contentUrl\":\"https:\\\/\\\/www.markt-kom.com\\\/wp-content\\\/uploads\\\/2026\\\/01\\\/Artboard-12DE_Display_Ads_1200x1200_Fairbruary_2026.jpg\"},{\"@type\":\"BreadcrumbList\",\"@id\":\"https:\\\/\\\/www.organisator.ch\\\/marketing\\\/2026-01-30\\\/fairbruary-fairtrade-max-havelaar-lanciert-jahreskampagne-fuer-bewussten-konsum\\\/#breadcrumb\",\"itemListElement\":[{\"@type\":\"ListItem\",\"position\":1,\"name\":\"Home\",\"item\":\"https:\\\/\\\/www.organisator.ch\\\/\"},{\"@type\":\"ListItem\",\"position\":2,\"name\":\"Fairbruary: Fairtrade Max Havelaar lanciert Jahreskampagne f\u00fcr bewussten Konsum\"}]},{\"@type\":\"WebSite\",\"@id\":\"https:\\\/\\\/www.organisator.ch\\\/#website\",\"url\":\"https:\\\/\\\/www.organisator.ch\\\/\",\"name\":\"Organisator\",\"description\":\"Kompetent. Praxisnah. Der ORGANISATOR bereitet in 10 Ausgaben pro Jahr die wesentlichen Themen f\u00fcr F\u00fchrungskr\u00e4fte von KMU auf.\",\"publisher\":{\"@id\":\"https:\\\/\\\/www.organisator.ch\\\/#organization\"},\"potentialAction\":[{\"@type\":\"SearchAction\",\"target\":{\"@type\":\"EntryPoint\",\"urlTemplate\":\"https:\\\/\\\/www.organisator.ch\\\/?s={search_term_string}\"},\"query-input\":{\"@type\":\"PropertyValueSpecification\",\"valueRequired\":true,\"valueName\":\"search_term_string\"}}],\"inLanguage\":\"it-IT\"},{\"@type\":\"Organization\",\"@id\":\"https:\\\/\\\/www.organisator.ch\\\/#organization\",\"name\":\"Organisator\",\"url\":\"https:\\\/\\\/www.organisator.ch\\\/\",\"logo\":{\"@type\":\"ImageObject\",\"inLanguage\":\"it-IT\",\"@id\":\"https:\\\/\\\/www.organisator.ch\\\/#\\\/schema\\\/logo\\\/image\\\/\",\"url\":\"https:\\\/\\\/www.organisator.ch\\\/wp-content\\\/uploads\\\/2022\\\/01\\\/Logo_Organisator_Website.png\",\"contentUrl\":\"https:\\\/\\\/www.organisator.ch\\\/wp-content\\\/uploads\\\/2022\\\/01\\\/Logo_Organisator_Website.png\",\"width\":800,\"height\":77,\"caption\":\"Organisator\"},\"image\":{\"@id\":\"https:\\\/\\\/www.organisator.ch\\\/#\\\/schema\\\/logo\\\/image\\\/\"},\"sameAs\":[\"https:\\\/\\\/www.facebook.com\\\/OrganisatorFachmagazin\",\"https:\\\/\\\/www.linkedin.com\\\/showcase\\\/organisator-das-magazin-fr-kmu\",\"https:\\\/\\\/www.xing.com\\\/news\\\/pages\\\/organisator-ch-695\",\"https:\\\/\\\/www.youtube.com\\\/channel\\\/UCGP2Sq0iWaZwT3BdIAQFYpw\"]},{\"@type\":\"Person\",\"@id\":\"https:\\\/\\\/www.organisator.ch\\\/#\\\/schema\\\/person\\\/a9d0e0eff238db87a8f840f3b50359f0\",\"name\":\"n8n\",\"image\":{\"@type\":\"ImageObject\",\"inLanguage\":\"it-IT\",\"@id\":\"https:\\\/\\\/secure.gravatar.com\\\/avatar\\\/5368fb9d03fd415a6f335cece4c15af2502d6ca8651efbd6e8f98427a9795400?s=96&d=mm&r=g\",\"url\":\"https:\\\/\\\/secure.gravatar.com\\\/avatar\\\/5368fb9d03fd415a6f335cece4c15af2502d6ca8651efbd6e8f98427a9795400?s=96&d=mm&r=g\",\"contentUrl\":\"https:\\\/\\\/secure.gravatar.com\\\/avatar\\\/5368fb9d03fd415a6f335cece4c15af2502d6ca8651efbd6e8f98427a9795400?s=96&d=mm&r=g\",\"caption\":\"n8n\"},\"url\":\"https:\\\/\\\/www.organisator.ch\\\/it\\\/author\\\/n8n\\\/\"}]}<\/script>\n<!-- \/ Yoast SEO plugin. -->","yoast_head_json":{"title":"Fairbruary: Fairtrade Max Havelaar lancia la campagna annuale per un consumo consapevole - Organizzatore","description":"Con la campagna \u00abFairbruary\u00bb di febbraio, Fairtrade Max Havelaar mobilita i consumatori a consumare in modo pi\u00f9 consapevole ed equo.","robots":{"index":"index","follow":"follow","max-snippet":"max-snippet:-1","max-image-preview":"max-image-preview:large","max-video-preview":"max-video-preview:-1"},"canonical":"https:\/\/www.organisator.ch\/it\/marketing\/2026-01-30\/fairbruary-fairtrade-max-havelaar-lanciert-jahreskampagne-fuer-bewussten-konsum\/","og_locale":"it_IT","og_type":"article","og_title":"Fairbruary: Fairtrade Max Havelaar lanciert Jahreskampagne f\u00fcr bewussten Konsum - Organisator","og_description":"Mit der Kampagne \u00abFairbruary\u00bb aktiviert Fairtrade Max Havelaar im Februar Konsument:innen f\u00fcr einen bewussteren und fairen Konsum.","og_url":"https:\/\/www.organisator.ch\/it\/marketing\/2026-01-30\/fairbruary-fairtrade-max-havelaar-lanciert-jahreskampagne-fuer-bewussten-konsum\/","og_site_name":"Organisator","article_publisher":"https:\/\/www.facebook.com\/OrganisatorFachmagazin","article_published_time":"2026-01-30T13:22:50+00:00","article_modified_time":"2026-02-02T06:25:39+00:00","og_image":[{"url":"https:\/\/www.markt-kom.com\/wp-content\/uploads\/2026\/01\/Artboard-12DE_Display_Ads_1200x1200_Fairbruary_2026.jpg","type":"","width":"","height":""}],"author":"n8n","twitter_card":"summary_large_image","schema":{"@context":"https:\/\/schema.org","@graph":[{"@type":"Article","@id":"https:\/\/www.organisator.ch\/marketing\/2026-01-30\/fairbruary-fairtrade-max-havelaar-lanciert-jahreskampagne-fuer-bewussten-konsum\/#article","isPartOf":{"@id":"https:\/\/www.organisator.ch\/marketing\/2026-01-30\/fairbruary-fairtrade-max-havelaar-lanciert-jahreskampagne-fuer-bewussten-konsum\/"},"author":{"name":"n8n","@id":"https:\/\/www.organisator.ch\/#\/schema\/person\/a9d0e0eff238db87a8f840f3b50359f0"},"headline":"Fairbruary: Fairtrade Max Havelaar lanciert Jahreskampagne f\u00fcr bewussten Konsum","datePublished":"2026-01-30T13:22:50+00:00","dateModified":"2026-02-02T06:25:39+00:00","mainEntityOfPage":{"@id":"https:\/\/www.organisator.ch\/marketing\/2026-01-30\/fairbruary-fairtrade-max-havelaar-lanciert-jahreskampagne-fuer-bewussten-konsum\/"},"wordCount":385,"publisher":{"@id":"https:\/\/www.organisator.ch\/#organization"},"image":{"@id":"https:\/\/www.organisator.ch\/marketing\/2026-01-30\/fairbruary-fairtrade-max-havelaar-lanciert-jahreskampagne-fuer-bewussten-konsum\/#primaryimage"},"thumbnailUrl":"https:\/\/www.markt-kom.com\/wp-content\/uploads\/2026\/01\/Artboard-12DE_Display_Ads_1200x1200_Fairbruary_2026.jpg","keywords":["Fairtrade","Kampagne","MarKom","Nachhaltigkeit"],"articleSection":["MARKETING"],"inLanguage":"it-IT"},{"@type":"WebPage","@id":"https:\/\/www.organisator.ch\/marketing\/2026-01-30\/fairbruary-fairtrade-max-havelaar-lanciert-jahreskampagne-fuer-bewussten-konsum\/","url":"https:\/\/www.organisator.ch\/marketing\/2026-01-30\/fairbruary-fairtrade-max-havelaar-lanciert-jahreskampagne-fuer-bewussten-konsum\/","name":"Fairbruary: Fairtrade Max Havelaar lancia la campagna annuale per un consumo consapevole - Organizzatore","isPartOf":{"@id":"https:\/\/www.organisator.ch\/#website"},"primaryImageOfPage":{"@id":"https:\/\/www.organisator.ch\/marketing\/2026-01-30\/fairbruary-fairtrade-max-havelaar-lanciert-jahreskampagne-fuer-bewussten-konsum\/#primaryimage"},"image":{"@id":"https:\/\/www.organisator.ch\/marketing\/2026-01-30\/fairbruary-fairtrade-max-havelaar-lanciert-jahreskampagne-fuer-bewussten-konsum\/#primaryimage"},"thumbnailUrl":"https:\/\/www.markt-kom.com\/wp-content\/uploads\/2026\/01\/Artboard-12DE_Display_Ads_1200x1200_Fairbruary_2026.jpg","datePublished":"2026-01-30T13:22:50+00:00","dateModified":"2026-02-02T06:25:39+00:00","description":"Con la campagna \u00abFairbruary\u00bb di febbraio, Fairtrade Max Havelaar mobilita i consumatori a consumare in modo pi\u00f9 consapevole ed equo.","breadcrumb":{"@id":"https:\/\/www.organisator.ch\/marketing\/2026-01-30\/fairbruary-fairtrade-max-havelaar-lanciert-jahreskampagne-fuer-bewussten-konsum\/#breadcrumb"},"inLanguage":"it-IT","potentialAction":[{"@type":"ReadAction","target":["https:\/\/www.organisator.ch\/marketing\/2026-01-30\/fairbruary-fairtrade-max-havelaar-lanciert-jahreskampagne-fuer-bewussten-konsum\/"]}]},{"@type":"ImageObject","inLanguage":"it-IT","@id":"https:\/\/www.organisator.ch\/marketing\/2026-01-30\/fairbruary-fairtrade-max-havelaar-lanciert-jahreskampagne-fuer-bewussten-konsum\/#primaryimage","url":"https:\/\/www.markt-kom.com\/wp-content\/uploads\/2026\/01\/Artboard-12DE_Display_Ads_1200x1200_Fairbruary_2026.jpg","contentUrl":"https:\/\/www.markt-kom.com\/wp-content\/uploads\/2026\/01\/Artboard-12DE_Display_Ads_1200x1200_Fairbruary_2026.jpg"},{"@type":"BreadcrumbList","@id":"https:\/\/www.organisator.ch\/marketing\/2026-01-30\/fairbruary-fairtrade-max-havelaar-lanciert-jahreskampagne-fuer-bewussten-konsum\/#breadcrumb","itemListElement":[{"@type":"ListItem","position":1,"name":"Home","item":"https:\/\/www.organisator.ch\/"},{"@type":"ListItem","position":2,"name":"Fairbruary: Fairtrade Max Havelaar lanciert Jahreskampagne f\u00fcr bewussten Konsum"}]},{"@type":"WebSite","@id":"https:\/\/www.organisator.ch\/#website","url":"https:\/\/www.organisator.ch\/","name":"Organizzatore","description":"Competente. Pratico. In 10 numeri all'anno, ORGANISATOR presenta i temi essenziali per i manager delle PMI.","publisher":{"@id":"https:\/\/www.organisator.ch\/#organization"},"potentialAction":[{"@type":"SearchAction","target":{"@type":"EntryPoint","urlTemplate":"https:\/\/www.organisator.ch\/?s={search_term_string}"},"query-input":{"@type":"PropertyValueSpecification","valueRequired":true,"valueName":"search_term_string"}}],"inLanguage":"it-IT"},{"@type":"Organization","@id":"https:\/\/www.organisator.ch\/#organization","name":"Organizzatore","url":"https:\/\/www.organisator.ch\/","logo":{"@type":"ImageObject","inLanguage":"it-IT","@id":"https:\/\/www.organisator.ch\/#\/schema\/logo\/image\/","url":"https:\/\/www.organisator.ch\/wp-content\/uploads\/2022\/01\/Logo_Organisator_Website.png","contentUrl":"https:\/\/www.organisator.ch\/wp-content\/uploads\/2022\/01\/Logo_Organisator_Website.png","width":800,"height":77,"caption":"Organisator"},"image":{"@id":"https:\/\/www.organisator.ch\/#\/schema\/logo\/image\/"},"sameAs":["https:\/\/www.facebook.com\/OrganisatorFachmagazin","https:\/\/www.linkedin.com\/showcase\/organisator-das-magazin-fr-kmu","https:\/\/www.xing.com\/news\/pages\/organisator-ch-695","https:\/\/www.youtube.com\/channel\/UCGP2Sq0iWaZwT3BdIAQFYpw"]},{"@type":"Person","@id":"https:\/\/www.organisator.ch\/#\/schema\/person\/a9d0e0eff238db87a8f840f3b50359f0","name":"n8n","image":{"@type":"ImageObject","inLanguage":"it-IT","@id":"https:\/\/secure.gravatar.com\/avatar\/5368fb9d03fd415a6f335cece4c15af2502d6ca8651efbd6e8f98427a9795400?s=96&d=mm&r=g","url":"https:\/\/secure.gravatar.com\/avatar\/5368fb9d03fd415a6f335cece4c15af2502d6ca8651efbd6e8f98427a9795400?s=96&d=mm&r=g","contentUrl":"https:\/\/secure.gravatar.com\/avatar\/5368fb9d03fd415a6f335cece4c15af2502d6ca8651efbd6e8f98427a9795400?s=96&d=mm&r=g","caption":"n8n"},"url":"https:\/\/www.organisator.ch\/it\/author\/n8n\/"}]}},"_links":{"self":[{"href":"https:\/\/www.organisator.ch\/it\/wp-json\/wp\/v2\/posts\/44055","targetHints":{"allow":["GET"]}}],"collection":[{"href":"https:\/\/www.organisator.ch\/it\/wp-json\/wp\/v2\/posts"}],"about":[{"href":"https:\/\/www.organisator.ch\/it\/wp-json\/wp\/v2\/types\/post"}],"author":[{"embeddable":true,"href":"https:\/\/www.organisator.ch\/it\/wp-json\/wp\/v2\/users\/107"}],"replies":[{"embeddable":true,"href":"https:\/\/www.organisator.ch\/it\/wp-json\/wp\/v2\/comments?post=44055"}],"version-history":[{"count":4,"href":"https:\/\/www.organisator.ch\/it\/wp-json\/wp\/v2\/posts\/44055\/revisions"}],"predecessor-version":[{"id":44075,"href":"https:\/\/www.organisator.ch\/it\/wp-json\/wp\/v2\/posts\/44055\/revisions\/44075"}],"wp:attachment":[{"href":"https:\/\/www.organisator.ch\/it\/wp-json\/wp\/v2\/media?parent=44055"}],"wp:term":[{"taxonomy":"category","embeddable":true,"href":"https:\/\/www.organisator.ch\/it\/wp-json\/wp\/v2\/categories?post=44055"},{"taxonomy":"post_tag","embeddable":true,"href":"https:\/\/www.organisator.ch\/it\/wp-json\/wp\/v2\/tags?post=44055"}],"curies":[{"name":"wp","href":"https:\/\/api.w.org\/{rel}","templated":true}]}}