{"id":44193,"date":"2026-02-04T10:23:08","date_gmt":"2026-02-04T09:23:08","guid":{"rendered":"https:\/\/www.organisator.ch\/de\/?p=44193"},"modified":"2026-02-04T10:23:08","modified_gmt":"2026-02-04T09:23:08","slug":"149-neue-fachkraefte-fuer-das-schweizer-autogewerbe","status":"publish","type":"post","link":"https:\/\/www.organisator.ch\/it\/weiterbildung\/2026-02-04\/149-neue-fachkraefte-fuer-das-schweizer-autogewerbe\/","title":{"rendered":"149 nuovi lavoratori qualificati per l'industria automobilistica svizzera"},"content":{"rendered":"<figure>\n<figure style=\"width: 1400px\" class=\"wp-caption alignnone\"><img loading=\"lazy\" decoding=\"async\" src=\"https:\/\/www.organisator.ch\/wp-content\/uploads\/2026\/02\/FachausweisC3BCbergabe20Langenthal20-201-scaled.jpg\" alt=\"I migliori nella loro specializzazione nelle rispettive regioni linguistiche con Werner Bieli, Presidente di QSK-AD\/AWK (all&#039;estrema destra).\" width=\"1400\" height=\"788\" \/><figcaption class=\"wp-caption-text\">I migliori nella loro specialit\u00e0 nelle rispettive regioni linguistiche con Werner Bieli, presidente di QSK-AD\/AWK (all'estrema destra). Fonte: AGVS Media<\/figcaption><\/figure><br \/>\n<\/figure>\n<p>Il luogo non poteva essere pi\u00f9 adatto: Circondata da nuove auto esclusive come la McLaren GT o la Mercedes SLS, da giovani sportive e da belle auto d'epoca come una Ferrari GT 2+2, l'AGVS ha consegnato ai nuovi specialisti di successo i loro certificati presso il \u00abMeilenstein\u00bb di Langenthal BE. La presentatrice Nina Havel ha aperto l'evento con un esempio personale che ha illustrato perch\u00e9 le riparazioni sono nelle mani di specialisti ben preparati. La sua conclusione: la competenza paga - la formazione fa la differenza.<\/p>\n<h3>\u00abSiate umani e non robot!\u00bb.\u00bb<\/h3>\n<p>Ora 149 nuovi diagnostici automobilistici e coordinatori di officine automobilistiche sono entrati a far parte dell'industria automobilistica in tutta la Svizzera. Werner Bieli, presidente della Commissione di garanzia della qualit\u00e0 QSK-AD\/AWK, si \u00e8 congratulato con i diplomati e ha guardato al futuro dell'industria. La crescente variet\u00e0 di sistemi di trasmissione, le normative pi\u00f9 severe in materia di emissioni e le nuove tecnologie richiedono figure flessibili e polivalenti di alta qualit\u00e0. \u00abIl vostro successo \u00e8 il risultato di flessibilit\u00e0 e qualit\u00e0\u00bb, ha sottolineato Bieli. Davanti a circa 350 ospiti, ha premiato i laureati per i loro eccellenti risultati e ha dato loro quattro principi guida per la loro carriera: Essere un modello, mostrare pazienza ed empatia, essere persistenti - anche con se stessi - e non perdere il senso dell'umorismo. \u00abIn breve: siate un essere umano e non un robot\u00bb.\u00bb<\/p>\n<p>Anche i due membri del Consiglio centrale dell'AGVS, Charles-Albert Hediger e Barbara Germann, si sono congratulati. Hediger ha ricordato il 140\u00b0 anniversario dell'invenzione dell'automobile e ha sottolineato il ruolo centrale che i meccanici di officina competenti hanno sempre svolto. Germann ha sottolineato che il certificato non \u00e8 sinonimo di impeccabilit\u00e0, ma di capacit\u00e0 di individuare e risolvere sistematicamente i problemi. Ha invitato i nuovi specialisti a rimanere fedeli al settore: \u00abVoi siete il motore e il carburante - o meglio oggi: l'energia - del nostro mestiere e lo fate funzionare!\u00bb.\u00bb<\/p>\n<h3>Un ulteriore bene in mano con il nuovo titolo<\/h3>\n<p>L'organizzazione di acquisto per l'industria automobilistica e dei veicoli a motore (ESA) rimane un partner importante della formazione professionale dell'AGVS. Da decenni sostiene finanziariamente l'AGVS e anche quest'anno ha consegnato un assegno di 20.000 franchi svizzeri. Matthias Krummen, membro del Consiglio direttivo dell'ESA, ha incoraggiato i nuovi specialisti a svolgere un ruolo attivo nel plasmare il cambiamento e a rimanere curiosi. La prevista introduzione dei nuovi titoli di Professional Bachelor e Professional Master nella seconda met\u00e0 del 2026 aprir\u00e0 ulteriori prospettive. Infatti, il titolo Professional Bachelor, che integra le qualifiche di istruzione e formazione professionale superiore (HF) e le qualifiche professionali federali e che \u00e8 anche pi\u00f9 comprensibile a livello internazionale, dar\u00e0 ai 149 giovani professionisti un ulteriore vantaggio che sottolinea la loro equivalenza con la formazione terziaria accademica con un forte orientamento pratico.<\/p>\n<figure>\n<figure style=\"width: 1200px\" class=\"wp-caption alignnone\"><img loading=\"lazy\" decoding=\"async\" src=\"https:\/\/www.organisator.ch\/wp-content\/uploads\/2026\/02\/FachausweisC3BCbergabe20Langenthal20-202.jpg\" alt=\"Abinas Uthayarasa, ex medaglia di bronzo di SwissSkills e neodiplomato in diagnostica automobilistica, rivela alla conduttrice Nina Havel di essere gi\u00e0 interessato a proseguire la formazione come economista aziendale.\" width=\"1200\" height=\"800\" \/><figcaption class=\"wp-caption-text\">Abinas Uthayarasa, ex medaglia di bronzo di SwissSkills e neodiplomato in diagnostica automobilistica, rivela alla conduttrice Nina Havel di essere gi\u00e0 interessato a proseguire la formazione come economista aziendale. Fonte: AGVS Media<\/figcaption><\/figure><br \/>\n<\/figure>\n<p>Olivier Maeder, membro del Consiglio Direttivo dell'AGVS responsabile della formazione, ha sottolineato questa innovazione e ha motivato i diplomati a proseguire la loro formazione: \u00abNaturalmente, ci auguriamo che molti di voi facciano anche il passo successivo e puntino alla nuova qualifica di Professional Master, ad esempio completando la formazione complementare per diventare economista aziendale nell'industria automobilistica\u00bb. Maeder si \u00e8 detto particolarmente soddisfatto del fatto che Abinas Uthayarasa, medaglia di bronzo SwissSkills e neodiplomato in diagnostica automobilistica, possa immaginare di seguire questo percorso. Il bernese ha spiegato alla cerimonia di premiazione: \u00abPensavo all'amministrazione aziendale, ma mi piacerebbe anche diventare un istruttore di formazione pratica o un insegnante di scuola professionale - anche questo mi interesserebbe\u00bb.\u00bb<\/p>\n<h3>Premi speciali per i migliori<\/h3>\n<p>I fortunati diplomati hanno poi ricevuto i loro certificati in un contesto festoso, prima che Werner Bieli consegnasse i premi speciali per le migliori medie dei voti nelle tre regioni linguistiche. Questi sono andati a Ivan Simoni di Iragna TI (voto 4,7), Anthony Baz di Carouge GE (5,2), Remo Bl\u00f6chliger di Wolhusen LU e Jonas Herzog di Hottwil AG (4,9 ciascuno) nella categoria coordinatori di officine automobilistiche. Tre talentuosi diagnostici specializzati in autovetture si sono aggiudicati il premio supplementare con un punteggio di 5,5: Fiona Z'Rotz di Buchs SG, Nevio Bernet di Ufhusen LU e Mathias Stettler di Thun BE. Nella Svizzera occidentale, Alo\u00efc Steffen di Founex VD ha ottenuto un buon punteggio di 4,6. Janik Zahnd di Ittigen BE (voto 5,7) e Valdet Delija di Collombey VS (5,3) sono stati premiati nella categoria veicoli commerciali.<\/p>\n<p>Prima che i circa 350 ospiti ed esperti si unissero ai professionisti di successo dei tre programmi di formazione per un delizioso pasto nell\u00ab\u00bbAquarium Bar\", l'esperto J\u00fcrg D\u00e4hler \u00e8 stato salutato degnamente e ha ricevuto uno speciale macinapepe a forma di candela e un fragoroso applauso di ringraziamento per il suo lavoro.<\/p>\n<p><em>Fonte: <a href=\"https:\/\/www.agvs-upsa.ch\/de\/\">AGVS<\/a><\/em><\/p>","protected":false},"excerpt":{"rendered":"<p>A Langenthal BE, 149 diplomati - tra cui nove donne - hanno ricevuto il diploma federale. I diagnostici automobilistici e i coordinatori di officine automobilistiche rafforzeranno l'industria in futuro. La cerimonia al \u00abMeilenstein\u00bb si \u00e8 svolta all'insegna del motto: \u00abLa formazione fa la differenza\u00bb.<\/p>","protected":false},"author":107,"featured_media":44192,"comment_status":"closed","ping_status":"closed","sticky":false,"template":"","format":"standard","meta":{"_acf_changed":false,"_yoast_wpseo_focuskw":"Fachausweise","_yoast_wpseo_metadesc":"149 Absolvent:innen erhielten in Langenthal ihre eidgen\u00f6ssischen Fachausweise als Automobildiagnostiker:innen und Werkstattkoordinator:innen.","articlekey":"","footnotes":""},"categories":[30],"tags":[62,747,73,5808],"class_list":["post-44193","post","type-post","status-publish","format-standard","has-post-thumbnail","hentry","category-weiterbildung","tag-aus-weiterbildung","tag-autogewerbe","tag-berufsbildung","tag-fachausweise"],"acf":[],"yoast_head":"<!-- This site is optimized with the Yoast SEO plugin v27.5 - https:\/\/yoast.com\/product\/yoast-seo-wordpress\/ -->\n<title>149 neue Fachkr\u00e4fte f\u00fcr das Schweizer Autogewerbe - Organisator<\/title>\n<meta name=\"description\" content=\"149 Absolvent:innen erhielten in Langenthal ihre eidgen\u00f6ssischen Fachausweise als Automobildiagnostiker:innen und Werkstattkoordinator:innen.\" \/>\n<meta name=\"robots\" content=\"index, follow, max-snippet:-1, max-image-preview:large, max-video-preview:-1\" \/>\n<link rel=\"canonical\" href=\"https:\/\/www.organisator.ch\/it\/formazione-continua\/2026-02-04\/149-neue-fachkraefte-fuer-das-schweizer-autogewerbe\/\" \/>\n<meta property=\"og:locale\" content=\"it_IT\" \/>\n<meta property=\"og:type\" content=\"article\" \/>\n<meta property=\"og:title\" content=\"149 neue Fachkr\u00e4fte f\u00fcr das Schweizer Autogewerbe\" \/>\n<meta property=\"og:description\" content=\"149 Absolvent:innen erhielten in Langenthal ihre eidgen\u00f6ssischen Fachausweise als Automobildiagnostiker:innen und Werkstattkoordinator:innen.\" \/>\n<meta property=\"og:url\" content=\"https:\/\/www.organisator.ch\/it\/formazione-continua\/2026-02-04\/149-neue-fachkraefte-fuer-das-schweizer-autogewerbe\/\" \/>\n<meta property=\"og:site_name\" content=\"Organisator\" \/>\n<meta property=\"article:publisher\" content=\"https:\/\/www.facebook.com\/OrganisatorFachmagazin\" \/>\n<meta property=\"article:published_time\" content=\"2026-02-04T09:23:08+00:00\" \/>\n<meta property=\"og:image\" content=\"https:\/\/www.organisator.ch\/wp-content\/uploads\/2026\/02\/FachausweisC3BCbergabe20Langenthal20-201-scaled.jpg\" \/>\n\t<meta property=\"og:image:width\" content=\"1400\" \/>\n\t<meta property=\"og:image:height\" content=\"788\" \/>\n\t<meta property=\"og:image:type\" content=\"image\/jpeg\" \/>\n<meta name=\"author\" content=\"n8n\" \/>\n<meta name=\"twitter:card\" content=\"summary_large_image\" \/>\n<meta name=\"twitter:title\" content=\"149 neue #Fachkr\u00e4fte f\u00fcr das Schweizer #Autogewerbe\" \/>\n<meta name=\"twitter:description\" content=\"149 Absolvent:innen erhielten in Langenthal ihre eidgen\u00f6ssischen #Fachausweise als #Automobildiagnostiker:innen und #Werkstattkoordinator:innen.\" \/>\n<meta name=\"twitter:image\" content=\"https:\/\/www.organisator.ch\/wp-content\/uploads\/2026\/02\/FachausweisC3BCbergabe20Langenthal20-201-scaled.jpg\" \/>\n<script type=\"application\/ld+json\" class=\"yoast-schema-graph\">{\"@context\":\"https:\\\/\\\/schema.org\",\"@graph\":[{\"@type\":\"Article\",\"@id\":\"https:\\\/\\\/www.organisator.ch\\\/weiterbildung\\\/2026-02-04\\\/149-neue-fachkraefte-fuer-das-schweizer-autogewerbe\\\/#article\",\"isPartOf\":{\"@id\":\"https:\\\/\\\/www.organisator.ch\\\/weiterbildung\\\/2026-02-04\\\/149-neue-fachkraefte-fuer-das-schweizer-autogewerbe\\\/\"},\"author\":{\"name\":\"n8n\",\"@id\":\"https:\\\/\\\/www.organisator.ch\\\/#\\\/schema\\\/person\\\/a9d0e0eff238db87a8f840f3b50359f0\"},\"headline\":\"149 neue Fachkr\u00e4fte f\u00fcr das Schweizer Autogewerbe\",\"datePublished\":\"2026-02-04T09:23:08+00:00\",\"mainEntityOfPage\":{\"@id\":\"https:\\\/\\\/www.organisator.ch\\\/weiterbildung\\\/2026-02-04\\\/149-neue-fachkraefte-fuer-das-schweizer-autogewerbe\\\/\"},\"wordCount\":781,\"publisher\":{\"@id\":\"https:\\\/\\\/www.organisator.ch\\\/#organization\"},\"image\":{\"@id\":\"https:\\\/\\\/www.organisator.ch\\\/weiterbildung\\\/2026-02-04\\\/149-neue-fachkraefte-fuer-das-schweizer-autogewerbe\\\/#primaryimage\"},\"thumbnailUrl\":\"https:\\\/\\\/www.organisator.ch\\\/wp-content\\\/uploads\\\/2026\\\/02\\\/FachausweisC3BCbergabe20Langenthal20-201-scaled.jpg\",\"keywords\":[\"Aus-\\\/Weiterbildung\",\"Autogewerbe\",\"Berufsbildung\",\"Fachausweise\"],\"articleSection\":[\"WEITERBILDUNG\"],\"inLanguage\":\"it-IT\"},{\"@type\":\"WebPage\",\"@id\":\"https:\\\/\\\/www.organisator.ch\\\/weiterbildung\\\/2026-02-04\\\/149-neue-fachkraefte-fuer-das-schweizer-autogewerbe\\\/\",\"url\":\"https:\\\/\\\/www.organisator.ch\\\/weiterbildung\\\/2026-02-04\\\/149-neue-fachkraefte-fuer-das-schweizer-autogewerbe\\\/\",\"name\":\"149 neue Fachkr\u00e4fte f\u00fcr das Schweizer Autogewerbe - Organisator\",\"isPartOf\":{\"@id\":\"https:\\\/\\\/www.organisator.ch\\\/#website\"},\"primaryImageOfPage\":{\"@id\":\"https:\\\/\\\/www.organisator.ch\\\/weiterbildung\\\/2026-02-04\\\/149-neue-fachkraefte-fuer-das-schweizer-autogewerbe\\\/#primaryimage\"},\"image\":{\"@id\":\"https:\\\/\\\/www.organisator.ch\\\/weiterbildung\\\/2026-02-04\\\/149-neue-fachkraefte-fuer-das-schweizer-autogewerbe\\\/#primaryimage\"},\"thumbnailUrl\":\"https:\\\/\\\/www.organisator.ch\\\/wp-content\\\/uploads\\\/2026\\\/02\\\/FachausweisC3BCbergabe20Langenthal20-201-scaled.jpg\",\"datePublished\":\"2026-02-04T09:23:08+00:00\",\"description\":\"149 Absolvent:innen erhielten in Langenthal ihre eidgen\u00f6ssischen Fachausweise als Automobildiagnostiker:innen und Werkstattkoordinator:innen.\",\"breadcrumb\":{\"@id\":\"https:\\\/\\\/www.organisator.ch\\\/weiterbildung\\\/2026-02-04\\\/149-neue-fachkraefte-fuer-das-schweizer-autogewerbe\\\/#breadcrumb\"},\"inLanguage\":\"it-IT\",\"potentialAction\":[{\"@type\":\"ReadAction\",\"target\":[\"https:\\\/\\\/www.organisator.ch\\\/weiterbildung\\\/2026-02-04\\\/149-neue-fachkraefte-fuer-das-schweizer-autogewerbe\\\/\"]}]},{\"@type\":\"ImageObject\",\"inLanguage\":\"it-IT\",\"@id\":\"https:\\\/\\\/www.organisator.ch\\\/weiterbildung\\\/2026-02-04\\\/149-neue-fachkraefte-fuer-das-schweizer-autogewerbe\\\/#primaryimage\",\"url\":\"https:\\\/\\\/www.organisator.ch\\\/wp-content\\\/uploads\\\/2026\\\/02\\\/FachausweisC3BCbergabe20Langenthal20-201-scaled.jpg\",\"contentUrl\":\"https:\\\/\\\/www.organisator.ch\\\/wp-content\\\/uploads\\\/2026\\\/02\\\/FachausweisC3BCbergabe20Langenthal20-201-scaled.jpg\",\"width\":1400,\"height\":788},{\"@type\":\"BreadcrumbList\",\"@id\":\"https:\\\/\\\/www.organisator.ch\\\/weiterbildung\\\/2026-02-04\\\/149-neue-fachkraefte-fuer-das-schweizer-autogewerbe\\\/#breadcrumb\",\"itemListElement\":[{\"@type\":\"ListItem\",\"position\":1,\"name\":\"Home\",\"item\":\"https:\\\/\\\/www.organisator.ch\\\/\"},{\"@type\":\"ListItem\",\"position\":2,\"name\":\"149 neue Fachkr\u00e4fte f\u00fcr das Schweizer Autogewerbe\"}]},{\"@type\":\"WebSite\",\"@id\":\"https:\\\/\\\/www.organisator.ch\\\/#website\",\"url\":\"https:\\\/\\\/www.organisator.ch\\\/\",\"name\":\"Organisator\",\"description\":\"Kompetent. Praxisnah. Der ORGANISATOR bereitet in 10 Ausgaben pro Jahr die wesentlichen Themen f\u00fcr F\u00fchrungskr\u00e4fte von KMU auf.\",\"publisher\":{\"@id\":\"https:\\\/\\\/www.organisator.ch\\\/#organization\"},\"potentialAction\":[{\"@type\":\"SearchAction\",\"target\":{\"@type\":\"EntryPoint\",\"urlTemplate\":\"https:\\\/\\\/www.organisator.ch\\\/?s={search_term_string}\"},\"query-input\":{\"@type\":\"PropertyValueSpecification\",\"valueRequired\":true,\"valueName\":\"search_term_string\"}}],\"inLanguage\":\"it-IT\"},{\"@type\":\"Organization\",\"@id\":\"https:\\\/\\\/www.organisator.ch\\\/#organization\",\"name\":\"Organisator\",\"url\":\"https:\\\/\\\/www.organisator.ch\\\/\",\"logo\":{\"@type\":\"ImageObject\",\"inLanguage\":\"it-IT\",\"@id\":\"https:\\\/\\\/www.organisator.ch\\\/#\\\/schema\\\/logo\\\/image\\\/\",\"url\":\"https:\\\/\\\/www.organisator.ch\\\/wp-content\\\/uploads\\\/2022\\\/01\\\/Logo_Organisator_Website.png\",\"contentUrl\":\"https:\\\/\\\/www.organisator.ch\\\/wp-content\\\/uploads\\\/2022\\\/01\\\/Logo_Organisator_Website.png\",\"width\":800,\"height\":77,\"caption\":\"Organisator\"},\"image\":{\"@id\":\"https:\\\/\\\/www.organisator.ch\\\/#\\\/schema\\\/logo\\\/image\\\/\"},\"sameAs\":[\"https:\\\/\\\/www.facebook.com\\\/OrganisatorFachmagazin\",\"https:\\\/\\\/www.linkedin.com\\\/showcase\\\/organisator-das-magazin-fr-kmu\",\"https:\\\/\\\/www.xing.com\\\/news\\\/pages\\\/organisator-ch-695\",\"https:\\\/\\\/www.youtube.com\\\/channel\\\/UCGP2Sq0iWaZwT3BdIAQFYpw\"]},{\"@type\":\"Person\",\"@id\":\"https:\\\/\\\/www.organisator.ch\\\/#\\\/schema\\\/person\\\/a9d0e0eff238db87a8f840f3b50359f0\",\"name\":\"n8n\",\"image\":{\"@type\":\"ImageObject\",\"inLanguage\":\"it-IT\",\"@id\":\"https:\\\/\\\/secure.gravatar.com\\\/avatar\\\/5368fb9d03fd415a6f335cece4c15af2502d6ca8651efbd6e8f98427a9795400?s=96&d=mm&r=g\",\"url\":\"https:\\\/\\\/secure.gravatar.com\\\/avatar\\\/5368fb9d03fd415a6f335cece4c15af2502d6ca8651efbd6e8f98427a9795400?s=96&d=mm&r=g\",\"contentUrl\":\"https:\\\/\\\/secure.gravatar.com\\\/avatar\\\/5368fb9d03fd415a6f335cece4c15af2502d6ca8651efbd6e8f98427a9795400?s=96&d=mm&r=g\",\"caption\":\"n8n\"},\"url\":\"https:\\\/\\\/www.organisator.ch\\\/it\\\/author\\\/n8n\\\/\"}]}<\/script>\n<!-- \/ Yoast SEO plugin. -->","yoast_head_json":{"title":"149 nuovi specialisti per l'industria automobilistica svizzera - Organizzatore","description":"149 diplomati hanno ricevuto i certificati federali di diagnostica automobilistica e di coordinatore di officina a Langenthal.","robots":{"index":"index","follow":"follow","max-snippet":"max-snippet:-1","max-image-preview":"max-image-preview:large","max-video-preview":"max-video-preview:-1"},"canonical":"https:\/\/www.organisator.ch\/it\/formazione-continua\/2026-02-04\/149-neue-fachkraefte-fuer-das-schweizer-autogewerbe\/","og_locale":"it_IT","og_type":"article","og_title":"149 neue Fachkr\u00e4fte f\u00fcr das Schweizer Autogewerbe","og_description":"149 Absolvent:innen erhielten in Langenthal ihre eidgen\u00f6ssischen Fachausweise als Automobildiagnostiker:innen und Werkstattkoordinator:innen.","og_url":"https:\/\/www.organisator.ch\/it\/formazione-continua\/2026-02-04\/149-neue-fachkraefte-fuer-das-schweizer-autogewerbe\/","og_site_name":"Organisator","article_publisher":"https:\/\/www.facebook.com\/OrganisatorFachmagazin","article_published_time":"2026-02-04T09:23:08+00:00","og_image":[{"width":1400,"height":788,"url":"https:\/\/www.organisator.ch\/wp-content\/uploads\/2026\/02\/FachausweisC3BCbergabe20Langenthal20-201-scaled.jpg","type":"image\/jpeg"}],"author":"n8n","twitter_card":"summary_large_image","twitter_title":"149 neue #Fachkr\u00e4fte f\u00fcr das Schweizer #Autogewerbe","twitter_description":"149 Absolvent:innen erhielten in Langenthal ihre eidgen\u00f6ssischen #Fachausweise als #Automobildiagnostiker:innen und #Werkstattkoordinator:innen.","twitter_image":"https:\/\/www.organisator.ch\/wp-content\/uploads\/2026\/02\/FachausweisC3BCbergabe20Langenthal20-201-scaled.jpg","schema":{"@context":"https:\/\/schema.org","@graph":[{"@type":"Article","@id":"https:\/\/www.organisator.ch\/weiterbildung\/2026-02-04\/149-neue-fachkraefte-fuer-das-schweizer-autogewerbe\/#article","isPartOf":{"@id":"https:\/\/www.organisator.ch\/weiterbildung\/2026-02-04\/149-neue-fachkraefte-fuer-das-schweizer-autogewerbe\/"},"author":{"name":"n8n","@id":"https:\/\/www.organisator.ch\/#\/schema\/person\/a9d0e0eff238db87a8f840f3b50359f0"},"headline":"149 neue Fachkr\u00e4fte f\u00fcr das Schweizer Autogewerbe","datePublished":"2026-02-04T09:23:08+00:00","mainEntityOfPage":{"@id":"https:\/\/www.organisator.ch\/weiterbildung\/2026-02-04\/149-neue-fachkraefte-fuer-das-schweizer-autogewerbe\/"},"wordCount":781,"publisher":{"@id":"https:\/\/www.organisator.ch\/#organization"},"image":{"@id":"https:\/\/www.organisator.ch\/weiterbildung\/2026-02-04\/149-neue-fachkraefte-fuer-das-schweizer-autogewerbe\/#primaryimage"},"thumbnailUrl":"https:\/\/www.organisator.ch\/wp-content\/uploads\/2026\/02\/FachausweisC3BCbergabe20Langenthal20-201-scaled.jpg","keywords":["Aus-\/Weiterbildung","Autogewerbe","Berufsbildung","Fachausweise"],"articleSection":["WEITERBILDUNG"],"inLanguage":"it-IT"},{"@type":"WebPage","@id":"https:\/\/www.organisator.ch\/weiterbildung\/2026-02-04\/149-neue-fachkraefte-fuer-das-schweizer-autogewerbe\/","url":"https:\/\/www.organisator.ch\/weiterbildung\/2026-02-04\/149-neue-fachkraefte-fuer-das-schweizer-autogewerbe\/","name":"149 nuovi specialisti per l'industria automobilistica svizzera - Organizzatore","isPartOf":{"@id":"https:\/\/www.organisator.ch\/#website"},"primaryImageOfPage":{"@id":"https:\/\/www.organisator.ch\/weiterbildung\/2026-02-04\/149-neue-fachkraefte-fuer-das-schweizer-autogewerbe\/#primaryimage"},"image":{"@id":"https:\/\/www.organisator.ch\/weiterbildung\/2026-02-04\/149-neue-fachkraefte-fuer-das-schweizer-autogewerbe\/#primaryimage"},"thumbnailUrl":"https:\/\/www.organisator.ch\/wp-content\/uploads\/2026\/02\/FachausweisC3BCbergabe20Langenthal20-201-scaled.jpg","datePublished":"2026-02-04T09:23:08+00:00","description":"149 diplomati hanno ricevuto i certificati federali di diagnostica automobilistica e di coordinatore di officina a Langenthal.","breadcrumb":{"@id":"https:\/\/www.organisator.ch\/weiterbildung\/2026-02-04\/149-neue-fachkraefte-fuer-das-schweizer-autogewerbe\/#breadcrumb"},"inLanguage":"it-IT","potentialAction":[{"@type":"ReadAction","target":["https:\/\/www.organisator.ch\/weiterbildung\/2026-02-04\/149-neue-fachkraefte-fuer-das-schweizer-autogewerbe\/"]}]},{"@type":"ImageObject","inLanguage":"it-IT","@id":"https:\/\/www.organisator.ch\/weiterbildung\/2026-02-04\/149-neue-fachkraefte-fuer-das-schweizer-autogewerbe\/#primaryimage","url":"https:\/\/www.organisator.ch\/wp-content\/uploads\/2026\/02\/FachausweisC3BCbergabe20Langenthal20-201-scaled.jpg","contentUrl":"https:\/\/www.organisator.ch\/wp-content\/uploads\/2026\/02\/FachausweisC3BCbergabe20Langenthal20-201-scaled.jpg","width":1400,"height":788},{"@type":"BreadcrumbList","@id":"https:\/\/www.organisator.ch\/weiterbildung\/2026-02-04\/149-neue-fachkraefte-fuer-das-schweizer-autogewerbe\/#breadcrumb","itemListElement":[{"@type":"ListItem","position":1,"name":"Home","item":"https:\/\/www.organisator.ch\/"},{"@type":"ListItem","position":2,"name":"149 neue Fachkr\u00e4fte f\u00fcr das Schweizer Autogewerbe"}]},{"@type":"WebSite","@id":"https:\/\/www.organisator.ch\/#website","url":"https:\/\/www.organisator.ch\/","name":"Organizzatore","description":"Competente. Pratico. In 10 numeri all'anno, ORGANISATOR presenta i temi essenziali per i manager delle PMI.","publisher":{"@id":"https:\/\/www.organisator.ch\/#organization"},"potentialAction":[{"@type":"SearchAction","target":{"@type":"EntryPoint","urlTemplate":"https:\/\/www.organisator.ch\/?s={search_term_string}"},"query-input":{"@type":"PropertyValueSpecification","valueRequired":true,"valueName":"search_term_string"}}],"inLanguage":"it-IT"},{"@type":"Organization","@id":"https:\/\/www.organisator.ch\/#organization","name":"Organizzatore","url":"https:\/\/www.organisator.ch\/","logo":{"@type":"ImageObject","inLanguage":"it-IT","@id":"https:\/\/www.organisator.ch\/#\/schema\/logo\/image\/","url":"https:\/\/www.organisator.ch\/wp-content\/uploads\/2022\/01\/Logo_Organisator_Website.png","contentUrl":"https:\/\/www.organisator.ch\/wp-content\/uploads\/2022\/01\/Logo_Organisator_Website.png","width":800,"height":77,"caption":"Organisator"},"image":{"@id":"https:\/\/www.organisator.ch\/#\/schema\/logo\/image\/"},"sameAs":["https:\/\/www.facebook.com\/OrganisatorFachmagazin","https:\/\/www.linkedin.com\/showcase\/organisator-das-magazin-fr-kmu","https:\/\/www.xing.com\/news\/pages\/organisator-ch-695","https:\/\/www.youtube.com\/channel\/UCGP2Sq0iWaZwT3BdIAQFYpw"]},{"@type":"Person","@id":"https:\/\/www.organisator.ch\/#\/schema\/person\/a9d0e0eff238db87a8f840f3b50359f0","name":"n8n","image":{"@type":"ImageObject","inLanguage":"it-IT","@id":"https:\/\/secure.gravatar.com\/avatar\/5368fb9d03fd415a6f335cece4c15af2502d6ca8651efbd6e8f98427a9795400?s=96&d=mm&r=g","url":"https:\/\/secure.gravatar.com\/avatar\/5368fb9d03fd415a6f335cece4c15af2502d6ca8651efbd6e8f98427a9795400?s=96&d=mm&r=g","contentUrl":"https:\/\/secure.gravatar.com\/avatar\/5368fb9d03fd415a6f335cece4c15af2502d6ca8651efbd6e8f98427a9795400?s=96&d=mm&r=g","caption":"n8n"},"url":"https:\/\/www.organisator.ch\/it\/author\/n8n\/"}]}},"_links":{"self":[{"href":"https:\/\/www.organisator.ch\/it\/wp-json\/wp\/v2\/posts\/44193","targetHints":{"allow":["GET"]}}],"collection":[{"href":"https:\/\/www.organisator.ch\/it\/wp-json\/wp\/v2\/posts"}],"about":[{"href":"https:\/\/www.organisator.ch\/it\/wp-json\/wp\/v2\/types\/post"}],"author":[{"embeddable":true,"href":"https:\/\/www.organisator.ch\/it\/wp-json\/wp\/v2\/users\/107"}],"replies":[{"embeddable":true,"href":"https:\/\/www.organisator.ch\/it\/wp-json\/wp\/v2\/comments?post=44193"}],"version-history":[{"count":4,"href":"https:\/\/www.organisator.ch\/it\/wp-json\/wp\/v2\/posts\/44193\/revisions"}],"predecessor-version":[{"id":44254,"href":"https:\/\/www.organisator.ch\/it\/wp-json\/wp\/v2\/posts\/44193\/revisions\/44254"}],"wp:featuredmedia":[{"embeddable":true,"href":"https:\/\/www.organisator.ch\/it\/wp-json\/wp\/v2\/media\/44192"}],"wp:attachment":[{"href":"https:\/\/www.organisator.ch\/it\/wp-json\/wp\/v2\/media?parent=44193"}],"wp:term":[{"taxonomy":"category","embeddable":true,"href":"https:\/\/www.organisator.ch\/it\/wp-json\/wp\/v2\/categories?post=44193"},{"taxonomy":"post_tag","embeddable":true,"href":"https:\/\/www.organisator.ch\/it\/wp-json\/wp\/v2\/tags?post=44193"}],"curies":[{"name":"wp","href":"https:\/\/api.w.org\/{rel}","templated":true}]}}