{"id":44268,"date":"2026-02-06T08:55:53","date_gmt":"2026-02-06T07:55:53","guid":{"rendered":"https:\/\/www.organisator.ch\/?p=44268"},"modified":"2026-02-06T08:55:53","modified_gmt":"2026-02-06T07:55:53","slug":"economiesuisse-neue-bereichsleiterin-aussenwirtschaft","status":"publish","type":"post","link":"https:\/\/www.organisator.ch\/it\/management\/2026-02-06\/economiesuisse-neue-bereichsleiterin-aussenwirtschaft\/","title":{"rendered":"Economiesuisse: Nuovo responsabile del commercio estero"},"content":{"rendered":"<figure id=\"attachment_44269\" aria-describedby=\"caption-attachment-44269\" style=\"width: 680px\" class=\"wp-caption alignnone\"><img loading=\"lazy\" decoding=\"async\" class=\"size-full wp-image-44269\" src=\"https:\/\/www.organisator.ch\/wp-content\/uploads\/2026\/02\/Economiesuisse-Neue-Bereichsleiterin-Aussenwirtschaft_Organisator.jpg\" alt=\"\" width=\"680\" height=\"459\" srcset=\"https:\/\/www.organisator.ch\/wp-content\/uploads\/2026\/02\/Economiesuisse-Neue-Bereichsleiterin-Aussenwirtschaft_Organisator.jpg 680w, https:\/\/www.organisator.ch\/wp-content\/uploads\/2026\/02\/Economiesuisse-Neue-Bereichsleiterin-Aussenwirtschaft_Organisator-18x12.jpg 18w, https:\/\/www.organisator.ch\/wp-content\/uploads\/2026\/02\/Economiesuisse-Neue-Bereichsleiterin-Aussenwirtschaft_Organisator-375x253.jpg 375w, https:\/\/www.organisator.ch\/wp-content\/uploads\/2026\/02\/Economiesuisse-Neue-Bereichsleiterin-Aussenwirtschaft_Organisator-519x350.jpg 519w\" sizes=\"auto, (max-width: 680px) 100vw, 680px\" \/><figcaption id=\"caption-attachment-44269\" class=\"wp-caption-text\">Monica Rubiolo \u00e8 il nuovo responsabile del commercio estero. (Immagine: zVg \/ Economiesuisse)<\/figcaption><\/figure>\n<p class=\"hyphens-auto text-base md:text-xl leading-relaxed not-first:mt-6\">Monica Rubiolo diventer\u00e0 la nuova responsabile del commercio estero di economiesuisse. Rubiolo ha una comprovata esperienza di leadership e pu\u00f2 vantare oltre 20 anni di esperienza nei settori delle relazioni commerciali internazionali e della diplomazia economica. Attualmente Monica Rubiolo lavora presso la Segreteria di Stato dell'economia (SECO) come responsabile della promozione del commercio, dove rappresenta la Svizzera in diversi forum internazionali. La Rubiolo dispone di un'eccellente rete internazionale e conosce molto bene il commercio estero e la politica europea. Ha studiato scienze politiche e relazioni internazionali e si \u00e8 laureata all'Universit\u00e0 Eberhard Karls di Tubinga con un dottorato in politica finanziaria.<\/p>\n<p class=\"hyphens-auto text-base md:text-xl leading-relaxed not-first:mt-6\">\u00abSono lieta che con Monica Rubiolo siamo riusciti a reclutare una persona esperta di politica commerciale e con una conoscenza approfondita dell'industria svizzera delle esportazioni. Sono convinta che il suo pensiero strategico, la sua bussola liberale e le sue forti capacit\u00e0 di attuazione daranno un contributo significativo all'avanzamento dei prossimi dossier di politica commerciale estera\u00bb, ha dichiarato Monika R\u00fchl, Presidente del Comitato esecutivo di economiesuisse.<\/p>\n<p><em>Fonte: <a href=\"http:\/\/www.economiesuisse.ch\">Economiesuisse<\/a><\/em><\/p>","protected":false},"excerpt":{"rendered":"<p>Monica Rubiolo assume la carica di responsabile del commercio estero di economiesuisse. Assumer\u00e0 l'incarico all'inizio di giugno.<\/p>","protected":false},"author":4,"featured_media":44269,"comment_status":"closed","ping_status":"closed","sticky":false,"template":"","format":"standard","meta":{"_acf_changed":false,"_yoast_wpseo_focuskw":"Aussenwirtschaft","_yoast_wpseo_metadesc":"Monica Rubiolo \u00fcbernimmt die Leitung des Bereichs Aussenwirtschaft von economiesuisse. Sie tritt ihre Funktion Anfang Juni an.","articlekey":"","footnotes":""},"categories":[28],"tags":[63,334,381,503],"class_list":["post-44268","post","type-post","status-publish","format-standard","has-post-thumbnail","hentry","category-management","tag-aussenwirtschaft","tag-management","tag-personalia","tag-verbaende"],"acf":[],"yoast_head":"<!-- This site is optimized with the Yoast SEO plugin v27.5 - https:\/\/yoast.com\/product\/yoast-seo-wordpress\/ -->\n<title>Economiesuisse: Neue Bereichsleiterin Aussenwirtschaft - Organisator<\/title>\n<meta name=\"description\" content=\"Monica Rubiolo \u00fcbernimmt die Leitung des Bereichs Aussenwirtschaft von economiesuisse. Sie tritt ihre Funktion Anfang Juni an.\" \/>\n<meta name=\"robots\" content=\"index, follow, max-snippet:-1, max-image-preview:large, max-video-preview:-1\" \/>\n<link rel=\"canonical\" href=\"https:\/\/www.organisator.ch\/it\/gestione-2\/2026-02-06\/economiesuisse-neue-bereichsleiterin-aussenwirtschaft\/\" \/>\n<meta property=\"og:locale\" content=\"it_IT\" \/>\n<meta property=\"og:type\" content=\"article\" \/>\n<meta property=\"og:title\" content=\"Economiesuisse: Neue Bereichsleiterin Aussenwirtschaft\" \/>\n<meta property=\"og:description\" content=\"Monica Rubiolo \u00fcbernimmt die Leitung des Bereichs Aussenwirtschaft von economiesuisse. Sie tritt ihre Funktion Anfang Juni an.\" \/>\n<meta property=\"og:url\" content=\"https:\/\/www.organisator.ch\/it\/gestione-2\/2026-02-06\/economiesuisse-neue-bereichsleiterin-aussenwirtschaft\/\" \/>\n<meta property=\"og:site_name\" content=\"Organisator\" \/>\n<meta property=\"article:publisher\" content=\"https:\/\/www.facebook.com\/OrganisatorFachmagazin\" \/>\n<meta property=\"article:published_time\" content=\"2026-02-06T07:55:53+00:00\" \/>\n<meta property=\"og:image\" content=\"https:\/\/www.organisator.ch\/wp-content\/uploads\/2026\/02\/Economiesuisse-Neue-Bereichsleiterin-Aussenwirtschaft_Organisator.jpg\" \/>\n\t<meta property=\"og:image:width\" content=\"680\" \/>\n\t<meta property=\"og:image:height\" content=\"459\" \/>\n\t<meta property=\"og:image:type\" content=\"image\/jpeg\" \/>\n<meta name=\"author\" content=\"thomas.berner\" \/>\n<meta name=\"twitter:card\" content=\"summary_large_image\" \/>\n<meta name=\"twitter:title\" content=\"#Economiesuisse: Neue #Bereichsleiterin Aussenwirtschaft\" \/>\n<meta name=\"twitter:description\" content=\"Monica Rubiolo \u00fcbernimmt die Leitung des Bereichs #Aussenwirtschaft von #economiesuisse. Sie tritt ihre Funktion Anfang Juni an.\" \/>\n<meta name=\"twitter:image\" content=\"https:\/\/www.organisator.ch\/wp-content\/uploads\/2026\/02\/Economiesuisse-Neue-Bereichsleiterin-Aussenwirtschaft_Organisator.jpg\" \/>\n<script type=\"application\/ld+json\" class=\"yoast-schema-graph\">{\"@context\":\"https:\\\/\\\/schema.org\",\"@graph\":[{\"@type\":\"Article\",\"@id\":\"https:\\\/\\\/www.organisator.ch\\\/management\\\/2026-02-06\\\/economiesuisse-neue-bereichsleiterin-aussenwirtschaft\\\/#article\",\"isPartOf\":{\"@id\":\"https:\\\/\\\/www.organisator.ch\\\/management\\\/2026-02-06\\\/economiesuisse-neue-bereichsleiterin-aussenwirtschaft\\\/\"},\"author\":{\"name\":\"thomas.berner\",\"@id\":\"https:\\\/\\\/www.organisator.ch\\\/#\\\/schema\\\/person\\\/6f650f90b2842cd4c0cc334b4e36f67e\"},\"headline\":\"Economiesuisse: Neue Bereichsleiterin Aussenwirtschaft\",\"datePublished\":\"2026-02-06T07:55:53+00:00\",\"mainEntityOfPage\":{\"@id\":\"https:\\\/\\\/www.organisator.ch\\\/management\\\/2026-02-06\\\/economiesuisse-neue-bereichsleiterin-aussenwirtschaft\\\/\"},\"wordCount\":168,\"publisher\":{\"@id\":\"https:\\\/\\\/www.organisator.ch\\\/#organization\"},\"image\":{\"@id\":\"https:\\\/\\\/www.organisator.ch\\\/management\\\/2026-02-06\\\/economiesuisse-neue-bereichsleiterin-aussenwirtschaft\\\/#primaryimage\"},\"thumbnailUrl\":\"https:\\\/\\\/www.organisator.ch\\\/wp-content\\\/uploads\\\/2026\\\/02\\\/Economiesuisse-Neue-Bereichsleiterin-Aussenwirtschaft_Organisator.jpg\",\"keywords\":[\"Aussenwirtschaft\",\"Management\",\"Personalia\",\"Verb\u00e4nde\"],\"articleSection\":[\"MANAGEMENT\"],\"inLanguage\":\"it-IT\"},{\"@type\":\"WebPage\",\"@id\":\"https:\\\/\\\/www.organisator.ch\\\/management\\\/2026-02-06\\\/economiesuisse-neue-bereichsleiterin-aussenwirtschaft\\\/\",\"url\":\"https:\\\/\\\/www.organisator.ch\\\/management\\\/2026-02-06\\\/economiesuisse-neue-bereichsleiterin-aussenwirtschaft\\\/\",\"name\":\"Economiesuisse: Neue Bereichsleiterin Aussenwirtschaft - Organisator\",\"isPartOf\":{\"@id\":\"https:\\\/\\\/www.organisator.ch\\\/#website\"},\"primaryImageOfPage\":{\"@id\":\"https:\\\/\\\/www.organisator.ch\\\/management\\\/2026-02-06\\\/economiesuisse-neue-bereichsleiterin-aussenwirtschaft\\\/#primaryimage\"},\"image\":{\"@id\":\"https:\\\/\\\/www.organisator.ch\\\/management\\\/2026-02-06\\\/economiesuisse-neue-bereichsleiterin-aussenwirtschaft\\\/#primaryimage\"},\"thumbnailUrl\":\"https:\\\/\\\/www.organisator.ch\\\/wp-content\\\/uploads\\\/2026\\\/02\\\/Economiesuisse-Neue-Bereichsleiterin-Aussenwirtschaft_Organisator.jpg\",\"datePublished\":\"2026-02-06T07:55:53+00:00\",\"description\":\"Monica Rubiolo \u00fcbernimmt die Leitung des Bereichs Aussenwirtschaft von economiesuisse. Sie tritt ihre Funktion Anfang Juni an.\",\"breadcrumb\":{\"@id\":\"https:\\\/\\\/www.organisator.ch\\\/management\\\/2026-02-06\\\/economiesuisse-neue-bereichsleiterin-aussenwirtschaft\\\/#breadcrumb\"},\"inLanguage\":\"it-IT\",\"potentialAction\":[{\"@type\":\"ReadAction\",\"target\":[\"https:\\\/\\\/www.organisator.ch\\\/management\\\/2026-02-06\\\/economiesuisse-neue-bereichsleiterin-aussenwirtschaft\\\/\"]}]},{\"@type\":\"ImageObject\",\"inLanguage\":\"it-IT\",\"@id\":\"https:\\\/\\\/www.organisator.ch\\\/management\\\/2026-02-06\\\/economiesuisse-neue-bereichsleiterin-aussenwirtschaft\\\/#primaryimage\",\"url\":\"https:\\\/\\\/www.organisator.ch\\\/wp-content\\\/uploads\\\/2026\\\/02\\\/Economiesuisse-Neue-Bereichsleiterin-Aussenwirtschaft_Organisator.jpg\",\"contentUrl\":\"https:\\\/\\\/www.organisator.ch\\\/wp-content\\\/uploads\\\/2026\\\/02\\\/Economiesuisse-Neue-Bereichsleiterin-Aussenwirtschaft_Organisator.jpg\",\"width\":680,\"height\":459,\"caption\":\"Monica Rubiolo wird neue Bereichsleiterin Aussenwirtschaft. (Bild: zVg \\\/ Economiesuisse)\"},{\"@type\":\"BreadcrumbList\",\"@id\":\"https:\\\/\\\/www.organisator.ch\\\/management\\\/2026-02-06\\\/economiesuisse-neue-bereichsleiterin-aussenwirtschaft\\\/#breadcrumb\",\"itemListElement\":[{\"@type\":\"ListItem\",\"position\":1,\"name\":\"Home\",\"item\":\"https:\\\/\\\/www.organisator.ch\\\/\"},{\"@type\":\"ListItem\",\"position\":2,\"name\":\"Economiesuisse: Neue Bereichsleiterin Aussenwirtschaft\"}]},{\"@type\":\"WebSite\",\"@id\":\"https:\\\/\\\/www.organisator.ch\\\/#website\",\"url\":\"https:\\\/\\\/www.organisator.ch\\\/\",\"name\":\"Organisator\",\"description\":\"Kompetent. Praxisnah. Der ORGANISATOR bereitet in 10 Ausgaben pro Jahr die wesentlichen Themen f\u00fcr F\u00fchrungskr\u00e4fte von KMU auf.\",\"publisher\":{\"@id\":\"https:\\\/\\\/www.organisator.ch\\\/#organization\"},\"potentialAction\":[{\"@type\":\"SearchAction\",\"target\":{\"@type\":\"EntryPoint\",\"urlTemplate\":\"https:\\\/\\\/www.organisator.ch\\\/?s={search_term_string}\"},\"query-input\":{\"@type\":\"PropertyValueSpecification\",\"valueRequired\":true,\"valueName\":\"search_term_string\"}}],\"inLanguage\":\"it-IT\"},{\"@type\":\"Organization\",\"@id\":\"https:\\\/\\\/www.organisator.ch\\\/#organization\",\"name\":\"Organisator\",\"url\":\"https:\\\/\\\/www.organisator.ch\\\/\",\"logo\":{\"@type\":\"ImageObject\",\"inLanguage\":\"it-IT\",\"@id\":\"https:\\\/\\\/www.organisator.ch\\\/#\\\/schema\\\/logo\\\/image\\\/\",\"url\":\"https:\\\/\\\/www.organisator.ch\\\/wp-content\\\/uploads\\\/2022\\\/01\\\/Logo_Organisator_Website.png\",\"contentUrl\":\"https:\\\/\\\/www.organisator.ch\\\/wp-content\\\/uploads\\\/2022\\\/01\\\/Logo_Organisator_Website.png\",\"width\":800,\"height\":77,\"caption\":\"Organisator\"},\"image\":{\"@id\":\"https:\\\/\\\/www.organisator.ch\\\/#\\\/schema\\\/logo\\\/image\\\/\"},\"sameAs\":[\"https:\\\/\\\/www.facebook.com\\\/OrganisatorFachmagazin\",\"https:\\\/\\\/www.linkedin.com\\\/showcase\\\/organisator-das-magazin-fr-kmu\",\"https:\\\/\\\/www.xing.com\\\/news\\\/pages\\\/organisator-ch-695\",\"https:\\\/\\\/www.youtube.com\\\/channel\\\/UCGP2Sq0iWaZwT3BdIAQFYpw\"]},{\"@type\":\"Person\",\"@id\":\"https:\\\/\\\/www.organisator.ch\\\/#\\\/schema\\\/person\\\/6f650f90b2842cd4c0cc334b4e36f67e\",\"name\":\"thomas.berner\",\"image\":{\"@type\":\"ImageObject\",\"inLanguage\":\"it-IT\",\"@id\":\"https:\\\/\\\/secure.gravatar.com\\\/avatar\\\/ac5001d2a36cb6c6cd3e50789007ffca834b477b74a2144564522e944eabff61?s=96&d=mm&r=g\",\"url\":\"https:\\\/\\\/secure.gravatar.com\\\/avatar\\\/ac5001d2a36cb6c6cd3e50789007ffca834b477b74a2144564522e944eabff61?s=96&d=mm&r=g\",\"contentUrl\":\"https:\\\/\\\/secure.gravatar.com\\\/avatar\\\/ac5001d2a36cb6c6cd3e50789007ffca834b477b74a2144564522e944eabff61?s=96&d=mm&r=g\",\"caption\":\"thomas.berner\"},\"url\":\"https:\\\/\\\/www.organisator.ch\\\/it\\\/author\\\/thomas-berner\\\/\"}]}<\/script>\n<!-- \/ Yoast SEO plugin. -->","yoast_head_json":{"title":"Economiesuisse: Nuovo responsabile del commercio estero - Organizzatore","description":"Monica Rubiolo assume la carica di responsabile del commercio estero di economiesuisse. Assumer\u00e0 l'incarico all'inizio di giugno.","robots":{"index":"index","follow":"follow","max-snippet":"max-snippet:-1","max-image-preview":"max-image-preview:large","max-video-preview":"max-video-preview:-1"},"canonical":"https:\/\/www.organisator.ch\/it\/gestione-2\/2026-02-06\/economiesuisse-neue-bereichsleiterin-aussenwirtschaft\/","og_locale":"it_IT","og_type":"article","og_title":"Economiesuisse: Neue Bereichsleiterin Aussenwirtschaft","og_description":"Monica Rubiolo \u00fcbernimmt die Leitung des Bereichs Aussenwirtschaft von economiesuisse. Sie tritt ihre Funktion Anfang Juni an.","og_url":"https:\/\/www.organisator.ch\/it\/gestione-2\/2026-02-06\/economiesuisse-neue-bereichsleiterin-aussenwirtschaft\/","og_site_name":"Organisator","article_publisher":"https:\/\/www.facebook.com\/OrganisatorFachmagazin","article_published_time":"2026-02-06T07:55:53+00:00","og_image":[{"width":680,"height":459,"url":"https:\/\/www.organisator.ch\/wp-content\/uploads\/2026\/02\/Economiesuisse-Neue-Bereichsleiterin-Aussenwirtschaft_Organisator.jpg","type":"image\/jpeg"}],"author":"thomas.berner","twitter_card":"summary_large_image","twitter_title":"#Economiesuisse: Neue #Bereichsleiterin Aussenwirtschaft","twitter_description":"Monica Rubiolo \u00fcbernimmt die Leitung des Bereichs #Aussenwirtschaft von #economiesuisse. Sie tritt ihre Funktion Anfang Juni an.","twitter_image":"https:\/\/www.organisator.ch\/wp-content\/uploads\/2026\/02\/Economiesuisse-Neue-Bereichsleiterin-Aussenwirtschaft_Organisator.jpg","schema":{"@context":"https:\/\/schema.org","@graph":[{"@type":"Article","@id":"https:\/\/www.organisator.ch\/management\/2026-02-06\/economiesuisse-neue-bereichsleiterin-aussenwirtschaft\/#article","isPartOf":{"@id":"https:\/\/www.organisator.ch\/management\/2026-02-06\/economiesuisse-neue-bereichsleiterin-aussenwirtschaft\/"},"author":{"name":"thomas.berner","@id":"https:\/\/www.organisator.ch\/#\/schema\/person\/6f650f90b2842cd4c0cc334b4e36f67e"},"headline":"Economiesuisse: Neue Bereichsleiterin Aussenwirtschaft","datePublished":"2026-02-06T07:55:53+00:00","mainEntityOfPage":{"@id":"https:\/\/www.organisator.ch\/management\/2026-02-06\/economiesuisse-neue-bereichsleiterin-aussenwirtschaft\/"},"wordCount":168,"publisher":{"@id":"https:\/\/www.organisator.ch\/#organization"},"image":{"@id":"https:\/\/www.organisator.ch\/management\/2026-02-06\/economiesuisse-neue-bereichsleiterin-aussenwirtschaft\/#primaryimage"},"thumbnailUrl":"https:\/\/www.organisator.ch\/wp-content\/uploads\/2026\/02\/Economiesuisse-Neue-Bereichsleiterin-Aussenwirtschaft_Organisator.jpg","keywords":["Aussenwirtschaft","Management","Personalia","Verb\u00e4nde"],"articleSection":["MANAGEMENT"],"inLanguage":"it-IT"},{"@type":"WebPage","@id":"https:\/\/www.organisator.ch\/management\/2026-02-06\/economiesuisse-neue-bereichsleiterin-aussenwirtschaft\/","url":"https:\/\/www.organisator.ch\/management\/2026-02-06\/economiesuisse-neue-bereichsleiterin-aussenwirtschaft\/","name":"Economiesuisse: Nuovo responsabile del commercio estero - Organizzatore","isPartOf":{"@id":"https:\/\/www.organisator.ch\/#website"},"primaryImageOfPage":{"@id":"https:\/\/www.organisator.ch\/management\/2026-02-06\/economiesuisse-neue-bereichsleiterin-aussenwirtschaft\/#primaryimage"},"image":{"@id":"https:\/\/www.organisator.ch\/management\/2026-02-06\/economiesuisse-neue-bereichsleiterin-aussenwirtschaft\/#primaryimage"},"thumbnailUrl":"https:\/\/www.organisator.ch\/wp-content\/uploads\/2026\/02\/Economiesuisse-Neue-Bereichsleiterin-Aussenwirtschaft_Organisator.jpg","datePublished":"2026-02-06T07:55:53+00:00","description":"Monica Rubiolo assume la carica di responsabile del commercio estero di economiesuisse. Assumer\u00e0 l'incarico all'inizio di giugno.","breadcrumb":{"@id":"https:\/\/www.organisator.ch\/management\/2026-02-06\/economiesuisse-neue-bereichsleiterin-aussenwirtschaft\/#breadcrumb"},"inLanguage":"it-IT","potentialAction":[{"@type":"ReadAction","target":["https:\/\/www.organisator.ch\/management\/2026-02-06\/economiesuisse-neue-bereichsleiterin-aussenwirtschaft\/"]}]},{"@type":"ImageObject","inLanguage":"it-IT","@id":"https:\/\/www.organisator.ch\/management\/2026-02-06\/economiesuisse-neue-bereichsleiterin-aussenwirtschaft\/#primaryimage","url":"https:\/\/www.organisator.ch\/wp-content\/uploads\/2026\/02\/Economiesuisse-Neue-Bereichsleiterin-Aussenwirtschaft_Organisator.jpg","contentUrl":"https:\/\/www.organisator.ch\/wp-content\/uploads\/2026\/02\/Economiesuisse-Neue-Bereichsleiterin-Aussenwirtschaft_Organisator.jpg","width":680,"height":459,"caption":"Monica Rubiolo wird neue Bereichsleiterin Aussenwirtschaft. (Bild: zVg \/ Economiesuisse)"},{"@type":"BreadcrumbList","@id":"https:\/\/www.organisator.ch\/management\/2026-02-06\/economiesuisse-neue-bereichsleiterin-aussenwirtschaft\/#breadcrumb","itemListElement":[{"@type":"ListItem","position":1,"name":"Home","item":"https:\/\/www.organisator.ch\/"},{"@type":"ListItem","position":2,"name":"Economiesuisse: Neue Bereichsleiterin Aussenwirtschaft"}]},{"@type":"WebSite","@id":"https:\/\/www.organisator.ch\/#website","url":"https:\/\/www.organisator.ch\/","name":"Organizzatore","description":"Competente. Pratico. In 10 numeri all'anno, ORGANISATOR presenta i temi essenziali per i manager delle PMI.","publisher":{"@id":"https:\/\/www.organisator.ch\/#organization"},"potentialAction":[{"@type":"SearchAction","target":{"@type":"EntryPoint","urlTemplate":"https:\/\/www.organisator.ch\/?s={search_term_string}"},"query-input":{"@type":"PropertyValueSpecification","valueRequired":true,"valueName":"search_term_string"}}],"inLanguage":"it-IT"},{"@type":"Organization","@id":"https:\/\/www.organisator.ch\/#organization","name":"Organizzatore","url":"https:\/\/www.organisator.ch\/","logo":{"@type":"ImageObject","inLanguage":"it-IT","@id":"https:\/\/www.organisator.ch\/#\/schema\/logo\/image\/","url":"https:\/\/www.organisator.ch\/wp-content\/uploads\/2022\/01\/Logo_Organisator_Website.png","contentUrl":"https:\/\/www.organisator.ch\/wp-content\/uploads\/2022\/01\/Logo_Organisator_Website.png","width":800,"height":77,"caption":"Organisator"},"image":{"@id":"https:\/\/www.organisator.ch\/#\/schema\/logo\/image\/"},"sameAs":["https:\/\/www.facebook.com\/OrganisatorFachmagazin","https:\/\/www.linkedin.com\/showcase\/organisator-das-magazin-fr-kmu","https:\/\/www.xing.com\/news\/pages\/organisator-ch-695","https:\/\/www.youtube.com\/channel\/UCGP2Sq0iWaZwT3BdIAQFYpw"]},{"@type":"Person","@id":"https:\/\/www.organisator.ch\/#\/schema\/person\/6f650f90b2842cd4c0cc334b4e36f67e","name":"Tommaso.berner","image":{"@type":"ImageObject","inLanguage":"it-IT","@id":"https:\/\/secure.gravatar.com\/avatar\/ac5001d2a36cb6c6cd3e50789007ffca834b477b74a2144564522e944eabff61?s=96&d=mm&r=g","url":"https:\/\/secure.gravatar.com\/avatar\/ac5001d2a36cb6c6cd3e50789007ffca834b477b74a2144564522e944eabff61?s=96&d=mm&r=g","contentUrl":"https:\/\/secure.gravatar.com\/avatar\/ac5001d2a36cb6c6cd3e50789007ffca834b477b74a2144564522e944eabff61?s=96&d=mm&r=g","caption":"thomas.berner"},"url":"https:\/\/www.organisator.ch\/it\/author\/thomas-berner\/"}]}},"_links":{"self":[{"href":"https:\/\/www.organisator.ch\/it\/wp-json\/wp\/v2\/posts\/44268","targetHints":{"allow":["GET"]}}],"collection":[{"href":"https:\/\/www.organisator.ch\/it\/wp-json\/wp\/v2\/posts"}],"about":[{"href":"https:\/\/www.organisator.ch\/it\/wp-json\/wp\/v2\/types\/post"}],"author":[{"embeddable":true,"href":"https:\/\/www.organisator.ch\/it\/wp-json\/wp\/v2\/users\/4"}],"replies":[{"embeddable":true,"href":"https:\/\/www.organisator.ch\/it\/wp-json\/wp\/v2\/comments?post=44268"}],"version-history":[{"count":3,"href":"https:\/\/www.organisator.ch\/it\/wp-json\/wp\/v2\/posts\/44268\/revisions"}],"predecessor-version":[{"id":44366,"href":"https:\/\/www.organisator.ch\/it\/wp-json\/wp\/v2\/posts\/44268\/revisions\/44366"}],"wp:featuredmedia":[{"embeddable":true,"href":"https:\/\/www.organisator.ch\/it\/wp-json\/wp\/v2\/media\/44269"}],"wp:attachment":[{"href":"https:\/\/www.organisator.ch\/it\/wp-json\/wp\/v2\/media?parent=44268"}],"wp:term":[{"taxonomy":"category","embeddable":true,"href":"https:\/\/www.organisator.ch\/it\/wp-json\/wp\/v2\/categories?post=44268"},{"taxonomy":"post_tag","embeddable":true,"href":"https:\/\/www.organisator.ch\/it\/wp-json\/wp\/v2\/tags?post=44268"}],"curies":[{"name":"wp","href":"https:\/\/api.w.org\/{rel}","templated":true}]}}