{"id":444,"date":"2016-08-12T16:55:50","date_gmt":"2016-08-12T14:55:50","guid":{"rendered":"https:\/\/dev.umweltperspektiven.ch\/?p=444"},"modified":"2016-08-12T16:55:50","modified_gmt":"2016-08-12T14:55:50","slug":"pestizid-verantwortlich-fuer-bienensterben","status":"publish","type":"post","link":"https:\/\/www.organisator.ch\/it\/allgemein\/2016-08-12\/pestizid-verantwortlich-fuer-bienensterben\/","title":{"rendered":"Pesticida responsabile della mortalit\u00e0 delle api"},"content":{"rendered":"<figure id=\"attachment_445\" aria-describedby=\"caption-attachment-445\" style=\"width: 680px\" class=\"wp-caption alignnone\"><a href=\"\/\/dev.umweltperspektiven.ch\/wp-content\/uploads\/2016\/12\/Pestizid-verantwortlich-f\u00fcr-Bienensterben-umweltperspektiven.jpg\"><img loading=\"lazy\" decoding=\"async\" class=\"wp-image-445 size-medium\" src=\"\/\/www.umweltperspektiven.ch\/wp-content\/uploads\/2016\/12\/Pestizid-verantwortlich-f\u00fcr-Bienensterben-umweltperspektiven.jpg\" alt=\"L&#039;uso improprio di pesticidi \u00e8 responsabile della morte di diverse colonie di api.\" width=\"680\" height=\"435\" \/><\/a><figcaption id=\"caption-attachment-445\" class=\"wp-caption-text\">L'uso improprio di pesticidi \u00e8 responsabile della morte di diverse colonie di api.<\/figcaption><\/figure>\n<p>L'Unit\u00e0 per la criminalit\u00e0 ambientale e la sicurezza sul lavoro della Polizia cantonale di Berna ha concluso le indagini su una moria di api avvenuta a Z\u00e4ziwil a met\u00e0 maggio 2016. L'indagine ha rivelato che l'uso improprio di un prodotto fitosanitario ha portato alla morte di diverse colonie di api. Nel corso delle indagini \u00e8 stato identificato anche il presunto colpevole.<\/p>\n<p>\u00c8 stato dimostrato che il 37enne ha applicato il pesticida. Dovr\u00e0 rispondere ai tribunali per le violazioni della legge sulla protezione ambientale, della legge sull'agricoltura e della legge sulle sostanze chimiche.<\/p>\n<p>Dopo la scoperta, a met\u00e0 maggio 2016, della morte di diverse colonie di api a Z\u00e4ziwil, \u00e8 stata convocata una task force composta dal Servizio apistico, dall'Unit\u00e0 per la protezione delle piante, dal Servizio veterinario e dalla Polizia cantonale di Berna, in conformit\u00e0 con il concetto cantonale per la gestione degli avvelenamenti delle api. Dopo le prime indagini da parte delle agenzie coinvolte, \u00e8 stato confermato il sospetto che la moria di api sia stata causata da avvelenamento. Di conseguenza, il caso \u00e8 stato consegnato alla Polizia cantonale di Berna per ulteriori indagini, che ora sta segnalando il caso alla procura competente.<\/p>\n<p>(Polizia cantonale di Berna)<\/p>","protected":false},"excerpt":{"rendered":"<p>Die Fachstelle Umweltkriminalit\u00e4t und Arbeitssicherheit der Kantonspolizei Bern hat ihre Ermittlungen zu einem Bienensterben von Mitte Mai 2016 in Z\u00e4ziwil abgeschlossen. Diese ergaben, dass die nicht fachgerechte Anwendung eines Pflanzenschutzmittels zum Tod mehrerer Bienenv\u00f6lker gef\u00fchrt hatte. Der mutmassliche Verursacher konnte im Zuge der Abkl\u00e4rungen ebenfalls ermittelt werden. Dem 37-j\u00e4hrigen Mann konnte nachgewiesen werden, das Pflanzenschutzmittel [&hellip;]<\/p>\n","protected":false},"author":1,"featured_media":445,"comment_status":"open","ping_status":"open","sticky":false,"template":"","format":"standard","meta":{"_acf_changed":false,"_yoast_wpseo_focuskw":"Bienensterben","_yoast_wpseo_metadesc":"Die Kantonspolizei Bern hat ermittelt, was hinter einem Bienensterben Mitte Mai in Z\u00e4ziwil BE steckte: Schuld sind Pflanzschutzmittel.","articlekey":"","footnotes":""},"categories":[1],"tags":[809,1894,1904],"class_list":["post-444","post","type-post","status-publish","format-standard","has-post-thumbnail","hentry","category-allgemein","tag-bienensterben","tag-pestizide","tag-pflanzenschutzmittel"],"acf":[],"yoast_head":"<!-- This site is optimized with the Yoast SEO plugin v27.4 - https:\/\/yoast.com\/product\/yoast-seo-wordpress\/ -->\n<title>Pestizid verantwortlich f\u00fcr Bienensterben - Organisator<\/title>\n<meta name=\"description\" content=\"Die Kantonspolizei Bern hat ermittelt, was hinter einem Bienensterben Mitte Mai in Z\u00e4ziwil BE steckte: Schuld sind Pflanzschutzmittel.\" \/>\n<meta name=\"robots\" content=\"index, follow, max-snippet:-1, max-image-preview:large, max-video-preview:-1\" \/>\n<link rel=\"canonical\" href=\"https:\/\/www.organisator.ch\/it\/generale\/2016-08-12\/pestizid-verantwortlich-fuer-bienensterben\/\" \/>\n<meta property=\"og:locale\" content=\"it_IT\" \/>\n<meta property=\"og:type\" content=\"article\" \/>\n<meta property=\"og:title\" content=\"Pestizid verantwortlich f\u00fcr Bienensterben - Organisator\" \/>\n<meta property=\"og:description\" content=\"Die Kantonspolizei Bern hat ermittelt, was hinter einem Bienensterben Mitte Mai in Z\u00e4ziwil BE steckte: Schuld sind Pflanzschutzmittel.\" \/>\n<meta property=\"og:url\" content=\"https:\/\/www.organisator.ch\/it\/generale\/2016-08-12\/pestizid-verantwortlich-fuer-bienensterben\/\" \/>\n<meta property=\"og:site_name\" content=\"Organisator\" \/>\n<meta property=\"article:publisher\" content=\"https:\/\/www.facebook.com\/OrganisatorFachmagazin\" \/>\n<meta property=\"article:published_time\" content=\"2016-08-12T14:55:50+00:00\" \/>\n<meta property=\"og:image\" content=\"https:\/\/www.organisator.ch\/wp-content\/uploads\/2016\/12\/Pestizid-verantwortlich-fuer-Bienensterben-umweltperspektiven.jpg\" \/>\n\t<meta property=\"og:image:width\" content=\"1000\" \/>\n\t<meta property=\"og:image:height\" content=\"640\" \/>\n\t<meta property=\"og:image:type\" content=\"image\/jpeg\" \/>\n<meta name=\"author\" content=\"admin\" \/>\n<meta name=\"twitter:card\" content=\"summary_large_image\" \/>\n<script type=\"application\/ld+json\" class=\"yoast-schema-graph\">{\"@context\":\"https:\\\/\\\/schema.org\",\"@graph\":[{\"@type\":\"Article\",\"@id\":\"https:\\\/\\\/www.organisator.ch\\\/en\\\/general\\\/2016-08-12\\\/pestizid-verantwortlich-fuer-bienensterben\\\/#article\",\"isPartOf\":{\"@id\":\"https:\\\/\\\/www.organisator.ch\\\/en\\\/general\\\/2016-08-12\\\/pestizid-verantwortlich-fuer-bienensterben\\\/\"},\"author\":{\"name\":\"admin\",\"@id\":\"https:\\\/\\\/www.organisator.ch\\\/#\\\/schema\\\/person\\\/aa2bace6c5c5aad60102004a50c4eb1c\"},\"headline\":\"Pestizid verantwortlich f\u00fcr Bienensterben\",\"datePublished\":\"2016-08-12T14:55:50+00:00\",\"mainEntityOfPage\":{\"@id\":\"https:\\\/\\\/www.organisator.ch\\\/en\\\/general\\\/2016-08-12\\\/pestizid-verantwortlich-fuer-bienensterben\\\/\"},\"wordCount\":191,\"commentCount\":0,\"publisher\":{\"@id\":\"https:\\\/\\\/www.organisator.ch\\\/#organization\"},\"image\":{\"@id\":\"https:\\\/\\\/www.organisator.ch\\\/en\\\/general\\\/2016-08-12\\\/pestizid-verantwortlich-fuer-bienensterben\\\/#primaryimage\"},\"thumbnailUrl\":\"https:\\\/\\\/www.organisator.ch\\\/wp-content\\\/uploads\\\/2016\\\/12\\\/Pestizid-verantwortlich-fuer-Bienensterben-umweltperspektiven.jpg\",\"keywords\":[\"Bienensterben\",\"Pestizide\",\"Pflanzenschutzmittel\"],\"articleSection\":[\"Allgemein\"],\"inLanguage\":\"it-IT\"},{\"@type\":\"WebPage\",\"@id\":\"https:\\\/\\\/www.organisator.ch\\\/en\\\/general\\\/2016-08-12\\\/pestizid-verantwortlich-fuer-bienensterben\\\/\",\"url\":\"https:\\\/\\\/www.organisator.ch\\\/en\\\/general\\\/2016-08-12\\\/pestizid-verantwortlich-fuer-bienensterben\\\/\",\"name\":\"Pestizid verantwortlich f\u00fcr Bienensterben - Organisator\",\"isPartOf\":{\"@id\":\"https:\\\/\\\/www.organisator.ch\\\/#website\"},\"primaryImageOfPage\":{\"@id\":\"https:\\\/\\\/www.organisator.ch\\\/en\\\/general\\\/2016-08-12\\\/pestizid-verantwortlich-fuer-bienensterben\\\/#primaryimage\"},\"image\":{\"@id\":\"https:\\\/\\\/www.organisator.ch\\\/en\\\/general\\\/2016-08-12\\\/pestizid-verantwortlich-fuer-bienensterben\\\/#primaryimage\"},\"thumbnailUrl\":\"https:\\\/\\\/www.organisator.ch\\\/wp-content\\\/uploads\\\/2016\\\/12\\\/Pestizid-verantwortlich-fuer-Bienensterben-umweltperspektiven.jpg\",\"datePublished\":\"2016-08-12T14:55:50+00:00\",\"description\":\"Die Kantonspolizei Bern hat ermittelt, was hinter einem Bienensterben Mitte Mai in Z\u00e4ziwil BE steckte: Schuld sind Pflanzschutzmittel.\",\"breadcrumb\":{\"@id\":\"https:\\\/\\\/www.organisator.ch\\\/en\\\/general\\\/2016-08-12\\\/pestizid-verantwortlich-fuer-bienensterben\\\/#breadcrumb\"},\"inLanguage\":\"it-IT\",\"potentialAction\":[{\"@type\":\"ReadAction\",\"target\":[\"https:\\\/\\\/www.organisator.ch\\\/en\\\/general\\\/2016-08-12\\\/pestizid-verantwortlich-fuer-bienensterben\\\/\"]}]},{\"@type\":\"ImageObject\",\"inLanguage\":\"it-IT\",\"@id\":\"https:\\\/\\\/www.organisator.ch\\\/en\\\/general\\\/2016-08-12\\\/pestizid-verantwortlich-fuer-bienensterben\\\/#primaryimage\",\"url\":\"https:\\\/\\\/www.organisator.ch\\\/wp-content\\\/uploads\\\/2016\\\/12\\\/Pestizid-verantwortlich-fuer-Bienensterben-umweltperspektiven.jpg\",\"contentUrl\":\"https:\\\/\\\/www.organisator.ch\\\/wp-content\\\/uploads\\\/2016\\\/12\\\/Pestizid-verantwortlich-fuer-Bienensterben-umweltperspektiven.jpg\",\"width\":1000,\"height\":640,\"caption\":\"Schuld am Tod mehrerer Bienenv\u00f6lker ist der unsachgem\u00e4sse Umgang mit Pestiziden.\"},{\"@type\":\"BreadcrumbList\",\"@id\":\"https:\\\/\\\/www.organisator.ch\\\/en\\\/general\\\/2016-08-12\\\/pestizid-verantwortlich-fuer-bienensterben\\\/#breadcrumb\",\"itemListElement\":[{\"@type\":\"ListItem\",\"position\":1,\"name\":\"Home\",\"item\":\"https:\\\/\\\/www.organisator.ch\\\/\"},{\"@type\":\"ListItem\",\"position\":2,\"name\":\"Pestizid verantwortlich f\u00fcr Bienensterben\"}]},{\"@type\":\"WebSite\",\"@id\":\"https:\\\/\\\/www.organisator.ch\\\/#website\",\"url\":\"https:\\\/\\\/www.organisator.ch\\\/\",\"name\":\"Organisator\",\"description\":\"Kompetent. Praxisnah. Der ORGANISATOR bereitet in 10 Ausgaben pro Jahr die wesentlichen Themen f\u00fcr F\u00fchrungskr\u00e4fte von KMU auf.\",\"publisher\":{\"@id\":\"https:\\\/\\\/www.organisator.ch\\\/#organization\"},\"potentialAction\":[{\"@type\":\"SearchAction\",\"target\":{\"@type\":\"EntryPoint\",\"urlTemplate\":\"https:\\\/\\\/www.organisator.ch\\\/?s={search_term_string}\"},\"query-input\":{\"@type\":\"PropertyValueSpecification\",\"valueRequired\":true,\"valueName\":\"search_term_string\"}}],\"inLanguage\":\"it-IT\"},{\"@type\":\"Organization\",\"@id\":\"https:\\\/\\\/www.organisator.ch\\\/#organization\",\"name\":\"Organisator\",\"url\":\"https:\\\/\\\/www.organisator.ch\\\/\",\"logo\":{\"@type\":\"ImageObject\",\"inLanguage\":\"it-IT\",\"@id\":\"https:\\\/\\\/www.organisator.ch\\\/#\\\/schema\\\/logo\\\/image\\\/\",\"url\":\"https:\\\/\\\/www.organisator.ch\\\/wp-content\\\/uploads\\\/2022\\\/01\\\/Logo_Organisator_Website.png\",\"contentUrl\":\"https:\\\/\\\/www.organisator.ch\\\/wp-content\\\/uploads\\\/2022\\\/01\\\/Logo_Organisator_Website.png\",\"width\":800,\"height\":77,\"caption\":\"Organisator\"},\"image\":{\"@id\":\"https:\\\/\\\/www.organisator.ch\\\/#\\\/schema\\\/logo\\\/image\\\/\"},\"sameAs\":[\"https:\\\/\\\/www.facebook.com\\\/OrganisatorFachmagazin\",\"https:\\\/\\\/www.linkedin.com\\\/showcase\\\/organisator-das-magazin-fr-kmu\",\"https:\\\/\\\/www.xing.com\\\/news\\\/pages\\\/organisator-ch-695\",\"https:\\\/\\\/www.youtube.com\\\/channel\\\/UCGP2Sq0iWaZwT3BdIAQFYpw\"]},{\"@type\":\"Person\",\"@id\":\"https:\\\/\\\/www.organisator.ch\\\/#\\\/schema\\\/person\\\/aa2bace6c5c5aad60102004a50c4eb1c\",\"name\":\"admin\",\"image\":{\"@type\":\"ImageObject\",\"inLanguage\":\"it-IT\",\"@id\":\"https:\\\/\\\/secure.gravatar.com\\\/avatar\\\/ae2f4d718e6c49043e314ce431e7e645d646302a24a5ef5a8bc8e3f5a032e319?s=96&d=mm&r=g\",\"url\":\"https:\\\/\\\/secure.gravatar.com\\\/avatar\\\/ae2f4d718e6c49043e314ce431e7e645d646302a24a5ef5a8bc8e3f5a032e319?s=96&d=mm&r=g\",\"contentUrl\":\"https:\\\/\\\/secure.gravatar.com\\\/avatar\\\/ae2f4d718e6c49043e314ce431e7e645d646302a24a5ef5a8bc8e3f5a032e319?s=96&d=mm&r=g\",\"caption\":\"admin\"},\"sameAs\":[\"https:\\\/\\\/www.organisator.ch\"],\"url\":\"https:\\\/\\\/www.organisator.ch\\\/it\\\/author\\\/admin\\\/\"}]}<\/script>\n<!-- \/ Yoast SEO plugin. -->","yoast_head_json":{"title":"Pesticidi responsabili della moria di api - Organizzatore","description":"La polizia cantonale di Berna ha determinato la causa di una moria di api avvenuta a met\u00e0 maggio a Z\u00e4ziwil BE: la colpa \u00e8 dei prodotti fitosanitari.","robots":{"index":"index","follow":"follow","max-snippet":"max-snippet:-1","max-image-preview":"max-image-preview:large","max-video-preview":"max-video-preview:-1"},"canonical":"https:\/\/www.organisator.ch\/it\/generale\/2016-08-12\/pestizid-verantwortlich-fuer-bienensterben\/","og_locale":"it_IT","og_type":"article","og_title":"Pestizid verantwortlich f\u00fcr Bienensterben - Organisator","og_description":"Die Kantonspolizei Bern hat ermittelt, was hinter einem Bienensterben Mitte Mai in Z\u00e4ziwil BE steckte: Schuld sind Pflanzschutzmittel.","og_url":"https:\/\/www.organisator.ch\/it\/generale\/2016-08-12\/pestizid-verantwortlich-fuer-bienensterben\/","og_site_name":"Organisator","article_publisher":"https:\/\/www.facebook.com\/OrganisatorFachmagazin","article_published_time":"2016-08-12T14:55:50+00:00","og_image":[{"width":1000,"height":640,"url":"https:\/\/www.organisator.ch\/wp-content\/uploads\/2016\/12\/Pestizid-verantwortlich-fuer-Bienensterben-umweltperspektiven.jpg","type":"image\/jpeg"}],"author":"admin","twitter_card":"summary_large_image","schema":{"@context":"https:\/\/schema.org","@graph":[{"@type":"Article","@id":"https:\/\/www.organisator.ch\/en\/general\/2016-08-12\/pestizid-verantwortlich-fuer-bienensterben\/#article","isPartOf":{"@id":"https:\/\/www.organisator.ch\/en\/general\/2016-08-12\/pestizid-verantwortlich-fuer-bienensterben\/"},"author":{"name":"admin","@id":"https:\/\/www.organisator.ch\/#\/schema\/person\/aa2bace6c5c5aad60102004a50c4eb1c"},"headline":"Pestizid verantwortlich f\u00fcr Bienensterben","datePublished":"2016-08-12T14:55:50+00:00","mainEntityOfPage":{"@id":"https:\/\/www.organisator.ch\/en\/general\/2016-08-12\/pestizid-verantwortlich-fuer-bienensterben\/"},"wordCount":191,"commentCount":0,"publisher":{"@id":"https:\/\/www.organisator.ch\/#organization"},"image":{"@id":"https:\/\/www.organisator.ch\/en\/general\/2016-08-12\/pestizid-verantwortlich-fuer-bienensterben\/#primaryimage"},"thumbnailUrl":"https:\/\/www.organisator.ch\/wp-content\/uploads\/2016\/12\/Pestizid-verantwortlich-fuer-Bienensterben-umweltperspektiven.jpg","keywords":["Bienensterben","Pestizide","Pflanzenschutzmittel"],"articleSection":["Allgemein"],"inLanguage":"it-IT"},{"@type":"WebPage","@id":"https:\/\/www.organisator.ch\/en\/general\/2016-08-12\/pestizid-verantwortlich-fuer-bienensterben\/","url":"https:\/\/www.organisator.ch\/en\/general\/2016-08-12\/pestizid-verantwortlich-fuer-bienensterben\/","name":"Pesticidi responsabili della moria di api - Organizzatore","isPartOf":{"@id":"https:\/\/www.organisator.ch\/#website"},"primaryImageOfPage":{"@id":"https:\/\/www.organisator.ch\/en\/general\/2016-08-12\/pestizid-verantwortlich-fuer-bienensterben\/#primaryimage"},"image":{"@id":"https:\/\/www.organisator.ch\/en\/general\/2016-08-12\/pestizid-verantwortlich-fuer-bienensterben\/#primaryimage"},"thumbnailUrl":"https:\/\/www.organisator.ch\/wp-content\/uploads\/2016\/12\/Pestizid-verantwortlich-fuer-Bienensterben-umweltperspektiven.jpg","datePublished":"2016-08-12T14:55:50+00:00","description":"La polizia cantonale di Berna ha determinato la causa di una moria di api avvenuta a met\u00e0 maggio a Z\u00e4ziwil BE: la colpa \u00e8 dei prodotti fitosanitari.","breadcrumb":{"@id":"https:\/\/www.organisator.ch\/en\/general\/2016-08-12\/pestizid-verantwortlich-fuer-bienensterben\/#breadcrumb"},"inLanguage":"it-IT","potentialAction":[{"@type":"ReadAction","target":["https:\/\/www.organisator.ch\/en\/general\/2016-08-12\/pestizid-verantwortlich-fuer-bienensterben\/"]}]},{"@type":"ImageObject","inLanguage":"it-IT","@id":"https:\/\/www.organisator.ch\/en\/general\/2016-08-12\/pestizid-verantwortlich-fuer-bienensterben\/#primaryimage","url":"https:\/\/www.organisator.ch\/wp-content\/uploads\/2016\/12\/Pestizid-verantwortlich-fuer-Bienensterben-umweltperspektiven.jpg","contentUrl":"https:\/\/www.organisator.ch\/wp-content\/uploads\/2016\/12\/Pestizid-verantwortlich-fuer-Bienensterben-umweltperspektiven.jpg","width":1000,"height":640,"caption":"Schuld am Tod mehrerer Bienenv\u00f6lker ist der unsachgem\u00e4sse Umgang mit Pestiziden."},{"@type":"BreadcrumbList","@id":"https:\/\/www.organisator.ch\/en\/general\/2016-08-12\/pestizid-verantwortlich-fuer-bienensterben\/#breadcrumb","itemListElement":[{"@type":"ListItem","position":1,"name":"Home","item":"https:\/\/www.organisator.ch\/"},{"@type":"ListItem","position":2,"name":"Pestizid verantwortlich f\u00fcr Bienensterben"}]},{"@type":"WebSite","@id":"https:\/\/www.organisator.ch\/#website","url":"https:\/\/www.organisator.ch\/","name":"Organizzatore","description":"Competente. Pratico. In 10 numeri all'anno, ORGANISATOR presenta i temi essenziali per i manager delle PMI.","publisher":{"@id":"https:\/\/www.organisator.ch\/#organization"},"potentialAction":[{"@type":"SearchAction","target":{"@type":"EntryPoint","urlTemplate":"https:\/\/www.organisator.ch\/?s={search_term_string}"},"query-input":{"@type":"PropertyValueSpecification","valueRequired":true,"valueName":"search_term_string"}}],"inLanguage":"it-IT"},{"@type":"Organization","@id":"https:\/\/www.organisator.ch\/#organization","name":"Organizzatore","url":"https:\/\/www.organisator.ch\/","logo":{"@type":"ImageObject","inLanguage":"it-IT","@id":"https:\/\/www.organisator.ch\/#\/schema\/logo\/image\/","url":"https:\/\/www.organisator.ch\/wp-content\/uploads\/2022\/01\/Logo_Organisator_Website.png","contentUrl":"https:\/\/www.organisator.ch\/wp-content\/uploads\/2022\/01\/Logo_Organisator_Website.png","width":800,"height":77,"caption":"Organisator"},"image":{"@id":"https:\/\/www.organisator.ch\/#\/schema\/logo\/image\/"},"sameAs":["https:\/\/www.facebook.com\/OrganisatorFachmagazin","https:\/\/www.linkedin.com\/showcase\/organisator-das-magazin-fr-kmu","https:\/\/www.xing.com\/news\/pages\/organisator-ch-695","https:\/\/www.youtube.com\/channel\/UCGP2Sq0iWaZwT3BdIAQFYpw"]},{"@type":"Person","@id":"https:\/\/www.organisator.ch\/#\/schema\/person\/aa2bace6c5c5aad60102004a50c4eb1c","name":"amministratore","image":{"@type":"ImageObject","inLanguage":"it-IT","@id":"https:\/\/secure.gravatar.com\/avatar\/ae2f4d718e6c49043e314ce431e7e645d646302a24a5ef5a8bc8e3f5a032e319?s=96&d=mm&r=g","url":"https:\/\/secure.gravatar.com\/avatar\/ae2f4d718e6c49043e314ce431e7e645d646302a24a5ef5a8bc8e3f5a032e319?s=96&d=mm&r=g","contentUrl":"https:\/\/secure.gravatar.com\/avatar\/ae2f4d718e6c49043e314ce431e7e645d646302a24a5ef5a8bc8e3f5a032e319?s=96&d=mm&r=g","caption":"admin"},"sameAs":["https:\/\/www.organisator.ch"],"url":"https:\/\/www.organisator.ch\/it\/author\/admin\/"}]}},"_links":{"self":[{"href":"https:\/\/www.organisator.ch\/it\/wp-json\/wp\/v2\/posts\/444","targetHints":{"allow":["GET"]}}],"collection":[{"href":"https:\/\/www.organisator.ch\/it\/wp-json\/wp\/v2\/posts"}],"about":[{"href":"https:\/\/www.organisator.ch\/it\/wp-json\/wp\/v2\/types\/post"}],"author":[{"embeddable":true,"href":"https:\/\/www.organisator.ch\/it\/wp-json\/wp\/v2\/users\/1"}],"replies":[{"embeddable":true,"href":"https:\/\/www.organisator.ch\/it\/wp-json\/wp\/v2\/comments?post=444"}],"version-history":[{"count":0,"href":"https:\/\/www.organisator.ch\/it\/wp-json\/wp\/v2\/posts\/444\/revisions"}],"wp:featuredmedia":[{"embeddable":true,"href":"https:\/\/www.organisator.ch\/it\/wp-json\/wp\/v2\/media\/445"}],"wp:attachment":[{"href":"https:\/\/www.organisator.ch\/it\/wp-json\/wp\/v2\/media?parent=444"}],"wp:term":[{"taxonomy":"category","embeddable":true,"href":"https:\/\/www.organisator.ch\/it\/wp-json\/wp\/v2\/categories?post=444"},{"taxonomy":"post_tag","embeddable":true,"href":"https:\/\/www.organisator.ch\/it\/wp-json\/wp\/v2\/tags?post=444"}],"curies":[{"name":"wp","href":"https:\/\/api.w.org\/{rel}","templated":true}]}}