{"id":44537,"date":"2026-02-12T14:13:49","date_gmt":"2026-02-12T13:13:49","guid":{"rendered":"https:\/\/www.organisator.ch\/de\/?p=44537"},"modified":"2026-02-12T14:13:49","modified_gmt":"2026-02-12T13:13:49","slug":"fairtrade-blumen-zum-valentinstag-staerken-frauenrechte","status":"publish","type":"post","link":"https:\/\/www.organisator.ch\/it\/sustainability\/2026-02-12\/fairtrade-blumen-zum-valentinstag-staerken-frauenrechte\/","title":{"rendered":"I fiori equosolidali per San Valentino rafforzano i diritti delle donne"},"content":{"rendered":"<figure>\n<figure id=\"attachment_44536\" aria-describedby=\"caption-attachment-44536\" style=\"width: 540px\" class=\"wp-caption alignnone\"><img loading=\"lazy\" decoding=\"async\" class=\"size-full wp-image-44536\" src=\"https:\/\/www.organisator.ch\/wp-content\/uploads\/2026\/02\/Melanie20DC3BCrr-e1770901897302.jpg\" alt=\"\" width=\"540\" height=\"481\" srcset=\"https:\/\/www.organisator.ch\/wp-content\/uploads\/2026\/02\/Melanie20DC3BCrr-e1770901897302.jpg 540w, https:\/\/www.organisator.ch\/wp-content\/uploads\/2026\/02\/Melanie20DC3BCrr-e1770901897302-13x12.jpg 13w, https:\/\/www.organisator.ch\/wp-content\/uploads\/2026\/02\/Melanie20DC3BCrr-e1770901897302-337x300.jpg 337w, https:\/\/www.organisator.ch\/wp-content\/uploads\/2026\/02\/Melanie20DC3BCrr-e1770901897302-393x350.jpg 393w\" sizes=\"auto, (max-width: 540px) 100vw, 540px\" \/><figcaption id=\"caption-attachment-44536\" class=\"wp-caption-text\">Melanie D\u00fcrr, Responsabile Cooperazione Internazionale Fairtrade Max Havelaar (Fonte: zvg)<\/figcaption><\/figure><br \/>\n<\/figure>\n<h3>Discriminazione sistematica nel settore dei fiori<\/h3>\n<p>Le donne costituiscono la maggior parte dei circa 500.000 lavoratori del settore floreale dell'Africa orientale, che rifornisce la Svizzera soprattutto per San Valentino. \u2019In questa festa dell'amore, dovremmo concentrarci sulle condizioni di lavoro di queste donne che coltivano i fiori e sostenere le iniziative che lavorano per rafforzare i loro diritti\u00ab, afferma Melanie D\u00fcrr, responsabile della cooperazione internazionale di Fairtrade Max Havelaar. E continua: \u00bbPerch\u00e9 oggi molte lavoratrici sono sistematicamente vittime di discriminazioni, molestie sessuali o mancanza di salute e sicurezza sul lavoro. Le rose di San Valentino del commercio equo e solidale possono dare un contributo concreto al miglioramento delle condizioni di lavoro locali\u00ab.\u00bb<\/p>\n<h3>Abusi strutturali diffusi<\/h3>\n<p>Centinaia di migliaia di persone lavorano nelle aziende floricole dell'Africa orientale, ma solo il 15% circa \u00e8 impiegato in aziende certificate Fairtrade. Solo una piccola parte dei fiori importati per San Valentino \u00e8 certificata Fairtrade. Gli abusi strutturali sono molto diffusi nel settore floreale: Le molestie sessuali, l'inadeguata protezione della maternit\u00e0 e la grave sottorappresentazione delle donne nelle posizioni dirigenziali sono le sfide principali.<\/p>\n<h3>Standard vincolanti per miglioramenti reali<\/h3>\n<p>Per contrastare questi problemi, sono necessarie strutture vincolanti che consentano miglioramenti reali. Il commercio equo e solidale pone una chiara attenzione alla promozione e alla tutela delle donne. Le circa 65 aziende floricole certificate Fairtrade in Africa orientale impiegano circa 75.000 persone e sono soggette a standard Fairtrade completi. Questi prevedono contratti di lavoro fissi, ferie regolamentate, norme di tutela della maternit\u00e0 chiaramente definite e meccanismi ben definiti per affrontare le molestie sessuali. Corsi di formazione periodici sensibilizzano i dipendenti sui loro diritti.<\/p>\n<h3>Scuola di leadership femminile<\/h3>\n<p>Tra le altre cose, Fairtrade sta attuando l'iniziativa \u00abWomen's School of Leadership\u00bb. Un programma specifico per il settore in Africa orientale che mira specificamente all'empowerment delle donne nella filiera dei fiori Fairtrade. Nelle aziende agricole partecipanti sono state introdotte misure specifiche per facilitare l'accesso delle donne ai ruoli di leadership, rafforzare le politiche di genere e migliorare le strutture di segnalazione e consulenza per le molestie sessuali.<\/p>\n<p>Fridah Makena, una donna keniota di 28 anni, ha partecipato al programma: \u00abDopo i dieci mesi di formazione presso la Fairtrade Women's School of Leadership, ho fatto domanda per un lavoro come supervisore. Oggi dirigo un team di operatrici floreali e sono orgogliosa del mio sviluppo professionale\u201a.\u2018<\/p>\n<p>I fiori certificati Fairtrade sono sinonimo di condizioni di lavoro che rafforzano i diritti delle donne e l'assunzione di responsabilit\u00e0 nelle catene di approvvigionamento globali.<\/p>\n<p>Ulteriori informazioni: <a href=\"https:\/\/www.maxhavelaar.ch\" target=\"_blank\" rel=\"noopener\">https:\/\/www.maxhavelaar.ch<\/a><\/p>","protected":false},"excerpt":{"rendered":"<p>Le donne costituiscono la maggioranza dei circa 500.000 lavoratori del settore floreale dell'Africa orientale. Melanie D\u00fcrr di Fairtrade Max Havelaar lancia un appello, in vista di San Valentino, a concentrarsi sulle condizioni di lavoro di queste donne e a sostenere iniziative che ne rafforzino i diritti.<\/p>","protected":false},"author":107,"featured_media":44536,"comment_status":"closed","ping_status":"closed","sticky":false,"template":"","format":"standard","meta":{"_acf_changed":false,"_yoast_wpseo_focuskw":"Fairtrade Valentinstag Blumen","_yoast_wpseo_metadesc":"Fairtrade-Valentinsrosen st\u00e4rken Frauenrechte im ostafrikanischen Blumensektor und verbessern Arbeitsbedingungen konkret.","articlekey":"","footnotes":""},"categories":[580],"tags":[133,5820,358,492],"class_list":["post-44537","post","type-post","status-publish","format-standard","has-post-thumbnail","hentry","category-sustainability","tag-corporate-social-responsibility","tag-frauenrechte","tag-nachhaltige-wirtschaft","tag-unternehmen"],"acf":[],"yoast_head":"<!-- This site is optimized with the Yoast SEO plugin v27.5 - https:\/\/yoast.com\/product\/yoast-seo-wordpress\/ -->\n<title>Fairtrade-Blumen zum Valentinstag st\u00e4rken Frauenrechte - Organisator<\/title>\n<meta name=\"description\" content=\"Fairtrade-Valentinsrosen st\u00e4rken Frauenrechte im ostafrikanischen Blumensektor und verbessern Arbeitsbedingungen konkret.\" \/>\n<meta name=\"robots\" content=\"index, follow, max-snippet:-1, max-image-preview:large, max-video-preview:-1\" \/>\n<link rel=\"canonical\" href=\"https:\/\/www.organisator.ch\/it\/sostenibilita\/2026-02-12\/fairtrade-blumen-zum-valentinstag-staerken-frauenrechte\/\" \/>\n<meta property=\"og:locale\" content=\"it_IT\" \/>\n<meta property=\"og:type\" content=\"article\" \/>\n<meta property=\"og:title\" content=\"Fairtrade-Blumen zum Valentinstag st\u00e4rken Frauenrechte\" \/>\n<meta property=\"og:description\" content=\"Fairtrade-Valentinsrosen st\u00e4rken Frauenrechte im ostafrikanischen Blumensektor und verbessern Arbeitsbedingungen konkret.\" \/>\n<meta property=\"og:url\" content=\"https:\/\/www.organisator.ch\/it\/sostenibilita\/2026-02-12\/fairtrade-blumen-zum-valentinstag-staerken-frauenrechte\/\" \/>\n<meta property=\"og:site_name\" content=\"Organisator\" \/>\n<meta property=\"article:publisher\" content=\"https:\/\/www.facebook.com\/OrganisatorFachmagazin\" \/>\n<meta property=\"article:published_time\" content=\"2026-02-12T13:13:49+00:00\" \/>\n<meta property=\"og:image\" content=\"https:\/\/www.organisator.ch\/wp-content\/uploads\/2026\/02\/Melanie20DC3BCrr-e1770901897302.jpg\" \/>\n\t<meta property=\"og:image:width\" content=\"540\" \/>\n\t<meta property=\"og:image:height\" content=\"481\" \/>\n\t<meta property=\"og:image:type\" content=\"image\/jpeg\" \/>\n<meta name=\"author\" content=\"n8n\" \/>\n<meta name=\"twitter:card\" content=\"summary_large_image\" \/>\n<meta name=\"twitter:title\" content=\"#Fairtrade-Blumen zum Valentinstag st\u00e4rken #Frauenrechte\" \/>\n<meta name=\"twitter:description\" content=\"#Fairtrade-Valentinsrosen st\u00e4rken #Frauenrechte im ostafrikanischen Blumensektor und verbessern #Arbeitsbedingungen konkret.\" \/>\n<meta name=\"twitter:image\" content=\"https:\/\/www.organisator.ch\/wp-content\/uploads\/2026\/02\/Melanie20DC3BCrr-e1770901897302.jpg\" \/>\n<script type=\"application\/ld+json\" class=\"yoast-schema-graph\">{\"@context\":\"https:\\\/\\\/schema.org\",\"@graph\":[{\"@type\":\"Article\",\"@id\":\"https:\\\/\\\/www.organisator.ch\\\/sustainability\\\/2026-02-12\\\/fairtrade-blumen-zum-valentinstag-staerken-frauenrechte\\\/#article\",\"isPartOf\":{\"@id\":\"https:\\\/\\\/www.organisator.ch\\\/sustainability\\\/2026-02-12\\\/fairtrade-blumen-zum-valentinstag-staerken-frauenrechte\\\/\"},\"author\":{\"name\":\"n8n\",\"@id\":\"https:\\\/\\\/www.organisator.ch\\\/#\\\/schema\\\/person\\\/a9d0e0eff238db87a8f840f3b50359f0\"},\"headline\":\"Fairtrade-Blumen zum Valentinstag st\u00e4rken Frauenrechte\",\"datePublished\":\"2026-02-12T13:13:49+00:00\",\"mainEntityOfPage\":{\"@id\":\"https:\\\/\\\/www.organisator.ch\\\/sustainability\\\/2026-02-12\\\/fairtrade-blumen-zum-valentinstag-staerken-frauenrechte\\\/\"},\"wordCount\":406,\"publisher\":{\"@id\":\"https:\\\/\\\/www.organisator.ch\\\/#organization\"},\"image\":{\"@id\":\"https:\\\/\\\/www.organisator.ch\\\/sustainability\\\/2026-02-12\\\/fairtrade-blumen-zum-valentinstag-staerken-frauenrechte\\\/#primaryimage\"},\"thumbnailUrl\":\"https:\\\/\\\/www.organisator.ch\\\/wp-content\\\/uploads\\\/2026\\\/02\\\/Melanie20DC3BCrr-e1770901897302.jpg\",\"keywords\":[\"Corporate Social Responsibility\",\"Frauenrechte\",\"Nachhaltige Wirtschaft\",\"Unternehmen\"],\"articleSection\":[\"SUSTAINABILITY\"],\"inLanguage\":\"it-IT\"},{\"@type\":\"WebPage\",\"@id\":\"https:\\\/\\\/www.organisator.ch\\\/sustainability\\\/2026-02-12\\\/fairtrade-blumen-zum-valentinstag-staerken-frauenrechte\\\/\",\"url\":\"https:\\\/\\\/www.organisator.ch\\\/sustainability\\\/2026-02-12\\\/fairtrade-blumen-zum-valentinstag-staerken-frauenrechte\\\/\",\"name\":\"Fairtrade-Blumen zum Valentinstag st\u00e4rken Frauenrechte - Organisator\",\"isPartOf\":{\"@id\":\"https:\\\/\\\/www.organisator.ch\\\/#website\"},\"primaryImageOfPage\":{\"@id\":\"https:\\\/\\\/www.organisator.ch\\\/sustainability\\\/2026-02-12\\\/fairtrade-blumen-zum-valentinstag-staerken-frauenrechte\\\/#primaryimage\"},\"image\":{\"@id\":\"https:\\\/\\\/www.organisator.ch\\\/sustainability\\\/2026-02-12\\\/fairtrade-blumen-zum-valentinstag-staerken-frauenrechte\\\/#primaryimage\"},\"thumbnailUrl\":\"https:\\\/\\\/www.organisator.ch\\\/wp-content\\\/uploads\\\/2026\\\/02\\\/Melanie20DC3BCrr-e1770901897302.jpg\",\"datePublished\":\"2026-02-12T13:13:49+00:00\",\"description\":\"Fairtrade-Valentinsrosen st\u00e4rken Frauenrechte im ostafrikanischen Blumensektor und verbessern Arbeitsbedingungen konkret.\",\"breadcrumb\":{\"@id\":\"https:\\\/\\\/www.organisator.ch\\\/sustainability\\\/2026-02-12\\\/fairtrade-blumen-zum-valentinstag-staerken-frauenrechte\\\/#breadcrumb\"},\"inLanguage\":\"it-IT\",\"potentialAction\":[{\"@type\":\"ReadAction\",\"target\":[\"https:\\\/\\\/www.organisator.ch\\\/sustainability\\\/2026-02-12\\\/fairtrade-blumen-zum-valentinstag-staerken-frauenrechte\\\/\"]}]},{\"@type\":\"ImageObject\",\"inLanguage\":\"it-IT\",\"@id\":\"https:\\\/\\\/www.organisator.ch\\\/sustainability\\\/2026-02-12\\\/fairtrade-blumen-zum-valentinstag-staerken-frauenrechte\\\/#primaryimage\",\"url\":\"https:\\\/\\\/www.organisator.ch\\\/wp-content\\\/uploads\\\/2026\\\/02\\\/Melanie20DC3BCrr-e1770901897302.jpg\",\"contentUrl\":\"https:\\\/\\\/www.organisator.ch\\\/wp-content\\\/uploads\\\/2026\\\/02\\\/Melanie20DC3BCrr-e1770901897302.jpg\",\"width\":540,\"height\":481,\"caption\":\"Melanie D\u00fcrr, Leiterin Internationale Zusammenarbeit Fairtrade Max Havelaar (Quelle: zvg)\"},{\"@type\":\"BreadcrumbList\",\"@id\":\"https:\\\/\\\/www.organisator.ch\\\/sustainability\\\/2026-02-12\\\/fairtrade-blumen-zum-valentinstag-staerken-frauenrechte\\\/#breadcrumb\",\"itemListElement\":[{\"@type\":\"ListItem\",\"position\":1,\"name\":\"Home\",\"item\":\"https:\\\/\\\/www.organisator.ch\\\/\"},{\"@type\":\"ListItem\",\"position\":2,\"name\":\"Fairtrade-Blumen zum Valentinstag st\u00e4rken Frauenrechte\"}]},{\"@type\":\"WebSite\",\"@id\":\"https:\\\/\\\/www.organisator.ch\\\/#website\",\"url\":\"https:\\\/\\\/www.organisator.ch\\\/\",\"name\":\"Organisator\",\"description\":\"Kompetent. Praxisnah. Der ORGANISATOR bereitet in 10 Ausgaben pro Jahr die wesentlichen Themen f\u00fcr F\u00fchrungskr\u00e4fte von KMU auf.\",\"publisher\":{\"@id\":\"https:\\\/\\\/www.organisator.ch\\\/#organization\"},\"potentialAction\":[{\"@type\":\"SearchAction\",\"target\":{\"@type\":\"EntryPoint\",\"urlTemplate\":\"https:\\\/\\\/www.organisator.ch\\\/?s={search_term_string}\"},\"query-input\":{\"@type\":\"PropertyValueSpecification\",\"valueRequired\":true,\"valueName\":\"search_term_string\"}}],\"inLanguage\":\"it-IT\"},{\"@type\":\"Organization\",\"@id\":\"https:\\\/\\\/www.organisator.ch\\\/#organization\",\"name\":\"Organisator\",\"url\":\"https:\\\/\\\/www.organisator.ch\\\/\",\"logo\":{\"@type\":\"ImageObject\",\"inLanguage\":\"it-IT\",\"@id\":\"https:\\\/\\\/www.organisator.ch\\\/#\\\/schema\\\/logo\\\/image\\\/\",\"url\":\"https:\\\/\\\/www.organisator.ch\\\/wp-content\\\/uploads\\\/2022\\\/01\\\/Logo_Organisator_Website.png\",\"contentUrl\":\"https:\\\/\\\/www.organisator.ch\\\/wp-content\\\/uploads\\\/2022\\\/01\\\/Logo_Organisator_Website.png\",\"width\":800,\"height\":77,\"caption\":\"Organisator\"},\"image\":{\"@id\":\"https:\\\/\\\/www.organisator.ch\\\/#\\\/schema\\\/logo\\\/image\\\/\"},\"sameAs\":[\"https:\\\/\\\/www.facebook.com\\\/OrganisatorFachmagazin\",\"https:\\\/\\\/www.linkedin.com\\\/showcase\\\/organisator-das-magazin-fr-kmu\",\"https:\\\/\\\/www.xing.com\\\/news\\\/pages\\\/organisator-ch-695\",\"https:\\\/\\\/www.youtube.com\\\/channel\\\/UCGP2Sq0iWaZwT3BdIAQFYpw\"]},{\"@type\":\"Person\",\"@id\":\"https:\\\/\\\/www.organisator.ch\\\/#\\\/schema\\\/person\\\/a9d0e0eff238db87a8f840f3b50359f0\",\"name\":\"n8n\",\"image\":{\"@type\":\"ImageObject\",\"inLanguage\":\"it-IT\",\"@id\":\"https:\\\/\\\/secure.gravatar.com\\\/avatar\\\/5368fb9d03fd415a6f335cece4c15af2502d6ca8651efbd6e8f98427a9795400?s=96&d=mm&r=g\",\"url\":\"https:\\\/\\\/secure.gravatar.com\\\/avatar\\\/5368fb9d03fd415a6f335cece4c15af2502d6ca8651efbd6e8f98427a9795400?s=96&d=mm&r=g\",\"contentUrl\":\"https:\\\/\\\/secure.gravatar.com\\\/avatar\\\/5368fb9d03fd415a6f335cece4c15af2502d6ca8651efbd6e8f98427a9795400?s=96&d=mm&r=g\",\"caption\":\"n8n\"},\"url\":\"https:\\\/\\\/www.organisator.ch\\\/it\\\/author\\\/n8n\\\/\"}]}<\/script>\n<!-- \/ Yoast SEO plugin. -->","yoast_head_json":{"title":"I fiori del commercio equo e solidale per San Valentino rafforzano i diritti delle donne - Organizzatore","description":"Le rose di San Valentino equosolidali rafforzano i diritti delle donne nel settore floreale dell'Africa orientale e migliorano concretamente le condizioni di lavoro.","robots":{"index":"index","follow":"follow","max-snippet":"max-snippet:-1","max-image-preview":"max-image-preview:large","max-video-preview":"max-video-preview:-1"},"canonical":"https:\/\/www.organisator.ch\/it\/sostenibilita\/2026-02-12\/fairtrade-blumen-zum-valentinstag-staerken-frauenrechte\/","og_locale":"it_IT","og_type":"article","og_title":"Fairtrade-Blumen zum Valentinstag st\u00e4rken Frauenrechte","og_description":"Fairtrade-Valentinsrosen st\u00e4rken Frauenrechte im ostafrikanischen Blumensektor und verbessern Arbeitsbedingungen konkret.","og_url":"https:\/\/www.organisator.ch\/it\/sostenibilita\/2026-02-12\/fairtrade-blumen-zum-valentinstag-staerken-frauenrechte\/","og_site_name":"Organisator","article_publisher":"https:\/\/www.facebook.com\/OrganisatorFachmagazin","article_published_time":"2026-02-12T13:13:49+00:00","og_image":[{"width":540,"height":481,"url":"https:\/\/www.organisator.ch\/wp-content\/uploads\/2026\/02\/Melanie20DC3BCrr-e1770901897302.jpg","type":"image\/jpeg"}],"author":"n8n","twitter_card":"summary_large_image","twitter_title":"#Fairtrade-Blumen zum Valentinstag st\u00e4rken #Frauenrechte","twitter_description":"#Fairtrade-Valentinsrosen st\u00e4rken #Frauenrechte im ostafrikanischen Blumensektor und verbessern #Arbeitsbedingungen konkret.","twitter_image":"https:\/\/www.organisator.ch\/wp-content\/uploads\/2026\/02\/Melanie20DC3BCrr-e1770901897302.jpg","schema":{"@context":"https:\/\/schema.org","@graph":[{"@type":"Article","@id":"https:\/\/www.organisator.ch\/sustainability\/2026-02-12\/fairtrade-blumen-zum-valentinstag-staerken-frauenrechte\/#article","isPartOf":{"@id":"https:\/\/www.organisator.ch\/sustainability\/2026-02-12\/fairtrade-blumen-zum-valentinstag-staerken-frauenrechte\/"},"author":{"name":"n8n","@id":"https:\/\/www.organisator.ch\/#\/schema\/person\/a9d0e0eff238db87a8f840f3b50359f0"},"headline":"Fairtrade-Blumen zum Valentinstag st\u00e4rken Frauenrechte","datePublished":"2026-02-12T13:13:49+00:00","mainEntityOfPage":{"@id":"https:\/\/www.organisator.ch\/sustainability\/2026-02-12\/fairtrade-blumen-zum-valentinstag-staerken-frauenrechte\/"},"wordCount":406,"publisher":{"@id":"https:\/\/www.organisator.ch\/#organization"},"image":{"@id":"https:\/\/www.organisator.ch\/sustainability\/2026-02-12\/fairtrade-blumen-zum-valentinstag-staerken-frauenrechte\/#primaryimage"},"thumbnailUrl":"https:\/\/www.organisator.ch\/wp-content\/uploads\/2026\/02\/Melanie20DC3BCrr-e1770901897302.jpg","keywords":["Corporate Social Responsibility","Frauenrechte","Nachhaltige Wirtschaft","Unternehmen"],"articleSection":["SUSTAINABILITY"],"inLanguage":"it-IT"},{"@type":"WebPage","@id":"https:\/\/www.organisator.ch\/sustainability\/2026-02-12\/fairtrade-blumen-zum-valentinstag-staerken-frauenrechte\/","url":"https:\/\/www.organisator.ch\/sustainability\/2026-02-12\/fairtrade-blumen-zum-valentinstag-staerken-frauenrechte\/","name":"I fiori del commercio equo e solidale per San Valentino rafforzano i diritti delle donne - Organizzatore","isPartOf":{"@id":"https:\/\/www.organisator.ch\/#website"},"primaryImageOfPage":{"@id":"https:\/\/www.organisator.ch\/sustainability\/2026-02-12\/fairtrade-blumen-zum-valentinstag-staerken-frauenrechte\/#primaryimage"},"image":{"@id":"https:\/\/www.organisator.ch\/sustainability\/2026-02-12\/fairtrade-blumen-zum-valentinstag-staerken-frauenrechte\/#primaryimage"},"thumbnailUrl":"https:\/\/www.organisator.ch\/wp-content\/uploads\/2026\/02\/Melanie20DC3BCrr-e1770901897302.jpg","datePublished":"2026-02-12T13:13:49+00:00","description":"Le rose di San Valentino equosolidali rafforzano i diritti delle donne nel settore floreale dell'Africa orientale e migliorano concretamente le condizioni di lavoro.","breadcrumb":{"@id":"https:\/\/www.organisator.ch\/sustainability\/2026-02-12\/fairtrade-blumen-zum-valentinstag-staerken-frauenrechte\/#breadcrumb"},"inLanguage":"it-IT","potentialAction":[{"@type":"ReadAction","target":["https:\/\/www.organisator.ch\/sustainability\/2026-02-12\/fairtrade-blumen-zum-valentinstag-staerken-frauenrechte\/"]}]},{"@type":"ImageObject","inLanguage":"it-IT","@id":"https:\/\/www.organisator.ch\/sustainability\/2026-02-12\/fairtrade-blumen-zum-valentinstag-staerken-frauenrechte\/#primaryimage","url":"https:\/\/www.organisator.ch\/wp-content\/uploads\/2026\/02\/Melanie20DC3BCrr-e1770901897302.jpg","contentUrl":"https:\/\/www.organisator.ch\/wp-content\/uploads\/2026\/02\/Melanie20DC3BCrr-e1770901897302.jpg","width":540,"height":481,"caption":"Melanie D\u00fcrr, Leiterin Internationale Zusammenarbeit Fairtrade Max Havelaar (Quelle: zvg)"},{"@type":"BreadcrumbList","@id":"https:\/\/www.organisator.ch\/sustainability\/2026-02-12\/fairtrade-blumen-zum-valentinstag-staerken-frauenrechte\/#breadcrumb","itemListElement":[{"@type":"ListItem","position":1,"name":"Home","item":"https:\/\/www.organisator.ch\/"},{"@type":"ListItem","position":2,"name":"Fairtrade-Blumen zum Valentinstag st\u00e4rken Frauenrechte"}]},{"@type":"WebSite","@id":"https:\/\/www.organisator.ch\/#website","url":"https:\/\/www.organisator.ch\/","name":"Organizzatore","description":"Competente. Pratico. In 10 numeri all'anno, ORGANISATOR presenta i temi essenziali per i manager delle PMI.","publisher":{"@id":"https:\/\/www.organisator.ch\/#organization"},"potentialAction":[{"@type":"SearchAction","target":{"@type":"EntryPoint","urlTemplate":"https:\/\/www.organisator.ch\/?s={search_term_string}"},"query-input":{"@type":"PropertyValueSpecification","valueRequired":true,"valueName":"search_term_string"}}],"inLanguage":"it-IT"},{"@type":"Organization","@id":"https:\/\/www.organisator.ch\/#organization","name":"Organizzatore","url":"https:\/\/www.organisator.ch\/","logo":{"@type":"ImageObject","inLanguage":"it-IT","@id":"https:\/\/www.organisator.ch\/#\/schema\/logo\/image\/","url":"https:\/\/www.organisator.ch\/wp-content\/uploads\/2022\/01\/Logo_Organisator_Website.png","contentUrl":"https:\/\/www.organisator.ch\/wp-content\/uploads\/2022\/01\/Logo_Organisator_Website.png","width":800,"height":77,"caption":"Organisator"},"image":{"@id":"https:\/\/www.organisator.ch\/#\/schema\/logo\/image\/"},"sameAs":["https:\/\/www.facebook.com\/OrganisatorFachmagazin","https:\/\/www.linkedin.com\/showcase\/organisator-das-magazin-fr-kmu","https:\/\/www.xing.com\/news\/pages\/organisator-ch-695","https:\/\/www.youtube.com\/channel\/UCGP2Sq0iWaZwT3BdIAQFYpw"]},{"@type":"Person","@id":"https:\/\/www.organisator.ch\/#\/schema\/person\/a9d0e0eff238db87a8f840f3b50359f0","name":"n8n","image":{"@type":"ImageObject","inLanguage":"it-IT","@id":"https:\/\/secure.gravatar.com\/avatar\/5368fb9d03fd415a6f335cece4c15af2502d6ca8651efbd6e8f98427a9795400?s=96&d=mm&r=g","url":"https:\/\/secure.gravatar.com\/avatar\/5368fb9d03fd415a6f335cece4c15af2502d6ca8651efbd6e8f98427a9795400?s=96&d=mm&r=g","contentUrl":"https:\/\/secure.gravatar.com\/avatar\/5368fb9d03fd415a6f335cece4c15af2502d6ca8651efbd6e8f98427a9795400?s=96&d=mm&r=g","caption":"n8n"},"url":"https:\/\/www.organisator.ch\/it\/author\/n8n\/"}]}},"_links":{"self":[{"href":"https:\/\/www.organisator.ch\/it\/wp-json\/wp\/v2\/posts\/44537","targetHints":{"allow":["GET"]}}],"collection":[{"href":"https:\/\/www.organisator.ch\/it\/wp-json\/wp\/v2\/posts"}],"about":[{"href":"https:\/\/www.organisator.ch\/it\/wp-json\/wp\/v2\/types\/post"}],"author":[{"embeddable":true,"href":"https:\/\/www.organisator.ch\/it\/wp-json\/wp\/v2\/users\/107"}],"replies":[{"embeddable":true,"href":"https:\/\/www.organisator.ch\/it\/wp-json\/wp\/v2\/comments?post=44537"}],"version-history":[{"count":4,"href":"https:\/\/www.organisator.ch\/it\/wp-json\/wp\/v2\/posts\/44537\/revisions"}],"predecessor-version":[{"id":44603,"href":"https:\/\/www.organisator.ch\/it\/wp-json\/wp\/v2\/posts\/44537\/revisions\/44603"}],"wp:featuredmedia":[{"embeddable":true,"href":"https:\/\/www.organisator.ch\/it\/wp-json\/wp\/v2\/media\/44536"}],"wp:attachment":[{"href":"https:\/\/www.organisator.ch\/it\/wp-json\/wp\/v2\/media?parent=44537"}],"wp:term":[{"taxonomy":"category","embeddable":true,"href":"https:\/\/www.organisator.ch\/it\/wp-json\/wp\/v2\/categories?post=44537"},{"taxonomy":"post_tag","embeddable":true,"href":"https:\/\/www.organisator.ch\/it\/wp-json\/wp\/v2\/tags?post=44537"}],"curies":[{"name":"wp","href":"https:\/\/api.w.org\/{rel}","templated":true}]}}