{"id":44574,"date":"2026-02-13T08:45:07","date_gmt":"2026-02-13T07:45:07","guid":{"rendered":"https:\/\/www.m-q.ch\/?p=22479"},"modified":"2026-02-13T08:41:55","modified_gmt":"2026-02-13T07:41:55","slug":"dematic-praesentiert-auf-der-logimat-datengetriebene-innovationen","status":"publish","type":"post","link":"https:\/\/www.organisator.ch\/it\/operational-excellence\/2026-02-13\/dematic-praesentiert-auf-der-logimat-datengetriebene-innovationen\/","title":{"rendered":"Dematic presenta le innovazioni basate sui dati a LogiMAT"},"content":{"rendered":"<figure id=\"attachment_22480\" class=\"wp-caption alignnone\" style=\"width: 680px;\" aria-describedby=\"caption-attachment-22480\"><img class=\"size-full wp-image-22480\" src=\"https:\/\/www.m-q.ch\/wp-content\/uploads\/2026\/02\/Dematic-praesentiert-auf-der-LogiMAT-datengetriebene-Innovationen_MQ.jpg\" sizes=\"(max-width: 680px) 100vw, 680px\" srcset=\"https:\/\/www.m-q.ch\/wp-content\/uploads\/2026\/02\/Dematic-praesentiert-auf-der-LogiMAT-datengetriebene-Innovationen_MQ.jpg 680w, https:\/\/www.m-q.ch\/wp-content\/uploads\/2026\/02\/Dematic-praesentiert-auf-der-LogiMAT-datengetriebene-Innovationen_MQ-18x12.jpg 18w, https:\/\/www.m-q.ch\/wp-content\/uploads\/2026\/02\/Dematic-praesentiert-auf-der-LogiMAT-datengetriebene-Innovationen_MQ-375x250.jpg 375w, https:\/\/www.m-q.ch\/wp-content\/uploads\/2026\/02\/Dematic-praesentiert-auf-der-LogiMAT-datengetriebene-Innovationen_MQ-525x350.jpg 525w\" alt=\"\" width=\"680\" height=\"453\" \/>\r\n<figcaption id=\"caption-attachment-22480\" class=\"wp-caption-text\">Alla LogiMAT, Dematic presenter\u00e0 per la prima volta in Europa la sua soluzione AS\/RS (Automated Storage and Retrieval System) ad alte prestazioni e senza binari. (Foto: Dematic)<\/figcaption>\r\n<\/figure>\r\n<p>Alla LogiMAT di quest'anno, che si terr\u00e0 dal 24 al 26 marzo presso il centro espositivo di Stoccarda, Dematic dimostrer\u00e0 come le aziende possano ottenere approfondimenti operativi mirati dai dati di magazzino. Ci\u00f2 facilita la pianificazione, il funzionamento e l'ottimizzazione continua dei sistemi automatizzati. Il fornitore leader di soluzioni di automazione per le catene di fornitura presenter\u00e0 inoltre nuove tecnologie che semplificano l'integrazione dei sistemi automatizzati e ne favoriscono l'interazione.<\/p>\r\n<p>\u00abL'innovazione non nasce da singole tecnologie, ma da una comprensione completa dei processi operativi reali\u00bb, afferma Ren\u00e9 Sickler, amministratore delegato di Dematic per Germania, Austria e Svizzera. \u00abQuando combiniamo dati operativi, osservazioni in loco, analisi ed esperienze dei clienti, otteniamo preziose intuizioni. Queste consentono soluzioni pi\u00f9 ponderate, maggiore efficienza e sistemi ad alte prestazioni a lungo termine\u00bb.\u00bb<\/p>\r\n<p>Dematic invita i visitatori a sperimentare da vicino il magazzino del futuro presso lo stand H61 nel padiglione 1. Dimostrazioni dal vivo, interventi di esperti e sessioni di formazione pratica mostreranno come l'intelligenza in rete supporti il processo decisionale lungo la catena di approvvigionamento. Anche i partner tecnologici di Dematic saranno a disposizione per spiegare come la perfetta integrazione aiuti i clienti a raggiungere obiettivi di automazione e prestazioni a lungo termine.<\/p>\r\n<h3>Intelligenza operativa: tutti i processi in un colpo d'occhio<\/h3>\r\n<p>Un momento particolare \u00e8 rappresentato dal lancio sul mercato europeo della soluzione pionieristica di Dematic per l'intelligenza operativa. La piattaforma raggruppa i processi di diverse tecnologie di automazione e converte i dati raccolti in informazioni utilizzabili. In molti centri logistici, le attrezzature, il personale e i processi sono ancora controllati da sistemi separati, il che comporta lacune nella trasparenza, tempi di risposta ritardati e analisi delle cause principali che richiedono molto tempo. La nuova soluzione di Dematic, invece, integra il monitoraggio in tempo reale, il supporto decisionale supportato dall'intelligenza artificiale e l'analisi operativa in un'interfaccia utente standardizzata. Questo non solo offre agli utenti una panoramica completa delle operazioni correnti, ma fornisce anche approfondimenti sulle cause delle deviazioni delle prestazioni: la base per decisioni rapide e basate sui dati nell'intralogistica dinamica.<\/p>\r\n<p>Brett Webster, responsabile del Product Management di Dematic, spiega: \u00abOggi le operazioni di magazzino non sono limitate dall'automazione in s\u00e9, ma dalla comprensione frammentaria dei processi\u00bb. E aggiunge: \u00abAlla LogiMAT dimostreremo come un'intelligenza operativa standardizzata fornisca ai clienti una panoramica completa e consenta loro di prendere decisioni informate in tempo reale\u00bb.\u00bb<\/p>\r\n<h3>Nuove innovazioni AS\/RS e robotiche<\/h3>\r\n<p>L'ultima soluzione AS\/RS (Automated Storage and Retrieval System) di Dematic, ad alte prestazioni e senza binari, sar\u00e0 presentata per la prima volta in Europa. Il sistema sopraelevato e leggero \u00e8 stato progettato specificamente per ambienti di e-commerce e multicanale in rapida crescita. Senza infrastrutture ferroviarie tradizionali, offre una maggiore flessibilit\u00e0, un'implementazione pi\u00f9 rapida e una pi\u00f9 facile scalabilit\u00e0, ideale per le aziende con picchi stagionali o una grande variet\u00e0 di prodotti.<\/p>\r\n<p>Oltre al sistema AS\/RS, presso lo stand della fiera sar\u00e0 in funzione un braccio robotico interattivo per il prelievo automatico di singoli articoli. Il robot fa parte del sistema AS\/RS ad alta velocit\u00e0 di Dematic per container, con profondit\u00e0 di stoccaggio variabile e gestione flessibile. Alla LogiMAT Dematic dimostrer\u00e0 anche il funzionamento del sistema insieme al robot mobile autonomo (AMR) D30. Questo raggiunge i massimi valori in termini di velocit\u00e0, portata e movimentazione dei container.<\/p>\r\n<h3>Supporto per l'intero ciclo di vita<\/h3>\r\n<p>L'esposizione in fiera sar\u00e0 completata dalle presentazioni dei team Lifecycle Solutions &amp; Services. Essi dimostreranno come le sedi dei magazzini possano essere adattate in modo flessibile ai futuri requisiti della catena di approvvigionamento attraverso una continua valutazione, modernizzazione e pianificazione dell'espansione.<\/p>\r\n<p>Durante i tre giorni di fiera, esperti provenienti da tutta Europa saranno a disposizione per mostrare come l'automazione basata sui dati aiuti le aziende a combinare in modo ottimale l'efficienza operativa e gli obiettivi aziendali strategici. Gli interessati sono cordialmente invitati a sperimentare dal vivo le ultime innovazioni presso lo stand 1H61, comprese le dimostrazioni di soluzioni AS\/RS e robotiche.<\/p>\r\n<p><em>Ulteriori informazioni su Dematic: <a href=\"https:\/\/www.dematic.com\/de\" rel=\"noopener\">www.dematic.com\/de<\/a><\/em><\/p>\n<p class=\"syndicated-attribution\">Questo articolo \u00e8 apparso originariamente su m-q.ch - <a href=\"https:\/\/www.m-q.ch\/de\/dematic-praesentiert-auf-der-logimat-datengetriebene-innovationen\/\" target=\"_blank\">https:\/\/www.m-q.ch\/de\/dematic-praesentiert-auf-der-logimat-datengetriebene-innovationen\/<\/a><\/p>","protected":false},"excerpt":{"rendered":"<p>Dal 24 al 26 marzo, Dematic dimostrer\u00e0 alla LogiMAT di Stoccarda come le aziende possono ottenere approfondimenti operativi mirati dai dati di magazzino. Tra le altre cose, il fornitore leader di soluzioni di automazione per le catene di fornitura presenter\u00e0 una nuova soluzione software per l'intelligenza operativa e, per la prima volta in Europa, la tecnologia AS\/RS senza cingoli di nuova generazione.<\/p>","protected":false},"author":8,"featured_media":0,"comment_status":"closed","ping_status":"closed","sticky":false,"template":"","format":"standard","meta":{"_acf_changed":false,"_yoast_wpseo_focuskw":"Dematic","_yoast_wpseo_metadesc":"Vom 24. bis 26. M\u00e4rz zeigt Dematic auf der LogiMAT in Stuttgart, wie Unternehmen aus Lagerdaten gezielt operative Erkenntnisse gewinnen.","articlekey":"","footnotes":""},"categories":[582],"tags":[1149,328,393,2748],"class_list":["post-44574","post","type-post","status-publish","format-standard","hentry","category-operational-excellence","tag-fachmesse","tag-logistik","tag-produkte","tag-produktenews"],"acf":[],"yoast_head":"<!-- This site is optimized with the Yoast SEO plugin v27.5 - https:\/\/yoast.com\/product\/yoast-seo-wordpress\/ -->\n<title>Dematic pr\u00e4sentiert auf der LogiMAT datengetriebene Innovationen - Organisator<\/title>\n<meta name=\"description\" content=\"Vom 24. bis 26. M\u00e4rz zeigt Dematic auf der LogiMAT in Stuttgart, wie Unternehmen aus Lagerdaten gezielt operative Erkenntnisse gewinnen.\" \/>\n<meta name=\"robots\" content=\"index, follow, max-snippet:-1, max-image-preview:large, max-video-preview:-1\" \/>\n<link rel=\"canonical\" href=\"https:\/\/www.organisator.ch\/it\/eccellenza-operativa\/2026-02-13\/dematic-praesentiert-auf-der-logimat-datengetriebene-innovationen\/\" \/>\n<meta property=\"og:locale\" content=\"it_IT\" \/>\n<meta property=\"og:type\" content=\"article\" \/>\n<meta property=\"og:title\" content=\"Dematic pr\u00e4sentiert auf der LogiMAT datengetriebene Innovationen - Organisator\" \/>\n<meta property=\"og:description\" content=\"Vom 24. bis 26. M\u00e4rz zeigt Dematic auf der LogiMAT in Stuttgart, wie Unternehmen aus Lagerdaten gezielt operative Erkenntnisse gewinnen.\" \/>\n<meta property=\"og:url\" content=\"https:\/\/www.organisator.ch\/it\/eccellenza-operativa\/2026-02-13\/dematic-praesentiert-auf-der-logimat-datengetriebene-innovationen\/\" \/>\n<meta property=\"og:site_name\" content=\"Organisator\" \/>\n<meta property=\"article:publisher\" content=\"https:\/\/www.facebook.com\/OrganisatorFachmagazin\" \/>\n<meta property=\"article:published_time\" content=\"2026-02-13T07:45:07+00:00\" \/>\n<meta name=\"author\" content=\"galledia\" \/>\n<meta name=\"twitter:card\" content=\"summary_large_image\" \/>\n<meta name=\"twitter:creator\" content=\"@admin\" \/>\n<script type=\"application\/ld+json\" class=\"yoast-schema-graph\">{\"@context\":\"https:\\\/\\\/schema.org\",\"@graph\":[{\"@type\":\"Article\",\"@id\":\"https:\\\/\\\/www.organisator.ch\\\/operational-excellence\\\/2026-02-13\\\/dematic-praesentiert-auf-der-logimat-datengetriebene-innovationen\\\/#article\",\"isPartOf\":{\"@id\":\"https:\\\/\\\/www.organisator.ch\\\/operational-excellence\\\/2026-02-13\\\/dematic-praesentiert-auf-der-logimat-datengetriebene-innovationen\\\/\"},\"author\":{\"name\":\"galledia\",\"@id\":\"https:\\\/\\\/www.organisator.ch\\\/#\\\/schema\\\/person\\\/4e51799071cd2dd1232ac003643ef5f0\"},\"headline\":\"Dematic pr\u00e4sentiert auf der LogiMAT datengetriebene Innovationen\",\"datePublished\":\"2026-02-13T07:45:07+00:00\",\"mainEntityOfPage\":{\"@id\":\"https:\\\/\\\/www.organisator.ch\\\/operational-excellence\\\/2026-02-13\\\/dematic-praesentiert-auf-der-logimat-datengetriebene-innovationen\\\/\"},\"wordCount\":616,\"publisher\":{\"@id\":\"https:\\\/\\\/www.organisator.ch\\\/#organization\"},\"image\":{\"@id\":\"https:\\\/\\\/www.organisator.ch\\\/operational-excellence\\\/2026-02-13\\\/dematic-praesentiert-auf-der-logimat-datengetriebene-innovationen\\\/#primaryimage\"},\"thumbnailUrl\":\"https:\\\/\\\/www.m-q.ch\\\/wp-content\\\/uploads\\\/2026\\\/02\\\/Dematic-praesentiert-auf-der-LogiMAT-datengetriebene-Innovationen_MQ.jpg\",\"keywords\":[\"Fachmesse\",\"Logistik\",\"Produkte\",\"Produktenews\"],\"articleSection\":[\"OPERATIONAL EXCELLENCE\"],\"inLanguage\":\"it-IT\"},{\"@type\":\"WebPage\",\"@id\":\"https:\\\/\\\/www.organisator.ch\\\/operational-excellence\\\/2026-02-13\\\/dematic-praesentiert-auf-der-logimat-datengetriebene-innovationen\\\/\",\"url\":\"https:\\\/\\\/www.organisator.ch\\\/operational-excellence\\\/2026-02-13\\\/dematic-praesentiert-auf-der-logimat-datengetriebene-innovationen\\\/\",\"name\":\"Dematic pr\u00e4sentiert auf der LogiMAT datengetriebene Innovationen - Organisator\",\"isPartOf\":{\"@id\":\"https:\\\/\\\/www.organisator.ch\\\/#website\"},\"primaryImageOfPage\":{\"@id\":\"https:\\\/\\\/www.organisator.ch\\\/operational-excellence\\\/2026-02-13\\\/dematic-praesentiert-auf-der-logimat-datengetriebene-innovationen\\\/#primaryimage\"},\"image\":{\"@id\":\"https:\\\/\\\/www.organisator.ch\\\/operational-excellence\\\/2026-02-13\\\/dematic-praesentiert-auf-der-logimat-datengetriebene-innovationen\\\/#primaryimage\"},\"thumbnailUrl\":\"https:\\\/\\\/www.m-q.ch\\\/wp-content\\\/uploads\\\/2026\\\/02\\\/Dematic-praesentiert-auf-der-LogiMAT-datengetriebene-Innovationen_MQ.jpg\",\"datePublished\":\"2026-02-13T07:45:07+00:00\",\"description\":\"Vom 24. bis 26. M\u00e4rz zeigt Dematic auf der LogiMAT in Stuttgart, wie Unternehmen aus Lagerdaten gezielt operative Erkenntnisse gewinnen.\",\"breadcrumb\":{\"@id\":\"https:\\\/\\\/www.organisator.ch\\\/operational-excellence\\\/2026-02-13\\\/dematic-praesentiert-auf-der-logimat-datengetriebene-innovationen\\\/#breadcrumb\"},\"inLanguage\":\"it-IT\",\"potentialAction\":[{\"@type\":\"ReadAction\",\"target\":[\"https:\\\/\\\/www.organisator.ch\\\/operational-excellence\\\/2026-02-13\\\/dematic-praesentiert-auf-der-logimat-datengetriebene-innovationen\\\/\"]}]},{\"@type\":\"ImageObject\",\"inLanguage\":\"it-IT\",\"@id\":\"https:\\\/\\\/www.organisator.ch\\\/operational-excellence\\\/2026-02-13\\\/dematic-praesentiert-auf-der-logimat-datengetriebene-innovationen\\\/#primaryimage\",\"url\":\"https:\\\/\\\/www.m-q.ch\\\/wp-content\\\/uploads\\\/2026\\\/02\\\/Dematic-praesentiert-auf-der-LogiMAT-datengetriebene-Innovationen_MQ.jpg\",\"contentUrl\":\"https:\\\/\\\/www.m-q.ch\\\/wp-content\\\/uploads\\\/2026\\\/02\\\/Dematic-praesentiert-auf-der-LogiMAT-datengetriebene-Innovationen_MQ.jpg\"},{\"@type\":\"BreadcrumbList\",\"@id\":\"https:\\\/\\\/www.organisator.ch\\\/operational-excellence\\\/2026-02-13\\\/dematic-praesentiert-auf-der-logimat-datengetriebene-innovationen\\\/#breadcrumb\",\"itemListElement\":[{\"@type\":\"ListItem\",\"position\":1,\"name\":\"Home\",\"item\":\"https:\\\/\\\/www.organisator.ch\\\/\"},{\"@type\":\"ListItem\",\"position\":2,\"name\":\"Dematic pr\u00e4sentiert auf der LogiMAT datengetriebene Innovationen\"}]},{\"@type\":\"WebSite\",\"@id\":\"https:\\\/\\\/www.organisator.ch\\\/#website\",\"url\":\"https:\\\/\\\/www.organisator.ch\\\/\",\"name\":\"Organisator\",\"description\":\"Kompetent. Praxisnah. Der ORGANISATOR bereitet in 10 Ausgaben pro Jahr die wesentlichen Themen f\u00fcr F\u00fchrungskr\u00e4fte von KMU auf.\",\"publisher\":{\"@id\":\"https:\\\/\\\/www.organisator.ch\\\/#organization\"},\"potentialAction\":[{\"@type\":\"SearchAction\",\"target\":{\"@type\":\"EntryPoint\",\"urlTemplate\":\"https:\\\/\\\/www.organisator.ch\\\/?s={search_term_string}\"},\"query-input\":{\"@type\":\"PropertyValueSpecification\",\"valueRequired\":true,\"valueName\":\"search_term_string\"}}],\"inLanguage\":\"it-IT\"},{\"@type\":\"Organization\",\"@id\":\"https:\\\/\\\/www.organisator.ch\\\/#organization\",\"name\":\"Organisator\",\"url\":\"https:\\\/\\\/www.organisator.ch\\\/\",\"logo\":{\"@type\":\"ImageObject\",\"inLanguage\":\"it-IT\",\"@id\":\"https:\\\/\\\/www.organisator.ch\\\/#\\\/schema\\\/logo\\\/image\\\/\",\"url\":\"https:\\\/\\\/www.organisator.ch\\\/wp-content\\\/uploads\\\/2022\\\/01\\\/Logo_Organisator_Website.png\",\"contentUrl\":\"https:\\\/\\\/www.organisator.ch\\\/wp-content\\\/uploads\\\/2022\\\/01\\\/Logo_Organisator_Website.png\",\"width\":800,\"height\":77,\"caption\":\"Organisator\"},\"image\":{\"@id\":\"https:\\\/\\\/www.organisator.ch\\\/#\\\/schema\\\/logo\\\/image\\\/\"},\"sameAs\":[\"https:\\\/\\\/www.facebook.com\\\/OrganisatorFachmagazin\",\"https:\\\/\\\/www.linkedin.com\\\/showcase\\\/organisator-das-magazin-fr-kmu\",\"https:\\\/\\\/www.xing.com\\\/news\\\/pages\\\/organisator-ch-695\",\"https:\\\/\\\/www.youtube.com\\\/channel\\\/UCGP2Sq0iWaZwT3BdIAQFYpw\"]},{\"@type\":\"Person\",\"@id\":\"https:\\\/\\\/www.organisator.ch\\\/#\\\/schema\\\/person\\\/4e51799071cd2dd1232ac003643ef5f0\",\"name\":\"galledia\",\"image\":{\"@type\":\"ImageObject\",\"inLanguage\":\"it-IT\",\"@id\":\"https:\\\/\\\/secure.gravatar.com\\\/avatar\\\/78a7f90c01fc2bfc875782a0d4922b37cde2cf184ce347b91316d23cd7f69a36?s=96&d=mm&r=g\",\"url\":\"https:\\\/\\\/secure.gravatar.com\\\/avatar\\\/78a7f90c01fc2bfc875782a0d4922b37cde2cf184ce347b91316d23cd7f69a36?s=96&d=mm&r=g\",\"contentUrl\":\"https:\\\/\\\/secure.gravatar.com\\\/avatar\\\/78a7f90c01fc2bfc875782a0d4922b37cde2cf184ce347b91316d23cd7f69a36?s=96&d=mm&r=g\",\"caption\":\"galledia\"},\"sameAs\":[\"https:\\\/\\\/x.com\\\/admin\"],\"url\":\"https:\\\/\\\/www.organisator.ch\\\/it\\\/author\\\/galledia\\\/\"}]}<\/script>\n<!-- \/ Yoast SEO plugin. -->","yoast_head_json":{"title":"Dematic presenta le innovazioni basate sui dati a LogiMAT - Organizzatore","description":"Alla LogiMAT di Stoccarda, dal 24 al 26 marzo, Dematic dimostrer\u00e0 come le aziende possono ottenere approfondimenti operativi mirati dai dati di magazzino.","robots":{"index":"index","follow":"follow","max-snippet":"max-snippet:-1","max-image-preview":"max-image-preview:large","max-video-preview":"max-video-preview:-1"},"canonical":"https:\/\/www.organisator.ch\/it\/eccellenza-operativa\/2026-02-13\/dematic-praesentiert-auf-der-logimat-datengetriebene-innovationen\/","og_locale":"it_IT","og_type":"article","og_title":"Dematic pr\u00e4sentiert auf der LogiMAT datengetriebene Innovationen - Organisator","og_description":"Vom 24. bis 26. M\u00e4rz zeigt Dematic auf der LogiMAT in Stuttgart, wie Unternehmen aus Lagerdaten gezielt operative Erkenntnisse gewinnen.","og_url":"https:\/\/www.organisator.ch\/it\/eccellenza-operativa\/2026-02-13\/dematic-praesentiert-auf-der-logimat-datengetriebene-innovationen\/","og_site_name":"Organisator","article_publisher":"https:\/\/www.facebook.com\/OrganisatorFachmagazin","article_published_time":"2026-02-13T07:45:07+00:00","author":"galledia","twitter_card":"summary_large_image","twitter_creator":"@admin","schema":{"@context":"https:\/\/schema.org","@graph":[{"@type":"Article","@id":"https:\/\/www.organisator.ch\/operational-excellence\/2026-02-13\/dematic-praesentiert-auf-der-logimat-datengetriebene-innovationen\/#article","isPartOf":{"@id":"https:\/\/www.organisator.ch\/operational-excellence\/2026-02-13\/dematic-praesentiert-auf-der-logimat-datengetriebene-innovationen\/"},"author":{"name":"galledia","@id":"https:\/\/www.organisator.ch\/#\/schema\/person\/4e51799071cd2dd1232ac003643ef5f0"},"headline":"Dematic pr\u00e4sentiert auf der LogiMAT datengetriebene Innovationen","datePublished":"2026-02-13T07:45:07+00:00","mainEntityOfPage":{"@id":"https:\/\/www.organisator.ch\/operational-excellence\/2026-02-13\/dematic-praesentiert-auf-der-logimat-datengetriebene-innovationen\/"},"wordCount":616,"publisher":{"@id":"https:\/\/www.organisator.ch\/#organization"},"image":{"@id":"https:\/\/www.organisator.ch\/operational-excellence\/2026-02-13\/dematic-praesentiert-auf-der-logimat-datengetriebene-innovationen\/#primaryimage"},"thumbnailUrl":"https:\/\/www.m-q.ch\/wp-content\/uploads\/2026\/02\/Dematic-praesentiert-auf-der-LogiMAT-datengetriebene-Innovationen_MQ.jpg","keywords":["Fachmesse","Logistik","Produkte","Produktenews"],"articleSection":["OPERATIONAL EXCELLENCE"],"inLanguage":"it-IT"},{"@type":"WebPage","@id":"https:\/\/www.organisator.ch\/operational-excellence\/2026-02-13\/dematic-praesentiert-auf-der-logimat-datengetriebene-innovationen\/","url":"https:\/\/www.organisator.ch\/operational-excellence\/2026-02-13\/dematic-praesentiert-auf-der-logimat-datengetriebene-innovationen\/","name":"Dematic presenta le innovazioni basate sui dati a LogiMAT - Organizzatore","isPartOf":{"@id":"https:\/\/www.organisator.ch\/#website"},"primaryImageOfPage":{"@id":"https:\/\/www.organisator.ch\/operational-excellence\/2026-02-13\/dematic-praesentiert-auf-der-logimat-datengetriebene-innovationen\/#primaryimage"},"image":{"@id":"https:\/\/www.organisator.ch\/operational-excellence\/2026-02-13\/dematic-praesentiert-auf-der-logimat-datengetriebene-innovationen\/#primaryimage"},"thumbnailUrl":"https:\/\/www.m-q.ch\/wp-content\/uploads\/2026\/02\/Dematic-praesentiert-auf-der-LogiMAT-datengetriebene-Innovationen_MQ.jpg","datePublished":"2026-02-13T07:45:07+00:00","description":"Alla LogiMAT di Stoccarda, dal 24 al 26 marzo, Dematic dimostrer\u00e0 come le aziende possono ottenere approfondimenti operativi mirati dai dati di magazzino.","breadcrumb":{"@id":"https:\/\/www.organisator.ch\/operational-excellence\/2026-02-13\/dematic-praesentiert-auf-der-logimat-datengetriebene-innovationen\/#breadcrumb"},"inLanguage":"it-IT","potentialAction":[{"@type":"ReadAction","target":["https:\/\/www.organisator.ch\/operational-excellence\/2026-02-13\/dematic-praesentiert-auf-der-logimat-datengetriebene-innovationen\/"]}]},{"@type":"ImageObject","inLanguage":"it-IT","@id":"https:\/\/www.organisator.ch\/operational-excellence\/2026-02-13\/dematic-praesentiert-auf-der-logimat-datengetriebene-innovationen\/#primaryimage","url":"https:\/\/www.m-q.ch\/wp-content\/uploads\/2026\/02\/Dematic-praesentiert-auf-der-LogiMAT-datengetriebene-Innovationen_MQ.jpg","contentUrl":"https:\/\/www.m-q.ch\/wp-content\/uploads\/2026\/02\/Dematic-praesentiert-auf-der-LogiMAT-datengetriebene-Innovationen_MQ.jpg"},{"@type":"BreadcrumbList","@id":"https:\/\/www.organisator.ch\/operational-excellence\/2026-02-13\/dematic-praesentiert-auf-der-logimat-datengetriebene-innovationen\/#breadcrumb","itemListElement":[{"@type":"ListItem","position":1,"name":"Home","item":"https:\/\/www.organisator.ch\/"},{"@type":"ListItem","position":2,"name":"Dematic pr\u00e4sentiert auf der LogiMAT datengetriebene Innovationen"}]},{"@type":"WebSite","@id":"https:\/\/www.organisator.ch\/#website","url":"https:\/\/www.organisator.ch\/","name":"Organizzatore","description":"Competente. Pratico. In 10 numeri all'anno, ORGANISATOR presenta i temi essenziali per i manager delle PMI.","publisher":{"@id":"https:\/\/www.organisator.ch\/#organization"},"potentialAction":[{"@type":"SearchAction","target":{"@type":"EntryPoint","urlTemplate":"https:\/\/www.organisator.ch\/?s={search_term_string}"},"query-input":{"@type":"PropertyValueSpecification","valueRequired":true,"valueName":"search_term_string"}}],"inLanguage":"it-IT"},{"@type":"Organization","@id":"https:\/\/www.organisator.ch\/#organization","name":"Organizzatore","url":"https:\/\/www.organisator.ch\/","logo":{"@type":"ImageObject","inLanguage":"it-IT","@id":"https:\/\/www.organisator.ch\/#\/schema\/logo\/image\/","url":"https:\/\/www.organisator.ch\/wp-content\/uploads\/2022\/01\/Logo_Organisator_Website.png","contentUrl":"https:\/\/www.organisator.ch\/wp-content\/uploads\/2022\/01\/Logo_Organisator_Website.png","width":800,"height":77,"caption":"Organisator"},"image":{"@id":"https:\/\/www.organisator.ch\/#\/schema\/logo\/image\/"},"sameAs":["https:\/\/www.facebook.com\/OrganisatorFachmagazin","https:\/\/www.linkedin.com\/showcase\/organisator-das-magazin-fr-kmu","https:\/\/www.xing.com\/news\/pages\/organisator-ch-695","https:\/\/www.youtube.com\/channel\/UCGP2Sq0iWaZwT3BdIAQFYpw"]},{"@type":"Person","@id":"https:\/\/www.organisator.ch\/#\/schema\/person\/4e51799071cd2dd1232ac003643ef5f0","name":"galledia","image":{"@type":"ImageObject","inLanguage":"it-IT","@id":"https:\/\/secure.gravatar.com\/avatar\/78a7f90c01fc2bfc875782a0d4922b37cde2cf184ce347b91316d23cd7f69a36?s=96&d=mm&r=g","url":"https:\/\/secure.gravatar.com\/avatar\/78a7f90c01fc2bfc875782a0d4922b37cde2cf184ce347b91316d23cd7f69a36?s=96&d=mm&r=g","contentUrl":"https:\/\/secure.gravatar.com\/avatar\/78a7f90c01fc2bfc875782a0d4922b37cde2cf184ce347b91316d23cd7f69a36?s=96&d=mm&r=g","caption":"galledia"},"sameAs":["https:\/\/x.com\/admin"],"url":"https:\/\/www.organisator.ch\/it\/author\/galledia\/"}]}},"_links":{"self":[{"href":"https:\/\/www.organisator.ch\/it\/wp-json\/wp\/v2\/posts\/44574","targetHints":{"allow":["GET"]}}],"collection":[{"href":"https:\/\/www.organisator.ch\/it\/wp-json\/wp\/v2\/posts"}],"about":[{"href":"https:\/\/www.organisator.ch\/it\/wp-json\/wp\/v2\/types\/post"}],"author":[{"embeddable":true,"href":"https:\/\/www.organisator.ch\/it\/wp-json\/wp\/v2\/users\/8"}],"replies":[{"embeddable":true,"href":"https:\/\/www.organisator.ch\/it\/wp-json\/wp\/v2\/comments?post=44574"}],"version-history":[{"count":5,"href":"https:\/\/www.organisator.ch\/it\/wp-json\/wp\/v2\/posts\/44574\/revisions"}],"predecessor-version":[{"id":44602,"href":"https:\/\/www.organisator.ch\/it\/wp-json\/wp\/v2\/posts\/44574\/revisions\/44602"}],"wp:attachment":[{"href":"https:\/\/www.organisator.ch\/it\/wp-json\/wp\/v2\/media?parent=44574"}],"wp:term":[{"taxonomy":"category","embeddable":true,"href":"https:\/\/www.organisator.ch\/it\/wp-json\/wp\/v2\/categories?post=44574"},{"taxonomy":"post_tag","embeddable":true,"href":"https:\/\/www.organisator.ch\/it\/wp-json\/wp\/v2\/tags?post=44574"}],"curies":[{"name":"wp","href":"https:\/\/api.w.org\/{rel}","templated":true}]}}