{"id":4458,"date":"2018-11-02T12:00:04","date_gmt":"2018-11-02T11:00:04","guid":{"rendered":"https:\/\/www.organisator.ch\/?p=4458"},"modified":"2018-11-02T12:00:04","modified_gmt":"2018-11-02T11:00:04","slug":"cno-panel-2018-die-schweiz-ist-noch-zu-stark-back-fuer-die-zukunft","status":"publish","type":"post","link":"https:\/\/www.organisator.ch\/it\/allgemein\/2018-11-02\/cno-panel-2018-die-schweiz-ist-noch-zu-stark-back-fuer-die-zukunft\/","title":{"rendered":"CNO Panel 2018: la Svizzera \u00e8 ancora troppo \"indietro\" per il futuro"},"content":{"rendered":"<figure id=\"attachment_4459\" aria-describedby=\"caption-attachment-4459\" style=\"width: 640px\" class=\"wp-caption alignnone\"><img loading=\"lazy\" decoding=\"async\" class=\"size-full wp-image-4459\" src=\"https:\/\/www.organisator.ch\/wp-content\/uploads\/2018\/11\/CNO-Panel-2018-Die-Schweiz-ist-noch-zu-stark-Back-fuer-die-Zukunft_Organisator.jpg\" alt=\"\" width=\"640\" height=\"360\" srcset=\"https:\/\/www.organisator.ch\/wp-content\/uploads\/2018\/11\/CNO-Panel-2018-Die-Schweiz-ist-noch-zu-stark-Back-fuer-die-Zukunft_Organisator.jpg 640w, https:\/\/www.organisator.ch\/wp-content\/uploads\/2018\/11\/CNO-Panel-2018-Die-Schweiz-ist-noch-zu-stark-Back-fuer-die-Zukunft_Organisator-16x9.jpg 16w, https:\/\/www.organisator.ch\/wp-content\/uploads\/2018\/11\/CNO-Panel-2018-Die-Schweiz-ist-noch-zu-stark-Back-fuer-die-Zukunft_Organisator-311x175.jpg 311w, https:\/\/www.organisator.ch\/wp-content\/uploads\/2018\/11\/CNO-Panel-2018-Die-Schweiz-ist-noch-zu-stark-Back-fuer-die-Zukunft_Organisator-622x350.jpg 622w, https:\/\/www.organisator.ch\/wp-content\/uploads\/2018\/11\/CNO-Panel-2018-Die-Schweiz-ist-noch-zu-stark-Back-fuer-die-Zukunft_Organisator-300x169.jpg 300w\" sizes=\"auto, (max-width: 640px) 100vw, 640px\" \/><figcaption id=\"caption-attachment-4459\" class=\"wp-caption-text\">\u00c8 cos\u00ec che guardiamo al futuro? L'imprenditore di Internet J\u00f6rg Eugster ha parlato di importanti megatrend al CNO Panel 2018. (Immagine: Lindholm Photography, <a href=\"http:\/\/www.lindholmfoto.ch\">www.lindholmfoto.ch<\/a>)<\/figcaption><\/figure>\n<p>\"Back to the Future - Utopia o realt\u00e0?\" \u00e8 stato il tema della serie di eventi di quest'anno organizzati da sieber &amp; partners. Con questo, il CNO Panel 2018 ha sfidato i circa 400 partecipanti a porsi domande a volte delicate ma molto interessanti, come: \"Come ci sposteremo da Zurigo a Ostermundigen?\", \"Saremo assistiti da robot?\", \"\u00c8 ancora necessario imparare le lingue?\", \"Chi far\u00e0 il mio lavoro?\", \"E se ci fossero auto a guida autonoma?\". In workshop, presentazioni e punti d'incontro, esperti e partecipanti hanno affrontato insieme queste acute domande future - e soluzioni.<\/p>\n<h2>Troppo \"organizzato\" invece di piattaforme aperte<\/h2>\n<p>Pascal Sieber, fondatore e organizzatore del CNO Panel, trae una conclusione piuttosto contrastante quando gli si chiede quanto la Svizzera sia \"a prova di futuro\": \"Lo Stato e le aziende statali sono in ritardo rispetto agli sviluppi attuali. <span lang=\"DE\">da dieci a venti anni indietro. Nel settore privato, siamo circa nella media\". In altre parole, \"Ritorno al futuro\" sembra applicarsi quasi programmaticamente al nostro paese. Tuttavia, Pascal Sieber nomina alcune aziende svizzere che offrono soluzioni molto avanzate per la digitalizzazione. \"Un esempio \u00e8 Landis + Gyr: l'azienda \u00e8 leader nelle soluzioni per l'Energy-as-a-Service. Ma questo \u00e8 precisamente ci\u00f2 che non \u00e8 fattibile in Svizzera al momento, poich\u00e9 molti fornitori di energia statali vogliono assicurarsi le loro sinecure\", si rammarica Sieber. Nel complesso, egli vede la Svizzera ancora troppo dominata da aziende statali - per esempio nelle telecomunicazioni - e dai monopoli. Dove le piattaforme aperte stanno emergendo in altri paesi, la Svizzera \u00e8 ancora troppo \"organizzata\" in molti aspetti e preferisce affidarsi a lente soluzioni proprietarie. <\/span><\/p>\n<h2>Non solo parlare di modelli di business digitali, ma agire su di essi<\/h2>\n<p>J\u00f6rg Eugster ha parlato di come potrebbe essere il futuro digitale nel suo discorso chiave della sera. L'imprenditore internet di successo e futuro missionario ha avvicinato i megatrend digitali al pubblico del CNO Panel 2018 in modo informativo e divertente raccontando direttamente dalla sua vita digitale. Il successivo giro di discussione \"Tre svizzeri nel mercato globale\" ha mostrato che ci sono molti imprenditori svizzeri che tengono duro con il loro software nel mercato internazionale e persino globale - anche se la scena svizzera del software \u00e8 spesso definita come la scena della ricerca e dello sviluppo. Tre imprenditori hanno dato uno sguardo alla loro esperienza: Dorian Selz, CEO e fondatore di Squirro, Jens Thuesen, presidente del consiglio di amministrazione di BSI Software e Cristian Grossmann, CEO e co-fondatore di Beekeeper. Questa azienda ha sviluppato un'applicazione per i dipendenti con la quale, per esempio, gli operai senza una propria postazione PC possono collegarsi meglio. Questo semplifica lo scambio di informazioni - il software o l'IT servono \"solo\" come mezzo per un fine. Con queste soluzioni, la digitalizzazione permeer\u00e0 sempre pi\u00f9 il mondo del lavoro del futuro. <span lang=\"DE\">Pascal Sieber spera che eventi come il CNO Panel possano diventare una sorta di \"punto di fusione\" dove le persone non solo parlano delle possibilit\u00e0 dei modelli di business digitali, ma agiscono attivamente su di essi.<\/span><\/p>\n<p><a href=\"https:\/\/www.sieberpartners.com\/cno-content\/\"><em>Ulteriori informazioni e impressioni<\/em><\/a><\/p>","protected":false},"excerpt":{"rendered":"<p>\u201eBack to the Future &#8211; Utopie oder Realit\u00e4t?\u201d lautete das diesj\u00e4hrige Thema der Veranstaltungsreihe von sieber &amp; partners. Damit forderte das CNO Panel 2018\u00a0die rund 400 Teilnehmenden auf,\u00a0sich teils heiklen aber hochinteressanten Fragen zu stellen, wie etwa:\u00a0\u201eWie werden wir uns von Z\u00fcrich nach Ostermundigen bewegen?\u201c, \u201eWerden wir von Robotern gepflegt?\u201c, \u201eIst es noch notwendig, Sprachen [&hellip;]<\/p>\n","protected":false},"author":4,"featured_media":4459,"comment_status":"open","ping_status":"open","sticky":false,"template":"","format":"standard","meta":{"_acf_changed":false,"_yoast_wpseo_focuskw":"CNO Panel 2018","_yoast_wpseo_metadesc":"Das CNO Panel 2018 bot am 30. Oktober relevante Statements aus Wissenschaft, Politik und Praxis in der entspannten Atmosph\u00e4re eines Gala-Abends.","articlekey":"","footnotes":""},"categories":[1],"tags":[156,193,508,531],"class_list":["post-4458","post","type-post","status-publish","format-standard","has-post-thumbnail","hentry","category-allgemein","tag-digitalisierung","tag-fachkongressfachmesse","tag-vermischtes","tag-wirtschaftspolitik"],"acf":[],"yoast_head":"<!-- This site is optimized with the Yoast SEO plugin v27.5 - https:\/\/yoast.com\/product\/yoast-seo-wordpress\/ -->\n<title>CNO Panel 2018: Die Schweiz ist noch zu stark &quot;Back&quot; f\u00fcr die Zukunft - Organisator<\/title>\n<meta name=\"description\" content=\"Das CNO Panel 2018 bot am 30. Oktober relevante Statements aus Wissenschaft, Politik und Praxis in der entspannten Atmosph\u00e4re eines Gala-Abends.\" \/>\n<meta name=\"robots\" content=\"index, follow, max-snippet:-1, max-image-preview:large, max-video-preview:-1\" \/>\n<link rel=\"canonical\" href=\"https:\/\/www.organisator.ch\/it\/generale\/2018-11-02\/cno-panel-2018-die-schweiz-ist-noch-zu-stark-back-fuer-die-zukunft\/\" \/>\n<meta property=\"og:locale\" content=\"it_IT\" \/>\n<meta property=\"og:type\" content=\"article\" \/>\n<meta property=\"og:title\" content=\"CNO Panel 2018: Die Schweiz ist noch zu stark &quot;Back&quot; f\u00fcr die Zukunft\" \/>\n<meta property=\"og:description\" content=\"Das CNO Panel 2018 bot am 30. Oktober relevante Statements aus Wissenschaft, Politik und Praxis in der entspannten Atmosph\u00e4re eines Gala-Abends.\" \/>\n<meta property=\"og:url\" content=\"https:\/\/www.organisator.ch\/it\/generale\/2018-11-02\/cno-panel-2018-die-schweiz-ist-noch-zu-stark-back-fuer-die-zukunft\/\" \/>\n<meta property=\"og:site_name\" content=\"Organisator\" \/>\n<meta property=\"article:publisher\" content=\"https:\/\/www.facebook.com\/OrganisatorFachmagazin\" \/>\n<meta property=\"article:published_time\" content=\"2018-11-02T11:00:04+00:00\" \/>\n<meta property=\"og:image\" content=\"https:\/\/www.organisator.ch\/wp-content\/uploads\/2018\/11\/CNO-Panel-2018-Die-Schweiz-ist-noch-zu-stark-Back-fuer-die-Zukunft_Organisator.jpg\" \/>\n\t<meta property=\"og:image:width\" content=\"640\" \/>\n\t<meta property=\"og:image:height\" content=\"360\" \/>\n\t<meta property=\"og:image:type\" content=\"image\/jpeg\" \/>\n<meta name=\"author\" content=\"thomas.berner\" \/>\n<meta name=\"twitter:card\" content=\"summary_large_image\" \/>\n<meta name=\"twitter:title\" content=\"#CNO Panel 2018: Die Schweiz ist noch zu stark &quot;Back&quot; f\u00fcr die Zukunft\" \/>\n<meta name=\"twitter:description\" content=\"Das #CNO Panel 2018 bot am 30. Oktober relevante Statements aus Wissenschaft, Politik und Praxis in der entspannten Atmosph\u00e4re eines Gala-Abends.\" \/>\n<meta name=\"twitter:image\" content=\"https:\/\/www.organisator.ch\/wp-content\/uploads\/2018\/11\/CNO-Panel-2018-Die-Schweiz-ist-noch-zu-stark-Back-f\u00fcr-die-Zukunft_Organisator.jpg\" \/>\n<script type=\"application\/ld+json\" class=\"yoast-schema-graph\">{\"@context\":\"https:\\\/\\\/schema.org\",\"@graph\":[{\"@type\":\"Article\",\"@id\":\"https:\\\/\\\/www.organisator.ch\\\/it\\\/generale\\\/2018-11-02\\\/cno-panel-2018-die-schweiz-ist-noch-zu-stark-back-fuer-die-zukunft\\\/#article\",\"isPartOf\":{\"@id\":\"https:\\\/\\\/www.organisator.ch\\\/it\\\/generale\\\/2018-11-02\\\/cno-panel-2018-die-schweiz-ist-noch-zu-stark-back-fuer-die-zukunft\\\/\"},\"author\":{\"name\":\"thomas.berner\",\"@id\":\"https:\\\/\\\/www.organisator.ch\\\/#\\\/schema\\\/person\\\/6f650f90b2842cd4c0cc334b4e36f67e\"},\"headline\":\"CNO Panel 2018: Die Schweiz ist noch zu stark &#8222;Back&#8220; f\u00fcr die Zukunft\",\"datePublished\":\"2018-11-02T11:00:04+00:00\",\"mainEntityOfPage\":{\"@id\":\"https:\\\/\\\/www.organisator.ch\\\/it\\\/generale\\\/2018-11-02\\\/cno-panel-2018-die-schweiz-ist-noch-zu-stark-back-fuer-die-zukunft\\\/\"},\"wordCount\":539,\"commentCount\":0,\"publisher\":{\"@id\":\"https:\\\/\\\/www.organisator.ch\\\/#organization\"},\"image\":{\"@id\":\"https:\\\/\\\/www.organisator.ch\\\/it\\\/generale\\\/2018-11-02\\\/cno-panel-2018-die-schweiz-ist-noch-zu-stark-back-fuer-die-zukunft\\\/#primaryimage\"},\"thumbnailUrl\":\"https:\\\/\\\/www.organisator.ch\\\/wp-content\\\/uploads\\\/2018\\\/11\\\/CNO-Panel-2018-Die-Schweiz-ist-noch-zu-stark-Back-fuer-die-Zukunft_Organisator.jpg\",\"keywords\":[\"Digitalisierung\",\"Fachkongress\\\/Fachmesse\",\"Vermischtes\",\"Wirtschaftspolitik\"],\"articleSection\":[\"Allgemein\"],\"inLanguage\":\"it-IT\"},{\"@type\":\"WebPage\",\"@id\":\"https:\\\/\\\/www.organisator.ch\\\/it\\\/generale\\\/2018-11-02\\\/cno-panel-2018-die-schweiz-ist-noch-zu-stark-back-fuer-die-zukunft\\\/\",\"url\":\"https:\\\/\\\/www.organisator.ch\\\/it\\\/generale\\\/2018-11-02\\\/cno-panel-2018-die-schweiz-ist-noch-zu-stark-back-fuer-die-zukunft\\\/\",\"name\":\"CNO Panel 2018: Die Schweiz ist noch zu stark \\\"Back\\\" f\u00fcr die Zukunft - Organisator\",\"isPartOf\":{\"@id\":\"https:\\\/\\\/www.organisator.ch\\\/#website\"},\"primaryImageOfPage\":{\"@id\":\"https:\\\/\\\/www.organisator.ch\\\/it\\\/generale\\\/2018-11-02\\\/cno-panel-2018-die-schweiz-ist-noch-zu-stark-back-fuer-die-zukunft\\\/#primaryimage\"},\"image\":{\"@id\":\"https:\\\/\\\/www.organisator.ch\\\/it\\\/generale\\\/2018-11-02\\\/cno-panel-2018-die-schweiz-ist-noch-zu-stark-back-fuer-die-zukunft\\\/#primaryimage\"},\"thumbnailUrl\":\"https:\\\/\\\/www.organisator.ch\\\/wp-content\\\/uploads\\\/2018\\\/11\\\/CNO-Panel-2018-Die-Schweiz-ist-noch-zu-stark-Back-fuer-die-Zukunft_Organisator.jpg\",\"datePublished\":\"2018-11-02T11:00:04+00:00\",\"description\":\"Das CNO Panel 2018 bot am 30. Oktober relevante Statements aus Wissenschaft, Politik und Praxis in der entspannten Atmosph\u00e4re eines Gala-Abends.\",\"breadcrumb\":{\"@id\":\"https:\\\/\\\/www.organisator.ch\\\/it\\\/generale\\\/2018-11-02\\\/cno-panel-2018-die-schweiz-ist-noch-zu-stark-back-fuer-die-zukunft\\\/#breadcrumb\"},\"inLanguage\":\"it-IT\",\"potentialAction\":[{\"@type\":\"ReadAction\",\"target\":[\"https:\\\/\\\/www.organisator.ch\\\/it\\\/generale\\\/2018-11-02\\\/cno-panel-2018-die-schweiz-ist-noch-zu-stark-back-fuer-die-zukunft\\\/\"]}]},{\"@type\":\"ImageObject\",\"inLanguage\":\"it-IT\",\"@id\":\"https:\\\/\\\/www.organisator.ch\\\/it\\\/generale\\\/2018-11-02\\\/cno-panel-2018-die-schweiz-ist-noch-zu-stark-back-fuer-die-zukunft\\\/#primaryimage\",\"url\":\"https:\\\/\\\/www.organisator.ch\\\/wp-content\\\/uploads\\\/2018\\\/11\\\/CNO-Panel-2018-Die-Schweiz-ist-noch-zu-stark-Back-fuer-die-Zukunft_Organisator.jpg\",\"contentUrl\":\"https:\\\/\\\/www.organisator.ch\\\/wp-content\\\/uploads\\\/2018\\\/11\\\/CNO-Panel-2018-Die-Schweiz-ist-noch-zu-stark-Back-fuer-die-Zukunft_Organisator.jpg\",\"width\":640,\"height\":360,\"caption\":\"Blicken wir so in die Zukunft? Internet-Unternehmen J\u00f6rg Eugster sprach am CNO Panel 2018 \u00fcber wichtige Megatrends. (Bild: Lindholm Fotografie, www.lindholmfoto.ch)\"},{\"@type\":\"BreadcrumbList\",\"@id\":\"https:\\\/\\\/www.organisator.ch\\\/it\\\/generale\\\/2018-11-02\\\/cno-panel-2018-die-schweiz-ist-noch-zu-stark-back-fuer-die-zukunft\\\/#breadcrumb\",\"itemListElement\":[{\"@type\":\"ListItem\",\"position\":1,\"name\":\"Home\",\"item\":\"https:\\\/\\\/www.organisator.ch\\\/\"},{\"@type\":\"ListItem\",\"position\":2,\"name\":\"CNO Panel 2018: Die Schweiz ist noch zu stark &#8222;Back&#8220; f\u00fcr die Zukunft\"}]},{\"@type\":\"WebSite\",\"@id\":\"https:\\\/\\\/www.organisator.ch\\\/#website\",\"url\":\"https:\\\/\\\/www.organisator.ch\\\/\",\"name\":\"Organisator\",\"description\":\"Kompetent. Praxisnah. Der ORGANISATOR bereitet in 10 Ausgaben pro Jahr die wesentlichen Themen f\u00fcr F\u00fchrungskr\u00e4fte von KMU auf.\",\"publisher\":{\"@id\":\"https:\\\/\\\/www.organisator.ch\\\/#organization\"},\"potentialAction\":[{\"@type\":\"SearchAction\",\"target\":{\"@type\":\"EntryPoint\",\"urlTemplate\":\"https:\\\/\\\/www.organisator.ch\\\/?s={search_term_string}\"},\"query-input\":{\"@type\":\"PropertyValueSpecification\",\"valueRequired\":true,\"valueName\":\"search_term_string\"}}],\"inLanguage\":\"it-IT\"},{\"@type\":\"Organization\",\"@id\":\"https:\\\/\\\/www.organisator.ch\\\/#organization\",\"name\":\"Organisator\",\"url\":\"https:\\\/\\\/www.organisator.ch\\\/\",\"logo\":{\"@type\":\"ImageObject\",\"inLanguage\":\"it-IT\",\"@id\":\"https:\\\/\\\/www.organisator.ch\\\/#\\\/schema\\\/logo\\\/image\\\/\",\"url\":\"https:\\\/\\\/www.organisator.ch\\\/wp-content\\\/uploads\\\/2022\\\/01\\\/Logo_Organisator_Website.png\",\"contentUrl\":\"https:\\\/\\\/www.organisator.ch\\\/wp-content\\\/uploads\\\/2022\\\/01\\\/Logo_Organisator_Website.png\",\"width\":800,\"height\":77,\"caption\":\"Organisator\"},\"image\":{\"@id\":\"https:\\\/\\\/www.organisator.ch\\\/#\\\/schema\\\/logo\\\/image\\\/\"},\"sameAs\":[\"https:\\\/\\\/www.facebook.com\\\/OrganisatorFachmagazin\",\"https:\\\/\\\/www.linkedin.com\\\/showcase\\\/organisator-das-magazin-fr-kmu\",\"https:\\\/\\\/www.xing.com\\\/news\\\/pages\\\/organisator-ch-695\",\"https:\\\/\\\/www.youtube.com\\\/channel\\\/UCGP2Sq0iWaZwT3BdIAQFYpw\"]},{\"@type\":\"Person\",\"@id\":\"https:\\\/\\\/www.organisator.ch\\\/#\\\/schema\\\/person\\\/6f650f90b2842cd4c0cc334b4e36f67e\",\"name\":\"thomas.berner\",\"image\":{\"@type\":\"ImageObject\",\"inLanguage\":\"it-IT\",\"@id\":\"https:\\\/\\\/secure.gravatar.com\\\/avatar\\\/ac5001d2a36cb6c6cd3e50789007ffca834b477b74a2144564522e944eabff61?s=96&d=mm&r=g\",\"url\":\"https:\\\/\\\/secure.gravatar.com\\\/avatar\\\/ac5001d2a36cb6c6cd3e50789007ffca834b477b74a2144564522e944eabff61?s=96&d=mm&r=g\",\"contentUrl\":\"https:\\\/\\\/secure.gravatar.com\\\/avatar\\\/ac5001d2a36cb6c6cd3e50789007ffca834b477b74a2144564522e944eabff61?s=96&d=mm&r=g\",\"caption\":\"thomas.berner\"},\"url\":\"https:\\\/\\\/www.organisator.ch\\\/it\\\/author\\\/thomas-berner\\\/\"}]}<\/script>\n<!-- \/ Yoast SEO plugin. -->","yoast_head_json":{"title":"CNO Panel 2018: la Svizzera \u00e8 ancora troppo \"indietro\" per il futuro - Organizzatore","description":"Il 30 ottobre, il CNO Panel 2018 ha offerto dichiarazioni rilevanti dalla scienza, dalla politica e dalla pratica nell'atmosfera rilassata di una serata di gala.","robots":{"index":"index","follow":"follow","max-snippet":"max-snippet:-1","max-image-preview":"max-image-preview:large","max-video-preview":"max-video-preview:-1"},"canonical":"https:\/\/www.organisator.ch\/it\/generale\/2018-11-02\/cno-panel-2018-die-schweiz-ist-noch-zu-stark-back-fuer-die-zukunft\/","og_locale":"it_IT","og_type":"article","og_title":"CNO Panel 2018: Die Schweiz ist noch zu stark \"Back\" f\u00fcr die Zukunft","og_description":"Das CNO Panel 2018 bot am 30. Oktober relevante Statements aus Wissenschaft, Politik und Praxis in der entspannten Atmosph\u00e4re eines Gala-Abends.","og_url":"https:\/\/www.organisator.ch\/it\/generale\/2018-11-02\/cno-panel-2018-die-schweiz-ist-noch-zu-stark-back-fuer-die-zukunft\/","og_site_name":"Organisator","article_publisher":"https:\/\/www.facebook.com\/OrganisatorFachmagazin","article_published_time":"2018-11-02T11:00:04+00:00","og_image":[{"width":640,"height":360,"url":"https:\/\/www.organisator.ch\/wp-content\/uploads\/2018\/11\/CNO-Panel-2018-Die-Schweiz-ist-noch-zu-stark-Back-fuer-die-Zukunft_Organisator.jpg","type":"image\/jpeg"}],"author":"thomas.berner","twitter_card":"summary_large_image","twitter_title":"#CNO Panel 2018: Die Schweiz ist noch zu stark \"Back\" f\u00fcr die Zukunft","twitter_description":"Das #CNO Panel 2018 bot am 30. Oktober relevante Statements aus Wissenschaft, Politik und Praxis in der entspannten Atmosph\u00e4re eines Gala-Abends.","twitter_image":"https:\/\/www.organisator.ch\/wp-content\/uploads\/2018\/11\/CNO-Panel-2018-Die-Schweiz-ist-noch-zu-stark-Back-f\u00fcr-die-Zukunft_Organisator.jpg","schema":{"@context":"https:\/\/schema.org","@graph":[{"@type":"Article","@id":"https:\/\/www.organisator.ch\/it\/generale\/2018-11-02\/cno-panel-2018-die-schweiz-ist-noch-zu-stark-back-fuer-die-zukunft\/#article","isPartOf":{"@id":"https:\/\/www.organisator.ch\/it\/generale\/2018-11-02\/cno-panel-2018-die-schweiz-ist-noch-zu-stark-back-fuer-die-zukunft\/"},"author":{"name":"thomas.berner","@id":"https:\/\/www.organisator.ch\/#\/schema\/person\/6f650f90b2842cd4c0cc334b4e36f67e"},"headline":"CNO Panel 2018: Die Schweiz ist noch zu stark &#8222;Back&#8220; f\u00fcr die Zukunft","datePublished":"2018-11-02T11:00:04+00:00","mainEntityOfPage":{"@id":"https:\/\/www.organisator.ch\/it\/generale\/2018-11-02\/cno-panel-2018-die-schweiz-ist-noch-zu-stark-back-fuer-die-zukunft\/"},"wordCount":539,"commentCount":0,"publisher":{"@id":"https:\/\/www.organisator.ch\/#organization"},"image":{"@id":"https:\/\/www.organisator.ch\/it\/generale\/2018-11-02\/cno-panel-2018-die-schweiz-ist-noch-zu-stark-back-fuer-die-zukunft\/#primaryimage"},"thumbnailUrl":"https:\/\/www.organisator.ch\/wp-content\/uploads\/2018\/11\/CNO-Panel-2018-Die-Schweiz-ist-noch-zu-stark-Back-fuer-die-Zukunft_Organisator.jpg","keywords":["Digitalisierung","Fachkongress\/Fachmesse","Vermischtes","Wirtschaftspolitik"],"articleSection":["Allgemein"],"inLanguage":"it-IT"},{"@type":"WebPage","@id":"https:\/\/www.organisator.ch\/it\/generale\/2018-11-02\/cno-panel-2018-die-schweiz-ist-noch-zu-stark-back-fuer-die-zukunft\/","url":"https:\/\/www.organisator.ch\/it\/generale\/2018-11-02\/cno-panel-2018-die-schweiz-ist-noch-zu-stark-back-fuer-die-zukunft\/","name":"CNO Panel 2018: la Svizzera \u00e8 ancora troppo \"indietro\" per il futuro - Organizzatore","isPartOf":{"@id":"https:\/\/www.organisator.ch\/#website"},"primaryImageOfPage":{"@id":"https:\/\/www.organisator.ch\/it\/generale\/2018-11-02\/cno-panel-2018-die-schweiz-ist-noch-zu-stark-back-fuer-die-zukunft\/#primaryimage"},"image":{"@id":"https:\/\/www.organisator.ch\/it\/generale\/2018-11-02\/cno-panel-2018-die-schweiz-ist-noch-zu-stark-back-fuer-die-zukunft\/#primaryimage"},"thumbnailUrl":"https:\/\/www.organisator.ch\/wp-content\/uploads\/2018\/11\/CNO-Panel-2018-Die-Schweiz-ist-noch-zu-stark-Back-fuer-die-Zukunft_Organisator.jpg","datePublished":"2018-11-02T11:00:04+00:00","description":"Il 30 ottobre, il CNO Panel 2018 ha offerto dichiarazioni rilevanti dalla scienza, dalla politica e dalla pratica nell'atmosfera rilassata di una serata di gala.","breadcrumb":{"@id":"https:\/\/www.organisator.ch\/it\/generale\/2018-11-02\/cno-panel-2018-die-schweiz-ist-noch-zu-stark-back-fuer-die-zukunft\/#breadcrumb"},"inLanguage":"it-IT","potentialAction":[{"@type":"ReadAction","target":["https:\/\/www.organisator.ch\/it\/generale\/2018-11-02\/cno-panel-2018-die-schweiz-ist-noch-zu-stark-back-fuer-die-zukunft\/"]}]},{"@type":"ImageObject","inLanguage":"it-IT","@id":"https:\/\/www.organisator.ch\/it\/generale\/2018-11-02\/cno-panel-2018-die-schweiz-ist-noch-zu-stark-back-fuer-die-zukunft\/#primaryimage","url":"https:\/\/www.organisator.ch\/wp-content\/uploads\/2018\/11\/CNO-Panel-2018-Die-Schweiz-ist-noch-zu-stark-Back-fuer-die-Zukunft_Organisator.jpg","contentUrl":"https:\/\/www.organisator.ch\/wp-content\/uploads\/2018\/11\/CNO-Panel-2018-Die-Schweiz-ist-noch-zu-stark-Back-fuer-die-Zukunft_Organisator.jpg","width":640,"height":360,"caption":"Blicken wir so in die Zukunft? Internet-Unternehmen J\u00f6rg Eugster sprach am CNO Panel 2018 \u00fcber wichtige Megatrends. (Bild: Lindholm Fotografie, www.lindholmfoto.ch)"},{"@type":"BreadcrumbList","@id":"https:\/\/www.organisator.ch\/it\/generale\/2018-11-02\/cno-panel-2018-die-schweiz-ist-noch-zu-stark-back-fuer-die-zukunft\/#breadcrumb","itemListElement":[{"@type":"ListItem","position":1,"name":"Home","item":"https:\/\/www.organisator.ch\/"},{"@type":"ListItem","position":2,"name":"CNO Panel 2018: Die Schweiz ist noch zu stark &#8222;Back&#8220; f\u00fcr die Zukunft"}]},{"@type":"WebSite","@id":"https:\/\/www.organisator.ch\/#website","url":"https:\/\/www.organisator.ch\/","name":"Organizzatore","description":"Competente. Pratico. In 10 numeri all'anno, ORGANISATOR presenta i temi essenziali per i manager delle PMI.","publisher":{"@id":"https:\/\/www.organisator.ch\/#organization"},"potentialAction":[{"@type":"SearchAction","target":{"@type":"EntryPoint","urlTemplate":"https:\/\/www.organisator.ch\/?s={search_term_string}"},"query-input":{"@type":"PropertyValueSpecification","valueRequired":true,"valueName":"search_term_string"}}],"inLanguage":"it-IT"},{"@type":"Organization","@id":"https:\/\/www.organisator.ch\/#organization","name":"Organizzatore","url":"https:\/\/www.organisator.ch\/","logo":{"@type":"ImageObject","inLanguage":"it-IT","@id":"https:\/\/www.organisator.ch\/#\/schema\/logo\/image\/","url":"https:\/\/www.organisator.ch\/wp-content\/uploads\/2022\/01\/Logo_Organisator_Website.png","contentUrl":"https:\/\/www.organisator.ch\/wp-content\/uploads\/2022\/01\/Logo_Organisator_Website.png","width":800,"height":77,"caption":"Organisator"},"image":{"@id":"https:\/\/www.organisator.ch\/#\/schema\/logo\/image\/"},"sameAs":["https:\/\/www.facebook.com\/OrganisatorFachmagazin","https:\/\/www.linkedin.com\/showcase\/organisator-das-magazin-fr-kmu","https:\/\/www.xing.com\/news\/pages\/organisator-ch-695","https:\/\/www.youtube.com\/channel\/UCGP2Sq0iWaZwT3BdIAQFYpw"]},{"@type":"Person","@id":"https:\/\/www.organisator.ch\/#\/schema\/person\/6f650f90b2842cd4c0cc334b4e36f67e","name":"Tommaso.berner","image":{"@type":"ImageObject","inLanguage":"it-IT","@id":"https:\/\/secure.gravatar.com\/avatar\/ac5001d2a36cb6c6cd3e50789007ffca834b477b74a2144564522e944eabff61?s=96&d=mm&r=g","url":"https:\/\/secure.gravatar.com\/avatar\/ac5001d2a36cb6c6cd3e50789007ffca834b477b74a2144564522e944eabff61?s=96&d=mm&r=g","contentUrl":"https:\/\/secure.gravatar.com\/avatar\/ac5001d2a36cb6c6cd3e50789007ffca834b477b74a2144564522e944eabff61?s=96&d=mm&r=g","caption":"thomas.berner"},"url":"https:\/\/www.organisator.ch\/it\/author\/thomas-berner\/"}]}},"_links":{"self":[{"href":"https:\/\/www.organisator.ch\/it\/wp-json\/wp\/v2\/posts\/4458","targetHints":{"allow":["GET"]}}],"collection":[{"href":"https:\/\/www.organisator.ch\/it\/wp-json\/wp\/v2\/posts"}],"about":[{"href":"https:\/\/www.organisator.ch\/it\/wp-json\/wp\/v2\/types\/post"}],"author":[{"embeddable":true,"href":"https:\/\/www.organisator.ch\/it\/wp-json\/wp\/v2\/users\/4"}],"replies":[{"embeddable":true,"href":"https:\/\/www.organisator.ch\/it\/wp-json\/wp\/v2\/comments?post=4458"}],"version-history":[{"count":0,"href":"https:\/\/www.organisator.ch\/it\/wp-json\/wp\/v2\/posts\/4458\/revisions"}],"wp:featuredmedia":[{"embeddable":true,"href":"https:\/\/www.organisator.ch\/it\/wp-json\/wp\/v2\/media\/4459"}],"wp:attachment":[{"href":"https:\/\/www.organisator.ch\/it\/wp-json\/wp\/v2\/media?parent=4458"}],"wp:term":[{"taxonomy":"category","embeddable":true,"href":"https:\/\/www.organisator.ch\/it\/wp-json\/wp\/v2\/categories?post=4458"},{"taxonomy":"post_tag","embeddable":true,"href":"https:\/\/www.organisator.ch\/it\/wp-json\/wp\/v2\/tags?post=4458"}],"curies":[{"name":"wp","href":"https:\/\/api.w.org\/{rel}","templated":true}]}}