{"id":44639,"date":"2026-02-16T11:06:34","date_gmt":"2026-02-16T10:06:34","guid":{"rendered":"https:\/\/www.organisator.ch\/de\/?p=44639"},"modified":"2026-02-16T11:06:34","modified_gmt":"2026-02-16T10:06:34","slug":"achim-schneider-wird-managing-partner-bei-retailsolutions","status":"publish","type":"post","link":"https:\/\/www.organisator.ch\/it\/management\/2026-02-16\/achim-schneider-wird-managing-partner-bei-retailsolutions\/","title":{"rendered":"Achim Schneider diventa socio amministratore di Retailsolutions"},"content":{"rendered":"<figure>\n<figure style=\"width: 1080px\" class=\"wp-caption alignnone\"><img loading=\"lazy\" decoding=\"async\" src=\"https:\/\/www.organisator.ch\/wp-content\/uploads\/2026\/02\/Achim_Schneider.png\" alt=\"Achim Schneider\" width=\"1080\" height=\"1080\" \/><figcaption class=\"wp-caption-text\">Achim Schneider \u00e8 il nuovo Managing Partner di Retailsolutions. Fonte: zvg<\/figcaption><\/figure><br \/>\n<\/figure>\n<p>Retailsolutions, una delle principali societ\u00e0 di consulenza SAP in Europa, rafforza il suo team di gestione con Achim Schneider. In qualit\u00e0 di nuovo Managing Partner, da febbraio \u00e8 responsabile dello sviluppo strategico globale dell'azienda.<\/p>\n<h3>27 anni di esperienza in SAP<\/h3>\n<p>Schneider \u00e8 passato da SAP a Retailsolutions. Ha trascorso 27 anni presso l'azienda di Walldorf, dove ha lavorato a livello internazionale nelle aree di consulenza, strategia di prodotto, go-to-market e gestione delle soluzioni. Negli ultimi dieci anni, in qualit\u00e0 di responsabile globale della Business Unit Retail &amp; Wholesale Distribution, \u00e8 stato responsabile, insieme al suo team, della strategia di settore, del posizionamento globale e dell'introduzione dell'intero portafoglio di prodotti per la vendita al dettaglio, la distribuzione all'ingrosso e la moda. Ha inoltre gestito complessi programmi di trasformazione per aziende leader del settore retail, in particolare nella regione Asia-Pacifico e in America Latina.<\/p>\n<h3>Focus sulla trasformazione digitale<\/h3>\n<p>\u00abNon vedo l'ora di ricoprire il mio nuovo ruolo in Retailsolutions e di supportare i retailer di tutto il mondo nella loro trasformazione digitale. Il mio obiettivo \u00e8 quello di instaurare relazioni a lungo termine con i clienti, di offrire loro vantaggi sostenibili e di utilizzare soluzioni innovative basate su SAP lungo l'intera catena del valore del commercio al dettaglio\u00bb, ha dichiarato Schneider.<\/p>\n<p>Retailsolutions \u00e8 una delle principali societ\u00e0 di consulenza per le soluzioni SAP in Europa. Oltre 450 consulenti supportano le aziende del settore retail da sedi in Svizzera, Germania, Austria, Romania, Svezia, Spagna, Sudafrica, Stati Uniti e Regno Unito. Il portafoglio comprende soluzioni lungo l'intera catena del valore. L'azienda deve la sua vasta esperienza anche alla stretta collaborazione con il produttore di software SAP, da cui \u00e8 nata come spin-off nel 2005.<\/p>\n<p>Ulteriori informazioni: <a href=\"https:\/\/www.retailsolutions.ch\" target=\"_blank\" rel=\"noopener\">www.retailsolutions.ch<\/a><\/p>","protected":false},"excerpt":{"rendered":"<p>La societ\u00e0 di consulenza al dettaglio Retailsolutions, con sede a Zugo, rafforza il proprio team dirigenziale con Achim Schneider. In qualit\u00e0 di nuovo Managing Partner, da febbraio \u00e8 responsabile dello sviluppo strategico globale dell'azienda. Schneider \u00e8 entrato a far parte di Retailsolutions dopo 27 anni trascorsi in SAP, dove \u00e8 stato recentemente responsabile globale della Business Unit Retail &amp; Wholesale Distribution Industry.<\/p>","protected":false},"author":107,"featured_media":44638,"comment_status":"closed","ping_status":"closed","sticky":false,"template":"","format":"standard","meta":{"_acf_changed":false,"_yoast_wpseo_focuskw":"Achim Schneider Retailsolutions Managing Partner","_yoast_wpseo_metadesc":"Achim Schneider wird Managing Partner bei Retailsolutions. Der ehemalige SAP-Manager verantwortet die globale Weiterentwicklung.","articlekey":"","footnotes":""},"categories":[28],"tags":[335,381,421,492],"class_list":["post-44639","post","type-post","status-publish","format-standard","has-post-thumbnail","hentry","category-management","tag-management-und-unternehmensfuehrung","tag-personalia","tag-sap","tag-unternehmen"],"acf":[],"yoast_head":"<!-- This site is optimized with the Yoast SEO plugin v27.4 - https:\/\/yoast.com\/product\/yoast-seo-wordpress\/ -->\n<title>Achim Schneider wird Managing Partner bei Retailsolutions - Organisator<\/title>\n<meta name=\"description\" content=\"Achim Schneider wird Managing Partner bei Retailsolutions. Der ehemalige SAP-Manager verantwortet die globale Weiterentwicklung.\" \/>\n<meta name=\"robots\" content=\"index, follow, max-snippet:-1, max-image-preview:large, max-video-preview:-1\" \/>\n<link rel=\"canonical\" href=\"https:\/\/www.organisator.ch\/it\/gestione-2\/2026-02-16\/achim-schneider-wird-managing-partner-bei-retailsolutions\/\" \/>\n<meta property=\"og:locale\" content=\"it_IT\" \/>\n<meta property=\"og:type\" content=\"article\" \/>\n<meta property=\"og:title\" content=\"Achim Schneider wird Managing Partner bei Retailsolutions\" \/>\n<meta property=\"og:description\" content=\"Achim Schneider wird Managing Partner bei Retailsolutions. Der ehemalige SAP-Manager verantwortet die globale Weiterentwicklung.\" \/>\n<meta property=\"og:url\" content=\"https:\/\/www.organisator.ch\/it\/gestione-2\/2026-02-16\/achim-schneider-wird-managing-partner-bei-retailsolutions\/\" \/>\n<meta property=\"og:site_name\" content=\"Organisator\" \/>\n<meta property=\"article:publisher\" content=\"https:\/\/www.facebook.com\/OrganisatorFachmagazin\" \/>\n<meta property=\"article:published_time\" content=\"2026-02-16T10:06:34+00:00\" \/>\n<meta property=\"og:image\" content=\"https:\/\/www.organisator.ch\/wp-content\/uploads\/2026\/02\/Achim_Schneider-e1771236260134.png\" \/>\n\t<meta property=\"og:image:width\" content=\"1080\" \/>\n\t<meta property=\"og:image:height\" content=\"713\" \/>\n\t<meta property=\"og:image:type\" content=\"image\/png\" \/>\n<meta name=\"author\" content=\"n8n\" \/>\n<meta name=\"twitter:card\" content=\"summary_large_image\" \/>\n<meta name=\"twitter:title\" content=\"Achim Schneider wird Managing #Partner bei #Retailsolutions\" \/>\n<meta name=\"twitter:description\" content=\"Achim Schneider wird Managing Partner bei #Retailsolutions. Der ehemalige #SAP-Manager verantwortet die globale Weiterentwicklung.\" \/>\n<meta name=\"twitter:image\" content=\"https:\/\/www.organisator.ch\/wp-content\/uploads\/2026\/02\/Achim_Schneider-e1771236260134.png\" \/>\n<script type=\"application\/ld+json\" class=\"yoast-schema-graph\">{\"@context\":\"https:\\\/\\\/schema.org\",\"@graph\":[{\"@type\":\"Article\",\"@id\":\"https:\\\/\\\/www.organisator.ch\\\/management\\\/2026-02-16\\\/achim-schneider-wird-managing-partner-bei-retailsolutions\\\/#article\",\"isPartOf\":{\"@id\":\"https:\\\/\\\/www.organisator.ch\\\/management\\\/2026-02-16\\\/achim-schneider-wird-managing-partner-bei-retailsolutions\\\/\"},\"author\":{\"name\":\"n8n\",\"@id\":\"https:\\\/\\\/www.organisator.ch\\\/#\\\/schema\\\/person\\\/a9d0e0eff238db87a8f840f3b50359f0\"},\"headline\":\"Achim Schneider wird Managing Partner bei Retailsolutions\",\"datePublished\":\"2026-02-16T10:06:34+00:00\",\"mainEntityOfPage\":{\"@id\":\"https:\\\/\\\/www.organisator.ch\\\/management\\\/2026-02-16\\\/achim-schneider-wird-managing-partner-bei-retailsolutions\\\/\"},\"wordCount\":275,\"publisher\":{\"@id\":\"https:\\\/\\\/www.organisator.ch\\\/#organization\"},\"image\":{\"@id\":\"https:\\\/\\\/www.organisator.ch\\\/management\\\/2026-02-16\\\/achim-schneider-wird-managing-partner-bei-retailsolutions\\\/#primaryimage\"},\"thumbnailUrl\":\"https:\\\/\\\/www.organisator.ch\\\/wp-content\\\/uploads\\\/2026\\\/02\\\/Achim_Schneider-e1771236260134.png\",\"keywords\":[\"Management und Unternehmensf\u00fchrung\",\"Personalia\",\"SAP\",\"Unternehmen\"],\"articleSection\":[\"MANAGEMENT\"],\"inLanguage\":\"it-IT\"},{\"@type\":\"WebPage\",\"@id\":\"https:\\\/\\\/www.organisator.ch\\\/management\\\/2026-02-16\\\/achim-schneider-wird-managing-partner-bei-retailsolutions\\\/\",\"url\":\"https:\\\/\\\/www.organisator.ch\\\/management\\\/2026-02-16\\\/achim-schneider-wird-managing-partner-bei-retailsolutions\\\/\",\"name\":\"Achim Schneider wird Managing Partner bei Retailsolutions - Organisator\",\"isPartOf\":{\"@id\":\"https:\\\/\\\/www.organisator.ch\\\/#website\"},\"primaryImageOfPage\":{\"@id\":\"https:\\\/\\\/www.organisator.ch\\\/management\\\/2026-02-16\\\/achim-schneider-wird-managing-partner-bei-retailsolutions\\\/#primaryimage\"},\"image\":{\"@id\":\"https:\\\/\\\/www.organisator.ch\\\/management\\\/2026-02-16\\\/achim-schneider-wird-managing-partner-bei-retailsolutions\\\/#primaryimage\"},\"thumbnailUrl\":\"https:\\\/\\\/www.organisator.ch\\\/wp-content\\\/uploads\\\/2026\\\/02\\\/Achim_Schneider-e1771236260134.png\",\"datePublished\":\"2026-02-16T10:06:34+00:00\",\"description\":\"Achim Schneider wird Managing Partner bei Retailsolutions. Der ehemalige SAP-Manager verantwortet die globale Weiterentwicklung.\",\"breadcrumb\":{\"@id\":\"https:\\\/\\\/www.organisator.ch\\\/management\\\/2026-02-16\\\/achim-schneider-wird-managing-partner-bei-retailsolutions\\\/#breadcrumb\"},\"inLanguage\":\"it-IT\",\"potentialAction\":[{\"@type\":\"ReadAction\",\"target\":[\"https:\\\/\\\/www.organisator.ch\\\/management\\\/2026-02-16\\\/achim-schneider-wird-managing-partner-bei-retailsolutions\\\/\"]}]},{\"@type\":\"ImageObject\",\"inLanguage\":\"it-IT\",\"@id\":\"https:\\\/\\\/www.organisator.ch\\\/management\\\/2026-02-16\\\/achim-schneider-wird-managing-partner-bei-retailsolutions\\\/#primaryimage\",\"url\":\"https:\\\/\\\/www.organisator.ch\\\/wp-content\\\/uploads\\\/2026\\\/02\\\/Achim_Schneider-e1771236260134.png\",\"contentUrl\":\"https:\\\/\\\/www.organisator.ch\\\/wp-content\\\/uploads\\\/2026\\\/02\\\/Achim_Schneider-e1771236260134.png\",\"width\":1080,\"height\":713},{\"@type\":\"BreadcrumbList\",\"@id\":\"https:\\\/\\\/www.organisator.ch\\\/management\\\/2026-02-16\\\/achim-schneider-wird-managing-partner-bei-retailsolutions\\\/#breadcrumb\",\"itemListElement\":[{\"@type\":\"ListItem\",\"position\":1,\"name\":\"Home\",\"item\":\"https:\\\/\\\/www.organisator.ch\\\/\"},{\"@type\":\"ListItem\",\"position\":2,\"name\":\"Achim Schneider wird Managing Partner bei Retailsolutions\"}]},{\"@type\":\"WebSite\",\"@id\":\"https:\\\/\\\/www.organisator.ch\\\/#website\",\"url\":\"https:\\\/\\\/www.organisator.ch\\\/\",\"name\":\"Organisator\",\"description\":\"Kompetent. Praxisnah. Der ORGANISATOR bereitet in 10 Ausgaben pro Jahr die wesentlichen Themen f\u00fcr F\u00fchrungskr\u00e4fte von KMU auf.\",\"publisher\":{\"@id\":\"https:\\\/\\\/www.organisator.ch\\\/#organization\"},\"potentialAction\":[{\"@type\":\"SearchAction\",\"target\":{\"@type\":\"EntryPoint\",\"urlTemplate\":\"https:\\\/\\\/www.organisator.ch\\\/?s={search_term_string}\"},\"query-input\":{\"@type\":\"PropertyValueSpecification\",\"valueRequired\":true,\"valueName\":\"search_term_string\"}}],\"inLanguage\":\"it-IT\"},{\"@type\":\"Organization\",\"@id\":\"https:\\\/\\\/www.organisator.ch\\\/#organization\",\"name\":\"Organisator\",\"url\":\"https:\\\/\\\/www.organisator.ch\\\/\",\"logo\":{\"@type\":\"ImageObject\",\"inLanguage\":\"it-IT\",\"@id\":\"https:\\\/\\\/www.organisator.ch\\\/#\\\/schema\\\/logo\\\/image\\\/\",\"url\":\"https:\\\/\\\/www.organisator.ch\\\/wp-content\\\/uploads\\\/2022\\\/01\\\/Logo_Organisator_Website.png\",\"contentUrl\":\"https:\\\/\\\/www.organisator.ch\\\/wp-content\\\/uploads\\\/2022\\\/01\\\/Logo_Organisator_Website.png\",\"width\":800,\"height\":77,\"caption\":\"Organisator\"},\"image\":{\"@id\":\"https:\\\/\\\/www.organisator.ch\\\/#\\\/schema\\\/logo\\\/image\\\/\"},\"sameAs\":[\"https:\\\/\\\/www.facebook.com\\\/OrganisatorFachmagazin\",\"https:\\\/\\\/www.linkedin.com\\\/showcase\\\/organisator-das-magazin-fr-kmu\",\"https:\\\/\\\/www.xing.com\\\/news\\\/pages\\\/organisator-ch-695\",\"https:\\\/\\\/www.youtube.com\\\/channel\\\/UCGP2Sq0iWaZwT3BdIAQFYpw\"]},{\"@type\":\"Person\",\"@id\":\"https:\\\/\\\/www.organisator.ch\\\/#\\\/schema\\\/person\\\/a9d0e0eff238db87a8f840f3b50359f0\",\"name\":\"n8n\",\"image\":{\"@type\":\"ImageObject\",\"inLanguage\":\"it-IT\",\"@id\":\"https:\\\/\\\/secure.gravatar.com\\\/avatar\\\/5368fb9d03fd415a6f335cece4c15af2502d6ca8651efbd6e8f98427a9795400?s=96&d=mm&r=g\",\"url\":\"https:\\\/\\\/secure.gravatar.com\\\/avatar\\\/5368fb9d03fd415a6f335cece4c15af2502d6ca8651efbd6e8f98427a9795400?s=96&d=mm&r=g\",\"contentUrl\":\"https:\\\/\\\/secure.gravatar.com\\\/avatar\\\/5368fb9d03fd415a6f335cece4c15af2502d6ca8651efbd6e8f98427a9795400?s=96&d=mm&r=g\",\"caption\":\"n8n\"},\"url\":\"https:\\\/\\\/www.organisator.ch\\\/it\\\/author\\\/n8n\\\/\"}]}<\/script>\n<!-- \/ Yoast SEO plugin. -->","yoast_head_json":{"title":"Achim Schneider diventa socio dirigente di Retailsolutions - Organizzatore","description":"Achim Schneider diventa Managing Partner di Retailsolutions. L'ex manager di SAP \u00e8 responsabile dello sviluppo globale.","robots":{"index":"index","follow":"follow","max-snippet":"max-snippet:-1","max-image-preview":"max-image-preview:large","max-video-preview":"max-video-preview:-1"},"canonical":"https:\/\/www.organisator.ch\/it\/gestione-2\/2026-02-16\/achim-schneider-wird-managing-partner-bei-retailsolutions\/","og_locale":"it_IT","og_type":"article","og_title":"Achim Schneider wird Managing Partner bei Retailsolutions","og_description":"Achim Schneider wird Managing Partner bei Retailsolutions. Der ehemalige SAP-Manager verantwortet die globale Weiterentwicklung.","og_url":"https:\/\/www.organisator.ch\/it\/gestione-2\/2026-02-16\/achim-schneider-wird-managing-partner-bei-retailsolutions\/","og_site_name":"Organisator","article_publisher":"https:\/\/www.facebook.com\/OrganisatorFachmagazin","article_published_time":"2026-02-16T10:06:34+00:00","og_image":[{"width":1080,"height":713,"url":"https:\/\/www.organisator.ch\/wp-content\/uploads\/2026\/02\/Achim_Schneider-e1771236260134.png","type":"image\/png"}],"author":"n8n","twitter_card":"summary_large_image","twitter_title":"Achim Schneider wird Managing #Partner bei #Retailsolutions","twitter_description":"Achim Schneider wird Managing Partner bei #Retailsolutions. Der ehemalige #SAP-Manager verantwortet die globale Weiterentwicklung.","twitter_image":"https:\/\/www.organisator.ch\/wp-content\/uploads\/2026\/02\/Achim_Schneider-e1771236260134.png","schema":{"@context":"https:\/\/schema.org","@graph":[{"@type":"Article","@id":"https:\/\/www.organisator.ch\/management\/2026-02-16\/achim-schneider-wird-managing-partner-bei-retailsolutions\/#article","isPartOf":{"@id":"https:\/\/www.organisator.ch\/management\/2026-02-16\/achim-schneider-wird-managing-partner-bei-retailsolutions\/"},"author":{"name":"n8n","@id":"https:\/\/www.organisator.ch\/#\/schema\/person\/a9d0e0eff238db87a8f840f3b50359f0"},"headline":"Achim Schneider wird Managing Partner bei Retailsolutions","datePublished":"2026-02-16T10:06:34+00:00","mainEntityOfPage":{"@id":"https:\/\/www.organisator.ch\/management\/2026-02-16\/achim-schneider-wird-managing-partner-bei-retailsolutions\/"},"wordCount":275,"publisher":{"@id":"https:\/\/www.organisator.ch\/#organization"},"image":{"@id":"https:\/\/www.organisator.ch\/management\/2026-02-16\/achim-schneider-wird-managing-partner-bei-retailsolutions\/#primaryimage"},"thumbnailUrl":"https:\/\/www.organisator.ch\/wp-content\/uploads\/2026\/02\/Achim_Schneider-e1771236260134.png","keywords":["Management und Unternehmensf\u00fchrung","Personalia","SAP","Unternehmen"],"articleSection":["MANAGEMENT"],"inLanguage":"it-IT"},{"@type":"WebPage","@id":"https:\/\/www.organisator.ch\/management\/2026-02-16\/achim-schneider-wird-managing-partner-bei-retailsolutions\/","url":"https:\/\/www.organisator.ch\/management\/2026-02-16\/achim-schneider-wird-managing-partner-bei-retailsolutions\/","name":"Achim Schneider diventa socio dirigente di Retailsolutions - Organizzatore","isPartOf":{"@id":"https:\/\/www.organisator.ch\/#website"},"primaryImageOfPage":{"@id":"https:\/\/www.organisator.ch\/management\/2026-02-16\/achim-schneider-wird-managing-partner-bei-retailsolutions\/#primaryimage"},"image":{"@id":"https:\/\/www.organisator.ch\/management\/2026-02-16\/achim-schneider-wird-managing-partner-bei-retailsolutions\/#primaryimage"},"thumbnailUrl":"https:\/\/www.organisator.ch\/wp-content\/uploads\/2026\/02\/Achim_Schneider-e1771236260134.png","datePublished":"2026-02-16T10:06:34+00:00","description":"Achim Schneider diventa Managing Partner di Retailsolutions. L'ex manager di SAP \u00e8 responsabile dello sviluppo globale.","breadcrumb":{"@id":"https:\/\/www.organisator.ch\/management\/2026-02-16\/achim-schneider-wird-managing-partner-bei-retailsolutions\/#breadcrumb"},"inLanguage":"it-IT","potentialAction":[{"@type":"ReadAction","target":["https:\/\/www.organisator.ch\/management\/2026-02-16\/achim-schneider-wird-managing-partner-bei-retailsolutions\/"]}]},{"@type":"ImageObject","inLanguage":"it-IT","@id":"https:\/\/www.organisator.ch\/management\/2026-02-16\/achim-schneider-wird-managing-partner-bei-retailsolutions\/#primaryimage","url":"https:\/\/www.organisator.ch\/wp-content\/uploads\/2026\/02\/Achim_Schneider-e1771236260134.png","contentUrl":"https:\/\/www.organisator.ch\/wp-content\/uploads\/2026\/02\/Achim_Schneider-e1771236260134.png","width":1080,"height":713},{"@type":"BreadcrumbList","@id":"https:\/\/www.organisator.ch\/management\/2026-02-16\/achim-schneider-wird-managing-partner-bei-retailsolutions\/#breadcrumb","itemListElement":[{"@type":"ListItem","position":1,"name":"Home","item":"https:\/\/www.organisator.ch\/"},{"@type":"ListItem","position":2,"name":"Achim Schneider wird Managing Partner bei Retailsolutions"}]},{"@type":"WebSite","@id":"https:\/\/www.organisator.ch\/#website","url":"https:\/\/www.organisator.ch\/","name":"Organizzatore","description":"Competente. Pratico. In 10 numeri all'anno, ORGANISATOR presenta i temi essenziali per i manager delle PMI.","publisher":{"@id":"https:\/\/www.organisator.ch\/#organization"},"potentialAction":[{"@type":"SearchAction","target":{"@type":"EntryPoint","urlTemplate":"https:\/\/www.organisator.ch\/?s={search_term_string}"},"query-input":{"@type":"PropertyValueSpecification","valueRequired":true,"valueName":"search_term_string"}}],"inLanguage":"it-IT"},{"@type":"Organization","@id":"https:\/\/www.organisator.ch\/#organization","name":"Organizzatore","url":"https:\/\/www.organisator.ch\/","logo":{"@type":"ImageObject","inLanguage":"it-IT","@id":"https:\/\/www.organisator.ch\/#\/schema\/logo\/image\/","url":"https:\/\/www.organisator.ch\/wp-content\/uploads\/2022\/01\/Logo_Organisator_Website.png","contentUrl":"https:\/\/www.organisator.ch\/wp-content\/uploads\/2022\/01\/Logo_Organisator_Website.png","width":800,"height":77,"caption":"Organisator"},"image":{"@id":"https:\/\/www.organisator.ch\/#\/schema\/logo\/image\/"},"sameAs":["https:\/\/www.facebook.com\/OrganisatorFachmagazin","https:\/\/www.linkedin.com\/showcase\/organisator-das-magazin-fr-kmu","https:\/\/www.xing.com\/news\/pages\/organisator-ch-695","https:\/\/www.youtube.com\/channel\/UCGP2Sq0iWaZwT3BdIAQFYpw"]},{"@type":"Person","@id":"https:\/\/www.organisator.ch\/#\/schema\/person\/a9d0e0eff238db87a8f840f3b50359f0","name":"n8n","image":{"@type":"ImageObject","inLanguage":"it-IT","@id":"https:\/\/secure.gravatar.com\/avatar\/5368fb9d03fd415a6f335cece4c15af2502d6ca8651efbd6e8f98427a9795400?s=96&d=mm&r=g","url":"https:\/\/secure.gravatar.com\/avatar\/5368fb9d03fd415a6f335cece4c15af2502d6ca8651efbd6e8f98427a9795400?s=96&d=mm&r=g","contentUrl":"https:\/\/secure.gravatar.com\/avatar\/5368fb9d03fd415a6f335cece4c15af2502d6ca8651efbd6e8f98427a9795400?s=96&d=mm&r=g","caption":"n8n"},"url":"https:\/\/www.organisator.ch\/it\/author\/n8n\/"}]}},"_links":{"self":[{"href":"https:\/\/www.organisator.ch\/it\/wp-json\/wp\/v2\/posts\/44639","targetHints":{"allow":["GET"]}}],"collection":[{"href":"https:\/\/www.organisator.ch\/it\/wp-json\/wp\/v2\/posts"}],"about":[{"href":"https:\/\/www.organisator.ch\/it\/wp-json\/wp\/v2\/types\/post"}],"author":[{"embeddable":true,"href":"https:\/\/www.organisator.ch\/it\/wp-json\/wp\/v2\/users\/107"}],"replies":[{"embeddable":true,"href":"https:\/\/www.organisator.ch\/it\/wp-json\/wp\/v2\/comments?post=44639"}],"version-history":[{"count":5,"href":"https:\/\/www.organisator.ch\/it\/wp-json\/wp\/v2\/posts\/44639\/revisions"}],"predecessor-version":[{"id":44787,"href":"https:\/\/www.organisator.ch\/it\/wp-json\/wp\/v2\/posts\/44639\/revisions\/44787"}],"wp:featuredmedia":[{"embeddable":true,"href":"https:\/\/www.organisator.ch\/it\/wp-json\/wp\/v2\/media\/44638"}],"wp:attachment":[{"href":"https:\/\/www.organisator.ch\/it\/wp-json\/wp\/v2\/media?parent=44639"}],"wp:term":[{"taxonomy":"category","embeddable":true,"href":"https:\/\/www.organisator.ch\/it\/wp-json\/wp\/v2\/categories?post=44639"},{"taxonomy":"post_tag","embeddable":true,"href":"https:\/\/www.organisator.ch\/it\/wp-json\/wp\/v2\/tags?post=44639"}],"curies":[{"name":"wp","href":"https:\/\/api.w.org\/{rel}","templated":true}]}}