{"id":44674,"date":"2026-02-17T07:18:26","date_gmt":"2026-02-17T06:18:26","guid":{"rendered":"https:\/\/www.m-q.ch\/?p=22487"},"modified":"2026-02-16T16:45:58","modified_gmt":"2026-02-16T15:45:58","slug":"globale-laenderrisiken-sinken-trotz-intensiver-handelsspannungen","status":"publish","type":"post","link":"https:\/\/www.organisator.ch\/it\/operational-excellence\/2026-02-17\/globale-laenderrisiken-sinken-trotz-intensiver-handelsspannungen\/","title":{"rendered":"I rischi paese a livello globale diminuiscono nonostante le forti tensioni commerciali"},"content":{"rendered":"<figure id=\"attachment_22488\" class=\"wp-caption alignnone\" style=\"width: 680px;\" aria-describedby=\"caption-attachment-22488\"><img class=\"size-full wp-image-22488\" src=\"https:\/\/www.m-q.ch\/wp-content\/uploads\/2026\/02\/Globale-Laenderrisiken-sinken-trotz-intensiver-Handelsspannungen_MQ.jpg\" sizes=\"(max-width: 680px) 100vw, 680px\" srcset=\"https:\/\/www.m-q.ch\/wp-content\/uploads\/2026\/02\/Globale-Laenderrisiken-sinken-trotz-intensiver-Handelsspannungen_MQ.jpg 680w, https:\/\/www.m-q.ch\/wp-content\/uploads\/2026\/02\/Globale-Laenderrisiken-sinken-trotz-intensiver-Handelsspannungen_MQ-18x12.jpg 18w, https:\/\/www.m-q.ch\/wp-content\/uploads\/2026\/02\/Globale-Laenderrisiken-sinken-trotz-intensiver-Handelsspannungen_MQ-375x253.jpg 375w, https:\/\/www.m-q.ch\/wp-content\/uploads\/2026\/02\/Globale-Laenderrisiken-sinken-trotz-intensiver-Handelsspannungen_MQ-520x350.jpg 520w\" alt=\"\" width=\"680\" height=\"458\" \/>\r\n<figcaption id=\"caption-attachment-22488\" class=\"wp-caption-text\">Die neue Karte der L\u00e4nderrisiken. (Quelle: Allianz Trade)<\/figcaption>\r\n<\/figure>\r\n<p class=\"my-2 [&amp;+p]:mt-4 [&amp;_strong:has(+br)]:inline-block [&amp;_strong:has(+br)]:pb-2\">Allianz Trade konstatiert in seinem neuen L\u00e4nderrisikoatlas eine Entspannung des globalen Risikoumfelds \u2013 trotz hoher geopolitischer Spannungen und Handelskonflikte. 2025 wurden 36 L\u00e4nder hochgestuft, w\u00e4hrend nur 14 Herabstufungen verzeichnet wurden; der Positivtrend f\u00e4llt damit schw\u00e4cher aus als im Vorjahr, bleibt aber intakt. Zu den Gewinnern z\u00e4hlen unter anderem Argentinien, Ecuador, Ungarn, Italien, Spanien, die T\u00fcrkei und Vietnam, deren verbesserte Bewertungen vor allem auf robustere makro\u00f6konomische Fundamentaldaten sowie unterst\u00fctzende Fiskal- und Geldpolitik zur\u00fcckgef\u00fchrt werden. In vielen Schwellenl\u00e4ndern erm\u00f6glichten bessere Finanzierungsbedingungen, st\u00e4rkere W\u00e4hrungen und h\u00f6here Rohstoffpreise eine Lockerung von Transfer- und Konvertibilit\u00e4tsbeschr\u00e4nkungen, w\u00e4hrend in Europa und im asiatisch-pazifischen Raum sinkende Inflation, stabilere Politik und bessere Handelsbilanzen die Widerstandskraft erh\u00f6hten.<\/p>\r\n<h3>Verdreifachung von Herabstufung gegen\u00fcber 2024<\/h3>\r\n<p class=\"my-2 [&amp;+p]:mt-4 [&amp;_strong:has(+br)]:inline-block [&amp;_strong:has(+br)]:pb-2\">Gleichzeitig verdeckt die breite Verbesserung erhebliche mittelfristige Risiken, insbesondere weil sich die Zahl der Herabstufungen im Vergleich zu 2024 fast verdreifacht hat. Besonders ins Gewicht fallen die Downgrades von Frankreich, Belgien und den USA, die nun jeweils auf A1 eingestuft werden und zusammen einen bedeutenden Teil der Weltwirtschaft repr\u00e4sentieren. Das Risiko gilt dort weiterhin als niedrig, doch die Verschlechterung signalisiert strukturelle Verwundbarkeiten \u2013 von angespannten \u00f6ffentlichen Finanzen \u00fcber Leistungsbilanzdefizite bis hin zu einem herausfordernden mittelfristigen makro\u00f6konomischen Umfeld. Allianz-Trade-Chefin Aylin Somersan Coqui warnt vor Risikoclustern in grossen Volkswirtschaften, die rund ein Drittel des globalen BIP ausmachen und damit ein Vielfaches jener L\u00e4nder, in denen sich die Perspektiven verbessert haben.<\/p>\r\n<h3>Schweiz mit geringem L\u00e4nderrisiko<\/h3>\r\n<p class=\"my-2 [&amp;+p]:mt-4 [&amp;_strong:has(+br)]:inline-block [&amp;_strong:has(+br)]:pb-2\">Die Schweiz behauptet sich in diesem Umfeld mit einem AA-Rating und bleibt damit ein Standort mit geringem L\u00e4nderrisiko. Nach einer Erholung 2024 mit einem Wachstum von 1,4% bremsten 2025 vor allem die Unsicherheit \u00fcber die US-Handelspolitik sowie schw\u00e4chere Investitionen, w\u00e4hrend eine Mitte November ausgehandelte Senkung neu eingef\u00fchrter US-Z\u00f6lle auf Schweizer Waren die Aussichten gegen Jahresende stabilisierte. Das BIP legte 2025 um rund 1,23% zu, getrieben von exportbedingten Vorzieheffekten, die jedoch von verhaltener Investitionst\u00e4tigkeit und gedr\u00fcckter Konsumstimmung gebremst wurden; tragende S\u00e4ule blieb der private Konsum, w\u00e4hrend der Staatsverbrauch aufgrund von Sparzw\u00e4ngen nur moderat zulegen d\u00fcrfte. F\u00fcr 2026 und 2027 rechnet Allianz Trade mit einem Wachstum von 1,4% beziehungsweise 1,6%, zugleich bleiben die Firmenpleiten hoch: Nach einem Plus von 18% im Jahr 2024 stiegen die Insolvenzen 2025 weiter, erst f\u00fcr 2026 und 2027 wird mit R\u00fcckg\u00e4ngen von 6% beziehungsweise 11% gerechnet.<\/p>\r\n<p class=\"my-2 [&amp;+p]:mt-4 [&amp;_strong:has(+br)]:inline-block [&amp;_strong:has(+br)]:pb-2\">Die Inflation in der Schweiz bleibt derweil deutlich unter dem Zielwert der Nationalbank. 2024 betrug sie 1,1%, ged\u00e4mpft durch den starken Franken und gesunkene Energiepreise; 2025 lag die Teuerung mit 0,2% praktisch bei Null, gest\u00fctzt von billigeren Importen, niedrigen Energiepreisen und geringeren Mietanstiegen. F\u00fcr 2026 erwartet Allianz Trade eine Inflationsrate von 0,4% und einen moderaten Anstieg auf 0,7% im Jahr 2027, w\u00e4hrend der starke Franken und niedrige Energiepreise weiterhin disinflation\u00e4r wirken und die SNB ihren Leitzins im gesamten Prognosezeitraum bei 0% belassen d\u00fcrfte.<\/p>\r\n<h3>Ambivalentes Bild f\u00fcr Unternehmen<\/h3>\r\n<p class=\"my-2 [&amp;+p]:mt-4 [&amp;_strong:has(+br)]:inline-block [&amp;_strong:has(+br)]:pb-2\">Aus Sicht der Unternehmen entsteht damit ein ambivalentes Bild: Einerseits profitieren sie von insgesamt sinkenden L\u00e4nderrisiken und robusteren Rahmenbedingungen in vielen M\u00e4rkten, andererseits zwingt die H\u00e4ufung von Downgrades in grossen Volkswirtschaften zu einem deutlich selektiveren, l\u00e4nderspezifischen Risikomanagement. Allianz Trade pl\u00e4diert f\u00fcr einen vorausschauenden Ansatz, der \u00fcber die Rating-Headline hinausgeht und insbesondere Transfer- und Konvertibilit\u00e4tsrisiken, fiskalische Entwicklung und handelspolitische Risiken laufend \u00fcberwacht, um Wendepunkte fr\u00fchzeitig zu erkennen und Verm\u00f6genswerte zu sch\u00fctzen.<\/p>\r\n<p><em>Quelle: <a href=\"https:\/\/www.allianz-trade.com\/de_CH.html\">Allianz Trade<\/a><\/em><\/p>\n<p class=\"syndicated-attribution\">Dieser Beitrag erschien urspr\u00fcnglich auf m-q.ch - <a href=\"https:\/\/www.m-q.ch\/de\/globale-laenderrisiken-sinken-trotz-intensiver-handelsspannungen\/\" target=\"_blank\">https:\/\/www.m-q.ch\/de\/globale-laenderrisiken-sinken-trotz-intensiver-handelsspannungen\/<\/a><\/p>","protected":false},"excerpt":{"rendered":"<p>L'assicuratore creditizio Allianz Trade ha pubblicato per la terza volta il suo Atlante del rischio Paese. L'Atlante valuta le prospettive economiche, i rischi e le opportunit\u00e0 di 83 Paesi.<\/p>","protected":false},"author":8,"featured_media":0,"comment_status":"closed","ping_status":"closed","sticky":false,"template":"","format":"standard","meta":{"_acf_changed":false,"_yoast_wpseo_focuskw":"L\u00e4nderrisiken","_yoast_wpseo_metadesc":"Zum dritten Mal hat der Kreditversicherer Allianz Trade seinen aktuellen Atlas f\u00fcr L\u00e4nderrisiken ver\u00f6ffentlicht.","articlekey":"","footnotes":""},"categories":[582],"tags":[5058,418],"class_list":["post-44674","post","type-post","status-publish","format-standard","hentry","category-operational-excellence","tag-laenderrisiko","tag-risikomanagement"],"acf":[],"yoast_head":"<!-- This site is optimized with the Yoast SEO plugin v27.5 - https:\/\/yoast.com\/product\/yoast-seo-wordpress\/ -->\n<title>Globale L\u00e4nderrisiken sinken trotz intensiver Handelsspannungen - Organisator<\/title>\n<meta name=\"description\" content=\"Zum dritten Mal hat der Kreditversicherer Allianz Trade seinen aktuellen Atlas f\u00fcr L\u00e4nderrisiken ver\u00f6ffentlicht.\" \/>\n<meta name=\"robots\" content=\"index, follow, max-snippet:-1, max-image-preview:large, max-video-preview:-1\" \/>\n<link rel=\"canonical\" href=\"https:\/\/www.organisator.ch\/it\/eccellenza-operativa\/2026-02-17\/globale-laenderrisiken-sinken-trotz-intensiver-handelsspannungen\/\" \/>\n<meta property=\"og:locale\" content=\"it_IT\" \/>\n<meta property=\"og:type\" content=\"article\" \/>\n<meta property=\"og:title\" content=\"Globale L\u00e4nderrisiken sinken trotz intensiver Handelsspannungen - Organisator\" \/>\n<meta property=\"og:description\" content=\"Zum dritten Mal hat der Kreditversicherer Allianz Trade seinen aktuellen Atlas f\u00fcr L\u00e4nderrisiken ver\u00f6ffentlicht.\" \/>\n<meta property=\"og:url\" content=\"https:\/\/www.organisator.ch\/it\/eccellenza-operativa\/2026-02-17\/globale-laenderrisiken-sinken-trotz-intensiver-handelsspannungen\/\" \/>\n<meta property=\"og:site_name\" content=\"Organisator\" \/>\n<meta property=\"article:publisher\" content=\"https:\/\/www.facebook.com\/OrganisatorFachmagazin\" \/>\n<meta property=\"article:published_time\" content=\"2026-02-17T06:18:26+00:00\" \/>\n<meta name=\"author\" content=\"galledia\" \/>\n<meta name=\"twitter:card\" content=\"summary_large_image\" \/>\n<meta name=\"twitter:creator\" content=\"@admin\" \/>\n<script type=\"application\/ld+json\" class=\"yoast-schema-graph\">{\"@context\":\"https:\\\/\\\/schema.org\",\"@graph\":[{\"@type\":\"Article\",\"@id\":\"https:\\\/\\\/www.organisator.ch\\\/operational-excellence\\\/2026-02-17\\\/globale-laenderrisiken-sinken-trotz-intensiver-handelsspannungen\\\/#article\",\"isPartOf\":{\"@id\":\"https:\\\/\\\/www.organisator.ch\\\/operational-excellence\\\/2026-02-17\\\/globale-laenderrisiken-sinken-trotz-intensiver-handelsspannungen\\\/\"},\"author\":{\"name\":\"galledia\",\"@id\":\"https:\\\/\\\/www.organisator.ch\\\/#\\\/schema\\\/person\\\/4e51799071cd2dd1232ac003643ef5f0\"},\"headline\":\"Globale L\u00e4nderrisiken sinken trotz intensiver Handelsspannungen\",\"datePublished\":\"2026-02-17T06:18:26+00:00\",\"mainEntityOfPage\":{\"@id\":\"https:\\\/\\\/www.organisator.ch\\\/operational-excellence\\\/2026-02-17\\\/globale-laenderrisiken-sinken-trotz-intensiver-handelsspannungen\\\/\"},\"wordCount\":564,\"publisher\":{\"@id\":\"https:\\\/\\\/www.organisator.ch\\\/#organization\"},\"image\":{\"@id\":\"https:\\\/\\\/www.organisator.ch\\\/operational-excellence\\\/2026-02-17\\\/globale-laenderrisiken-sinken-trotz-intensiver-handelsspannungen\\\/#primaryimage\"},\"thumbnailUrl\":\"https:\\\/\\\/www.m-q.ch\\\/wp-content\\\/uploads\\\/2026\\\/02\\\/Globale-Laenderrisiken-sinken-trotz-intensiver-Handelsspannungen_MQ.jpg\",\"keywords\":[\"L\u00e4nderrisiko\",\"Risikomanagement\"],\"articleSection\":[\"OPERATIONAL EXCELLENCE\"],\"inLanguage\":\"it-IT\"},{\"@type\":\"WebPage\",\"@id\":\"https:\\\/\\\/www.organisator.ch\\\/operational-excellence\\\/2026-02-17\\\/globale-laenderrisiken-sinken-trotz-intensiver-handelsspannungen\\\/\",\"url\":\"https:\\\/\\\/www.organisator.ch\\\/operational-excellence\\\/2026-02-17\\\/globale-laenderrisiken-sinken-trotz-intensiver-handelsspannungen\\\/\",\"name\":\"Globale L\u00e4nderrisiken sinken trotz intensiver Handelsspannungen - Organisator\",\"isPartOf\":{\"@id\":\"https:\\\/\\\/www.organisator.ch\\\/#website\"},\"primaryImageOfPage\":{\"@id\":\"https:\\\/\\\/www.organisator.ch\\\/operational-excellence\\\/2026-02-17\\\/globale-laenderrisiken-sinken-trotz-intensiver-handelsspannungen\\\/#primaryimage\"},\"image\":{\"@id\":\"https:\\\/\\\/www.organisator.ch\\\/operational-excellence\\\/2026-02-17\\\/globale-laenderrisiken-sinken-trotz-intensiver-handelsspannungen\\\/#primaryimage\"},\"thumbnailUrl\":\"https:\\\/\\\/www.m-q.ch\\\/wp-content\\\/uploads\\\/2026\\\/02\\\/Globale-Laenderrisiken-sinken-trotz-intensiver-Handelsspannungen_MQ.jpg\",\"datePublished\":\"2026-02-17T06:18:26+00:00\",\"description\":\"Zum dritten Mal hat der Kreditversicherer Allianz Trade seinen aktuellen Atlas f\u00fcr L\u00e4nderrisiken ver\u00f6ffentlicht.\",\"breadcrumb\":{\"@id\":\"https:\\\/\\\/www.organisator.ch\\\/operational-excellence\\\/2026-02-17\\\/globale-laenderrisiken-sinken-trotz-intensiver-handelsspannungen\\\/#breadcrumb\"},\"inLanguage\":\"it-IT\",\"potentialAction\":[{\"@type\":\"ReadAction\",\"target\":[\"https:\\\/\\\/www.organisator.ch\\\/operational-excellence\\\/2026-02-17\\\/globale-laenderrisiken-sinken-trotz-intensiver-handelsspannungen\\\/\"]}]},{\"@type\":\"ImageObject\",\"inLanguage\":\"it-IT\",\"@id\":\"https:\\\/\\\/www.organisator.ch\\\/operational-excellence\\\/2026-02-17\\\/globale-laenderrisiken-sinken-trotz-intensiver-handelsspannungen\\\/#primaryimage\",\"url\":\"https:\\\/\\\/www.m-q.ch\\\/wp-content\\\/uploads\\\/2026\\\/02\\\/Globale-Laenderrisiken-sinken-trotz-intensiver-Handelsspannungen_MQ.jpg\",\"contentUrl\":\"https:\\\/\\\/www.m-q.ch\\\/wp-content\\\/uploads\\\/2026\\\/02\\\/Globale-Laenderrisiken-sinken-trotz-intensiver-Handelsspannungen_MQ.jpg\"},{\"@type\":\"BreadcrumbList\",\"@id\":\"https:\\\/\\\/www.organisator.ch\\\/operational-excellence\\\/2026-02-17\\\/globale-laenderrisiken-sinken-trotz-intensiver-handelsspannungen\\\/#breadcrumb\",\"itemListElement\":[{\"@type\":\"ListItem\",\"position\":1,\"name\":\"Home\",\"item\":\"https:\\\/\\\/www.organisator.ch\\\/\"},{\"@type\":\"ListItem\",\"position\":2,\"name\":\"Globale L\u00e4nderrisiken sinken trotz intensiver Handelsspannungen\"}]},{\"@type\":\"WebSite\",\"@id\":\"https:\\\/\\\/www.organisator.ch\\\/#website\",\"url\":\"https:\\\/\\\/www.organisator.ch\\\/\",\"name\":\"Organisator\",\"description\":\"Kompetent. Praxisnah. Der ORGANISATOR bereitet in 10 Ausgaben pro Jahr die wesentlichen Themen f\u00fcr F\u00fchrungskr\u00e4fte von KMU auf.\",\"publisher\":{\"@id\":\"https:\\\/\\\/www.organisator.ch\\\/#organization\"},\"potentialAction\":[{\"@type\":\"SearchAction\",\"target\":{\"@type\":\"EntryPoint\",\"urlTemplate\":\"https:\\\/\\\/www.organisator.ch\\\/?s={search_term_string}\"},\"query-input\":{\"@type\":\"PropertyValueSpecification\",\"valueRequired\":true,\"valueName\":\"search_term_string\"}}],\"inLanguage\":\"it-IT\"},{\"@type\":\"Organization\",\"@id\":\"https:\\\/\\\/www.organisator.ch\\\/#organization\",\"name\":\"Organisator\",\"url\":\"https:\\\/\\\/www.organisator.ch\\\/\",\"logo\":{\"@type\":\"ImageObject\",\"inLanguage\":\"it-IT\",\"@id\":\"https:\\\/\\\/www.organisator.ch\\\/#\\\/schema\\\/logo\\\/image\\\/\",\"url\":\"https:\\\/\\\/www.organisator.ch\\\/wp-content\\\/uploads\\\/2022\\\/01\\\/Logo_Organisator_Website.png\",\"contentUrl\":\"https:\\\/\\\/www.organisator.ch\\\/wp-content\\\/uploads\\\/2022\\\/01\\\/Logo_Organisator_Website.png\",\"width\":800,\"height\":77,\"caption\":\"Organisator\"},\"image\":{\"@id\":\"https:\\\/\\\/www.organisator.ch\\\/#\\\/schema\\\/logo\\\/image\\\/\"},\"sameAs\":[\"https:\\\/\\\/www.facebook.com\\\/OrganisatorFachmagazin\",\"https:\\\/\\\/www.linkedin.com\\\/showcase\\\/organisator-das-magazin-fr-kmu\",\"https:\\\/\\\/www.xing.com\\\/news\\\/pages\\\/organisator-ch-695\",\"https:\\\/\\\/www.youtube.com\\\/channel\\\/UCGP2Sq0iWaZwT3BdIAQFYpw\"]},{\"@type\":\"Person\",\"@id\":\"https:\\\/\\\/www.organisator.ch\\\/#\\\/schema\\\/person\\\/4e51799071cd2dd1232ac003643ef5f0\",\"name\":\"galledia\",\"image\":{\"@type\":\"ImageObject\",\"inLanguage\":\"it-IT\",\"@id\":\"https:\\\/\\\/secure.gravatar.com\\\/avatar\\\/78a7f90c01fc2bfc875782a0d4922b37cde2cf184ce347b91316d23cd7f69a36?s=96&d=mm&r=g\",\"url\":\"https:\\\/\\\/secure.gravatar.com\\\/avatar\\\/78a7f90c01fc2bfc875782a0d4922b37cde2cf184ce347b91316d23cd7f69a36?s=96&d=mm&r=g\",\"contentUrl\":\"https:\\\/\\\/secure.gravatar.com\\\/avatar\\\/78a7f90c01fc2bfc875782a0d4922b37cde2cf184ce347b91316d23cd7f69a36?s=96&d=mm&r=g\",\"caption\":\"galledia\"},\"sameAs\":[\"https:\\\/\\\/x.com\\\/admin\"],\"url\":\"https:\\\/\\\/www.organisator.ch\\\/it\\\/author\\\/galledia\\\/\"}]}<\/script>\n<!-- \/ Yoast SEO plugin. -->","yoast_head_json":{"title":"I rischi paese globali diminuiscono nonostante le intense tensioni commerciali - Organizzatore","description":"L'assicuratore creditizio Allianz Trade ha pubblicato per la terza volta il suo ultimo atlante dei rischi paese.","robots":{"index":"index","follow":"follow","max-snippet":"max-snippet:-1","max-image-preview":"max-image-preview:large","max-video-preview":"max-video-preview:-1"},"canonical":"https:\/\/www.organisator.ch\/it\/eccellenza-operativa\/2026-02-17\/globale-laenderrisiken-sinken-trotz-intensiver-handelsspannungen\/","og_locale":"it_IT","og_type":"article","og_title":"Globale L\u00e4nderrisiken sinken trotz intensiver Handelsspannungen - Organisator","og_description":"Zum dritten Mal hat der Kreditversicherer Allianz Trade seinen aktuellen Atlas f\u00fcr L\u00e4nderrisiken ver\u00f6ffentlicht.","og_url":"https:\/\/www.organisator.ch\/it\/eccellenza-operativa\/2026-02-17\/globale-laenderrisiken-sinken-trotz-intensiver-handelsspannungen\/","og_site_name":"Organisator","article_publisher":"https:\/\/www.facebook.com\/OrganisatorFachmagazin","article_published_time":"2026-02-17T06:18:26+00:00","author":"galledia","twitter_card":"summary_large_image","twitter_creator":"@admin","schema":{"@context":"https:\/\/schema.org","@graph":[{"@type":"Article","@id":"https:\/\/www.organisator.ch\/operational-excellence\/2026-02-17\/globale-laenderrisiken-sinken-trotz-intensiver-handelsspannungen\/#article","isPartOf":{"@id":"https:\/\/www.organisator.ch\/operational-excellence\/2026-02-17\/globale-laenderrisiken-sinken-trotz-intensiver-handelsspannungen\/"},"author":{"name":"galledia","@id":"https:\/\/www.organisator.ch\/#\/schema\/person\/4e51799071cd2dd1232ac003643ef5f0"},"headline":"Globale L\u00e4nderrisiken sinken trotz intensiver Handelsspannungen","datePublished":"2026-02-17T06:18:26+00:00","mainEntityOfPage":{"@id":"https:\/\/www.organisator.ch\/operational-excellence\/2026-02-17\/globale-laenderrisiken-sinken-trotz-intensiver-handelsspannungen\/"},"wordCount":564,"publisher":{"@id":"https:\/\/www.organisator.ch\/#organization"},"image":{"@id":"https:\/\/www.organisator.ch\/operational-excellence\/2026-02-17\/globale-laenderrisiken-sinken-trotz-intensiver-handelsspannungen\/#primaryimage"},"thumbnailUrl":"https:\/\/www.m-q.ch\/wp-content\/uploads\/2026\/02\/Globale-Laenderrisiken-sinken-trotz-intensiver-Handelsspannungen_MQ.jpg","keywords":["L\u00e4nderrisiko","Risikomanagement"],"articleSection":["OPERATIONAL EXCELLENCE"],"inLanguage":"it-IT"},{"@type":"WebPage","@id":"https:\/\/www.organisator.ch\/operational-excellence\/2026-02-17\/globale-laenderrisiken-sinken-trotz-intensiver-handelsspannungen\/","url":"https:\/\/www.organisator.ch\/operational-excellence\/2026-02-17\/globale-laenderrisiken-sinken-trotz-intensiver-handelsspannungen\/","name":"I rischi paese globali diminuiscono nonostante le intense tensioni commerciali - Organizzatore","isPartOf":{"@id":"https:\/\/www.organisator.ch\/#website"},"primaryImageOfPage":{"@id":"https:\/\/www.organisator.ch\/operational-excellence\/2026-02-17\/globale-laenderrisiken-sinken-trotz-intensiver-handelsspannungen\/#primaryimage"},"image":{"@id":"https:\/\/www.organisator.ch\/operational-excellence\/2026-02-17\/globale-laenderrisiken-sinken-trotz-intensiver-handelsspannungen\/#primaryimage"},"thumbnailUrl":"https:\/\/www.m-q.ch\/wp-content\/uploads\/2026\/02\/Globale-Laenderrisiken-sinken-trotz-intensiver-Handelsspannungen_MQ.jpg","datePublished":"2026-02-17T06:18:26+00:00","description":"L'assicuratore creditizio Allianz Trade ha pubblicato per la terza volta il suo ultimo atlante dei rischi paese.","breadcrumb":{"@id":"https:\/\/www.organisator.ch\/operational-excellence\/2026-02-17\/globale-laenderrisiken-sinken-trotz-intensiver-handelsspannungen\/#breadcrumb"},"inLanguage":"it-IT","potentialAction":[{"@type":"ReadAction","target":["https:\/\/www.organisator.ch\/operational-excellence\/2026-02-17\/globale-laenderrisiken-sinken-trotz-intensiver-handelsspannungen\/"]}]},{"@type":"ImageObject","inLanguage":"it-IT","@id":"https:\/\/www.organisator.ch\/operational-excellence\/2026-02-17\/globale-laenderrisiken-sinken-trotz-intensiver-handelsspannungen\/#primaryimage","url":"https:\/\/www.m-q.ch\/wp-content\/uploads\/2026\/02\/Globale-Laenderrisiken-sinken-trotz-intensiver-Handelsspannungen_MQ.jpg","contentUrl":"https:\/\/www.m-q.ch\/wp-content\/uploads\/2026\/02\/Globale-Laenderrisiken-sinken-trotz-intensiver-Handelsspannungen_MQ.jpg"},{"@type":"BreadcrumbList","@id":"https:\/\/www.organisator.ch\/operational-excellence\/2026-02-17\/globale-laenderrisiken-sinken-trotz-intensiver-handelsspannungen\/#breadcrumb","itemListElement":[{"@type":"ListItem","position":1,"name":"Home","item":"https:\/\/www.organisator.ch\/"},{"@type":"ListItem","position":2,"name":"Globale L\u00e4nderrisiken sinken trotz intensiver Handelsspannungen"}]},{"@type":"WebSite","@id":"https:\/\/www.organisator.ch\/#website","url":"https:\/\/www.organisator.ch\/","name":"Organizzatore","description":"Competente. Pratico. In 10 numeri all'anno, ORGANISATOR presenta i temi essenziali per i manager delle PMI.","publisher":{"@id":"https:\/\/www.organisator.ch\/#organization"},"potentialAction":[{"@type":"SearchAction","target":{"@type":"EntryPoint","urlTemplate":"https:\/\/www.organisator.ch\/?s={search_term_string}"},"query-input":{"@type":"PropertyValueSpecification","valueRequired":true,"valueName":"search_term_string"}}],"inLanguage":"it-IT"},{"@type":"Organization","@id":"https:\/\/www.organisator.ch\/#organization","name":"Organizzatore","url":"https:\/\/www.organisator.ch\/","logo":{"@type":"ImageObject","inLanguage":"it-IT","@id":"https:\/\/www.organisator.ch\/#\/schema\/logo\/image\/","url":"https:\/\/www.organisator.ch\/wp-content\/uploads\/2022\/01\/Logo_Organisator_Website.png","contentUrl":"https:\/\/www.organisator.ch\/wp-content\/uploads\/2022\/01\/Logo_Organisator_Website.png","width":800,"height":77,"caption":"Organisator"},"image":{"@id":"https:\/\/www.organisator.ch\/#\/schema\/logo\/image\/"},"sameAs":["https:\/\/www.facebook.com\/OrganisatorFachmagazin","https:\/\/www.linkedin.com\/showcase\/organisator-das-magazin-fr-kmu","https:\/\/www.xing.com\/news\/pages\/organisator-ch-695","https:\/\/www.youtube.com\/channel\/UCGP2Sq0iWaZwT3BdIAQFYpw"]},{"@type":"Person","@id":"https:\/\/www.organisator.ch\/#\/schema\/person\/4e51799071cd2dd1232ac003643ef5f0","name":"galledia","image":{"@type":"ImageObject","inLanguage":"it-IT","@id":"https:\/\/secure.gravatar.com\/avatar\/78a7f90c01fc2bfc875782a0d4922b37cde2cf184ce347b91316d23cd7f69a36?s=96&d=mm&r=g","url":"https:\/\/secure.gravatar.com\/avatar\/78a7f90c01fc2bfc875782a0d4922b37cde2cf184ce347b91316d23cd7f69a36?s=96&d=mm&r=g","contentUrl":"https:\/\/secure.gravatar.com\/avatar\/78a7f90c01fc2bfc875782a0d4922b37cde2cf184ce347b91316d23cd7f69a36?s=96&d=mm&r=g","caption":"galledia"},"sameAs":["https:\/\/x.com\/admin"],"url":"https:\/\/www.organisator.ch\/it\/author\/galledia\/"}]}},"_links":{"self":[{"href":"https:\/\/www.organisator.ch\/it\/wp-json\/wp\/v2\/posts\/44674","targetHints":{"allow":["GET"]}}],"collection":[{"href":"https:\/\/www.organisator.ch\/it\/wp-json\/wp\/v2\/posts"}],"about":[{"href":"https:\/\/www.organisator.ch\/it\/wp-json\/wp\/v2\/types\/post"}],"author":[{"embeddable":true,"href":"https:\/\/www.organisator.ch\/it\/wp-json\/wp\/v2\/users\/8"}],"replies":[{"embeddable":true,"href":"https:\/\/www.organisator.ch\/it\/wp-json\/wp\/v2\/comments?post=44674"}],"version-history":[{"count":5,"href":"https:\/\/www.organisator.ch\/it\/wp-json\/wp\/v2\/posts\/44674\/revisions"}],"predecessor-version":[{"id":44701,"href":"https:\/\/www.organisator.ch\/it\/wp-json\/wp\/v2\/posts\/44674\/revisions\/44701"}],"wp:attachment":[{"href":"https:\/\/www.organisator.ch\/it\/wp-json\/wp\/v2\/media?parent=44674"}],"wp:term":[{"taxonomy":"category","embeddable":true,"href":"https:\/\/www.organisator.ch\/it\/wp-json\/wp\/v2\/categories?post=44674"},{"taxonomy":"post_tag","embeddable":true,"href":"https:\/\/www.organisator.ch\/it\/wp-json\/wp\/v2\/tags?post=44674"}],"curies":[{"name":"wp","href":"https:\/\/api.w.org\/{rel}","templated":true}]}}