{"id":44731,"date":"2026-02-18T10:00:00","date_gmt":"2026-02-18T09:00:00","guid":{"rendered":"https:\/\/www.organisator.ch\/de\/?p=44731"},"modified":"2026-02-18T10:00:00","modified_gmt":"2026-02-18T09:00:00","slug":"kleinstwagen-als-vernuenftig-erachtet-doch-niemand-will-sie-fahren","status":"publish","type":"post","link":"https:\/\/www.organisator.ch\/it\/sustainability\/2026-02-18\/kleinstwagen-als-vernuenftig-erachtet-doch-niemand-will-sie-fahren\/","title":{"rendered":"Le microcar sono considerate sensate, ma nessuno vuole guidarle"},"content":{"rendered":"<figure>\n<figure style=\"width: 540px\" class=\"wp-caption alignnone\"><img loading=\"lazy\" decoding=\"async\" src=\"https:\/\/www.organisator.ch\/wp-content\/uploads\/2026\/02\/Bild-Kleinstwagen.jpg\" alt=\"Veicolo terrestre, Veicolo, Auto\" width=\"540\" height=\"403\" \/><figcaption class=\"wp-caption-text\">Le microcar sono considerate facili da parcheggiare, ma troppo piccole per l'uso quotidiano. Fonte: zvg<\/figcaption><\/figure><br \/>\n<\/figure>\n<p>Secondo uno studio rappresentativo commissionato da AutoScout24, solo il 4% delle famiglie svizzere possiede una microcar. Queste includono microcar come Microlino, Fiat Topolino o Citro\u00ebn Ami. Solo il 17% della popolazione pu\u00f2 immaginare di acquistare o prendere in leasing un veicolo di questo tipo nei prossimi due anni. Tuttavia, la pressione della sofferenza nel traffico stradale \u00e8 certamente presente: Sei intervistati su dieci ritengono che le auto in circolazione sulle strade svizzere siano troppo grandi. Questa percezione \u00e8 particolarmente accentuata tra le persone attente all'ambiente, l'85% delle quali critica le dimensioni dei veicoli. Allo stesso tempo, per\u00f2, solo il 28% ritiene che le auto troppo grandi siano un fattore chiave di stress. Dal punto di vista della popolazione, il comportamento sconsiderato degli altri utenti della strada, gli ingorghi e la ricerca di un parcheggio sono molto pi\u00f9 stressanti.<\/p>\n<h3>Troppo piccolo per l'uso quotidiano<\/h3>\n<p>Per quanto riguarda i tipi di mobilit\u00e0, gli svizzeri si classificano pi\u00f9 spesso come orientati al tempo (34%), seguiti da quelli orientati al comfort (24%) e alla sostenibilit\u00e0 (23%). Il denaro sembra giocare un ruolo relativamente minore: Circa il 19% si classifica come attento ai costi.<\/p>\n<p>La popolazione svizzera percepisce le microcar soprattutto come facili da parcheggiare (56%). Allo stesso tempo, molti li associano a poco spazio per riporre i bagagli (49%) e a una limitata protezione degli occupanti. Solo un quarto degli intervistati associa le microcar al rispetto dell'ambiente. Di conseguenza, il 64% le considera principalmente un secondo veicolo e solo il 15% le considera un modello adatto al proprio stile di vita.<\/p>\n<figure>\n<figure style=\"width: 921px\" class=\"wp-caption alignnone\"><img loading=\"lazy\" decoding=\"async\" src=\"https:\/\/www.organisator.ch\/wp-content\/uploads\/2026\/02\/1.jpeg\" alt=\"Testo, carattere, diagramma\" width=\"921\" height=\"691\" \/><figcaption class=\"wp-caption-text\">La percezione delle microcar in Svizzera. Fonte: zvg<\/figcaption><\/figure><br \/>\n<\/figure>\n<p>Lo scetticismo \u00e8 particolarmente evidente quando si parla di idoneit\u00e0 alla famiglia: Oltre l'80% ritiene che le utilitarie non siano adatte alla vita familiare di tutti i giorni. Per molti la questione \u00e8 chiusa: circa la met\u00e0 di coloro che non sono interessati all'acquisto non menzionano alcun aspetto che potrebbe far loro cambiare idea. Il desiderio pi\u00f9 frequentemente espresso di avere pi\u00f9 spazio a disposizione contraddice il concetto di base di questa categoria di veicoli.<\/p>\n<h3>Prezzo-prestazioni nella domanda<\/h3>\n<p>Chi trova attraenti le microcar lo fa principalmente per motivi razionali. L'argomento d'acquisto pi\u00f9 importante \u00e8 il buon rapporto qualit\u00e0-prezzo, seguito dalla sostenibilit\u00e0, dai costi di manutenzione favorevoli e dall'idoneit\u00e0 a percorrere brevi distanze nel traffico cittadino. In media, la popolazione svizzera considera un prezzo ragionevole poco meno di 10.000 franchi. I dati di mercato di AutoScout24 mostrano che i modelli corrispondenti rientrano in questo segmento di prezzo: La Citro\u00ebn Ami \u00e8 stata pubblicizzata a circa 9.925 franchi in media nel 2025, mentre la Fiat Topolino \u00e8 stata pubblicizzata a circa 11.182 franchi. Le aspettative di prezzo e l'offerta di mercato sono quindi vicine, anche se l'interesse su AutoScout24 rimane basso.<\/p>\n<h3>Sostenibilit\u00e0 con limiti<\/h3>\n<p>Le microcar sono viste come una soluzione soprattutto per il consumo di spazio da parte delle auto in sosta: Tre quarti degli intervistati ritiene che avrebbero un effetto positivo. Molti ritengono inoltre che l'inquinamento acustico e atmosferico potrebbe essere almeno parzialmente alleviato. Per contro, solo il 33% ritiene che potrebbero contribuire in modo significativo alla congestione del traffico.<\/p>\n<p>\u00abPer molti svizzeri, le auto compatte sono pi\u00f9 un complemento che un sostituto: nella vita di tutti i giorni, i veicoli che offrono pi\u00f9 spazio e flessibilit\u00e0 continuano a dominare nel Paese dei guidatori di SUV\u00bb, afferma Alberto Sanz de Lama, Managing Director AutoScout24 di SMG Swiss Marketplace Group.<\/p>\n<p><strong>Base dati:<\/strong> Per conto di AutoScout24, YouGov Svizzera ha condotto un sondaggio online rappresentativo dal 6 al 14 gennaio 2026. Sono state intervistate 656 persone di et\u00e0 compresa tra i 18 e i 79 anni della Svizzera tedesca e francese. I risultati sono ponderati per sesso, et\u00e0 e regione e sono rappresentativi della popolazione online della Svizzera tedesca e francese.<\/p>\n<p><em><a href=\"https:\/\/www.autoscout24.ch\" target=\"_blank\" rel=\"noopener\">www.autoscout24.ch<\/a><\/em><\/p>","protected":false},"excerpt":{"rendered":"<p>La maggioranza della popolazione svizzera ritiene che le auto siano troppo grandi. In particolare, le persone attente all'ambiente criticano le dimensioni dei veicoli. Ma quando si tratta di possedere un'auto, spazio, comfort e flessibilit\u00e0 continuano a dominare. Le auto piccole rimangono un fenomeno marginale, nonostante le citt\u00e0 in crescita e la carenza di parcheggi.<\/p>","protected":false},"author":107,"featured_media":44730,"comment_status":"closed","ping_status":"closed","sticky":false,"template":"","format":"standard","meta":{"_acf_changed":false,"_yoast_wpseo_focuskw":"Kleinstwagen","_yoast_wpseo_metadesc":"Kleinstwagen gelten als sinnvoll, doch nur 4% der Schweizer Haushalte besitzen eines. Platz und Komfort dominieren beim eigenen Auto.","articlekey":"","footnotes":""},"categories":[580],"tags":[744,5829,354],"class_list":["post-44731","post","type-post","status-publish","format-standard","has-post-thumbnail","hentry","category-sustainability","tag-auto","tag-kleinwagen","tag-mobilitaet"],"acf":[],"yoast_head":"<!-- This site is optimized with the Yoast SEO plugin v27.4 - https:\/\/yoast.com\/product\/yoast-seo-wordpress\/ -->\n<title>Kleinstwagen als vern\u00fcnftig erachtet \u2013 doch niemand will sie fahren - Organisator<\/title>\n<meta name=\"description\" content=\"Kleinstwagen gelten als sinnvoll, doch nur 4% der Schweizer Haushalte besitzen eines. Platz und Komfort dominieren beim eigenen Auto.\" \/>\n<meta name=\"robots\" content=\"index, follow, max-snippet:-1, max-image-preview:large, max-video-preview:-1\" \/>\n<link rel=\"canonical\" href=\"https:\/\/www.organisator.ch\/it\/sostenibilita\/2026-02-18\/kleinstwagen-als-vernuenftig-erachtet-doch-niemand-will-sie-fahren\/\" \/>\n<meta property=\"og:locale\" content=\"it_IT\" \/>\n<meta property=\"og:type\" content=\"article\" \/>\n<meta property=\"og:title\" content=\"Kleinstwagen als vern\u00fcnftig erachtet \u2013 doch niemand will sie fahren - Organisator\" \/>\n<meta property=\"og:description\" content=\"Kleinstwagen gelten als sinnvoll, doch nur 4% der Schweizer Haushalte besitzen eines. Platz und Komfort dominieren beim eigenen Auto.\" \/>\n<meta property=\"og:url\" content=\"https:\/\/www.organisator.ch\/it\/sostenibilita\/2026-02-18\/kleinstwagen-als-vernuenftig-erachtet-doch-niemand-will-sie-fahren\/\" \/>\n<meta property=\"og:site_name\" content=\"Organisator\" \/>\n<meta property=\"article:publisher\" content=\"https:\/\/www.facebook.com\/OrganisatorFachmagazin\" \/>\n<meta property=\"article:published_time\" content=\"2026-02-18T09:00:00+00:00\" \/>\n<meta property=\"og:image\" content=\"https:\/\/www.organisator.ch\/wp-content\/uploads\/2026\/02\/Bild-Kleinstwagen.jpg\" \/>\n\t<meta property=\"og:image:width\" content=\"540\" \/>\n\t<meta property=\"og:image:height\" content=\"403\" \/>\n\t<meta property=\"og:image:type\" content=\"image\/jpeg\" \/>\n<meta name=\"author\" content=\"n8n\" \/>\n<meta name=\"twitter:card\" content=\"summary_large_image\" \/>\n<script type=\"application\/ld+json\" class=\"yoast-schema-graph\">{\"@context\":\"https:\\\/\\\/schema.org\",\"@graph\":[{\"@type\":\"Article\",\"@id\":\"https:\\\/\\\/www.organisator.ch\\\/sustainability\\\/2026-02-18\\\/kleinstwagen-als-vernuenftig-erachtet-doch-niemand-will-sie-fahren\\\/#article\",\"isPartOf\":{\"@id\":\"https:\\\/\\\/www.organisator.ch\\\/sustainability\\\/2026-02-18\\\/kleinstwagen-als-vernuenftig-erachtet-doch-niemand-will-sie-fahren\\\/\"},\"author\":{\"name\":\"n8n\",\"@id\":\"https:\\\/\\\/www.organisator.ch\\\/#\\\/schema\\\/person\\\/a9d0e0eff238db87a8f840f3b50359f0\"},\"headline\":\"Kleinstwagen als vern\u00fcnftig erachtet \u2013 doch niemand will sie fahren\",\"datePublished\":\"2026-02-18T09:00:00+00:00\",\"mainEntityOfPage\":{\"@id\":\"https:\\\/\\\/www.organisator.ch\\\/sustainability\\\/2026-02-18\\\/kleinstwagen-als-vernuenftig-erachtet-doch-niemand-will-sie-fahren\\\/\"},\"wordCount\":582,\"publisher\":{\"@id\":\"https:\\\/\\\/www.organisator.ch\\\/#organization\"},\"image\":{\"@id\":\"https:\\\/\\\/www.organisator.ch\\\/sustainability\\\/2026-02-18\\\/kleinstwagen-als-vernuenftig-erachtet-doch-niemand-will-sie-fahren\\\/#primaryimage\"},\"thumbnailUrl\":\"https:\\\/\\\/www.organisator.ch\\\/wp-content\\\/uploads\\\/2026\\\/02\\\/Bild-Kleinstwagen.jpg\",\"keywords\":[\"Auto\",\"Kleinwagen\",\"Mobilit\u00e4t\"],\"articleSection\":[\"SUSTAINABILITY\"],\"inLanguage\":\"it-IT\"},{\"@type\":\"WebPage\",\"@id\":\"https:\\\/\\\/www.organisator.ch\\\/sustainability\\\/2026-02-18\\\/kleinstwagen-als-vernuenftig-erachtet-doch-niemand-will-sie-fahren\\\/\",\"url\":\"https:\\\/\\\/www.organisator.ch\\\/sustainability\\\/2026-02-18\\\/kleinstwagen-als-vernuenftig-erachtet-doch-niemand-will-sie-fahren\\\/\",\"name\":\"Kleinstwagen als vern\u00fcnftig erachtet \u2013 doch niemand will sie fahren - Organisator\",\"isPartOf\":{\"@id\":\"https:\\\/\\\/www.organisator.ch\\\/#website\"},\"primaryImageOfPage\":{\"@id\":\"https:\\\/\\\/www.organisator.ch\\\/sustainability\\\/2026-02-18\\\/kleinstwagen-als-vernuenftig-erachtet-doch-niemand-will-sie-fahren\\\/#primaryimage\"},\"image\":{\"@id\":\"https:\\\/\\\/www.organisator.ch\\\/sustainability\\\/2026-02-18\\\/kleinstwagen-als-vernuenftig-erachtet-doch-niemand-will-sie-fahren\\\/#primaryimage\"},\"thumbnailUrl\":\"https:\\\/\\\/www.organisator.ch\\\/wp-content\\\/uploads\\\/2026\\\/02\\\/Bild-Kleinstwagen.jpg\",\"datePublished\":\"2026-02-18T09:00:00+00:00\",\"description\":\"Kleinstwagen gelten als sinnvoll, doch nur 4% der Schweizer Haushalte besitzen eines. Platz und Komfort dominieren beim eigenen Auto.\",\"breadcrumb\":{\"@id\":\"https:\\\/\\\/www.organisator.ch\\\/sustainability\\\/2026-02-18\\\/kleinstwagen-als-vernuenftig-erachtet-doch-niemand-will-sie-fahren\\\/#breadcrumb\"},\"inLanguage\":\"it-IT\",\"potentialAction\":[{\"@type\":\"ReadAction\",\"target\":[\"https:\\\/\\\/www.organisator.ch\\\/sustainability\\\/2026-02-18\\\/kleinstwagen-als-vernuenftig-erachtet-doch-niemand-will-sie-fahren\\\/\"]}]},{\"@type\":\"ImageObject\",\"inLanguage\":\"it-IT\",\"@id\":\"https:\\\/\\\/www.organisator.ch\\\/sustainability\\\/2026-02-18\\\/kleinstwagen-als-vernuenftig-erachtet-doch-niemand-will-sie-fahren\\\/#primaryimage\",\"url\":\"https:\\\/\\\/www.organisator.ch\\\/wp-content\\\/uploads\\\/2026\\\/02\\\/Bild-Kleinstwagen.jpg\",\"contentUrl\":\"https:\\\/\\\/www.organisator.ch\\\/wp-content\\\/uploads\\\/2026\\\/02\\\/Bild-Kleinstwagen.jpg\",\"width\":540,\"height\":403},{\"@type\":\"BreadcrumbList\",\"@id\":\"https:\\\/\\\/www.organisator.ch\\\/sustainability\\\/2026-02-18\\\/kleinstwagen-als-vernuenftig-erachtet-doch-niemand-will-sie-fahren\\\/#breadcrumb\",\"itemListElement\":[{\"@type\":\"ListItem\",\"position\":1,\"name\":\"Home\",\"item\":\"https:\\\/\\\/www.organisator.ch\\\/\"},{\"@type\":\"ListItem\",\"position\":2,\"name\":\"Kleinstwagen als vern\u00fcnftig erachtet \u2013 doch niemand will sie fahren\"}]},{\"@type\":\"WebSite\",\"@id\":\"https:\\\/\\\/www.organisator.ch\\\/#website\",\"url\":\"https:\\\/\\\/www.organisator.ch\\\/\",\"name\":\"Organisator\",\"description\":\"Kompetent. Praxisnah. Der ORGANISATOR bereitet in 10 Ausgaben pro Jahr die wesentlichen Themen f\u00fcr F\u00fchrungskr\u00e4fte von KMU auf.\",\"publisher\":{\"@id\":\"https:\\\/\\\/www.organisator.ch\\\/#organization\"},\"potentialAction\":[{\"@type\":\"SearchAction\",\"target\":{\"@type\":\"EntryPoint\",\"urlTemplate\":\"https:\\\/\\\/www.organisator.ch\\\/?s={search_term_string}\"},\"query-input\":{\"@type\":\"PropertyValueSpecification\",\"valueRequired\":true,\"valueName\":\"search_term_string\"}}],\"inLanguage\":\"it-IT\"},{\"@type\":\"Organization\",\"@id\":\"https:\\\/\\\/www.organisator.ch\\\/#organization\",\"name\":\"Organisator\",\"url\":\"https:\\\/\\\/www.organisator.ch\\\/\",\"logo\":{\"@type\":\"ImageObject\",\"inLanguage\":\"it-IT\",\"@id\":\"https:\\\/\\\/www.organisator.ch\\\/#\\\/schema\\\/logo\\\/image\\\/\",\"url\":\"https:\\\/\\\/www.organisator.ch\\\/wp-content\\\/uploads\\\/2022\\\/01\\\/Logo_Organisator_Website.png\",\"contentUrl\":\"https:\\\/\\\/www.organisator.ch\\\/wp-content\\\/uploads\\\/2022\\\/01\\\/Logo_Organisator_Website.png\",\"width\":800,\"height\":77,\"caption\":\"Organisator\"},\"image\":{\"@id\":\"https:\\\/\\\/www.organisator.ch\\\/#\\\/schema\\\/logo\\\/image\\\/\"},\"sameAs\":[\"https:\\\/\\\/www.facebook.com\\\/OrganisatorFachmagazin\",\"https:\\\/\\\/www.linkedin.com\\\/showcase\\\/organisator-das-magazin-fr-kmu\",\"https:\\\/\\\/www.xing.com\\\/news\\\/pages\\\/organisator-ch-695\",\"https:\\\/\\\/www.youtube.com\\\/channel\\\/UCGP2Sq0iWaZwT3BdIAQFYpw\"]},{\"@type\":\"Person\",\"@id\":\"https:\\\/\\\/www.organisator.ch\\\/#\\\/schema\\\/person\\\/a9d0e0eff238db87a8f840f3b50359f0\",\"name\":\"n8n\",\"image\":{\"@type\":\"ImageObject\",\"inLanguage\":\"it-IT\",\"@id\":\"https:\\\/\\\/secure.gravatar.com\\\/avatar\\\/5368fb9d03fd415a6f335cece4c15af2502d6ca8651efbd6e8f98427a9795400?s=96&d=mm&r=g\",\"url\":\"https:\\\/\\\/secure.gravatar.com\\\/avatar\\\/5368fb9d03fd415a6f335cece4c15af2502d6ca8651efbd6e8f98427a9795400?s=96&d=mm&r=g\",\"contentUrl\":\"https:\\\/\\\/secure.gravatar.com\\\/avatar\\\/5368fb9d03fd415a6f335cece4c15af2502d6ca8651efbd6e8f98427a9795400?s=96&d=mm&r=g\",\"caption\":\"n8n\"},\"url\":\"https:\\\/\\\/www.organisator.ch\\\/it\\\/author\\\/n8n\\\/\"}]}<\/script>\n<!-- \/ Yoast SEO plugin. -->","yoast_head_json":{"title":"Le microcar sono considerate sensate, ma nessuno vuole guidarle - organizzatore","description":"Le auto piccole sono considerate ragionevoli, ma solo il 4% delle famiglie svizzere ne possiede una. Lo spazio e il comfort dominano quando si tratta di possedere un'auto.","robots":{"index":"index","follow":"follow","max-snippet":"max-snippet:-1","max-image-preview":"max-image-preview:large","max-video-preview":"max-video-preview:-1"},"canonical":"https:\/\/www.organisator.ch\/it\/sostenibilita\/2026-02-18\/kleinstwagen-als-vernuenftig-erachtet-doch-niemand-will-sie-fahren\/","og_locale":"it_IT","og_type":"article","og_title":"Kleinstwagen als vern\u00fcnftig erachtet \u2013 doch niemand will sie fahren - Organisator","og_description":"Kleinstwagen gelten als sinnvoll, doch nur 4% der Schweizer Haushalte besitzen eines. Platz und Komfort dominieren beim eigenen Auto.","og_url":"https:\/\/www.organisator.ch\/it\/sostenibilita\/2026-02-18\/kleinstwagen-als-vernuenftig-erachtet-doch-niemand-will-sie-fahren\/","og_site_name":"Organisator","article_publisher":"https:\/\/www.facebook.com\/OrganisatorFachmagazin","article_published_time":"2026-02-18T09:00:00+00:00","og_image":[{"width":540,"height":403,"url":"https:\/\/www.organisator.ch\/wp-content\/uploads\/2026\/02\/Bild-Kleinstwagen.jpg","type":"image\/jpeg"}],"author":"n8n","twitter_card":"summary_large_image","schema":{"@context":"https:\/\/schema.org","@graph":[{"@type":"Article","@id":"https:\/\/www.organisator.ch\/sustainability\/2026-02-18\/kleinstwagen-als-vernuenftig-erachtet-doch-niemand-will-sie-fahren\/#article","isPartOf":{"@id":"https:\/\/www.organisator.ch\/sustainability\/2026-02-18\/kleinstwagen-als-vernuenftig-erachtet-doch-niemand-will-sie-fahren\/"},"author":{"name":"n8n","@id":"https:\/\/www.organisator.ch\/#\/schema\/person\/a9d0e0eff238db87a8f840f3b50359f0"},"headline":"Kleinstwagen als vern\u00fcnftig erachtet \u2013 doch niemand will sie fahren","datePublished":"2026-02-18T09:00:00+00:00","mainEntityOfPage":{"@id":"https:\/\/www.organisator.ch\/sustainability\/2026-02-18\/kleinstwagen-als-vernuenftig-erachtet-doch-niemand-will-sie-fahren\/"},"wordCount":582,"publisher":{"@id":"https:\/\/www.organisator.ch\/#organization"},"image":{"@id":"https:\/\/www.organisator.ch\/sustainability\/2026-02-18\/kleinstwagen-als-vernuenftig-erachtet-doch-niemand-will-sie-fahren\/#primaryimage"},"thumbnailUrl":"https:\/\/www.organisator.ch\/wp-content\/uploads\/2026\/02\/Bild-Kleinstwagen.jpg","keywords":["Auto","Kleinwagen","Mobilit\u00e4t"],"articleSection":["SUSTAINABILITY"],"inLanguage":"it-IT"},{"@type":"WebPage","@id":"https:\/\/www.organisator.ch\/sustainability\/2026-02-18\/kleinstwagen-als-vernuenftig-erachtet-doch-niemand-will-sie-fahren\/","url":"https:\/\/www.organisator.ch\/sustainability\/2026-02-18\/kleinstwagen-als-vernuenftig-erachtet-doch-niemand-will-sie-fahren\/","name":"Le microcar sono considerate sensate, ma nessuno vuole guidarle - organizzatore","isPartOf":{"@id":"https:\/\/www.organisator.ch\/#website"},"primaryImageOfPage":{"@id":"https:\/\/www.organisator.ch\/sustainability\/2026-02-18\/kleinstwagen-als-vernuenftig-erachtet-doch-niemand-will-sie-fahren\/#primaryimage"},"image":{"@id":"https:\/\/www.organisator.ch\/sustainability\/2026-02-18\/kleinstwagen-als-vernuenftig-erachtet-doch-niemand-will-sie-fahren\/#primaryimage"},"thumbnailUrl":"https:\/\/www.organisator.ch\/wp-content\/uploads\/2026\/02\/Bild-Kleinstwagen.jpg","datePublished":"2026-02-18T09:00:00+00:00","description":"Le auto piccole sono considerate ragionevoli, ma solo il 4% delle famiglie svizzere ne possiede una. Lo spazio e il comfort dominano quando si tratta di possedere un'auto.","breadcrumb":{"@id":"https:\/\/www.organisator.ch\/sustainability\/2026-02-18\/kleinstwagen-als-vernuenftig-erachtet-doch-niemand-will-sie-fahren\/#breadcrumb"},"inLanguage":"it-IT","potentialAction":[{"@type":"ReadAction","target":["https:\/\/www.organisator.ch\/sustainability\/2026-02-18\/kleinstwagen-als-vernuenftig-erachtet-doch-niemand-will-sie-fahren\/"]}]},{"@type":"ImageObject","inLanguage":"it-IT","@id":"https:\/\/www.organisator.ch\/sustainability\/2026-02-18\/kleinstwagen-als-vernuenftig-erachtet-doch-niemand-will-sie-fahren\/#primaryimage","url":"https:\/\/www.organisator.ch\/wp-content\/uploads\/2026\/02\/Bild-Kleinstwagen.jpg","contentUrl":"https:\/\/www.organisator.ch\/wp-content\/uploads\/2026\/02\/Bild-Kleinstwagen.jpg","width":540,"height":403},{"@type":"BreadcrumbList","@id":"https:\/\/www.organisator.ch\/sustainability\/2026-02-18\/kleinstwagen-als-vernuenftig-erachtet-doch-niemand-will-sie-fahren\/#breadcrumb","itemListElement":[{"@type":"ListItem","position":1,"name":"Home","item":"https:\/\/www.organisator.ch\/"},{"@type":"ListItem","position":2,"name":"Kleinstwagen als vern\u00fcnftig erachtet \u2013 doch niemand will sie fahren"}]},{"@type":"WebSite","@id":"https:\/\/www.organisator.ch\/#website","url":"https:\/\/www.organisator.ch\/","name":"Organizzatore","description":"Competente. Pratico. In 10 numeri all'anno, ORGANISATOR presenta i temi essenziali per i manager delle PMI.","publisher":{"@id":"https:\/\/www.organisator.ch\/#organization"},"potentialAction":[{"@type":"SearchAction","target":{"@type":"EntryPoint","urlTemplate":"https:\/\/www.organisator.ch\/?s={search_term_string}"},"query-input":{"@type":"PropertyValueSpecification","valueRequired":true,"valueName":"search_term_string"}}],"inLanguage":"it-IT"},{"@type":"Organization","@id":"https:\/\/www.organisator.ch\/#organization","name":"Organizzatore","url":"https:\/\/www.organisator.ch\/","logo":{"@type":"ImageObject","inLanguage":"it-IT","@id":"https:\/\/www.organisator.ch\/#\/schema\/logo\/image\/","url":"https:\/\/www.organisator.ch\/wp-content\/uploads\/2022\/01\/Logo_Organisator_Website.png","contentUrl":"https:\/\/www.organisator.ch\/wp-content\/uploads\/2022\/01\/Logo_Organisator_Website.png","width":800,"height":77,"caption":"Organisator"},"image":{"@id":"https:\/\/www.organisator.ch\/#\/schema\/logo\/image\/"},"sameAs":["https:\/\/www.facebook.com\/OrganisatorFachmagazin","https:\/\/www.linkedin.com\/showcase\/organisator-das-magazin-fr-kmu","https:\/\/www.xing.com\/news\/pages\/organisator-ch-695","https:\/\/www.youtube.com\/channel\/UCGP2Sq0iWaZwT3BdIAQFYpw"]},{"@type":"Person","@id":"https:\/\/www.organisator.ch\/#\/schema\/person\/a9d0e0eff238db87a8f840f3b50359f0","name":"n8n","image":{"@type":"ImageObject","inLanguage":"it-IT","@id":"https:\/\/secure.gravatar.com\/avatar\/5368fb9d03fd415a6f335cece4c15af2502d6ca8651efbd6e8f98427a9795400?s=96&d=mm&r=g","url":"https:\/\/secure.gravatar.com\/avatar\/5368fb9d03fd415a6f335cece4c15af2502d6ca8651efbd6e8f98427a9795400?s=96&d=mm&r=g","contentUrl":"https:\/\/secure.gravatar.com\/avatar\/5368fb9d03fd415a6f335cece4c15af2502d6ca8651efbd6e8f98427a9795400?s=96&d=mm&r=g","caption":"n8n"},"url":"https:\/\/www.organisator.ch\/it\/author\/n8n\/"}]}},"_links":{"self":[{"href":"https:\/\/www.organisator.ch\/it\/wp-json\/wp\/v2\/posts\/44731","targetHints":{"allow":["GET"]}}],"collection":[{"href":"https:\/\/www.organisator.ch\/it\/wp-json\/wp\/v2\/posts"}],"about":[{"href":"https:\/\/www.organisator.ch\/it\/wp-json\/wp\/v2\/types\/post"}],"author":[{"embeddable":true,"href":"https:\/\/www.organisator.ch\/it\/wp-json\/wp\/v2\/users\/107"}],"replies":[{"embeddable":true,"href":"https:\/\/www.organisator.ch\/it\/wp-json\/wp\/v2\/comments?post=44731"}],"version-history":[{"count":3,"href":"https:\/\/www.organisator.ch\/it\/wp-json\/wp\/v2\/posts\/44731\/revisions"}],"predecessor-version":[{"id":44783,"href":"https:\/\/www.organisator.ch\/it\/wp-json\/wp\/v2\/posts\/44731\/revisions\/44783"}],"wp:featuredmedia":[{"embeddable":true,"href":"https:\/\/www.organisator.ch\/it\/wp-json\/wp\/v2\/media\/44730"}],"wp:attachment":[{"href":"https:\/\/www.organisator.ch\/it\/wp-json\/wp\/v2\/media?parent=44731"}],"wp:term":[{"taxonomy":"category","embeddable":true,"href":"https:\/\/www.organisator.ch\/it\/wp-json\/wp\/v2\/categories?post=44731"},{"taxonomy":"post_tag","embeddable":true,"href":"https:\/\/www.organisator.ch\/it\/wp-json\/wp\/v2\/tags?post=44731"}],"curies":[{"name":"wp","href":"https:\/\/api.w.org\/{rel}","templated":true}]}}