{"id":44749,"date":"2026-02-18T10:10:41","date_gmt":"2026-02-18T09:10:41","guid":{"rendered":"https:\/\/www.organisator.ch\/de\/?p=44749"},"modified":"2026-02-18T10:10:41","modified_gmt":"2026-02-18T09:10:41","slug":"britta-weber-wird-neue-ceo-der-hupac-gruppe","status":"publish","type":"post","link":"https:\/\/www.organisator.ch\/it\/management\/2026-02-18\/britta-weber-wird-neue-ceo-der-hupac-gruppe\/","title":{"rendered":"Britta Weber \u00e8 il nuovo CEO del Gruppo Hupac"},"content":{"rendered":"<figure>\n<figure style=\"width: 1400px\" class=\"wp-caption alignnone\"><img loading=\"lazy\" decoding=\"async\" src=\"https:\/\/www.organisator.ch\/wp-content\/uploads\/2026\/02\/Weber-Britta_copyright_Hupac-scaled.jpg\" alt=\"Britta Weber\" width=\"1400\" height=\"933\" \/><figcaption class=\"wp-caption-text\">Britta Weber diventer\u00e0 il nuovo CEO del Gruppo Hupac il 1\u00b0 luglio 2026. (Immagine: Hupac)<\/figcaption><\/figure><br \/>\n<\/figure>\n<p>In quasi 60 anni di storia dell'azienda, Britta Weber \u00e8 solo il quarto CEO del Gruppo Hupac, nonch\u00e9 la prima donna a dirigerlo. Con la sua nomina, il Gruppo ha acquisito una leader di esperienza internazionale con comprovate competenze nei settori della logistica, della gestione della catena di fornitura e dello sviluppo organizzativo. La top manager ha gi\u00e0 vissuto e lavorato con successo in tutti i principali mercati del Gruppo Hupac.<\/p>\n<h3>Focus sullo sviluppo strategico<\/h3>\n<p>Con questa decisione, il Consiglio di Amministrazione traccia la strada per la prossima fase di sviluppo del Gruppo. L'attenzione \u00e8 rivolta all'ulteriore sviluppo strategico del trasporto combinato, all'ampliamento delle soluzioni di trasporto sostenibili e al rafforzamento della posizione di mercato di Hupac come fornitore leader di trasporto intermodale via terra in Europa.<\/p>\n<p>\u00abSono lieto di dare il benvenuto a Britta Weber nel suo nuovo ruolo. Ha oltre vent'anni di esperienza internazionale nel settore della logistica: combina una chiara visione strategica con forti capacit\u00e0 di leadership e una profonda comprensione delle esigenze dei nostri clienti\u00bb, afferma Hans-J\u00f6rg Bertschi, Presidente del Consiglio di Amministrazione di Hupac.<\/p>\n<h3>La logistica sostenibile come missione<\/h3>\n<p>Britta Weber aggiunge: \u00ab\u00c8 un grande onore per me entrare a far parte del Gruppo Hupac. Hupac rappresenta molto di pi\u00f9 di un'azienda di successo, ma vive una chiara missione sociale: una logistica sostenibile e il trasferimento coerente dei trasporti su rotaia. Sono particolarmente impaziente di lavorare con il forte team dirigenziale, che tratto con grande rispetto per i risultati raggiunti. Con grande motivazione e piacere, daremo insieme forma alla prossima fase di sviluppo del Gruppo.<\/p>\n<p>Durante la fase di transizione, la gestione operativa sar\u00e0 assicurata dai due vice direttori generali, Benedetta Masciari e Alessandro Valenti, e da Bernhard Kunz, delegato del Consiglio di amministrazione.<\/p>\n<h3>Il Gruppo Hupac<\/h3>\n<p>Hupac \u00e8 uno degli operatori di rete leader nel trasporto intermodale sui corridoi europei. Con circa 1 milione di spedizioni stradali trasportate all'anno e 130 treni al giorno, Hupac collega le pi\u00f9 importanti aree economiche europee e le destinazioni fino all'Estremo Oriente. In qualit\u00e0 di pioniere delle soluzioni logistiche in rete digitale, l'azienda contribuisce in modo significativo al trasferimento del trasporto merci su rotaia e quindi alla tutela dell'ambiente e del clima.<\/p>\n<p>Fondata nel 1967 a Chiasso (Svizzera), Hupac \u00e8 oggi un gruppo internazionale con 24 filiali in Svizzera, Italia, Germania, Paesi Bassi, Belgio, Spagna, Polonia, Russia e Cina. Con circa 730 dipendenti, una moderna flotta di 8.300 moduli e terminali a controllo digitale negli hub dell'Europa centrale, l'azienda garantisce soluzioni di trasporto affidabili e orientate al futuro nel trasporto combinato.<\/p>\n<p><em>Ulteriori informazioni: <a href=\"https:\/\/www.hupac.com\" target=\"_blank\" rel=\"noopener\">www.hupac.com<\/a><\/em><\/p>","protected":false},"excerpt":{"rendered":"<p>Il Gruppo Hupac nomina Britta Weber (42 anni) nuovo CEO. L'attuale Vicepresidente UPS Healthcare per l'Europa e l'Asia entrer\u00e0 a far parte del Gruppo Hupac il 1\u00b0 luglio 2026, diventando cos\u00ec la prima donna a capo dell'azienda. Succede a Michail Stahlhut, le cui dimissioni sono gi\u00e0 state annunciate.<\/p>","protected":false},"author":107,"featured_media":44748,"comment_status":"closed","ping_status":"closed","sticky":false,"template":"","format":"standard","meta":{"_acf_changed":false,"_yoast_wpseo_focuskw":"Britta Weber","_yoast_wpseo_metadesc":"Britta Weber wird neue CEO der Hupac Gruppe. Die UPS-Managerin wechselt am 1. Juli 2026 zum Logistikunternehmen.","articlekey":"","footnotes":""},"categories":[28],"tags":[328,334,381,492],"class_list":["post-44749","post","type-post","status-publish","format-standard","has-post-thumbnail","hentry","category-management","tag-logistik","tag-management","tag-personalia","tag-unternehmen"],"acf":[],"yoast_head":"<!-- This site is optimized with the Yoast SEO plugin v27.5 - https:\/\/yoast.com\/product\/yoast-seo-wordpress\/ -->\n<title>Britta Weber wird neue CEO der Hupac Gruppe - Organisator<\/title>\n<meta name=\"description\" content=\"Britta Weber wird neue CEO der Hupac Gruppe. Die UPS-Managerin wechselt am 1. Juli 2026 zum Logistikunternehmen.\" \/>\n<meta name=\"robots\" content=\"index, follow, max-snippet:-1, max-image-preview:large, max-video-preview:-1\" \/>\n<link rel=\"canonical\" href=\"https:\/\/www.organisator.ch\/it\/gestione-2\/2026-02-18\/britta-weber-wird-neue-ceo-der-hupac-gruppe\/\" \/>\n<meta property=\"og:locale\" content=\"it_IT\" \/>\n<meta property=\"og:type\" content=\"article\" \/>\n<meta property=\"og:title\" content=\"Britta Weber wird neue CEO der Hupac Gruppe\" \/>\n<meta property=\"og:description\" content=\"Britta Weber wird neue CEO der Hupac Gruppe. Die UPS-Managerin wechselt am 1. Juli 2026 zum Logistikunternehmen.\" \/>\n<meta property=\"og:url\" content=\"https:\/\/www.organisator.ch\/it\/gestione-2\/2026-02-18\/britta-weber-wird-neue-ceo-der-hupac-gruppe\/\" \/>\n<meta property=\"og:site_name\" content=\"Organisator\" \/>\n<meta property=\"article:publisher\" content=\"https:\/\/www.facebook.com\/OrganisatorFachmagazin\" \/>\n<meta property=\"article:published_time\" content=\"2026-02-18T09:10:41+00:00\" \/>\n<meta property=\"og:image\" content=\"https:\/\/www.organisator.ch\/wp-content\/uploads\/2026\/02\/Weber-Britta_copyright_Hupac-scaled.jpg\" \/>\n\t<meta property=\"og:image:width\" content=\"1400\" \/>\n\t<meta property=\"og:image:height\" content=\"933\" \/>\n\t<meta property=\"og:image:type\" content=\"image\/jpeg\" \/>\n<meta name=\"author\" content=\"n8n\" \/>\n<meta name=\"twitter:card\" content=\"summary_large_image\" \/>\n<meta name=\"twitter:title\" content=\"Britta Weber wird neue #CEO der #Hupac Gruppe\" \/>\n<meta name=\"twitter:description\" content=\"Britta Weber wird neue CEO der #Hupac Gruppe. Die UPS-Managerin wechselt am 1. Juli 2026 zum #Logistikunternehmen.\" \/>\n<meta name=\"twitter:image\" content=\"https:\/\/www.organisator.ch\/wp-content\/uploads\/2026\/02\/Weber-Britta_copyright_Hupac-scaled.jpg\" \/>\n<script type=\"application\/ld+json\" class=\"yoast-schema-graph\">{\"@context\":\"https:\\\/\\\/schema.org\",\"@graph\":[{\"@type\":\"Article\",\"@id\":\"https:\\\/\\\/www.organisator.ch\\\/management\\\/2026-02-18\\\/britta-weber-wird-neue-ceo-der-hupac-gruppe\\\/#article\",\"isPartOf\":{\"@id\":\"https:\\\/\\\/www.organisator.ch\\\/management\\\/2026-02-18\\\/britta-weber-wird-neue-ceo-der-hupac-gruppe\\\/\"},\"author\":{\"name\":\"n8n\",\"@id\":\"https:\\\/\\\/www.organisator.ch\\\/#\\\/schema\\\/person\\\/a9d0e0eff238db87a8f840f3b50359f0\"},\"headline\":\"Britta Weber wird neue CEO der Hupac Gruppe\",\"datePublished\":\"2026-02-18T09:10:41+00:00\",\"mainEntityOfPage\":{\"@id\":\"https:\\\/\\\/www.organisator.ch\\\/management\\\/2026-02-18\\\/britta-weber-wird-neue-ceo-der-hupac-gruppe\\\/\"},\"wordCount\":445,\"publisher\":{\"@id\":\"https:\\\/\\\/www.organisator.ch\\\/#organization\"},\"image\":{\"@id\":\"https:\\\/\\\/www.organisator.ch\\\/management\\\/2026-02-18\\\/britta-weber-wird-neue-ceo-der-hupac-gruppe\\\/#primaryimage\"},\"thumbnailUrl\":\"https:\\\/\\\/www.organisator.ch\\\/wp-content\\\/uploads\\\/2026\\\/02\\\/Weber-Britta_copyright_Hupac-scaled.jpg\",\"keywords\":[\"Logistik\",\"Management\",\"Personalia\",\"Unternehmen\"],\"articleSection\":[\"MANAGEMENT\"],\"inLanguage\":\"it-IT\"},{\"@type\":\"WebPage\",\"@id\":\"https:\\\/\\\/www.organisator.ch\\\/management\\\/2026-02-18\\\/britta-weber-wird-neue-ceo-der-hupac-gruppe\\\/\",\"url\":\"https:\\\/\\\/www.organisator.ch\\\/management\\\/2026-02-18\\\/britta-weber-wird-neue-ceo-der-hupac-gruppe\\\/\",\"name\":\"Britta Weber wird neue CEO der Hupac Gruppe - Organisator\",\"isPartOf\":{\"@id\":\"https:\\\/\\\/www.organisator.ch\\\/#website\"},\"primaryImageOfPage\":{\"@id\":\"https:\\\/\\\/www.organisator.ch\\\/management\\\/2026-02-18\\\/britta-weber-wird-neue-ceo-der-hupac-gruppe\\\/#primaryimage\"},\"image\":{\"@id\":\"https:\\\/\\\/www.organisator.ch\\\/management\\\/2026-02-18\\\/britta-weber-wird-neue-ceo-der-hupac-gruppe\\\/#primaryimage\"},\"thumbnailUrl\":\"https:\\\/\\\/www.organisator.ch\\\/wp-content\\\/uploads\\\/2026\\\/02\\\/Weber-Britta_copyright_Hupac-scaled.jpg\",\"datePublished\":\"2026-02-18T09:10:41+00:00\",\"description\":\"Britta Weber wird neue CEO der Hupac Gruppe. Die UPS-Managerin wechselt am 1. Juli 2026 zum Logistikunternehmen.\",\"breadcrumb\":{\"@id\":\"https:\\\/\\\/www.organisator.ch\\\/management\\\/2026-02-18\\\/britta-weber-wird-neue-ceo-der-hupac-gruppe\\\/#breadcrumb\"},\"inLanguage\":\"it-IT\",\"potentialAction\":[{\"@type\":\"ReadAction\",\"target\":[\"https:\\\/\\\/www.organisator.ch\\\/management\\\/2026-02-18\\\/britta-weber-wird-neue-ceo-der-hupac-gruppe\\\/\"]}]},{\"@type\":\"ImageObject\",\"inLanguage\":\"it-IT\",\"@id\":\"https:\\\/\\\/www.organisator.ch\\\/management\\\/2026-02-18\\\/britta-weber-wird-neue-ceo-der-hupac-gruppe\\\/#primaryimage\",\"url\":\"https:\\\/\\\/www.organisator.ch\\\/wp-content\\\/uploads\\\/2026\\\/02\\\/Weber-Britta_copyright_Hupac-scaled.jpg\",\"contentUrl\":\"https:\\\/\\\/www.organisator.ch\\\/wp-content\\\/uploads\\\/2026\\\/02\\\/Weber-Britta_copyright_Hupac-scaled.jpg\",\"width\":1400,\"height\":933},{\"@type\":\"BreadcrumbList\",\"@id\":\"https:\\\/\\\/www.organisator.ch\\\/management\\\/2026-02-18\\\/britta-weber-wird-neue-ceo-der-hupac-gruppe\\\/#breadcrumb\",\"itemListElement\":[{\"@type\":\"ListItem\",\"position\":1,\"name\":\"Home\",\"item\":\"https:\\\/\\\/www.organisator.ch\\\/\"},{\"@type\":\"ListItem\",\"position\":2,\"name\":\"Britta Weber wird neue CEO der Hupac Gruppe\"}]},{\"@type\":\"WebSite\",\"@id\":\"https:\\\/\\\/www.organisator.ch\\\/#website\",\"url\":\"https:\\\/\\\/www.organisator.ch\\\/\",\"name\":\"Organisator\",\"description\":\"Kompetent. Praxisnah. Der ORGANISATOR bereitet in 10 Ausgaben pro Jahr die wesentlichen Themen f\u00fcr F\u00fchrungskr\u00e4fte von KMU auf.\",\"publisher\":{\"@id\":\"https:\\\/\\\/www.organisator.ch\\\/#organization\"},\"potentialAction\":[{\"@type\":\"SearchAction\",\"target\":{\"@type\":\"EntryPoint\",\"urlTemplate\":\"https:\\\/\\\/www.organisator.ch\\\/?s={search_term_string}\"},\"query-input\":{\"@type\":\"PropertyValueSpecification\",\"valueRequired\":true,\"valueName\":\"search_term_string\"}}],\"inLanguage\":\"it-IT\"},{\"@type\":\"Organization\",\"@id\":\"https:\\\/\\\/www.organisator.ch\\\/#organization\",\"name\":\"Organisator\",\"url\":\"https:\\\/\\\/www.organisator.ch\\\/\",\"logo\":{\"@type\":\"ImageObject\",\"inLanguage\":\"it-IT\",\"@id\":\"https:\\\/\\\/www.organisator.ch\\\/#\\\/schema\\\/logo\\\/image\\\/\",\"url\":\"https:\\\/\\\/www.organisator.ch\\\/wp-content\\\/uploads\\\/2022\\\/01\\\/Logo_Organisator_Website.png\",\"contentUrl\":\"https:\\\/\\\/www.organisator.ch\\\/wp-content\\\/uploads\\\/2022\\\/01\\\/Logo_Organisator_Website.png\",\"width\":800,\"height\":77,\"caption\":\"Organisator\"},\"image\":{\"@id\":\"https:\\\/\\\/www.organisator.ch\\\/#\\\/schema\\\/logo\\\/image\\\/\"},\"sameAs\":[\"https:\\\/\\\/www.facebook.com\\\/OrganisatorFachmagazin\",\"https:\\\/\\\/www.linkedin.com\\\/showcase\\\/organisator-das-magazin-fr-kmu\",\"https:\\\/\\\/www.xing.com\\\/news\\\/pages\\\/organisator-ch-695\",\"https:\\\/\\\/www.youtube.com\\\/channel\\\/UCGP2Sq0iWaZwT3BdIAQFYpw\"]},{\"@type\":\"Person\",\"@id\":\"https:\\\/\\\/www.organisator.ch\\\/#\\\/schema\\\/person\\\/a9d0e0eff238db87a8f840f3b50359f0\",\"name\":\"n8n\",\"image\":{\"@type\":\"ImageObject\",\"inLanguage\":\"it-IT\",\"@id\":\"https:\\\/\\\/secure.gravatar.com\\\/avatar\\\/5368fb9d03fd415a6f335cece4c15af2502d6ca8651efbd6e8f98427a9795400?s=96&d=mm&r=g\",\"url\":\"https:\\\/\\\/secure.gravatar.com\\\/avatar\\\/5368fb9d03fd415a6f335cece4c15af2502d6ca8651efbd6e8f98427a9795400?s=96&d=mm&r=g\",\"contentUrl\":\"https:\\\/\\\/secure.gravatar.com\\\/avatar\\\/5368fb9d03fd415a6f335cece4c15af2502d6ca8651efbd6e8f98427a9795400?s=96&d=mm&r=g\",\"caption\":\"n8n\"},\"url\":\"https:\\\/\\\/www.organisator.ch\\\/it\\\/author\\\/n8n\\\/\"}]}<\/script>\n<!-- \/ Yoast SEO plugin. -->","yoast_head_json":{"title":"Britta Weber diventa nuovo CEO del Gruppo Hupac - Organizzatore","description":"Britta Weber diventa il nuovo CEO del Gruppo Hupac. La manager di UPS entrer\u00e0 a far parte dell'azienda logistica il 1\u00b0 luglio 2026.","robots":{"index":"index","follow":"follow","max-snippet":"max-snippet:-1","max-image-preview":"max-image-preview:large","max-video-preview":"max-video-preview:-1"},"canonical":"https:\/\/www.organisator.ch\/it\/gestione-2\/2026-02-18\/britta-weber-wird-neue-ceo-der-hupac-gruppe\/","og_locale":"it_IT","og_type":"article","og_title":"Britta Weber wird neue CEO der Hupac Gruppe","og_description":"Britta Weber wird neue CEO der Hupac Gruppe. Die UPS-Managerin wechselt am 1. Juli 2026 zum Logistikunternehmen.","og_url":"https:\/\/www.organisator.ch\/it\/gestione-2\/2026-02-18\/britta-weber-wird-neue-ceo-der-hupac-gruppe\/","og_site_name":"Organisator","article_publisher":"https:\/\/www.facebook.com\/OrganisatorFachmagazin","article_published_time":"2026-02-18T09:10:41+00:00","og_image":[{"width":1400,"height":933,"url":"https:\/\/www.organisator.ch\/wp-content\/uploads\/2026\/02\/Weber-Britta_copyright_Hupac-scaled.jpg","type":"image\/jpeg"}],"author":"n8n","twitter_card":"summary_large_image","twitter_title":"Britta Weber wird neue #CEO der #Hupac Gruppe","twitter_description":"Britta Weber wird neue CEO der #Hupac Gruppe. Die UPS-Managerin wechselt am 1. Juli 2026 zum #Logistikunternehmen.","twitter_image":"https:\/\/www.organisator.ch\/wp-content\/uploads\/2026\/02\/Weber-Britta_copyright_Hupac-scaled.jpg","schema":{"@context":"https:\/\/schema.org","@graph":[{"@type":"Article","@id":"https:\/\/www.organisator.ch\/management\/2026-02-18\/britta-weber-wird-neue-ceo-der-hupac-gruppe\/#article","isPartOf":{"@id":"https:\/\/www.organisator.ch\/management\/2026-02-18\/britta-weber-wird-neue-ceo-der-hupac-gruppe\/"},"author":{"name":"n8n","@id":"https:\/\/www.organisator.ch\/#\/schema\/person\/a9d0e0eff238db87a8f840f3b50359f0"},"headline":"Britta Weber wird neue CEO der Hupac Gruppe","datePublished":"2026-02-18T09:10:41+00:00","mainEntityOfPage":{"@id":"https:\/\/www.organisator.ch\/management\/2026-02-18\/britta-weber-wird-neue-ceo-der-hupac-gruppe\/"},"wordCount":445,"publisher":{"@id":"https:\/\/www.organisator.ch\/#organization"},"image":{"@id":"https:\/\/www.organisator.ch\/management\/2026-02-18\/britta-weber-wird-neue-ceo-der-hupac-gruppe\/#primaryimage"},"thumbnailUrl":"https:\/\/www.organisator.ch\/wp-content\/uploads\/2026\/02\/Weber-Britta_copyright_Hupac-scaled.jpg","keywords":["Logistik","Management","Personalia","Unternehmen"],"articleSection":["MANAGEMENT"],"inLanguage":"it-IT"},{"@type":"WebPage","@id":"https:\/\/www.organisator.ch\/management\/2026-02-18\/britta-weber-wird-neue-ceo-der-hupac-gruppe\/","url":"https:\/\/www.organisator.ch\/management\/2026-02-18\/britta-weber-wird-neue-ceo-der-hupac-gruppe\/","name":"Britta Weber diventa nuovo CEO del Gruppo Hupac - Organizzatore","isPartOf":{"@id":"https:\/\/www.organisator.ch\/#website"},"primaryImageOfPage":{"@id":"https:\/\/www.organisator.ch\/management\/2026-02-18\/britta-weber-wird-neue-ceo-der-hupac-gruppe\/#primaryimage"},"image":{"@id":"https:\/\/www.organisator.ch\/management\/2026-02-18\/britta-weber-wird-neue-ceo-der-hupac-gruppe\/#primaryimage"},"thumbnailUrl":"https:\/\/www.organisator.ch\/wp-content\/uploads\/2026\/02\/Weber-Britta_copyright_Hupac-scaled.jpg","datePublished":"2026-02-18T09:10:41+00:00","description":"Britta Weber diventa il nuovo CEO del Gruppo Hupac. La manager di UPS entrer\u00e0 a far parte dell'azienda logistica il 1\u00b0 luglio 2026.","breadcrumb":{"@id":"https:\/\/www.organisator.ch\/management\/2026-02-18\/britta-weber-wird-neue-ceo-der-hupac-gruppe\/#breadcrumb"},"inLanguage":"it-IT","potentialAction":[{"@type":"ReadAction","target":["https:\/\/www.organisator.ch\/management\/2026-02-18\/britta-weber-wird-neue-ceo-der-hupac-gruppe\/"]}]},{"@type":"ImageObject","inLanguage":"it-IT","@id":"https:\/\/www.organisator.ch\/management\/2026-02-18\/britta-weber-wird-neue-ceo-der-hupac-gruppe\/#primaryimage","url":"https:\/\/www.organisator.ch\/wp-content\/uploads\/2026\/02\/Weber-Britta_copyright_Hupac-scaled.jpg","contentUrl":"https:\/\/www.organisator.ch\/wp-content\/uploads\/2026\/02\/Weber-Britta_copyright_Hupac-scaled.jpg","width":1400,"height":933},{"@type":"BreadcrumbList","@id":"https:\/\/www.organisator.ch\/management\/2026-02-18\/britta-weber-wird-neue-ceo-der-hupac-gruppe\/#breadcrumb","itemListElement":[{"@type":"ListItem","position":1,"name":"Home","item":"https:\/\/www.organisator.ch\/"},{"@type":"ListItem","position":2,"name":"Britta Weber wird neue CEO der Hupac Gruppe"}]},{"@type":"WebSite","@id":"https:\/\/www.organisator.ch\/#website","url":"https:\/\/www.organisator.ch\/","name":"Organizzatore","description":"Competente. Pratico. In 10 numeri all'anno, ORGANISATOR presenta i temi essenziali per i manager delle PMI.","publisher":{"@id":"https:\/\/www.organisator.ch\/#organization"},"potentialAction":[{"@type":"SearchAction","target":{"@type":"EntryPoint","urlTemplate":"https:\/\/www.organisator.ch\/?s={search_term_string}"},"query-input":{"@type":"PropertyValueSpecification","valueRequired":true,"valueName":"search_term_string"}}],"inLanguage":"it-IT"},{"@type":"Organization","@id":"https:\/\/www.organisator.ch\/#organization","name":"Organizzatore","url":"https:\/\/www.organisator.ch\/","logo":{"@type":"ImageObject","inLanguage":"it-IT","@id":"https:\/\/www.organisator.ch\/#\/schema\/logo\/image\/","url":"https:\/\/www.organisator.ch\/wp-content\/uploads\/2022\/01\/Logo_Organisator_Website.png","contentUrl":"https:\/\/www.organisator.ch\/wp-content\/uploads\/2022\/01\/Logo_Organisator_Website.png","width":800,"height":77,"caption":"Organisator"},"image":{"@id":"https:\/\/www.organisator.ch\/#\/schema\/logo\/image\/"},"sameAs":["https:\/\/www.facebook.com\/OrganisatorFachmagazin","https:\/\/www.linkedin.com\/showcase\/organisator-das-magazin-fr-kmu","https:\/\/www.xing.com\/news\/pages\/organisator-ch-695","https:\/\/www.youtube.com\/channel\/UCGP2Sq0iWaZwT3BdIAQFYpw"]},{"@type":"Person","@id":"https:\/\/www.organisator.ch\/#\/schema\/person\/a9d0e0eff238db87a8f840f3b50359f0","name":"n8n","image":{"@type":"ImageObject","inLanguage":"it-IT","@id":"https:\/\/secure.gravatar.com\/avatar\/5368fb9d03fd415a6f335cece4c15af2502d6ca8651efbd6e8f98427a9795400?s=96&d=mm&r=g","url":"https:\/\/secure.gravatar.com\/avatar\/5368fb9d03fd415a6f335cece4c15af2502d6ca8651efbd6e8f98427a9795400?s=96&d=mm&r=g","contentUrl":"https:\/\/secure.gravatar.com\/avatar\/5368fb9d03fd415a6f335cece4c15af2502d6ca8651efbd6e8f98427a9795400?s=96&d=mm&r=g","caption":"n8n"},"url":"https:\/\/www.organisator.ch\/it\/author\/n8n\/"}]}},"_links":{"self":[{"href":"https:\/\/www.organisator.ch\/it\/wp-json\/wp\/v2\/posts\/44749","targetHints":{"allow":["GET"]}}],"collection":[{"href":"https:\/\/www.organisator.ch\/it\/wp-json\/wp\/v2\/posts"}],"about":[{"href":"https:\/\/www.organisator.ch\/it\/wp-json\/wp\/v2\/types\/post"}],"author":[{"embeddable":true,"href":"https:\/\/www.organisator.ch\/it\/wp-json\/wp\/v2\/users\/107"}],"replies":[{"embeddable":true,"href":"https:\/\/www.organisator.ch\/it\/wp-json\/wp\/v2\/comments?post=44749"}],"version-history":[{"count":3,"href":"https:\/\/www.organisator.ch\/it\/wp-json\/wp\/v2\/posts\/44749\/revisions"}],"predecessor-version":[{"id":44782,"href":"https:\/\/www.organisator.ch\/it\/wp-json\/wp\/v2\/posts\/44749\/revisions\/44782"}],"wp:featuredmedia":[{"embeddable":true,"href":"https:\/\/www.organisator.ch\/it\/wp-json\/wp\/v2\/media\/44748"}],"wp:attachment":[{"href":"https:\/\/www.organisator.ch\/it\/wp-json\/wp\/v2\/media?parent=44749"}],"wp:term":[{"taxonomy":"category","embeddable":true,"href":"https:\/\/www.organisator.ch\/it\/wp-json\/wp\/v2\/categories?post=44749"},{"taxonomy":"post_tag","embeddable":true,"href":"https:\/\/www.organisator.ch\/it\/wp-json\/wp\/v2\/tags?post=44749"}],"curies":[{"name":"wp","href":"https:\/\/api.w.org\/{rel}","templated":true}]}}