{"id":44755,"date":"2026-02-18T11:30:29","date_gmt":"2026-02-18T10:30:29","guid":{"rendered":"https:\/\/www.organisator.ch\/de\/?p=44755"},"modified":"2026-02-18T11:30:29","modified_gmt":"2026-02-18T10:30:29","slug":"dualis-erweitert-ganttplan-um-erp-anbindung-an-microsoft-dynamics-365","status":"publish","type":"post","link":"https:\/\/www.organisator.ch\/it\/operational-excellence\/2026-02-18\/dualis-erweitert-ganttplan-um-erp-anbindung-an-microsoft-dynamics-365\/","title":{"rendered":"Dualis amplia Ganttplan con la connessione ERP a Microsoft Dynamics 365"},"content":{"rendered":"<figure>\n<figure style=\"width: 1400px\" class=\"wp-caption alignnone\"><img loading=\"lazy\" decoding=\"async\" src=\"https:\/\/www.organisator.ch\/wp-content\/uploads\/2026\/02\/GP_Bildschirm-Leitstand_Montage_c_Gorodenkoff_shutterstock_782843011-scaled.png\" alt=\"Utenti del sistema APS Ganttplan nella pianificazione della produzione\" width=\"1400\" height=\"787\" \/><figcaption class=\"wp-caption-text\">Utente del sistema APS Ganttplan nella pianificazione della produzione. Fonte: Composizione immagine Dualis IT Solution (Gorodenkoff_shutterstock_782843011)<\/figcaption><\/figure><br \/>\n<\/figure>\n<p>In molte PMI, i dati degli ordini sono strutturati nel sistema ERP, ma possono essere convertiti in una pianificazione realistica della produzione solo con un notevole sforzo manuale. La mancanza di coerenza tra ERP, preparazione del lavoro e produzione costringe i pianificatori a lunghe riconciliazioni, spesso a scapito del rispetto delle date di consegna. Dualis affronta questo problema pratico con una nuova soluzione di integrazione certificata per Microsoft Dynamics 365 Business Central. L'interfaccia sviluppata dal partner Leannova \u00e8 disponibile tramite il Microsoft Marketplace e aggiunge un'altra opzione di connessione standardizzata all'attuale portafoglio di integrazioni ERP di Ganttplan.<\/p>\n<p>Ganttplan \u00e8 un sistema di pianificazione e programmazione avanzata (APS) per la pianificazione digitale dettagliata e l'ottimizzazione dei processi produttivi. Serve come add-on per le soluzioni ERP o MES per pianificare risorse, capacit\u00e0 e materiali in tempo reale, migliorare i tempi di consegna e ridurre al minimo i tempi di allestimento.<\/p>\n<p>Le aziende manifatturiere possono ora utilizzare i dati degli ordini ERP di Microsoft Dynamics 365 Business Central nella pianificazione dettagliata senza interfaccia separata o sviluppo personalizzato. Le modifiche agli ordini o gli spostamenti delle scadenze nell'ERP vengono quindi immediatamente presi in considerazione in Ganttplan e sono disponibili per la pianificazione della produzione basata sulle risorse.<\/p>\n<p>\u00abPer le aziende manifatturiere \u00e8 fondamentale che l'ERP e la pianificazione della produzione lavorino insieme senza interruzioni di sistema\u00bb, afferma Kirsten Hoffmann, Product Manager di Dualis IT Solution. \u00ab\u00c8 possibile determinare date di produzione e di consegna realistiche solo se i dati degli ordini vengono trasferiti alla pianificazione dettagliata senza passaggi intermedi manuali. L'interfaccia sviluppata e certificata dal nostro partner Leannova amplia il nostro portafoglio di connessioni includendo un sistema ERP ampiamente utilizzato nel settore delle PMI\u00bb.\u00bb<\/p>\n<h3>Pianificazione continua e dettagliata basata sui dati degli ordini ERP<\/h3>\n<p>In pratica, i sistemi ERP come Microsoft Dynamics 365 Business Central sono progettati per mappare in modo affidabile i processi commerciali. Tuttavia, queste funzioni spesso non sono sufficienti per una pianificazione dettagliata della produzione basata sulle risorse. I responsabili della produzione devono preparare manualmente i dati degli ordini e stabilirne le priorit\u00e0 o trasferirli a sistemi di pianificazione separati.<\/p>\n<figure>\n<figure style=\"width: 1200px\" class=\"wp-caption alignnone\"><img loading=\"lazy\" decoding=\"async\" src=\"https:\/\/www.organisator.ch\/wp-content\/uploads\/2026\/02\/GP-als-Add-on-zum-ERP_PRINT.png\" alt=\"Integrazione ideale di un sistema APS, come Ganttplan, nel sistema informatico centrale di produzione.\" width=\"1200\" height=\"599\" \/><figcaption class=\"wp-caption-text\">Integrazione ideale di un sistema APS come Ganttplan nell'IT centrale di produzione. Fonte: Dualis IT Solution<\/figcaption><\/figure><br \/>\n<\/figure>\n<p>La soluzione di integrazione collega Business Central con Ganttplan e fornisce i dati degli ordini ERP in forma strutturata nella pianificazione dettagliata. Qui possono essere ulteriormente elaborati tenendo conto di capacit\u00e0, risorse e dipendenze. In questo modo si riducono significativamente le interruzioni dei media tra la pianificazione commerciale e la produzione.<\/p>\n<p>Gli utenti beneficiano inoltre di una soluzione aggiornabile ancorata all'ecosistema Microsoft, che pu\u00f2 essere integrata nei paesaggi IT esistenti senza ulteriori complessit\u00e0 e facilita l'introduzione di una pianificazione dettagliata end-to-end.<\/p>\n<h3>Focus sulla pianificazione della sicurezza per le PMI<\/h3>\n<p>Con la nuova connessione, Dualis affronta un problema pratico fondamentale per molte aziende manifatturiere di medie dimensioni: il passaggio dall'inserimento degli ordini nell'ERP a una pianificazione della produzione realistica e affidabile. L'obiettivo \u00e8 semplificare i processi di pianificazione, ridurre gli sforzi di coordinamento e fornire una base affidabile per le date di consegna, senza progetti informatici complessi o ostacoli tra i sistemi.<\/p>\n<p>Fondata nel 1990, Dualis IT Solution - filiale di iTAC Software e parte del Gruppo D\u00fcrr - \u00e8 specializzata nello sviluppo di software e servizi per la simulazione, l'ottimizzazione dei processi e la pianificazione della produzione. La gamma di prodotti comprende il sistema APS Ganttplan, la piattaforma di simulazione 3D Visual Components e lo strumento di pianificazione di sala Areaplan. I prodotti Dualis sono utilizzati in numerose aziende industriali di grandi e medie dimensioni.<\/p>\n<p><em>Ulteriori informazioni: <a href=\"https:\/\/www.dualis-it.de\" target=\"_blank\" rel=\"noopener\">www.dualis-it.de<\/a><\/em><\/p>","protected":false},"excerpt":{"rendered":"<p>Dualis affronta un problema pratico fondamentale per le medie imprese manifatturiere: La nuova soluzione di integrazione certificata per Microsoft Dynamics 365 Business Central consente alle aziende manifatturiere di trasferire i dati degli ordini ERP alla pianificazione della produzione senza interruzioni dei supporti. L'interfaccia sviluppata dal partner Leannova \u00e8 disponibile sul Microsoft Marketplace.<\/p>","protected":false},"author":107,"featured_media":44754,"comment_status":"closed","ping_status":"closed","sticky":false,"template":"","format":"standard","meta":{"_acf_changed":false,"_yoast_wpseo_focuskw":"ERP-Anbindung","_yoast_wpseo_metadesc":"Dualis erweitert APS-System Ganttplan um eine ERP-Anbindung zu Microsoft Dynamics 365 Business Central f\u00fcr durchg\u00e4ngige Produktionsplanung.","articlekey":"","footnotes":""},"categories":[582],"tags":[4634,287,393],"class_list":["post-44755","post","type-post","status-publish","format-standard","has-post-thumbnail","hentry","category-operational-excellence","tag-erp-systeme","tag-itbusiness-software","tag-produkte"],"acf":[],"yoast_head":"<!-- This site is optimized with the Yoast SEO plugin v27.4 - https:\/\/yoast.com\/product\/yoast-seo-wordpress\/ -->\n<title>Dualis erweitert Ganttplan um ERP-Anbindung an Microsoft Dynamics 365 - Organisator<\/title>\n<meta name=\"description\" content=\"Dualis erweitert APS-System Ganttplan um eine ERP-Anbindung zu Microsoft Dynamics 365 Business Central f\u00fcr durchg\u00e4ngige Produktionsplanung.\" \/>\n<meta name=\"robots\" content=\"index, follow, max-snippet:-1, max-image-preview:large, max-video-preview:-1\" \/>\n<link rel=\"canonical\" href=\"https:\/\/www.organisator.ch\/it\/eccellenza-operativa\/2026-02-18\/dualis-erweitert-ganttplan-um-erp-anbindung-an-microsoft-dynamics-365\/\" \/>\n<meta property=\"og:locale\" content=\"it_IT\" \/>\n<meta property=\"og:type\" content=\"article\" \/>\n<meta property=\"og:title\" content=\"Dualis erweitert Ganttplan um ERP-Anbindung an Microsoft Dynamics 365\" \/>\n<meta property=\"og:description\" content=\"Dualis erweitert APS-System Ganttplan um eine ERP-Anbindung zu Microsoft Dynamics 365 Business Central f\u00fcr durchg\u00e4ngige Produktionsplanung.\" \/>\n<meta property=\"og:url\" content=\"https:\/\/www.organisator.ch\/it\/eccellenza-operativa\/2026-02-18\/dualis-erweitert-ganttplan-um-erp-anbindung-an-microsoft-dynamics-365\/\" \/>\n<meta property=\"og:site_name\" content=\"Organisator\" \/>\n<meta property=\"article:publisher\" content=\"https:\/\/www.facebook.com\/OrganisatorFachmagazin\" \/>\n<meta property=\"article:published_time\" content=\"2026-02-18T10:30:29+00:00\" \/>\n<meta property=\"og:image\" content=\"https:\/\/www.organisator.ch\/wp-content\/uploads\/2026\/02\/GP_Bildschirm-Leitstand_Montage_c_Gorodenkoff_shutterstock_782843011-scaled.png\" \/>\n\t<meta property=\"og:image:width\" content=\"1400\" \/>\n\t<meta property=\"og:image:height\" content=\"787\" \/>\n\t<meta property=\"og:image:type\" content=\"image\/png\" \/>\n<meta name=\"author\" content=\"n8n\" \/>\n<meta name=\"twitter:card\" content=\"summary_large_image\" \/>\n<meta name=\"twitter:title\" content=\"Dualis erweitert #Ganttplan um #ERP-Anbindung an Microsoft Dynamics 365\" \/>\n<meta name=\"twitter:description\" content=\"Dualis erweitert APS-System #Ganttplan um eine #ERP-Anbindung zu Microsoft Dynamics 365 Business Central f\u00fcr durchg\u00e4ngige Produktionsplanung.\" \/>\n<meta name=\"twitter:image\" content=\"https:\/\/www.organisator.ch\/wp-content\/uploads\/2026\/02\/GP_Bildschirm-Leitstand_Montage_c_Gorodenkoff_shutterstock_782843011-scaled.png\" \/>\n<script type=\"application\/ld+json\" class=\"yoast-schema-graph\">{\"@context\":\"https:\\\/\\\/schema.org\",\"@graph\":[{\"@type\":\"Article\",\"@id\":\"https:\\\/\\\/www.organisator.ch\\\/operational-excellence\\\/2026-02-18\\\/dualis-erweitert-ganttplan-um-erp-anbindung-an-microsoft-dynamics-365\\\/#article\",\"isPartOf\":{\"@id\":\"https:\\\/\\\/www.organisator.ch\\\/operational-excellence\\\/2026-02-18\\\/dualis-erweitert-ganttplan-um-erp-anbindung-an-microsoft-dynamics-365\\\/\"},\"author\":{\"name\":\"n8n\",\"@id\":\"https:\\\/\\\/www.organisator.ch\\\/#\\\/schema\\\/person\\\/a9d0e0eff238db87a8f840f3b50359f0\"},\"headline\":\"Dualis erweitert Ganttplan um ERP-Anbindung an Microsoft Dynamics 365\",\"datePublished\":\"2026-02-18T10:30:29+00:00\",\"mainEntityOfPage\":{\"@id\":\"https:\\\/\\\/www.organisator.ch\\\/operational-excellence\\\/2026-02-18\\\/dualis-erweitert-ganttplan-um-erp-anbindung-an-microsoft-dynamics-365\\\/\"},\"wordCount\":533,\"publisher\":{\"@id\":\"https:\\\/\\\/www.organisator.ch\\\/#organization\"},\"image\":{\"@id\":\"https:\\\/\\\/www.organisator.ch\\\/operational-excellence\\\/2026-02-18\\\/dualis-erweitert-ganttplan-um-erp-anbindung-an-microsoft-dynamics-365\\\/#primaryimage\"},\"thumbnailUrl\":\"https:\\\/\\\/www.organisator.ch\\\/wp-content\\\/uploads\\\/2026\\\/02\\\/GP_Bildschirm-Leitstand_Montage_c_Gorodenkoff_shutterstock_782843011-scaled.png\",\"keywords\":[\"ERP-Systeme\",\"IT\u2009&amp;\u2009Business Software\",\"Produkte\"],\"articleSection\":[\"OPERATIONAL EXCELLENCE\"],\"inLanguage\":\"it-IT\"},{\"@type\":\"WebPage\",\"@id\":\"https:\\\/\\\/www.organisator.ch\\\/operational-excellence\\\/2026-02-18\\\/dualis-erweitert-ganttplan-um-erp-anbindung-an-microsoft-dynamics-365\\\/\",\"url\":\"https:\\\/\\\/www.organisator.ch\\\/operational-excellence\\\/2026-02-18\\\/dualis-erweitert-ganttplan-um-erp-anbindung-an-microsoft-dynamics-365\\\/\",\"name\":\"Dualis erweitert Ganttplan um ERP-Anbindung an Microsoft Dynamics 365 - Organisator\",\"isPartOf\":{\"@id\":\"https:\\\/\\\/www.organisator.ch\\\/#website\"},\"primaryImageOfPage\":{\"@id\":\"https:\\\/\\\/www.organisator.ch\\\/operational-excellence\\\/2026-02-18\\\/dualis-erweitert-ganttplan-um-erp-anbindung-an-microsoft-dynamics-365\\\/#primaryimage\"},\"image\":{\"@id\":\"https:\\\/\\\/www.organisator.ch\\\/operational-excellence\\\/2026-02-18\\\/dualis-erweitert-ganttplan-um-erp-anbindung-an-microsoft-dynamics-365\\\/#primaryimage\"},\"thumbnailUrl\":\"https:\\\/\\\/www.organisator.ch\\\/wp-content\\\/uploads\\\/2026\\\/02\\\/GP_Bildschirm-Leitstand_Montage_c_Gorodenkoff_shutterstock_782843011-scaled.png\",\"datePublished\":\"2026-02-18T10:30:29+00:00\",\"description\":\"Dualis erweitert APS-System Ganttplan um eine ERP-Anbindung zu Microsoft Dynamics 365 Business Central f\u00fcr durchg\u00e4ngige Produktionsplanung.\",\"breadcrumb\":{\"@id\":\"https:\\\/\\\/www.organisator.ch\\\/operational-excellence\\\/2026-02-18\\\/dualis-erweitert-ganttplan-um-erp-anbindung-an-microsoft-dynamics-365\\\/#breadcrumb\"},\"inLanguage\":\"it-IT\",\"potentialAction\":[{\"@type\":\"ReadAction\",\"target\":[\"https:\\\/\\\/www.organisator.ch\\\/operational-excellence\\\/2026-02-18\\\/dualis-erweitert-ganttplan-um-erp-anbindung-an-microsoft-dynamics-365\\\/\"]}]},{\"@type\":\"ImageObject\",\"inLanguage\":\"it-IT\",\"@id\":\"https:\\\/\\\/www.organisator.ch\\\/operational-excellence\\\/2026-02-18\\\/dualis-erweitert-ganttplan-um-erp-anbindung-an-microsoft-dynamics-365\\\/#primaryimage\",\"url\":\"https:\\\/\\\/www.organisator.ch\\\/wp-content\\\/uploads\\\/2026\\\/02\\\/GP_Bildschirm-Leitstand_Montage_c_Gorodenkoff_shutterstock_782843011-scaled.png\",\"contentUrl\":\"https:\\\/\\\/www.organisator.ch\\\/wp-content\\\/uploads\\\/2026\\\/02\\\/GP_Bildschirm-Leitstand_Montage_c_Gorodenkoff_shutterstock_782843011-scaled.png\",\"width\":1400,\"height\":787},{\"@type\":\"BreadcrumbList\",\"@id\":\"https:\\\/\\\/www.organisator.ch\\\/operational-excellence\\\/2026-02-18\\\/dualis-erweitert-ganttplan-um-erp-anbindung-an-microsoft-dynamics-365\\\/#breadcrumb\",\"itemListElement\":[{\"@type\":\"ListItem\",\"position\":1,\"name\":\"Home\",\"item\":\"https:\\\/\\\/www.organisator.ch\\\/\"},{\"@type\":\"ListItem\",\"position\":2,\"name\":\"Dualis erweitert Ganttplan um ERP-Anbindung an Microsoft Dynamics 365\"}]},{\"@type\":\"WebSite\",\"@id\":\"https:\\\/\\\/www.organisator.ch\\\/#website\",\"url\":\"https:\\\/\\\/www.organisator.ch\\\/\",\"name\":\"Organisator\",\"description\":\"Kompetent. Praxisnah. Der ORGANISATOR bereitet in 10 Ausgaben pro Jahr die wesentlichen Themen f\u00fcr F\u00fchrungskr\u00e4fte von KMU auf.\",\"publisher\":{\"@id\":\"https:\\\/\\\/www.organisator.ch\\\/#organization\"},\"potentialAction\":[{\"@type\":\"SearchAction\",\"target\":{\"@type\":\"EntryPoint\",\"urlTemplate\":\"https:\\\/\\\/www.organisator.ch\\\/?s={search_term_string}\"},\"query-input\":{\"@type\":\"PropertyValueSpecification\",\"valueRequired\":true,\"valueName\":\"search_term_string\"}}],\"inLanguage\":\"it-IT\"},{\"@type\":\"Organization\",\"@id\":\"https:\\\/\\\/www.organisator.ch\\\/#organization\",\"name\":\"Organisator\",\"url\":\"https:\\\/\\\/www.organisator.ch\\\/\",\"logo\":{\"@type\":\"ImageObject\",\"inLanguage\":\"it-IT\",\"@id\":\"https:\\\/\\\/www.organisator.ch\\\/#\\\/schema\\\/logo\\\/image\\\/\",\"url\":\"https:\\\/\\\/www.organisator.ch\\\/wp-content\\\/uploads\\\/2022\\\/01\\\/Logo_Organisator_Website.png\",\"contentUrl\":\"https:\\\/\\\/www.organisator.ch\\\/wp-content\\\/uploads\\\/2022\\\/01\\\/Logo_Organisator_Website.png\",\"width\":800,\"height\":77,\"caption\":\"Organisator\"},\"image\":{\"@id\":\"https:\\\/\\\/www.organisator.ch\\\/#\\\/schema\\\/logo\\\/image\\\/\"},\"sameAs\":[\"https:\\\/\\\/www.facebook.com\\\/OrganisatorFachmagazin\",\"https:\\\/\\\/www.linkedin.com\\\/showcase\\\/organisator-das-magazin-fr-kmu\",\"https:\\\/\\\/www.xing.com\\\/news\\\/pages\\\/organisator-ch-695\",\"https:\\\/\\\/www.youtube.com\\\/channel\\\/UCGP2Sq0iWaZwT3BdIAQFYpw\"]},{\"@type\":\"Person\",\"@id\":\"https:\\\/\\\/www.organisator.ch\\\/#\\\/schema\\\/person\\\/a9d0e0eff238db87a8f840f3b50359f0\",\"name\":\"n8n\",\"image\":{\"@type\":\"ImageObject\",\"inLanguage\":\"it-IT\",\"@id\":\"https:\\\/\\\/secure.gravatar.com\\\/avatar\\\/5368fb9d03fd415a6f335cece4c15af2502d6ca8651efbd6e8f98427a9795400?s=96&d=mm&r=g\",\"url\":\"https:\\\/\\\/secure.gravatar.com\\\/avatar\\\/5368fb9d03fd415a6f335cece4c15af2502d6ca8651efbd6e8f98427a9795400?s=96&d=mm&r=g\",\"contentUrl\":\"https:\\\/\\\/secure.gravatar.com\\\/avatar\\\/5368fb9d03fd415a6f335cece4c15af2502d6ca8651efbd6e8f98427a9795400?s=96&d=mm&r=g\",\"caption\":\"n8n\"},\"url\":\"https:\\\/\\\/www.organisator.ch\\\/it\\\/author\\\/n8n\\\/\"}]}<\/script>\n<!-- \/ Yoast SEO plugin. -->","yoast_head_json":{"title":"Dualis estende Ganttplan con la connessione ERP a Microsoft Dynamics 365 - Organizzatore","description":"Dualis amplia il sistema APS Ganttplan con una connessione ERP a Microsoft Dynamics 365 Business Central per la pianificazione della produzione end-to-end.","robots":{"index":"index","follow":"follow","max-snippet":"max-snippet:-1","max-image-preview":"max-image-preview:large","max-video-preview":"max-video-preview:-1"},"canonical":"https:\/\/www.organisator.ch\/it\/eccellenza-operativa\/2026-02-18\/dualis-erweitert-ganttplan-um-erp-anbindung-an-microsoft-dynamics-365\/","og_locale":"it_IT","og_type":"article","og_title":"Dualis erweitert Ganttplan um ERP-Anbindung an Microsoft Dynamics 365","og_description":"Dualis erweitert APS-System Ganttplan um eine ERP-Anbindung zu Microsoft Dynamics 365 Business Central f\u00fcr durchg\u00e4ngige Produktionsplanung.","og_url":"https:\/\/www.organisator.ch\/it\/eccellenza-operativa\/2026-02-18\/dualis-erweitert-ganttplan-um-erp-anbindung-an-microsoft-dynamics-365\/","og_site_name":"Organisator","article_publisher":"https:\/\/www.facebook.com\/OrganisatorFachmagazin","article_published_time":"2026-02-18T10:30:29+00:00","og_image":[{"width":1400,"height":787,"url":"https:\/\/www.organisator.ch\/wp-content\/uploads\/2026\/02\/GP_Bildschirm-Leitstand_Montage_c_Gorodenkoff_shutterstock_782843011-scaled.png","type":"image\/png"}],"author":"n8n","twitter_card":"summary_large_image","twitter_title":"Dualis erweitert #Ganttplan um #ERP-Anbindung an Microsoft Dynamics 365","twitter_description":"Dualis erweitert APS-System #Ganttplan um eine #ERP-Anbindung zu Microsoft Dynamics 365 Business Central f\u00fcr durchg\u00e4ngige Produktionsplanung.","twitter_image":"https:\/\/www.organisator.ch\/wp-content\/uploads\/2026\/02\/GP_Bildschirm-Leitstand_Montage_c_Gorodenkoff_shutterstock_782843011-scaled.png","schema":{"@context":"https:\/\/schema.org","@graph":[{"@type":"Article","@id":"https:\/\/www.organisator.ch\/operational-excellence\/2026-02-18\/dualis-erweitert-ganttplan-um-erp-anbindung-an-microsoft-dynamics-365\/#article","isPartOf":{"@id":"https:\/\/www.organisator.ch\/operational-excellence\/2026-02-18\/dualis-erweitert-ganttplan-um-erp-anbindung-an-microsoft-dynamics-365\/"},"author":{"name":"n8n","@id":"https:\/\/www.organisator.ch\/#\/schema\/person\/a9d0e0eff238db87a8f840f3b50359f0"},"headline":"Dualis erweitert Ganttplan um ERP-Anbindung an Microsoft Dynamics 365","datePublished":"2026-02-18T10:30:29+00:00","mainEntityOfPage":{"@id":"https:\/\/www.organisator.ch\/operational-excellence\/2026-02-18\/dualis-erweitert-ganttplan-um-erp-anbindung-an-microsoft-dynamics-365\/"},"wordCount":533,"publisher":{"@id":"https:\/\/www.organisator.ch\/#organization"},"image":{"@id":"https:\/\/www.organisator.ch\/operational-excellence\/2026-02-18\/dualis-erweitert-ganttplan-um-erp-anbindung-an-microsoft-dynamics-365\/#primaryimage"},"thumbnailUrl":"https:\/\/www.organisator.ch\/wp-content\/uploads\/2026\/02\/GP_Bildschirm-Leitstand_Montage_c_Gorodenkoff_shutterstock_782843011-scaled.png","keywords":["ERP-Systeme","IT\u2009&amp;\u2009Business Software","Produkte"],"articleSection":["OPERATIONAL EXCELLENCE"],"inLanguage":"it-IT"},{"@type":"WebPage","@id":"https:\/\/www.organisator.ch\/operational-excellence\/2026-02-18\/dualis-erweitert-ganttplan-um-erp-anbindung-an-microsoft-dynamics-365\/","url":"https:\/\/www.organisator.ch\/operational-excellence\/2026-02-18\/dualis-erweitert-ganttplan-um-erp-anbindung-an-microsoft-dynamics-365\/","name":"Dualis estende Ganttplan con la connessione ERP a Microsoft Dynamics 365 - Organizzatore","isPartOf":{"@id":"https:\/\/www.organisator.ch\/#website"},"primaryImageOfPage":{"@id":"https:\/\/www.organisator.ch\/operational-excellence\/2026-02-18\/dualis-erweitert-ganttplan-um-erp-anbindung-an-microsoft-dynamics-365\/#primaryimage"},"image":{"@id":"https:\/\/www.organisator.ch\/operational-excellence\/2026-02-18\/dualis-erweitert-ganttplan-um-erp-anbindung-an-microsoft-dynamics-365\/#primaryimage"},"thumbnailUrl":"https:\/\/www.organisator.ch\/wp-content\/uploads\/2026\/02\/GP_Bildschirm-Leitstand_Montage_c_Gorodenkoff_shutterstock_782843011-scaled.png","datePublished":"2026-02-18T10:30:29+00:00","description":"Dualis amplia il sistema APS Ganttplan con una connessione ERP a Microsoft Dynamics 365 Business Central per la pianificazione della produzione end-to-end.","breadcrumb":{"@id":"https:\/\/www.organisator.ch\/operational-excellence\/2026-02-18\/dualis-erweitert-ganttplan-um-erp-anbindung-an-microsoft-dynamics-365\/#breadcrumb"},"inLanguage":"it-IT","potentialAction":[{"@type":"ReadAction","target":["https:\/\/www.organisator.ch\/operational-excellence\/2026-02-18\/dualis-erweitert-ganttplan-um-erp-anbindung-an-microsoft-dynamics-365\/"]}]},{"@type":"ImageObject","inLanguage":"it-IT","@id":"https:\/\/www.organisator.ch\/operational-excellence\/2026-02-18\/dualis-erweitert-ganttplan-um-erp-anbindung-an-microsoft-dynamics-365\/#primaryimage","url":"https:\/\/www.organisator.ch\/wp-content\/uploads\/2026\/02\/GP_Bildschirm-Leitstand_Montage_c_Gorodenkoff_shutterstock_782843011-scaled.png","contentUrl":"https:\/\/www.organisator.ch\/wp-content\/uploads\/2026\/02\/GP_Bildschirm-Leitstand_Montage_c_Gorodenkoff_shutterstock_782843011-scaled.png","width":1400,"height":787},{"@type":"BreadcrumbList","@id":"https:\/\/www.organisator.ch\/operational-excellence\/2026-02-18\/dualis-erweitert-ganttplan-um-erp-anbindung-an-microsoft-dynamics-365\/#breadcrumb","itemListElement":[{"@type":"ListItem","position":1,"name":"Home","item":"https:\/\/www.organisator.ch\/"},{"@type":"ListItem","position":2,"name":"Dualis erweitert Ganttplan um ERP-Anbindung an Microsoft Dynamics 365"}]},{"@type":"WebSite","@id":"https:\/\/www.organisator.ch\/#website","url":"https:\/\/www.organisator.ch\/","name":"Organizzatore","description":"Competente. Pratico. In 10 numeri all'anno, ORGANISATOR presenta i temi essenziali per i manager delle PMI.","publisher":{"@id":"https:\/\/www.organisator.ch\/#organization"},"potentialAction":[{"@type":"SearchAction","target":{"@type":"EntryPoint","urlTemplate":"https:\/\/www.organisator.ch\/?s={search_term_string}"},"query-input":{"@type":"PropertyValueSpecification","valueRequired":true,"valueName":"search_term_string"}}],"inLanguage":"it-IT"},{"@type":"Organization","@id":"https:\/\/www.organisator.ch\/#organization","name":"Organizzatore","url":"https:\/\/www.organisator.ch\/","logo":{"@type":"ImageObject","inLanguage":"it-IT","@id":"https:\/\/www.organisator.ch\/#\/schema\/logo\/image\/","url":"https:\/\/www.organisator.ch\/wp-content\/uploads\/2022\/01\/Logo_Organisator_Website.png","contentUrl":"https:\/\/www.organisator.ch\/wp-content\/uploads\/2022\/01\/Logo_Organisator_Website.png","width":800,"height":77,"caption":"Organisator"},"image":{"@id":"https:\/\/www.organisator.ch\/#\/schema\/logo\/image\/"},"sameAs":["https:\/\/www.facebook.com\/OrganisatorFachmagazin","https:\/\/www.linkedin.com\/showcase\/organisator-das-magazin-fr-kmu","https:\/\/www.xing.com\/news\/pages\/organisator-ch-695","https:\/\/www.youtube.com\/channel\/UCGP2Sq0iWaZwT3BdIAQFYpw"]},{"@type":"Person","@id":"https:\/\/www.organisator.ch\/#\/schema\/person\/a9d0e0eff238db87a8f840f3b50359f0","name":"n8n","image":{"@type":"ImageObject","inLanguage":"it-IT","@id":"https:\/\/secure.gravatar.com\/avatar\/5368fb9d03fd415a6f335cece4c15af2502d6ca8651efbd6e8f98427a9795400?s=96&d=mm&r=g","url":"https:\/\/secure.gravatar.com\/avatar\/5368fb9d03fd415a6f335cece4c15af2502d6ca8651efbd6e8f98427a9795400?s=96&d=mm&r=g","contentUrl":"https:\/\/secure.gravatar.com\/avatar\/5368fb9d03fd415a6f335cece4c15af2502d6ca8651efbd6e8f98427a9795400?s=96&d=mm&r=g","caption":"n8n"},"url":"https:\/\/www.organisator.ch\/it\/author\/n8n\/"}]}},"_links":{"self":[{"href":"https:\/\/www.organisator.ch\/it\/wp-json\/wp\/v2\/posts\/44755","targetHints":{"allow":["GET"]}}],"collection":[{"href":"https:\/\/www.organisator.ch\/it\/wp-json\/wp\/v2\/posts"}],"about":[{"href":"https:\/\/www.organisator.ch\/it\/wp-json\/wp\/v2\/types\/post"}],"author":[{"embeddable":true,"href":"https:\/\/www.organisator.ch\/it\/wp-json\/wp\/v2\/users\/107"}],"replies":[{"embeddable":true,"href":"https:\/\/www.organisator.ch\/it\/wp-json\/wp\/v2\/comments?post=44755"}],"version-history":[{"count":5,"href":"https:\/\/www.organisator.ch\/it\/wp-json\/wp\/v2\/posts\/44755\/revisions"}],"predecessor-version":[{"id":44886,"href":"https:\/\/www.organisator.ch\/it\/wp-json\/wp\/v2\/posts\/44755\/revisions\/44886"}],"wp:featuredmedia":[{"embeddable":true,"href":"https:\/\/www.organisator.ch\/it\/wp-json\/wp\/v2\/media\/44754"}],"wp:attachment":[{"href":"https:\/\/www.organisator.ch\/it\/wp-json\/wp\/v2\/media?parent=44755"}],"wp:term":[{"taxonomy":"category","embeddable":true,"href":"https:\/\/www.organisator.ch\/it\/wp-json\/wp\/v2\/categories?post=44755"},{"taxonomy":"post_tag","embeddable":true,"href":"https:\/\/www.organisator.ch\/it\/wp-json\/wp\/v2\/tags?post=44755"}],"curies":[{"name":"wp","href":"https:\/\/api.w.org\/{rel}","templated":true}]}}