{"id":44850,"date":"2026-02-20T07:50:20","date_gmt":"2026-02-20T06:50:20","guid":{"rendered":"https:\/\/www.organisator.ch\/?p=44850"},"modified":"2026-02-20T07:50:20","modified_gmt":"2026-02-20T06:50:20","slug":"peoplefone-sandro-isteri-wird-neuer-country-manager-schweiz","status":"publish","type":"post","link":"https:\/\/www.organisator.ch\/it\/management\/2026-02-20\/peoplefone-sandro-isteri-wird-neuer-country-manager-schweiz\/","title":{"rendered":"Peoplefone: Sandro Isteri diventa nuovo Country Manager Svizzera"},"content":{"rendered":"<figure id=\"attachment_44851\" aria-describedby=\"caption-attachment-44851\" style=\"width: 680px\" class=\"wp-caption alignnone\"><img loading=\"lazy\" decoding=\"async\" class=\"size-full wp-image-44851\" src=\"https:\/\/www.organisator.ch\/wp-content\/uploads\/2026\/02\/Peoplefone-Sandro-Isteri-wird-neuer-Country-Manager-Schweiz_Organisator.jpg\" alt=\"\" width=\"680\" height=\"454\" srcset=\"https:\/\/www.organisator.ch\/wp-content\/uploads\/2026\/02\/Peoplefone-Sandro-Isteri-wird-neuer-Country-Manager-Schweiz_Organisator.jpg 680w, https:\/\/www.organisator.ch\/wp-content\/uploads\/2026\/02\/Peoplefone-Sandro-Isteri-wird-neuer-Country-Manager-Schweiz_Organisator-18x12.jpg 18w, https:\/\/www.organisator.ch\/wp-content\/uploads\/2026\/02\/Peoplefone-Sandro-Isteri-wird-neuer-Country-Manager-Schweiz_Organisator-375x250.jpg 375w, https:\/\/www.organisator.ch\/wp-content\/uploads\/2026\/02\/Peoplefone-Sandro-Isteri-wird-neuer-Country-Manager-Schweiz_Organisator-524x350.jpg 524w\" sizes=\"auto, (max-width: 680px) 100vw, 680px\" \/><figcaption id=\"caption-attachment-44851\" class=\"wp-caption-text\">Sandro Isteri, nuovo Country Manager Svizzera di peoplefone. (Immagine: zVg \/ peoplefone)<\/figcaption><\/figure>\n<p>Con Sandro Isteri, peoplefone ha acquisito un esperto comprovato con oltre 25 anni di esperienza nel settore della tecnologia e delle telecomunicazioni. Nel suo nuovo ruolo, continuer\u00e0 a portare avanti la strategia di crescita dello specialista VoIP nel mercato svizzero e a rafforzare il business dei partner. Sandro Isteri succede a Felix Ruppanner, che cambia direzione professionale.<\/p>\n<h3><strong>Focus su partnership e innovazione<\/strong><\/h3>\n<p>In peoplefone, il nuovo Country Manager Svizzera guider\u00e0 e guider\u00e0 un team di circa 15 dipendenti. I suoi compiti principali comprendono la segmentazione del mercato, la definizione dei gruppi target e il monitoraggio dei processi aziendali centrali, dall'offerta al contratto con il cliente. Lavorer\u00e0 a stretto contatto con il team tecnico e la Direzione del Gruppo per lanciare con successo nuovi prodotti e servizi sul mercato svizzero.<\/p>\n<p>\u00abSandro Isteri porta con s\u00e9 la perfetta combinazione di profonda conoscenza del mercato, esperienza manageriale e visione strategica\u201c, commenta Christophe Beaud, CEO del Gruppo peoplefone. Il suo background nell'ambiente delle PMI e la sua esperienza nella collaborazione con i partner di canale lo rendono la persona ideale per espandere ulteriormente la posizione di peoplefone come fornitore leader in Svizzera orientato ai partner.\u00bb<\/p>\n<h3><strong>Esperienza pluriennale di gestione nel settore delle telecomunicazioni e della tecnologia <\/strong><\/h3>\n<p>Recentemente ha lavorato per oltre sei anni presso Sunrise, dove, in qualit\u00e0 di Senior Director Business Mass Markets &amp; Employee Programmes, era ampiamente responsabile del settore delle PMI e delle soluzioni di comunicazione digitale per le aziende.<\/p>\n<p>In precedenza ha ricoperto diverse posizioni manageriali presso note aziende internazionali. In Logitech \u00e8 stato Country Manager Svizzera e successivamente Direttore Regionale per la regione DACH. Tra le altre posizioni ricoperte nella sua carriera vi sono ruoli di primo piano nelle vendite e nello sviluppo commerciale presso OtterBox (EMEA) e Compaq\/HP. Sandro Isteri ha studiato legge all'Universit\u00e0 di Berna.<\/p>\n<p><em>Fonte: <a href=\"http:\/\/www.peoplefone.com\">peoplefone<\/a><\/em><\/p>","protected":false},"excerpt":{"rendered":"<p>Il provider svizzero di telecomunicazioni peoplefone ha nominato Sandro Isteri nuovo Country Manager per la Svizzera. In questo ruolo assumer\u00e0 la responsabilit\u00e0 generale dell'attivit\u00e0 operativa in Svizzera, comprese le vendite, il marketing e l'assistenza ai clienti. <\/p>","protected":false},"author":4,"featured_media":44851,"comment_status":"closed","ping_status":"closed","sticky":false,"template":"","format":"standard","meta":{"_acf_changed":false,"_yoast_wpseo_focuskw":"Sandro Isteri","_yoast_wpseo_metadesc":"Der Schweizer Telekom-Provider peoplefone hat Sandro Isteri zum neuen Country Manager Schweiz ernannt.","articlekey":"","footnotes":""},"categories":[28],"tags":[335,381,479,492],"class_list":["post-44850","post","type-post","status-publish","format-standard","has-post-thumbnail","hentry","category-management","tag-management-und-unternehmensfuehrung","tag-personalia","tag-telekommunikation","tag-unternehmen"],"acf":[],"yoast_head":"<!-- This site is optimized with the Yoast SEO plugin v27.5 - https:\/\/yoast.com\/product\/yoast-seo-wordpress\/ -->\n<title>Peoplefone: Sandro Isteri wird neuer Country Manager Schweiz - Organisator<\/title>\n<meta name=\"description\" content=\"Der Schweizer Telekom-Provider peoplefone hat Sandro Isteri zum neuen Country Manager Schweiz ernannt.\" \/>\n<meta name=\"robots\" content=\"index, follow, max-snippet:-1, max-image-preview:large, max-video-preview:-1\" \/>\n<link rel=\"canonical\" href=\"https:\/\/www.organisator.ch\/it\/gestione-2\/2026-02-20\/peoplefone-sandro-isteri-wird-neuer-country-manager-schweiz\/\" \/>\n<meta property=\"og:locale\" content=\"it_IT\" \/>\n<meta property=\"og:type\" content=\"article\" \/>\n<meta property=\"og:title\" content=\"Peoplefone: Sandro Isteri wird neuer Country Manager Schweiz\" \/>\n<meta property=\"og:description\" content=\"Der Schweizer Telekom-Provider peoplefone hat Sandro Isteri zum neuen Country Manager Schweiz ernannt.\" \/>\n<meta property=\"og:url\" content=\"https:\/\/www.organisator.ch\/it\/gestione-2\/2026-02-20\/peoplefone-sandro-isteri-wird-neuer-country-manager-schweiz\/\" \/>\n<meta property=\"og:site_name\" content=\"Organisator\" \/>\n<meta property=\"article:publisher\" content=\"https:\/\/www.facebook.com\/OrganisatorFachmagazin\" \/>\n<meta property=\"article:published_time\" content=\"2026-02-20T06:50:20+00:00\" \/>\n<meta property=\"og:image\" content=\"https:\/\/www.organisator.ch\/wp-content\/uploads\/2026\/02\/Peoplefone-Sandro-Isteri-wird-neuer-Country-Manager-Schweiz_Organisator.jpg\" \/>\n\t<meta property=\"og:image:width\" content=\"680\" \/>\n\t<meta property=\"og:image:height\" content=\"454\" \/>\n\t<meta property=\"og:image:type\" content=\"image\/jpeg\" \/>\n<meta name=\"author\" content=\"thomas.berner\" \/>\n<meta name=\"twitter:card\" content=\"summary_large_image\" \/>\n<meta name=\"twitter:title\" content=\"#Peoplefone: Sandro #Isteri wird neuer Country Manager Schweiz\" \/>\n<meta name=\"twitter:description\" content=\"Der Schweizer #Telekom-Provider #peoplefone hat Sandro Isteri zum neuen Country Manager Schweiz ernannt.\" \/>\n<meta name=\"twitter:image\" content=\"https:\/\/www.organisator.ch\/wp-content\/uploads\/2026\/02\/Peoplefone-Sandro-Isteri-wird-neuer-Country-Manager-Schweiz_Organisator.jpg\" \/>\n<script type=\"application\/ld+json\" class=\"yoast-schema-graph\">{\"@context\":\"https:\\\/\\\/schema.org\",\"@graph\":[{\"@type\":\"Article\",\"@id\":\"https:\\\/\\\/www.organisator.ch\\\/management\\\/2026-02-20\\\/peoplefone-sandro-isteri-wird-neuer-country-manager-schweiz\\\/#article\",\"isPartOf\":{\"@id\":\"https:\\\/\\\/www.organisator.ch\\\/management\\\/2026-02-20\\\/peoplefone-sandro-isteri-wird-neuer-country-manager-schweiz\\\/\"},\"author\":{\"name\":\"thomas.berner\",\"@id\":\"https:\\\/\\\/www.organisator.ch\\\/#\\\/schema\\\/person\\\/6f650f90b2842cd4c0cc334b4e36f67e\"},\"headline\":\"Peoplefone: Sandro Isteri wird neuer Country Manager Schweiz\",\"datePublished\":\"2026-02-20T06:50:20+00:00\",\"mainEntityOfPage\":{\"@id\":\"https:\\\/\\\/www.organisator.ch\\\/management\\\/2026-02-20\\\/peoplefone-sandro-isteri-wird-neuer-country-manager-schweiz\\\/\"},\"wordCount\":295,\"publisher\":{\"@id\":\"https:\\\/\\\/www.organisator.ch\\\/#organization\"},\"image\":{\"@id\":\"https:\\\/\\\/www.organisator.ch\\\/management\\\/2026-02-20\\\/peoplefone-sandro-isteri-wird-neuer-country-manager-schweiz\\\/#primaryimage\"},\"thumbnailUrl\":\"https:\\\/\\\/www.organisator.ch\\\/wp-content\\\/uploads\\\/2026\\\/02\\\/Peoplefone-Sandro-Isteri-wird-neuer-Country-Manager-Schweiz_Organisator.jpg\",\"keywords\":[\"Management und Unternehmensf\u00fchrung\",\"Personalia\",\"Telekommunikation\",\"Unternehmen\"],\"articleSection\":[\"MANAGEMENT\"],\"inLanguage\":\"it-IT\"},{\"@type\":\"WebPage\",\"@id\":\"https:\\\/\\\/www.organisator.ch\\\/management\\\/2026-02-20\\\/peoplefone-sandro-isteri-wird-neuer-country-manager-schweiz\\\/\",\"url\":\"https:\\\/\\\/www.organisator.ch\\\/management\\\/2026-02-20\\\/peoplefone-sandro-isteri-wird-neuer-country-manager-schweiz\\\/\",\"name\":\"Peoplefone: Sandro Isteri wird neuer Country Manager Schweiz - Organisator\",\"isPartOf\":{\"@id\":\"https:\\\/\\\/www.organisator.ch\\\/#website\"},\"primaryImageOfPage\":{\"@id\":\"https:\\\/\\\/www.organisator.ch\\\/management\\\/2026-02-20\\\/peoplefone-sandro-isteri-wird-neuer-country-manager-schweiz\\\/#primaryimage\"},\"image\":{\"@id\":\"https:\\\/\\\/www.organisator.ch\\\/management\\\/2026-02-20\\\/peoplefone-sandro-isteri-wird-neuer-country-manager-schweiz\\\/#primaryimage\"},\"thumbnailUrl\":\"https:\\\/\\\/www.organisator.ch\\\/wp-content\\\/uploads\\\/2026\\\/02\\\/Peoplefone-Sandro-Isteri-wird-neuer-Country-Manager-Schweiz_Organisator.jpg\",\"datePublished\":\"2026-02-20T06:50:20+00:00\",\"description\":\"Der Schweizer Telekom-Provider peoplefone hat Sandro Isteri zum neuen Country Manager Schweiz ernannt.\",\"breadcrumb\":{\"@id\":\"https:\\\/\\\/www.organisator.ch\\\/management\\\/2026-02-20\\\/peoplefone-sandro-isteri-wird-neuer-country-manager-schweiz\\\/#breadcrumb\"},\"inLanguage\":\"it-IT\",\"potentialAction\":[{\"@type\":\"ReadAction\",\"target\":[\"https:\\\/\\\/www.organisator.ch\\\/management\\\/2026-02-20\\\/peoplefone-sandro-isteri-wird-neuer-country-manager-schweiz\\\/\"]}]},{\"@type\":\"ImageObject\",\"inLanguage\":\"it-IT\",\"@id\":\"https:\\\/\\\/www.organisator.ch\\\/management\\\/2026-02-20\\\/peoplefone-sandro-isteri-wird-neuer-country-manager-schweiz\\\/#primaryimage\",\"url\":\"https:\\\/\\\/www.organisator.ch\\\/wp-content\\\/uploads\\\/2026\\\/02\\\/Peoplefone-Sandro-Isteri-wird-neuer-Country-Manager-Schweiz_Organisator.jpg\",\"contentUrl\":\"https:\\\/\\\/www.organisator.ch\\\/wp-content\\\/uploads\\\/2026\\\/02\\\/Peoplefone-Sandro-Isteri-wird-neuer-Country-Manager-Schweiz_Organisator.jpg\",\"width\":680,\"height\":454,\"caption\":\"Sandro Isteri, neuer Country Manager Schweiz bei peoplefone. (Bild: zVg \\\/ peoplefone)\"},{\"@type\":\"BreadcrumbList\",\"@id\":\"https:\\\/\\\/www.organisator.ch\\\/management\\\/2026-02-20\\\/peoplefone-sandro-isteri-wird-neuer-country-manager-schweiz\\\/#breadcrumb\",\"itemListElement\":[{\"@type\":\"ListItem\",\"position\":1,\"name\":\"Home\",\"item\":\"https:\\\/\\\/www.organisator.ch\\\/\"},{\"@type\":\"ListItem\",\"position\":2,\"name\":\"Peoplefone: Sandro Isteri wird neuer Country Manager Schweiz\"}]},{\"@type\":\"WebSite\",\"@id\":\"https:\\\/\\\/www.organisator.ch\\\/#website\",\"url\":\"https:\\\/\\\/www.organisator.ch\\\/\",\"name\":\"Organisator\",\"description\":\"Kompetent. Praxisnah. Der ORGANISATOR bereitet in 10 Ausgaben pro Jahr die wesentlichen Themen f\u00fcr F\u00fchrungskr\u00e4fte von KMU auf.\",\"publisher\":{\"@id\":\"https:\\\/\\\/www.organisator.ch\\\/#organization\"},\"potentialAction\":[{\"@type\":\"SearchAction\",\"target\":{\"@type\":\"EntryPoint\",\"urlTemplate\":\"https:\\\/\\\/www.organisator.ch\\\/?s={search_term_string}\"},\"query-input\":{\"@type\":\"PropertyValueSpecification\",\"valueRequired\":true,\"valueName\":\"search_term_string\"}}],\"inLanguage\":\"it-IT\"},{\"@type\":\"Organization\",\"@id\":\"https:\\\/\\\/www.organisator.ch\\\/#organization\",\"name\":\"Organisator\",\"url\":\"https:\\\/\\\/www.organisator.ch\\\/\",\"logo\":{\"@type\":\"ImageObject\",\"inLanguage\":\"it-IT\",\"@id\":\"https:\\\/\\\/www.organisator.ch\\\/#\\\/schema\\\/logo\\\/image\\\/\",\"url\":\"https:\\\/\\\/www.organisator.ch\\\/wp-content\\\/uploads\\\/2022\\\/01\\\/Logo_Organisator_Website.png\",\"contentUrl\":\"https:\\\/\\\/www.organisator.ch\\\/wp-content\\\/uploads\\\/2022\\\/01\\\/Logo_Organisator_Website.png\",\"width\":800,\"height\":77,\"caption\":\"Organisator\"},\"image\":{\"@id\":\"https:\\\/\\\/www.organisator.ch\\\/#\\\/schema\\\/logo\\\/image\\\/\"},\"sameAs\":[\"https:\\\/\\\/www.facebook.com\\\/OrganisatorFachmagazin\",\"https:\\\/\\\/www.linkedin.com\\\/showcase\\\/organisator-das-magazin-fr-kmu\",\"https:\\\/\\\/www.xing.com\\\/news\\\/pages\\\/organisator-ch-695\",\"https:\\\/\\\/www.youtube.com\\\/channel\\\/UCGP2Sq0iWaZwT3BdIAQFYpw\"]},{\"@type\":\"Person\",\"@id\":\"https:\\\/\\\/www.organisator.ch\\\/#\\\/schema\\\/person\\\/6f650f90b2842cd4c0cc334b4e36f67e\",\"name\":\"thomas.berner\",\"image\":{\"@type\":\"ImageObject\",\"inLanguage\":\"it-IT\",\"@id\":\"https:\\\/\\\/secure.gravatar.com\\\/avatar\\\/ac5001d2a36cb6c6cd3e50789007ffca834b477b74a2144564522e944eabff61?s=96&d=mm&r=g\",\"url\":\"https:\\\/\\\/secure.gravatar.com\\\/avatar\\\/ac5001d2a36cb6c6cd3e50789007ffca834b477b74a2144564522e944eabff61?s=96&d=mm&r=g\",\"contentUrl\":\"https:\\\/\\\/secure.gravatar.com\\\/avatar\\\/ac5001d2a36cb6c6cd3e50789007ffca834b477b74a2144564522e944eabff61?s=96&d=mm&r=g\",\"caption\":\"thomas.berner\"},\"url\":\"https:\\\/\\\/www.organisator.ch\\\/it\\\/author\\\/thomas-berner\\\/\"}]}<\/script>\n<!-- \/ Yoast SEO plugin. -->","yoast_head_json":{"title":"Peoplefone: Sandro Isteri diventa nuovo Country Manager Svizzera - Organizzatore","description":"Il provider svizzero di telecomunicazioni peoplefone ha nominato Sandro Isteri nuovo Country Manager per la Svizzera.","robots":{"index":"index","follow":"follow","max-snippet":"max-snippet:-1","max-image-preview":"max-image-preview:large","max-video-preview":"max-video-preview:-1"},"canonical":"https:\/\/www.organisator.ch\/it\/gestione-2\/2026-02-20\/peoplefone-sandro-isteri-wird-neuer-country-manager-schweiz\/","og_locale":"it_IT","og_type":"article","og_title":"Peoplefone: Sandro Isteri wird neuer Country Manager Schweiz","og_description":"Der Schweizer Telekom-Provider peoplefone hat Sandro Isteri zum neuen Country Manager Schweiz ernannt.","og_url":"https:\/\/www.organisator.ch\/it\/gestione-2\/2026-02-20\/peoplefone-sandro-isteri-wird-neuer-country-manager-schweiz\/","og_site_name":"Organisator","article_publisher":"https:\/\/www.facebook.com\/OrganisatorFachmagazin","article_published_time":"2026-02-20T06:50:20+00:00","og_image":[{"width":680,"height":454,"url":"https:\/\/www.organisator.ch\/wp-content\/uploads\/2026\/02\/Peoplefone-Sandro-Isteri-wird-neuer-Country-Manager-Schweiz_Organisator.jpg","type":"image\/jpeg"}],"author":"thomas.berner","twitter_card":"summary_large_image","twitter_title":"#Peoplefone: Sandro #Isteri wird neuer Country Manager Schweiz","twitter_description":"Der Schweizer #Telekom-Provider #peoplefone hat Sandro Isteri zum neuen Country Manager Schweiz ernannt.","twitter_image":"https:\/\/www.organisator.ch\/wp-content\/uploads\/2026\/02\/Peoplefone-Sandro-Isteri-wird-neuer-Country-Manager-Schweiz_Organisator.jpg","schema":{"@context":"https:\/\/schema.org","@graph":[{"@type":"Article","@id":"https:\/\/www.organisator.ch\/management\/2026-02-20\/peoplefone-sandro-isteri-wird-neuer-country-manager-schweiz\/#article","isPartOf":{"@id":"https:\/\/www.organisator.ch\/management\/2026-02-20\/peoplefone-sandro-isteri-wird-neuer-country-manager-schweiz\/"},"author":{"name":"thomas.berner","@id":"https:\/\/www.organisator.ch\/#\/schema\/person\/6f650f90b2842cd4c0cc334b4e36f67e"},"headline":"Peoplefone: Sandro Isteri wird neuer Country Manager Schweiz","datePublished":"2026-02-20T06:50:20+00:00","mainEntityOfPage":{"@id":"https:\/\/www.organisator.ch\/management\/2026-02-20\/peoplefone-sandro-isteri-wird-neuer-country-manager-schweiz\/"},"wordCount":295,"publisher":{"@id":"https:\/\/www.organisator.ch\/#organization"},"image":{"@id":"https:\/\/www.organisator.ch\/management\/2026-02-20\/peoplefone-sandro-isteri-wird-neuer-country-manager-schweiz\/#primaryimage"},"thumbnailUrl":"https:\/\/www.organisator.ch\/wp-content\/uploads\/2026\/02\/Peoplefone-Sandro-Isteri-wird-neuer-Country-Manager-Schweiz_Organisator.jpg","keywords":["Management und Unternehmensf\u00fchrung","Personalia","Telekommunikation","Unternehmen"],"articleSection":["MANAGEMENT"],"inLanguage":"it-IT"},{"@type":"WebPage","@id":"https:\/\/www.organisator.ch\/management\/2026-02-20\/peoplefone-sandro-isteri-wird-neuer-country-manager-schweiz\/","url":"https:\/\/www.organisator.ch\/management\/2026-02-20\/peoplefone-sandro-isteri-wird-neuer-country-manager-schweiz\/","name":"Peoplefone: Sandro Isteri diventa nuovo Country Manager Svizzera - Organizzatore","isPartOf":{"@id":"https:\/\/www.organisator.ch\/#website"},"primaryImageOfPage":{"@id":"https:\/\/www.organisator.ch\/management\/2026-02-20\/peoplefone-sandro-isteri-wird-neuer-country-manager-schweiz\/#primaryimage"},"image":{"@id":"https:\/\/www.organisator.ch\/management\/2026-02-20\/peoplefone-sandro-isteri-wird-neuer-country-manager-schweiz\/#primaryimage"},"thumbnailUrl":"https:\/\/www.organisator.ch\/wp-content\/uploads\/2026\/02\/Peoplefone-Sandro-Isteri-wird-neuer-Country-Manager-Schweiz_Organisator.jpg","datePublished":"2026-02-20T06:50:20+00:00","description":"Il provider svizzero di telecomunicazioni peoplefone ha nominato Sandro Isteri nuovo Country Manager per la Svizzera.","breadcrumb":{"@id":"https:\/\/www.organisator.ch\/management\/2026-02-20\/peoplefone-sandro-isteri-wird-neuer-country-manager-schweiz\/#breadcrumb"},"inLanguage":"it-IT","potentialAction":[{"@type":"ReadAction","target":["https:\/\/www.organisator.ch\/management\/2026-02-20\/peoplefone-sandro-isteri-wird-neuer-country-manager-schweiz\/"]}]},{"@type":"ImageObject","inLanguage":"it-IT","@id":"https:\/\/www.organisator.ch\/management\/2026-02-20\/peoplefone-sandro-isteri-wird-neuer-country-manager-schweiz\/#primaryimage","url":"https:\/\/www.organisator.ch\/wp-content\/uploads\/2026\/02\/Peoplefone-Sandro-Isteri-wird-neuer-Country-Manager-Schweiz_Organisator.jpg","contentUrl":"https:\/\/www.organisator.ch\/wp-content\/uploads\/2026\/02\/Peoplefone-Sandro-Isteri-wird-neuer-Country-Manager-Schweiz_Organisator.jpg","width":680,"height":454,"caption":"Sandro Isteri, neuer Country Manager Schweiz bei peoplefone. (Bild: zVg \/ peoplefone)"},{"@type":"BreadcrumbList","@id":"https:\/\/www.organisator.ch\/management\/2026-02-20\/peoplefone-sandro-isteri-wird-neuer-country-manager-schweiz\/#breadcrumb","itemListElement":[{"@type":"ListItem","position":1,"name":"Home","item":"https:\/\/www.organisator.ch\/"},{"@type":"ListItem","position":2,"name":"Peoplefone: Sandro Isteri wird neuer Country Manager Schweiz"}]},{"@type":"WebSite","@id":"https:\/\/www.organisator.ch\/#website","url":"https:\/\/www.organisator.ch\/","name":"Organizzatore","description":"Competente. Pratico. In 10 numeri all'anno, ORGANISATOR presenta i temi essenziali per i manager delle PMI.","publisher":{"@id":"https:\/\/www.organisator.ch\/#organization"},"potentialAction":[{"@type":"SearchAction","target":{"@type":"EntryPoint","urlTemplate":"https:\/\/www.organisator.ch\/?s={search_term_string}"},"query-input":{"@type":"PropertyValueSpecification","valueRequired":true,"valueName":"search_term_string"}}],"inLanguage":"it-IT"},{"@type":"Organization","@id":"https:\/\/www.organisator.ch\/#organization","name":"Organizzatore","url":"https:\/\/www.organisator.ch\/","logo":{"@type":"ImageObject","inLanguage":"it-IT","@id":"https:\/\/www.organisator.ch\/#\/schema\/logo\/image\/","url":"https:\/\/www.organisator.ch\/wp-content\/uploads\/2022\/01\/Logo_Organisator_Website.png","contentUrl":"https:\/\/www.organisator.ch\/wp-content\/uploads\/2022\/01\/Logo_Organisator_Website.png","width":800,"height":77,"caption":"Organisator"},"image":{"@id":"https:\/\/www.organisator.ch\/#\/schema\/logo\/image\/"},"sameAs":["https:\/\/www.facebook.com\/OrganisatorFachmagazin","https:\/\/www.linkedin.com\/showcase\/organisator-das-magazin-fr-kmu","https:\/\/www.xing.com\/news\/pages\/organisator-ch-695","https:\/\/www.youtube.com\/channel\/UCGP2Sq0iWaZwT3BdIAQFYpw"]},{"@type":"Person","@id":"https:\/\/www.organisator.ch\/#\/schema\/person\/6f650f90b2842cd4c0cc334b4e36f67e","name":"Tommaso.berner","image":{"@type":"ImageObject","inLanguage":"it-IT","@id":"https:\/\/secure.gravatar.com\/avatar\/ac5001d2a36cb6c6cd3e50789007ffca834b477b74a2144564522e944eabff61?s=96&d=mm&r=g","url":"https:\/\/secure.gravatar.com\/avatar\/ac5001d2a36cb6c6cd3e50789007ffca834b477b74a2144564522e944eabff61?s=96&d=mm&r=g","contentUrl":"https:\/\/secure.gravatar.com\/avatar\/ac5001d2a36cb6c6cd3e50789007ffca834b477b74a2144564522e944eabff61?s=96&d=mm&r=g","caption":"thomas.berner"},"url":"https:\/\/www.organisator.ch\/it\/author\/thomas-berner\/"}]}},"_links":{"self":[{"href":"https:\/\/www.organisator.ch\/it\/wp-json\/wp\/v2\/posts\/44850","targetHints":{"allow":["GET"]}}],"collection":[{"href":"https:\/\/www.organisator.ch\/it\/wp-json\/wp\/v2\/posts"}],"about":[{"href":"https:\/\/www.organisator.ch\/it\/wp-json\/wp\/v2\/types\/post"}],"author":[{"embeddable":true,"href":"https:\/\/www.organisator.ch\/it\/wp-json\/wp\/v2\/users\/4"}],"replies":[{"embeddable":true,"href":"https:\/\/www.organisator.ch\/it\/wp-json\/wp\/v2\/comments?post=44850"}],"version-history":[{"count":2,"href":"https:\/\/www.organisator.ch\/it\/wp-json\/wp\/v2\/posts\/44850\/revisions"}],"predecessor-version":[{"id":44882,"href":"https:\/\/www.organisator.ch\/it\/wp-json\/wp\/v2\/posts\/44850\/revisions\/44882"}],"wp:featuredmedia":[{"embeddable":true,"href":"https:\/\/www.organisator.ch\/it\/wp-json\/wp\/v2\/media\/44851"}],"wp:attachment":[{"href":"https:\/\/www.organisator.ch\/it\/wp-json\/wp\/v2\/media?parent=44850"}],"wp:term":[{"taxonomy":"category","embeddable":true,"href":"https:\/\/www.organisator.ch\/it\/wp-json\/wp\/v2\/categories?post=44850"},{"taxonomy":"post_tag","embeddable":true,"href":"https:\/\/www.organisator.ch\/it\/wp-json\/wp\/v2\/tags?post=44850"}],"curies":[{"name":"wp","href":"https:\/\/api.w.org\/{rel}","templated":true}]}}