{"id":44857,"date":"2026-02-20T10:16:13","date_gmt":"2026-02-20T09:16:13","guid":{"rendered":"https:\/\/www.m-q.ch\/?p=22494"},"modified":"2026-03-18T17:07:11","modified_gmt":"2026-03-18T16:07:11","slug":"rueckblick-swiss-cyber-security-days-2026-souveraen-ist-wer-seine-abhaengigkeiten-kennt","status":"publish","type":"post","link":"https:\/\/www.organisator.ch\/it\/operational-excellence\/2026-02-20\/rueckblick-swiss-cyber-security-days-2026-souveraen-ist-wer-seine-abhaengigkeiten-kennt\/","title":{"rendered":"Rassegna delle Giornate svizzere di sicurezza informatica 2026: \u00abSovrano \u00e8 colui che conosce le proprie dipendenze\u00bb"},"content":{"rendered":"<figure id=\"attachment_22495\" class=\"wp-caption alignnone\" style=\"width: 680px;\" aria-describedby=\"caption-attachment-22495\"><img class=\"size-full wp-image-22495\" src=\"https:\/\/www.m-q.ch\/wp-content\/uploads\/2026\/02\/Rueckblick-Swiss-Cyber-Security-Days-2026-Souveraen-ist-wer-seine-Abhaengigkeiten-kennt-1_MQ.jpg\" sizes=\"(max-width: 680px) 100vw, 680px\" srcset=\"https:\/\/www.m-q.ch\/wp-content\/uploads\/2026\/02\/Rueckblick-Swiss-Cyber-Security-Days-2026-Souveraen-ist-wer-seine-Abhaengigkeiten-kennt-1_MQ.jpg 680w, https:\/\/www.m-q.ch\/wp-content\/uploads\/2026\/02\/Rueckblick-Swiss-Cyber-Security-Days-2026-Souveraen-ist-wer-seine-Abhaengigkeiten-kennt-1_MQ-18x12.jpg 18w, https:\/\/www.m-q.ch\/wp-content\/uploads\/2026\/02\/Rueckblick-Swiss-Cyber-Security-Days-2026-Souveraen-ist-wer-seine-Abhaengigkeiten-kennt-1_MQ-375x229.jpg 375w, https:\/\/www.m-q.ch\/wp-content\/uploads\/2026\/02\/Rueckblick-Swiss-Cyber-Security-Days-2026-Souveraen-ist-wer-seine-Abhaengigkeiten-kennt-1_MQ-573x350.jpg 573w\" alt=\"\" width=\"680\" height=\"415\" \/>\r\n<figcaption id=\"caption-attachment-22495\" class=\"wp-caption-text\">Gli Swiss Cyber Security Days SCSD hanno attirato circa 2800 visitatori il 17 e 18 febbraio 2026. (Immagine: Giornate svizzere della sicurezza informatica)<\/figcaption>\r\n<\/figure>\r\n<p>Marted\u00ec 17 e mercoled\u00ec 18 febbraio 2026, il sito della BERNEXPO \u00e8 stato al centro di un dibattito su sicurezza, libert\u00e0 e autodeterminazione. Gli Swiss Cyber Security Days (SCSD), la piattaforma leader per la sicurezza informatica, si sono tenuti a Berna per la terza volta consecutiva, riunendo in un unico luogo relatori nazionali e internazionali. Con 2.800 visitatori e oltre 100 espositori, l'evento si \u00e8 basato sul successo dello scorso anno. Uno dei momenti salienti \u00e8 stata la presentazione di Florian Sch\u00fctz, direttore dell'Ufficio federale per la sicurezza informatica (BACS), che ha classificato l'attuale situazione della sicurezza informatica in Svizzera e l'ha messa in relazione con il contesto internazionale. Ha anche fornito alcune cifre concrete: Nel 2025, ad esempio, sono state analizzate 2.347.618 segnalazioni di dispositivi infettati da malware. Sono stati identificati e bloccati poco pi\u00f9 di 17.000 sistemi di comando e controllo di aggressori. \u2019I danni economici causati dai cyberattacchi restano il rischio maggiore per la Svizzera\u2019, ha dichiarato Sch\u00fctz.<\/p>\r\n<h3>La sovranit\u00e0 digitale riguarda tutti<\/h3>\r\n<p>L'evento si \u00e8 incentrato sulla questione di chi determina le regole del gioco nel nuovo mondo digitale e quindi influenza gli sviluppi geopolitici, economici e sociali. Tuttavia, il tema della sovranit\u00e0 digitale, che ha dominato gli Swiss Cyber Security Days di quest'anno, non \u00e8 una novit\u00e0. Nel suo discorso di apertura dell'evento, il Cancelliere federale Viktor Rossi ha sottolineato che gi\u00e0 nel 1999 la Confederazione si preoccupava della sovranit\u00e0 e delle dipendenze nell'utilizzo di prodotti software di grandi fornitori. Oggi, tuttavia, non \u00e8 realistico abbandonare completamente i sistemi Microsoft, ma secondo Viktor Rossi deve essere ancora possibile porre i sistemi critici sotto il proprio controllo. Inoltre, la sovranit\u00e0 digitale consiste anche nel creare fiducia nella popolazione sul fatto che le autorit\u00e0 abbiano i dati sotto controllo. L'esito limitato della votazione sull'e-ID ha dimostrato quanto sia difficile.<\/p>\r\n<p>Il direttore del programma Nicolas Mayencourt ha chiarito nel suo discorso che la sovranit\u00e0 digitale riguarda tutti e che dobbiamo lavorare insieme per sviluppare soluzioni sicure e orientate al futuro: \u00abCi\u00f2 che ci unisce \u00e8 un obiettivo comune: rendere la dimensione cibernetica sicura, autonoma e sostenibile. Abbiamo bisogno di una responsabilit\u00e0 tecno-sociale vincolante, sostenuta dallo Stato, dall'economia e dalla popolazione civile\u00bb. Anche Nik Gugger, presidente dell'SCSD, nel suo discorso di apertura ha rivolto parole chiare ai partecipanti del mondo politico ed economico: \u00abCreare condizioni quadro affidabili e investire nella sovranit\u00e0 digitale. Considerate la resilienza informatica non come un fattore di costo, ma come un fattore competitivo\u00bb. E Viktor Rossi ha detto: \u00abSovrano \u00e8 colui che conosce le proprie dipendenze\u00bb.<\/p>\r\n<figure id=\"attachment_22496\" class=\"wp-caption alignnone\" style=\"width: 680px;\" aria-describedby=\"caption-attachment-22496\"><img class=\"size-full wp-image-22496\" src=\"https:\/\/www.m-q.ch\/wp-content\/uploads\/2026\/02\/Rueckblick-Swiss-Cyber-Security-Days-2026-Souveraen-ist-wer-seine-Abhaengigkeiten-kennt-2_MQ.jpg\" sizes=\"(max-width: 680px) 100vw, 680px\" srcset=\"https:\/\/www.m-q.ch\/wp-content\/uploads\/2026\/02\/Rueckblick-Swiss-Cyber-Security-Days-2026-Souveraen-ist-wer-seine-Abhaengigkeiten-kennt-2_MQ.jpg 680w, https:\/\/www.m-q.ch\/wp-content\/uploads\/2026\/02\/Rueckblick-Swiss-Cyber-Security-Days-2026-Souveraen-ist-wer-seine-Abhaengigkeiten-kennt-2_MQ-18x12.jpg 18w, https:\/\/www.m-q.ch\/wp-content\/uploads\/2026\/02\/Rueckblick-Swiss-Cyber-Security-Days-2026-Souveraen-ist-wer-seine-Abhaengigkeiten-kennt-2_MQ-375x250.jpg 375w, https:\/\/www.m-q.ch\/wp-content\/uploads\/2026\/02\/Rueckblick-Swiss-Cyber-Security-Days-2026-Souveraen-ist-wer-seine-Abhaengigkeiten-kennt-2_MQ-525x350.jpg 525w\" alt=\"\" width=\"680\" height=\"453\" \/>\r\n<figcaption id=\"caption-attachment-22496\" class=\"wp-caption-text\">\u00abCi stiamo lasciando volontariamente colonizzare da pochi hyperscaler\u00bb: Nicolas Mayencourt, direttore del programma SCSD. (Immagine: Giornate svizzere della sicurezza informatica)<\/figcaption>\r\n<\/figure>\r\n<h3>La Svizzera non si trova in una posizione secondaria<\/h3>\r\n<p>Gli esperti hanno concordato su un punto: l'Europa e la Svizzera devono rafforzare la loro sovranit\u00e0 digitale e garantirla a lungo termine. Le modalit\u00e0 concrete di questo percorso sono state oggetto di una discussione vivace e appassionata. Una cosa \u00e8 chiara: la forza innovativa dell'Europa non deve essere costruita esclusivamente sulla creazione di valore di aziende tecnologiche non europee. La forte dipendenza da pochi grandi fornitori \u00e8 particolarmente evidente nel settore del cloud, come ha spiegato la dottoressa Cristina Caffarra della Fondazione EuroStack Initiative e uno dei maggiori esperti europei nel campo della sovranit\u00e0 digitale. La dottoressa \u00e8 convinta che l'Europa disponga di sufficienti punti di forza tecnologici, che ora devono essere coerentemente raggruppati e utilizzati in modo strategico. \u00abDobbiamo ora fare ogni sforzo per creare ci\u00f2 che ci \u00e8 mancato negli ultimi 15 anni\u00bb, ha dichiarato Cristina Caffarra in occasione di una conferenza stampa a margine della SCSD. E alla domanda se gli Stati debbano sviluppare il proprio software, ha risposto: \u00abLo Stato non deve essere un concorrente, ma un facilitatore\u00bb.\u00bb<\/p>\r\n<p>La sovranit\u00e0 digitale \u00e8 perseguita anche in Svizzera, come ha spiegato il Prof. Dr. Matthias St\u00fcrmer, docente presso l'Universit\u00e0 di Scienze Applicate di Berna e responsabile dell'Istituto per la trasformazione del settore pubblico: \u00abLa Svizzera non \u00e8 in disparte. Ci sono grandi opportunit\u00e0 per la sovranit\u00e0 digitale, ma serve pi\u00f9 coraggio nelle decisioni strategiche\u00bb. Ci\u00f2 che lo preoccupa, tuttavia, \u00e8 il fatto che le grandi aziende statunitensi stiano esercitando un'intensa attivit\u00e0 di lobbying, cercando cos\u00ec di ostacolare gli sforzi per raggiungere la sovranit\u00e0 digitale. Per questo \u00e8 ancora pi\u00f9 importante unire le forze. Per questo motivo \u00e8 stata creata la rete \u00abSDS - Sovereign Digital Switzerland\u00bb, un'associazione di oltre 160 autorit\u00e0 e aziende informatiche svizzere, con l'obiettivo di creare strutture sostenibili. La visione: creare un servizio svizzero coordinato ed efficiente che offra alternative praticabili agli hyperscaler internazionali e rafforzi l'indipendenza digitale.<\/p>\r\n<h3>Dove la sovranit\u00e0 digitale funziona gi\u00e0<\/h3>\r\n<p>Esistono gi\u00e0 molti esempi di organizzazioni di spicco in Germania e all'estero che stanno adottando un approccio concreto alla sovranit\u00e0 digitale. Lo Stato federale tedesco dello Schleswig-Holstein, ad esempio, \u00e8 riuscito a passare la propria amministrazione al software open source. La soluzione di collaborazione di Nextcloud \u00e8 uno degli strumenti utilizzati. Il suo fondatore e CEO Frank Karlitschek \u00e8 stato anche ospite degli Swiss Cyber Security Days. Nel suo discorso programmatico ha sottolineato che nemmeno il Regolamento generale sulla protezione dei dati (GDPR) dell'UE \u00e8 in grado di proteggere i dati europei conservati su server statunitensi. Ci\u00f2 significa che molti dati condivisi tramite i prodotti Microsoft, ad esempio, non sono conformi al GDPR. Karlitschek ha criticato il potere di mercato degli hyperscaler statunitensi, che in molti casi porta al cosiddetto vendor lock-in.<\/p>\r\n<figure id=\"attachment_22497\" class=\"wp-caption alignnone\" style=\"width: 680px;\" aria-describedby=\"caption-attachment-22497\"><img class=\"wp-image-22497 size-full\" src=\"https:\/\/www.m-q.ch\/wp-content\/uploads\/2026\/02\/Rueckblick-Swiss-Cyber-Security-Days-2026-Souveraen-ist-wer-seine-Abhaengigkeiten-kennt-3_MQ.jpg\" sizes=\"(max-width: 680px) 100vw, 680px\" srcset=\"https:\/\/www.m-q.ch\/wp-content\/uploads\/2026\/02\/Rueckblick-Swiss-Cyber-Security-Days-2026-Souveraen-ist-wer-seine-Abhaengigkeiten-kennt-3_MQ.jpg 680w, https:\/\/www.m-q.ch\/wp-content\/uploads\/2026\/02\/Rueckblick-Swiss-Cyber-Security-Days-2026-Souveraen-ist-wer-seine-Abhaengigkeiten-kennt-3_MQ-18x12.jpg 18w, https:\/\/www.m-q.ch\/wp-content\/uploads\/2026\/02\/Rueckblick-Swiss-Cyber-Security-Days-2026-Souveraen-ist-wer-seine-Abhaengigkeiten-kennt-3_MQ-375x232.jpg 375w, https:\/\/www.m-q.ch\/wp-content\/uploads\/2026\/02\/Rueckblick-Swiss-Cyber-Security-Days-2026-Souveraen-ist-wer-seine-Abhaengigkeiten-kennt-3_MQ-565x350.jpg 565w\" alt=\"\" width=\"680\" height=\"421\" \/>\r\n<figcaption id=\"caption-attachment-22497\" class=\"wp-caption-text\">Discussione con Ueli Schmezer (moderatore), Frank-Karlitschek (fondatore e CEO di Nextcloud), Cristina Caffarra (presidente della Fondazione EuroStack Initiative), Florian Sch\u00fctz (direttore dell'Ufficio federale per la sicurezza informatica) e Ren\u00e9 Oester (CEO di Axpo Systems AG), da sinistra a destra (Immagine: Swiss Cyber Security Days)<\/figcaption>\r\n<\/figure>\r\n<p>Un momento saliente \u00e8 stata la successiva tavola rotonda con Cristina Caffarra e Florian Sch\u00fctz, direttore dell'Ufficio federale per la sicurezza informatica, Frank Karlitschek e Ren\u00e9 Oester di Axpo Systems AG. In questa vivace discussione, Frank Karlitschek ha sostenuto l'idea del \u00abBuy Europe\u00bb, che mira a reindirizzare i flussi di denaro verso l'economia europea. Tuttavia, ha anche chiarito che le aziende di software come Nextcloud non hanno bisogno del sostegno della politica economica: \u00abAbbiamo bisogno di clienti\u00bb, ha detto Frank Karlitschek. Per lui l'iniziativa EuroStack rappresentata da Cristina Caffarra \u00e8 un modo per raggiungere l'obiettivo di rafforzare i mercati europei dell'IT. Florian Sch\u00fctz chiarisce che l'obiettivo non pu\u00f2 essere quello di replicare semplicemente gli hyperscaler statunitensi in Europa. Sarebbe meglio promuovere i punti di forza dell'industria informatica europea in aree specializzate come la logistica. Ren\u00e9 Oester ha fatto riferimento alla gestione del rischio delle aziende: Dobbiamo comprendere meglio le dipendenze e lavorare per consentire la gestione della continuit\u00e0 operativa anche senza gli hyperscaler.<\/p>\r\n<h3>Espositori e organizzatori soddisfatti<\/h3>\r\n<p>L'organizzatore BERNEXPO pu\u00f2 guardare a due giorni di grande successo. 2.800 visitatori hanno assistito a circa 100 presentazioni e discussioni e hanno colto l'occasione per un intenso dialogo. Anche le due fasi di Best Practice sono state molto apprezzate e hanno offerto spunti pratici e resoconti di esperienze concrete. La zona PMI, di recente creazione, era rivolta specificamente alle piccole e medie imprese: L'attenzione si \u00e8 concentrata sulle storie di successo della vita aziendale quotidiana e sul dialogo diretto con i fornitori di servizi IT. Anche i workshop organizzati dall'Universit\u00e0 di Scienze Applicate e Arti di Lucerna nella SME Lounge hanno riscosso un grande interesse. Ad esempio, \u00e8 stato spiegato in modo pratico l'impatto delle attuali leggi svizzere sulla protezione dei dati e sulla sicurezza delle informazioni sulle PMI.<\/p>\r\n<p>Oltre 100 espositori hanno presentato le loro offerte nell'area espositiva, creando le condizioni ideali per un dialogo personale e nuove partnership. Anche il fornitore svizzero di sicurezza informatica ELCASecurity e Senthorus SOC hanno apprezzato il dialogo interdisciplinare: \u00ab\u00c8 qui che i decisori strategici incontrano gli esperti tecnici, permettendoci di pensare in modo olistico alle architetture di sicurezza, di presentare soluzioni concrete, di approfondire i partenariati e di lavorare insieme alla comunit\u00e0 per un futuro digitale resiliente per la Svizzera\u00bb, spiega Christophe Gerber, direttore generale di ELCASecurity. La prossima edizione degli Swiss Cyber Security Days si terr\u00e0 il 23 e 24 febbraio 2027 a Berna.<\/p>\r\n<p><em><a href=\"https:\/\/scsd.ch\/de\">www.scsd.ch<\/a><\/em><\/p>\n<p class=\"syndicated-attribution\">Questo articolo \u00e8 apparso originariamente su m-q.ch - <a href=\"https:\/\/www.m-q.ch\/de\/rueckblick-swiss-cyber-security-days-2026-souveraen-ist-wer-seine-abhaengigkeiten-kennt\/\" target=\"_blank\">https:\/\/www.m-q.ch\/de\/rueckblick-swiss-cyber-security-days-2026-souveraen-ist-wer-seine-abhaengigkeiten-kennt\/<\/a><\/p>","protected":false},"excerpt":{"rendered":"<p>Con il motto \u00abSovranit\u00e0 digitale - La nuova frontiera\u00bb, la settima edizione degli Swiss Cyber Security Days si \u00e8 svolta il 17 e 18 febbraio 2026 presso la BERNEXPO di Berna. Relatori nazionali e internazionali hanno fornito risposte alle pi\u00f9 importanti domande digitali del nostro tempo.<\/p>","protected":false},"author":8,"featured_media":0,"comment_status":"closed","ping_status":"closed","sticky":false,"template":"","format":"standard","meta":{"_acf_changed":false,"_yoast_wpseo_focuskw":"Cyber Security Days","_yoast_wpseo_metadesc":"Nationale und internationale Referent:innen lieferten an den Swiss Cyber Security Days 2026 Antworten auf wichtige digitale Fragen.","articlekey":"","footnotes":""},"categories":[582],"tags":[608,4847,193,418,2804],"class_list":["post-44857","post","type-post","status-publish","format-standard","hentry","category-operational-excellence","tag-cybersicherheit","tag-digitale-souveraenitaet","tag-fachkongressfachmesse","tag-risikomanagement","tag-swiss-cyber-security-days"],"acf":[],"yoast_head":"<!-- This site is optimized with the Yoast SEO plugin v27.5 - https:\/\/yoast.com\/product\/yoast-seo-wordpress\/ -->\n<title>R\u00fcckblick Swiss Cyber Security Days 2026: \u00abSouver\u00e4n ist, wer seine Abh\u00e4ngigkeiten kennt\u00bb - Organisator<\/title>\n<meta name=\"description\" content=\"Nationale und internationale Referent:innen lieferten an den Swiss Cyber Security Days 2026 Antworten auf wichtige digitale Fragen.\" \/>\n<meta name=\"robots\" content=\"index, follow, max-snippet:-1, max-image-preview:large, max-video-preview:-1\" \/>\n<link rel=\"canonical\" href=\"https:\/\/www.organisator.ch\/it\/eccellenza-operativa\/2026-02-20\/rueckblick-swiss-cyber-security-days-2026-souveraen-ist-wer-seine-abhaengigkeiten-kennt\/\" \/>\n<meta property=\"og:locale\" content=\"it_IT\" \/>\n<meta property=\"og:type\" content=\"article\" \/>\n<meta property=\"og:title\" content=\"R\u00fcckblick Swiss Cyber Security Days 2026: \u00abSouver\u00e4n ist, wer seine Abh\u00e4ngigkeiten kennt\u00bb - Organisator\" \/>\n<meta property=\"og:description\" content=\"Nationale und internationale Referent:innen lieferten an den Swiss Cyber Security Days 2026 Antworten auf wichtige digitale Fragen.\" \/>\n<meta property=\"og:url\" content=\"https:\/\/www.organisator.ch\/it\/eccellenza-operativa\/2026-02-20\/rueckblick-swiss-cyber-security-days-2026-souveraen-ist-wer-seine-abhaengigkeiten-kennt\/\" \/>\n<meta property=\"og:site_name\" content=\"Organisator\" \/>\n<meta property=\"article:publisher\" content=\"https:\/\/www.facebook.com\/OrganisatorFachmagazin\" \/>\n<meta property=\"article:published_time\" content=\"2026-02-20T09:16:13+00:00\" \/>\n<meta property=\"article:modified_time\" content=\"2026-03-18T16:07:11+00:00\" \/>\n<meta name=\"author\" content=\"galledia\" \/>\n<meta name=\"twitter:card\" content=\"summary_large_image\" \/>\n<meta name=\"twitter:creator\" content=\"@admin\" \/>\n<script type=\"application\/ld+json\" class=\"yoast-schema-graph\">{\"@context\":\"https:\\\/\\\/schema.org\",\"@graph\":[{\"@type\":\"Article\",\"@id\":\"https:\\\/\\\/www.organisator.ch\\\/operational-excellence\\\/2026-02-20\\\/rueckblick-swiss-cyber-security-days-2026-souveraen-ist-wer-seine-abhaengigkeiten-kennt\\\/#article\",\"isPartOf\":{\"@id\":\"https:\\\/\\\/www.organisator.ch\\\/operational-excellence\\\/2026-02-20\\\/rueckblick-swiss-cyber-security-days-2026-souveraen-ist-wer-seine-abhaengigkeiten-kennt\\\/\"},\"author\":{\"name\":\"galledia\",\"@id\":\"https:\\\/\\\/www.organisator.ch\\\/#\\\/schema\\\/person\\\/4e51799071cd2dd1232ac003643ef5f0\"},\"headline\":\"R\u00fcckblick Swiss Cyber Security Days 2026: \u00abSouver\u00e4n ist, wer seine Abh\u00e4ngigkeiten kennt\u00bb\",\"datePublished\":\"2026-02-20T09:16:13+00:00\",\"dateModified\":\"2026-03-18T16:07:11+00:00\",\"mainEntityOfPage\":{\"@id\":\"https:\\\/\\\/www.organisator.ch\\\/operational-excellence\\\/2026-02-20\\\/rueckblick-swiss-cyber-security-days-2026-souveraen-ist-wer-seine-abhaengigkeiten-kennt\\\/\"},\"wordCount\":1325,\"publisher\":{\"@id\":\"https:\\\/\\\/www.organisator.ch\\\/#organization\"},\"image\":{\"@id\":\"https:\\\/\\\/www.organisator.ch\\\/operational-excellence\\\/2026-02-20\\\/rueckblick-swiss-cyber-security-days-2026-souveraen-ist-wer-seine-abhaengigkeiten-kennt\\\/#primaryimage\"},\"thumbnailUrl\":\"https:\\\/\\\/www.m-q.ch\\\/wp-content\\\/uploads\\\/2026\\\/02\\\/Rueckblick-Swiss-Cyber-Security-Days-2026-Souveraen-ist-wer-seine-Abhaengigkeiten-kennt-1_MQ.jpg\",\"keywords\":[\"Cybersicherheit\",\"Digitale Souver\u00e4nit\u00e4t\",\"Fachkongress\\\/Fachmesse\",\"Risikomanagement\",\"Swiss Cyber Security Days\"],\"articleSection\":[\"OPERATIONAL EXCELLENCE\"],\"inLanguage\":\"it-IT\"},{\"@type\":\"WebPage\",\"@id\":\"https:\\\/\\\/www.organisator.ch\\\/operational-excellence\\\/2026-02-20\\\/rueckblick-swiss-cyber-security-days-2026-souveraen-ist-wer-seine-abhaengigkeiten-kennt\\\/\",\"url\":\"https:\\\/\\\/www.organisator.ch\\\/operational-excellence\\\/2026-02-20\\\/rueckblick-swiss-cyber-security-days-2026-souveraen-ist-wer-seine-abhaengigkeiten-kennt\\\/\",\"name\":\"R\u00fcckblick Swiss Cyber Security Days 2026: \u00abSouver\u00e4n ist, wer seine Abh\u00e4ngigkeiten kennt\u00bb - Organisator\",\"isPartOf\":{\"@id\":\"https:\\\/\\\/www.organisator.ch\\\/#website\"},\"primaryImageOfPage\":{\"@id\":\"https:\\\/\\\/www.organisator.ch\\\/operational-excellence\\\/2026-02-20\\\/rueckblick-swiss-cyber-security-days-2026-souveraen-ist-wer-seine-abhaengigkeiten-kennt\\\/#primaryimage\"},\"image\":{\"@id\":\"https:\\\/\\\/www.organisator.ch\\\/operational-excellence\\\/2026-02-20\\\/rueckblick-swiss-cyber-security-days-2026-souveraen-ist-wer-seine-abhaengigkeiten-kennt\\\/#primaryimage\"},\"thumbnailUrl\":\"https:\\\/\\\/www.m-q.ch\\\/wp-content\\\/uploads\\\/2026\\\/02\\\/Rueckblick-Swiss-Cyber-Security-Days-2026-Souveraen-ist-wer-seine-Abhaengigkeiten-kennt-1_MQ.jpg\",\"datePublished\":\"2026-02-20T09:16:13+00:00\",\"dateModified\":\"2026-03-18T16:07:11+00:00\",\"description\":\"Nationale und internationale Referent:innen lieferten an den Swiss Cyber Security Days 2026 Antworten auf wichtige digitale Fragen.\",\"breadcrumb\":{\"@id\":\"https:\\\/\\\/www.organisator.ch\\\/operational-excellence\\\/2026-02-20\\\/rueckblick-swiss-cyber-security-days-2026-souveraen-ist-wer-seine-abhaengigkeiten-kennt\\\/#breadcrumb\"},\"inLanguage\":\"it-IT\",\"potentialAction\":[{\"@type\":\"ReadAction\",\"target\":[\"https:\\\/\\\/www.organisator.ch\\\/operational-excellence\\\/2026-02-20\\\/rueckblick-swiss-cyber-security-days-2026-souveraen-ist-wer-seine-abhaengigkeiten-kennt\\\/\"]}]},{\"@type\":\"ImageObject\",\"inLanguage\":\"it-IT\",\"@id\":\"https:\\\/\\\/www.organisator.ch\\\/operational-excellence\\\/2026-02-20\\\/rueckblick-swiss-cyber-security-days-2026-souveraen-ist-wer-seine-abhaengigkeiten-kennt\\\/#primaryimage\",\"url\":\"https:\\\/\\\/www.m-q.ch\\\/wp-content\\\/uploads\\\/2026\\\/02\\\/Rueckblick-Swiss-Cyber-Security-Days-2026-Souveraen-ist-wer-seine-Abhaengigkeiten-kennt-1_MQ.jpg\",\"contentUrl\":\"https:\\\/\\\/www.m-q.ch\\\/wp-content\\\/uploads\\\/2026\\\/02\\\/Rueckblick-Swiss-Cyber-Security-Days-2026-Souveraen-ist-wer-seine-Abhaengigkeiten-kennt-1_MQ.jpg\"},{\"@type\":\"BreadcrumbList\",\"@id\":\"https:\\\/\\\/www.organisator.ch\\\/operational-excellence\\\/2026-02-20\\\/rueckblick-swiss-cyber-security-days-2026-souveraen-ist-wer-seine-abhaengigkeiten-kennt\\\/#breadcrumb\",\"itemListElement\":[{\"@type\":\"ListItem\",\"position\":1,\"name\":\"Home\",\"item\":\"https:\\\/\\\/www.organisator.ch\\\/\"},{\"@type\":\"ListItem\",\"position\":2,\"name\":\"R\u00fcckblick Swiss Cyber Security Days 2026: \u00abSouver\u00e4n ist, wer seine Abh\u00e4ngigkeiten kennt\u00bb\"}]},{\"@type\":\"WebSite\",\"@id\":\"https:\\\/\\\/www.organisator.ch\\\/#website\",\"url\":\"https:\\\/\\\/www.organisator.ch\\\/\",\"name\":\"Organisator\",\"description\":\"Kompetent. Praxisnah. Der ORGANISATOR bereitet in 10 Ausgaben pro Jahr die wesentlichen Themen f\u00fcr F\u00fchrungskr\u00e4fte von KMU auf.\",\"publisher\":{\"@id\":\"https:\\\/\\\/www.organisator.ch\\\/#organization\"},\"potentialAction\":[{\"@type\":\"SearchAction\",\"target\":{\"@type\":\"EntryPoint\",\"urlTemplate\":\"https:\\\/\\\/www.organisator.ch\\\/?s={search_term_string}\"},\"query-input\":{\"@type\":\"PropertyValueSpecification\",\"valueRequired\":true,\"valueName\":\"search_term_string\"}}],\"inLanguage\":\"it-IT\"},{\"@type\":\"Organization\",\"@id\":\"https:\\\/\\\/www.organisator.ch\\\/#organization\",\"name\":\"Organisator\",\"url\":\"https:\\\/\\\/www.organisator.ch\\\/\",\"logo\":{\"@type\":\"ImageObject\",\"inLanguage\":\"it-IT\",\"@id\":\"https:\\\/\\\/www.organisator.ch\\\/#\\\/schema\\\/logo\\\/image\\\/\",\"url\":\"https:\\\/\\\/www.organisator.ch\\\/wp-content\\\/uploads\\\/2022\\\/01\\\/Logo_Organisator_Website.png\",\"contentUrl\":\"https:\\\/\\\/www.organisator.ch\\\/wp-content\\\/uploads\\\/2022\\\/01\\\/Logo_Organisator_Website.png\",\"width\":800,\"height\":77,\"caption\":\"Organisator\"},\"image\":{\"@id\":\"https:\\\/\\\/www.organisator.ch\\\/#\\\/schema\\\/logo\\\/image\\\/\"},\"sameAs\":[\"https:\\\/\\\/www.facebook.com\\\/OrganisatorFachmagazin\",\"https:\\\/\\\/www.linkedin.com\\\/showcase\\\/organisator-das-magazin-fr-kmu\",\"https:\\\/\\\/www.xing.com\\\/news\\\/pages\\\/organisator-ch-695\",\"https:\\\/\\\/www.youtube.com\\\/channel\\\/UCGP2Sq0iWaZwT3BdIAQFYpw\"]},{\"@type\":\"Person\",\"@id\":\"https:\\\/\\\/www.organisator.ch\\\/#\\\/schema\\\/person\\\/4e51799071cd2dd1232ac003643ef5f0\",\"name\":\"galledia\",\"image\":{\"@type\":\"ImageObject\",\"inLanguage\":\"it-IT\",\"@id\":\"https:\\\/\\\/secure.gravatar.com\\\/avatar\\\/78a7f90c01fc2bfc875782a0d4922b37cde2cf184ce347b91316d23cd7f69a36?s=96&d=mm&r=g\",\"url\":\"https:\\\/\\\/secure.gravatar.com\\\/avatar\\\/78a7f90c01fc2bfc875782a0d4922b37cde2cf184ce347b91316d23cd7f69a36?s=96&d=mm&r=g\",\"contentUrl\":\"https:\\\/\\\/secure.gravatar.com\\\/avatar\\\/78a7f90c01fc2bfc875782a0d4922b37cde2cf184ce347b91316d23cd7f69a36?s=96&d=mm&r=g\",\"caption\":\"galledia\"},\"sameAs\":[\"https:\\\/\\\/x.com\\\/admin\"],\"url\":\"https:\\\/\\\/www.organisator.ch\\\/it\\\/author\\\/galledia\\\/\"}]}<\/script>\n<!-- \/ Yoast SEO plugin. -->","yoast_head_json":{"title":"Bilancio delle Giornate svizzere di sicurezza informatica 2026: \u00abSovrano \u00e8 colui che conosce le sue dipendenze\u00bb - Organizzatore","description":"Relatori nazionali e internazionali hanno fornito risposte a importanti questioni digitali in occasione degli Swiss Cyber Security Days 2026.","robots":{"index":"index","follow":"follow","max-snippet":"max-snippet:-1","max-image-preview":"max-image-preview:large","max-video-preview":"max-video-preview:-1"},"canonical":"https:\/\/www.organisator.ch\/it\/eccellenza-operativa\/2026-02-20\/rueckblick-swiss-cyber-security-days-2026-souveraen-ist-wer-seine-abhaengigkeiten-kennt\/","og_locale":"it_IT","og_type":"article","og_title":"R\u00fcckblick Swiss Cyber Security Days 2026: \u00abSouver\u00e4n ist, wer seine Abh\u00e4ngigkeiten kennt\u00bb - Organisator","og_description":"Nationale und internationale Referent:innen lieferten an den Swiss Cyber Security Days 2026 Antworten auf wichtige digitale Fragen.","og_url":"https:\/\/www.organisator.ch\/it\/eccellenza-operativa\/2026-02-20\/rueckblick-swiss-cyber-security-days-2026-souveraen-ist-wer-seine-abhaengigkeiten-kennt\/","og_site_name":"Organisator","article_publisher":"https:\/\/www.facebook.com\/OrganisatorFachmagazin","article_published_time":"2026-02-20T09:16:13+00:00","article_modified_time":"2026-03-18T16:07:11+00:00","author":"galledia","twitter_card":"summary_large_image","twitter_creator":"@admin","schema":{"@context":"https:\/\/schema.org","@graph":[{"@type":"Article","@id":"https:\/\/www.organisator.ch\/operational-excellence\/2026-02-20\/rueckblick-swiss-cyber-security-days-2026-souveraen-ist-wer-seine-abhaengigkeiten-kennt\/#article","isPartOf":{"@id":"https:\/\/www.organisator.ch\/operational-excellence\/2026-02-20\/rueckblick-swiss-cyber-security-days-2026-souveraen-ist-wer-seine-abhaengigkeiten-kennt\/"},"author":{"name":"galledia","@id":"https:\/\/www.organisator.ch\/#\/schema\/person\/4e51799071cd2dd1232ac003643ef5f0"},"headline":"R\u00fcckblick Swiss Cyber Security Days 2026: \u00abSouver\u00e4n ist, wer seine Abh\u00e4ngigkeiten kennt\u00bb","datePublished":"2026-02-20T09:16:13+00:00","dateModified":"2026-03-18T16:07:11+00:00","mainEntityOfPage":{"@id":"https:\/\/www.organisator.ch\/operational-excellence\/2026-02-20\/rueckblick-swiss-cyber-security-days-2026-souveraen-ist-wer-seine-abhaengigkeiten-kennt\/"},"wordCount":1325,"publisher":{"@id":"https:\/\/www.organisator.ch\/#organization"},"image":{"@id":"https:\/\/www.organisator.ch\/operational-excellence\/2026-02-20\/rueckblick-swiss-cyber-security-days-2026-souveraen-ist-wer-seine-abhaengigkeiten-kennt\/#primaryimage"},"thumbnailUrl":"https:\/\/www.m-q.ch\/wp-content\/uploads\/2026\/02\/Rueckblick-Swiss-Cyber-Security-Days-2026-Souveraen-ist-wer-seine-Abhaengigkeiten-kennt-1_MQ.jpg","keywords":["Cybersicherheit","Digitale Souver\u00e4nit\u00e4t","Fachkongress\/Fachmesse","Risikomanagement","Swiss Cyber Security Days"],"articleSection":["OPERATIONAL EXCELLENCE"],"inLanguage":"it-IT"},{"@type":"WebPage","@id":"https:\/\/www.organisator.ch\/operational-excellence\/2026-02-20\/rueckblick-swiss-cyber-security-days-2026-souveraen-ist-wer-seine-abhaengigkeiten-kennt\/","url":"https:\/\/www.organisator.ch\/operational-excellence\/2026-02-20\/rueckblick-swiss-cyber-security-days-2026-souveraen-ist-wer-seine-abhaengigkeiten-kennt\/","name":"Bilancio delle Giornate svizzere di sicurezza informatica 2026: \u00abSovrano \u00e8 colui che conosce le sue dipendenze\u00bb - Organizzatore","isPartOf":{"@id":"https:\/\/www.organisator.ch\/#website"},"primaryImageOfPage":{"@id":"https:\/\/www.organisator.ch\/operational-excellence\/2026-02-20\/rueckblick-swiss-cyber-security-days-2026-souveraen-ist-wer-seine-abhaengigkeiten-kennt\/#primaryimage"},"image":{"@id":"https:\/\/www.organisator.ch\/operational-excellence\/2026-02-20\/rueckblick-swiss-cyber-security-days-2026-souveraen-ist-wer-seine-abhaengigkeiten-kennt\/#primaryimage"},"thumbnailUrl":"https:\/\/www.m-q.ch\/wp-content\/uploads\/2026\/02\/Rueckblick-Swiss-Cyber-Security-Days-2026-Souveraen-ist-wer-seine-Abhaengigkeiten-kennt-1_MQ.jpg","datePublished":"2026-02-20T09:16:13+00:00","dateModified":"2026-03-18T16:07:11+00:00","description":"Relatori nazionali e internazionali hanno fornito risposte a importanti questioni digitali in occasione degli Swiss Cyber Security Days 2026.","breadcrumb":{"@id":"https:\/\/www.organisator.ch\/operational-excellence\/2026-02-20\/rueckblick-swiss-cyber-security-days-2026-souveraen-ist-wer-seine-abhaengigkeiten-kennt\/#breadcrumb"},"inLanguage":"it-IT","potentialAction":[{"@type":"ReadAction","target":["https:\/\/www.organisator.ch\/operational-excellence\/2026-02-20\/rueckblick-swiss-cyber-security-days-2026-souveraen-ist-wer-seine-abhaengigkeiten-kennt\/"]}]},{"@type":"ImageObject","inLanguage":"it-IT","@id":"https:\/\/www.organisator.ch\/operational-excellence\/2026-02-20\/rueckblick-swiss-cyber-security-days-2026-souveraen-ist-wer-seine-abhaengigkeiten-kennt\/#primaryimage","url":"https:\/\/www.m-q.ch\/wp-content\/uploads\/2026\/02\/Rueckblick-Swiss-Cyber-Security-Days-2026-Souveraen-ist-wer-seine-Abhaengigkeiten-kennt-1_MQ.jpg","contentUrl":"https:\/\/www.m-q.ch\/wp-content\/uploads\/2026\/02\/Rueckblick-Swiss-Cyber-Security-Days-2026-Souveraen-ist-wer-seine-Abhaengigkeiten-kennt-1_MQ.jpg"},{"@type":"BreadcrumbList","@id":"https:\/\/www.organisator.ch\/operational-excellence\/2026-02-20\/rueckblick-swiss-cyber-security-days-2026-souveraen-ist-wer-seine-abhaengigkeiten-kennt\/#breadcrumb","itemListElement":[{"@type":"ListItem","position":1,"name":"Home","item":"https:\/\/www.organisator.ch\/"},{"@type":"ListItem","position":2,"name":"R\u00fcckblick Swiss Cyber Security Days 2026: \u00abSouver\u00e4n ist, wer seine Abh\u00e4ngigkeiten kennt\u00bb"}]},{"@type":"WebSite","@id":"https:\/\/www.organisator.ch\/#website","url":"https:\/\/www.organisator.ch\/","name":"Organizzatore","description":"Competente. Pratico. In 10 numeri all'anno, ORGANISATOR presenta i temi essenziali per i manager delle PMI.","publisher":{"@id":"https:\/\/www.organisator.ch\/#organization"},"potentialAction":[{"@type":"SearchAction","target":{"@type":"EntryPoint","urlTemplate":"https:\/\/www.organisator.ch\/?s={search_term_string}"},"query-input":{"@type":"PropertyValueSpecification","valueRequired":true,"valueName":"search_term_string"}}],"inLanguage":"it-IT"},{"@type":"Organization","@id":"https:\/\/www.organisator.ch\/#organization","name":"Organizzatore","url":"https:\/\/www.organisator.ch\/","logo":{"@type":"ImageObject","inLanguage":"it-IT","@id":"https:\/\/www.organisator.ch\/#\/schema\/logo\/image\/","url":"https:\/\/www.organisator.ch\/wp-content\/uploads\/2022\/01\/Logo_Organisator_Website.png","contentUrl":"https:\/\/www.organisator.ch\/wp-content\/uploads\/2022\/01\/Logo_Organisator_Website.png","width":800,"height":77,"caption":"Organisator"},"image":{"@id":"https:\/\/www.organisator.ch\/#\/schema\/logo\/image\/"},"sameAs":["https:\/\/www.facebook.com\/OrganisatorFachmagazin","https:\/\/www.linkedin.com\/showcase\/organisator-das-magazin-fr-kmu","https:\/\/www.xing.com\/news\/pages\/organisator-ch-695","https:\/\/www.youtube.com\/channel\/UCGP2Sq0iWaZwT3BdIAQFYpw"]},{"@type":"Person","@id":"https:\/\/www.organisator.ch\/#\/schema\/person\/4e51799071cd2dd1232ac003643ef5f0","name":"galledia","image":{"@type":"ImageObject","inLanguage":"it-IT","@id":"https:\/\/secure.gravatar.com\/avatar\/78a7f90c01fc2bfc875782a0d4922b37cde2cf184ce347b91316d23cd7f69a36?s=96&d=mm&r=g","url":"https:\/\/secure.gravatar.com\/avatar\/78a7f90c01fc2bfc875782a0d4922b37cde2cf184ce347b91316d23cd7f69a36?s=96&d=mm&r=g","contentUrl":"https:\/\/secure.gravatar.com\/avatar\/78a7f90c01fc2bfc875782a0d4922b37cde2cf184ce347b91316d23cd7f69a36?s=96&d=mm&r=g","caption":"galledia"},"sameAs":["https:\/\/x.com\/admin"],"url":"https:\/\/www.organisator.ch\/it\/author\/galledia\/"}]}},"_links":{"self":[{"href":"https:\/\/www.organisator.ch\/it\/wp-json\/wp\/v2\/posts\/44857","targetHints":{"allow":["GET"]}}],"collection":[{"href":"https:\/\/www.organisator.ch\/it\/wp-json\/wp\/v2\/posts"}],"about":[{"href":"https:\/\/www.organisator.ch\/it\/wp-json\/wp\/v2\/types\/post"}],"author":[{"embeddable":true,"href":"https:\/\/www.organisator.ch\/it\/wp-json\/wp\/v2\/users\/8"}],"replies":[{"embeddable":true,"href":"https:\/\/www.organisator.ch\/it\/wp-json\/wp\/v2\/comments?post=44857"}],"version-history":[{"count":5,"href":"https:\/\/www.organisator.ch\/it\/wp-json\/wp\/v2\/posts\/44857\/revisions"}],"predecessor-version":[{"id":44868,"href":"https:\/\/www.organisator.ch\/it\/wp-json\/wp\/v2\/posts\/44857\/revisions\/44868"}],"wp:attachment":[{"href":"https:\/\/www.organisator.ch\/it\/wp-json\/wp\/v2\/media?parent=44857"}],"wp:term":[{"taxonomy":"category","embeddable":true,"href":"https:\/\/www.organisator.ch\/it\/wp-json\/wp\/v2\/categories?post=44857"},{"taxonomy":"post_tag","embeddable":true,"href":"https:\/\/www.organisator.ch\/it\/wp-json\/wp\/v2\/tags?post=44857"}],"curies":[{"name":"wp","href":"https:\/\/api.w.org\/{rel}","templated":true}]}}