{"id":44999,"date":"2026-02-25T08:43:22","date_gmt":"2026-02-25T07:43:22","guid":{"rendered":"https:\/\/www.organisator.ch\/de\/?p=44999"},"modified":"2026-02-25T08:43:22","modified_gmt":"2026-02-25T07:43:22","slug":"mem-kmu-kaempfen-weiter-gegen-gegenwind","status":"publish","type":"post","link":"https:\/\/www.organisator.ch\/it\/management\/2026-02-25\/mem-kmu-kaempfen-weiter-gegen-gegenwind\/","title":{"rendered":"Le PMI MEM continuano a lottare contro i venti contrari"},"content":{"rendered":"<figure>\n<figure id=\"attachment_44998\" aria-describedby=\"caption-attachment-44998\" style=\"width: 680px\" class=\"wp-caption alignnone\"><img loading=\"lazy\" decoding=\"async\" class=\"size-medium wp-image-44998\" src=\"https:\/\/www.organisator.ch\/wp-content\/uploads\/2026\/02\/2_DE-680x345.jpg\" alt=\"\" width=\"680\" height=\"345\" srcset=\"https:\/\/www.organisator.ch\/wp-content\/uploads\/2026\/02\/2_DE-680x345.jpg 680w, https:\/\/www.organisator.ch\/wp-content\/uploads\/2026\/02\/2_DE-1024x520.jpg 1024w, https:\/\/www.organisator.ch\/wp-content\/uploads\/2026\/02\/2_DE-768x390.jpg 768w, https:\/\/www.organisator.ch\/wp-content\/uploads\/2026\/02\/2_DE-1536x780.jpg 1536w, https:\/\/www.organisator.ch\/wp-content\/uploads\/2026\/02\/2_DE-2048x1040.jpg 2048w, https:\/\/www.organisator.ch\/wp-content\/uploads\/2026\/02\/2_DE-18x9.jpg 18w, https:\/\/www.organisator.ch\/wp-content\/uploads\/2026\/02\/2_DE-375x190.jpg 375w, https:\/\/www.organisator.ch\/wp-content\/uploads\/2026\/02\/2_DE-689x350.jpg 689w, https:\/\/www.organisator.ch\/wp-content\/uploads\/2026\/02\/2_DE-1000x508.jpg 1000w, https:\/\/www.organisator.ch\/wp-content\/uploads\/2026\/02\/2_DE-scaled.jpg 1400w\" sizes=\"auto, (max-width: 680px) 100vw, 680px\" \/><figcaption id=\"caption-attachment-44998\" class=\"wp-caption-text\">Utilizzo della capacit\u00e0 produttiva (fonte: BAK Economics, indagine trimestrale Swissmechanic)<\/figcaption><\/figure><figcaption><\/figcaption><\/figure>\n<p>Il clima economico dell'industria svizzera rimane pessimistico all'inizio del 2026. Circa il 40% delle aziende ha registrato un calo degli ordini e delle vendite nel quarto trimestre del 2025 rispetto all'anno precedente. I margini EBIT sono scesi al 46%. Sebbene le singole aziende abbiano registrato una leggera stabilizzazione, l'utilizzo complessivo della capacit\u00e0 produttiva rimane al di sotto della media di lungo periodo. Solo il 18% delle aziende ha ancora un portafoglio ordini superiore alle dodici settimane.<\/p>\n<h3>La situazione degli ordini rimane la principale preoccupazione<\/h3>\n<p>Per il 63%, la situazione degli ordini rimane la maggiore preoccupazione per le aziende. Le fluttuazioni dei tassi di cambio (37%) e la carenza di manodopera qualificata (26%) rappresentano un ulteriore onere. Il 17% delle aziende ricorre attualmente al lavoro a orario ridotto, una cifra che corrisponde alla media dei trimestri precedenti. La situazione degli ordini a breve termine rimane sicura per la maggior parte delle aziende: sette aziende su dieci hanno almeno quattro settimane di produzione assicurata.<\/p>\n<figure>\n<figure style=\"width: 1200px\" class=\"wp-caption alignnone\"><img loading=\"lazy\" decoding=\"async\" src=\"https:\/\/www.organisator.ch\/wp-content\/uploads\/2026\/02\/1_DE.jpg\" alt=\"Indice del clima economico di Swissmechanic\" width=\"1200\" height=\"368\" \/><figcaption class=\"wp-caption-text\">Indice del clima aziendale di Swissmechanic per le PMI MEM (fonte: BAK Economics, sondaggio trimestrale Swissmechanic)<\/figcaption><\/figure><br \/>\n<\/figure>\n<h3>I dazi statunitensi portano solo un sollievo limitato<\/h3>\n<p>Anche la riduzione delle tariffe statunitensi dal 39% al 15% fornisce solo un sollievo limitato. Per la maggior parte delle aziende, questo non significa un'inversione di tendenza, ma solo un moderato miglioramento delle prospettive di business. Gli adeguamenti strategici continuano a concentrarsi sull'ottimizzazione dei processi e dei costi, mentre le delocalizzazioni della produzione sono raramente previste.<\/p>\n<h3>Investimenti sotto pressione<\/h3>\n<p>Le restrizioni finanziarie impediscono al 26% delle aziende di investire - un leggero aumento rispetto all'autunno 2025, dovuto principalmente alla mancanza di fondi propri. Allo stesso tempo, due terzi delle aziende prevedono di mantenere costante la propria capacit\u00e0 produttiva. La maggior parte delle aziende ha mantenuto costante anche il proprio organico, mentre poco meno di una su tre ha dovuto ridurre la propria forza lavoro.<\/p>\n<h3>Il contesto macroeconomico rimane difficile<\/h3>\n<p>L'economia globale perder\u00e0 leggermente slancio nel 2026. Il BAK prevede che il prodotto interno lordo svizzero corretto per lo sport crescer\u00e0 dello 0,9% nel 2026. Lo sviluppo nell'UE sar\u00e0 leggermente superiore, con una crescita dell'1,2%. L'economia statunitense crescer\u00e0 in modo pi\u00f9 sostenuto, con un tasso di crescita previsto del 2,8%. Anche il franco svizzero rimarr\u00e0 forte nel 2026, a 0,93 franchi\/euro o a circa 0,80 franchi\/USD.<\/p>\n<p>Il presidente di Swissmechanic Nicola Tettamanti afferma: \u00abLe nostre PMI stanno dimostrando una grande perseveranza. Ma la stabilizzazione a un livello basso non \u00e8 ancora una ripresa. Abbiamo bisogno di condizioni quadro affidabili e di stabilit\u00e0 politica che permettano di investire e di creare sicurezza nella pianificazione\u00bb. Il direttore di Swissmechanic Erich Sannemann aggiunge: \u00abLe aziende stanno reagendo in modo pragmatico: ottimizzano i processi, assicurano la loro liquidit\u00e0 e mantengono la loro forza lavoro il pi\u00f9 stabile possibile. Questa resilienza \u00e8 impressionante, ma non deve essere data per scontata\u00bb.\u00bb<\/p>\n<p>Ulteriori informazioni: <a href=\"https:\/\/www.swissmechanic.ch\" target=\"_blank\" rel=\"noopener\">www.swissmechanic.ch<\/a><\/p>","protected":false},"excerpt":{"rendered":"<p>Lo Swissmechanic SME-MEM Business Climate Index continua a mostrare una situazione di tensione nell'industria meccanica, elettrica e metallurgica all'inizio del 2026. Con circa -30 punti, l'indice rimane chiaramente in territorio negativo. Tre quarti delle aziende valutano la loro attuale situazione commerciale come sfavorevole.<\/p>","protected":false},"author":107,"featured_media":44998,"comment_status":"closed","ping_status":"closed","sticky":false,"template":"","format":"standard","meta":{"_acf_changed":false,"_yoast_wpseo_focuskw":"MEM-Industrie","_yoast_wpseo_metadesc":"Der Swissmechanic KMU-MEM-Gesch\u00e4ftsklimaindex zeigt zu Jahresbeginn 2026 weiterhin eine angespannte Lage in der MEM-Industrie.","articlekey":"","footnotes":""},"categories":[28],"tags":[310,5506,3414,531],"class_list":["post-44999","post","type-post","status-publish","format-standard","has-post-thumbnail","hentry","category-management","tag-konjunktur","tag-mem-industrie","tag-swissmechanic","tag-wirtschaftspolitik"],"acf":[],"yoast_head":"<!-- This site is optimized with the Yoast SEO plugin v27.4 - https:\/\/yoast.com\/product\/yoast-seo-wordpress\/ -->\n<title>MEM-KMU k\u00e4mpfen weiter gegen Gegenwind - Organisator<\/title>\n<meta name=\"description\" content=\"Der Swissmechanic KMU-MEM-Gesch\u00e4ftsklimaindex zeigt zu Jahresbeginn 2026 weiterhin eine angespannte Lage in der MEM-Industrie.\" \/>\n<meta name=\"robots\" content=\"index, follow, max-snippet:-1, max-image-preview:large, max-video-preview:-1\" \/>\n<link rel=\"canonical\" href=\"https:\/\/www.organisator.ch\/it\/gestione-2\/2026-02-25\/mem-kmu-kaempfen-weiter-gegen-gegenwind\/\" \/>\n<meta property=\"og:locale\" content=\"it_IT\" \/>\n<meta property=\"og:type\" content=\"article\" \/>\n<meta property=\"og:title\" content=\"MEM-KMU k\u00e4mpfen weiter gegen Gegenwind\" \/>\n<meta property=\"og:description\" content=\"Der Swissmechanic KMU-MEM-Gesch\u00e4ftsklimaindex zeigt zu Jahresbeginn 2026 weiterhin eine angespannte Lage in der MEM-Industrie.\" \/>\n<meta property=\"og:url\" content=\"https:\/\/www.organisator.ch\/it\/gestione-2\/2026-02-25\/mem-kmu-kaempfen-weiter-gegen-gegenwind\/\" \/>\n<meta property=\"og:site_name\" content=\"Organisator\" \/>\n<meta property=\"article:publisher\" content=\"https:\/\/www.facebook.com\/OrganisatorFachmagazin\" \/>\n<meta property=\"article:published_time\" content=\"2026-02-25T07:43:22+00:00\" \/>\n<meta property=\"og:image\" content=\"https:\/\/www.organisator.ch\/wp-content\/uploads\/2026\/02\/2_DE-scaled.jpg\" \/>\n\t<meta property=\"og:image:width\" content=\"1400\" \/>\n\t<meta property=\"og:image:height\" content=\"711\" \/>\n\t<meta property=\"og:image:type\" content=\"image\/jpeg\" \/>\n<meta name=\"author\" content=\"n8n\" \/>\n<meta name=\"twitter:card\" content=\"summary_large_image\" \/>\n<meta name=\"twitter:title\" content=\"#MEM-KMU k\u00e4mpfen weiter gegen Gegenwind\" \/>\n<meta name=\"twitter:description\" content=\"Der #Swissmechanic #KMU-MEM-Gesch\u00e4ftsklimaindex zeigt zu Jahresbeginn 2026 weiterhin eine angespannte Lage in der #MEM-Industrie.\" \/>\n<meta name=\"twitter:image\" content=\"https:\/\/www.organisator.ch\/wp-content\/uploads\/2026\/02\/2_DE-scaled.jpg\" \/>\n<script type=\"application\/ld+json\" class=\"yoast-schema-graph\">{\"@context\":\"https:\\\/\\\/schema.org\",\"@graph\":[{\"@type\":\"Article\",\"@id\":\"https:\\\/\\\/www.organisator.ch\\\/management\\\/2026-02-25\\\/mem-kmu-kaempfen-weiter-gegen-gegenwind\\\/#article\",\"isPartOf\":{\"@id\":\"https:\\\/\\\/www.organisator.ch\\\/management\\\/2026-02-25\\\/mem-kmu-kaempfen-weiter-gegen-gegenwind\\\/\"},\"author\":{\"name\":\"n8n\",\"@id\":\"https:\\\/\\\/www.organisator.ch\\\/#\\\/schema\\\/person\\\/a9d0e0eff238db87a8f840f3b50359f0\"},\"headline\":\"MEM-KMU k\u00e4mpfen weiter gegen Gegenwind\",\"datePublished\":\"2026-02-25T07:43:22+00:00\",\"mainEntityOfPage\":{\"@id\":\"https:\\\/\\\/www.organisator.ch\\\/management\\\/2026-02-25\\\/mem-kmu-kaempfen-weiter-gegen-gegenwind\\\/\"},\"wordCount\":427,\"publisher\":{\"@id\":\"https:\\\/\\\/www.organisator.ch\\\/#organization\"},\"image\":{\"@id\":\"https:\\\/\\\/www.organisator.ch\\\/management\\\/2026-02-25\\\/mem-kmu-kaempfen-weiter-gegen-gegenwind\\\/#primaryimage\"},\"thumbnailUrl\":\"https:\\\/\\\/www.organisator.ch\\\/wp-content\\\/uploads\\\/2026\\\/02\\\/2_DE-scaled.jpg\",\"keywords\":[\"Konjunktur\",\"MEM-Industrie\",\"Swissmechanic\",\"Wirtschaftspolitik\"],\"articleSection\":[\"MANAGEMENT\"],\"inLanguage\":\"it-IT\"},{\"@type\":\"WebPage\",\"@id\":\"https:\\\/\\\/www.organisator.ch\\\/management\\\/2026-02-25\\\/mem-kmu-kaempfen-weiter-gegen-gegenwind\\\/\",\"url\":\"https:\\\/\\\/www.organisator.ch\\\/management\\\/2026-02-25\\\/mem-kmu-kaempfen-weiter-gegen-gegenwind\\\/\",\"name\":\"MEM-KMU k\u00e4mpfen weiter gegen Gegenwind - Organisator\",\"isPartOf\":{\"@id\":\"https:\\\/\\\/www.organisator.ch\\\/#website\"},\"primaryImageOfPage\":{\"@id\":\"https:\\\/\\\/www.organisator.ch\\\/management\\\/2026-02-25\\\/mem-kmu-kaempfen-weiter-gegen-gegenwind\\\/#primaryimage\"},\"image\":{\"@id\":\"https:\\\/\\\/www.organisator.ch\\\/management\\\/2026-02-25\\\/mem-kmu-kaempfen-weiter-gegen-gegenwind\\\/#primaryimage\"},\"thumbnailUrl\":\"https:\\\/\\\/www.organisator.ch\\\/wp-content\\\/uploads\\\/2026\\\/02\\\/2_DE-scaled.jpg\",\"datePublished\":\"2026-02-25T07:43:22+00:00\",\"description\":\"Der Swissmechanic KMU-MEM-Gesch\u00e4ftsklimaindex zeigt zu Jahresbeginn 2026 weiterhin eine angespannte Lage in der MEM-Industrie.\",\"breadcrumb\":{\"@id\":\"https:\\\/\\\/www.organisator.ch\\\/management\\\/2026-02-25\\\/mem-kmu-kaempfen-weiter-gegen-gegenwind\\\/#breadcrumb\"},\"inLanguage\":\"it-IT\",\"potentialAction\":[{\"@type\":\"ReadAction\",\"target\":[\"https:\\\/\\\/www.organisator.ch\\\/management\\\/2026-02-25\\\/mem-kmu-kaempfen-weiter-gegen-gegenwind\\\/\"]}]},{\"@type\":\"ImageObject\",\"inLanguage\":\"it-IT\",\"@id\":\"https:\\\/\\\/www.organisator.ch\\\/management\\\/2026-02-25\\\/mem-kmu-kaempfen-weiter-gegen-gegenwind\\\/#primaryimage\",\"url\":\"https:\\\/\\\/www.organisator.ch\\\/wp-content\\\/uploads\\\/2026\\\/02\\\/2_DE-scaled.jpg\",\"contentUrl\":\"https:\\\/\\\/www.organisator.ch\\\/wp-content\\\/uploads\\\/2026\\\/02\\\/2_DE-scaled.jpg\",\"width\":1400,\"height\":711,\"caption\":\"Auslastung der Produktionskapazit\u00e4ten (Quelle: BAK Economics, Swissmechanic Quartalsbefragung)\"},{\"@type\":\"BreadcrumbList\",\"@id\":\"https:\\\/\\\/www.organisator.ch\\\/management\\\/2026-02-25\\\/mem-kmu-kaempfen-weiter-gegen-gegenwind\\\/#breadcrumb\",\"itemListElement\":[{\"@type\":\"ListItem\",\"position\":1,\"name\":\"Home\",\"item\":\"https:\\\/\\\/www.organisator.ch\\\/\"},{\"@type\":\"ListItem\",\"position\":2,\"name\":\"MEM-KMU k\u00e4mpfen weiter gegen Gegenwind\"}]},{\"@type\":\"WebSite\",\"@id\":\"https:\\\/\\\/www.organisator.ch\\\/#website\",\"url\":\"https:\\\/\\\/www.organisator.ch\\\/\",\"name\":\"Organisator\",\"description\":\"Kompetent. Praxisnah. Der ORGANISATOR bereitet in 10 Ausgaben pro Jahr die wesentlichen Themen f\u00fcr F\u00fchrungskr\u00e4fte von KMU auf.\",\"publisher\":{\"@id\":\"https:\\\/\\\/www.organisator.ch\\\/#organization\"},\"potentialAction\":[{\"@type\":\"SearchAction\",\"target\":{\"@type\":\"EntryPoint\",\"urlTemplate\":\"https:\\\/\\\/www.organisator.ch\\\/?s={search_term_string}\"},\"query-input\":{\"@type\":\"PropertyValueSpecification\",\"valueRequired\":true,\"valueName\":\"search_term_string\"}}],\"inLanguage\":\"it-IT\"},{\"@type\":\"Organization\",\"@id\":\"https:\\\/\\\/www.organisator.ch\\\/#organization\",\"name\":\"Organisator\",\"url\":\"https:\\\/\\\/www.organisator.ch\\\/\",\"logo\":{\"@type\":\"ImageObject\",\"inLanguage\":\"it-IT\",\"@id\":\"https:\\\/\\\/www.organisator.ch\\\/#\\\/schema\\\/logo\\\/image\\\/\",\"url\":\"https:\\\/\\\/www.organisator.ch\\\/wp-content\\\/uploads\\\/2022\\\/01\\\/Logo_Organisator_Website.png\",\"contentUrl\":\"https:\\\/\\\/www.organisator.ch\\\/wp-content\\\/uploads\\\/2022\\\/01\\\/Logo_Organisator_Website.png\",\"width\":800,\"height\":77,\"caption\":\"Organisator\"},\"image\":{\"@id\":\"https:\\\/\\\/www.organisator.ch\\\/#\\\/schema\\\/logo\\\/image\\\/\"},\"sameAs\":[\"https:\\\/\\\/www.facebook.com\\\/OrganisatorFachmagazin\",\"https:\\\/\\\/www.linkedin.com\\\/showcase\\\/organisator-das-magazin-fr-kmu\",\"https:\\\/\\\/www.xing.com\\\/news\\\/pages\\\/organisator-ch-695\",\"https:\\\/\\\/www.youtube.com\\\/channel\\\/UCGP2Sq0iWaZwT3BdIAQFYpw\"]},{\"@type\":\"Person\",\"@id\":\"https:\\\/\\\/www.organisator.ch\\\/#\\\/schema\\\/person\\\/a9d0e0eff238db87a8f840f3b50359f0\",\"name\":\"n8n\",\"image\":{\"@type\":\"ImageObject\",\"inLanguage\":\"it-IT\",\"@id\":\"https:\\\/\\\/secure.gravatar.com\\\/avatar\\\/5368fb9d03fd415a6f335cece4c15af2502d6ca8651efbd6e8f98427a9795400?s=96&d=mm&r=g\",\"url\":\"https:\\\/\\\/secure.gravatar.com\\\/avatar\\\/5368fb9d03fd415a6f335cece4c15af2502d6ca8651efbd6e8f98427a9795400?s=96&d=mm&r=g\",\"contentUrl\":\"https:\\\/\\\/secure.gravatar.com\\\/avatar\\\/5368fb9d03fd415a6f335cece4c15af2502d6ca8651efbd6e8f98427a9795400?s=96&d=mm&r=g\",\"caption\":\"n8n\"},\"url\":\"https:\\\/\\\/www.organisator.ch\\\/it\\\/author\\\/n8n\\\/\"}]}<\/script>\n<!-- \/ Yoast SEO plugin. -->","yoast_head_json":{"title":"Le PMI MEM continuano a lottare contro i venti contrari - Organizzatore","description":"L'indice del clima imprenditoriale di Swissmechanic PMI MEM continua a mostrare una situazione di tensione nelle industrie MEM all'inizio del 2026.","robots":{"index":"index","follow":"follow","max-snippet":"max-snippet:-1","max-image-preview":"max-image-preview:large","max-video-preview":"max-video-preview:-1"},"canonical":"https:\/\/www.organisator.ch\/it\/gestione-2\/2026-02-25\/mem-kmu-kaempfen-weiter-gegen-gegenwind\/","og_locale":"it_IT","og_type":"article","og_title":"MEM-KMU k\u00e4mpfen weiter gegen Gegenwind","og_description":"Der Swissmechanic KMU-MEM-Gesch\u00e4ftsklimaindex zeigt zu Jahresbeginn 2026 weiterhin eine angespannte Lage in der MEM-Industrie.","og_url":"https:\/\/www.organisator.ch\/it\/gestione-2\/2026-02-25\/mem-kmu-kaempfen-weiter-gegen-gegenwind\/","og_site_name":"Organisator","article_publisher":"https:\/\/www.facebook.com\/OrganisatorFachmagazin","article_published_time":"2026-02-25T07:43:22+00:00","og_image":[{"width":1400,"height":711,"url":"https:\/\/www.organisator.ch\/wp-content\/uploads\/2026\/02\/2_DE-scaled.jpg","type":"image\/jpeg"}],"author":"n8n","twitter_card":"summary_large_image","twitter_title":"#MEM-KMU k\u00e4mpfen weiter gegen Gegenwind","twitter_description":"Der #Swissmechanic #KMU-MEM-Gesch\u00e4ftsklimaindex zeigt zu Jahresbeginn 2026 weiterhin eine angespannte Lage in der #MEM-Industrie.","twitter_image":"https:\/\/www.organisator.ch\/wp-content\/uploads\/2026\/02\/2_DE-scaled.jpg","schema":{"@context":"https:\/\/schema.org","@graph":[{"@type":"Article","@id":"https:\/\/www.organisator.ch\/management\/2026-02-25\/mem-kmu-kaempfen-weiter-gegen-gegenwind\/#article","isPartOf":{"@id":"https:\/\/www.organisator.ch\/management\/2026-02-25\/mem-kmu-kaempfen-weiter-gegen-gegenwind\/"},"author":{"name":"n8n","@id":"https:\/\/www.organisator.ch\/#\/schema\/person\/a9d0e0eff238db87a8f840f3b50359f0"},"headline":"MEM-KMU k\u00e4mpfen weiter gegen Gegenwind","datePublished":"2026-02-25T07:43:22+00:00","mainEntityOfPage":{"@id":"https:\/\/www.organisator.ch\/management\/2026-02-25\/mem-kmu-kaempfen-weiter-gegen-gegenwind\/"},"wordCount":427,"publisher":{"@id":"https:\/\/www.organisator.ch\/#organization"},"image":{"@id":"https:\/\/www.organisator.ch\/management\/2026-02-25\/mem-kmu-kaempfen-weiter-gegen-gegenwind\/#primaryimage"},"thumbnailUrl":"https:\/\/www.organisator.ch\/wp-content\/uploads\/2026\/02\/2_DE-scaled.jpg","keywords":["Konjunktur","MEM-Industrie","Swissmechanic","Wirtschaftspolitik"],"articleSection":["MANAGEMENT"],"inLanguage":"it-IT"},{"@type":"WebPage","@id":"https:\/\/www.organisator.ch\/management\/2026-02-25\/mem-kmu-kaempfen-weiter-gegen-gegenwind\/","url":"https:\/\/www.organisator.ch\/management\/2026-02-25\/mem-kmu-kaempfen-weiter-gegen-gegenwind\/","name":"Le PMI MEM continuano a lottare contro i venti contrari - Organizzatore","isPartOf":{"@id":"https:\/\/www.organisator.ch\/#website"},"primaryImageOfPage":{"@id":"https:\/\/www.organisator.ch\/management\/2026-02-25\/mem-kmu-kaempfen-weiter-gegen-gegenwind\/#primaryimage"},"image":{"@id":"https:\/\/www.organisator.ch\/management\/2026-02-25\/mem-kmu-kaempfen-weiter-gegen-gegenwind\/#primaryimage"},"thumbnailUrl":"https:\/\/www.organisator.ch\/wp-content\/uploads\/2026\/02\/2_DE-scaled.jpg","datePublished":"2026-02-25T07:43:22+00:00","description":"L'indice del clima imprenditoriale di Swissmechanic PMI MEM continua a mostrare una situazione di tensione nelle industrie MEM all'inizio del 2026.","breadcrumb":{"@id":"https:\/\/www.organisator.ch\/management\/2026-02-25\/mem-kmu-kaempfen-weiter-gegen-gegenwind\/#breadcrumb"},"inLanguage":"it-IT","potentialAction":[{"@type":"ReadAction","target":["https:\/\/www.organisator.ch\/management\/2026-02-25\/mem-kmu-kaempfen-weiter-gegen-gegenwind\/"]}]},{"@type":"ImageObject","inLanguage":"it-IT","@id":"https:\/\/www.organisator.ch\/management\/2026-02-25\/mem-kmu-kaempfen-weiter-gegen-gegenwind\/#primaryimage","url":"https:\/\/www.organisator.ch\/wp-content\/uploads\/2026\/02\/2_DE-scaled.jpg","contentUrl":"https:\/\/www.organisator.ch\/wp-content\/uploads\/2026\/02\/2_DE-scaled.jpg","width":1400,"height":711,"caption":"Auslastung der Produktionskapazit\u00e4ten (Quelle: BAK Economics, Swissmechanic Quartalsbefragung)"},{"@type":"BreadcrumbList","@id":"https:\/\/www.organisator.ch\/management\/2026-02-25\/mem-kmu-kaempfen-weiter-gegen-gegenwind\/#breadcrumb","itemListElement":[{"@type":"ListItem","position":1,"name":"Home","item":"https:\/\/www.organisator.ch\/"},{"@type":"ListItem","position":2,"name":"MEM-KMU k\u00e4mpfen weiter gegen Gegenwind"}]},{"@type":"WebSite","@id":"https:\/\/www.organisator.ch\/#website","url":"https:\/\/www.organisator.ch\/","name":"Organizzatore","description":"Competente. Pratico. In 10 numeri all'anno, ORGANISATOR presenta i temi essenziali per i manager delle PMI.","publisher":{"@id":"https:\/\/www.organisator.ch\/#organization"},"potentialAction":[{"@type":"SearchAction","target":{"@type":"EntryPoint","urlTemplate":"https:\/\/www.organisator.ch\/?s={search_term_string}"},"query-input":{"@type":"PropertyValueSpecification","valueRequired":true,"valueName":"search_term_string"}}],"inLanguage":"it-IT"},{"@type":"Organization","@id":"https:\/\/www.organisator.ch\/#organization","name":"Organizzatore","url":"https:\/\/www.organisator.ch\/","logo":{"@type":"ImageObject","inLanguage":"it-IT","@id":"https:\/\/www.organisator.ch\/#\/schema\/logo\/image\/","url":"https:\/\/www.organisator.ch\/wp-content\/uploads\/2022\/01\/Logo_Organisator_Website.png","contentUrl":"https:\/\/www.organisator.ch\/wp-content\/uploads\/2022\/01\/Logo_Organisator_Website.png","width":800,"height":77,"caption":"Organisator"},"image":{"@id":"https:\/\/www.organisator.ch\/#\/schema\/logo\/image\/"},"sameAs":["https:\/\/www.facebook.com\/OrganisatorFachmagazin","https:\/\/www.linkedin.com\/showcase\/organisator-das-magazin-fr-kmu","https:\/\/www.xing.com\/news\/pages\/organisator-ch-695","https:\/\/www.youtube.com\/channel\/UCGP2Sq0iWaZwT3BdIAQFYpw"]},{"@type":"Person","@id":"https:\/\/www.organisator.ch\/#\/schema\/person\/a9d0e0eff238db87a8f840f3b50359f0","name":"n8n","image":{"@type":"ImageObject","inLanguage":"it-IT","@id":"https:\/\/secure.gravatar.com\/avatar\/5368fb9d03fd415a6f335cece4c15af2502d6ca8651efbd6e8f98427a9795400?s=96&d=mm&r=g","url":"https:\/\/secure.gravatar.com\/avatar\/5368fb9d03fd415a6f335cece4c15af2502d6ca8651efbd6e8f98427a9795400?s=96&d=mm&r=g","contentUrl":"https:\/\/secure.gravatar.com\/avatar\/5368fb9d03fd415a6f335cece4c15af2502d6ca8651efbd6e8f98427a9795400?s=96&d=mm&r=g","caption":"n8n"},"url":"https:\/\/www.organisator.ch\/it\/author\/n8n\/"}]}},"_links":{"self":[{"href":"https:\/\/www.organisator.ch\/it\/wp-json\/wp\/v2\/posts\/44999","targetHints":{"allow":["GET"]}}],"collection":[{"href":"https:\/\/www.organisator.ch\/it\/wp-json\/wp\/v2\/posts"}],"about":[{"href":"https:\/\/www.organisator.ch\/it\/wp-json\/wp\/v2\/types\/post"}],"author":[{"embeddable":true,"href":"https:\/\/www.organisator.ch\/it\/wp-json\/wp\/v2\/users\/107"}],"replies":[{"embeddable":true,"href":"https:\/\/www.organisator.ch\/it\/wp-json\/wp\/v2\/comments?post=44999"}],"version-history":[{"count":4,"href":"https:\/\/www.organisator.ch\/it\/wp-json\/wp\/v2\/posts\/44999\/revisions"}],"predecessor-version":[{"id":45098,"href":"https:\/\/www.organisator.ch\/it\/wp-json\/wp\/v2\/posts\/44999\/revisions\/45098"}],"wp:featuredmedia":[{"embeddable":true,"href":"https:\/\/www.organisator.ch\/it\/wp-json\/wp\/v2\/media\/44998"}],"wp:attachment":[{"href":"https:\/\/www.organisator.ch\/it\/wp-json\/wp\/v2\/media?parent=44999"}],"wp:term":[{"taxonomy":"category","embeddable":true,"href":"https:\/\/www.organisator.ch\/it\/wp-json\/wp\/v2\/categories?post=44999"},{"taxonomy":"post_tag","embeddable":true,"href":"https:\/\/www.organisator.ch\/it\/wp-json\/wp\/v2\/tags?post=44999"}],"curies":[{"name":"wp","href":"https:\/\/api.w.org\/{rel}","templated":true}]}}