{"id":4505,"date":"2018-11-12T08:28:53","date_gmt":"2018-11-12T07:28:53","guid":{"rendered":"https:\/\/www.organisator.ch\/?p=4505"},"modified":"2018-11-12T08:28:53","modified_gmt":"2018-11-12T07:28:53","slug":"acht-billionen-usd-weniger-umsatz-wegen-fachkraeftemangel","status":"publish","type":"post","link":"https:\/\/www.organisator.ch\/it\/human-resources\/hrm\/2018-11-12\/acht-billionen-usd-weniger-umsatz-wegen-fachkraeftemangel\/","title":{"rendered":"Ottomila miliardi di dollari in meno di fatturato a causa della carenza di competenze"},"content":{"rendered":"<figure id=\"attachment_4506\" aria-describedby=\"caption-attachment-4506\" style=\"width: 369px\" class=\"wp-caption aligncenter\"><img loading=\"lazy\" decoding=\"async\" class=\"size-full wp-image-4506\" src=\"https:\/\/www.organisator.ch\/wp-content\/uploads\/2018\/11\/Acht-Billionen-USD-weniger-Umsatz-wegen-Fachkraeftemangel_Organisator-e1542007635464.jpg\" alt=\"\" width=\"369\" height=\"277\" srcset=\"https:\/\/www.organisator.ch\/wp-content\/uploads\/2018\/11\/Acht-Billionen-USD-weniger-Umsatz-wegen-Fachkraeftemangel_Organisator-e1542007635464.jpg 369w, https:\/\/www.organisator.ch\/wp-content\/uploads\/2018\/11\/Acht-Billionen-USD-weniger-Umsatz-wegen-Fachkraeftemangel_Organisator-e1542007635464-16x12.jpg 16w, https:\/\/www.organisator.ch\/wp-content\/uploads\/2018\/11\/Acht-Billionen-USD-weniger-Umsatz-wegen-Fachkraeftemangel_Organisator-e1542007635464-233x175.jpg 233w, https:\/\/www.organisator.ch\/wp-content\/uploads\/2018\/11\/Acht-Billionen-USD-weniger-Umsatz-wegen-Fachkraeftemangel_Organisator-e1542007635464-300x225.jpg 300w\" sizes=\"auto, (max-width: 369px) 100vw, 369px\" \/><figcaption id=\"caption-attachment-4506\" class=\"wp-caption-text\">La carenza di lavoratori qualificati sta diventando sempre pi\u00f9 un problema globale, dice Stefan Steger, presidente di Korn Ferry Svizzera e Austria. (Immagine: zVg \/ Korn Ferry)<\/figcaption><\/figure>\n<p>Oltre 1.500 CEO delle pi\u00f9 grandi aziende del mondo sono stati intervistati per lo studio di Korn Ferry \"The Talent Shift\". La grande maggioranza \u00e8 consapevole che ci sar\u00e0 una carenza di professionisti di talento in futuro. Tuttavia, le aziende sono fiduciose: 95 % sono sicuri che la loro azienda sar\u00e0 in grado di coprire la carenza di lavoratori qualificati in futuro. Quasi 75 % presumono anche che la tecnologia sostituir\u00e0 molti lavoratori qualificati.<\/p>\n<h2><strong>Un cambiamento strutturale con conseguenze<\/strong><\/h2>\n<p>Secondo gli esperti, questa mentalit\u00e0 pu\u00f2 costare cara alle aziende. La carenza di competenze non \u00e8 un fenomeno temporaneo, ma un cambiamento strutturale che potrebbe costare alle aziende quasi 8,5 trilioni di dollari in entrate perse entro il 2030. \"I lavoratori qualificati necessari per implementare la strategia aziendale, che scarseggeranno in futuro, potrebbero diventare la questione determinante dell'epoca, minacciando il PIL delle nazioni e la redditivit\u00e0 delle aziende\", afferma Stefan Steger, presidente di Korn Ferry Svizzera e Austria.<\/p>\n<h2><strong>La pianificazione delle risorse umane deve diventare una priorit\u00e0<\/strong><\/h2>\n<p>Le carenze previste non sono limitate a una regione specifica. Per esempio, la Cina potrebbe affrontare un deficit di 6,7 milioni di lavoratori altamente qualificati entro il 2030, cos\u00ec come gli Stati Uniti con 6,6 milioni o la Germania con un gap di 2,5 milioni di lavoratori qualificati. Poich\u00e9 la maggior parte dei dirigenti intervistati non individua queste carenze nella propria azienda, gli esperti temono che in futuro investiranno troppo poco nei programmi interni di sviluppo dei talenti o nella strategia globale dei talenti. \"\u00c8 necessario che le aziende facciano della pianificazione delle risorse umane future la loro priorit\u00e0, se vogliono evitare di essere limitate nel loro lavoro in futuro da una mancanza di competenze necessarie\", dice Stefan Steger. La carenza di competenze avr\u00e0 un impatto sui salari, aggiunge. Korn Ferry stima che la carenza globale di competenze potrebbe far salire gli stipendi di 2,5 trilioni di dollari.<\/p>\n<p><em>Ulteriori informazioni: <a href=\"http:\/\/www.kornferry.com\">Traghetto di mais<\/a><\/em><\/p>","protected":false},"excerpt":{"rendered":"<p>\u00dcber 1&#8217;500 Gesch\u00e4ftsf\u00fchrer der weltweit gr\u00f6ssten Unternehmen wurden f\u00fcr die\u00a0 Korn Ferry-Studie \u00abThe Talent Shift\u00bb befragt. Die \u00fcberwiegende Mehrheit ist sich bewusst, dass es in Zukunft zu einem Mangel an talentierten Fachkr\u00e4ften kommen wird. Trotzdem sind die Unternehmen zuversichtlich: 95 % sind sich sicher, dass ihr Unternehmen den Fachkr\u00e4ftemangel in Zukunft decken kann. Fast 75 [&hellip;]<\/p>\n","protected":false},"author":4,"featured_media":4506,"comment_status":"open","ping_status":"open","sticky":false,"template":"","format":"standard","meta":{"_acf_changed":false,"_yoast_wpseo_focuskw":"Fachkr\u00e4ftemangel","_yoast_wpseo_metadesc":"Der Fachkr\u00e4ftemangel nimmt global zu. Reagieren Unternehmen nicht rechtzeitig, kann dies zu Einbussen in Billionenh\u00f6he aufgrund entgangener Ums\u00e4tze f\u00fchren.","articlekey":"","footnotes":""},"categories":[26],"tags":[194,254,407],"class_list":["post-4505","post","type-post","status-publish","format-standard","has-post-thumbnail","hentry","category-hrm","tag-fachkraeftemangel","tag-hrm","tag-recruiting"],"acf":[],"yoast_head":"<!-- This site is optimized with the Yoast SEO plugin v27.4 - https:\/\/yoast.com\/product\/yoast-seo-wordpress\/ -->\n<title>Acht Billionen USD weniger Umsatz wegen Fachkr\u00e4ftemangel - Organisator<\/title>\n<meta name=\"description\" content=\"Der Fachkr\u00e4ftemangel nimmt global zu. Reagieren Unternehmen nicht rechtzeitig, kann dies zu Einbussen in Billionenh\u00f6he aufgrund entgangener Ums\u00e4tze f\u00fchren.\" \/>\n<meta name=\"robots\" content=\"index, follow, max-snippet:-1, max-image-preview:large, max-video-preview:-1\" \/>\n<link rel=\"canonical\" href=\"https:\/\/www.organisator.ch\/it\/risorse-umane\/hrm\/2018-11-12\/acht-billionen-usd-weniger-umsatz-wegen-fachkraeftemangel\/\" \/>\n<meta property=\"og:locale\" content=\"it_IT\" \/>\n<meta property=\"og:type\" content=\"article\" \/>\n<meta property=\"og:title\" content=\"Acht Billionen USD weniger Umsatz wegen Fachkr\u00e4ftemangel\" \/>\n<meta property=\"og:description\" content=\"Der Fachkr\u00e4ftemangel nimmt global zu. Reagieren Unternehmen nicht rechtzeitig, kann dies zu Einbussen in Billionenh\u00f6he aufgrund entgangener Ums\u00e4tze f\u00fchren.\" \/>\n<meta property=\"og:url\" content=\"https:\/\/www.organisator.ch\/it\/risorse-umane\/hrm\/2018-11-12\/acht-billionen-usd-weniger-umsatz-wegen-fachkraeftemangel\/\" \/>\n<meta property=\"og:site_name\" content=\"Organisator\" \/>\n<meta property=\"article:publisher\" content=\"https:\/\/www.facebook.com\/OrganisatorFachmagazin\" \/>\n<meta property=\"article:published_time\" content=\"2018-11-12T07:28:53+00:00\" \/>\n<meta property=\"og:image\" content=\"https:\/\/www.organisator.ch\/wp-content\/uploads\/2018\/11\/Acht-Billionen-USD-weniger-Umsatz-wegen-Fachkraeftemangel_Organisator-e1542007635464.jpg\" \/>\n\t<meta property=\"og:image:width\" content=\"369\" \/>\n\t<meta property=\"og:image:height\" content=\"277\" \/>\n\t<meta property=\"og:image:type\" content=\"image\/jpeg\" \/>\n<meta name=\"author\" content=\"thomas.berner\" \/>\n<meta name=\"twitter:card\" content=\"summary_large_image\" \/>\n<meta name=\"twitter:title\" content=\"Acht Billionen USD weniger Umsatz wegen Fachkr\u00e4ftemangel\" \/>\n<meta name=\"twitter:description\" content=\"Der Fachkr\u00e4ftemangel nimmt global zu. Reagieren Unternehmen nicht rechtzeitig, kann dies zu Einbussen in Billionenh\u00f6he aufgrund entgangener Ums\u00e4tze f\u00fchren.\" \/>\n<meta name=\"twitter:image\" content=\"https:\/\/www.organisator.ch\/wp-content\/uploads\/2018\/11\/Acht-Billionen-USD-weniger-Umsatz-wegen-Fachkr\u00e4ftemangel_Organisator-e1542007635464.jpg\" \/>\n<script type=\"application\/ld+json\" class=\"yoast-schema-graph\">{\"@context\":\"https:\\\/\\\/schema.org\",\"@graph\":[{\"@type\":\"Article\",\"@id\":\"https:\\\/\\\/www.organisator.ch\\\/human-resources\\\/hrm\\\/2018-11-12\\\/acht-billionen-usd-weniger-umsatz-wegen-fachkraeftemangel\\\/#article\",\"isPartOf\":{\"@id\":\"https:\\\/\\\/www.organisator.ch\\\/human-resources\\\/hrm\\\/2018-11-12\\\/acht-billionen-usd-weniger-umsatz-wegen-fachkraeftemangel\\\/\"},\"author\":{\"name\":\"thomas.berner\",\"@id\":\"https:\\\/\\\/www.organisator.ch\\\/#\\\/schema\\\/person\\\/6f650f90b2842cd4c0cc334b4e36f67e\"},\"headline\":\"Acht Billionen USD weniger Umsatz wegen Fachkr\u00e4ftemangel\",\"datePublished\":\"2018-11-12T07:28:53+00:00\",\"mainEntityOfPage\":{\"@id\":\"https:\\\/\\\/www.organisator.ch\\\/human-resources\\\/hrm\\\/2018-11-12\\\/acht-billionen-usd-weniger-umsatz-wegen-fachkraeftemangel\\\/\"},\"wordCount\":356,\"commentCount\":0,\"publisher\":{\"@id\":\"https:\\\/\\\/www.organisator.ch\\\/#organization\"},\"image\":{\"@id\":\"https:\\\/\\\/www.organisator.ch\\\/human-resources\\\/hrm\\\/2018-11-12\\\/acht-billionen-usd-weniger-umsatz-wegen-fachkraeftemangel\\\/#primaryimage\"},\"thumbnailUrl\":\"https:\\\/\\\/www.organisator.ch\\\/wp-content\\\/uploads\\\/2018\\\/11\\\/Acht-Billionen-USD-weniger-Umsatz-wegen-Fachkraeftemangel_Organisator-e1542007635464.jpg\",\"keywords\":[\"Fachkr\u00e4ftemangel\",\"HRM\",\"Recruiting\"],\"articleSection\":[\"HRM\"],\"inLanguage\":\"it-IT\"},{\"@type\":\"WebPage\",\"@id\":\"https:\\\/\\\/www.organisator.ch\\\/human-resources\\\/hrm\\\/2018-11-12\\\/acht-billionen-usd-weniger-umsatz-wegen-fachkraeftemangel\\\/\",\"url\":\"https:\\\/\\\/www.organisator.ch\\\/human-resources\\\/hrm\\\/2018-11-12\\\/acht-billionen-usd-weniger-umsatz-wegen-fachkraeftemangel\\\/\",\"name\":\"Acht Billionen USD weniger Umsatz wegen Fachkr\u00e4ftemangel - Organisator\",\"isPartOf\":{\"@id\":\"https:\\\/\\\/www.organisator.ch\\\/#website\"},\"primaryImageOfPage\":{\"@id\":\"https:\\\/\\\/www.organisator.ch\\\/human-resources\\\/hrm\\\/2018-11-12\\\/acht-billionen-usd-weniger-umsatz-wegen-fachkraeftemangel\\\/#primaryimage\"},\"image\":{\"@id\":\"https:\\\/\\\/www.organisator.ch\\\/human-resources\\\/hrm\\\/2018-11-12\\\/acht-billionen-usd-weniger-umsatz-wegen-fachkraeftemangel\\\/#primaryimage\"},\"thumbnailUrl\":\"https:\\\/\\\/www.organisator.ch\\\/wp-content\\\/uploads\\\/2018\\\/11\\\/Acht-Billionen-USD-weniger-Umsatz-wegen-Fachkraeftemangel_Organisator-e1542007635464.jpg\",\"datePublished\":\"2018-11-12T07:28:53+00:00\",\"description\":\"Der Fachkr\u00e4ftemangel nimmt global zu. Reagieren Unternehmen nicht rechtzeitig, kann dies zu Einbussen in Billionenh\u00f6he aufgrund entgangener Ums\u00e4tze f\u00fchren.\",\"breadcrumb\":{\"@id\":\"https:\\\/\\\/www.organisator.ch\\\/human-resources\\\/hrm\\\/2018-11-12\\\/acht-billionen-usd-weniger-umsatz-wegen-fachkraeftemangel\\\/#breadcrumb\"},\"inLanguage\":\"it-IT\",\"potentialAction\":[{\"@type\":\"ReadAction\",\"target\":[\"https:\\\/\\\/www.organisator.ch\\\/human-resources\\\/hrm\\\/2018-11-12\\\/acht-billionen-usd-weniger-umsatz-wegen-fachkraeftemangel\\\/\"]}]},{\"@type\":\"ImageObject\",\"inLanguage\":\"it-IT\",\"@id\":\"https:\\\/\\\/www.organisator.ch\\\/human-resources\\\/hrm\\\/2018-11-12\\\/acht-billionen-usd-weniger-umsatz-wegen-fachkraeftemangel\\\/#primaryimage\",\"url\":\"https:\\\/\\\/www.organisator.ch\\\/wp-content\\\/uploads\\\/2018\\\/11\\\/Acht-Billionen-USD-weniger-Umsatz-wegen-Fachkraeftemangel_Organisator-e1542007635464.jpg\",\"contentUrl\":\"https:\\\/\\\/www.organisator.ch\\\/wp-content\\\/uploads\\\/2018\\\/11\\\/Acht-Billionen-USD-weniger-Umsatz-wegen-Fachkraeftemangel_Organisator-e1542007635464.jpg\",\"width\":369,\"height\":277,\"caption\":\"Fachkr\u00e4ftemangel wird zusehends zu einem globalen Problem, so Stefan Steger, Chairman von Korn Ferry Schweiz und \u00d6sterreich. (Bild: zVg \\\/ Korn Ferry)\"},{\"@type\":\"BreadcrumbList\",\"@id\":\"https:\\\/\\\/www.organisator.ch\\\/human-resources\\\/hrm\\\/2018-11-12\\\/acht-billionen-usd-weniger-umsatz-wegen-fachkraeftemangel\\\/#breadcrumb\",\"itemListElement\":[{\"@type\":\"ListItem\",\"position\":1,\"name\":\"Home\",\"item\":\"https:\\\/\\\/www.organisator.ch\\\/\"},{\"@type\":\"ListItem\",\"position\":2,\"name\":\"Acht Billionen USD weniger Umsatz wegen Fachkr\u00e4ftemangel\"}]},{\"@type\":\"WebSite\",\"@id\":\"https:\\\/\\\/www.organisator.ch\\\/#website\",\"url\":\"https:\\\/\\\/www.organisator.ch\\\/\",\"name\":\"Organisator\",\"description\":\"Kompetent. Praxisnah. Der ORGANISATOR bereitet in 10 Ausgaben pro Jahr die wesentlichen Themen f\u00fcr F\u00fchrungskr\u00e4fte von KMU auf.\",\"publisher\":{\"@id\":\"https:\\\/\\\/www.organisator.ch\\\/#organization\"},\"potentialAction\":[{\"@type\":\"SearchAction\",\"target\":{\"@type\":\"EntryPoint\",\"urlTemplate\":\"https:\\\/\\\/www.organisator.ch\\\/?s={search_term_string}\"},\"query-input\":{\"@type\":\"PropertyValueSpecification\",\"valueRequired\":true,\"valueName\":\"search_term_string\"}}],\"inLanguage\":\"it-IT\"},{\"@type\":\"Organization\",\"@id\":\"https:\\\/\\\/www.organisator.ch\\\/#organization\",\"name\":\"Organisator\",\"url\":\"https:\\\/\\\/www.organisator.ch\\\/\",\"logo\":{\"@type\":\"ImageObject\",\"inLanguage\":\"it-IT\",\"@id\":\"https:\\\/\\\/www.organisator.ch\\\/#\\\/schema\\\/logo\\\/image\\\/\",\"url\":\"https:\\\/\\\/www.organisator.ch\\\/wp-content\\\/uploads\\\/2022\\\/01\\\/Logo_Organisator_Website.png\",\"contentUrl\":\"https:\\\/\\\/www.organisator.ch\\\/wp-content\\\/uploads\\\/2022\\\/01\\\/Logo_Organisator_Website.png\",\"width\":800,\"height\":77,\"caption\":\"Organisator\"},\"image\":{\"@id\":\"https:\\\/\\\/www.organisator.ch\\\/#\\\/schema\\\/logo\\\/image\\\/\"},\"sameAs\":[\"https:\\\/\\\/www.facebook.com\\\/OrganisatorFachmagazin\",\"https:\\\/\\\/www.linkedin.com\\\/showcase\\\/organisator-das-magazin-fr-kmu\",\"https:\\\/\\\/www.xing.com\\\/news\\\/pages\\\/organisator-ch-695\",\"https:\\\/\\\/www.youtube.com\\\/channel\\\/UCGP2Sq0iWaZwT3BdIAQFYpw\"]},{\"@type\":\"Person\",\"@id\":\"https:\\\/\\\/www.organisator.ch\\\/#\\\/schema\\\/person\\\/6f650f90b2842cd4c0cc334b4e36f67e\",\"name\":\"thomas.berner\",\"image\":{\"@type\":\"ImageObject\",\"inLanguage\":\"it-IT\",\"@id\":\"https:\\\/\\\/secure.gravatar.com\\\/avatar\\\/ac5001d2a36cb6c6cd3e50789007ffca834b477b74a2144564522e944eabff61?s=96&d=mm&r=g\",\"url\":\"https:\\\/\\\/secure.gravatar.com\\\/avatar\\\/ac5001d2a36cb6c6cd3e50789007ffca834b477b74a2144564522e944eabff61?s=96&d=mm&r=g\",\"contentUrl\":\"https:\\\/\\\/secure.gravatar.com\\\/avatar\\\/ac5001d2a36cb6c6cd3e50789007ffca834b477b74a2144564522e944eabff61?s=96&d=mm&r=g\",\"caption\":\"thomas.berner\"},\"url\":\"https:\\\/\\\/www.organisator.ch\\\/it\\\/author\\\/thomas-berner\\\/\"}]}<\/script>\n<!-- \/ Yoast SEO plugin. -->","yoast_head_json":{"title":"Otto trilioni di dollari di fatturato in meno a causa della carenza di competenze - Organizzatore","description":"La carenza di lavoratori qualificati \u00e8 in aumento a livello globale. Se le aziende non reagiscono in tempo, possono subire perdite per migliaia di miliardi a causa delle mancate vendite.","robots":{"index":"index","follow":"follow","max-snippet":"max-snippet:-1","max-image-preview":"max-image-preview:large","max-video-preview":"max-video-preview:-1"},"canonical":"https:\/\/www.organisator.ch\/it\/risorse-umane\/hrm\/2018-11-12\/acht-billionen-usd-weniger-umsatz-wegen-fachkraeftemangel\/","og_locale":"it_IT","og_type":"article","og_title":"Acht Billionen USD weniger Umsatz wegen Fachkr\u00e4ftemangel","og_description":"Der Fachkr\u00e4ftemangel nimmt global zu. Reagieren Unternehmen nicht rechtzeitig, kann dies zu Einbussen in Billionenh\u00f6he aufgrund entgangener Ums\u00e4tze f\u00fchren.","og_url":"https:\/\/www.organisator.ch\/it\/risorse-umane\/hrm\/2018-11-12\/acht-billionen-usd-weniger-umsatz-wegen-fachkraeftemangel\/","og_site_name":"Organisator","article_publisher":"https:\/\/www.facebook.com\/OrganisatorFachmagazin","article_published_time":"2018-11-12T07:28:53+00:00","og_image":[{"width":369,"height":277,"url":"https:\/\/www.organisator.ch\/wp-content\/uploads\/2018\/11\/Acht-Billionen-USD-weniger-Umsatz-wegen-Fachkraeftemangel_Organisator-e1542007635464.jpg","type":"image\/jpeg"}],"author":"thomas.berner","twitter_card":"summary_large_image","twitter_title":"Acht Billionen USD weniger Umsatz wegen Fachkr\u00e4ftemangel","twitter_description":"Der Fachkr\u00e4ftemangel nimmt global zu. Reagieren Unternehmen nicht rechtzeitig, kann dies zu Einbussen in Billionenh\u00f6he aufgrund entgangener Ums\u00e4tze f\u00fchren.","twitter_image":"https:\/\/www.organisator.ch\/wp-content\/uploads\/2018\/11\/Acht-Billionen-USD-weniger-Umsatz-wegen-Fachkr\u00e4ftemangel_Organisator-e1542007635464.jpg","schema":{"@context":"https:\/\/schema.org","@graph":[{"@type":"Article","@id":"https:\/\/www.organisator.ch\/human-resources\/hrm\/2018-11-12\/acht-billionen-usd-weniger-umsatz-wegen-fachkraeftemangel\/#article","isPartOf":{"@id":"https:\/\/www.organisator.ch\/human-resources\/hrm\/2018-11-12\/acht-billionen-usd-weniger-umsatz-wegen-fachkraeftemangel\/"},"author":{"name":"thomas.berner","@id":"https:\/\/www.organisator.ch\/#\/schema\/person\/6f650f90b2842cd4c0cc334b4e36f67e"},"headline":"Acht Billionen USD weniger Umsatz wegen Fachkr\u00e4ftemangel","datePublished":"2018-11-12T07:28:53+00:00","mainEntityOfPage":{"@id":"https:\/\/www.organisator.ch\/human-resources\/hrm\/2018-11-12\/acht-billionen-usd-weniger-umsatz-wegen-fachkraeftemangel\/"},"wordCount":356,"commentCount":0,"publisher":{"@id":"https:\/\/www.organisator.ch\/#organization"},"image":{"@id":"https:\/\/www.organisator.ch\/human-resources\/hrm\/2018-11-12\/acht-billionen-usd-weniger-umsatz-wegen-fachkraeftemangel\/#primaryimage"},"thumbnailUrl":"https:\/\/www.organisator.ch\/wp-content\/uploads\/2018\/11\/Acht-Billionen-USD-weniger-Umsatz-wegen-Fachkraeftemangel_Organisator-e1542007635464.jpg","keywords":["Fachkr\u00e4ftemangel","HRM","Recruiting"],"articleSection":["HRM"],"inLanguage":"it-IT"},{"@type":"WebPage","@id":"https:\/\/www.organisator.ch\/human-resources\/hrm\/2018-11-12\/acht-billionen-usd-weniger-umsatz-wegen-fachkraeftemangel\/","url":"https:\/\/www.organisator.ch\/human-resources\/hrm\/2018-11-12\/acht-billionen-usd-weniger-umsatz-wegen-fachkraeftemangel\/","name":"Otto trilioni di dollari di fatturato in meno a causa della carenza di competenze - Organizzatore","isPartOf":{"@id":"https:\/\/www.organisator.ch\/#website"},"primaryImageOfPage":{"@id":"https:\/\/www.organisator.ch\/human-resources\/hrm\/2018-11-12\/acht-billionen-usd-weniger-umsatz-wegen-fachkraeftemangel\/#primaryimage"},"image":{"@id":"https:\/\/www.organisator.ch\/human-resources\/hrm\/2018-11-12\/acht-billionen-usd-weniger-umsatz-wegen-fachkraeftemangel\/#primaryimage"},"thumbnailUrl":"https:\/\/www.organisator.ch\/wp-content\/uploads\/2018\/11\/Acht-Billionen-USD-weniger-Umsatz-wegen-Fachkraeftemangel_Organisator-e1542007635464.jpg","datePublished":"2018-11-12T07:28:53+00:00","description":"La carenza di lavoratori qualificati \u00e8 in aumento a livello globale. Se le aziende non reagiscono in tempo, possono subire perdite per migliaia di miliardi a causa delle mancate vendite.","breadcrumb":{"@id":"https:\/\/www.organisator.ch\/human-resources\/hrm\/2018-11-12\/acht-billionen-usd-weniger-umsatz-wegen-fachkraeftemangel\/#breadcrumb"},"inLanguage":"it-IT","potentialAction":[{"@type":"ReadAction","target":["https:\/\/www.organisator.ch\/human-resources\/hrm\/2018-11-12\/acht-billionen-usd-weniger-umsatz-wegen-fachkraeftemangel\/"]}]},{"@type":"ImageObject","inLanguage":"it-IT","@id":"https:\/\/www.organisator.ch\/human-resources\/hrm\/2018-11-12\/acht-billionen-usd-weniger-umsatz-wegen-fachkraeftemangel\/#primaryimage","url":"https:\/\/www.organisator.ch\/wp-content\/uploads\/2018\/11\/Acht-Billionen-USD-weniger-Umsatz-wegen-Fachkraeftemangel_Organisator-e1542007635464.jpg","contentUrl":"https:\/\/www.organisator.ch\/wp-content\/uploads\/2018\/11\/Acht-Billionen-USD-weniger-Umsatz-wegen-Fachkraeftemangel_Organisator-e1542007635464.jpg","width":369,"height":277,"caption":"Fachkr\u00e4ftemangel wird zusehends zu einem globalen Problem, so Stefan Steger, Chairman von Korn Ferry Schweiz und \u00d6sterreich. (Bild: zVg \/ Korn Ferry)"},{"@type":"BreadcrumbList","@id":"https:\/\/www.organisator.ch\/human-resources\/hrm\/2018-11-12\/acht-billionen-usd-weniger-umsatz-wegen-fachkraeftemangel\/#breadcrumb","itemListElement":[{"@type":"ListItem","position":1,"name":"Home","item":"https:\/\/www.organisator.ch\/"},{"@type":"ListItem","position":2,"name":"Acht Billionen USD weniger Umsatz wegen Fachkr\u00e4ftemangel"}]},{"@type":"WebSite","@id":"https:\/\/www.organisator.ch\/#website","url":"https:\/\/www.organisator.ch\/","name":"Organizzatore","description":"Competente. Pratico. In 10 numeri all'anno, ORGANISATOR presenta i temi essenziali per i manager delle PMI.","publisher":{"@id":"https:\/\/www.organisator.ch\/#organization"},"potentialAction":[{"@type":"SearchAction","target":{"@type":"EntryPoint","urlTemplate":"https:\/\/www.organisator.ch\/?s={search_term_string}"},"query-input":{"@type":"PropertyValueSpecification","valueRequired":true,"valueName":"search_term_string"}}],"inLanguage":"it-IT"},{"@type":"Organization","@id":"https:\/\/www.organisator.ch\/#organization","name":"Organizzatore","url":"https:\/\/www.organisator.ch\/","logo":{"@type":"ImageObject","inLanguage":"it-IT","@id":"https:\/\/www.organisator.ch\/#\/schema\/logo\/image\/","url":"https:\/\/www.organisator.ch\/wp-content\/uploads\/2022\/01\/Logo_Organisator_Website.png","contentUrl":"https:\/\/www.organisator.ch\/wp-content\/uploads\/2022\/01\/Logo_Organisator_Website.png","width":800,"height":77,"caption":"Organisator"},"image":{"@id":"https:\/\/www.organisator.ch\/#\/schema\/logo\/image\/"},"sameAs":["https:\/\/www.facebook.com\/OrganisatorFachmagazin","https:\/\/www.linkedin.com\/showcase\/organisator-das-magazin-fr-kmu","https:\/\/www.xing.com\/news\/pages\/organisator-ch-695","https:\/\/www.youtube.com\/channel\/UCGP2Sq0iWaZwT3BdIAQFYpw"]},{"@type":"Person","@id":"https:\/\/www.organisator.ch\/#\/schema\/person\/6f650f90b2842cd4c0cc334b4e36f67e","name":"Tommaso.berner","image":{"@type":"ImageObject","inLanguage":"it-IT","@id":"https:\/\/secure.gravatar.com\/avatar\/ac5001d2a36cb6c6cd3e50789007ffca834b477b74a2144564522e944eabff61?s=96&d=mm&r=g","url":"https:\/\/secure.gravatar.com\/avatar\/ac5001d2a36cb6c6cd3e50789007ffca834b477b74a2144564522e944eabff61?s=96&d=mm&r=g","contentUrl":"https:\/\/secure.gravatar.com\/avatar\/ac5001d2a36cb6c6cd3e50789007ffca834b477b74a2144564522e944eabff61?s=96&d=mm&r=g","caption":"thomas.berner"},"url":"https:\/\/www.organisator.ch\/it\/author\/thomas-berner\/"}]}},"_links":{"self":[{"href":"https:\/\/www.organisator.ch\/it\/wp-json\/wp\/v2\/posts\/4505","targetHints":{"allow":["GET"]}}],"collection":[{"href":"https:\/\/www.organisator.ch\/it\/wp-json\/wp\/v2\/posts"}],"about":[{"href":"https:\/\/www.organisator.ch\/it\/wp-json\/wp\/v2\/types\/post"}],"author":[{"embeddable":true,"href":"https:\/\/www.organisator.ch\/it\/wp-json\/wp\/v2\/users\/4"}],"replies":[{"embeddable":true,"href":"https:\/\/www.organisator.ch\/it\/wp-json\/wp\/v2\/comments?post=4505"}],"version-history":[{"count":0,"href":"https:\/\/www.organisator.ch\/it\/wp-json\/wp\/v2\/posts\/4505\/revisions"}],"wp:featuredmedia":[{"embeddable":true,"href":"https:\/\/www.organisator.ch\/it\/wp-json\/wp\/v2\/media\/4506"}],"wp:attachment":[{"href":"https:\/\/www.organisator.ch\/it\/wp-json\/wp\/v2\/media?parent=4505"}],"wp:term":[{"taxonomy":"category","embeddable":true,"href":"https:\/\/www.organisator.ch\/it\/wp-json\/wp\/v2\/categories?post=4505"},{"taxonomy":"post_tag","embeddable":true,"href":"https:\/\/www.organisator.ch\/it\/wp-json\/wp\/v2\/tags?post=4505"}],"curies":[{"name":"wp","href":"https:\/\/api.w.org\/{rel}","templated":true}]}}