{"id":4509,"date":"2018-11-13T09:27:26","date_gmt":"2018-11-13T08:27:26","guid":{"rendered":"https:\/\/www.organisator.ch\/?p=4509"},"modified":"2018-11-13T09:27:26","modified_gmt":"2018-11-13T08:27:26","slug":"konjunkturaussichten-schweizer-wirtschaft-muss-sich-waermer-anziehen","status":"publish","type":"post","link":"https:\/\/www.organisator.ch\/it\/management\/2018-11-13\/konjunkturaussichten-schweizer-wirtschaft-muss-sich-waermer-anziehen\/","title":{"rendered":"Prospettive economiche: L'economia svizzera deve vestire pi\u00f9 caldo"},"content":{"rendered":"<figure id=\"attachment_4510\" aria-describedby=\"caption-attachment-4510\" style=\"width: 680px\" class=\"wp-caption alignnone\"><img loading=\"lazy\" decoding=\"async\" class=\"size-medium wp-image-4510\" src=\"https:\/\/www.organisator.ch\/wp-content\/uploads\/2018\/11\/Konjunkturaussichten-Schweizer-Wirtschaft-muss-sich-waermer-anziehen-1_Organisator.jpg\" alt=\"\" width=\"680\" height=\"452\" srcset=\"https:\/\/www.organisator.ch\/wp-content\/uploads\/2018\/11\/Konjunkturaussichten-Schweizer-Wirtschaft-muss-sich-waermer-anziehen-1_Organisator.jpg 680w, https:\/\/www.organisator.ch\/wp-content\/uploads\/2018\/11\/Konjunkturaussichten-Schweizer-Wirtschaft-muss-sich-waermer-anziehen-1_Organisator-16x12.jpg 16w, https:\/\/www.organisator.ch\/wp-content\/uploads\/2018\/11\/Konjunkturaussichten-Schweizer-Wirtschaft-muss-sich-waermer-anziehen-1_Organisator-263x175.jpg 263w, https:\/\/www.organisator.ch\/wp-content\/uploads\/2018\/11\/Konjunkturaussichten-Schweizer-Wirtschaft-muss-sich-waermer-anziehen-1_Organisator-527x350.jpg 527w, https:\/\/www.organisator.ch\/wp-content\/uploads\/2018\/11\/Konjunkturaussichten-Schweizer-Wirtschaft-muss-sich-waermer-anziehen-1_Organisator-300x199.jpg 300w\" sizes=\"auto, (max-width: 680px) 100vw, 680px\" \/><figcaption id=\"caption-attachment-4510\" class=\"wp-caption-text\">I CFO svizzeri non sono pi\u00f9 cos\u00ec ottimisti sulle prospettive economiche come un tempo. (Immagine: Fotolia.com)<\/figcaption><\/figure>\n<p>Il sentimento economico dei CFO svizzeri si sta offuscando per la prima volta in pi\u00f9 di tre anni. Questo \u00e8 uno dei risultati principali dell'indagine sui CFO condotta da Deloitte ogni sei mesi dal 2009. All'attuale indagine, condotta tra il 29 agosto e il 24 settembre 2018, hanno partecipato in totale 109 CFO di societ\u00e0 quotate e private.<\/p>\n<h2>Il grande boom \u00e8 finito<\/h2>\n<p>Ancora 77% degli oltre 100 CFO intervistati in questo Paese sono positivi sulle prospettive economiche. Si tratta di un calo di 8 punti percentuali rispetto al primo semestre del 2018. Si consiglia cautela. Dopo gli ultimi tre analoghi cambiamenti di sentimento, la situazione \u00e8 precipitata per due volte, come mostra lo studio. Il fatto che il picco di crescita sembri essere passato si evince anche dal fatto che l'ottimismo dei CFO sulle prospettive finanziarie della propria azienda si \u00e8 ridotto significativamente negli ultimi tre mesi. Il saldo netto (menzioni ottimistiche meno quelle pessimistiche) \u00e8 sceso da 24% a un valore basso ma ancora positivo di 9%. \"L'economia svizzera \u00e8 ancora robusta, ma il grande boom \u00e8 finito. Le controversie commerciali internazionali in corso si ripercuotono per la prima volta anche sulla Svizzera. L'atteggiamento protezionistico che proviene in particolare dalle due grandi potenze, Stati Uniti e Cina, alimenta l'incertezza delle nostre aziende orientate all'export\", commenta Michael Grampp, Chief Economist di Deloitte Svizzera, in merito ai risultati dell'indagine CFO.<\/p>\n<figure id=\"attachment_4511\" aria-describedby=\"caption-attachment-4511\" style=\"width: 680px\" class=\"wp-caption alignnone\"><img loading=\"lazy\" decoding=\"async\" class=\"size-medium wp-image-4511\" src=\"https:\/\/www.organisator.ch\/wp-content\/uploads\/2018\/11\/Konjunkturaussichten-Schweizer-Wirtschaft-muss-sich-waermer-anziehen-2_Organisator.jpg\" alt=\"\" width=\"680\" height=\"354\" srcset=\"https:\/\/www.organisator.ch\/wp-content\/uploads\/2018\/11\/Konjunkturaussichten-Schweizer-Wirtschaft-muss-sich-waermer-anziehen-2_Organisator.jpg 2095w, https:\/\/www.organisator.ch\/wp-content\/uploads\/2018\/11\/Konjunkturaussichten-Schweizer-Wirtschaft-muss-sich-waermer-anziehen-2_Organisator-680x354.jpg 680w, https:\/\/www.organisator.ch\/wp-content\/uploads\/2018\/11\/Konjunkturaussichten-Schweizer-Wirtschaft-muss-sich-waermer-anziehen-2_Organisator-1024x534.jpg 1024w, https:\/\/www.organisator.ch\/wp-content\/uploads\/2018\/11\/Konjunkturaussichten-Schweizer-Wirtschaft-muss-sich-waermer-anziehen-2_Organisator-768x400.jpg 768w, https:\/\/www.organisator.ch\/wp-content\/uploads\/2018\/11\/Konjunkturaussichten-Schweizer-Wirtschaft-muss-sich-waermer-anziehen-2_Organisator-1536x801.jpg 1536w, https:\/\/www.organisator.ch\/wp-content\/uploads\/2018\/11\/Konjunkturaussichten-Schweizer-Wirtschaft-muss-sich-waermer-anziehen-2_Organisator-2048x1068.jpg 2048w, https:\/\/www.organisator.ch\/wp-content\/uploads\/2018\/11\/Konjunkturaussichten-Schweizer-Wirtschaft-muss-sich-waermer-anziehen-2_Organisator-16x8.jpg 16w, https:\/\/www.organisator.ch\/wp-content\/uploads\/2018\/11\/Konjunkturaussichten-Schweizer-Wirtschaft-muss-sich-waermer-anziehen-2_Organisator-336x175.jpg 336w, https:\/\/www.organisator.ch\/wp-content\/uploads\/2018\/11\/Konjunkturaussichten-Schweizer-Wirtschaft-muss-sich-waermer-anziehen-2_Organisator-671x350.jpg 671w, https:\/\/www.organisator.ch\/wp-content\/uploads\/2018\/11\/Konjunkturaussichten-Schweizer-Wirtschaft-muss-sich-waermer-anziehen-2_Organisator-1535x800.jpg 1535w, https:\/\/www.organisator.ch\/wp-content\/uploads\/2018\/11\/Konjunkturaussichten-Schweizer-Wirtschaft-muss-sich-waermer-anziehen-2_Organisator-920x480.jpg 920w, https:\/\/www.organisator.ch\/wp-content\/uploads\/2018\/11\/Konjunkturaussichten-Schweizer-Wirtschaft-muss-sich-waermer-anziehen-2_Organisator-1400x730.jpg 1400w, https:\/\/www.organisator.ch\/wp-content\/uploads\/2018\/11\/Konjunkturaussichten-Schweizer-Wirtschaft-muss-sich-waermer-anziehen-2_Organisator-300x156.jpg 300w\" sizes=\"auto, (max-width: 680px) 100vw, 680px\" \/><figcaption id=\"caption-attachment-4511\" class=\"wp-caption-text\">Saldo netto dei CFO che giudicano positive\/negative le prospettive economiche della Svizzera nei prossimi 12 mesi. (Grafico: Deloitte)<\/figcaption><\/figure>\n<h2>I partner commerciali segnalano sempre pi\u00f9 spesso l'inaffidabilit\u00e0<\/h2>\n<p>Complessivamente, solo 40% dei CFO giudicano alto il livello di incertezza economica e finanziaria del Paese. Questo risultato pu\u00f2 essere considerato ottimistico. Tuttavia, gli sviluppi all'estero sono responsabili dell'incertezza dei CFO. Quasi la met\u00e0 delle aziende svizzere orientate all'esportazione (48%) vede grandi incertezze in futuro. Le prospettive economiche sono offuscate soprattutto dalle crescenti incertezze politiche dei partner commerciali tradizionali. Rispetto alla prima met\u00e0 dell'anno, la percezione del rischio nei confronti dei partner consolidati Stati Uniti (+26% a 77%), Italia (+ 20% a 64%) e Cina (+15% a 30%) \u00e8 in forte aumento nel semestre in corso. Non sorprende che il Regno Unito, afflitto dalla Brexit, sia considerato un partner commerciale rischioso da ben 64% dei CFO. Le relazioni con i due partner tradizionalmente pi\u00f9 importanti, Germania (11%) e Francia (7%), sono viste in modo pi\u00f9 positivo. Per entrambi, il livello di incertezza \u00e8 diminuito rispetto alla prima met\u00e0 dell'anno. Tuttavia: Molte aziende svizzere hanno attualmente altre priorit\u00e0. \"Le incertezze geopolitiche e il protezionismo sono molto rilevanti nella percezione del rischio dei CFO svizzeri, ma i processi aziendali interni sono in cima alla lista: I potenziali problemi interni sono il rischio principale per la prima volta. Molte aziende sono attualmente molto preoccupate per se stesse e non si concentrano con pieno vigore sulle sfide provenienti dall'esterno. Questo \u00e8 esattamente ci\u00f2 che serve\", afferma Alessandro Miolo, Partner CFO Programme Manager di Deloitte, analizzando il campo di tensione in cui operano attualmente i CFO.<\/p>\n<h2>Cambio EUR\/CHF: 1,07 come soglia del dolore<\/h2>\n<p>In considerazione della difficile attivit\u00e0 internazionale, il tasso di cambio CHF\/EUR \u00e8 particolarmente importante per le aziende svizzere. Per quasi il 60% dei CFO intervistati, un franco pi\u00f9 forte avrebbe un impatto negativo diretto sulla loro azienda. In media, i CFO intervistati indicano un tasso di cambio EUR\/CHF di 1,07 come soglia del dolore.<br \/>\nAlessandro Miolo classifica questo risultato come segue: \"Dopo l'abolizione del tasso di cambio minimo nel gennaio 2015 e lo shock iniziale, le aziende hanno fatto i conti con la situazione dei tassi di cambio. Ma il tasso di cambio CHF\/EUR pende oggi sulle aziende come una spada di Damocle. \u00c8 sorprendente che solo poco pi\u00f9 della met\u00e0 dei CFO svizzeri limiti il rischio di cambio attraverso valutazioni del rischio o coperture finanziarie. Non si pu\u00f2 rimanere inattivi su questo tema\".<\/p>\n<h2>La carenza di competenze tiene le aziende sulle spine<\/h2>\n<p>Nonostante il calo delle prospettive positive, le aziende europee continuano a spendere sia in termini di investimenti che di assunzioni. Il 39% dei CFO svizzeri prevede ancora un aumento degli investimenti nella prospettiva a 12 mesi. Questo coincide in gran parte con l'impressione data anche dalla <a href=\"https:\/\/www.organisator.ch\/kmu-monitor-2018-im-banne-von-digitalisierung-und-work-4-0\/\">Indagine dell'ORGANIZZATORE \"Monitor PMI<\/a> ha dimostrato. Secondo Deloitte, la Svizzera \u00e8 in linea con la media europea in termini di propensione agli investimenti.<\/p>\n<p>42% dei CFO svizzeri sono convinti di aumentare il numero di dipendenti nei prossimi 12 mesi. Tuttavia, ritengono che l'accesso a personale qualificato sia un rischio crescente. Queste preoccupazioni sono condivise quasi senza eccezioni dai CFO di altri Paesi europei. Nel caso dei nostri vicini, Germania e Austria, la carenza di manodopera qualificata \u00e8 addirittura il rischio pi\u00f9 frequentemente citato. Anche in considerazione della priorit\u00e0 della Svizzera per i cittadini elvetici, \u00e8 molto probabile che la \"guerra per i talenti\" continui ad aumentare nei Paesi di lingua tedesca. Sono particolarmente ricercate persone con conoscenze tecniche ed esperienze professionali adeguate.<\/p>\n<p>La Svizzera si affida in misura maggiore rispetto alla media europea alle assunzioni dall'estero (33%) e non altrettanto frequentemente all'attivazione di gruppi alternativi di lavoratori (ad esempio, rientranti o lavoratori anziani, 20%). La priorit\u00e0 per i cittadini svizzeri, in vigore da luglio 2018, non sembra aver avuto alcun effetto in questo studio, soprattutto perch\u00e9 i profili professionali che devono essere segnalati per la priorit\u00e0 per i cittadini svizzeri non sono per lo pi\u00f9 professionisti altamente qualificati.<\/p>\n<p><em>Fonte e ulteriori informazioni: <a href=\"http:\/\/www.deloitte.ch\">Deloitte<\/a><\/em><\/p>\n<p>\uf02d<\/p>","protected":false},"excerpt":{"rendered":"<p>Die Konjunkturstimmung unter den Schweizer CFOs tr\u00fcbt sich erstmals seit \u00fcber drei Jahren ein. Dies ist eines zentralen Ergebnisse der seit 2009 von Deloitte halbj\u00e4hrlich durchgef\u00fchrten CFO-Umfrage. An der aktuellen Befragung, die zwischen dem 29. August und 24. September 2018 durchgef\u00fchrt wurde, nahmen insgesamt 109 CFOs sowohl aus b\u00f6rsenkotierten Unternehmen als auch von privat gehaltenen [&hellip;]<\/p>\n","protected":false},"author":4,"featured_media":4510,"comment_status":"open","ping_status":"open","sticky":false,"template":"","format":"standard","meta":{"_acf_changed":false,"_yoast_wpseo_focuskw":"Konjunkturaussichten","_yoast_wpseo_metadesc":"Die Konjunkturaussichten der Schweizer CFOs sind erstmals seit \u00fcber drei Jahren r\u00fcckl\u00e4ufig. Diese Anzeichen stimmen im internationalen Kontext nachdenklich.","articlekey":"","footnotes":""},"categories":[28],"tags":[310,334,459,531],"class_list":["post-4509","post","type-post","status-publish","format-standard","has-post-thumbnail","hentry","category-management","tag-konjunktur","tag-management","tag-studie","tag-wirtschaftspolitik"],"acf":[],"yoast_head":"<!-- This site is optimized with the Yoast SEO plugin v27.4 - https:\/\/yoast.com\/product\/yoast-seo-wordpress\/ -->\n<title>Konjunkturaussichten: Schweizer Wirtschaft muss sich w\u00e4rmer anziehen - Organisator<\/title>\n<meta name=\"description\" content=\"Die Konjunkturaussichten der Schweizer CFOs sind erstmals seit \u00fcber drei Jahren r\u00fcckl\u00e4ufig. Diese Anzeichen stimmen im internationalen Kontext nachdenklich.\" \/>\n<meta name=\"robots\" content=\"index, follow, max-snippet:-1, max-image-preview:large, max-video-preview:-1\" \/>\n<link rel=\"canonical\" href=\"https:\/\/www.organisator.ch\/it\/gestione-2\/2018-11-13\/konjunkturaussichten-schweizer-wirtschaft-muss-sich-waermer-anziehen\/\" \/>\n<meta property=\"og:locale\" content=\"it_IT\" \/>\n<meta property=\"og:type\" content=\"article\" \/>\n<meta property=\"og:title\" content=\"Konjunkturaussichten: Schweizer Wirtschaft muss sich w\u00e4rmer anziehen\" \/>\n<meta property=\"og:description\" content=\"Die Konjunkturaussichten der Schweizer CFOs sind erstmals seit \u00fcber drei Jahren r\u00fcckl\u00e4ufig. Diese Anzeichen stimmen im internationalen Kontext nachdenklich.\" \/>\n<meta property=\"og:url\" content=\"https:\/\/www.organisator.ch\/it\/gestione-2\/2018-11-13\/konjunkturaussichten-schweizer-wirtschaft-muss-sich-waermer-anziehen\/\" \/>\n<meta property=\"og:site_name\" content=\"Organisator\" \/>\n<meta property=\"article:publisher\" content=\"https:\/\/www.facebook.com\/OrganisatorFachmagazin\" \/>\n<meta property=\"article:published_time\" content=\"2018-11-13T08:27:26+00:00\" \/>\n<meta property=\"og:image\" content=\"https:\/\/www.organisator.ch\/wp-content\/uploads\/2018\/11\/Konjunkturaussichten-Schweizer-Wirtschaft-muss-sich-waermer-anziehen-1_Organisator.jpg\" \/>\n\t<meta property=\"og:image:width\" content=\"680\" \/>\n\t<meta property=\"og:image:height\" content=\"452\" \/>\n\t<meta property=\"og:image:type\" content=\"image\/jpeg\" \/>\n<meta name=\"author\" content=\"thomas.berner\" \/>\n<meta name=\"twitter:card\" content=\"summary_large_image\" \/>\n<meta name=\"twitter:title\" content=\"#Konjunkturaussichten: Schweizer Wirtschaft muss sich w\u00e4rmer anziehen\" \/>\n<meta name=\"twitter:description\" content=\"Die #Konjunkturaussichten der Schweizer CFOs sind erstmals seit \u00fcber drei Jahren r\u00fcckl\u00e4ufig. Diese Anzeichen stimmen im internationalen Kontext nachdenklich.\" \/>\n<meta name=\"twitter:image\" content=\"https:\/\/www.organisator.ch\/wp-content\/uploads\/2018\/11\/Konjunkturaussichten-Schweizer-Wirtschaft-muss-sich-w\u00e4rmer-anziehen-1_Organisator.jpg\" \/>\n<script type=\"application\/ld+json\" class=\"yoast-schema-graph\">{\"@context\":\"https:\\\/\\\/schema.org\",\"@graph\":[{\"@type\":\"Article\",\"@id\":\"https:\\\/\\\/www.organisator.ch\\\/management\\\/2018-11-13\\\/konjunkturaussichten-schweizer-wirtschaft-muss-sich-waermer-anziehen\\\/#article\",\"isPartOf\":{\"@id\":\"https:\\\/\\\/www.organisator.ch\\\/management\\\/2018-11-13\\\/konjunkturaussichten-schweizer-wirtschaft-muss-sich-waermer-anziehen\\\/\"},\"author\":{\"name\":\"thomas.berner\",\"@id\":\"https:\\\/\\\/www.organisator.ch\\\/#\\\/schema\\\/person\\\/6f650f90b2842cd4c0cc334b4e36f67e\"},\"headline\":\"Konjunkturaussichten: Schweizer Wirtschaft muss sich w\u00e4rmer anziehen\",\"datePublished\":\"2018-11-13T08:27:26+00:00\",\"mainEntityOfPage\":{\"@id\":\"https:\\\/\\\/www.organisator.ch\\\/management\\\/2018-11-13\\\/konjunkturaussichten-schweizer-wirtschaft-muss-sich-waermer-anziehen\\\/\"},\"wordCount\":867,\"commentCount\":0,\"publisher\":{\"@id\":\"https:\\\/\\\/www.organisator.ch\\\/#organization\"},\"image\":{\"@id\":\"https:\\\/\\\/www.organisator.ch\\\/management\\\/2018-11-13\\\/konjunkturaussichten-schweizer-wirtschaft-muss-sich-waermer-anziehen\\\/#primaryimage\"},\"thumbnailUrl\":\"https:\\\/\\\/www.organisator.ch\\\/wp-content\\\/uploads\\\/2018\\\/11\\\/Konjunkturaussichten-Schweizer-Wirtschaft-muss-sich-waermer-anziehen-1_Organisator.jpg\",\"keywords\":[\"Konjunktur\",\"Management\",\"Studie\",\"Wirtschaftspolitik\"],\"articleSection\":[\"MANAGEMENT\"],\"inLanguage\":\"it-IT\"},{\"@type\":\"WebPage\",\"@id\":\"https:\\\/\\\/www.organisator.ch\\\/management\\\/2018-11-13\\\/konjunkturaussichten-schweizer-wirtschaft-muss-sich-waermer-anziehen\\\/\",\"url\":\"https:\\\/\\\/www.organisator.ch\\\/management\\\/2018-11-13\\\/konjunkturaussichten-schweizer-wirtschaft-muss-sich-waermer-anziehen\\\/\",\"name\":\"Konjunkturaussichten: Schweizer Wirtschaft muss sich w\u00e4rmer anziehen - Organisator\",\"isPartOf\":{\"@id\":\"https:\\\/\\\/www.organisator.ch\\\/#website\"},\"primaryImageOfPage\":{\"@id\":\"https:\\\/\\\/www.organisator.ch\\\/management\\\/2018-11-13\\\/konjunkturaussichten-schweizer-wirtschaft-muss-sich-waermer-anziehen\\\/#primaryimage\"},\"image\":{\"@id\":\"https:\\\/\\\/www.organisator.ch\\\/management\\\/2018-11-13\\\/konjunkturaussichten-schweizer-wirtschaft-muss-sich-waermer-anziehen\\\/#primaryimage\"},\"thumbnailUrl\":\"https:\\\/\\\/www.organisator.ch\\\/wp-content\\\/uploads\\\/2018\\\/11\\\/Konjunkturaussichten-Schweizer-Wirtschaft-muss-sich-waermer-anziehen-1_Organisator.jpg\",\"datePublished\":\"2018-11-13T08:27:26+00:00\",\"description\":\"Die Konjunkturaussichten der Schweizer CFOs sind erstmals seit \u00fcber drei Jahren r\u00fcckl\u00e4ufig. Diese Anzeichen stimmen im internationalen Kontext nachdenklich.\",\"breadcrumb\":{\"@id\":\"https:\\\/\\\/www.organisator.ch\\\/management\\\/2018-11-13\\\/konjunkturaussichten-schweizer-wirtschaft-muss-sich-waermer-anziehen\\\/#breadcrumb\"},\"inLanguage\":\"it-IT\",\"potentialAction\":[{\"@type\":\"ReadAction\",\"target\":[\"https:\\\/\\\/www.organisator.ch\\\/management\\\/2018-11-13\\\/konjunkturaussichten-schweizer-wirtschaft-muss-sich-waermer-anziehen\\\/\"]}]},{\"@type\":\"ImageObject\",\"inLanguage\":\"it-IT\",\"@id\":\"https:\\\/\\\/www.organisator.ch\\\/management\\\/2018-11-13\\\/konjunkturaussichten-schweizer-wirtschaft-muss-sich-waermer-anziehen\\\/#primaryimage\",\"url\":\"https:\\\/\\\/www.organisator.ch\\\/wp-content\\\/uploads\\\/2018\\\/11\\\/Konjunkturaussichten-Schweizer-Wirtschaft-muss-sich-waermer-anziehen-1_Organisator.jpg\",\"contentUrl\":\"https:\\\/\\\/www.organisator.ch\\\/wp-content\\\/uploads\\\/2018\\\/11\\\/Konjunkturaussichten-Schweizer-Wirtschaft-muss-sich-waermer-anziehen-1_Organisator.jpg\",\"width\":680,\"height\":452,\"caption\":\"Die Konjunkturaussichten werden von Schweizer CFOs nicht mehr so optimistisch beurteilt wie auch schon. (Bild: Fotolia.com)\"},{\"@type\":\"BreadcrumbList\",\"@id\":\"https:\\\/\\\/www.organisator.ch\\\/management\\\/2018-11-13\\\/konjunkturaussichten-schweizer-wirtschaft-muss-sich-waermer-anziehen\\\/#breadcrumb\",\"itemListElement\":[{\"@type\":\"ListItem\",\"position\":1,\"name\":\"Home\",\"item\":\"https:\\\/\\\/www.organisator.ch\\\/\"},{\"@type\":\"ListItem\",\"position\":2,\"name\":\"Konjunkturaussichten: Schweizer Wirtschaft muss sich w\u00e4rmer anziehen\"}]},{\"@type\":\"WebSite\",\"@id\":\"https:\\\/\\\/www.organisator.ch\\\/#website\",\"url\":\"https:\\\/\\\/www.organisator.ch\\\/\",\"name\":\"Organisator\",\"description\":\"Kompetent. Praxisnah. Der ORGANISATOR bereitet in 10 Ausgaben pro Jahr die wesentlichen Themen f\u00fcr F\u00fchrungskr\u00e4fte von KMU auf.\",\"publisher\":{\"@id\":\"https:\\\/\\\/www.organisator.ch\\\/#organization\"},\"potentialAction\":[{\"@type\":\"SearchAction\",\"target\":{\"@type\":\"EntryPoint\",\"urlTemplate\":\"https:\\\/\\\/www.organisator.ch\\\/?s={search_term_string}\"},\"query-input\":{\"@type\":\"PropertyValueSpecification\",\"valueRequired\":true,\"valueName\":\"search_term_string\"}}],\"inLanguage\":\"it-IT\"},{\"@type\":\"Organization\",\"@id\":\"https:\\\/\\\/www.organisator.ch\\\/#organization\",\"name\":\"Organisator\",\"url\":\"https:\\\/\\\/www.organisator.ch\\\/\",\"logo\":{\"@type\":\"ImageObject\",\"inLanguage\":\"it-IT\",\"@id\":\"https:\\\/\\\/www.organisator.ch\\\/#\\\/schema\\\/logo\\\/image\\\/\",\"url\":\"https:\\\/\\\/www.organisator.ch\\\/wp-content\\\/uploads\\\/2022\\\/01\\\/Logo_Organisator_Website.png\",\"contentUrl\":\"https:\\\/\\\/www.organisator.ch\\\/wp-content\\\/uploads\\\/2022\\\/01\\\/Logo_Organisator_Website.png\",\"width\":800,\"height\":77,\"caption\":\"Organisator\"},\"image\":{\"@id\":\"https:\\\/\\\/www.organisator.ch\\\/#\\\/schema\\\/logo\\\/image\\\/\"},\"sameAs\":[\"https:\\\/\\\/www.facebook.com\\\/OrganisatorFachmagazin\",\"https:\\\/\\\/www.linkedin.com\\\/showcase\\\/organisator-das-magazin-fr-kmu\",\"https:\\\/\\\/www.xing.com\\\/news\\\/pages\\\/organisator-ch-695\",\"https:\\\/\\\/www.youtube.com\\\/channel\\\/UCGP2Sq0iWaZwT3BdIAQFYpw\"]},{\"@type\":\"Person\",\"@id\":\"https:\\\/\\\/www.organisator.ch\\\/#\\\/schema\\\/person\\\/6f650f90b2842cd4c0cc334b4e36f67e\",\"name\":\"thomas.berner\",\"image\":{\"@type\":\"ImageObject\",\"inLanguage\":\"it-IT\",\"@id\":\"https:\\\/\\\/secure.gravatar.com\\\/avatar\\\/ac5001d2a36cb6c6cd3e50789007ffca834b477b74a2144564522e944eabff61?s=96&d=mm&r=g\",\"url\":\"https:\\\/\\\/secure.gravatar.com\\\/avatar\\\/ac5001d2a36cb6c6cd3e50789007ffca834b477b74a2144564522e944eabff61?s=96&d=mm&r=g\",\"contentUrl\":\"https:\\\/\\\/secure.gravatar.com\\\/avatar\\\/ac5001d2a36cb6c6cd3e50789007ffca834b477b74a2144564522e944eabff61?s=96&d=mm&r=g\",\"caption\":\"thomas.berner\"},\"url\":\"https:\\\/\\\/www.organisator.ch\\\/it\\\/author\\\/thomas-berner\\\/\"}]}<\/script>\n<!-- \/ Yoast SEO plugin. -->","yoast_head_json":{"title":"Prospettive economiche: L'economia svizzera deve vestirsi pi\u00f9 calda - Organizzatore","description":"Le prospettive economiche dei CFO svizzeri sono diminuite per la prima volta da oltre tre anni. Questi segnali fanno riflettere in un contesto internazionale.","robots":{"index":"index","follow":"follow","max-snippet":"max-snippet:-1","max-image-preview":"max-image-preview:large","max-video-preview":"max-video-preview:-1"},"canonical":"https:\/\/www.organisator.ch\/it\/gestione-2\/2018-11-13\/konjunkturaussichten-schweizer-wirtschaft-muss-sich-waermer-anziehen\/","og_locale":"it_IT","og_type":"article","og_title":"Konjunkturaussichten: Schweizer Wirtschaft muss sich w\u00e4rmer anziehen","og_description":"Die Konjunkturaussichten der Schweizer CFOs sind erstmals seit \u00fcber drei Jahren r\u00fcckl\u00e4ufig. Diese Anzeichen stimmen im internationalen Kontext nachdenklich.","og_url":"https:\/\/www.organisator.ch\/it\/gestione-2\/2018-11-13\/konjunkturaussichten-schweizer-wirtschaft-muss-sich-waermer-anziehen\/","og_site_name":"Organisator","article_publisher":"https:\/\/www.facebook.com\/OrganisatorFachmagazin","article_published_time":"2018-11-13T08:27:26+00:00","og_image":[{"width":680,"height":452,"url":"https:\/\/www.organisator.ch\/wp-content\/uploads\/2018\/11\/Konjunkturaussichten-Schweizer-Wirtschaft-muss-sich-waermer-anziehen-1_Organisator.jpg","type":"image\/jpeg"}],"author":"thomas.berner","twitter_card":"summary_large_image","twitter_title":"#Konjunkturaussichten: Schweizer Wirtschaft muss sich w\u00e4rmer anziehen","twitter_description":"Die #Konjunkturaussichten der Schweizer CFOs sind erstmals seit \u00fcber drei Jahren r\u00fcckl\u00e4ufig. Diese Anzeichen stimmen im internationalen Kontext nachdenklich.","twitter_image":"https:\/\/www.organisator.ch\/wp-content\/uploads\/2018\/11\/Konjunkturaussichten-Schweizer-Wirtschaft-muss-sich-w\u00e4rmer-anziehen-1_Organisator.jpg","schema":{"@context":"https:\/\/schema.org","@graph":[{"@type":"Article","@id":"https:\/\/www.organisator.ch\/management\/2018-11-13\/konjunkturaussichten-schweizer-wirtschaft-muss-sich-waermer-anziehen\/#article","isPartOf":{"@id":"https:\/\/www.organisator.ch\/management\/2018-11-13\/konjunkturaussichten-schweizer-wirtschaft-muss-sich-waermer-anziehen\/"},"author":{"name":"thomas.berner","@id":"https:\/\/www.organisator.ch\/#\/schema\/person\/6f650f90b2842cd4c0cc334b4e36f67e"},"headline":"Konjunkturaussichten: Schweizer Wirtschaft muss sich w\u00e4rmer anziehen","datePublished":"2018-11-13T08:27:26+00:00","mainEntityOfPage":{"@id":"https:\/\/www.organisator.ch\/management\/2018-11-13\/konjunkturaussichten-schweizer-wirtschaft-muss-sich-waermer-anziehen\/"},"wordCount":867,"commentCount":0,"publisher":{"@id":"https:\/\/www.organisator.ch\/#organization"},"image":{"@id":"https:\/\/www.organisator.ch\/management\/2018-11-13\/konjunkturaussichten-schweizer-wirtschaft-muss-sich-waermer-anziehen\/#primaryimage"},"thumbnailUrl":"https:\/\/www.organisator.ch\/wp-content\/uploads\/2018\/11\/Konjunkturaussichten-Schweizer-Wirtschaft-muss-sich-waermer-anziehen-1_Organisator.jpg","keywords":["Konjunktur","Management","Studie","Wirtschaftspolitik"],"articleSection":["MANAGEMENT"],"inLanguage":"it-IT"},{"@type":"WebPage","@id":"https:\/\/www.organisator.ch\/management\/2018-11-13\/konjunkturaussichten-schweizer-wirtschaft-muss-sich-waermer-anziehen\/","url":"https:\/\/www.organisator.ch\/management\/2018-11-13\/konjunkturaussichten-schweizer-wirtschaft-muss-sich-waermer-anziehen\/","name":"Prospettive economiche: L'economia svizzera deve vestirsi pi\u00f9 calda - Organizzatore","isPartOf":{"@id":"https:\/\/www.organisator.ch\/#website"},"primaryImageOfPage":{"@id":"https:\/\/www.organisator.ch\/management\/2018-11-13\/konjunkturaussichten-schweizer-wirtschaft-muss-sich-waermer-anziehen\/#primaryimage"},"image":{"@id":"https:\/\/www.organisator.ch\/management\/2018-11-13\/konjunkturaussichten-schweizer-wirtschaft-muss-sich-waermer-anziehen\/#primaryimage"},"thumbnailUrl":"https:\/\/www.organisator.ch\/wp-content\/uploads\/2018\/11\/Konjunkturaussichten-Schweizer-Wirtschaft-muss-sich-waermer-anziehen-1_Organisator.jpg","datePublished":"2018-11-13T08:27:26+00:00","description":"Le prospettive economiche dei CFO svizzeri sono diminuite per la prima volta da oltre tre anni. Questi segnali fanno riflettere in un contesto internazionale.","breadcrumb":{"@id":"https:\/\/www.organisator.ch\/management\/2018-11-13\/konjunkturaussichten-schweizer-wirtschaft-muss-sich-waermer-anziehen\/#breadcrumb"},"inLanguage":"it-IT","potentialAction":[{"@type":"ReadAction","target":["https:\/\/www.organisator.ch\/management\/2018-11-13\/konjunkturaussichten-schweizer-wirtschaft-muss-sich-waermer-anziehen\/"]}]},{"@type":"ImageObject","inLanguage":"it-IT","@id":"https:\/\/www.organisator.ch\/management\/2018-11-13\/konjunkturaussichten-schweizer-wirtschaft-muss-sich-waermer-anziehen\/#primaryimage","url":"https:\/\/www.organisator.ch\/wp-content\/uploads\/2018\/11\/Konjunkturaussichten-Schweizer-Wirtschaft-muss-sich-waermer-anziehen-1_Organisator.jpg","contentUrl":"https:\/\/www.organisator.ch\/wp-content\/uploads\/2018\/11\/Konjunkturaussichten-Schweizer-Wirtschaft-muss-sich-waermer-anziehen-1_Organisator.jpg","width":680,"height":452,"caption":"Die Konjunkturaussichten werden von Schweizer CFOs nicht mehr so optimistisch beurteilt wie auch schon. (Bild: Fotolia.com)"},{"@type":"BreadcrumbList","@id":"https:\/\/www.organisator.ch\/management\/2018-11-13\/konjunkturaussichten-schweizer-wirtschaft-muss-sich-waermer-anziehen\/#breadcrumb","itemListElement":[{"@type":"ListItem","position":1,"name":"Home","item":"https:\/\/www.organisator.ch\/"},{"@type":"ListItem","position":2,"name":"Konjunkturaussichten: Schweizer Wirtschaft muss sich w\u00e4rmer anziehen"}]},{"@type":"WebSite","@id":"https:\/\/www.organisator.ch\/#website","url":"https:\/\/www.organisator.ch\/","name":"Organizzatore","description":"Competente. Pratico. In 10 numeri all'anno, ORGANISATOR presenta i temi essenziali per i manager delle PMI.","publisher":{"@id":"https:\/\/www.organisator.ch\/#organization"},"potentialAction":[{"@type":"SearchAction","target":{"@type":"EntryPoint","urlTemplate":"https:\/\/www.organisator.ch\/?s={search_term_string}"},"query-input":{"@type":"PropertyValueSpecification","valueRequired":true,"valueName":"search_term_string"}}],"inLanguage":"it-IT"},{"@type":"Organization","@id":"https:\/\/www.organisator.ch\/#organization","name":"Organizzatore","url":"https:\/\/www.organisator.ch\/","logo":{"@type":"ImageObject","inLanguage":"it-IT","@id":"https:\/\/www.organisator.ch\/#\/schema\/logo\/image\/","url":"https:\/\/www.organisator.ch\/wp-content\/uploads\/2022\/01\/Logo_Organisator_Website.png","contentUrl":"https:\/\/www.organisator.ch\/wp-content\/uploads\/2022\/01\/Logo_Organisator_Website.png","width":800,"height":77,"caption":"Organisator"},"image":{"@id":"https:\/\/www.organisator.ch\/#\/schema\/logo\/image\/"},"sameAs":["https:\/\/www.facebook.com\/OrganisatorFachmagazin","https:\/\/www.linkedin.com\/showcase\/organisator-das-magazin-fr-kmu","https:\/\/www.xing.com\/news\/pages\/organisator-ch-695","https:\/\/www.youtube.com\/channel\/UCGP2Sq0iWaZwT3BdIAQFYpw"]},{"@type":"Person","@id":"https:\/\/www.organisator.ch\/#\/schema\/person\/6f650f90b2842cd4c0cc334b4e36f67e","name":"Tommaso.berner","image":{"@type":"ImageObject","inLanguage":"it-IT","@id":"https:\/\/secure.gravatar.com\/avatar\/ac5001d2a36cb6c6cd3e50789007ffca834b477b74a2144564522e944eabff61?s=96&d=mm&r=g","url":"https:\/\/secure.gravatar.com\/avatar\/ac5001d2a36cb6c6cd3e50789007ffca834b477b74a2144564522e944eabff61?s=96&d=mm&r=g","contentUrl":"https:\/\/secure.gravatar.com\/avatar\/ac5001d2a36cb6c6cd3e50789007ffca834b477b74a2144564522e944eabff61?s=96&d=mm&r=g","caption":"thomas.berner"},"url":"https:\/\/www.organisator.ch\/it\/author\/thomas-berner\/"}]}},"_links":{"self":[{"href":"https:\/\/www.organisator.ch\/it\/wp-json\/wp\/v2\/posts\/4509","targetHints":{"allow":["GET"]}}],"collection":[{"href":"https:\/\/www.organisator.ch\/it\/wp-json\/wp\/v2\/posts"}],"about":[{"href":"https:\/\/www.organisator.ch\/it\/wp-json\/wp\/v2\/types\/post"}],"author":[{"embeddable":true,"href":"https:\/\/www.organisator.ch\/it\/wp-json\/wp\/v2\/users\/4"}],"replies":[{"embeddable":true,"href":"https:\/\/www.organisator.ch\/it\/wp-json\/wp\/v2\/comments?post=4509"}],"version-history":[{"count":0,"href":"https:\/\/www.organisator.ch\/it\/wp-json\/wp\/v2\/posts\/4509\/revisions"}],"wp:featuredmedia":[{"embeddable":true,"href":"https:\/\/www.organisator.ch\/it\/wp-json\/wp\/v2\/media\/4510"}],"wp:attachment":[{"href":"https:\/\/www.organisator.ch\/it\/wp-json\/wp\/v2\/media?parent=4509"}],"wp:term":[{"taxonomy":"category","embeddable":true,"href":"https:\/\/www.organisator.ch\/it\/wp-json\/wp\/v2\/categories?post=4509"},{"taxonomy":"post_tag","embeddable":true,"href":"https:\/\/www.organisator.ch\/it\/wp-json\/wp\/v2\/tags?post=4509"}],"curies":[{"name":"wp","href":"https:\/\/api.w.org\/{rel}","templated":true}]}}