{"id":45186,"date":"2026-03-06T14:10:46","date_gmt":"2026-03-06T13:10:46","guid":{"rendered":"https:\/\/www.organisator.ch\/?p=45186"},"modified":"2026-03-06T14:14:25","modified_gmt":"2026-03-06T13:14:25","slug":"ergonomie-am-arbeitsplatz-warum-die-richtige-brille-die-produktivitaet-im-buero-steigert","status":"publish","type":"post","link":"https:\/\/www.organisator.ch\/it\/human-resources\/2026-03-06\/ergonomie-am-arbeitsplatz-warum-die-richtige-brille-die-produktivitaet-im-buero-steigert\/","title":{"rendered":"Ergonomia sul posto di lavoro: perch\u00e9 gli occhiali giusti aumentano la produttivit\u00e0 in ufficio"},"content":{"rendered":"<figure id=\"attachment_45187\" aria-describedby=\"caption-attachment-45187\" style=\"width: 680px\" class=\"wp-caption alignnone\"><img loading=\"lazy\" decoding=\"async\" class=\"size-full wp-image-45187\" src=\"https:\/\/www.organisator.ch\/wp-content\/uploads\/2026\/02\/Ergonomie-am-Arbeitsplatz-Warum-die-richtige-Brille-die-Produktivitaet-im-Buero-steigert_Organisator.jpg\" alt=\"\" width=\"680\" height=\"498\" srcset=\"https:\/\/www.organisator.ch\/wp-content\/uploads\/2026\/02\/Ergonomie-am-Arbeitsplatz-Warum-die-richtige-Brille-die-Produktivitaet-im-Buero-steigert_Organisator.jpg 680w, https:\/\/www.organisator.ch\/wp-content\/uploads\/2026\/02\/Ergonomie-am-Arbeitsplatz-Warum-die-richtige-Brille-die-Produktivitaet-im-Buero-steigert_Organisator-16x12.jpg 16w, https:\/\/www.organisator.ch\/wp-content\/uploads\/2026\/02\/Ergonomie-am-Arbeitsplatz-Warum-die-richtige-Brille-die-Produktivitaet-im-Buero-steigert_Organisator-375x275.jpg 375w, https:\/\/www.organisator.ch\/wp-content\/uploads\/2026\/02\/Ergonomie-am-Arbeitsplatz-Warum-die-richtige-Brille-die-Produktivitaet-im-Buero-steigert_Organisator-478x350.jpg 478w\" sizes=\"auto, (max-width: 680px) 100vw, 680px\" \/><figcaption id=\"caption-attachment-45187\" class=\"wp-caption-text\">Proteggete e date sollievo ai vostri occhi con gli occhiali da lavoro.<br \/>\n(Immagine: generata dall'AI con Google Gemini)<\/figcaption><\/figure>\n<p>\u00c8 noto da tempo che una buona visione pu\u00f2 avere un effetto positivo sul benessere, la concentrazione e il rendimento sul lavoro.\u00a0 \u00a0<\/p>\n<h3>La visione \u00e8 un fattore chiave nel lavoro d'ufficio moderno<\/h3>\n<p>Nella nostra societ\u00e0 dei servizi e della conoscenza, l'elaborazione visiva delle informazioni svolge un ruolo sempre pi\u00f9 importante. Durante la giornata lavorativa, ad esempio, vengono analizzate molte tabelle, interpretati grafici, letti e modificati testi. Inoltre, anche le videoconferenze svolgono un ruolo sempre pi\u00f9 centrale nel nostro mondo del lavoro digitale.\u00a0\u00a0\u00a0<\/p>\n<p>Di conseguenza, gli occhi sono costantemente messi alla prova durante le ore di lavoro e devono costantemente riadattarsi a distanze diverse quando lavorano con interlocutori, documenti cartacei, tastiere e monitor.\u00a0<\/p>\n<p>Tuttavia, i portatori di occhiali spesso si rendono conto solo in ritardo che il loro aiuto visivo non \u00e8 regolato in modo ottimale. Questo pu\u00f2 portare a un rapido affaticamento, alla secchezza oculare o addirittura a mal di testa, che spesso vengono inizialmente imputati ai lunghi orari di lavoro e al troppo stress.<\/p>\n<p>Sorprendentemente, la causa reale \u00e8 spesso rappresentata da ausili visivi non ottimali. Esami oculistici regolari <a href=\"https:\/\/www.eyesandmore.de\/\">presso l'ottico occhi + altro<\/a> pu\u00f2 aiutare a riconoscere precocemente i cambiamenti dell'acutezza visiva e a trovare soluzioni adeguate per migliorare la visione con occhiali di alta qualit\u00e0. Quando si sceglie un nuovo paio di occhiali, \u00e8 anche fondamentale che siano adattati professionalmente alle condizioni prevalenti sul posto di lavoro e alle abitudini visive individuali.<\/p>\n<h3>Stress digitale sul posto di lavoro: quando gli schermi diventano una sfida<\/h3>\n<p>A causa della crescente digitalizzazione e <a href=\"https:\/\/www.organisator.ch\/de\/management\/2026-02-24\/ki-ist-kein-ersatz-fuer-fuehrung\/\">Utilizzo dell'intelligenza artificiale<\/a> L'affaticamento visivo \u00e8 aumentato in modo significativo negli ultimi anni. L'aumento del lavoro su schermo, inoltre, affatica gli occhi molto di pi\u00f9 rispetto alla lettura di testi stampati. Uno dei motivi \u00e8 la riduzione del battito delle palpebre quando ci si concentra su uno schermo.<\/p>\n<p>Va inoltre osservato che la maggior parte degli occhiali standard \u00e8 progettata principalmente per la lettura o per guardare in lontananza. Tuttavia, la distanza tipica dallo schermo di un computer \u00e8 spesso compresa tra i 50 e i 70 centimetri, il che significa che il monitor in questione si trova spesso in una fascia intermedia che non \u00e8 idealmente coperta dalle lenti degli occhiali convenzionali.<\/p>\n<p>Gli occhiali speciali per il posto di lavoro o per lo schermo tengono esplicitamente conto di questa distanza e consentono quindi di assumere una postura del corpo e della testa pi\u00f9 rilassata possibile, anche quando si lavora davanti a uno schermo. Se non si utilizzano tali occhiali personalizzati, i portatori di occhiali tendono a soffrire di una <a href=\"https:\/\/www.ndr.de\/ratgeber\/gesundheit\/Bildschirmarbeitsplatz-richtig-einrichten,gesundamschreibtisch100.html\">Postazione di lavoro per computer<\/a> Il risultato \u00e8 che spesso si tende a sollevare il mento o a spingere la testa in avanti per avere uno sguardo pi\u00f9 acuto possibile. A lungo andare, questo pu\u00f2 portare a problemi alle spalle e al collo, nonch\u00e9 a dolori a lungo termine dovuti al disallineamento. Un occhiale adattato in modo ottimale non solo garantisce una visione migliore, ma favorisce anche una posizione di seduta ergonomica.\u00a0\u00a0\u00a0<\/p>\n<h3>Tenere d'occhio la concentrazione e la produttivit\u00e0<\/h3>\n<p>La produttivit\u00e0 non dipende solo dalla propria motivazione e dalla giusta gestione del tempo. Anche i fattori fisiologici svolgono un ruolo da non sottovalutare. Ad esempio, una visione offuscata costringe ripetutamente il cervello ad apportare correzioni e lo sforzo aggiuntivo riduce la capacit\u00e0 di concentrazione e consuma energia inutilmente.<\/p>\n<p>Gli occhiali perfettamente adattati alle esigenze del lavoro garantiscono anche un'impressione visiva pi\u00f9 stabile e chiara. In questo modo \u00e8 pi\u00f9 facile riconoscere i dettagli importanti e leggere e comprendere pi\u00f9 rapidamente i testi. Soprattutto in compiti complessi, come la modifica di contenuti grafici o l'analisi di grandi quantit\u00e0 di dati, le differenze di visione sono molto evidenti.<\/p>\n<h3>Un approccio olistico all'ergonomia sul posto di lavoro<\/h3>\n<p>L'ergonomia sul posto di lavoro non si esaurisce con le condizioni di illuminazione o i mobili da ufficio. L'attenzione va piuttosto rivolta a tutti i fattori che favoriscono un modo di lavorare efficiente e sano. Ci\u00f2 include sicuramente l'adattamento di tutti gli ausili visivi necessari alle condizioni prevalenti sul posto di lavoro.<\/p>","protected":false},"excerpt":{"rendered":"<p>Le postazioni di lavoro ergonomiche sono molto pi\u00f9 di una tendenza a breve termine nel mondo del lavoro. In molti uffici, in particolare, si tratta di scrivanie regolabili in altezza, sedie ergonomiche e illuminazione ottimizzata. Tuttavia, le prestazioni visive personali sono spesso sottovalutate in questo contesto. <\/p>","protected":false},"author":4,"featured_media":45187,"comment_status":"closed","ping_status":"closed","sticky":false,"template":"","format":"standard","meta":{"_acf_changed":false,"_yoast_wpseo_focuskw":"Ergonomie am Arbeitsplatz","_yoast_wpseo_metadesc":"Ergonomie am Arbeitsplatz ist deutlich mehr als nur ein kurzfristiger Trend. Untersch\u00e4tzt wird aber immer noch die Rolle der Sehleistung.","articlekey":"","footnotes":""},"categories":[579],"tags":[51,178,5847],"class_list":["post-45186","post","type-post","status-publish","format-standard","has-post-thumbnail","hentry","category-human-resources","tag-arbeitsplatzgestaltung","tag-ergonomie","tag-sehen"],"acf":[],"yoast_head":"<!-- This site is optimized with the Yoast SEO plugin v27.4 - https:\/\/yoast.com\/product\/yoast-seo-wordpress\/ -->\n<title>Ergonomie am Arbeitsplatz: Warum die richtige Brille die Produktivit\u00e4t im B\u00fcro steigert - Organisator<\/title>\n<meta name=\"description\" content=\"Ergonomie am Arbeitsplatz ist deutlich mehr als nur ein kurzfristiger Trend. Untersch\u00e4tzt wird aber immer noch die Rolle der Sehleistung.\" \/>\n<meta name=\"robots\" content=\"index, follow, max-snippet:-1, max-image-preview:large, max-video-preview:-1\" \/>\n<link rel=\"canonical\" href=\"https:\/\/www.organisator.ch\/it\/risorse-umane\/2026-03-06\/ergonomie-am-arbeitsplatz-warum-die-richtige-brille-die-produktivitaet-im-buero-steigert\/\" \/>\n<meta property=\"og:locale\" content=\"it_IT\" \/>\n<meta property=\"og:type\" content=\"article\" \/>\n<meta property=\"og:title\" content=\"Ergonomie am Arbeitsplatz: Warum die richtige Brille die Produktivit\u00e4t im B\u00fcro steigert - Organisator\" \/>\n<meta property=\"og:description\" content=\"Ergonomie am Arbeitsplatz ist deutlich mehr als nur ein kurzfristiger Trend. Untersch\u00e4tzt wird aber immer noch die Rolle der Sehleistung.\" \/>\n<meta property=\"og:url\" content=\"https:\/\/www.organisator.ch\/it\/risorse-umane\/2026-03-06\/ergonomie-am-arbeitsplatz-warum-die-richtige-brille-die-produktivitaet-im-buero-steigert\/\" \/>\n<meta property=\"og:site_name\" content=\"Organisator\" \/>\n<meta property=\"article:publisher\" content=\"https:\/\/www.facebook.com\/OrganisatorFachmagazin\" \/>\n<meta property=\"article:published_time\" content=\"2026-03-06T13:10:46+00:00\" \/>\n<meta property=\"article:modified_time\" content=\"2026-03-06T13:14:25+00:00\" \/>\n<meta property=\"og:image\" content=\"https:\/\/www.organisator.ch\/wp-content\/uploads\/2026\/02\/Ergonomie-am-Arbeitsplatz-Warum-die-richtige-Brille-die-Produktivitaet-im-Buero-steigert_Organisator.jpg\" \/>\n\t<meta property=\"og:image:width\" content=\"680\" \/>\n\t<meta property=\"og:image:height\" content=\"498\" \/>\n\t<meta property=\"og:image:type\" content=\"image\/jpeg\" \/>\n<meta name=\"author\" content=\"thomas.berner\" \/>\n<meta name=\"twitter:card\" content=\"summary_large_image\" \/>\n<script type=\"application\/ld+json\" class=\"yoast-schema-graph\">{\"@context\":\"https:\\\/\\\/schema.org\",\"@graph\":[{\"@type\":\"Article\",\"@id\":\"https:\\\/\\\/www.organisator.ch\\\/human-resources\\\/2026-03-06\\\/ergonomie-am-arbeitsplatz-warum-die-richtige-brille-die-produktivitaet-im-buero-steigert\\\/#article\",\"isPartOf\":{\"@id\":\"https:\\\/\\\/www.organisator.ch\\\/human-resources\\\/2026-03-06\\\/ergonomie-am-arbeitsplatz-warum-die-richtige-brille-die-produktivitaet-im-buero-steigert\\\/\"},\"author\":{\"name\":\"thomas.berner\",\"@id\":\"https:\\\/\\\/www.organisator.ch\\\/#\\\/schema\\\/person\\\/6f650f90b2842cd4c0cc334b4e36f67e\"},\"headline\":\"Ergonomie am Arbeitsplatz: Warum die richtige Brille die Produktivit\u00e4t im B\u00fcro steigert\",\"datePublished\":\"2026-03-06T13:10:46+00:00\",\"dateModified\":\"2026-03-06T13:14:25+00:00\",\"mainEntityOfPage\":{\"@id\":\"https:\\\/\\\/www.organisator.ch\\\/human-resources\\\/2026-03-06\\\/ergonomie-am-arbeitsplatz-warum-die-richtige-brille-die-produktivitaet-im-buero-steigert\\\/\"},\"wordCount\":668,\"publisher\":{\"@id\":\"https:\\\/\\\/www.organisator.ch\\\/#organization\"},\"image\":{\"@id\":\"https:\\\/\\\/www.organisator.ch\\\/human-resources\\\/2026-03-06\\\/ergonomie-am-arbeitsplatz-warum-die-richtige-brille-die-produktivitaet-im-buero-steigert\\\/#primaryimage\"},\"thumbnailUrl\":\"https:\\\/\\\/www.organisator.ch\\\/wp-content\\\/uploads\\\/2026\\\/02\\\/Ergonomie-am-Arbeitsplatz-Warum-die-richtige-Brille-die-Produktivitaet-im-Buero-steigert_Organisator.jpg\",\"keywords\":[\"Arbeitsplatzgestaltung\",\"Ergonomie\",\"Sehen\"],\"articleSection\":[\"HUMAN RESOURCES\"],\"inLanguage\":\"it-IT\"},{\"@type\":\"WebPage\",\"@id\":\"https:\\\/\\\/www.organisator.ch\\\/human-resources\\\/2026-03-06\\\/ergonomie-am-arbeitsplatz-warum-die-richtige-brille-die-produktivitaet-im-buero-steigert\\\/\",\"url\":\"https:\\\/\\\/www.organisator.ch\\\/human-resources\\\/2026-03-06\\\/ergonomie-am-arbeitsplatz-warum-die-richtige-brille-die-produktivitaet-im-buero-steigert\\\/\",\"name\":\"Ergonomie am Arbeitsplatz: Warum die richtige Brille die Produktivit\u00e4t im B\u00fcro steigert - Organisator\",\"isPartOf\":{\"@id\":\"https:\\\/\\\/www.organisator.ch\\\/#website\"},\"primaryImageOfPage\":{\"@id\":\"https:\\\/\\\/www.organisator.ch\\\/human-resources\\\/2026-03-06\\\/ergonomie-am-arbeitsplatz-warum-die-richtige-brille-die-produktivitaet-im-buero-steigert\\\/#primaryimage\"},\"image\":{\"@id\":\"https:\\\/\\\/www.organisator.ch\\\/human-resources\\\/2026-03-06\\\/ergonomie-am-arbeitsplatz-warum-die-richtige-brille-die-produktivitaet-im-buero-steigert\\\/#primaryimage\"},\"thumbnailUrl\":\"https:\\\/\\\/www.organisator.ch\\\/wp-content\\\/uploads\\\/2026\\\/02\\\/Ergonomie-am-Arbeitsplatz-Warum-die-richtige-Brille-die-Produktivitaet-im-Buero-steigert_Organisator.jpg\",\"datePublished\":\"2026-03-06T13:10:46+00:00\",\"dateModified\":\"2026-03-06T13:14:25+00:00\",\"description\":\"Ergonomie am Arbeitsplatz ist deutlich mehr als nur ein kurzfristiger Trend. Untersch\u00e4tzt wird aber immer noch die Rolle der Sehleistung.\",\"breadcrumb\":{\"@id\":\"https:\\\/\\\/www.organisator.ch\\\/human-resources\\\/2026-03-06\\\/ergonomie-am-arbeitsplatz-warum-die-richtige-brille-die-produktivitaet-im-buero-steigert\\\/#breadcrumb\"},\"inLanguage\":\"it-IT\",\"potentialAction\":[{\"@type\":\"ReadAction\",\"target\":[\"https:\\\/\\\/www.organisator.ch\\\/human-resources\\\/2026-03-06\\\/ergonomie-am-arbeitsplatz-warum-die-richtige-brille-die-produktivitaet-im-buero-steigert\\\/\"]}]},{\"@type\":\"ImageObject\",\"inLanguage\":\"it-IT\",\"@id\":\"https:\\\/\\\/www.organisator.ch\\\/human-resources\\\/2026-03-06\\\/ergonomie-am-arbeitsplatz-warum-die-richtige-brille-die-produktivitaet-im-buero-steigert\\\/#primaryimage\",\"url\":\"https:\\\/\\\/www.organisator.ch\\\/wp-content\\\/uploads\\\/2026\\\/02\\\/Ergonomie-am-Arbeitsplatz-Warum-die-richtige-Brille-die-Produktivitaet-im-Buero-steigert_Organisator.jpg\",\"contentUrl\":\"https:\\\/\\\/www.organisator.ch\\\/wp-content\\\/uploads\\\/2026\\\/02\\\/Ergonomie-am-Arbeitsplatz-Warum-die-richtige-Brille-die-Produktivitaet-im-Buero-steigert_Organisator.jpg\",\"width\":680,\"height\":498,\"caption\":\"Mit einer Arbeitsplatzbrille die Augen schonen und entlasten. (Bild: KI-generiert mit Google Gemini)\"},{\"@type\":\"BreadcrumbList\",\"@id\":\"https:\\\/\\\/www.organisator.ch\\\/human-resources\\\/2026-03-06\\\/ergonomie-am-arbeitsplatz-warum-die-richtige-brille-die-produktivitaet-im-buero-steigert\\\/#breadcrumb\",\"itemListElement\":[{\"@type\":\"ListItem\",\"position\":1,\"name\":\"Home\",\"item\":\"https:\\\/\\\/www.organisator.ch\\\/\"},{\"@type\":\"ListItem\",\"position\":2,\"name\":\"Ergonomie am Arbeitsplatz: Warum die richtige Brille die Produktivit\u00e4t im B\u00fcro steigert\"}]},{\"@type\":\"WebSite\",\"@id\":\"https:\\\/\\\/www.organisator.ch\\\/#website\",\"url\":\"https:\\\/\\\/www.organisator.ch\\\/\",\"name\":\"Organisator\",\"description\":\"Kompetent. Praxisnah. Der ORGANISATOR bereitet in 10 Ausgaben pro Jahr die wesentlichen Themen f\u00fcr F\u00fchrungskr\u00e4fte von KMU auf.\",\"publisher\":{\"@id\":\"https:\\\/\\\/www.organisator.ch\\\/#organization\"},\"potentialAction\":[{\"@type\":\"SearchAction\",\"target\":{\"@type\":\"EntryPoint\",\"urlTemplate\":\"https:\\\/\\\/www.organisator.ch\\\/?s={search_term_string}\"},\"query-input\":{\"@type\":\"PropertyValueSpecification\",\"valueRequired\":true,\"valueName\":\"search_term_string\"}}],\"inLanguage\":\"it-IT\"},{\"@type\":\"Organization\",\"@id\":\"https:\\\/\\\/www.organisator.ch\\\/#organization\",\"name\":\"Organisator\",\"url\":\"https:\\\/\\\/www.organisator.ch\\\/\",\"logo\":{\"@type\":\"ImageObject\",\"inLanguage\":\"it-IT\",\"@id\":\"https:\\\/\\\/www.organisator.ch\\\/#\\\/schema\\\/logo\\\/image\\\/\",\"url\":\"https:\\\/\\\/www.organisator.ch\\\/wp-content\\\/uploads\\\/2022\\\/01\\\/Logo_Organisator_Website.png\",\"contentUrl\":\"https:\\\/\\\/www.organisator.ch\\\/wp-content\\\/uploads\\\/2022\\\/01\\\/Logo_Organisator_Website.png\",\"width\":800,\"height\":77,\"caption\":\"Organisator\"},\"image\":{\"@id\":\"https:\\\/\\\/www.organisator.ch\\\/#\\\/schema\\\/logo\\\/image\\\/\"},\"sameAs\":[\"https:\\\/\\\/www.facebook.com\\\/OrganisatorFachmagazin\",\"https:\\\/\\\/www.linkedin.com\\\/showcase\\\/organisator-das-magazin-fr-kmu\",\"https:\\\/\\\/www.xing.com\\\/news\\\/pages\\\/organisator-ch-695\",\"https:\\\/\\\/www.youtube.com\\\/channel\\\/UCGP2Sq0iWaZwT3BdIAQFYpw\"]},{\"@type\":\"Person\",\"@id\":\"https:\\\/\\\/www.organisator.ch\\\/#\\\/schema\\\/person\\\/6f650f90b2842cd4c0cc334b4e36f67e\",\"name\":\"thomas.berner\",\"image\":{\"@type\":\"ImageObject\",\"inLanguage\":\"it-IT\",\"@id\":\"https:\\\/\\\/secure.gravatar.com\\\/avatar\\\/ac5001d2a36cb6c6cd3e50789007ffca834b477b74a2144564522e944eabff61?s=96&d=mm&r=g\",\"url\":\"https:\\\/\\\/secure.gravatar.com\\\/avatar\\\/ac5001d2a36cb6c6cd3e50789007ffca834b477b74a2144564522e944eabff61?s=96&d=mm&r=g\",\"contentUrl\":\"https:\\\/\\\/secure.gravatar.com\\\/avatar\\\/ac5001d2a36cb6c6cd3e50789007ffca834b477b74a2144564522e944eabff61?s=96&d=mm&r=g\",\"caption\":\"thomas.berner\"},\"url\":\"https:\\\/\\\/www.organisator.ch\\\/it\\\/author\\\/thomas-berner\\\/\"}]}<\/script>\n<!-- \/ Yoast SEO plugin. -->","yoast_head_json":{"title":"Ergonomia sul posto di lavoro: perch\u00e9 gli occhiali giusti aumentano la produttivit\u00e0 in ufficio - Organizer","description":"L'ergonomia sul posto di lavoro \u00e8 molto pi\u00f9 di una tendenza a breve termine. Tuttavia, il ruolo delle prestazioni visive \u00e8 ancora sottovalutato.","robots":{"index":"index","follow":"follow","max-snippet":"max-snippet:-1","max-image-preview":"max-image-preview:large","max-video-preview":"max-video-preview:-1"},"canonical":"https:\/\/www.organisator.ch\/it\/risorse-umane\/2026-03-06\/ergonomie-am-arbeitsplatz-warum-die-richtige-brille-die-produktivitaet-im-buero-steigert\/","og_locale":"it_IT","og_type":"article","og_title":"Ergonomie am Arbeitsplatz: Warum die richtige Brille die Produktivit\u00e4t im B\u00fcro steigert - Organisator","og_description":"Ergonomie am Arbeitsplatz ist deutlich mehr als nur ein kurzfristiger Trend. Untersch\u00e4tzt wird aber immer noch die Rolle der Sehleistung.","og_url":"https:\/\/www.organisator.ch\/it\/risorse-umane\/2026-03-06\/ergonomie-am-arbeitsplatz-warum-die-richtige-brille-die-produktivitaet-im-buero-steigert\/","og_site_name":"Organisator","article_publisher":"https:\/\/www.facebook.com\/OrganisatorFachmagazin","article_published_time":"2026-03-06T13:10:46+00:00","article_modified_time":"2026-03-06T13:14:25+00:00","og_image":[{"width":680,"height":498,"url":"https:\/\/www.organisator.ch\/wp-content\/uploads\/2026\/02\/Ergonomie-am-Arbeitsplatz-Warum-die-richtige-Brille-die-Produktivitaet-im-Buero-steigert_Organisator.jpg","type":"image\/jpeg"}],"author":"thomas.berner","twitter_card":"summary_large_image","schema":{"@context":"https:\/\/schema.org","@graph":[{"@type":"Article","@id":"https:\/\/www.organisator.ch\/human-resources\/2026-03-06\/ergonomie-am-arbeitsplatz-warum-die-richtige-brille-die-produktivitaet-im-buero-steigert\/#article","isPartOf":{"@id":"https:\/\/www.organisator.ch\/human-resources\/2026-03-06\/ergonomie-am-arbeitsplatz-warum-die-richtige-brille-die-produktivitaet-im-buero-steigert\/"},"author":{"name":"thomas.berner","@id":"https:\/\/www.organisator.ch\/#\/schema\/person\/6f650f90b2842cd4c0cc334b4e36f67e"},"headline":"Ergonomie am Arbeitsplatz: Warum die richtige Brille die Produktivit\u00e4t im B\u00fcro steigert","datePublished":"2026-03-06T13:10:46+00:00","dateModified":"2026-03-06T13:14:25+00:00","mainEntityOfPage":{"@id":"https:\/\/www.organisator.ch\/human-resources\/2026-03-06\/ergonomie-am-arbeitsplatz-warum-die-richtige-brille-die-produktivitaet-im-buero-steigert\/"},"wordCount":668,"publisher":{"@id":"https:\/\/www.organisator.ch\/#organization"},"image":{"@id":"https:\/\/www.organisator.ch\/human-resources\/2026-03-06\/ergonomie-am-arbeitsplatz-warum-die-richtige-brille-die-produktivitaet-im-buero-steigert\/#primaryimage"},"thumbnailUrl":"https:\/\/www.organisator.ch\/wp-content\/uploads\/2026\/02\/Ergonomie-am-Arbeitsplatz-Warum-die-richtige-Brille-die-Produktivitaet-im-Buero-steigert_Organisator.jpg","keywords":["Arbeitsplatzgestaltung","Ergonomie","Sehen"],"articleSection":["HUMAN RESOURCES"],"inLanguage":"it-IT"},{"@type":"WebPage","@id":"https:\/\/www.organisator.ch\/human-resources\/2026-03-06\/ergonomie-am-arbeitsplatz-warum-die-richtige-brille-die-produktivitaet-im-buero-steigert\/","url":"https:\/\/www.organisator.ch\/human-resources\/2026-03-06\/ergonomie-am-arbeitsplatz-warum-die-richtige-brille-die-produktivitaet-im-buero-steigert\/","name":"Ergonomia sul posto di lavoro: perch\u00e9 gli occhiali giusti aumentano la produttivit\u00e0 in ufficio - Organizer","isPartOf":{"@id":"https:\/\/www.organisator.ch\/#website"},"primaryImageOfPage":{"@id":"https:\/\/www.organisator.ch\/human-resources\/2026-03-06\/ergonomie-am-arbeitsplatz-warum-die-richtige-brille-die-produktivitaet-im-buero-steigert\/#primaryimage"},"image":{"@id":"https:\/\/www.organisator.ch\/human-resources\/2026-03-06\/ergonomie-am-arbeitsplatz-warum-die-richtige-brille-die-produktivitaet-im-buero-steigert\/#primaryimage"},"thumbnailUrl":"https:\/\/www.organisator.ch\/wp-content\/uploads\/2026\/02\/Ergonomie-am-Arbeitsplatz-Warum-die-richtige-Brille-die-Produktivitaet-im-Buero-steigert_Organisator.jpg","datePublished":"2026-03-06T13:10:46+00:00","dateModified":"2026-03-06T13:14:25+00:00","description":"L'ergonomia sul posto di lavoro \u00e8 molto pi\u00f9 di una tendenza a breve termine. Tuttavia, il ruolo delle prestazioni visive \u00e8 ancora sottovalutato.","breadcrumb":{"@id":"https:\/\/www.organisator.ch\/human-resources\/2026-03-06\/ergonomie-am-arbeitsplatz-warum-die-richtige-brille-die-produktivitaet-im-buero-steigert\/#breadcrumb"},"inLanguage":"it-IT","potentialAction":[{"@type":"ReadAction","target":["https:\/\/www.organisator.ch\/human-resources\/2026-03-06\/ergonomie-am-arbeitsplatz-warum-die-richtige-brille-die-produktivitaet-im-buero-steigert\/"]}]},{"@type":"ImageObject","inLanguage":"it-IT","@id":"https:\/\/www.organisator.ch\/human-resources\/2026-03-06\/ergonomie-am-arbeitsplatz-warum-die-richtige-brille-die-produktivitaet-im-buero-steigert\/#primaryimage","url":"https:\/\/www.organisator.ch\/wp-content\/uploads\/2026\/02\/Ergonomie-am-Arbeitsplatz-Warum-die-richtige-Brille-die-Produktivitaet-im-Buero-steigert_Organisator.jpg","contentUrl":"https:\/\/www.organisator.ch\/wp-content\/uploads\/2026\/02\/Ergonomie-am-Arbeitsplatz-Warum-die-richtige-Brille-die-Produktivitaet-im-Buero-steigert_Organisator.jpg","width":680,"height":498,"caption":"Mit einer Arbeitsplatzbrille die Augen schonen und entlasten. (Bild: KI-generiert mit Google Gemini)"},{"@type":"BreadcrumbList","@id":"https:\/\/www.organisator.ch\/human-resources\/2026-03-06\/ergonomie-am-arbeitsplatz-warum-die-richtige-brille-die-produktivitaet-im-buero-steigert\/#breadcrumb","itemListElement":[{"@type":"ListItem","position":1,"name":"Home","item":"https:\/\/www.organisator.ch\/"},{"@type":"ListItem","position":2,"name":"Ergonomie am Arbeitsplatz: Warum die richtige Brille die Produktivit\u00e4t im B\u00fcro steigert"}]},{"@type":"WebSite","@id":"https:\/\/www.organisator.ch\/#website","url":"https:\/\/www.organisator.ch\/","name":"Organizzatore","description":"Competente. Pratico. In 10 numeri all'anno, ORGANISATOR presenta i temi essenziali per i manager delle PMI.","publisher":{"@id":"https:\/\/www.organisator.ch\/#organization"},"potentialAction":[{"@type":"SearchAction","target":{"@type":"EntryPoint","urlTemplate":"https:\/\/www.organisator.ch\/?s={search_term_string}"},"query-input":{"@type":"PropertyValueSpecification","valueRequired":true,"valueName":"search_term_string"}}],"inLanguage":"it-IT"},{"@type":"Organization","@id":"https:\/\/www.organisator.ch\/#organization","name":"Organizzatore","url":"https:\/\/www.organisator.ch\/","logo":{"@type":"ImageObject","inLanguage":"it-IT","@id":"https:\/\/www.organisator.ch\/#\/schema\/logo\/image\/","url":"https:\/\/www.organisator.ch\/wp-content\/uploads\/2022\/01\/Logo_Organisator_Website.png","contentUrl":"https:\/\/www.organisator.ch\/wp-content\/uploads\/2022\/01\/Logo_Organisator_Website.png","width":800,"height":77,"caption":"Organisator"},"image":{"@id":"https:\/\/www.organisator.ch\/#\/schema\/logo\/image\/"},"sameAs":["https:\/\/www.facebook.com\/OrganisatorFachmagazin","https:\/\/www.linkedin.com\/showcase\/organisator-das-magazin-fr-kmu","https:\/\/www.xing.com\/news\/pages\/organisator-ch-695","https:\/\/www.youtube.com\/channel\/UCGP2Sq0iWaZwT3BdIAQFYpw"]},{"@type":"Person","@id":"https:\/\/www.organisator.ch\/#\/schema\/person\/6f650f90b2842cd4c0cc334b4e36f67e","name":"Tommaso.berner","image":{"@type":"ImageObject","inLanguage":"it-IT","@id":"https:\/\/secure.gravatar.com\/avatar\/ac5001d2a36cb6c6cd3e50789007ffca834b477b74a2144564522e944eabff61?s=96&d=mm&r=g","url":"https:\/\/secure.gravatar.com\/avatar\/ac5001d2a36cb6c6cd3e50789007ffca834b477b74a2144564522e944eabff61?s=96&d=mm&r=g","contentUrl":"https:\/\/secure.gravatar.com\/avatar\/ac5001d2a36cb6c6cd3e50789007ffca834b477b74a2144564522e944eabff61?s=96&d=mm&r=g","caption":"thomas.berner"},"url":"https:\/\/www.organisator.ch\/it\/author\/thomas-berner\/"}]}},"_links":{"self":[{"href":"https:\/\/www.organisator.ch\/it\/wp-json\/wp\/v2\/posts\/45186","targetHints":{"allow":["GET"]}}],"collection":[{"href":"https:\/\/www.organisator.ch\/it\/wp-json\/wp\/v2\/posts"}],"about":[{"href":"https:\/\/www.organisator.ch\/it\/wp-json\/wp\/v2\/types\/post"}],"author":[{"embeddable":true,"href":"https:\/\/www.organisator.ch\/it\/wp-json\/wp\/v2\/users\/4"}],"replies":[{"embeddable":true,"href":"https:\/\/www.organisator.ch\/it\/wp-json\/wp\/v2\/comments?post=45186"}],"version-history":[{"count":7,"href":"https:\/\/www.organisator.ch\/it\/wp-json\/wp\/v2\/posts\/45186\/revisions"}],"predecessor-version":[{"id":45836,"href":"https:\/\/www.organisator.ch\/it\/wp-json\/wp\/v2\/posts\/45186\/revisions\/45836"}],"wp:featuredmedia":[{"embeddable":true,"href":"https:\/\/www.organisator.ch\/it\/wp-json\/wp\/v2\/media\/45187"}],"wp:attachment":[{"href":"https:\/\/www.organisator.ch\/it\/wp-json\/wp\/v2\/media?parent=45186"}],"wp:term":[{"taxonomy":"category","embeddable":true,"href":"https:\/\/www.organisator.ch\/it\/wp-json\/wp\/v2\/categories?post=45186"},{"taxonomy":"post_tag","embeddable":true,"href":"https:\/\/www.organisator.ch\/it\/wp-json\/wp\/v2\/tags?post=45186"}],"curies":[{"name":"wp","href":"https:\/\/api.w.org\/{rel}","templated":true}]}}