{"id":45189,"date":"2026-02-26T13:50:34","date_gmt":"2026-02-26T12:50:34","guid":{"rendered":"https:\/\/www.m-q.ch\/?p=22530"},"modified":"2026-02-26T14:59:50","modified_gmt":"2026-02-26T13:59:50","slug":"wechsel-in-der-geschaeftsleitung-der-saq","status":"publish","type":"post","link":"https:\/\/www.organisator.ch\/it\/management\/2026-02-26\/wechsel-in-der-geschaeftsleitung-der-saq\/","title":{"rendered":"Cambiamento nella gestione di SAQ"},"content":{"rendered":"<figure id=\"attachment_22531\" class=\"wp-caption alignnone\" style=\"width: 680px;\" aria-describedby=\"caption-attachment-22531\"><img class=\"size-full wp-image-22531\" src=\"https:\/\/www.m-q.ch\/wp-content\/uploads\/2026\/02\/Wechsel-in-der-Geschaeftsleitung-der-SAQ_MQ.jpg\" sizes=\"(max-width: 680px) 100vw, 680px\" srcset=\"https:\/\/www.m-q.ch\/wp-content\/uploads\/2026\/02\/Wechsel-in-der-Geschaeftsleitung-der-SAQ_MQ.jpg 680w, https:\/\/www.m-q.ch\/wp-content\/uploads\/2026\/02\/Wechsel-in-der-Geschaeftsleitung-der-SAQ_MQ-18x12.jpg 18w, https:\/\/www.m-q.ch\/wp-content\/uploads\/2026\/02\/Wechsel-in-der-Geschaeftsleitung-der-SAQ_MQ-375x234.jpg 375w, https:\/\/www.m-q.ch\/wp-content\/uploads\/2026\/02\/Wechsel-in-der-Geschaeftsleitung-der-SAQ_MQ-560x350.jpg 560w\" alt=\"\" width=\"680\" height=\"425\" \/>\r\n<figcaption id=\"caption-attachment-22531\" class=\"wp-caption-text\">Prisca Zammaretti lascia SAQ. (Immagine: SAQ)<\/figcaption>\r\n<\/figure>\r\n<p>La dott.ssa Prisca Zammaretti \u00e8 direttore generale dell'Associazione Svizzera per la Qualit\u00e0 SAQ dal febbraio 2021. Nata in Ticino, ha portato con s\u00e9 un bagaglio di conoscenze nel campo della qualit\u00e0 e della compliance, acquisite nel corso della sua carriera professionale, anche nei settori alimentare e farmaceutico. Dopo aver lavorato per SAQ per poco pi\u00f9 di tre anni, lascer\u00e0 l'associazione per affrontare una nuova sfida professionale. \u00abSiamo molto dispiaciuti per la sua decisione e la ringraziamo calorosamente per il suo grande impegno e per la collaborazione fiduciosa con i nostri clienti e le nostre organizzazioni partner\u00bb, scrive Ursula Grunder, presidente del Consiglio centrale, in una lettera ai membri e ai partner del SAQ.<\/p>\r\n<p>\u00c8 iniziata la ricerca del successore di Prisca Zammaretti. Fino a quando il posto non sar\u00e0 occupato, Daniel Meyer e Ana Nadal, con il sostegno di Ursula Grunder, Presidente del Consiglio di amministrazione, assumeranno ad interim la gestione operativa. In questo modo si garantisce la continuit\u00e0 della gestione e la prosecuzione di tutti i progetti e le cooperazioni in corso, prosegue il SAQ.<\/p>\r\n<p><em>Ulteriori informazioni: <a href=\"http:\/\/www.saq.ch\/\">www.saq.ch<\/a><\/em><\/p>\n<p class=\"syndicated-attribution\">Questo articolo \u00e8 apparso originariamente su m-q.ch - <a href=\"https:\/\/www.m-q.ch\/de\/wechsel-in-der-geschaeftsleitung-der-saq\/\" target=\"_blank\">https:\/\/www.m-q.ch\/de\/wechsel-in-der-geschaeftsleitung-der-saq\/<\/a><\/p>","protected":false},"excerpt":{"rendered":"<p>La direzione dell'Associazione svizzera per la qualit\u00e0 SAQ cambier\u00e0: la direttrice Prisca Zammaretti lascer\u00e0 l'associazione il 1\u00b0 maggio 2026.<\/p>","protected":false},"author":8,"featured_media":0,"comment_status":"closed","ping_status":"closed","sticky":false,"template":"","format":"standard","meta":{"_acf_changed":false,"_yoast_wpseo_focuskw":"Prisca Zammaretti","_yoast_wpseo_metadesc":"Die Gesch\u00e4ftsf\u00fchrerin Dr. Prisca Zammaretti wird die SAQ Swiss Association for Quality per 1. Mai 2026 verlassen.","articlekey":"","footnotes":""},"categories":[28],"tags":[103,335,381,2050,503],"class_list":["post-45189","post","type-post","status-publish","format-standard","hentry","category-management","tag-business-excellence","tag-management-und-unternehmensfuehrung","tag-personalia","tag-saq","tag-verbaende"],"acf":[],"yoast_head":"<!-- This site is optimized with the Yoast SEO plugin v27.4 - https:\/\/yoast.com\/product\/yoast-seo-wordpress\/ -->\n<title>Wechsel in der Gesch\u00e4ftsleitung der SAQ - Organisator<\/title>\n<meta name=\"description\" content=\"Die Gesch\u00e4ftsf\u00fchrerin Dr. Prisca Zammaretti wird die SAQ Swiss Association for Quality per 1. Mai 2026 verlassen.\" \/>\n<meta name=\"robots\" content=\"index, follow, max-snippet:-1, max-image-preview:large, max-video-preview:-1\" \/>\n<link rel=\"canonical\" href=\"https:\/\/www.organisator.ch\/it\/gestione-2\/2026-02-26\/wechsel-in-der-geschaeftsleitung-der-saq\/\" \/>\n<meta property=\"og:locale\" content=\"it_IT\" \/>\n<meta property=\"og:type\" content=\"article\" \/>\n<meta property=\"og:title\" content=\"Wechsel in der Gesch\u00e4ftsleitung der SAQ - Organisator\" \/>\n<meta property=\"og:description\" content=\"Die Gesch\u00e4ftsf\u00fchrerin Dr. Prisca Zammaretti wird die SAQ Swiss Association for Quality per 1. Mai 2026 verlassen.\" \/>\n<meta property=\"og:url\" content=\"https:\/\/www.organisator.ch\/it\/gestione-2\/2026-02-26\/wechsel-in-der-geschaeftsleitung-der-saq\/\" \/>\n<meta property=\"og:site_name\" content=\"Organisator\" \/>\n<meta property=\"article:publisher\" content=\"https:\/\/www.facebook.com\/OrganisatorFachmagazin\" \/>\n<meta property=\"article:published_time\" content=\"2026-02-26T12:50:34+00:00\" \/>\n<meta property=\"article:modified_time\" content=\"2026-02-26T13:59:50+00:00\" \/>\n<meta property=\"og:image\" content=\"https:\/\/www.organisator.ch\/wp-content\/uploads\/2023\/10\/Depositphotos_Rundstedt_ps1-1.jpg\" \/>\n\t<meta property=\"og:image:width\" content=\"680\" \/>\n\t<meta property=\"og:image:height\" content=\"454\" \/>\n\t<meta property=\"og:image:type\" content=\"image\/jpeg\" \/>\n<meta name=\"author\" content=\"galledia\" \/>\n<meta name=\"twitter:card\" content=\"summary_large_image\" \/>\n<meta name=\"twitter:creator\" content=\"@admin\" \/>\n<script type=\"application\/ld+json\" class=\"yoast-schema-graph\">{\"@context\":\"https:\\\/\\\/schema.org\",\"@graph\":[{\"@type\":\"Article\",\"@id\":\"https:\\\/\\\/www.organisator.ch\\\/management\\\/2026-02-26\\\/wechsel-in-der-geschaeftsleitung-der-saq\\\/#article\",\"isPartOf\":{\"@id\":\"https:\\\/\\\/www.organisator.ch\\\/management\\\/2026-02-26\\\/wechsel-in-der-geschaeftsleitung-der-saq\\\/\"},\"author\":{\"name\":\"galledia\",\"@id\":\"https:\\\/\\\/www.organisator.ch\\\/#\\\/schema\\\/person\\\/4e51799071cd2dd1232ac003643ef5f0\"},\"headline\":\"Wechsel in der Gesch\u00e4ftsleitung der SAQ\",\"datePublished\":\"2026-02-26T12:50:34+00:00\",\"dateModified\":\"2026-02-26T13:59:50+00:00\",\"mainEntityOfPage\":{\"@id\":\"https:\\\/\\\/www.organisator.ch\\\/management\\\/2026-02-26\\\/wechsel-in-der-geschaeftsleitung-der-saq\\\/\"},\"wordCount\":187,\"publisher\":{\"@id\":\"https:\\\/\\\/www.organisator.ch\\\/#organization\"},\"image\":{\"@id\":\"https:\\\/\\\/www.organisator.ch\\\/management\\\/2026-02-26\\\/wechsel-in-der-geschaeftsleitung-der-saq\\\/#primaryimage\"},\"thumbnailUrl\":\"https:\\\/\\\/www.m-q.ch\\\/wp-content\\\/uploads\\\/2026\\\/02\\\/Wechsel-in-der-Geschaeftsleitung-der-SAQ_MQ.jpg\",\"keywords\":[\"Business Excellence\",\"Management und Unternehmensf\u00fchrung\",\"Personalia\",\"SAQ\",\"Verb\u00e4nde\"],\"articleSection\":[\"MANAGEMENT\"],\"inLanguage\":\"it-IT\"},{\"@type\":\"WebPage\",\"@id\":\"https:\\\/\\\/www.organisator.ch\\\/management\\\/2026-02-26\\\/wechsel-in-der-geschaeftsleitung-der-saq\\\/\",\"url\":\"https:\\\/\\\/www.organisator.ch\\\/management\\\/2026-02-26\\\/wechsel-in-der-geschaeftsleitung-der-saq\\\/\",\"name\":\"Wechsel in der Gesch\u00e4ftsleitung der SAQ - Organisator\",\"isPartOf\":{\"@id\":\"https:\\\/\\\/www.organisator.ch\\\/#website\"},\"primaryImageOfPage\":{\"@id\":\"https:\\\/\\\/www.organisator.ch\\\/management\\\/2026-02-26\\\/wechsel-in-der-geschaeftsleitung-der-saq\\\/#primaryimage\"},\"image\":{\"@id\":\"https:\\\/\\\/www.organisator.ch\\\/management\\\/2026-02-26\\\/wechsel-in-der-geschaeftsleitung-der-saq\\\/#primaryimage\"},\"thumbnailUrl\":\"https:\\\/\\\/www.m-q.ch\\\/wp-content\\\/uploads\\\/2026\\\/02\\\/Wechsel-in-der-Geschaeftsleitung-der-SAQ_MQ.jpg\",\"datePublished\":\"2026-02-26T12:50:34+00:00\",\"dateModified\":\"2026-02-26T13:59:50+00:00\",\"description\":\"Die Gesch\u00e4ftsf\u00fchrerin Dr. Prisca Zammaretti wird die SAQ Swiss Association for Quality per 1. Mai 2026 verlassen.\",\"breadcrumb\":{\"@id\":\"https:\\\/\\\/www.organisator.ch\\\/management\\\/2026-02-26\\\/wechsel-in-der-geschaeftsleitung-der-saq\\\/#breadcrumb\"},\"inLanguage\":\"it-IT\",\"potentialAction\":[{\"@type\":\"ReadAction\",\"target\":[\"https:\\\/\\\/www.organisator.ch\\\/management\\\/2026-02-26\\\/wechsel-in-der-geschaeftsleitung-der-saq\\\/\"]}]},{\"@type\":\"ImageObject\",\"inLanguage\":\"it-IT\",\"@id\":\"https:\\\/\\\/www.organisator.ch\\\/management\\\/2026-02-26\\\/wechsel-in-der-geschaeftsleitung-der-saq\\\/#primaryimage\",\"url\":\"https:\\\/\\\/www.m-q.ch\\\/wp-content\\\/uploads\\\/2026\\\/02\\\/Wechsel-in-der-Geschaeftsleitung-der-SAQ_MQ.jpg\",\"contentUrl\":\"https:\\\/\\\/www.m-q.ch\\\/wp-content\\\/uploads\\\/2026\\\/02\\\/Wechsel-in-der-Geschaeftsleitung-der-SAQ_MQ.jpg\"},{\"@type\":\"BreadcrumbList\",\"@id\":\"https:\\\/\\\/www.organisator.ch\\\/management\\\/2026-02-26\\\/wechsel-in-der-geschaeftsleitung-der-saq\\\/#breadcrumb\",\"itemListElement\":[{\"@type\":\"ListItem\",\"position\":1,\"name\":\"Home\",\"item\":\"https:\\\/\\\/www.organisator.ch\\\/\"},{\"@type\":\"ListItem\",\"position\":2,\"name\":\"Wechsel in der Gesch\u00e4ftsleitung der SAQ\"}]},{\"@type\":\"WebSite\",\"@id\":\"https:\\\/\\\/www.organisator.ch\\\/#website\",\"url\":\"https:\\\/\\\/www.organisator.ch\\\/\",\"name\":\"Organisator\",\"description\":\"Kompetent. Praxisnah. Der ORGANISATOR bereitet in 10 Ausgaben pro Jahr die wesentlichen Themen f\u00fcr F\u00fchrungskr\u00e4fte von KMU auf.\",\"publisher\":{\"@id\":\"https:\\\/\\\/www.organisator.ch\\\/#organization\"},\"potentialAction\":[{\"@type\":\"SearchAction\",\"target\":{\"@type\":\"EntryPoint\",\"urlTemplate\":\"https:\\\/\\\/www.organisator.ch\\\/?s={search_term_string}\"},\"query-input\":{\"@type\":\"PropertyValueSpecification\",\"valueRequired\":true,\"valueName\":\"search_term_string\"}}],\"inLanguage\":\"it-IT\"},{\"@type\":\"Organization\",\"@id\":\"https:\\\/\\\/www.organisator.ch\\\/#organization\",\"name\":\"Organisator\",\"url\":\"https:\\\/\\\/www.organisator.ch\\\/\",\"logo\":{\"@type\":\"ImageObject\",\"inLanguage\":\"it-IT\",\"@id\":\"https:\\\/\\\/www.organisator.ch\\\/#\\\/schema\\\/logo\\\/image\\\/\",\"url\":\"https:\\\/\\\/www.organisator.ch\\\/wp-content\\\/uploads\\\/2022\\\/01\\\/Logo_Organisator_Website.png\",\"contentUrl\":\"https:\\\/\\\/www.organisator.ch\\\/wp-content\\\/uploads\\\/2022\\\/01\\\/Logo_Organisator_Website.png\",\"width\":800,\"height\":77,\"caption\":\"Organisator\"},\"image\":{\"@id\":\"https:\\\/\\\/www.organisator.ch\\\/#\\\/schema\\\/logo\\\/image\\\/\"},\"sameAs\":[\"https:\\\/\\\/www.facebook.com\\\/OrganisatorFachmagazin\",\"https:\\\/\\\/www.linkedin.com\\\/showcase\\\/organisator-das-magazin-fr-kmu\",\"https:\\\/\\\/www.xing.com\\\/news\\\/pages\\\/organisator-ch-695\",\"https:\\\/\\\/www.youtube.com\\\/channel\\\/UCGP2Sq0iWaZwT3BdIAQFYpw\"]},{\"@type\":\"Person\",\"@id\":\"https:\\\/\\\/www.organisator.ch\\\/#\\\/schema\\\/person\\\/4e51799071cd2dd1232ac003643ef5f0\",\"name\":\"galledia\",\"image\":{\"@type\":\"ImageObject\",\"inLanguage\":\"it-IT\",\"@id\":\"https:\\\/\\\/secure.gravatar.com\\\/avatar\\\/78a7f90c01fc2bfc875782a0d4922b37cde2cf184ce347b91316d23cd7f69a36?s=96&d=mm&r=g\",\"url\":\"https:\\\/\\\/secure.gravatar.com\\\/avatar\\\/78a7f90c01fc2bfc875782a0d4922b37cde2cf184ce347b91316d23cd7f69a36?s=96&d=mm&r=g\",\"contentUrl\":\"https:\\\/\\\/secure.gravatar.com\\\/avatar\\\/78a7f90c01fc2bfc875782a0d4922b37cde2cf184ce347b91316d23cd7f69a36?s=96&d=mm&r=g\",\"caption\":\"galledia\"},\"sameAs\":[\"https:\\\/\\\/x.com\\\/admin\"],\"url\":\"https:\\\/\\\/www.organisator.ch\\\/it\\\/author\\\/galledia\\\/\"}]}<\/script>\n<!-- \/ Yoast SEO plugin. -->","yoast_head_json":{"title":"Cambiamento nella gestione del SAQ - Organizzatore","description":"Il direttore generale Prisca Zammaretti lascer\u00e0 l'Associazione svizzera per la qualit\u00e0 SAQ il 1\u00b0 maggio 2026.","robots":{"index":"index","follow":"follow","max-snippet":"max-snippet:-1","max-image-preview":"max-image-preview:large","max-video-preview":"max-video-preview:-1"},"canonical":"https:\/\/www.organisator.ch\/it\/gestione-2\/2026-02-26\/wechsel-in-der-geschaeftsleitung-der-saq\/","og_locale":"it_IT","og_type":"article","og_title":"Wechsel in der Gesch\u00e4ftsleitung der SAQ - Organisator","og_description":"Die Gesch\u00e4ftsf\u00fchrerin Dr. Prisca Zammaretti wird die SAQ Swiss Association for Quality per 1. Mai 2026 verlassen.","og_url":"https:\/\/www.organisator.ch\/it\/gestione-2\/2026-02-26\/wechsel-in-der-geschaeftsleitung-der-saq\/","og_site_name":"Organisator","article_publisher":"https:\/\/www.facebook.com\/OrganisatorFachmagazin","article_published_time":"2026-02-26T12:50:34+00:00","article_modified_time":"2026-02-26T13:59:50+00:00","og_image":[{"width":680,"height":454,"url":"https:\/\/www.organisator.ch\/wp-content\/uploads\/2023\/10\/Depositphotos_Rundstedt_ps1-1.jpg","type":"image\/jpeg"}],"author":"galledia","twitter_card":"summary_large_image","twitter_creator":"@admin","schema":{"@context":"https:\/\/schema.org","@graph":[{"@type":"Article","@id":"https:\/\/www.organisator.ch\/management\/2026-02-26\/wechsel-in-der-geschaeftsleitung-der-saq\/#article","isPartOf":{"@id":"https:\/\/www.organisator.ch\/management\/2026-02-26\/wechsel-in-der-geschaeftsleitung-der-saq\/"},"author":{"name":"galledia","@id":"https:\/\/www.organisator.ch\/#\/schema\/person\/4e51799071cd2dd1232ac003643ef5f0"},"headline":"Wechsel in der Gesch\u00e4ftsleitung der SAQ","datePublished":"2026-02-26T12:50:34+00:00","dateModified":"2026-02-26T13:59:50+00:00","mainEntityOfPage":{"@id":"https:\/\/www.organisator.ch\/management\/2026-02-26\/wechsel-in-der-geschaeftsleitung-der-saq\/"},"wordCount":187,"publisher":{"@id":"https:\/\/www.organisator.ch\/#organization"},"image":{"@id":"https:\/\/www.organisator.ch\/management\/2026-02-26\/wechsel-in-der-geschaeftsleitung-der-saq\/#primaryimage"},"thumbnailUrl":"https:\/\/www.m-q.ch\/wp-content\/uploads\/2026\/02\/Wechsel-in-der-Geschaeftsleitung-der-SAQ_MQ.jpg","keywords":["Business Excellence","Management und Unternehmensf\u00fchrung","Personalia","SAQ","Verb\u00e4nde"],"articleSection":["MANAGEMENT"],"inLanguage":"it-IT"},{"@type":"WebPage","@id":"https:\/\/www.organisator.ch\/management\/2026-02-26\/wechsel-in-der-geschaeftsleitung-der-saq\/","url":"https:\/\/www.organisator.ch\/management\/2026-02-26\/wechsel-in-der-geschaeftsleitung-der-saq\/","name":"Cambiamento nella gestione del SAQ - Organizzatore","isPartOf":{"@id":"https:\/\/www.organisator.ch\/#website"},"primaryImageOfPage":{"@id":"https:\/\/www.organisator.ch\/management\/2026-02-26\/wechsel-in-der-geschaeftsleitung-der-saq\/#primaryimage"},"image":{"@id":"https:\/\/www.organisator.ch\/management\/2026-02-26\/wechsel-in-der-geschaeftsleitung-der-saq\/#primaryimage"},"thumbnailUrl":"https:\/\/www.m-q.ch\/wp-content\/uploads\/2026\/02\/Wechsel-in-der-Geschaeftsleitung-der-SAQ_MQ.jpg","datePublished":"2026-02-26T12:50:34+00:00","dateModified":"2026-02-26T13:59:50+00:00","description":"Il direttore generale Prisca Zammaretti lascer\u00e0 l'Associazione svizzera per la qualit\u00e0 SAQ il 1\u00b0 maggio 2026.","breadcrumb":{"@id":"https:\/\/www.organisator.ch\/management\/2026-02-26\/wechsel-in-der-geschaeftsleitung-der-saq\/#breadcrumb"},"inLanguage":"it-IT","potentialAction":[{"@type":"ReadAction","target":["https:\/\/www.organisator.ch\/management\/2026-02-26\/wechsel-in-der-geschaeftsleitung-der-saq\/"]}]},{"@type":"ImageObject","inLanguage":"it-IT","@id":"https:\/\/www.organisator.ch\/management\/2026-02-26\/wechsel-in-der-geschaeftsleitung-der-saq\/#primaryimage","url":"https:\/\/www.m-q.ch\/wp-content\/uploads\/2026\/02\/Wechsel-in-der-Geschaeftsleitung-der-SAQ_MQ.jpg","contentUrl":"https:\/\/www.m-q.ch\/wp-content\/uploads\/2026\/02\/Wechsel-in-der-Geschaeftsleitung-der-SAQ_MQ.jpg"},{"@type":"BreadcrumbList","@id":"https:\/\/www.organisator.ch\/management\/2026-02-26\/wechsel-in-der-geschaeftsleitung-der-saq\/#breadcrumb","itemListElement":[{"@type":"ListItem","position":1,"name":"Home","item":"https:\/\/www.organisator.ch\/"},{"@type":"ListItem","position":2,"name":"Wechsel in der Gesch\u00e4ftsleitung der SAQ"}]},{"@type":"WebSite","@id":"https:\/\/www.organisator.ch\/#website","url":"https:\/\/www.organisator.ch\/","name":"Organizzatore","description":"Competente. Pratico. In 10 numeri all'anno, ORGANISATOR presenta i temi essenziali per i manager delle PMI.","publisher":{"@id":"https:\/\/www.organisator.ch\/#organization"},"potentialAction":[{"@type":"SearchAction","target":{"@type":"EntryPoint","urlTemplate":"https:\/\/www.organisator.ch\/?s={search_term_string}"},"query-input":{"@type":"PropertyValueSpecification","valueRequired":true,"valueName":"search_term_string"}}],"inLanguage":"it-IT"},{"@type":"Organization","@id":"https:\/\/www.organisator.ch\/#organization","name":"Organizzatore","url":"https:\/\/www.organisator.ch\/","logo":{"@type":"ImageObject","inLanguage":"it-IT","@id":"https:\/\/www.organisator.ch\/#\/schema\/logo\/image\/","url":"https:\/\/www.organisator.ch\/wp-content\/uploads\/2022\/01\/Logo_Organisator_Website.png","contentUrl":"https:\/\/www.organisator.ch\/wp-content\/uploads\/2022\/01\/Logo_Organisator_Website.png","width":800,"height":77,"caption":"Organisator"},"image":{"@id":"https:\/\/www.organisator.ch\/#\/schema\/logo\/image\/"},"sameAs":["https:\/\/www.facebook.com\/OrganisatorFachmagazin","https:\/\/www.linkedin.com\/showcase\/organisator-das-magazin-fr-kmu","https:\/\/www.xing.com\/news\/pages\/organisator-ch-695","https:\/\/www.youtube.com\/channel\/UCGP2Sq0iWaZwT3BdIAQFYpw"]},{"@type":"Person","@id":"https:\/\/www.organisator.ch\/#\/schema\/person\/4e51799071cd2dd1232ac003643ef5f0","name":"galledia","image":{"@type":"ImageObject","inLanguage":"it-IT","@id":"https:\/\/secure.gravatar.com\/avatar\/78a7f90c01fc2bfc875782a0d4922b37cde2cf184ce347b91316d23cd7f69a36?s=96&d=mm&r=g","url":"https:\/\/secure.gravatar.com\/avatar\/78a7f90c01fc2bfc875782a0d4922b37cde2cf184ce347b91316d23cd7f69a36?s=96&d=mm&r=g","contentUrl":"https:\/\/secure.gravatar.com\/avatar\/78a7f90c01fc2bfc875782a0d4922b37cde2cf184ce347b91316d23cd7f69a36?s=96&d=mm&r=g","caption":"galledia"},"sameAs":["https:\/\/x.com\/admin"],"url":"https:\/\/www.organisator.ch\/it\/author\/galledia\/"}]}},"_links":{"self":[{"href":"https:\/\/www.organisator.ch\/it\/wp-json\/wp\/v2\/posts\/45189","targetHints":{"allow":["GET"]}}],"collection":[{"href":"https:\/\/www.organisator.ch\/it\/wp-json\/wp\/v2\/posts"}],"about":[{"href":"https:\/\/www.organisator.ch\/it\/wp-json\/wp\/v2\/types\/post"}],"author":[{"embeddable":true,"href":"https:\/\/www.organisator.ch\/it\/wp-json\/wp\/v2\/users\/8"}],"replies":[{"embeddable":true,"href":"https:\/\/www.organisator.ch\/it\/wp-json\/wp\/v2\/comments?post=45189"}],"version-history":[{"count":6,"href":"https:\/\/www.organisator.ch\/it\/wp-json\/wp\/v2\/posts\/45189\/revisions"}],"predecessor-version":[{"id":45203,"href":"https:\/\/www.organisator.ch\/it\/wp-json\/wp\/v2\/posts\/45189\/revisions\/45203"}],"wp:attachment":[{"href":"https:\/\/www.organisator.ch\/it\/wp-json\/wp\/v2\/media?parent=45189"}],"wp:term":[{"taxonomy":"category","embeddable":true,"href":"https:\/\/www.organisator.ch\/it\/wp-json\/wp\/v2\/categories?post=45189"},{"taxonomy":"post_tag","embeddable":true,"href":"https:\/\/www.organisator.ch\/it\/wp-json\/wp\/v2\/tags?post=45189"}],"curies":[{"name":"wp","href":"https:\/\/api.w.org\/{rel}","templated":true}]}}