{"id":45324,"date":"2026-03-03T02:54:08","date_gmt":"2026-03-03T01:54:08","guid":{"rendered":"https:\/\/www.organisator.ch\/de\/?p=45324"},"modified":"2026-03-02T08:20:04","modified_gmt":"2026-03-02T07:20:04","slug":"unfaelle-vorstellbar-und-damit-vorhersehbar","status":"publish","type":"post","link":"https:\/\/www.organisator.ch\/it\/operational-excellence\/2026-03-03\/unfaelle-vorstellbar-und-damit-vorhersehbar\/","title":{"rendered":"Incidenti: Concepibili e quindi prevedibili?"},"content":{"rendered":"<div class=\"swpm-post-not-logged-in-msg\">Devi eseguire l&#039;accesso per visualizzare questo contenuto. Avrete bisogno di <a class=\"swpm-login-link\" href=\"https:\/\/www.organisator.ch\/login\/\">Accedi<\/a>. Non sei un membro? <a href=\"https:\/\/www.organisator.ch\/shop\/\">Registrati<\/a><\/div>","protected":false},"excerpt":{"rendered":"<p>L'incendio di Crans-Montana ha dimostrato che molti incidenti sembrano inimmaginabili. Ma come possono le organizzazioni identificare i rischi con sufficiente anticipo per evitare i disastri?<\/p>","protected":false},"author":107,"featured_media":45323,"comment_status":"closed","ping_status":"closed","sticky":false,"template":"","format":"standard","meta":{"_acf_changed":false,"_yoast_wpseo_focuskw":"Risiken fr\u00fchzeitig erkennen","_yoast_wpseo_metadesc":"Wie Organisationen Risiken fr\u00fchzeitig erkennen und managen? Praxisnahe Ans\u00e4tze zur Schwachstellen-Identifikation und Sicherheit.","articlekey":"","footnotes":""},"categories":[578,582],"tags":[53,320,335,418],"class_list":["post-45324","post","type-post","status-publish","format-standard","has-post-thumbnail","hentry","category-abo","category-operational-excellence","tag-arbeitssicherheit","tag-leadership","tag-management-und-unternehmensfuehrung","tag-risikomanagement"],"acf":[],"yoast_head":"<!-- This site is optimized with the Yoast SEO plugin v27.5 - https:\/\/yoast.com\/product\/yoast-seo-wordpress\/ -->\n<title>Unf\u00e4lle: Vorstellbar und damit vorhersehbar? - Organisator<\/title>\n<meta name=\"description\" content=\"Wie Organisationen Risiken fr\u00fchzeitig erkennen und managen? Praxisnahe Ans\u00e4tze zur Schwachstellen-Identifikation und Sicherheit.\" \/>\n<meta name=\"robots\" content=\"index, follow, max-snippet:-1, max-image-preview:large, max-video-preview:-1\" \/>\n<link rel=\"canonical\" href=\"https:\/\/www.organisator.ch\/it\/eccellenza-operativa\/2026-03-03\/unfaelle-vorstellbar-und-damit-vorhersehbar\/\" \/>\n<meta property=\"og:locale\" content=\"it_IT\" \/>\n<meta property=\"og:type\" content=\"article\" \/>\n<meta property=\"og:title\" content=\"Unf\u00e4lle: Vorstellbar und damit vorhersehbar? - Organisator\" \/>\n<meta property=\"og:description\" content=\"Wie Organisationen Risiken fr\u00fchzeitig erkennen und managen? Praxisnahe Ans\u00e4tze zur Schwachstellen-Identifikation und Sicherheit.\" \/>\n<meta property=\"og:url\" content=\"https:\/\/www.organisator.ch\/it\/eccellenza-operativa\/2026-03-03\/unfaelle-vorstellbar-und-damit-vorhersehbar\/\" \/>\n<meta property=\"og:site_name\" content=\"Organisator\" \/>\n<meta property=\"article:publisher\" content=\"https:\/\/www.facebook.com\/OrganisatorFachmagazin\" \/>\n<meta property=\"article:published_time\" content=\"2026-03-03T01:54:08+00:00\" \/>\n<meta property=\"og:image\" content=\"https:\/\/www.organisator.ch\/wp-content\/uploads\/2026\/02\/OpEx_Tromp_Bild_organisator_219320-scaled.jpg\" \/>\n\t<meta property=\"og:image:width\" content=\"1400\" \/>\n\t<meta property=\"og:image:height\" content=\"1158\" \/>\n\t<meta property=\"og:image:type\" content=\"image\/jpeg\" \/>\n<meta name=\"author\" content=\"n8n\" \/>\n<meta name=\"twitter:card\" content=\"summary_large_image\" \/>\n<script type=\"application\/ld+json\" class=\"yoast-schema-graph\">{\"@context\":\"https:\\\/\\\/schema.org\",\"@graph\":[{\"@type\":\"Article\",\"@id\":\"https:\\\/\\\/www.organisator.ch\\\/operational-excellence\\\/2026-03-03\\\/unfaelle-vorstellbar-und-damit-vorhersehbar\\\/#article\",\"isPartOf\":{\"@id\":\"https:\\\/\\\/www.organisator.ch\\\/operational-excellence\\\/2026-03-03\\\/unfaelle-vorstellbar-und-damit-vorhersehbar\\\/\"},\"author\":{\"name\":\"n8n\",\"@id\":\"https:\\\/\\\/www.organisator.ch\\\/#\\\/schema\\\/person\\\/a9d0e0eff238db87a8f840f3b50359f0\"},\"headline\":\"Unf\u00e4lle: Vorstellbar und damit vorhersehbar?\",\"datePublished\":\"2026-03-03T01:54:08+00:00\",\"mainEntityOfPage\":{\"@id\":\"https:\\\/\\\/www.organisator.ch\\\/operational-excellence\\\/2026-03-03\\\/unfaelle-vorstellbar-und-damit-vorhersehbar\\\/\"},\"wordCount\":888,\"publisher\":{\"@id\":\"https:\\\/\\\/www.organisator.ch\\\/#organization\"},\"image\":{\"@id\":\"https:\\\/\\\/www.organisator.ch\\\/operational-excellence\\\/2026-03-03\\\/unfaelle-vorstellbar-und-damit-vorhersehbar\\\/#primaryimage\"},\"thumbnailUrl\":\"https:\\\/\\\/www.organisator.ch\\\/wp-content\\\/uploads\\\/2026\\\/02\\\/OpEx_Tromp_Bild_organisator_219320-scaled.jpg\",\"keywords\":[\"Arbeitssicherheit\",\"Leadership\",\"Management und Unternehmensf\u00fchrung\",\"Risikomanagement\"],\"articleSection\":[\"ABO+\",\"OPERATIONAL EXCELLENCE\"],\"inLanguage\":\"it-IT\"},{\"@type\":\"WebPage\",\"@id\":\"https:\\\/\\\/www.organisator.ch\\\/operational-excellence\\\/2026-03-03\\\/unfaelle-vorstellbar-und-damit-vorhersehbar\\\/\",\"url\":\"https:\\\/\\\/www.organisator.ch\\\/operational-excellence\\\/2026-03-03\\\/unfaelle-vorstellbar-und-damit-vorhersehbar\\\/\",\"name\":\"Unf\u00e4lle: Vorstellbar und damit vorhersehbar? - Organisator\",\"isPartOf\":{\"@id\":\"https:\\\/\\\/www.organisator.ch\\\/#website\"},\"primaryImageOfPage\":{\"@id\":\"https:\\\/\\\/www.organisator.ch\\\/operational-excellence\\\/2026-03-03\\\/unfaelle-vorstellbar-und-damit-vorhersehbar\\\/#primaryimage\"},\"image\":{\"@id\":\"https:\\\/\\\/www.organisator.ch\\\/operational-excellence\\\/2026-03-03\\\/unfaelle-vorstellbar-und-damit-vorhersehbar\\\/#primaryimage\"},\"thumbnailUrl\":\"https:\\\/\\\/www.organisator.ch\\\/wp-content\\\/uploads\\\/2026\\\/02\\\/OpEx_Tromp_Bild_organisator_219320-scaled.jpg\",\"datePublished\":\"2026-03-03T01:54:08+00:00\",\"description\":\"Wie Organisationen Risiken fr\u00fchzeitig erkennen und managen? Praxisnahe Ans\u00e4tze zur Schwachstellen-Identifikation und Sicherheit.\",\"breadcrumb\":{\"@id\":\"https:\\\/\\\/www.organisator.ch\\\/operational-excellence\\\/2026-03-03\\\/unfaelle-vorstellbar-und-damit-vorhersehbar\\\/#breadcrumb\"},\"inLanguage\":\"it-IT\",\"potentialAction\":[{\"@type\":\"ReadAction\",\"target\":[\"https:\\\/\\\/www.organisator.ch\\\/operational-excellence\\\/2026-03-03\\\/unfaelle-vorstellbar-und-damit-vorhersehbar\\\/\"]}]},{\"@type\":\"ImageObject\",\"inLanguage\":\"it-IT\",\"@id\":\"https:\\\/\\\/www.organisator.ch\\\/operational-excellence\\\/2026-03-03\\\/unfaelle-vorstellbar-und-damit-vorhersehbar\\\/#primaryimage\",\"url\":\"https:\\\/\\\/www.organisator.ch\\\/wp-content\\\/uploads\\\/2026\\\/02\\\/OpEx_Tromp_Bild_organisator_219320-scaled.jpg\",\"contentUrl\":\"https:\\\/\\\/www.organisator.ch\\\/wp-content\\\/uploads\\\/2026\\\/02\\\/OpEx_Tromp_Bild_organisator_219320-scaled.jpg\",\"width\":1400,\"height\":1158,\"caption\":\"Ob das gut ausgeht? Risiken rechtzeitig zu erkennen hilft zu vermeiden, dass Lehren erst aus Unf\u00e4llen gezogen werden. \u00a9 Depositphotos.com\"},{\"@type\":\"BreadcrumbList\",\"@id\":\"https:\\\/\\\/www.organisator.ch\\\/operational-excellence\\\/2026-03-03\\\/unfaelle-vorstellbar-und-damit-vorhersehbar\\\/#breadcrumb\",\"itemListElement\":[{\"@type\":\"ListItem\",\"position\":1,\"name\":\"Home\",\"item\":\"https:\\\/\\\/www.organisator.ch\\\/\"},{\"@type\":\"ListItem\",\"position\":2,\"name\":\"Unf\u00e4lle: Vorstellbar und damit vorhersehbar?\"}]},{\"@type\":\"WebSite\",\"@id\":\"https:\\\/\\\/www.organisator.ch\\\/#website\",\"url\":\"https:\\\/\\\/www.organisator.ch\\\/\",\"name\":\"Organisator\",\"description\":\"Kompetent. Praxisnah. Der ORGANISATOR bereitet in 10 Ausgaben pro Jahr die wesentlichen Themen f\u00fcr F\u00fchrungskr\u00e4fte von KMU auf.\",\"publisher\":{\"@id\":\"https:\\\/\\\/www.organisator.ch\\\/#organization\"},\"potentialAction\":[{\"@type\":\"SearchAction\",\"target\":{\"@type\":\"EntryPoint\",\"urlTemplate\":\"https:\\\/\\\/www.organisator.ch\\\/?s={search_term_string}\"},\"query-input\":{\"@type\":\"PropertyValueSpecification\",\"valueRequired\":true,\"valueName\":\"search_term_string\"}}],\"inLanguage\":\"it-IT\"},{\"@type\":\"Organization\",\"@id\":\"https:\\\/\\\/www.organisator.ch\\\/#organization\",\"name\":\"Organisator\",\"url\":\"https:\\\/\\\/www.organisator.ch\\\/\",\"logo\":{\"@type\":\"ImageObject\",\"inLanguage\":\"it-IT\",\"@id\":\"https:\\\/\\\/www.organisator.ch\\\/#\\\/schema\\\/logo\\\/image\\\/\",\"url\":\"https:\\\/\\\/www.organisator.ch\\\/wp-content\\\/uploads\\\/2022\\\/01\\\/Logo_Organisator_Website.png\",\"contentUrl\":\"https:\\\/\\\/www.organisator.ch\\\/wp-content\\\/uploads\\\/2022\\\/01\\\/Logo_Organisator_Website.png\",\"width\":800,\"height\":77,\"caption\":\"Organisator\"},\"image\":{\"@id\":\"https:\\\/\\\/www.organisator.ch\\\/#\\\/schema\\\/logo\\\/image\\\/\"},\"sameAs\":[\"https:\\\/\\\/www.facebook.com\\\/OrganisatorFachmagazin\",\"https:\\\/\\\/www.linkedin.com\\\/showcase\\\/organisator-das-magazin-fr-kmu\",\"https:\\\/\\\/www.xing.com\\\/news\\\/pages\\\/organisator-ch-695\",\"https:\\\/\\\/www.youtube.com\\\/channel\\\/UCGP2Sq0iWaZwT3BdIAQFYpw\"]},{\"@type\":\"Person\",\"@id\":\"https:\\\/\\\/www.organisator.ch\\\/#\\\/schema\\\/person\\\/a9d0e0eff238db87a8f840f3b50359f0\",\"name\":\"n8n\",\"image\":{\"@type\":\"ImageObject\",\"inLanguage\":\"it-IT\",\"@id\":\"https:\\\/\\\/secure.gravatar.com\\\/avatar\\\/5368fb9d03fd415a6f335cece4c15af2502d6ca8651efbd6e8f98427a9795400?s=96&d=mm&r=g\",\"url\":\"https:\\\/\\\/secure.gravatar.com\\\/avatar\\\/5368fb9d03fd415a6f335cece4c15af2502d6ca8651efbd6e8f98427a9795400?s=96&d=mm&r=g\",\"contentUrl\":\"https:\\\/\\\/secure.gravatar.com\\\/avatar\\\/5368fb9d03fd415a6f335cece4c15af2502d6ca8651efbd6e8f98427a9795400?s=96&d=mm&r=g\",\"caption\":\"n8n\"},\"url\":\"https:\\\/\\\/www.organisator.ch\\\/it\\\/author\\\/n8n\\\/\"}]}<\/script>\n<!-- \/ Yoast SEO plugin. -->","yoast_head_json":{"title":"Incidenti: Concepibili e quindi prevedibili? - Organizzatore","description":"Come possono le organizzazioni identificare e gestire i rischi in una fase iniziale? Approcci pratici all'identificazione delle vulnerabilit\u00e0 e alla sicurezza.","robots":{"index":"index","follow":"follow","max-snippet":"max-snippet:-1","max-image-preview":"max-image-preview:large","max-video-preview":"max-video-preview:-1"},"canonical":"https:\/\/www.organisator.ch\/it\/eccellenza-operativa\/2026-03-03\/unfaelle-vorstellbar-und-damit-vorhersehbar\/","og_locale":"it_IT","og_type":"article","og_title":"Unf\u00e4lle: Vorstellbar und damit vorhersehbar? - Organisator","og_description":"Wie Organisationen Risiken fr\u00fchzeitig erkennen und managen? Praxisnahe Ans\u00e4tze zur Schwachstellen-Identifikation und Sicherheit.","og_url":"https:\/\/www.organisator.ch\/it\/eccellenza-operativa\/2026-03-03\/unfaelle-vorstellbar-und-damit-vorhersehbar\/","og_site_name":"Organisator","article_publisher":"https:\/\/www.facebook.com\/OrganisatorFachmagazin","article_published_time":"2026-03-03T01:54:08+00:00","og_image":[{"width":1400,"height":1158,"url":"https:\/\/www.organisator.ch\/wp-content\/uploads\/2026\/02\/OpEx_Tromp_Bild_organisator_219320-scaled.jpg","type":"image\/jpeg"}],"author":"n8n","twitter_card":"summary_large_image","schema":{"@context":"https:\/\/schema.org","@graph":[{"@type":"Article","@id":"https:\/\/www.organisator.ch\/operational-excellence\/2026-03-03\/unfaelle-vorstellbar-und-damit-vorhersehbar\/#article","isPartOf":{"@id":"https:\/\/www.organisator.ch\/operational-excellence\/2026-03-03\/unfaelle-vorstellbar-und-damit-vorhersehbar\/"},"author":{"name":"n8n","@id":"https:\/\/www.organisator.ch\/#\/schema\/person\/a9d0e0eff238db87a8f840f3b50359f0"},"headline":"Unf\u00e4lle: Vorstellbar und damit vorhersehbar?","datePublished":"2026-03-03T01:54:08+00:00","mainEntityOfPage":{"@id":"https:\/\/www.organisator.ch\/operational-excellence\/2026-03-03\/unfaelle-vorstellbar-und-damit-vorhersehbar\/"},"wordCount":888,"publisher":{"@id":"https:\/\/www.organisator.ch\/#organization"},"image":{"@id":"https:\/\/www.organisator.ch\/operational-excellence\/2026-03-03\/unfaelle-vorstellbar-und-damit-vorhersehbar\/#primaryimage"},"thumbnailUrl":"https:\/\/www.organisator.ch\/wp-content\/uploads\/2026\/02\/OpEx_Tromp_Bild_organisator_219320-scaled.jpg","keywords":["Arbeitssicherheit","Leadership","Management und Unternehmensf\u00fchrung","Risikomanagement"],"articleSection":["ABO+","OPERATIONAL EXCELLENCE"],"inLanguage":"it-IT"},{"@type":"WebPage","@id":"https:\/\/www.organisator.ch\/operational-excellence\/2026-03-03\/unfaelle-vorstellbar-und-damit-vorhersehbar\/","url":"https:\/\/www.organisator.ch\/operational-excellence\/2026-03-03\/unfaelle-vorstellbar-und-damit-vorhersehbar\/","name":"Incidenti: Concepibili e quindi prevedibili? - Organizzatore","isPartOf":{"@id":"https:\/\/www.organisator.ch\/#website"},"primaryImageOfPage":{"@id":"https:\/\/www.organisator.ch\/operational-excellence\/2026-03-03\/unfaelle-vorstellbar-und-damit-vorhersehbar\/#primaryimage"},"image":{"@id":"https:\/\/www.organisator.ch\/operational-excellence\/2026-03-03\/unfaelle-vorstellbar-und-damit-vorhersehbar\/#primaryimage"},"thumbnailUrl":"https:\/\/www.organisator.ch\/wp-content\/uploads\/2026\/02\/OpEx_Tromp_Bild_organisator_219320-scaled.jpg","datePublished":"2026-03-03T01:54:08+00:00","description":"Come possono le organizzazioni identificare e gestire i rischi in una fase iniziale? Approcci pratici all'identificazione delle vulnerabilit\u00e0 e alla sicurezza.","breadcrumb":{"@id":"https:\/\/www.organisator.ch\/operational-excellence\/2026-03-03\/unfaelle-vorstellbar-und-damit-vorhersehbar\/#breadcrumb"},"inLanguage":"it-IT","potentialAction":[{"@type":"ReadAction","target":["https:\/\/www.organisator.ch\/operational-excellence\/2026-03-03\/unfaelle-vorstellbar-und-damit-vorhersehbar\/"]}]},{"@type":"ImageObject","inLanguage":"it-IT","@id":"https:\/\/www.organisator.ch\/operational-excellence\/2026-03-03\/unfaelle-vorstellbar-und-damit-vorhersehbar\/#primaryimage","url":"https:\/\/www.organisator.ch\/wp-content\/uploads\/2026\/02\/OpEx_Tromp_Bild_organisator_219320-scaled.jpg","contentUrl":"https:\/\/www.organisator.ch\/wp-content\/uploads\/2026\/02\/OpEx_Tromp_Bild_organisator_219320-scaled.jpg","width":1400,"height":1158,"caption":"Ob das gut ausgeht? Risiken rechtzeitig zu erkennen hilft zu vermeiden, dass Lehren erst aus Unf\u00e4llen gezogen werden. \u00a9 Depositphotos.com"},{"@type":"BreadcrumbList","@id":"https:\/\/www.organisator.ch\/operational-excellence\/2026-03-03\/unfaelle-vorstellbar-und-damit-vorhersehbar\/#breadcrumb","itemListElement":[{"@type":"ListItem","position":1,"name":"Home","item":"https:\/\/www.organisator.ch\/"},{"@type":"ListItem","position":2,"name":"Unf\u00e4lle: Vorstellbar und damit vorhersehbar?"}]},{"@type":"WebSite","@id":"https:\/\/www.organisator.ch\/#website","url":"https:\/\/www.organisator.ch\/","name":"Organizzatore","description":"Competente. Pratico. In 10 numeri all'anno, ORGANISATOR presenta i temi essenziali per i manager delle PMI.","publisher":{"@id":"https:\/\/www.organisator.ch\/#organization"},"potentialAction":[{"@type":"SearchAction","target":{"@type":"EntryPoint","urlTemplate":"https:\/\/www.organisator.ch\/?s={search_term_string}"},"query-input":{"@type":"PropertyValueSpecification","valueRequired":true,"valueName":"search_term_string"}}],"inLanguage":"it-IT"},{"@type":"Organization","@id":"https:\/\/www.organisator.ch\/#organization","name":"Organizzatore","url":"https:\/\/www.organisator.ch\/","logo":{"@type":"ImageObject","inLanguage":"it-IT","@id":"https:\/\/www.organisator.ch\/#\/schema\/logo\/image\/","url":"https:\/\/www.organisator.ch\/wp-content\/uploads\/2022\/01\/Logo_Organisator_Website.png","contentUrl":"https:\/\/www.organisator.ch\/wp-content\/uploads\/2022\/01\/Logo_Organisator_Website.png","width":800,"height":77,"caption":"Organisator"},"image":{"@id":"https:\/\/www.organisator.ch\/#\/schema\/logo\/image\/"},"sameAs":["https:\/\/www.facebook.com\/OrganisatorFachmagazin","https:\/\/www.linkedin.com\/showcase\/organisator-das-magazin-fr-kmu","https:\/\/www.xing.com\/news\/pages\/organisator-ch-695","https:\/\/www.youtube.com\/channel\/UCGP2Sq0iWaZwT3BdIAQFYpw"]},{"@type":"Person","@id":"https:\/\/www.organisator.ch\/#\/schema\/person\/a9d0e0eff238db87a8f840f3b50359f0","name":"n8n","image":{"@type":"ImageObject","inLanguage":"it-IT","@id":"https:\/\/secure.gravatar.com\/avatar\/5368fb9d03fd415a6f335cece4c15af2502d6ca8651efbd6e8f98427a9795400?s=96&d=mm&r=g","url":"https:\/\/secure.gravatar.com\/avatar\/5368fb9d03fd415a6f335cece4c15af2502d6ca8651efbd6e8f98427a9795400?s=96&d=mm&r=g","contentUrl":"https:\/\/secure.gravatar.com\/avatar\/5368fb9d03fd415a6f335cece4c15af2502d6ca8651efbd6e8f98427a9795400?s=96&d=mm&r=g","caption":"n8n"},"url":"https:\/\/www.organisator.ch\/it\/author\/n8n\/"}]}},"_links":{"self":[{"href":"https:\/\/www.organisator.ch\/it\/wp-json\/wp\/v2\/posts\/45324","targetHints":{"allow":["GET"]}}],"collection":[{"href":"https:\/\/www.organisator.ch\/it\/wp-json\/wp\/v2\/posts"}],"about":[{"href":"https:\/\/www.organisator.ch\/it\/wp-json\/wp\/v2\/types\/post"}],"author":[{"embeddable":true,"href":"https:\/\/www.organisator.ch\/it\/wp-json\/wp\/v2\/users\/107"}],"replies":[{"embeddable":true,"href":"https:\/\/www.organisator.ch\/it\/wp-json\/wp\/v2\/comments?post=45324"}],"version-history":[{"count":2,"href":"https:\/\/www.organisator.ch\/it\/wp-json\/wp\/v2\/posts\/45324\/revisions"}],"predecessor-version":[{"id":45397,"href":"https:\/\/www.organisator.ch\/it\/wp-json\/wp\/v2\/posts\/45324\/revisions\/45397"}],"wp:featuredmedia":[{"embeddable":true,"href":"https:\/\/www.organisator.ch\/it\/wp-json\/wp\/v2\/media\/45323"}],"wp:attachment":[{"href":"https:\/\/www.organisator.ch\/it\/wp-json\/wp\/v2\/media?parent=45324"}],"wp:term":[{"taxonomy":"category","embeddable":true,"href":"https:\/\/www.organisator.ch\/it\/wp-json\/wp\/v2\/categories?post=45324"},{"taxonomy":"post_tag","embeddable":true,"href":"https:\/\/www.organisator.ch\/it\/wp-json\/wp\/v2\/tags?post=45324"}],"curies":[{"name":"wp","href":"https:\/\/api.w.org\/{rel}","templated":true}]}}