{"id":4533,"date":"2021-07-14T13:50:46","date_gmt":"2021-07-14T11:50:46","guid":{"rendered":"https:\/\/www.umweltperspektiven.ch\/?p=4533"},"modified":"2022-02-09T11:06:45","modified_gmt":"2022-02-09T10:06:45","slug":"prekaere-hochwasserlage-hohe-schadensumme","status":"publish","type":"post","link":"https:\/\/www.organisator.ch\/it\/sustainability\/2021-07-14\/prekaere-hochwasserlage-hohe-schadensumme\/","title":{"rendered":"Situazione alluvionale precaria - importo dei danni elevato"},"content":{"rendered":"<figure id=\"attachment_4534\" aria-describedby=\"caption-attachment-4534\" style=\"width: 680px\" class=\"wp-caption aligncenter\"><img loading=\"lazy\" decoding=\"async\" class=\"wp-image-4534 size-medium\" src=\"\/\/www.umweltperspektiven.ch\/wp-content\/uploads\/2021\/07\/IMG_3729.jpg\" alt=\"GVZ, alluvione\" width=\"680\" height=\"453\" \/><figcaption id=\"caption-attachment-4534\" class=\"wp-caption-text\">L'acqua sta salendo pericolosamente anche sulla Limmat. Foto: R. Str\u00e4ssle<\/figcaption><\/figure>\n<p>Gli assicuratori raccomandano ai proprietari di case e ai residenti di adottare misure per proteggere le cantine e i garage dalle inondazioni. Questo perch\u00e9 le piogge previste per i prossimi giorni porteranno a un ulteriore ruscellamento superficiale, dopotutto i terreni sono gi\u00e0 impregnati come una spugna.<\/p>\n<p>La precaria situazione delle inondazioni in molti luoghi della Svizzera aggrava il problema. Il lago di Bienne, il lago di Thun e il lago dei Quattro Cantoni, ad esempio, si trovano nel massimo livello di pericolo 5. Il livello del lago dei Quattro Cantoni \u00e8 cos\u00ec alto che il lago della citt\u00e0 di Lucerna potrebbe presto straripare. Attualmente esiste un rischio elevato di inondazioni (livello 4) sui laghi di Brienz e Zurigo, nonch\u00e9 sull'Aare sotto il lago di Thun, sulla Reuss e sull'Hochrhein.  Il <a href=\"\/\/www.naturgefahren.ch\/home.html?tab=actualdanger\">situazione di pericolo attuale<\/a> pu\u00f2 essere consultato presso l'Ufficio federale dell'ambiente (UFAM).<\/p>\n<p>Rispetto alle inondazioni estreme del 2005, i danni causati finora sono stati molto meno gravi e le misure adottate hanno facilitato la gestione della situazione, sottolinea l'Ufficio federale dell'ambiente. Dopo le alluvioni del 2005, il governo federale e i cantoni hanno migliorato la protezione contro le alluvioni, investendo un totale di 4,5 miliardi di franchi svizzeri. La Confederazione ha ampliato e stabilito le previsioni e gli avvisi di alluvione e ha sviluppato nuove basi di rischio, come la mappa del deflusso superficiale. Oltre a eliminare le carenze di protezione individuate all'epoca su molti corsi d'acqua, secondo l'UFAM i Cantoni e i Comuni hanno migliorato le procedure in caso di incidente e hanno formato specialisti e personale d'emergenza.<\/p>\n<h2><strong>GVZ con danni per milioni<\/strong><\/h2>\n<figure id=\"attachment_4535\" aria-describedby=\"caption-attachment-4535\" style=\"width: 431px\" class=\"wp-caption alignnone\"><img loading=\"lazy\" decoding=\"async\" class=\"wp-image-4535\" src=\"\/\/www.umweltperspektiven.ch\/wp-content\/uploads\/2021\/07\/IMG_3736.jpg\" alt=\"GVZ, Tempesta\" width=\"431\" height=\"287\" \/><figcaption id=\"caption-attachment-4535\" class=\"wp-caption-text\">La tempesta ha \"decapitato\" l'albero, che a sua volta ha distrutto il tetto della casa. Foto: R. Str\u00e4ssle<\/figcaption><\/figure>\n<p>Secondo la Geb\u00e4udeversicherung Kanton Z\u00fcrich (GVZ), nelle prime ore del mattino di marted\u00ec i venti impetuosi nel Cantone di Zurigo, accompagnati in alcuni punti da grandinate, hanno nuovamente causato danni per milioni di dollari. La citt\u00e0 di Zurigo e le regioni intorno a Kloten e Winterthur sono state particolarmente colpite. Insieme alle tempeste della seconda met\u00e0 di giugno 2021, il GVZ prevede che i danni ammontino a circa 40 milioni di franchi svizzeri.<\/p>\n<p>Secondo le prime proiezioni, la compagnia di assicurazione degli edifici prevede un totale di 10.000 richieste di risarcimento e un ammontare di perdite compreso tra 25 e 30 milioni di franchi svizzeri per gli eventi tra il 18 e il 28 giugno 2021. Solo la grandinata del 28 giugno ha portato al GVZ circa 3.000 segnalazioni di danni. Si trattava soprattutto di tende a lamelle e altri sistemi di protezione solare.<\/p>\n<p><em>Eventuali danni devono essere segnalati al GVZ il prima possibile: Utilizzando il modulo di richiesta danni online o all'indirizzo <a href=\"\/\/www.gvz.ch\">www.gvz.ch<\/a> \u2192 Segnalare il danno o chiamare il numero verde GVZ 0800 442 442 (gratuito, 7 giorni, 24 ore).<\/em><\/p>\n<p><strong>Altri argomenti:<\/strong><\/p>\n<ul>\n<li><a href=\"\/\/www.umweltperspektiven.ch\/ein-naturgefahren-check-lohnt-sich\/\">Chi costruisce e ristruttura pianifica per i rischi naturali<\/a><\/li>\n<li><a href=\"\/\/www.umweltperspektiven.ch\/unwetterschaeden-bilanz-gut-schutzmassnahmen-bewaehrten-sich\/\">Danni da tempesta nel 2020: bilancio buono - misure di protezione provate<\/a><\/li>\n<\/ul>","protected":false},"excerpt":{"rendered":"<p>Die Geb\u00e4udeversicherungen empfehlen den Hauseigent\u00fcmern und Bewohnern, Massnahmen vorzunehmen, um insbesondere ihre Keller und Garagen vor \u00dcberflutungen zu sch\u00fctzen. Denn der ank\u00fcndigte Regen f\u00fcr die kommenden Tage wird zu weiterem Oberfl\u00e4chenabfluss f\u00fchren, schliesslich sind die B\u00f6den bereits jetzt vollgesogen wie ein Schwamm. Auch die vielerorts prek\u00e4re Hochwasserlage der Schweiz versch\u00e4rft das Problem. So gilt am [&hellip;]<\/p>\n","protected":false},"author":6,"featured_media":4534,"comment_status":"closed","ping_status":"closed","sticky":false,"template":"","format":"standard","meta":{"_acf_changed":false,"_yoast_wpseo_focuskw":"GVZ","_yoast_wpseo_metadesc":"Die Hochwasserlage in der Schweiz spitzt sich weiter zu und die Geb\u00e4udeversicherung GVZ beklagt eine hohe Schadensumme als Folge der Unwetter.","articlekey":"","footnotes":""},"categories":[580],"tags":[1340,1366,1809,1810],"class_list":["post-4533","post","type-post","status-publish","format-standard","has-post-thumbnail","hentry","category-sustainability","tag-gvz","tag-hochwasser-gebaeudeversicherung","tag-naturgefahr","tag-naturgefahren"],"acf":[],"yoast_head":"<!-- This site is optimized with the Yoast SEO plugin v27.5 - https:\/\/yoast.com\/product\/yoast-seo-wordpress\/ -->\n<title>Prek\u00e4re Hochwasserlage \u2013 hohe Schadensumme - Organisator<\/title>\n<meta name=\"description\" content=\"Die Hochwasserlage in der Schweiz spitzt sich weiter zu und die Geb\u00e4udeversicherung GVZ beklagt eine hohe Schadensumme als Folge der Unwetter.\" \/>\n<meta name=\"robots\" content=\"index, follow, max-snippet:-1, max-image-preview:large, max-video-preview:-1\" \/>\n<link rel=\"canonical\" href=\"https:\/\/www.organisator.ch\/it\/sostenibilita\/2021-07-14\/prekaere-hochwasserlage-hohe-schadensumme\/\" \/>\n<meta property=\"og:locale\" content=\"it_IT\" \/>\n<meta property=\"og:type\" content=\"article\" \/>\n<meta property=\"og:title\" content=\"Prek\u00e4re Hochwasserlage \u2013 hohe Schadensumme - Organisator\" \/>\n<meta property=\"og:description\" content=\"Die Hochwasserlage in der Schweiz spitzt sich weiter zu und die Geb\u00e4udeversicherung GVZ beklagt eine hohe Schadensumme als Folge der Unwetter.\" \/>\n<meta property=\"og:url\" content=\"https:\/\/www.organisator.ch\/it\/sostenibilita\/2021-07-14\/prekaere-hochwasserlage-hohe-schadensumme\/\" \/>\n<meta property=\"og:site_name\" content=\"Organisator\" \/>\n<meta property=\"article:publisher\" content=\"https:\/\/www.facebook.com\/OrganisatorFachmagazin\" \/>\n<meta property=\"article:published_time\" content=\"2021-07-14T11:50:46+00:00\" \/>\n<meta property=\"article:modified_time\" content=\"2022-02-09T10:06:45+00:00\" \/>\n<meta property=\"og:image\" content=\"https:\/\/www.organisator.ch\/wp-content\/uploads\/2021\/07\/IMG_3729-scaled.jpg\" \/>\n\t<meta property=\"og:image:width\" content=\"2560\" \/>\n\t<meta property=\"og:image:height\" content=\"1707\" \/>\n\t<meta property=\"og:image:type\" content=\"image\/jpeg\" \/>\n<meta name=\"author\" content=\"roger.straessle\" \/>\n<meta name=\"twitter:card\" content=\"summary_large_image\" \/>\n<script type=\"application\/ld+json\" class=\"yoast-schema-graph\">{\"@context\":\"https:\\\/\\\/schema.org\",\"@graph\":[{\"@type\":\"Article\",\"@id\":\"https:\\\/\\\/www.organisator.ch\\\/sustainability\\\/2021-07-14\\\/prekaere-hochwasserlage-hohe-schadensumme\\\/#article\",\"isPartOf\":{\"@id\":\"https:\\\/\\\/www.organisator.ch\\\/sustainability\\\/2021-07-14\\\/prekaere-hochwasserlage-hohe-schadensumme\\\/\"},\"author\":{\"name\":\"roger.straessle\",\"@id\":\"https:\\\/\\\/www.organisator.ch\\\/#\\\/schema\\\/person\\\/a800b8c54e208b160517a7dcc323161d\"},\"headline\":\"Prek\u00e4re Hochwasserlage \u2013 hohe Schadensumme\",\"datePublished\":\"2021-07-14T11:50:46+00:00\",\"dateModified\":\"2022-02-09T10:06:45+00:00\",\"mainEntityOfPage\":{\"@id\":\"https:\\\/\\\/www.organisator.ch\\\/sustainability\\\/2021-07-14\\\/prekaere-hochwasserlage-hohe-schadensumme\\\/\"},\"wordCount\":442,\"publisher\":{\"@id\":\"https:\\\/\\\/www.organisator.ch\\\/#organization\"},\"image\":{\"@id\":\"https:\\\/\\\/www.organisator.ch\\\/sustainability\\\/2021-07-14\\\/prekaere-hochwasserlage-hohe-schadensumme\\\/#primaryimage\"},\"thumbnailUrl\":\"https:\\\/\\\/www.organisator.ch\\\/wp-content\\\/uploads\\\/2021\\\/07\\\/IMG_3729-scaled.jpg\",\"keywords\":[\"GVZ\",\"Hochwasser Geb\u00e4udeversicherung\",\"Naturgefahr\",\"Naturgefahren\"],\"articleSection\":[\"SUSTAINABILITY\"],\"inLanguage\":\"it-IT\"},{\"@type\":\"WebPage\",\"@id\":\"https:\\\/\\\/www.organisator.ch\\\/sustainability\\\/2021-07-14\\\/prekaere-hochwasserlage-hohe-schadensumme\\\/\",\"url\":\"https:\\\/\\\/www.organisator.ch\\\/sustainability\\\/2021-07-14\\\/prekaere-hochwasserlage-hohe-schadensumme\\\/\",\"name\":\"Prek\u00e4re Hochwasserlage \u2013 hohe Schadensumme - Organisator\",\"isPartOf\":{\"@id\":\"https:\\\/\\\/www.organisator.ch\\\/#website\"},\"primaryImageOfPage\":{\"@id\":\"https:\\\/\\\/www.organisator.ch\\\/sustainability\\\/2021-07-14\\\/prekaere-hochwasserlage-hohe-schadensumme\\\/#primaryimage\"},\"image\":{\"@id\":\"https:\\\/\\\/www.organisator.ch\\\/sustainability\\\/2021-07-14\\\/prekaere-hochwasserlage-hohe-schadensumme\\\/#primaryimage\"},\"thumbnailUrl\":\"https:\\\/\\\/www.organisator.ch\\\/wp-content\\\/uploads\\\/2021\\\/07\\\/IMG_3729-scaled.jpg\",\"datePublished\":\"2021-07-14T11:50:46+00:00\",\"dateModified\":\"2022-02-09T10:06:45+00:00\",\"description\":\"Die Hochwasserlage in der Schweiz spitzt sich weiter zu und die Geb\u00e4udeversicherung GVZ beklagt eine hohe Schadensumme als Folge der Unwetter.\",\"breadcrumb\":{\"@id\":\"https:\\\/\\\/www.organisator.ch\\\/sustainability\\\/2021-07-14\\\/prekaere-hochwasserlage-hohe-schadensumme\\\/#breadcrumb\"},\"inLanguage\":\"it-IT\",\"potentialAction\":[{\"@type\":\"ReadAction\",\"target\":[\"https:\\\/\\\/www.organisator.ch\\\/sustainability\\\/2021-07-14\\\/prekaere-hochwasserlage-hohe-schadensumme\\\/\"]}]},{\"@type\":\"ImageObject\",\"inLanguage\":\"it-IT\",\"@id\":\"https:\\\/\\\/www.organisator.ch\\\/sustainability\\\/2021-07-14\\\/prekaere-hochwasserlage-hohe-schadensumme\\\/#primaryimage\",\"url\":\"https:\\\/\\\/www.organisator.ch\\\/wp-content\\\/uploads\\\/2021\\\/07\\\/IMG_3729-scaled.jpg\",\"contentUrl\":\"https:\\\/\\\/www.organisator.ch\\\/wp-content\\\/uploads\\\/2021\\\/07\\\/IMG_3729-scaled.jpg\",\"width\":2560,\"height\":1707,\"caption\":\"Auch an der Limmat steigt und steigt das Wasser. Foto: R. Str\u00e4ssle\"},{\"@type\":\"BreadcrumbList\",\"@id\":\"https:\\\/\\\/www.organisator.ch\\\/sustainability\\\/2021-07-14\\\/prekaere-hochwasserlage-hohe-schadensumme\\\/#breadcrumb\",\"itemListElement\":[{\"@type\":\"ListItem\",\"position\":1,\"name\":\"Home\",\"item\":\"https:\\\/\\\/www.organisator.ch\\\/\"},{\"@type\":\"ListItem\",\"position\":2,\"name\":\"Prek\u00e4re Hochwasserlage \u2013 hohe Schadensumme\"}]},{\"@type\":\"WebSite\",\"@id\":\"https:\\\/\\\/www.organisator.ch\\\/#website\",\"url\":\"https:\\\/\\\/www.organisator.ch\\\/\",\"name\":\"Organisator\",\"description\":\"Kompetent. Praxisnah. Der ORGANISATOR bereitet in 10 Ausgaben pro Jahr die wesentlichen Themen f\u00fcr F\u00fchrungskr\u00e4fte von KMU auf.\",\"publisher\":{\"@id\":\"https:\\\/\\\/www.organisator.ch\\\/#organization\"},\"potentialAction\":[{\"@type\":\"SearchAction\",\"target\":{\"@type\":\"EntryPoint\",\"urlTemplate\":\"https:\\\/\\\/www.organisator.ch\\\/?s={search_term_string}\"},\"query-input\":{\"@type\":\"PropertyValueSpecification\",\"valueRequired\":true,\"valueName\":\"search_term_string\"}}],\"inLanguage\":\"it-IT\"},{\"@type\":\"Organization\",\"@id\":\"https:\\\/\\\/www.organisator.ch\\\/#organization\",\"name\":\"Organisator\",\"url\":\"https:\\\/\\\/www.organisator.ch\\\/\",\"logo\":{\"@type\":\"ImageObject\",\"inLanguage\":\"it-IT\",\"@id\":\"https:\\\/\\\/www.organisator.ch\\\/#\\\/schema\\\/logo\\\/image\\\/\",\"url\":\"https:\\\/\\\/www.organisator.ch\\\/wp-content\\\/uploads\\\/2022\\\/01\\\/Logo_Organisator_Website.png\",\"contentUrl\":\"https:\\\/\\\/www.organisator.ch\\\/wp-content\\\/uploads\\\/2022\\\/01\\\/Logo_Organisator_Website.png\",\"width\":800,\"height\":77,\"caption\":\"Organisator\"},\"image\":{\"@id\":\"https:\\\/\\\/www.organisator.ch\\\/#\\\/schema\\\/logo\\\/image\\\/\"},\"sameAs\":[\"https:\\\/\\\/www.facebook.com\\\/OrganisatorFachmagazin\",\"https:\\\/\\\/www.linkedin.com\\\/showcase\\\/organisator-das-magazin-fr-kmu\",\"https:\\\/\\\/www.xing.com\\\/news\\\/pages\\\/organisator-ch-695\",\"https:\\\/\\\/www.youtube.com\\\/channel\\\/UCGP2Sq0iWaZwT3BdIAQFYpw\"]},{\"@type\":\"Person\",\"@id\":\"https:\\\/\\\/www.organisator.ch\\\/#\\\/schema\\\/person\\\/a800b8c54e208b160517a7dcc323161d\",\"name\":\"roger.straessle\",\"image\":{\"@type\":\"ImageObject\",\"inLanguage\":\"it-IT\",\"@id\":\"https:\\\/\\\/secure.gravatar.com\\\/avatar\\\/?s=96&d=mm&r=g\",\"url\":\"https:\\\/\\\/secure.gravatar.com\\\/avatar\\\/?s=96&d=mm&r=g\",\"contentUrl\":\"https:\\\/\\\/secure.gravatar.com\\\/avatar\\\/?s=96&d=mm&r=g\",\"caption\":\"roger.straessle\"},\"url\":\"https:\\\/\\\/www.organisator.ch\\\/it\\\/author\\\/roger-straessle\\\/\"}]}<\/script>\n<!-- \/ Yoast SEO plugin. -->","yoast_head_json":{"title":"Situazione alluvionale precaria - danni elevati - organizzatore","description":"La situazione delle inondazioni in Svizzera continua a peggiorare e la compagnia assicurativa GVZ per gli edifici lamenta un elevato numero di danni causati dalle tempeste.","robots":{"index":"index","follow":"follow","max-snippet":"max-snippet:-1","max-image-preview":"max-image-preview:large","max-video-preview":"max-video-preview:-1"},"canonical":"https:\/\/www.organisator.ch\/it\/sostenibilita\/2021-07-14\/prekaere-hochwasserlage-hohe-schadensumme\/","og_locale":"it_IT","og_type":"article","og_title":"Prek\u00e4re Hochwasserlage \u2013 hohe Schadensumme - Organisator","og_description":"Die Hochwasserlage in der Schweiz spitzt sich weiter zu und die Geb\u00e4udeversicherung GVZ beklagt eine hohe Schadensumme als Folge der Unwetter.","og_url":"https:\/\/www.organisator.ch\/it\/sostenibilita\/2021-07-14\/prekaere-hochwasserlage-hohe-schadensumme\/","og_site_name":"Organisator","article_publisher":"https:\/\/www.facebook.com\/OrganisatorFachmagazin","article_published_time":"2021-07-14T11:50:46+00:00","article_modified_time":"2022-02-09T10:06:45+00:00","og_image":[{"width":2560,"height":1707,"url":"https:\/\/www.organisator.ch\/wp-content\/uploads\/2021\/07\/IMG_3729-scaled.jpg","type":"image\/jpeg"}],"author":"roger.straessle","twitter_card":"summary_large_image","schema":{"@context":"https:\/\/schema.org","@graph":[{"@type":"Article","@id":"https:\/\/www.organisator.ch\/sustainability\/2021-07-14\/prekaere-hochwasserlage-hohe-schadensumme\/#article","isPartOf":{"@id":"https:\/\/www.organisator.ch\/sustainability\/2021-07-14\/prekaere-hochwasserlage-hohe-schadensumme\/"},"author":{"name":"roger.straessle","@id":"https:\/\/www.organisator.ch\/#\/schema\/person\/a800b8c54e208b160517a7dcc323161d"},"headline":"Prek\u00e4re Hochwasserlage \u2013 hohe Schadensumme","datePublished":"2021-07-14T11:50:46+00:00","dateModified":"2022-02-09T10:06:45+00:00","mainEntityOfPage":{"@id":"https:\/\/www.organisator.ch\/sustainability\/2021-07-14\/prekaere-hochwasserlage-hohe-schadensumme\/"},"wordCount":442,"publisher":{"@id":"https:\/\/www.organisator.ch\/#organization"},"image":{"@id":"https:\/\/www.organisator.ch\/sustainability\/2021-07-14\/prekaere-hochwasserlage-hohe-schadensumme\/#primaryimage"},"thumbnailUrl":"https:\/\/www.organisator.ch\/wp-content\/uploads\/2021\/07\/IMG_3729-scaled.jpg","keywords":["GVZ","Hochwasser Geb\u00e4udeversicherung","Naturgefahr","Naturgefahren"],"articleSection":["SUSTAINABILITY"],"inLanguage":"it-IT"},{"@type":"WebPage","@id":"https:\/\/www.organisator.ch\/sustainability\/2021-07-14\/prekaere-hochwasserlage-hohe-schadensumme\/","url":"https:\/\/www.organisator.ch\/sustainability\/2021-07-14\/prekaere-hochwasserlage-hohe-schadensumme\/","name":"Situazione alluvionale precaria - danni elevati - organizzatore","isPartOf":{"@id":"https:\/\/www.organisator.ch\/#website"},"primaryImageOfPage":{"@id":"https:\/\/www.organisator.ch\/sustainability\/2021-07-14\/prekaere-hochwasserlage-hohe-schadensumme\/#primaryimage"},"image":{"@id":"https:\/\/www.organisator.ch\/sustainability\/2021-07-14\/prekaere-hochwasserlage-hohe-schadensumme\/#primaryimage"},"thumbnailUrl":"https:\/\/www.organisator.ch\/wp-content\/uploads\/2021\/07\/IMG_3729-scaled.jpg","datePublished":"2021-07-14T11:50:46+00:00","dateModified":"2022-02-09T10:06:45+00:00","description":"La situazione delle inondazioni in Svizzera continua a peggiorare e la compagnia assicurativa GVZ per gli edifici lamenta un elevato numero di danni causati dalle tempeste.","breadcrumb":{"@id":"https:\/\/www.organisator.ch\/sustainability\/2021-07-14\/prekaere-hochwasserlage-hohe-schadensumme\/#breadcrumb"},"inLanguage":"it-IT","potentialAction":[{"@type":"ReadAction","target":["https:\/\/www.organisator.ch\/sustainability\/2021-07-14\/prekaere-hochwasserlage-hohe-schadensumme\/"]}]},{"@type":"ImageObject","inLanguage":"it-IT","@id":"https:\/\/www.organisator.ch\/sustainability\/2021-07-14\/prekaere-hochwasserlage-hohe-schadensumme\/#primaryimage","url":"https:\/\/www.organisator.ch\/wp-content\/uploads\/2021\/07\/IMG_3729-scaled.jpg","contentUrl":"https:\/\/www.organisator.ch\/wp-content\/uploads\/2021\/07\/IMG_3729-scaled.jpg","width":2560,"height":1707,"caption":"Auch an der Limmat steigt und steigt das Wasser. Foto: R. Str\u00e4ssle"},{"@type":"BreadcrumbList","@id":"https:\/\/www.organisator.ch\/sustainability\/2021-07-14\/prekaere-hochwasserlage-hohe-schadensumme\/#breadcrumb","itemListElement":[{"@type":"ListItem","position":1,"name":"Home","item":"https:\/\/www.organisator.ch\/"},{"@type":"ListItem","position":2,"name":"Prek\u00e4re Hochwasserlage \u2013 hohe Schadensumme"}]},{"@type":"WebSite","@id":"https:\/\/www.organisator.ch\/#website","url":"https:\/\/www.organisator.ch\/","name":"Organizzatore","description":"Competente. Pratico. In 10 numeri all'anno, ORGANISATOR presenta i temi essenziali per i manager delle PMI.","publisher":{"@id":"https:\/\/www.organisator.ch\/#organization"},"potentialAction":[{"@type":"SearchAction","target":{"@type":"EntryPoint","urlTemplate":"https:\/\/www.organisator.ch\/?s={search_term_string}"},"query-input":{"@type":"PropertyValueSpecification","valueRequired":true,"valueName":"search_term_string"}}],"inLanguage":"it-IT"},{"@type":"Organization","@id":"https:\/\/www.organisator.ch\/#organization","name":"Organizzatore","url":"https:\/\/www.organisator.ch\/","logo":{"@type":"ImageObject","inLanguage":"it-IT","@id":"https:\/\/www.organisator.ch\/#\/schema\/logo\/image\/","url":"https:\/\/www.organisator.ch\/wp-content\/uploads\/2022\/01\/Logo_Organisator_Website.png","contentUrl":"https:\/\/www.organisator.ch\/wp-content\/uploads\/2022\/01\/Logo_Organisator_Website.png","width":800,"height":77,"caption":"Organisator"},"image":{"@id":"https:\/\/www.organisator.ch\/#\/schema\/logo\/image\/"},"sameAs":["https:\/\/www.facebook.com\/OrganisatorFachmagazin","https:\/\/www.linkedin.com\/showcase\/organisator-das-magazin-fr-kmu","https:\/\/www.xing.com\/news\/pages\/organisator-ch-695","https:\/\/www.youtube.com\/channel\/UCGP2Sq0iWaZwT3BdIAQFYpw"]},{"@type":"Person","@id":"https:\/\/www.organisator.ch\/#\/schema\/person\/a800b8c54e208b160517a7dcc323161d","name":"roger.straessle","image":{"@type":"ImageObject","inLanguage":"it-IT","@id":"https:\/\/secure.gravatar.com\/avatar\/?s=96&d=mm&r=g","url":"https:\/\/secure.gravatar.com\/avatar\/?s=96&d=mm&r=g","contentUrl":"https:\/\/secure.gravatar.com\/avatar\/?s=96&d=mm&r=g","caption":"roger.straessle"},"url":"https:\/\/www.organisator.ch\/it\/author\/roger-straessle\/"}]}},"_links":{"self":[{"href":"https:\/\/www.organisator.ch\/it\/wp-json\/wp\/v2\/posts\/4533","targetHints":{"allow":["GET"]}}],"collection":[{"href":"https:\/\/www.organisator.ch\/it\/wp-json\/wp\/v2\/posts"}],"about":[{"href":"https:\/\/www.organisator.ch\/it\/wp-json\/wp\/v2\/types\/post"}],"author":[{"embeddable":true,"href":"https:\/\/www.organisator.ch\/it\/wp-json\/wp\/v2\/users\/6"}],"replies":[{"embeddable":true,"href":"https:\/\/www.organisator.ch\/it\/wp-json\/wp\/v2\/comments?post=4533"}],"version-history":[{"count":1,"href":"https:\/\/www.organisator.ch\/it\/wp-json\/wp\/v2\/posts\/4533\/revisions"}],"predecessor-version":[{"id":10647,"href":"https:\/\/www.organisator.ch\/it\/wp-json\/wp\/v2\/posts\/4533\/revisions\/10647"}],"wp:featuredmedia":[{"embeddable":true,"href":"https:\/\/www.organisator.ch\/it\/wp-json\/wp\/v2\/media\/4534"}],"wp:attachment":[{"href":"https:\/\/www.organisator.ch\/it\/wp-json\/wp\/v2\/media?parent=4533"}],"wp:term":[{"taxonomy":"category","embeddable":true,"href":"https:\/\/www.organisator.ch\/it\/wp-json\/wp\/v2\/categories?post=4533"},{"taxonomy":"post_tag","embeddable":true,"href":"https:\/\/www.organisator.ch\/it\/wp-json\/wp\/v2\/tags?post=4533"}],"curies":[{"name":"wp","href":"https:\/\/api.w.org\/{rel}","templated":true}]}}