{"id":45502,"date":"2026-03-03T08:39:18","date_gmt":"2026-03-03T07:39:18","guid":{"rendered":"https:\/\/www.organisator.ch\/?p=45502"},"modified":"2026-03-03T08:39:18","modified_gmt":"2026-03-03T07:39:18","slug":"neue-leitung-markt-und-politik-und-neue-direktorin-westschweiz-bei-swissolar","status":"publish","type":"post","link":"https:\/\/www.organisator.ch\/it\/sustainability\/2026-03-03\/neue-leitung-markt-und-politik-und-neue-direktorin-westschweiz-bei-swissolar\/","title":{"rendered":"Nuovo responsabile del mercato e delle politiche e nuovo direttore per la Svizzera occidentale di Swissolar"},"content":{"rendered":"<figure id=\"attachment_45504\" aria-describedby=\"caption-attachment-45504\" style=\"width: 680px\" class=\"wp-caption alignnone\"><img loading=\"lazy\" decoding=\"async\" class=\"size-full wp-image-45504\" src=\"https:\/\/www.organisator.ch\/wp-content\/uploads\/2026\/03\/Neue-Leitung-Markt-und-Politik-und-neue-Direktorin-Westschweiz-bei-Swissolar_Organisator.png\" alt=\"\" width=\"680\" height=\"470\" srcset=\"https:\/\/www.organisator.ch\/wp-content\/uploads\/2026\/03\/Neue-Leitung-Markt-und-Politik-und-neue-Direktorin-Westschweiz-bei-Swissolar_Organisator.png 680w, https:\/\/www.organisator.ch\/wp-content\/uploads\/2026\/03\/Neue-Leitung-Markt-und-Politik-und-neue-Direktorin-Westschweiz-bei-Swissolar_Organisator-18x12.png 18w, https:\/\/www.organisator.ch\/wp-content\/uploads\/2026\/03\/Neue-Leitung-Markt-und-Politik-und-neue-Direktorin-Westschweiz-bei-Swissolar_Organisator-375x259.png 375w, https:\/\/www.organisator.ch\/wp-content\/uploads\/2026\/03\/Neue-Leitung-Markt-und-Politik-und-neue-Direktorin-Westschweiz-bei-Swissolar_Organisator-506x350.png 506w\" sizes=\"auto, (max-width: 680px) 100vw, 680px\" \/><figcaption id=\"caption-attachment-45504\" class=\"wp-caption-text\">I nuovi responsabili di Swissolar: Wieland Hintz e Anna Plancherel. (Immagine: Swissolar)<\/figcaption><\/figure>\n<p>Wieland Hintz \u00e8 responsabile del mercato e delle politiche di Swissolar e vice direttore generale dal 1\u00b0 marzo 2026. Il quarantacinquenne \u00e8 responsabile dell'energia solare presso l'Ufficio federale dell'energia dal 2016 e ha svolto un ruolo chiave nella definizione del quadro giuridico per l'espansione del fotovoltaico. \u00abNegli ultimi dieci anni, il fotovoltaico \u00e8 diventato un pilastro dell'approvvigionamento elettrico svizzero, arrivando a coprire oltre il 15% del consumo di elettricit\u00e0. Nel mio nuovo ruolo presso Swissolar, mi impegner\u00f2 a fondo per garantire l'integrazione ottimale del fotovoltaico nel sistema energetico svizzero e per favorire la decarbonizzazione degli edifici e dei trasporti\u00bb, ha dichiarato Wieland Hintz.\u00a0\u00a0<\/p>\n<p>Cresciuto in Germania, ha studiato fisica al Politecnico di Zurigo e ha poi conseguito il dottorato in fisica delle particelle al CERN di Ginevra. Ha maturato un'esperienza professionale nel settore energetico come ingegnere nucleare ed esperto tecnico per l'energia eolica presso Alpiq e come esperto per l'industria energetica presso l'Associazione delle aziende elettriche svizzere (VSE). Gestisce sei turbine eoliche e un parco solare con una capacit\u00e0 di 1,2 MW in Germania come attivit\u00e0 secondaria insieme ai suoi genitori. Vive con la famiglia a Berna.\u00a0<\/p>\n<p>Wieland Hintz sostituisce David Stickelberger, che in futuro lavorer\u00e0 come Senior Advisor Politics. David Stickelberger ha costruito e gestito l'associazione dal 1998 al 2023. Da allora, ha ricoperto il ruolo di vicedirettore generale. In futuro, il suo lavoro si concentrer\u00e0 sul quadro politico e sulla comunicazione. \u00abAnche dopo 28 anni, il mio entusiasmo per l'energia solare rimane immutato\u00bb, afferma il 65enne.\u00a0\u00a0<\/p>\n<h3>Nuovo direttore Suisse Romande\u00a0<\/h3>\n<p>Anna Plancherel assumer\u00e0 anche la nuova posizione di Direttore Suisse Romande di Swissolar il 1\u00b0 marzo 2026, ampliando cos\u00ec ulteriormente la pluriennale rappresentanza di Planair in Swissolar. Plancherel porta con s\u00e9 molti anni di esperienza nei settori dell'energia, delle costruzioni e dell'ICT, sia nella gestione di progetti che nella creazione e gestione di dipartimenti. Dal 2024 \u00e8 responsabile di progetti strategici presso Swissolar; ha inoltre guidato lo sviluppo della formazione professionale nella Svizzera francese.<\/p>\n<p>I suoi nuovi compiti principali includono la rappresentanza di Swissolar nella Svizzera occidentale e l'espansione della rete regionale. Ora \u00e8 il primo punto di contatto per i membri, le autorit\u00e0, i politici, i media e le organizzazioni partner: \u00abL'energia solare \u00e8 un pilastro centrale della strategia energetica. Non vedo l'ora di collaborare con i nostri membri, partner e autorit\u00e0 per sviluppare ulteriormente il potenziale dell'energia solare nella Suisse Romande e rafforzare il settore a lungo termine\u00bb, afferma la 44enne.\u00a0<\/p>\n<p>Ingegnere ambientale di formazione (EPFL), ha seguito una formazione in project management presso l'Universit\u00e0 di Ginevra. Nel corso della sua carriera, \u00e8 stata responsabile di progetti strategici e operativi, ha contribuito alla creazione della filiale svizzera di lingua francese di un'azienda e ha assistito fornitori di energia a livello dirigenziale. Vive a Nyon con la sua famiglia.<\/p>\n<p><em>Fonte: <a href=\"http:\/\/www.swissolar.ch\">Swissolar<\/a><\/em><\/p>","protected":false},"excerpt":{"rendered":"<p>Dal 1\u00b0 marzo Wieland Hintz \u00e8 il nuovo responsabile del mercato e delle politiche di Swissolar. Sostituisce David Stickelberger, che ora lavorer\u00e0 come Senior Advisor Policy per l'associazione di settore. Inoltre, Anna Plancherel assumer\u00e0 la nuova posizione di Direttore Suisse Romande di Swissolar a partire dal 1\u00b0 marzo 2026.<\/p>","protected":false},"author":4,"featured_media":45504,"comment_status":"closed","ping_status":"closed","sticky":false,"template":"","format":"standard","meta":{"_acf_changed":false,"_yoast_wpseo_focuskw":"Swissolar","_yoast_wpseo_metadesc":"Per 1. M\u00e4rz ist Wieland Hintz neuer Leiter Markt und Politik bei Swissolar. Anna Plancherel wird neue Direktorin Suisse Romande.","articlekey":"","footnotes":""},"categories":[580],"tags":[358,381,2143,503],"class_list":["post-45502","post","type-post","status-publish","format-standard","has-post-thumbnail","hentry","category-sustainability","tag-nachhaltige-wirtschaft","tag-personalia","tag-solarenergie","tag-verbaende"],"acf":[],"yoast_head":"<!-- This site is optimized with the Yoast SEO plugin v27.4 - https:\/\/yoast.com\/product\/yoast-seo-wordpress\/ -->\n<title>Neue Leitung Markt und Politik und neue Direktorin Westschweiz bei Swissolar - Organisator<\/title>\n<meta name=\"description\" content=\"Per 1. M\u00e4rz ist Wieland Hintz neuer Leiter Markt und Politik bei Swissolar. Anna Plancherel wird neue Direktorin Suisse Romande.\" \/>\n<meta name=\"robots\" content=\"index, follow, max-snippet:-1, max-image-preview:large, max-video-preview:-1\" \/>\n<link rel=\"canonical\" href=\"https:\/\/www.organisator.ch\/it\/sostenibilita\/2026-03-03\/neue-leitung-markt-und-politik-und-neue-direktorin-westschweiz-bei-swissolar\/\" \/>\n<meta property=\"og:locale\" content=\"it_IT\" \/>\n<meta property=\"og:type\" content=\"article\" \/>\n<meta property=\"og:title\" content=\"Neue Leitung Markt und Politik und neue Direktorin Westschweiz bei Swissolar\" \/>\n<meta property=\"og:description\" content=\"Per 1. M\u00e4rz ist Wieland Hintz neuer Leiter Markt und Politik bei Swissolar. Anna Plancherel wird neue Direktorin Suisse Romande.\" \/>\n<meta property=\"og:url\" content=\"https:\/\/www.organisator.ch\/it\/sostenibilita\/2026-03-03\/neue-leitung-markt-und-politik-und-neue-direktorin-westschweiz-bei-swissolar\/\" \/>\n<meta property=\"og:site_name\" content=\"Organisator\" \/>\n<meta property=\"article:publisher\" content=\"https:\/\/www.facebook.com\/OrganisatorFachmagazin\" \/>\n<meta property=\"article:published_time\" content=\"2026-03-03T07:39:18+00:00\" \/>\n<meta property=\"og:image\" content=\"https:\/\/www.organisator.ch\/wp-content\/uploads\/2026\/03\/Neue-Leitung-Markt-und-Politik-und-neue-Direktorin-Westschweiz-bei-Swissolar_Organisator.png\" \/>\n\t<meta property=\"og:image:width\" content=\"680\" \/>\n\t<meta property=\"og:image:height\" content=\"470\" \/>\n\t<meta property=\"og:image:type\" content=\"image\/png\" \/>\n<meta name=\"author\" content=\"thomas.berner\" \/>\n<meta name=\"twitter:card\" content=\"summary_large_image\" \/>\n<meta name=\"twitter:title\" content=\"Neue Leitung Markt und Politik und neue Direktorin Westschweiz bei #Swissolar\" \/>\n<meta name=\"twitter:description\" content=\"Per 1. M\u00e4rz ist Wieland #Hintz neuer Leiter Markt und Politik bei #Swissolar. Anna #Plancherel wird neue Direktorin Suisse Romande.\" \/>\n<meta name=\"twitter:image\" content=\"https:\/\/www.organisator.ch\/wp-content\/uploads\/2026\/03\/Neue-Leitung-Markt-und-Politik-und-neue-Direktorin-Westschweiz-bei-Swissolar_Organisator.png\" \/>\n<script type=\"application\/ld+json\" class=\"yoast-schema-graph\">{\"@context\":\"https:\\\/\\\/schema.org\",\"@graph\":[{\"@type\":\"Article\",\"@id\":\"https:\\\/\\\/www.organisator.ch\\\/sustainability\\\/2026-03-03\\\/neue-leitung-markt-und-politik-und-neue-direktorin-westschweiz-bei-swissolar\\\/#article\",\"isPartOf\":{\"@id\":\"https:\\\/\\\/www.organisator.ch\\\/sustainability\\\/2026-03-03\\\/neue-leitung-markt-und-politik-und-neue-direktorin-westschweiz-bei-swissolar\\\/\"},\"author\":{\"name\":\"thomas.berner\",\"@id\":\"https:\\\/\\\/www.organisator.ch\\\/#\\\/schema\\\/person\\\/6f650f90b2842cd4c0cc334b4e36f67e\"},\"headline\":\"Neue Leitung Markt und Politik und neue Direktorin Westschweiz bei Swissolar\",\"datePublished\":\"2026-03-03T07:39:18+00:00\",\"mainEntityOfPage\":{\"@id\":\"https:\\\/\\\/www.organisator.ch\\\/sustainability\\\/2026-03-03\\\/neue-leitung-markt-und-politik-und-neue-direktorin-westschweiz-bei-swissolar\\\/\"},\"wordCount\":483,\"publisher\":{\"@id\":\"https:\\\/\\\/www.organisator.ch\\\/#organization\"},\"image\":{\"@id\":\"https:\\\/\\\/www.organisator.ch\\\/sustainability\\\/2026-03-03\\\/neue-leitung-markt-und-politik-und-neue-direktorin-westschweiz-bei-swissolar\\\/#primaryimage\"},\"thumbnailUrl\":\"https:\\\/\\\/www.organisator.ch\\\/wp-content\\\/uploads\\\/2026\\\/03\\\/Neue-Leitung-Markt-und-Politik-und-neue-Direktorin-Westschweiz-bei-Swissolar_Organisator.png\",\"keywords\":[\"Nachhaltige Wirtschaft\",\"Personalia\",\"Solarenergie\",\"Verb\u00e4nde\"],\"articleSection\":[\"SUSTAINABILITY\"],\"inLanguage\":\"it-IT\"},{\"@type\":\"WebPage\",\"@id\":\"https:\\\/\\\/www.organisator.ch\\\/sustainability\\\/2026-03-03\\\/neue-leitung-markt-und-politik-und-neue-direktorin-westschweiz-bei-swissolar\\\/\",\"url\":\"https:\\\/\\\/www.organisator.ch\\\/sustainability\\\/2026-03-03\\\/neue-leitung-markt-und-politik-und-neue-direktorin-westschweiz-bei-swissolar\\\/\",\"name\":\"Neue Leitung Markt und Politik und neue Direktorin Westschweiz bei Swissolar - Organisator\",\"isPartOf\":{\"@id\":\"https:\\\/\\\/www.organisator.ch\\\/#website\"},\"primaryImageOfPage\":{\"@id\":\"https:\\\/\\\/www.organisator.ch\\\/sustainability\\\/2026-03-03\\\/neue-leitung-markt-und-politik-und-neue-direktorin-westschweiz-bei-swissolar\\\/#primaryimage\"},\"image\":{\"@id\":\"https:\\\/\\\/www.organisator.ch\\\/sustainability\\\/2026-03-03\\\/neue-leitung-markt-und-politik-und-neue-direktorin-westschweiz-bei-swissolar\\\/#primaryimage\"},\"thumbnailUrl\":\"https:\\\/\\\/www.organisator.ch\\\/wp-content\\\/uploads\\\/2026\\\/03\\\/Neue-Leitung-Markt-und-Politik-und-neue-Direktorin-Westschweiz-bei-Swissolar_Organisator.png\",\"datePublished\":\"2026-03-03T07:39:18+00:00\",\"description\":\"Per 1. M\u00e4rz ist Wieland Hintz neuer Leiter Markt und Politik bei Swissolar. Anna Plancherel wird neue Direktorin Suisse Romande.\",\"breadcrumb\":{\"@id\":\"https:\\\/\\\/www.organisator.ch\\\/sustainability\\\/2026-03-03\\\/neue-leitung-markt-und-politik-und-neue-direktorin-westschweiz-bei-swissolar\\\/#breadcrumb\"},\"inLanguage\":\"it-IT\",\"potentialAction\":[{\"@type\":\"ReadAction\",\"target\":[\"https:\\\/\\\/www.organisator.ch\\\/sustainability\\\/2026-03-03\\\/neue-leitung-markt-und-politik-und-neue-direktorin-westschweiz-bei-swissolar\\\/\"]}]},{\"@type\":\"ImageObject\",\"inLanguage\":\"it-IT\",\"@id\":\"https:\\\/\\\/www.organisator.ch\\\/sustainability\\\/2026-03-03\\\/neue-leitung-markt-und-politik-und-neue-direktorin-westschweiz-bei-swissolar\\\/#primaryimage\",\"url\":\"https:\\\/\\\/www.organisator.ch\\\/wp-content\\\/uploads\\\/2026\\\/03\\\/Neue-Leitung-Markt-und-Politik-und-neue-Direktorin-Westschweiz-bei-Swissolar_Organisator.png\",\"contentUrl\":\"https:\\\/\\\/www.organisator.ch\\\/wp-content\\\/uploads\\\/2026\\\/03\\\/Neue-Leitung-Markt-und-Politik-und-neue-Direktorin-Westschweiz-bei-Swissolar_Organisator.png\",\"width\":680,\"height\":470,\"caption\":\"Neue K\u00f6pfe bei Swissolar: Wieland Hintz und Anna Plancherel. (Bild: Swissolar)\"},{\"@type\":\"BreadcrumbList\",\"@id\":\"https:\\\/\\\/www.organisator.ch\\\/sustainability\\\/2026-03-03\\\/neue-leitung-markt-und-politik-und-neue-direktorin-westschweiz-bei-swissolar\\\/#breadcrumb\",\"itemListElement\":[{\"@type\":\"ListItem\",\"position\":1,\"name\":\"Home\",\"item\":\"https:\\\/\\\/www.organisator.ch\\\/\"},{\"@type\":\"ListItem\",\"position\":2,\"name\":\"Neue Leitung Markt und Politik und neue Direktorin Westschweiz bei Swissolar\"}]},{\"@type\":\"WebSite\",\"@id\":\"https:\\\/\\\/www.organisator.ch\\\/#website\",\"url\":\"https:\\\/\\\/www.organisator.ch\\\/\",\"name\":\"Organisator\",\"description\":\"Kompetent. Praxisnah. Der ORGANISATOR bereitet in 10 Ausgaben pro Jahr die wesentlichen Themen f\u00fcr F\u00fchrungskr\u00e4fte von KMU auf.\",\"publisher\":{\"@id\":\"https:\\\/\\\/www.organisator.ch\\\/#organization\"},\"potentialAction\":[{\"@type\":\"SearchAction\",\"target\":{\"@type\":\"EntryPoint\",\"urlTemplate\":\"https:\\\/\\\/www.organisator.ch\\\/?s={search_term_string}\"},\"query-input\":{\"@type\":\"PropertyValueSpecification\",\"valueRequired\":true,\"valueName\":\"search_term_string\"}}],\"inLanguage\":\"it-IT\"},{\"@type\":\"Organization\",\"@id\":\"https:\\\/\\\/www.organisator.ch\\\/#organization\",\"name\":\"Organisator\",\"url\":\"https:\\\/\\\/www.organisator.ch\\\/\",\"logo\":{\"@type\":\"ImageObject\",\"inLanguage\":\"it-IT\",\"@id\":\"https:\\\/\\\/www.organisator.ch\\\/#\\\/schema\\\/logo\\\/image\\\/\",\"url\":\"https:\\\/\\\/www.organisator.ch\\\/wp-content\\\/uploads\\\/2022\\\/01\\\/Logo_Organisator_Website.png\",\"contentUrl\":\"https:\\\/\\\/www.organisator.ch\\\/wp-content\\\/uploads\\\/2022\\\/01\\\/Logo_Organisator_Website.png\",\"width\":800,\"height\":77,\"caption\":\"Organisator\"},\"image\":{\"@id\":\"https:\\\/\\\/www.organisator.ch\\\/#\\\/schema\\\/logo\\\/image\\\/\"},\"sameAs\":[\"https:\\\/\\\/www.facebook.com\\\/OrganisatorFachmagazin\",\"https:\\\/\\\/www.linkedin.com\\\/showcase\\\/organisator-das-magazin-fr-kmu\",\"https:\\\/\\\/www.xing.com\\\/news\\\/pages\\\/organisator-ch-695\",\"https:\\\/\\\/www.youtube.com\\\/channel\\\/UCGP2Sq0iWaZwT3BdIAQFYpw\"]},{\"@type\":\"Person\",\"@id\":\"https:\\\/\\\/www.organisator.ch\\\/#\\\/schema\\\/person\\\/6f650f90b2842cd4c0cc334b4e36f67e\",\"name\":\"thomas.berner\",\"image\":{\"@type\":\"ImageObject\",\"inLanguage\":\"it-IT\",\"@id\":\"https:\\\/\\\/secure.gravatar.com\\\/avatar\\\/ac5001d2a36cb6c6cd3e50789007ffca834b477b74a2144564522e944eabff61?s=96&d=mm&r=g\",\"url\":\"https:\\\/\\\/secure.gravatar.com\\\/avatar\\\/ac5001d2a36cb6c6cd3e50789007ffca834b477b74a2144564522e944eabff61?s=96&d=mm&r=g\",\"contentUrl\":\"https:\\\/\\\/secure.gravatar.com\\\/avatar\\\/ac5001d2a36cb6c6cd3e50789007ffca834b477b74a2144564522e944eabff61?s=96&d=mm&r=g\",\"caption\":\"thomas.berner\"},\"url\":\"https:\\\/\\\/www.organisator.ch\\\/it\\\/author\\\/thomas-berner\\\/\"}]}<\/script>\n<!-- \/ Yoast SEO plugin. -->","yoast_head_json":{"title":"Nuovo responsabile del mercato e delle politiche e nuovo direttore per la Svizzera occidentale di Swissolar - Organizzatore","description":"Dal 1\u00b0 marzo, Wieland Hintz \u00e8 il nuovo responsabile del mercato e delle politiche di Swissolar. Anna Plancherel diventa il nuovo direttore di Suisse Romande.","robots":{"index":"index","follow":"follow","max-snippet":"max-snippet:-1","max-image-preview":"max-image-preview:large","max-video-preview":"max-video-preview:-1"},"canonical":"https:\/\/www.organisator.ch\/it\/sostenibilita\/2026-03-03\/neue-leitung-markt-und-politik-und-neue-direktorin-westschweiz-bei-swissolar\/","og_locale":"it_IT","og_type":"article","og_title":"Neue Leitung Markt und Politik und neue Direktorin Westschweiz bei Swissolar","og_description":"Per 1. M\u00e4rz ist Wieland Hintz neuer Leiter Markt und Politik bei Swissolar. Anna Plancherel wird neue Direktorin Suisse Romande.","og_url":"https:\/\/www.organisator.ch\/it\/sostenibilita\/2026-03-03\/neue-leitung-markt-und-politik-und-neue-direktorin-westschweiz-bei-swissolar\/","og_site_name":"Organisator","article_publisher":"https:\/\/www.facebook.com\/OrganisatorFachmagazin","article_published_time":"2026-03-03T07:39:18+00:00","og_image":[{"width":680,"height":470,"url":"https:\/\/www.organisator.ch\/wp-content\/uploads\/2026\/03\/Neue-Leitung-Markt-und-Politik-und-neue-Direktorin-Westschweiz-bei-Swissolar_Organisator.png","type":"image\/png"}],"author":"thomas.berner","twitter_card":"summary_large_image","twitter_title":"Neue Leitung Markt und Politik und neue Direktorin Westschweiz bei #Swissolar","twitter_description":"Per 1. M\u00e4rz ist Wieland #Hintz neuer Leiter Markt und Politik bei #Swissolar. Anna #Plancherel wird neue Direktorin Suisse Romande.","twitter_image":"https:\/\/www.organisator.ch\/wp-content\/uploads\/2026\/03\/Neue-Leitung-Markt-und-Politik-und-neue-Direktorin-Westschweiz-bei-Swissolar_Organisator.png","schema":{"@context":"https:\/\/schema.org","@graph":[{"@type":"Article","@id":"https:\/\/www.organisator.ch\/sustainability\/2026-03-03\/neue-leitung-markt-und-politik-und-neue-direktorin-westschweiz-bei-swissolar\/#article","isPartOf":{"@id":"https:\/\/www.organisator.ch\/sustainability\/2026-03-03\/neue-leitung-markt-und-politik-und-neue-direktorin-westschweiz-bei-swissolar\/"},"author":{"name":"thomas.berner","@id":"https:\/\/www.organisator.ch\/#\/schema\/person\/6f650f90b2842cd4c0cc334b4e36f67e"},"headline":"Neue Leitung Markt und Politik und neue Direktorin Westschweiz bei Swissolar","datePublished":"2026-03-03T07:39:18+00:00","mainEntityOfPage":{"@id":"https:\/\/www.organisator.ch\/sustainability\/2026-03-03\/neue-leitung-markt-und-politik-und-neue-direktorin-westschweiz-bei-swissolar\/"},"wordCount":483,"publisher":{"@id":"https:\/\/www.organisator.ch\/#organization"},"image":{"@id":"https:\/\/www.organisator.ch\/sustainability\/2026-03-03\/neue-leitung-markt-und-politik-und-neue-direktorin-westschweiz-bei-swissolar\/#primaryimage"},"thumbnailUrl":"https:\/\/www.organisator.ch\/wp-content\/uploads\/2026\/03\/Neue-Leitung-Markt-und-Politik-und-neue-Direktorin-Westschweiz-bei-Swissolar_Organisator.png","keywords":["Nachhaltige Wirtschaft","Personalia","Solarenergie","Verb\u00e4nde"],"articleSection":["SUSTAINABILITY"],"inLanguage":"it-IT"},{"@type":"WebPage","@id":"https:\/\/www.organisator.ch\/sustainability\/2026-03-03\/neue-leitung-markt-und-politik-und-neue-direktorin-westschweiz-bei-swissolar\/","url":"https:\/\/www.organisator.ch\/sustainability\/2026-03-03\/neue-leitung-markt-und-politik-und-neue-direktorin-westschweiz-bei-swissolar\/","name":"Nuovo responsabile del mercato e delle politiche e nuovo direttore per la Svizzera occidentale di Swissolar - Organizzatore","isPartOf":{"@id":"https:\/\/www.organisator.ch\/#website"},"primaryImageOfPage":{"@id":"https:\/\/www.organisator.ch\/sustainability\/2026-03-03\/neue-leitung-markt-und-politik-und-neue-direktorin-westschweiz-bei-swissolar\/#primaryimage"},"image":{"@id":"https:\/\/www.organisator.ch\/sustainability\/2026-03-03\/neue-leitung-markt-und-politik-und-neue-direktorin-westschweiz-bei-swissolar\/#primaryimage"},"thumbnailUrl":"https:\/\/www.organisator.ch\/wp-content\/uploads\/2026\/03\/Neue-Leitung-Markt-und-Politik-und-neue-Direktorin-Westschweiz-bei-Swissolar_Organisator.png","datePublished":"2026-03-03T07:39:18+00:00","description":"Dal 1\u00b0 marzo, Wieland Hintz \u00e8 il nuovo responsabile del mercato e delle politiche di Swissolar. Anna Plancherel diventa il nuovo direttore di Suisse Romande.","breadcrumb":{"@id":"https:\/\/www.organisator.ch\/sustainability\/2026-03-03\/neue-leitung-markt-und-politik-und-neue-direktorin-westschweiz-bei-swissolar\/#breadcrumb"},"inLanguage":"it-IT","potentialAction":[{"@type":"ReadAction","target":["https:\/\/www.organisator.ch\/sustainability\/2026-03-03\/neue-leitung-markt-und-politik-und-neue-direktorin-westschweiz-bei-swissolar\/"]}]},{"@type":"ImageObject","inLanguage":"it-IT","@id":"https:\/\/www.organisator.ch\/sustainability\/2026-03-03\/neue-leitung-markt-und-politik-und-neue-direktorin-westschweiz-bei-swissolar\/#primaryimage","url":"https:\/\/www.organisator.ch\/wp-content\/uploads\/2026\/03\/Neue-Leitung-Markt-und-Politik-und-neue-Direktorin-Westschweiz-bei-Swissolar_Organisator.png","contentUrl":"https:\/\/www.organisator.ch\/wp-content\/uploads\/2026\/03\/Neue-Leitung-Markt-und-Politik-und-neue-Direktorin-Westschweiz-bei-Swissolar_Organisator.png","width":680,"height":470,"caption":"Neue K\u00f6pfe bei Swissolar: Wieland Hintz und Anna Plancherel. (Bild: Swissolar)"},{"@type":"BreadcrumbList","@id":"https:\/\/www.organisator.ch\/sustainability\/2026-03-03\/neue-leitung-markt-und-politik-und-neue-direktorin-westschweiz-bei-swissolar\/#breadcrumb","itemListElement":[{"@type":"ListItem","position":1,"name":"Home","item":"https:\/\/www.organisator.ch\/"},{"@type":"ListItem","position":2,"name":"Neue Leitung Markt und Politik und neue Direktorin Westschweiz bei Swissolar"}]},{"@type":"WebSite","@id":"https:\/\/www.organisator.ch\/#website","url":"https:\/\/www.organisator.ch\/","name":"Organizzatore","description":"Competente. Pratico. In 10 numeri all'anno, ORGANISATOR presenta i temi essenziali per i manager delle PMI.","publisher":{"@id":"https:\/\/www.organisator.ch\/#organization"},"potentialAction":[{"@type":"SearchAction","target":{"@type":"EntryPoint","urlTemplate":"https:\/\/www.organisator.ch\/?s={search_term_string}"},"query-input":{"@type":"PropertyValueSpecification","valueRequired":true,"valueName":"search_term_string"}}],"inLanguage":"it-IT"},{"@type":"Organization","@id":"https:\/\/www.organisator.ch\/#organization","name":"Organizzatore","url":"https:\/\/www.organisator.ch\/","logo":{"@type":"ImageObject","inLanguage":"it-IT","@id":"https:\/\/www.organisator.ch\/#\/schema\/logo\/image\/","url":"https:\/\/www.organisator.ch\/wp-content\/uploads\/2022\/01\/Logo_Organisator_Website.png","contentUrl":"https:\/\/www.organisator.ch\/wp-content\/uploads\/2022\/01\/Logo_Organisator_Website.png","width":800,"height":77,"caption":"Organisator"},"image":{"@id":"https:\/\/www.organisator.ch\/#\/schema\/logo\/image\/"},"sameAs":["https:\/\/www.facebook.com\/OrganisatorFachmagazin","https:\/\/www.linkedin.com\/showcase\/organisator-das-magazin-fr-kmu","https:\/\/www.xing.com\/news\/pages\/organisator-ch-695","https:\/\/www.youtube.com\/channel\/UCGP2Sq0iWaZwT3BdIAQFYpw"]},{"@type":"Person","@id":"https:\/\/www.organisator.ch\/#\/schema\/person\/6f650f90b2842cd4c0cc334b4e36f67e","name":"Tommaso.berner","image":{"@type":"ImageObject","inLanguage":"it-IT","@id":"https:\/\/secure.gravatar.com\/avatar\/ac5001d2a36cb6c6cd3e50789007ffca834b477b74a2144564522e944eabff61?s=96&d=mm&r=g","url":"https:\/\/secure.gravatar.com\/avatar\/ac5001d2a36cb6c6cd3e50789007ffca834b477b74a2144564522e944eabff61?s=96&d=mm&r=g","contentUrl":"https:\/\/secure.gravatar.com\/avatar\/ac5001d2a36cb6c6cd3e50789007ffca834b477b74a2144564522e944eabff61?s=96&d=mm&r=g","caption":"thomas.berner"},"url":"https:\/\/www.organisator.ch\/it\/author\/thomas-berner\/"}]}},"_links":{"self":[{"href":"https:\/\/www.organisator.ch\/it\/wp-json\/wp\/v2\/posts\/45502","targetHints":{"allow":["GET"]}}],"collection":[{"href":"https:\/\/www.organisator.ch\/it\/wp-json\/wp\/v2\/posts"}],"about":[{"href":"https:\/\/www.organisator.ch\/it\/wp-json\/wp\/v2\/types\/post"}],"author":[{"embeddable":true,"href":"https:\/\/www.organisator.ch\/it\/wp-json\/wp\/v2\/users\/4"}],"replies":[{"embeddable":true,"href":"https:\/\/www.organisator.ch\/it\/wp-json\/wp\/v2\/comments?post=45502"}],"version-history":[{"count":3,"href":"https:\/\/www.organisator.ch\/it\/wp-json\/wp\/v2\/posts\/45502\/revisions"}],"predecessor-version":[{"id":45542,"href":"https:\/\/www.organisator.ch\/it\/wp-json\/wp\/v2\/posts\/45502\/revisions\/45542"}],"wp:featuredmedia":[{"embeddable":true,"href":"https:\/\/www.organisator.ch\/it\/wp-json\/wp\/v2\/media\/45504"}],"wp:attachment":[{"href":"https:\/\/www.organisator.ch\/it\/wp-json\/wp\/v2\/media?parent=45502"}],"wp:term":[{"taxonomy":"category","embeddable":true,"href":"https:\/\/www.organisator.ch\/it\/wp-json\/wp\/v2\/categories?post=45502"},{"taxonomy":"post_tag","embeddable":true,"href":"https:\/\/www.organisator.ch\/it\/wp-json\/wp\/v2\/tags?post=45502"}],"curies":[{"name":"wp","href":"https:\/\/api.w.org\/{rel}","templated":true}]}}