{"id":45523,"date":"2026-03-03T15:07:10","date_gmt":"2026-03-03T14:07:10","guid":{"rendered":"https:\/\/www.organisator.ch\/de\/?p=45523"},"modified":"2026-03-04T07:47:10","modified_gmt":"2026-03-04T06:47:10","slug":"syrian-hadad-wird-cto-bei-adesso-schweiz","status":"publish","type":"post","link":"https:\/\/www.organisator.ch\/it\/management\/2026-03-03\/syrian-hadad-wird-cto-bei-adesso-schweiz\/","title":{"rendered":"Syrian Hadad diventa CTO di adesso Svizzera"},"content":{"rendered":"<figure id=\"attachment_45522\" aria-describedby=\"caption-attachment-45522\" style=\"width: 933px\" class=\"wp-caption alignnone\"><img loading=\"lazy\" decoding=\"async\" class=\"size-full wp-image-45522\" src=\"https:\/\/www.organisator.ch\/wp-content\/uploads\/2026\/03\/syrian-hadad-scaled.jpg\" alt=\"\" width=\"933\" height=\"1400\" srcset=\"https:\/\/www.organisator.ch\/wp-content\/uploads\/2026\/03\/syrian-hadad-scaled.jpg 933w, https:\/\/www.organisator.ch\/wp-content\/uploads\/2026\/03\/syrian-hadad-667x1000.jpg 667w, https:\/\/www.organisator.ch\/wp-content\/uploads\/2026\/03\/syrian-hadad-683x1024.jpg 683w, https:\/\/www.organisator.ch\/wp-content\/uploads\/2026\/03\/syrian-hadad-768x1152.jpg 768w, https:\/\/www.organisator.ch\/wp-content\/uploads\/2026\/03\/syrian-hadad-8x12.jpg 8w, https:\/\/www.organisator.ch\/wp-content\/uploads\/2026\/03\/syrian-hadad-200x300.jpg 200w, https:\/\/www.organisator.ch\/wp-content\/uploads\/2026\/03\/syrian-hadad-233x350.jpg 233w, https:\/\/www.organisator.ch\/wp-content\/uploads\/2026\/03\/syrian-hadad-533x800.jpg 533w\" sizes=\"auto, (max-width: 933px) 100vw, 933px\" \/><figcaption id=\"caption-attachment-45522\" class=\"wp-caption-text\">Syrian Hadad assume la carica di CTO di adesso Svizzera dal 1\u00b0 aprile 2026 Fonte: zvg<\/figcaption><\/figure>\n<p>Il fornitore di servizi di consulenza e IT adesso Switzerland rafforza il proprio team dirigenziale con Syrian Hadad come nuovo Chief Technology Officer. L'esperto di tecnologia vanta oltre 20 anni di esperienza nei settori dell'architettura, dello sviluppo di piattaforme e della trasformazione digitale.<\/p>\n<h3>Dal cantone di Argovia a adesso<\/h3>\n<p>Syrian Hadad ha lavorato di recente presso il Cantone di Argovia come CTO e responsabile dello sviluppo tecnologico e delle soluzioni. \u00c8 stato responsabile delle iniziative centrali in materia di cloud, architettura e intelligenza artificiale e ha gestito circa 40 ingegneri in vari team. Ha inoltre gestito progetti di trasformazione interdivisionali. Nel 2023, il team del Cantone di Argovia \u00e8 stato premiato con il Digital Economy Award.<\/p>\n<p>Il nuovo CTO ha conseguito un Master in Business Administration presso la FHNW e un Bachelor of Science in Business Information Technology. Lavora anche come docente, tra l'altro presso l'Universit\u00e0 di Scienze Applicate di Berna, e fa parte del consiglio di amministrazione di una PMI in Argovia.<\/p>\n<h3>Concentrarsi sull'innovazione e sulla consegna<\/h3>\n<p>\u00abNon vedo l'ora di affrontare la mia nuova sfida in adesso Svizzera. Il mio obiettivo \u00e8 quello di tradurre costantemente l'innovazione e la tecnologia in offerte scalabili e commercializzabili, di ridurre il time-to-value per i nostri clienti, di sviluppare ulteriormente la consegna insieme ai team in modo mirato e di rendere adesso ancora pi\u00f9 visibile come partner tecnologico leader nel mercato svizzero\u00bb, commenta Syrian Hadad sul suo nuovo ruolo.<\/p>\n<p>Il CEO Michaela Gasser aggiunge: \u00abCon Syrian Hadad come nuovo CTO, acquisiamo un leader forte con una solida esperienza tecnologica e di implementazione. Syrian combina la leadership con il pensiero strategico e l'esperienza di fornitura operativa e porta con s\u00e9 una vasta esperienza in architettura IT, piattaforme, cloud e AI.\u00bb<\/p>\n<p>adesso \u00e8 stata fondata a Dortmund nel 1997 e attualmente il Gruppo adesso impiega oltre 10.400 persone. Come azienda nazionale, adesso Svizzera \u00e8 specializzata nella consulenza e nello sviluppo di software individuali per i processi aziendali principali di aziende e amministrazioni pubbliche. Tra i suoi clienti pi\u00f9 importanti figurano le FFS, Swisscom, la Posta Svizzera, PostFinance, la Confederazione Svizzera, Roche, Helsana, Swiss Life e la Mobiliare.<\/p>\n<p><em>Ulteriori informazioni: <a href=\"https:\/\/www.adesso.ch\" target=\"_blank\" rel=\"noopener\">www.adesso.ch<\/a><\/em><\/p>","protected":false},"excerpt":{"rendered":"<p>Il fornitore di servizi IT adesso Svizzera ha nominato Syrian Hadad nuovo Chief Technology Officer. L'esperto di tecnologia con 20 anni di esperienza si trasferisce dal cantone di Argovia, dove ha lavorato pi\u00f9 di recente come CTO e responsabile dello sviluppo di tecnologie e soluzioni. Hadad inizier\u00e0 a lavorare il 1\u00b0 aprile 2026.<\/p>","protected":false},"author":107,"featured_media":45522,"comment_status":"closed","ping_status":"closed","sticky":false,"template":"","format":"standard","meta":{"_acf_changed":false,"_yoast_wpseo_focuskw":"Syrian Hadad CTO adesso Schweiz","_yoast_wpseo_metadesc":"Syrian Hadad wird neuer CTO bei adesso Schweiz. Der Technologie-Experte wechselt vom Kanton Aargau und startet am 1. April 2026.","articlekey":"","footnotes":""},"categories":[28],"tags":[286,334,381,492],"class_list":["post-45523","post","type-post","status-publish","format-standard","has-post-thumbnail","hentry","category-management","tag-it","tag-management","tag-personalia","tag-unternehmen"],"acf":[],"yoast_head":"<!-- This site is optimized with the Yoast SEO plugin v27.4 - https:\/\/yoast.com\/product\/yoast-seo-wordpress\/ -->\n<title>Syrian Hadad wird CTO bei adesso Schweiz - Organisator<\/title>\n<meta name=\"description\" content=\"Syrian Hadad wird neuer CTO bei adesso Schweiz. Der Technologie-Experte wechselt vom Kanton Aargau und startet am 1. April 2026.\" \/>\n<meta name=\"robots\" content=\"index, follow, max-snippet:-1, max-image-preview:large, max-video-preview:-1\" \/>\n<link rel=\"canonical\" href=\"https:\/\/www.organisator.ch\/it\/gestione-2\/2026-03-03\/syrian-hadad-wird-cto-bei-adesso-schweiz\/\" \/>\n<meta property=\"og:locale\" content=\"it_IT\" \/>\n<meta property=\"og:type\" content=\"article\" \/>\n<meta property=\"og:title\" content=\"Syrian Hadad wird CTO bei adesso Schweiz\" \/>\n<meta property=\"og:description\" content=\"Syrian Hadad wird neuer CTO bei adesso Schweiz. Der Technologie-Experte wechselt vom Kanton Aargau und startet am 1. April 2026.\" \/>\n<meta property=\"og:url\" content=\"https:\/\/www.organisator.ch\/it\/gestione-2\/2026-03-03\/syrian-hadad-wird-cto-bei-adesso-schweiz\/\" \/>\n<meta property=\"og:site_name\" content=\"Organisator\" \/>\n<meta property=\"article:publisher\" content=\"https:\/\/www.facebook.com\/OrganisatorFachmagazin\" \/>\n<meta property=\"article:published_time\" content=\"2026-03-03T14:07:10+00:00\" \/>\n<meta property=\"article:modified_time\" content=\"2026-03-04T06:47:10+00:00\" \/>\n<meta property=\"og:image\" content=\"https:\/\/www.organisator.ch\/wp-content\/uploads\/2026\/03\/syrian-hadad-scaled.jpg\" \/>\n\t<meta property=\"og:image:width\" content=\"933\" \/>\n\t<meta property=\"og:image:height\" content=\"1400\" \/>\n\t<meta property=\"og:image:type\" content=\"image\/jpeg\" \/>\n<meta name=\"author\" content=\"n8n\" \/>\n<meta name=\"twitter:card\" content=\"summary_large_image\" \/>\n<meta name=\"twitter:title\" content=\"Syrian #Hadad wird #CTO bei #adesso Schweiz\" \/>\n<meta name=\"twitter:description\" content=\"Syrian Hadad wird neuer #CTO bei #adesso Schweiz. Der #Technologie-Experte wechselt vom Kanton Aargau und startet am 1. April 2026.\" \/>\n<meta name=\"twitter:image\" content=\"https:\/\/www.organisator.ch\/wp-content\/uploads\/2026\/03\/syrian-hadad-scaled.jpg\" \/>\n<script type=\"application\/ld+json\" class=\"yoast-schema-graph\">{\"@context\":\"https:\\\/\\\/schema.org\",\"@graph\":[{\"@type\":\"Article\",\"@id\":\"https:\\\/\\\/www.organisator.ch\\\/management\\\/2026-03-03\\\/syrian-hadad-wird-cto-bei-adesso-schweiz\\\/#article\",\"isPartOf\":{\"@id\":\"https:\\\/\\\/www.organisator.ch\\\/management\\\/2026-03-03\\\/syrian-hadad-wird-cto-bei-adesso-schweiz\\\/\"},\"author\":{\"name\":\"n8n\",\"@id\":\"https:\\\/\\\/www.organisator.ch\\\/#\\\/schema\\\/person\\\/a9d0e0eff238db87a8f840f3b50359f0\"},\"headline\":\"Syrian Hadad wird CTO bei adesso Schweiz\",\"datePublished\":\"2026-03-03T14:07:10+00:00\",\"dateModified\":\"2026-03-04T06:47:10+00:00\",\"mainEntityOfPage\":{\"@id\":\"https:\\\/\\\/www.organisator.ch\\\/management\\\/2026-03-03\\\/syrian-hadad-wird-cto-bei-adesso-schweiz\\\/\"},\"wordCount\":339,\"publisher\":{\"@id\":\"https:\\\/\\\/www.organisator.ch\\\/#organization\"},\"image\":{\"@id\":\"https:\\\/\\\/www.organisator.ch\\\/management\\\/2026-03-03\\\/syrian-hadad-wird-cto-bei-adesso-schweiz\\\/#primaryimage\"},\"thumbnailUrl\":\"https:\\\/\\\/www.organisator.ch\\\/wp-content\\\/uploads\\\/2026\\\/03\\\/syrian-hadad-scaled.jpg\",\"keywords\":[\"IT\",\"Management\",\"Personalia\",\"Unternehmen\"],\"articleSection\":[\"MANAGEMENT\"],\"inLanguage\":\"it-IT\"},{\"@type\":\"WebPage\",\"@id\":\"https:\\\/\\\/www.organisator.ch\\\/management\\\/2026-03-03\\\/syrian-hadad-wird-cto-bei-adesso-schweiz\\\/\",\"url\":\"https:\\\/\\\/www.organisator.ch\\\/management\\\/2026-03-03\\\/syrian-hadad-wird-cto-bei-adesso-schweiz\\\/\",\"name\":\"Syrian Hadad wird CTO bei adesso Schweiz - Organisator\",\"isPartOf\":{\"@id\":\"https:\\\/\\\/www.organisator.ch\\\/#website\"},\"primaryImageOfPage\":{\"@id\":\"https:\\\/\\\/www.organisator.ch\\\/management\\\/2026-03-03\\\/syrian-hadad-wird-cto-bei-adesso-schweiz\\\/#primaryimage\"},\"image\":{\"@id\":\"https:\\\/\\\/www.organisator.ch\\\/management\\\/2026-03-03\\\/syrian-hadad-wird-cto-bei-adesso-schweiz\\\/#primaryimage\"},\"thumbnailUrl\":\"https:\\\/\\\/www.organisator.ch\\\/wp-content\\\/uploads\\\/2026\\\/03\\\/syrian-hadad-scaled.jpg\",\"datePublished\":\"2026-03-03T14:07:10+00:00\",\"dateModified\":\"2026-03-04T06:47:10+00:00\",\"description\":\"Syrian Hadad wird neuer CTO bei adesso Schweiz. Der Technologie-Experte wechselt vom Kanton Aargau und startet am 1. April 2026.\",\"breadcrumb\":{\"@id\":\"https:\\\/\\\/www.organisator.ch\\\/management\\\/2026-03-03\\\/syrian-hadad-wird-cto-bei-adesso-schweiz\\\/#breadcrumb\"},\"inLanguage\":\"it-IT\",\"potentialAction\":[{\"@type\":\"ReadAction\",\"target\":[\"https:\\\/\\\/www.organisator.ch\\\/management\\\/2026-03-03\\\/syrian-hadad-wird-cto-bei-adesso-schweiz\\\/\"]}]},{\"@type\":\"ImageObject\",\"inLanguage\":\"it-IT\",\"@id\":\"https:\\\/\\\/www.organisator.ch\\\/management\\\/2026-03-03\\\/syrian-hadad-wird-cto-bei-adesso-schweiz\\\/#primaryimage\",\"url\":\"https:\\\/\\\/www.organisator.ch\\\/wp-content\\\/uploads\\\/2026\\\/03\\\/syrian-hadad-scaled.jpg\",\"contentUrl\":\"https:\\\/\\\/www.organisator.ch\\\/wp-content\\\/uploads\\\/2026\\\/03\\\/syrian-hadad-scaled.jpg\",\"width\":933,\"height\":1400,\"caption\":\"Hadad ver\u00f6ffentlicht wichtige Informationen. Quelle: zvg\"},{\"@type\":\"BreadcrumbList\",\"@id\":\"https:\\\/\\\/www.organisator.ch\\\/management\\\/2026-03-03\\\/syrian-hadad-wird-cto-bei-adesso-schweiz\\\/#breadcrumb\",\"itemListElement\":[{\"@type\":\"ListItem\",\"position\":1,\"name\":\"Home\",\"item\":\"https:\\\/\\\/www.organisator.ch\\\/\"},{\"@type\":\"ListItem\",\"position\":2,\"name\":\"Syrian Hadad wird CTO bei adesso Schweiz\"}]},{\"@type\":\"WebSite\",\"@id\":\"https:\\\/\\\/www.organisator.ch\\\/#website\",\"url\":\"https:\\\/\\\/www.organisator.ch\\\/\",\"name\":\"Organisator\",\"description\":\"Kompetent. Praxisnah. Der ORGANISATOR bereitet in 10 Ausgaben pro Jahr die wesentlichen Themen f\u00fcr F\u00fchrungskr\u00e4fte von KMU auf.\",\"publisher\":{\"@id\":\"https:\\\/\\\/www.organisator.ch\\\/#organization\"},\"potentialAction\":[{\"@type\":\"SearchAction\",\"target\":{\"@type\":\"EntryPoint\",\"urlTemplate\":\"https:\\\/\\\/www.organisator.ch\\\/?s={search_term_string}\"},\"query-input\":{\"@type\":\"PropertyValueSpecification\",\"valueRequired\":true,\"valueName\":\"search_term_string\"}}],\"inLanguage\":\"it-IT\"},{\"@type\":\"Organization\",\"@id\":\"https:\\\/\\\/www.organisator.ch\\\/#organization\",\"name\":\"Organisator\",\"url\":\"https:\\\/\\\/www.organisator.ch\\\/\",\"logo\":{\"@type\":\"ImageObject\",\"inLanguage\":\"it-IT\",\"@id\":\"https:\\\/\\\/www.organisator.ch\\\/#\\\/schema\\\/logo\\\/image\\\/\",\"url\":\"https:\\\/\\\/www.organisator.ch\\\/wp-content\\\/uploads\\\/2022\\\/01\\\/Logo_Organisator_Website.png\",\"contentUrl\":\"https:\\\/\\\/www.organisator.ch\\\/wp-content\\\/uploads\\\/2022\\\/01\\\/Logo_Organisator_Website.png\",\"width\":800,\"height\":77,\"caption\":\"Organisator\"},\"image\":{\"@id\":\"https:\\\/\\\/www.organisator.ch\\\/#\\\/schema\\\/logo\\\/image\\\/\"},\"sameAs\":[\"https:\\\/\\\/www.facebook.com\\\/OrganisatorFachmagazin\",\"https:\\\/\\\/www.linkedin.com\\\/showcase\\\/organisator-das-magazin-fr-kmu\",\"https:\\\/\\\/www.xing.com\\\/news\\\/pages\\\/organisator-ch-695\",\"https:\\\/\\\/www.youtube.com\\\/channel\\\/UCGP2Sq0iWaZwT3BdIAQFYpw\"]},{\"@type\":\"Person\",\"@id\":\"https:\\\/\\\/www.organisator.ch\\\/#\\\/schema\\\/person\\\/a9d0e0eff238db87a8f840f3b50359f0\",\"name\":\"n8n\",\"image\":{\"@type\":\"ImageObject\",\"inLanguage\":\"it-IT\",\"@id\":\"https:\\\/\\\/secure.gravatar.com\\\/avatar\\\/5368fb9d03fd415a6f335cece4c15af2502d6ca8651efbd6e8f98427a9795400?s=96&d=mm&r=g\",\"url\":\"https:\\\/\\\/secure.gravatar.com\\\/avatar\\\/5368fb9d03fd415a6f335cece4c15af2502d6ca8651efbd6e8f98427a9795400?s=96&d=mm&r=g\",\"contentUrl\":\"https:\\\/\\\/secure.gravatar.com\\\/avatar\\\/5368fb9d03fd415a6f335cece4c15af2502d6ca8651efbd6e8f98427a9795400?s=96&d=mm&r=g\",\"caption\":\"n8n\"},\"url\":\"https:\\\/\\\/www.organisator.ch\\\/it\\\/author\\\/n8n\\\/\"}]}<\/script>\n<!-- \/ Yoast SEO plugin. -->","yoast_head_json":{"title":"Syrian Hadad diventa CTO di adesso Svizzera - Organizzatore","description":"Syrian Hadad diventa il nuovo CTO di Adesso Svizzera. L'esperto di tecnologia si trasferisce dal cantone di Argovia e inizier\u00e0 a lavorare il 1\u00b0 aprile 2026.","robots":{"index":"index","follow":"follow","max-snippet":"max-snippet:-1","max-image-preview":"max-image-preview:large","max-video-preview":"max-video-preview:-1"},"canonical":"https:\/\/www.organisator.ch\/it\/gestione-2\/2026-03-03\/syrian-hadad-wird-cto-bei-adesso-schweiz\/","og_locale":"it_IT","og_type":"article","og_title":"Syrian Hadad wird CTO bei adesso Schweiz","og_description":"Syrian Hadad wird neuer CTO bei adesso Schweiz. Der Technologie-Experte wechselt vom Kanton Aargau und startet am 1. April 2026.","og_url":"https:\/\/www.organisator.ch\/it\/gestione-2\/2026-03-03\/syrian-hadad-wird-cto-bei-adesso-schweiz\/","og_site_name":"Organisator","article_publisher":"https:\/\/www.facebook.com\/OrganisatorFachmagazin","article_published_time":"2026-03-03T14:07:10+00:00","article_modified_time":"2026-03-04T06:47:10+00:00","og_image":[{"width":933,"height":1400,"url":"https:\/\/www.organisator.ch\/wp-content\/uploads\/2026\/03\/syrian-hadad-scaled.jpg","type":"image\/jpeg"}],"author":"n8n","twitter_card":"summary_large_image","twitter_title":"Syrian #Hadad wird #CTO bei #adesso Schweiz","twitter_description":"Syrian Hadad wird neuer #CTO bei #adesso Schweiz. Der #Technologie-Experte wechselt vom Kanton Aargau und startet am 1. April 2026.","twitter_image":"https:\/\/www.organisator.ch\/wp-content\/uploads\/2026\/03\/syrian-hadad-scaled.jpg","schema":{"@context":"https:\/\/schema.org","@graph":[{"@type":"Article","@id":"https:\/\/www.organisator.ch\/management\/2026-03-03\/syrian-hadad-wird-cto-bei-adesso-schweiz\/#article","isPartOf":{"@id":"https:\/\/www.organisator.ch\/management\/2026-03-03\/syrian-hadad-wird-cto-bei-adesso-schweiz\/"},"author":{"name":"n8n","@id":"https:\/\/www.organisator.ch\/#\/schema\/person\/a9d0e0eff238db87a8f840f3b50359f0"},"headline":"Syrian Hadad wird CTO bei adesso Schweiz","datePublished":"2026-03-03T14:07:10+00:00","dateModified":"2026-03-04T06:47:10+00:00","mainEntityOfPage":{"@id":"https:\/\/www.organisator.ch\/management\/2026-03-03\/syrian-hadad-wird-cto-bei-adesso-schweiz\/"},"wordCount":339,"publisher":{"@id":"https:\/\/www.organisator.ch\/#organization"},"image":{"@id":"https:\/\/www.organisator.ch\/management\/2026-03-03\/syrian-hadad-wird-cto-bei-adesso-schweiz\/#primaryimage"},"thumbnailUrl":"https:\/\/www.organisator.ch\/wp-content\/uploads\/2026\/03\/syrian-hadad-scaled.jpg","keywords":["IT","Management","Personalia","Unternehmen"],"articleSection":["MANAGEMENT"],"inLanguage":"it-IT"},{"@type":"WebPage","@id":"https:\/\/www.organisator.ch\/management\/2026-03-03\/syrian-hadad-wird-cto-bei-adesso-schweiz\/","url":"https:\/\/www.organisator.ch\/management\/2026-03-03\/syrian-hadad-wird-cto-bei-adesso-schweiz\/","name":"Syrian Hadad diventa CTO di adesso Svizzera - Organizzatore","isPartOf":{"@id":"https:\/\/www.organisator.ch\/#website"},"primaryImageOfPage":{"@id":"https:\/\/www.organisator.ch\/management\/2026-03-03\/syrian-hadad-wird-cto-bei-adesso-schweiz\/#primaryimage"},"image":{"@id":"https:\/\/www.organisator.ch\/management\/2026-03-03\/syrian-hadad-wird-cto-bei-adesso-schweiz\/#primaryimage"},"thumbnailUrl":"https:\/\/www.organisator.ch\/wp-content\/uploads\/2026\/03\/syrian-hadad-scaled.jpg","datePublished":"2026-03-03T14:07:10+00:00","dateModified":"2026-03-04T06:47:10+00:00","description":"Syrian Hadad diventa il nuovo CTO di Adesso Svizzera. L'esperto di tecnologia si trasferisce dal cantone di Argovia e inizier\u00e0 a lavorare il 1\u00b0 aprile 2026.","breadcrumb":{"@id":"https:\/\/www.organisator.ch\/management\/2026-03-03\/syrian-hadad-wird-cto-bei-adesso-schweiz\/#breadcrumb"},"inLanguage":"it-IT","potentialAction":[{"@type":"ReadAction","target":["https:\/\/www.organisator.ch\/management\/2026-03-03\/syrian-hadad-wird-cto-bei-adesso-schweiz\/"]}]},{"@type":"ImageObject","inLanguage":"it-IT","@id":"https:\/\/www.organisator.ch\/management\/2026-03-03\/syrian-hadad-wird-cto-bei-adesso-schweiz\/#primaryimage","url":"https:\/\/www.organisator.ch\/wp-content\/uploads\/2026\/03\/syrian-hadad-scaled.jpg","contentUrl":"https:\/\/www.organisator.ch\/wp-content\/uploads\/2026\/03\/syrian-hadad-scaled.jpg","width":933,"height":1400,"caption":"Hadad ver\u00f6ffentlicht wichtige Informationen. Quelle: zvg"},{"@type":"BreadcrumbList","@id":"https:\/\/www.organisator.ch\/management\/2026-03-03\/syrian-hadad-wird-cto-bei-adesso-schweiz\/#breadcrumb","itemListElement":[{"@type":"ListItem","position":1,"name":"Home","item":"https:\/\/www.organisator.ch\/"},{"@type":"ListItem","position":2,"name":"Syrian Hadad wird CTO bei adesso Schweiz"}]},{"@type":"WebSite","@id":"https:\/\/www.organisator.ch\/#website","url":"https:\/\/www.organisator.ch\/","name":"Organizzatore","description":"Competente. Pratico. In 10 numeri all'anno, ORGANISATOR presenta i temi essenziali per i manager delle PMI.","publisher":{"@id":"https:\/\/www.organisator.ch\/#organization"},"potentialAction":[{"@type":"SearchAction","target":{"@type":"EntryPoint","urlTemplate":"https:\/\/www.organisator.ch\/?s={search_term_string}"},"query-input":{"@type":"PropertyValueSpecification","valueRequired":true,"valueName":"search_term_string"}}],"inLanguage":"it-IT"},{"@type":"Organization","@id":"https:\/\/www.organisator.ch\/#organization","name":"Organizzatore","url":"https:\/\/www.organisator.ch\/","logo":{"@type":"ImageObject","inLanguage":"it-IT","@id":"https:\/\/www.organisator.ch\/#\/schema\/logo\/image\/","url":"https:\/\/www.organisator.ch\/wp-content\/uploads\/2022\/01\/Logo_Organisator_Website.png","contentUrl":"https:\/\/www.organisator.ch\/wp-content\/uploads\/2022\/01\/Logo_Organisator_Website.png","width":800,"height":77,"caption":"Organisator"},"image":{"@id":"https:\/\/www.organisator.ch\/#\/schema\/logo\/image\/"},"sameAs":["https:\/\/www.facebook.com\/OrganisatorFachmagazin","https:\/\/www.linkedin.com\/showcase\/organisator-das-magazin-fr-kmu","https:\/\/www.xing.com\/news\/pages\/organisator-ch-695","https:\/\/www.youtube.com\/channel\/UCGP2Sq0iWaZwT3BdIAQFYpw"]},{"@type":"Person","@id":"https:\/\/www.organisator.ch\/#\/schema\/person\/a9d0e0eff238db87a8f840f3b50359f0","name":"n8n","image":{"@type":"ImageObject","inLanguage":"it-IT","@id":"https:\/\/secure.gravatar.com\/avatar\/5368fb9d03fd415a6f335cece4c15af2502d6ca8651efbd6e8f98427a9795400?s=96&d=mm&r=g","url":"https:\/\/secure.gravatar.com\/avatar\/5368fb9d03fd415a6f335cece4c15af2502d6ca8651efbd6e8f98427a9795400?s=96&d=mm&r=g","contentUrl":"https:\/\/secure.gravatar.com\/avatar\/5368fb9d03fd415a6f335cece4c15af2502d6ca8651efbd6e8f98427a9795400?s=96&d=mm&r=g","caption":"n8n"},"url":"https:\/\/www.organisator.ch\/it\/author\/n8n\/"}]}},"_links":{"self":[{"href":"https:\/\/www.organisator.ch\/it\/wp-json\/wp\/v2\/posts\/45523","targetHints":{"allow":["GET"]}}],"collection":[{"href":"https:\/\/www.organisator.ch\/it\/wp-json\/wp\/v2\/posts"}],"about":[{"href":"https:\/\/www.organisator.ch\/it\/wp-json\/wp\/v2\/types\/post"}],"author":[{"embeddable":true,"href":"https:\/\/www.organisator.ch\/it\/wp-json\/wp\/v2\/users\/107"}],"replies":[{"embeddable":true,"href":"https:\/\/www.organisator.ch\/it\/wp-json\/wp\/v2\/comments?post=45523"}],"version-history":[{"count":8,"href":"https:\/\/www.organisator.ch\/it\/wp-json\/wp\/v2\/posts\/45523\/revisions"}],"predecessor-version":[{"id":45557,"href":"https:\/\/www.organisator.ch\/it\/wp-json\/wp\/v2\/posts\/45523\/revisions\/45557"}],"wp:featuredmedia":[{"embeddable":true,"href":"https:\/\/www.organisator.ch\/it\/wp-json\/wp\/v2\/media\/45522"}],"wp:attachment":[{"href":"https:\/\/www.organisator.ch\/it\/wp-json\/wp\/v2\/media?parent=45523"}],"wp:term":[{"taxonomy":"category","embeddable":true,"href":"https:\/\/www.organisator.ch\/it\/wp-json\/wp\/v2\/categories?post=45523"},{"taxonomy":"post_tag","embeddable":true,"href":"https:\/\/www.organisator.ch\/it\/wp-json\/wp\/v2\/tags?post=45523"}],"curies":[{"name":"wp","href":"https:\/\/api.w.org\/{rel}","templated":true}]}}