{"id":45609,"date":"2026-03-05T08:48:23","date_gmt":"2026-03-05T07:48:23","guid":{"rendered":"https:\/\/www.markt-kom.com\/de\/?p=251969"},"modified":"2026-03-05T10:45:09","modified_gmt":"2026-03-05T09:45:09","slug":"european-marketer-of-the-year-2026-marco-greco-ist-nominiert","status":"publish","type":"post","link":"https:\/\/www.organisator.ch\/it\/marketing\/2026-03-05\/european-marketer-of-the-year-2026-marco-greco-ist-nominiert\/","title":{"rendered":"Marketer europeo dell'anno 2026: Marco Greco \u00e8 stato nominato"},"content":{"rendered":"<figure><img src=\"https:\/\/www.markt-kom.com\/wp-content\/uploads\/2026\/03\/greco.jpg\" alt=\"greco\" \/>\r\n<figcaption>Marco Greco rappresenta la Svizzera nella finale dell'European Marketer of the Year 2026 (Fonte: Archivio)<\/figcaption>\r\n<\/figure>\r\n<p>La European Marketing Confederation (EMC) ha annunciato i finalisti del premio European Marketer of the Year 2026. Dieci esperti di marketing strategico europei si sono qualificati per il prestigioso premio.<\/p>\r\n<p>Ogni anno, la maggior parte dei Paesi europei premia i propri campioni nazionali di marketing. Ora EMC premia i migliori di questi campioni con un concorso formale. Tutte le associazioni di marketing in Europa sono state invitate a nominare i loro campioni nazionali di marketing. La prima fase del processo di selezione \u00e8 stata completata.<\/p>\r\n<h3>Rappresentanti svizzeri del settore della vendita al dettaglio di articoli sportivi<\/h3>\r\n<p>Tra i dieci finalisti c'\u00e8 Marco Greco di Ochsner Sport, rappresentante della Svizzera. Gli altri finalisti sono:Stijn Mentrop-Hulisan di McDonalds (Paesi Bassi), Laurence Herbeert di Puratos (Belgio), \u00c1d\u00e1m M\u00e9r\u0151 di Coca Cola (Ungheria), Orla Mitchell di WaterWipes (Irlanda), Vaida Jurkoniene di Telia (Lituania), Sergio Leal, ex McDonalds (Portogallo), C\u00e9sar Romera di Kyndryl (Spagna), Carolina Eggertsson di Tele 2 (Svezia) e Werner Lampert di Werner Lampert Beratung (Austria).<\/p>\r\n<p>Una giuria di professionisti intervister\u00e0 i candidati e selezioner\u00e0 il vincitore. La presentazione dell'European Marketer of the Year 2026 avr\u00e0 luogo il 23 aprile a Vilnius durante la cerimonia di premiazione LIMA.<\/p>\r\n<h3>Supporto di 14 associazioni di marketing<\/h3>\r\n<p>Come campioni nazionali, i finalisti hanno gi\u00e0 dimostrato la loro eccellenza nei rispettivi Paesi. Essere nominati Marketer europeo dell'anno \u00e8 un onore speciale. Il premio \u00e8 sostenuto da quattordici associazioni di marketing leader in Europa, che garantiscono che solo i migliori competano per questo prestigioso riconoscimento.<\/p>\r\n<p>EMC \u00e8 orgogliosa di riconoscere questi eccellenti professionisti del marketing che hanno dimostrato eccezionali capacit\u00e0 di gestione strategica, ottenuto risultati e costruito modelli di business sostenibili nella regione e a livello globale. I professionisti del marketing apportano un approccio strategico e incentrato sul cliente che si traduce in un vantaggio competitivo sostenibile sul mercato.<\/p>\r\n<p>L'EMC \u00e8 la pi\u00f9 grande organizzazione europea di marketing, che rappresenta oltre 100.000 professionisti del marketing in quattordici associazioni nazionali. Come organizzazione no-profit, l'EMC collabora con le associazioni che ne fanno parte per promuovere la formazione, l'orientamento sociale e la creazione di valore per le associazioni di marketing e la professione del marketing in tutta Europa.<\/p>","protected":false},"excerpt":{"rendered":"<p>La European Marketing Confederation ha annunciato i dieci finalisti per il premio European Marketer of the Year 2026. Tra questi c'\u00e8 Marco Greco di Ochsner Sport in Svizzera.<\/p>","protected":false},"author":107,"featured_media":0,"comment_status":"closed","ping_status":"closed","sticky":false,"template":"","format":"standard","meta":{"_acf_changed":false,"_yoast_wpseo_focuskw":"Marco Greco","_yoast_wpseo_metadesc":"Marco Greco von Ochsner Sport ist einer der zehn Finalist:innen f\u00fcr den European Marketer of the Year Award 2026.","articlekey":"","footnotes":""},"categories":[29],"tags":[5868,4343,3426],"class_list":["post-45609","post","type-post","status-publish","format-standard","hentry","category-marketing","tag-european-marketer-of-the-year","tag-markom","tag-ochsner-sport"],"acf":[],"yoast_head":"<!-- This site is optimized with the Yoast SEO plugin v27.5 - https:\/\/yoast.com\/product\/yoast-seo-wordpress\/ -->\n<title>European Marketer of the Year 2026: Marco Greco ist nominiert - Organisator<\/title>\n<meta name=\"description\" content=\"Marco Greco von Ochsner Sport ist einer der zehn Finalist:innen f\u00fcr den European Marketer of the Year Award 2026.\" \/>\n<meta name=\"robots\" content=\"index, follow, max-snippet:-1, max-image-preview:large, max-video-preview:-1\" \/>\n<link rel=\"canonical\" href=\"https:\/\/www.organisator.ch\/it\/marketing\/2026-03-05\/european-marketer-of-the-year-2026-marco-greco-ist-nominiert\/\" \/>\n<meta property=\"og:locale\" content=\"it_IT\" \/>\n<meta property=\"og:type\" content=\"article\" \/>\n<meta property=\"og:title\" content=\"European Marketer of the Year 2026: Marco Greco ist nominiert - Organisator\" \/>\n<meta property=\"og:description\" content=\"Marco Greco von Ochsner Sport ist einer der zehn Finalist:innen f\u00fcr den European Marketer of the Year Award 2026.\" \/>\n<meta property=\"og:url\" content=\"https:\/\/www.organisator.ch\/it\/marketing\/2026-03-05\/european-marketer-of-the-year-2026-marco-greco-ist-nominiert\/\" \/>\n<meta property=\"og:site_name\" content=\"Organisator\" \/>\n<meta property=\"article:publisher\" content=\"https:\/\/www.facebook.com\/OrganisatorFachmagazin\" \/>\n<meta property=\"article:published_time\" content=\"2026-03-05T07:48:23+00:00\" \/>\n<meta property=\"article:modified_time\" content=\"2026-03-05T09:45:09+00:00\" \/>\n<meta property=\"og:image\" content=\"https:\/\/www.markt-kom.com\/wp-content\/uploads\/2026\/03\/greco.jpg\" \/>\n<meta name=\"author\" content=\"n8n\" \/>\n<meta name=\"twitter:card\" content=\"summary_large_image\" \/>\n<script type=\"application\/ld+json\" class=\"yoast-schema-graph\">{\"@context\":\"https:\\\/\\\/schema.org\",\"@graph\":[{\"@type\":\"Article\",\"@id\":\"https:\\\/\\\/www.organisator.ch\\\/marketing\\\/2026-03-05\\\/european-marketer-of-the-year-2026-marco-greco-ist-nominiert\\\/#article\",\"isPartOf\":{\"@id\":\"https:\\\/\\\/www.organisator.ch\\\/marketing\\\/2026-03-05\\\/european-marketer-of-the-year-2026-marco-greco-ist-nominiert\\\/\"},\"author\":{\"name\":\"n8n\",\"@id\":\"https:\\\/\\\/www.organisator.ch\\\/#\\\/schema\\\/person\\\/a9d0e0eff238db87a8f840f3b50359f0\"},\"headline\":\"European Marketer of the Year 2026: Marco Greco ist nominiert\",\"datePublished\":\"2026-03-05T07:48:23+00:00\",\"dateModified\":\"2026-03-05T09:45:09+00:00\",\"mainEntityOfPage\":{\"@id\":\"https:\\\/\\\/www.organisator.ch\\\/marketing\\\/2026-03-05\\\/european-marketer-of-the-year-2026-marco-greco-ist-nominiert\\\/\"},\"wordCount\":379,\"publisher\":{\"@id\":\"https:\\\/\\\/www.organisator.ch\\\/#organization\"},\"image\":{\"@id\":\"https:\\\/\\\/www.organisator.ch\\\/marketing\\\/2026-03-05\\\/european-marketer-of-the-year-2026-marco-greco-ist-nominiert\\\/#primaryimage\"},\"thumbnailUrl\":\"https:\\\/\\\/www.markt-kom.com\\\/wp-content\\\/uploads\\\/2026\\\/03\\\/greco.jpg\",\"keywords\":[\"European Marketer of the Year\",\"MarKom\",\"Ochsner Sport\"],\"articleSection\":[\"MARKETING\"],\"inLanguage\":\"it-IT\"},{\"@type\":\"WebPage\",\"@id\":\"https:\\\/\\\/www.organisator.ch\\\/marketing\\\/2026-03-05\\\/european-marketer-of-the-year-2026-marco-greco-ist-nominiert\\\/\",\"url\":\"https:\\\/\\\/www.organisator.ch\\\/marketing\\\/2026-03-05\\\/european-marketer-of-the-year-2026-marco-greco-ist-nominiert\\\/\",\"name\":\"European Marketer of the Year 2026: Marco Greco ist nominiert - Organisator\",\"isPartOf\":{\"@id\":\"https:\\\/\\\/www.organisator.ch\\\/#website\"},\"primaryImageOfPage\":{\"@id\":\"https:\\\/\\\/www.organisator.ch\\\/marketing\\\/2026-03-05\\\/european-marketer-of-the-year-2026-marco-greco-ist-nominiert\\\/#primaryimage\"},\"image\":{\"@id\":\"https:\\\/\\\/www.organisator.ch\\\/marketing\\\/2026-03-05\\\/european-marketer-of-the-year-2026-marco-greco-ist-nominiert\\\/#primaryimage\"},\"thumbnailUrl\":\"https:\\\/\\\/www.markt-kom.com\\\/wp-content\\\/uploads\\\/2026\\\/03\\\/greco.jpg\",\"datePublished\":\"2026-03-05T07:48:23+00:00\",\"dateModified\":\"2026-03-05T09:45:09+00:00\",\"description\":\"Marco Greco von Ochsner Sport ist einer der zehn Finalist:innen f\u00fcr den European Marketer of the Year Award 2026.\",\"breadcrumb\":{\"@id\":\"https:\\\/\\\/www.organisator.ch\\\/marketing\\\/2026-03-05\\\/european-marketer-of-the-year-2026-marco-greco-ist-nominiert\\\/#breadcrumb\"},\"inLanguage\":\"it-IT\",\"potentialAction\":[{\"@type\":\"ReadAction\",\"target\":[\"https:\\\/\\\/www.organisator.ch\\\/marketing\\\/2026-03-05\\\/european-marketer-of-the-year-2026-marco-greco-ist-nominiert\\\/\"]}]},{\"@type\":\"ImageObject\",\"inLanguage\":\"it-IT\",\"@id\":\"https:\\\/\\\/www.organisator.ch\\\/marketing\\\/2026-03-05\\\/european-marketer-of-the-year-2026-marco-greco-ist-nominiert\\\/#primaryimage\",\"url\":\"https:\\\/\\\/www.markt-kom.com\\\/wp-content\\\/uploads\\\/2026\\\/03\\\/greco.jpg\",\"contentUrl\":\"https:\\\/\\\/www.markt-kom.com\\\/wp-content\\\/uploads\\\/2026\\\/03\\\/greco.jpg\"},{\"@type\":\"BreadcrumbList\",\"@id\":\"https:\\\/\\\/www.organisator.ch\\\/marketing\\\/2026-03-05\\\/european-marketer-of-the-year-2026-marco-greco-ist-nominiert\\\/#breadcrumb\",\"itemListElement\":[{\"@type\":\"ListItem\",\"position\":1,\"name\":\"Home\",\"item\":\"https:\\\/\\\/www.organisator.ch\\\/\"},{\"@type\":\"ListItem\",\"position\":2,\"name\":\"European Marketer of the Year 2026: Marco Greco ist nominiert\"}]},{\"@type\":\"WebSite\",\"@id\":\"https:\\\/\\\/www.organisator.ch\\\/#website\",\"url\":\"https:\\\/\\\/www.organisator.ch\\\/\",\"name\":\"Organisator\",\"description\":\"Kompetent. Praxisnah. Der ORGANISATOR bereitet in 10 Ausgaben pro Jahr die wesentlichen Themen f\u00fcr F\u00fchrungskr\u00e4fte von KMU auf.\",\"publisher\":{\"@id\":\"https:\\\/\\\/www.organisator.ch\\\/#organization\"},\"potentialAction\":[{\"@type\":\"SearchAction\",\"target\":{\"@type\":\"EntryPoint\",\"urlTemplate\":\"https:\\\/\\\/www.organisator.ch\\\/?s={search_term_string}\"},\"query-input\":{\"@type\":\"PropertyValueSpecification\",\"valueRequired\":true,\"valueName\":\"search_term_string\"}}],\"inLanguage\":\"it-IT\"},{\"@type\":\"Organization\",\"@id\":\"https:\\\/\\\/www.organisator.ch\\\/#organization\",\"name\":\"Organisator\",\"url\":\"https:\\\/\\\/www.organisator.ch\\\/\",\"logo\":{\"@type\":\"ImageObject\",\"inLanguage\":\"it-IT\",\"@id\":\"https:\\\/\\\/www.organisator.ch\\\/#\\\/schema\\\/logo\\\/image\\\/\",\"url\":\"https:\\\/\\\/www.organisator.ch\\\/wp-content\\\/uploads\\\/2022\\\/01\\\/Logo_Organisator_Website.png\",\"contentUrl\":\"https:\\\/\\\/www.organisator.ch\\\/wp-content\\\/uploads\\\/2022\\\/01\\\/Logo_Organisator_Website.png\",\"width\":800,\"height\":77,\"caption\":\"Organisator\"},\"image\":{\"@id\":\"https:\\\/\\\/www.organisator.ch\\\/#\\\/schema\\\/logo\\\/image\\\/\"},\"sameAs\":[\"https:\\\/\\\/www.facebook.com\\\/OrganisatorFachmagazin\",\"https:\\\/\\\/www.linkedin.com\\\/showcase\\\/organisator-das-magazin-fr-kmu\",\"https:\\\/\\\/www.xing.com\\\/news\\\/pages\\\/organisator-ch-695\",\"https:\\\/\\\/www.youtube.com\\\/channel\\\/UCGP2Sq0iWaZwT3BdIAQFYpw\"]},{\"@type\":\"Person\",\"@id\":\"https:\\\/\\\/www.organisator.ch\\\/#\\\/schema\\\/person\\\/a9d0e0eff238db87a8f840f3b50359f0\",\"name\":\"n8n\",\"image\":{\"@type\":\"ImageObject\",\"inLanguage\":\"it-IT\",\"@id\":\"https:\\\/\\\/secure.gravatar.com\\\/avatar\\\/5368fb9d03fd415a6f335cece4c15af2502d6ca8651efbd6e8f98427a9795400?s=96&d=mm&r=g\",\"url\":\"https:\\\/\\\/secure.gravatar.com\\\/avatar\\\/5368fb9d03fd415a6f335cece4c15af2502d6ca8651efbd6e8f98427a9795400?s=96&d=mm&r=g\",\"contentUrl\":\"https:\\\/\\\/secure.gravatar.com\\\/avatar\\\/5368fb9d03fd415a6f335cece4c15af2502d6ca8651efbd6e8f98427a9795400?s=96&d=mm&r=g\",\"caption\":\"n8n\"},\"url\":\"https:\\\/\\\/www.organisator.ch\\\/it\\\/author\\\/n8n\\\/\"}]}<\/script>\n<!-- \/ Yoast SEO plugin. -->","yoast_head_json":{"title":"Marketer europeo dell'anno 2026: Marco Greco \u00e8 stato nominato - Organizzatore","description":"Marco Greco di Ochsner Sport \u00e8 uno dei dieci finalisti del premio European Marketer of the Year 2026.","robots":{"index":"index","follow":"follow","max-snippet":"max-snippet:-1","max-image-preview":"max-image-preview:large","max-video-preview":"max-video-preview:-1"},"canonical":"https:\/\/www.organisator.ch\/it\/marketing\/2026-03-05\/european-marketer-of-the-year-2026-marco-greco-ist-nominiert\/","og_locale":"it_IT","og_type":"article","og_title":"European Marketer of the Year 2026: Marco Greco ist nominiert - Organisator","og_description":"Marco Greco von Ochsner Sport ist einer der zehn Finalist:innen f\u00fcr den European Marketer of the Year Award 2026.","og_url":"https:\/\/www.organisator.ch\/it\/marketing\/2026-03-05\/european-marketer-of-the-year-2026-marco-greco-ist-nominiert\/","og_site_name":"Organisator","article_publisher":"https:\/\/www.facebook.com\/OrganisatorFachmagazin","article_published_time":"2026-03-05T07:48:23+00:00","article_modified_time":"2026-03-05T09:45:09+00:00","og_image":[{"url":"https:\/\/www.markt-kom.com\/wp-content\/uploads\/2026\/03\/greco.jpg","type":"","width":"","height":""}],"author":"n8n","twitter_card":"summary_large_image","schema":{"@context":"https:\/\/schema.org","@graph":[{"@type":"Article","@id":"https:\/\/www.organisator.ch\/marketing\/2026-03-05\/european-marketer-of-the-year-2026-marco-greco-ist-nominiert\/#article","isPartOf":{"@id":"https:\/\/www.organisator.ch\/marketing\/2026-03-05\/european-marketer-of-the-year-2026-marco-greco-ist-nominiert\/"},"author":{"name":"n8n","@id":"https:\/\/www.organisator.ch\/#\/schema\/person\/a9d0e0eff238db87a8f840f3b50359f0"},"headline":"European Marketer of the Year 2026: Marco Greco ist nominiert","datePublished":"2026-03-05T07:48:23+00:00","dateModified":"2026-03-05T09:45:09+00:00","mainEntityOfPage":{"@id":"https:\/\/www.organisator.ch\/marketing\/2026-03-05\/european-marketer-of-the-year-2026-marco-greco-ist-nominiert\/"},"wordCount":379,"publisher":{"@id":"https:\/\/www.organisator.ch\/#organization"},"image":{"@id":"https:\/\/www.organisator.ch\/marketing\/2026-03-05\/european-marketer-of-the-year-2026-marco-greco-ist-nominiert\/#primaryimage"},"thumbnailUrl":"https:\/\/www.markt-kom.com\/wp-content\/uploads\/2026\/03\/greco.jpg","keywords":["European Marketer of the Year","MarKom","Ochsner Sport"],"articleSection":["MARKETING"],"inLanguage":"it-IT"},{"@type":"WebPage","@id":"https:\/\/www.organisator.ch\/marketing\/2026-03-05\/european-marketer-of-the-year-2026-marco-greco-ist-nominiert\/","url":"https:\/\/www.organisator.ch\/marketing\/2026-03-05\/european-marketer-of-the-year-2026-marco-greco-ist-nominiert\/","name":"Marketer europeo dell'anno 2026: Marco Greco \u00e8 stato nominato - Organizzatore","isPartOf":{"@id":"https:\/\/www.organisator.ch\/#website"},"primaryImageOfPage":{"@id":"https:\/\/www.organisator.ch\/marketing\/2026-03-05\/european-marketer-of-the-year-2026-marco-greco-ist-nominiert\/#primaryimage"},"image":{"@id":"https:\/\/www.organisator.ch\/marketing\/2026-03-05\/european-marketer-of-the-year-2026-marco-greco-ist-nominiert\/#primaryimage"},"thumbnailUrl":"https:\/\/www.markt-kom.com\/wp-content\/uploads\/2026\/03\/greco.jpg","datePublished":"2026-03-05T07:48:23+00:00","dateModified":"2026-03-05T09:45:09+00:00","description":"Marco Greco di Ochsner Sport \u00e8 uno dei dieci finalisti del premio European Marketer of the Year 2026.","breadcrumb":{"@id":"https:\/\/www.organisator.ch\/marketing\/2026-03-05\/european-marketer-of-the-year-2026-marco-greco-ist-nominiert\/#breadcrumb"},"inLanguage":"it-IT","potentialAction":[{"@type":"ReadAction","target":["https:\/\/www.organisator.ch\/marketing\/2026-03-05\/european-marketer-of-the-year-2026-marco-greco-ist-nominiert\/"]}]},{"@type":"ImageObject","inLanguage":"it-IT","@id":"https:\/\/www.organisator.ch\/marketing\/2026-03-05\/european-marketer-of-the-year-2026-marco-greco-ist-nominiert\/#primaryimage","url":"https:\/\/www.markt-kom.com\/wp-content\/uploads\/2026\/03\/greco.jpg","contentUrl":"https:\/\/www.markt-kom.com\/wp-content\/uploads\/2026\/03\/greco.jpg"},{"@type":"BreadcrumbList","@id":"https:\/\/www.organisator.ch\/marketing\/2026-03-05\/european-marketer-of-the-year-2026-marco-greco-ist-nominiert\/#breadcrumb","itemListElement":[{"@type":"ListItem","position":1,"name":"Home","item":"https:\/\/www.organisator.ch\/"},{"@type":"ListItem","position":2,"name":"European Marketer of the Year 2026: Marco Greco ist nominiert"}]},{"@type":"WebSite","@id":"https:\/\/www.organisator.ch\/#website","url":"https:\/\/www.organisator.ch\/","name":"Organizzatore","description":"Competente. Pratico. In 10 numeri all'anno, ORGANISATOR presenta i temi essenziali per i manager delle PMI.","publisher":{"@id":"https:\/\/www.organisator.ch\/#organization"},"potentialAction":[{"@type":"SearchAction","target":{"@type":"EntryPoint","urlTemplate":"https:\/\/www.organisator.ch\/?s={search_term_string}"},"query-input":{"@type":"PropertyValueSpecification","valueRequired":true,"valueName":"search_term_string"}}],"inLanguage":"it-IT"},{"@type":"Organization","@id":"https:\/\/www.organisator.ch\/#organization","name":"Organizzatore","url":"https:\/\/www.organisator.ch\/","logo":{"@type":"ImageObject","inLanguage":"it-IT","@id":"https:\/\/www.organisator.ch\/#\/schema\/logo\/image\/","url":"https:\/\/www.organisator.ch\/wp-content\/uploads\/2022\/01\/Logo_Organisator_Website.png","contentUrl":"https:\/\/www.organisator.ch\/wp-content\/uploads\/2022\/01\/Logo_Organisator_Website.png","width":800,"height":77,"caption":"Organisator"},"image":{"@id":"https:\/\/www.organisator.ch\/#\/schema\/logo\/image\/"},"sameAs":["https:\/\/www.facebook.com\/OrganisatorFachmagazin","https:\/\/www.linkedin.com\/showcase\/organisator-das-magazin-fr-kmu","https:\/\/www.xing.com\/news\/pages\/organisator-ch-695","https:\/\/www.youtube.com\/channel\/UCGP2Sq0iWaZwT3BdIAQFYpw"]},{"@type":"Person","@id":"https:\/\/www.organisator.ch\/#\/schema\/person\/a9d0e0eff238db87a8f840f3b50359f0","name":"n8n","image":{"@type":"ImageObject","inLanguage":"it-IT","@id":"https:\/\/secure.gravatar.com\/avatar\/5368fb9d03fd415a6f335cece4c15af2502d6ca8651efbd6e8f98427a9795400?s=96&d=mm&r=g","url":"https:\/\/secure.gravatar.com\/avatar\/5368fb9d03fd415a6f335cece4c15af2502d6ca8651efbd6e8f98427a9795400?s=96&d=mm&r=g","contentUrl":"https:\/\/secure.gravatar.com\/avatar\/5368fb9d03fd415a6f335cece4c15af2502d6ca8651efbd6e8f98427a9795400?s=96&d=mm&r=g","caption":"n8n"},"url":"https:\/\/www.organisator.ch\/it\/author\/n8n\/"}]}},"_links":{"self":[{"href":"https:\/\/www.organisator.ch\/it\/wp-json\/wp\/v2\/posts\/45609","targetHints":{"allow":["GET"]}}],"collection":[{"href":"https:\/\/www.organisator.ch\/it\/wp-json\/wp\/v2\/posts"}],"about":[{"href":"https:\/\/www.organisator.ch\/it\/wp-json\/wp\/v2\/types\/post"}],"author":[{"embeddable":true,"href":"https:\/\/www.organisator.ch\/it\/wp-json\/wp\/v2\/users\/107"}],"replies":[{"embeddable":true,"href":"https:\/\/www.organisator.ch\/it\/wp-json\/wp\/v2\/comments?post=45609"}],"version-history":[{"count":4,"href":"https:\/\/www.organisator.ch\/it\/wp-json\/wp\/v2\/posts\/45609\/revisions"}],"predecessor-version":[{"id":45621,"href":"https:\/\/www.organisator.ch\/it\/wp-json\/wp\/v2\/posts\/45609\/revisions\/45621"}],"wp:attachment":[{"href":"https:\/\/www.organisator.ch\/it\/wp-json\/wp\/v2\/media?parent=45609"}],"wp:term":[{"taxonomy":"category","embeddable":true,"href":"https:\/\/www.organisator.ch\/it\/wp-json\/wp\/v2\/categories?post=45609"},{"taxonomy":"post_tag","embeddable":true,"href":"https:\/\/www.organisator.ch\/it\/wp-json\/wp\/v2\/tags?post=45609"}],"curies":[{"name":"wp","href":"https:\/\/api.w.org\/{rel}","templated":true}]}}