{"id":45740,"date":"2026-03-06T13:59:25","date_gmt":"2026-03-06T12:59:25","guid":{"rendered":"https:\/\/www.m-q.ch\/?p=22548"},"modified":"2026-03-06T14:13:16","modified_gmt":"2026-03-06T13:13:16","slug":"cpt-2026-cyber-security-konferenz-setzt-zeichen-fuer-europas-digitale-souveraenitaet","status":"publish","type":"post","link":"https:\/\/www.organisator.ch\/it\/operational-excellence\/2026-03-06\/cpt-2026-cyber-security-konferenz-setzt-zeichen-fuer-europas-digitale-souveraenitaet\/","title":{"rendered":"CPT 2026: La conferenza sulla sicurezza informatica d\u00e0 il via alla sovranit\u00e0 digitale dell'Europa"},"content":{"rendered":"<figure id=\"attachment_22549\" class=\"wp-caption alignnone\" style=\"width: 680px;\" aria-describedby=\"caption-attachment-22549\"><img class=\"size-full wp-image-22549\" src=\"https:\/\/www.m-q.ch\/wp-content\/uploads\/2026\/03\/CPT-2026-Cyber-Security-Konferenz-setzt-Zeichen-fuer-Europas-digitale-Souveraenitaet_MQ.jpg\" sizes=\"(max-width: 680px) 100vw, 680px\" srcset=\"https:\/\/www.m-q.ch\/wp-content\/uploads\/2026\/03\/CPT-2026-Cyber-Security-Konferenz-setzt-Zeichen-fuer-Europas-digitale-Souveraenitaet_MQ.jpg 680w, https:\/\/www.m-q.ch\/wp-content\/uploads\/2026\/03\/CPT-2026-Cyber-Security-Konferenz-setzt-Zeichen-fuer-Europas-digitale-Souveraenitaet_MQ-18x12.jpg 18w, https:\/\/www.m-q.ch\/wp-content\/uploads\/2026\/03\/CPT-2026-Cyber-Security-Konferenz-setzt-Zeichen-fuer-Europas-digitale-Souveraenitaet_MQ-375x234.jpg 375w, https:\/\/www.m-q.ch\/wp-content\/uploads\/2026\/03\/CPT-2026-Cyber-Security-Konferenz-setzt-Zeichen-fuer-Europas-digitale-Souveraenitaet_MQ-561x350.jpg 561w\" alt=\"\" width=\"680\" height=\"424\" \/>\r\n<figcaption id=\"caption-attachment-22549\" class=\"wp-caption-text\">La prima tavola rotonda della CPT 2026 sul tema \u00abL'Europa \u00e8 digitalmente sovrana\u00bb (diritti d'immagine: FTAPI)<\/figcaption>\r\n<\/figure>\r\n<p><a href=\"https:\/\/www.m-q.ch\/de\/rueckblick-swiss-cyber-security-days-2026-souveraen-ist-wer-seine-abhaengigkeiten-kennt\/\">La sovranit\u00e0 digitale non viene discussa solo in Svizzera<\/a>, ma anche a livello europeo. CPT 2026 (Connect. Protect. Transform.) si \u00e8 concluso con successo il 6 marzo 2026 sotto la guida della societ\u00e0 di software FTAPI di Monaco. Quasi 500 top decision-maker, CISO e amministratori delegati di vari settori hanno approfittato dell'atmosfera esclusiva dell'Allianz Arena di Monaco per definire la rotta del futuro digitale dell'Europa. La conferenza ha sottolineato in modo impressionante che la sicurezza informatica \u00e8 diventata ugualmente vitale per le aziende e i governi.<\/p>\r\n<p>Il CPT 2026 si \u00e8 concentrato sulla questione di come l'Europa possa preservare la propria sovranit\u00e0 digitale e i valori democratici in un mondo sempre pi\u00f9 interconnesso e dominato dai giganti tecnologici globali. In questo contesto, sono stati discussi i temi specifici delle due giornate: l'attuazione dei regolamenti NIS-2, l'ulteriore sviluppo degli standard BSI (C5:2025) e l'impatto degli agenti AI sulla difesa informatica.<\/p>\r\n<h3>La sveglia del presidente di BSI<\/h3>\r\n<figure id=\"attachment_45728\" class=\"wp-caption alignnone\" style=\"width: 1400px;\" aria-describedby=\"caption-attachment-45728\"><img class=\"wp-image-45728 size-full\" src=\"https:\/\/www.organisator.ch\/wp-content\/uploads\/2026\/03\/CPT20Plattner-scaled.jpeg\" alt=\"\" width=\"1400\" height=\"902\" \/>\r\n<figcaption id=\"caption-attachment-45728\" class=\"wp-caption-text\">Claudia Plattner, Presidente dell'Ufficio Federale Tedesco per la Sicurezza Informatica (BSI), ha fornito un'analisi senza fronzoli dell'attuale situazione di minaccia e ha invitato gli utenti, i produttori e lo Stato ad assumersi proattivamente la responsabilit\u00e0 nello spazio digitale. (Diritti d'immagine: FTAPI)<\/figcaption>\r\n<\/figure>\r\n<p>La conferenza si \u00e8 aperta con il discorso di Claudia Plattner, presidente dell'Ufficio federale tedesco per la sicurezza informatica (BSI). Con il titolo \u00abSveglia - stiamo ancora dormendo o stiamo valutando correttamente la situazione?\u00bb, ha fornito un'analisi senza fronzoli dell'attuale situazione di minaccia e ha invitato gli operatori, i produttori e lo Stato ad assumersi proattivamente la responsabilit\u00e0 nello spazio digitale.<\/p>\r\n<p>La Presidente di BSI Claudia Plattner: \u00abLa Germania e l'Europa sono costantemente sotto pressione a causa di crimini informatici, conflitti informatici e dominio informatico. La digitalizzazione \u00e8 la chiave di volta di un mondo in enorme cambiamento, con impatti e interazioni sulle regole di convivenza, sulla politica, sul potere e sugli interessi degli Stati. \u00c8 chiaro che la protezione della nostra societ\u00e0 dipende dalle nostre capacit\u00e0 digitali e dalla capacit\u00e0 di difendere lo spazio digitale. La strada verso un'Unione europea sovrana e resiliente dal punto di vista digitale passa attraverso un'unione informatica europea che sar\u00e0 tecnologicamente e quindi economicamente vincente perch\u00e9 utilizza in modo realistico e pragmatico il suo potenziale in stretta collaborazione tra Stati, imprese, scienza e societ\u00e0\u00bb.\u00bb<\/p>\r\n<h3>Discorso sui valori: l'identit\u00e0 digitale dell'Europa<\/h3>\r\n<p>Un punto centrale della conferenza \u00e8 stato l'importanza sociale della digitalizzazione. Nel panel \u00abLa sovranit\u00e0 digitale dell'Europa - L'Europa sta perdendo i suoi valori?\u00bb, il ministro bavarese per gli Affari digitali, Fabian Mehring, insieme a Claudia Plattner e a rappresentanti della politica e della societ\u00e0 civile, ha discusso del potere politico di plasmare un mondo in rete. L'attenzione si \u00e8 concentrata sulla questione di come la sovranit\u00e0 e i valori democratici possano essere preservati di fronte alle dipendenze tecnologiche globali.<\/p>\r\n<p>Il Ministro del Digitale Fabian Mehring: \u00abLa sicurezza informatica non \u00e8 pi\u00f9 un dibattito tecnico di nicchia, ma una questione strategica di sopravvivenza per lo Stato, l'economia e la societ\u00e0. La sovranit\u00e0 digitale deve inevitabilmente diventare parte integrante del DNA degli Stati moderni se vogliamo portare le conquiste delle democrazie liberali occidentali - pace, libert\u00e0, prosperit\u00e0 e sicurezza - dal secolo scorso all'era dell'intelligenza artificiale. Soprattutto, \u00e8 fondamentale la libert\u00e0 di scelta, intesa come capacit\u00e0 di decidere autonomamente tra soluzioni europee efficienti e offerte internazionali forti.\u00bb<\/p>\r\n<h3>La trasformazione come sfida umana<\/h3>\r\n<figure id=\"attachment_45727\" class=\"wp-caption alignnone\" style=\"width: 1053px;\" aria-describedby=\"caption-attachment-45727\"><img class=\"wp-image-45727 size-full\" src=\"https:\/\/www.organisator.ch\/wp-content\/uploads\/2026\/03\/CPT20Neurowissenschafr.20Henning20Beck-scaled.jpg\" alt=\"\" width=\"1053\" height=\"1400\" \/>\r\n<figcaption id=\"caption-attachment-45727\" class=\"wp-caption-text\">Nel discorso centrale della seconda giornata, il neuroscienziato Henning Beck ha analizzato i limiti dell'intelligenza artificiale rispetto alla cognizione umana. (Diritti d'immagine: FTAPI)<\/figcaption>\r\n<\/figure>\r\n<p>Lontano dai dibattiti normativi, il CPT 2026 si \u00e8 concentrato sul fattore umano. Dunja Hayali e Uli Hoeness si sono riuniti in un intenso dialogo per parlare di leadership, coraggio e gestione dei cambiamenti radicali all'insegna del motto \u00abLa trasformazione \u00e8 qualcosa che si fa da soli!\u00bb. Questo dialogo ha evidenziato la componente sociale della conferenza: la trasformazione pu\u00f2 avere successo solo attraverso un ampio discorso che coinvolge diversi settori ed esperienze.<\/p>\r\n<p>Nel keynote centrale del secondo giorno, il neuroscienziato Henning Beck ha analizzato i limiti dell'intelligenza artificiale rispetto alla cognizione umana. Con il motto \u00abBrain vs. AI - Who has the upper hand?\u00bb, Beck ha analizzato se in futuro manterr\u00e0 la sovranit\u00e0 decisionale un'IA con la volont\u00e0 di potenza o un cervello che fa ci\u00f2 che vuole. Ha illustrato quali capacit\u00e0 di pensiero diventeranno fondamentali in un mondo automatizzato e quali sviluppi sono attualmente sottovalutati.<\/p>\r\n<h3>Dalla neurobiologia all'informatica quantistica: una visione a 360 gradi<\/h3>\r\n<p>In 15 masterclass di approfondimento sono state approfondite specifiche questioni normative e tecnologiche. Esperti di importanti istituzioni come Fraunhofer IAO, Fraunhofer AISEC, l'Universit\u00e0 Tecnica di Monaco (TUM), il Cyberintelligence Institute e PwC hanno trasmesso conoscenze pratiche. Il programma ha coperto l'intero spettro dell'attuale architettura di sicurezza: geopolitica e valori hanno affrontato il tema della sovranit\u00e0 digitale dell'Europa all'ombra delle rivalit\u00e0 globali. La questione dell'uomo contro la macchina \u00e8 emersa in relazione alla responsabilit\u00e0 quando gli agenti dell'IA prendono decisioni pi\u00f9 velocemente degli esseri umani. Sono state discusse le tecnologie future, come la preparazione per l'era post-quantistica e l'implementazione sicura dell'IA, nonch\u00e9 l'attuazione pratica della NIS-2 e dei requisiti dell'UE entro il 2027.<\/p>\r\n<h3>FTAPI come forza trainante<\/h3>\r\n<p>In qualit\u00e0 di ospite del CPT 2026, FTAPI sottolinea il suo ruolo di forza trainante per l'innovazione e il networking nel settore. Per l'azienda di software con sede a Monaco di Baviera, l'attenzione si concentra sulla combinazione di eccellenza tecnica e responsabilit\u00e0 sociale.<\/p>\r\n<p>Ari Albertini, CEO di FTAPI, sulla missione dell'evento: \u00abLa sicurezza informatica non deve rimanere un'isola isolata di esperti. Abbiamo bisogno del CPT come luogo di incontro in cui i membri del consiglio di amministrazione di DAX, i ministeri e i leader del pensiero tecnologico possano trovare un linguaggio comune. La CPT \u00e8 il sistema operativo per un'Europa resiliente\u00bb.\u00bb<\/p>\r\n<p>Thomas H\u00e4ndl, fondatore del CPT e VP Product Initiatives &amp; Business Development di FTAPI, aggiunge: \u00abIl CPT 2026 ha dimostrato che dobbiamo abbattere i silos. Quando portiamo al tavolo i responsabili delle decisioni IT, gli amministratori delegati e i politici, non creiamo solo concetti di sicurezza, ma anche visioni reali per il futuro di un'Europa sovrana. Non proteggiamo solo i dati, ma anche la nostra capacit\u00e0 di agire\u00bb.\u00bb<\/p>\r\n<h3>Prospettiva: CPT 2027<\/h3>\r\n<p>Dopo il successo di quest'anno, la FTAPI ha gi\u00e0 annunciato la data dell'evento del prossimo anno. CPT 2027 torner\u00e0 all'Allianz Arena di Monaco dall'11 al 13 maggio 2027 per continuare il dialogo sul futuro digitale dell'Europa.<\/p>\r\n<p>Ulteriori informazioni: <a href=\"https:\/\/www.ftapi.com\/\" rel=\"noopener\">https:\/\/www.ftapi.com<\/a><\/p>\n<p class=\"syndicated-attribution\">Questo articolo \u00e8 apparso originariamente su m-q.ch - <a href=\"https:\/\/www.m-q.ch\/de\/cpt-2026-cyber-security-konferenz-setzt-zeichen-fuer-europas-digitale-souveraenitaet\/\" target=\"_blank\">https:\/\/www.m-q.ch\/de\/cpt-2026-cyber-security-konferenz-setzt-zeichen-fuer-europas-digitale-souveraenitaet\/<\/a><\/p>","protected":false},"excerpt":{"rendered":"<p>La societ\u00e0 di software FTAPI, con sede a Monaco, ha ospitato il CPT 2026 presso l'Allianz Arena di Monaco. Quasi 500 top decision-maker, CISO e amministratori delegati hanno discusso del futuro digitale dell'Europa. L'attenzione si \u00e8 concentrata sulle normative NIS 2, sugli standard BSI e sull'impatto degli agenti AI sulla difesa informatica.<\/p>","protected":false},"author":8,"featured_media":0,"comment_status":"closed","ping_status":"closed","sticky":false,"template":"","format":"standard","meta":{"_acf_changed":false,"_yoast_wpseo_focuskw":"CPT 2026","_yoast_wpseo_metadesc":"Top-Entscheider, CISOs und Gesch\u00e4ftsf\u00fchrer diskutierten am 5. und 6. M\u00e4rz 2026 an der CPT 2026 in M\u00fcnchen die digitale Zukunft Europas.","articlekey":"","footnotes":""},"categories":[582],"tags":[608,4847,193,418,440],"class_list":["post-45740","post","type-post","status-publish","format-standard","hentry","category-operational-excellence","tag-cybersicherheit","tag-digitale-souveraenitaet","tag-fachkongressfachmesse","tag-risikomanagement","tag-software"],"acf":[],"yoast_head":"<!-- This site is optimized with the Yoast SEO plugin v27.5 - https:\/\/yoast.com\/product\/yoast-seo-wordpress\/ -->\n<title>CPT 2026: Cyber-Security-Konferenz setzt Zeichen f\u00fcr Europas digitale Souver\u00e4nit\u00e4t - Organisator<\/title>\n<meta name=\"description\" content=\"Top-Entscheider, CISOs und Gesch\u00e4ftsf\u00fchrer diskutierten am 5. und 6. M\u00e4rz 2026 an der CPT 2026 in M\u00fcnchen die digitale Zukunft Europas.\" \/>\n<meta name=\"robots\" content=\"index, follow, max-snippet:-1, max-image-preview:large, max-video-preview:-1\" \/>\n<link rel=\"canonical\" href=\"https:\/\/www.organisator.ch\/it\/eccellenza-operativa\/2026-03-06\/cpt-2026-cyber-security-konferenz-setzt-zeichen-fuer-europas-digitale-souveraenitaet\/\" \/>\n<meta property=\"og:locale\" content=\"it_IT\" \/>\n<meta property=\"og:type\" content=\"article\" \/>\n<meta property=\"og:title\" content=\"CPT 2026: Cyber-Security-Konferenz setzt Zeichen f\u00fcr Europas digitale Souver\u00e4nit\u00e4t - Organisator\" \/>\n<meta property=\"og:description\" content=\"Top-Entscheider, CISOs und Gesch\u00e4ftsf\u00fchrer diskutierten am 5. und 6. M\u00e4rz 2026 an der CPT 2026 in M\u00fcnchen die digitale Zukunft Europas.\" \/>\n<meta property=\"og:url\" content=\"https:\/\/www.organisator.ch\/it\/eccellenza-operativa\/2026-03-06\/cpt-2026-cyber-security-konferenz-setzt-zeichen-fuer-europas-digitale-souveraenitaet\/\" \/>\n<meta property=\"og:site_name\" content=\"Organisator\" \/>\n<meta property=\"article:publisher\" content=\"https:\/\/www.facebook.com\/OrganisatorFachmagazin\" \/>\n<meta property=\"article:published_time\" content=\"2026-03-06T12:59:25+00:00\" \/>\n<meta property=\"article:modified_time\" content=\"2026-03-06T13:13:16+00:00\" \/>\n<meta name=\"author\" content=\"galledia\" \/>\n<meta name=\"twitter:card\" content=\"summary_large_image\" \/>\n<meta name=\"twitter:creator\" content=\"@admin\" \/>\n<script type=\"application\/ld+json\" class=\"yoast-schema-graph\">{\"@context\":\"https:\\\/\\\/schema.org\",\"@graph\":[{\"@type\":\"Article\",\"@id\":\"https:\\\/\\\/www.organisator.ch\\\/operational-excellence\\\/2026-03-06\\\/cpt-2026-cyber-security-konferenz-setzt-zeichen-fuer-europas-digitale-souveraenitaet\\\/#article\",\"isPartOf\":{\"@id\":\"https:\\\/\\\/www.organisator.ch\\\/operational-excellence\\\/2026-03-06\\\/cpt-2026-cyber-security-konferenz-setzt-zeichen-fuer-europas-digitale-souveraenitaet\\\/\"},\"author\":{\"name\":\"galledia\",\"@id\":\"https:\\\/\\\/www.organisator.ch\\\/#\\\/schema\\\/person\\\/4e51799071cd2dd1232ac003643ef5f0\"},\"headline\":\"CPT 2026: Cyber-Security-Konferenz setzt Zeichen f\u00fcr Europas digitale Souver\u00e4nit\u00e4t\",\"datePublished\":\"2026-03-06T12:59:25+00:00\",\"dateModified\":\"2026-03-06T13:13:16+00:00\",\"mainEntityOfPage\":{\"@id\":\"https:\\\/\\\/www.organisator.ch\\\/operational-excellence\\\/2026-03-06\\\/cpt-2026-cyber-security-konferenz-setzt-zeichen-fuer-europas-digitale-souveraenitaet\\\/\"},\"wordCount\":1022,\"publisher\":{\"@id\":\"https:\\\/\\\/www.organisator.ch\\\/#organization\"},\"image\":{\"@id\":\"https:\\\/\\\/www.organisator.ch\\\/operational-excellence\\\/2026-03-06\\\/cpt-2026-cyber-security-konferenz-setzt-zeichen-fuer-europas-digitale-souveraenitaet\\\/#primaryimage\"},\"thumbnailUrl\":\"https:\\\/\\\/www.m-q.ch\\\/wp-content\\\/uploads\\\/2026\\\/03\\\/CPT-2026-Cyber-Security-Konferenz-setzt-Zeichen-fuer-Europas-digitale-Souveraenitaet_MQ.jpg\",\"keywords\":[\"Cybersicherheit\",\"Digitale Souver\u00e4nit\u00e4t\",\"Fachkongress\\\/Fachmesse\",\"Risikomanagement\",\"Software\"],\"articleSection\":[\"OPERATIONAL EXCELLENCE\"],\"inLanguage\":\"it-IT\"},{\"@type\":\"WebPage\",\"@id\":\"https:\\\/\\\/www.organisator.ch\\\/operational-excellence\\\/2026-03-06\\\/cpt-2026-cyber-security-konferenz-setzt-zeichen-fuer-europas-digitale-souveraenitaet\\\/\",\"url\":\"https:\\\/\\\/www.organisator.ch\\\/operational-excellence\\\/2026-03-06\\\/cpt-2026-cyber-security-konferenz-setzt-zeichen-fuer-europas-digitale-souveraenitaet\\\/\",\"name\":\"CPT 2026: Cyber-Security-Konferenz setzt Zeichen f\u00fcr Europas digitale Souver\u00e4nit\u00e4t - Organisator\",\"isPartOf\":{\"@id\":\"https:\\\/\\\/www.organisator.ch\\\/#website\"},\"primaryImageOfPage\":{\"@id\":\"https:\\\/\\\/www.organisator.ch\\\/operational-excellence\\\/2026-03-06\\\/cpt-2026-cyber-security-konferenz-setzt-zeichen-fuer-europas-digitale-souveraenitaet\\\/#primaryimage\"},\"image\":{\"@id\":\"https:\\\/\\\/www.organisator.ch\\\/operational-excellence\\\/2026-03-06\\\/cpt-2026-cyber-security-konferenz-setzt-zeichen-fuer-europas-digitale-souveraenitaet\\\/#primaryimage\"},\"thumbnailUrl\":\"https:\\\/\\\/www.m-q.ch\\\/wp-content\\\/uploads\\\/2026\\\/03\\\/CPT-2026-Cyber-Security-Konferenz-setzt-Zeichen-fuer-Europas-digitale-Souveraenitaet_MQ.jpg\",\"datePublished\":\"2026-03-06T12:59:25+00:00\",\"dateModified\":\"2026-03-06T13:13:16+00:00\",\"description\":\"Top-Entscheider, CISOs und Gesch\u00e4ftsf\u00fchrer diskutierten am 5. und 6. M\u00e4rz 2026 an der CPT 2026 in M\u00fcnchen die digitale Zukunft Europas.\",\"breadcrumb\":{\"@id\":\"https:\\\/\\\/www.organisator.ch\\\/operational-excellence\\\/2026-03-06\\\/cpt-2026-cyber-security-konferenz-setzt-zeichen-fuer-europas-digitale-souveraenitaet\\\/#breadcrumb\"},\"inLanguage\":\"it-IT\",\"potentialAction\":[{\"@type\":\"ReadAction\",\"target\":[\"https:\\\/\\\/www.organisator.ch\\\/operational-excellence\\\/2026-03-06\\\/cpt-2026-cyber-security-konferenz-setzt-zeichen-fuer-europas-digitale-souveraenitaet\\\/\"]}]},{\"@type\":\"ImageObject\",\"inLanguage\":\"it-IT\",\"@id\":\"https:\\\/\\\/www.organisator.ch\\\/operational-excellence\\\/2026-03-06\\\/cpt-2026-cyber-security-konferenz-setzt-zeichen-fuer-europas-digitale-souveraenitaet\\\/#primaryimage\",\"url\":\"https:\\\/\\\/www.m-q.ch\\\/wp-content\\\/uploads\\\/2026\\\/03\\\/CPT-2026-Cyber-Security-Konferenz-setzt-Zeichen-fuer-Europas-digitale-Souveraenitaet_MQ.jpg\",\"contentUrl\":\"https:\\\/\\\/www.m-q.ch\\\/wp-content\\\/uploads\\\/2026\\\/03\\\/CPT-2026-Cyber-Security-Konferenz-setzt-Zeichen-fuer-Europas-digitale-Souveraenitaet_MQ.jpg\"},{\"@type\":\"BreadcrumbList\",\"@id\":\"https:\\\/\\\/www.organisator.ch\\\/operational-excellence\\\/2026-03-06\\\/cpt-2026-cyber-security-konferenz-setzt-zeichen-fuer-europas-digitale-souveraenitaet\\\/#breadcrumb\",\"itemListElement\":[{\"@type\":\"ListItem\",\"position\":1,\"name\":\"Home\",\"item\":\"https:\\\/\\\/www.organisator.ch\\\/\"},{\"@type\":\"ListItem\",\"position\":2,\"name\":\"CPT 2026: Cyber-Security-Konferenz setzt Zeichen f\u00fcr Europas digitale Souver\u00e4nit\u00e4t\"}]},{\"@type\":\"WebSite\",\"@id\":\"https:\\\/\\\/www.organisator.ch\\\/#website\",\"url\":\"https:\\\/\\\/www.organisator.ch\\\/\",\"name\":\"Organisator\",\"description\":\"Kompetent. Praxisnah. Der ORGANISATOR bereitet in 10 Ausgaben pro Jahr die wesentlichen Themen f\u00fcr F\u00fchrungskr\u00e4fte von KMU auf.\",\"publisher\":{\"@id\":\"https:\\\/\\\/www.organisator.ch\\\/#organization\"},\"potentialAction\":[{\"@type\":\"SearchAction\",\"target\":{\"@type\":\"EntryPoint\",\"urlTemplate\":\"https:\\\/\\\/www.organisator.ch\\\/?s={search_term_string}\"},\"query-input\":{\"@type\":\"PropertyValueSpecification\",\"valueRequired\":true,\"valueName\":\"search_term_string\"}}],\"inLanguage\":\"it-IT\"},{\"@type\":\"Organization\",\"@id\":\"https:\\\/\\\/www.organisator.ch\\\/#organization\",\"name\":\"Organisator\",\"url\":\"https:\\\/\\\/www.organisator.ch\\\/\",\"logo\":{\"@type\":\"ImageObject\",\"inLanguage\":\"it-IT\",\"@id\":\"https:\\\/\\\/www.organisator.ch\\\/#\\\/schema\\\/logo\\\/image\\\/\",\"url\":\"https:\\\/\\\/www.organisator.ch\\\/wp-content\\\/uploads\\\/2022\\\/01\\\/Logo_Organisator_Website.png\",\"contentUrl\":\"https:\\\/\\\/www.organisator.ch\\\/wp-content\\\/uploads\\\/2022\\\/01\\\/Logo_Organisator_Website.png\",\"width\":800,\"height\":77,\"caption\":\"Organisator\"},\"image\":{\"@id\":\"https:\\\/\\\/www.organisator.ch\\\/#\\\/schema\\\/logo\\\/image\\\/\"},\"sameAs\":[\"https:\\\/\\\/www.facebook.com\\\/OrganisatorFachmagazin\",\"https:\\\/\\\/www.linkedin.com\\\/showcase\\\/organisator-das-magazin-fr-kmu\",\"https:\\\/\\\/www.xing.com\\\/news\\\/pages\\\/organisator-ch-695\",\"https:\\\/\\\/www.youtube.com\\\/channel\\\/UCGP2Sq0iWaZwT3BdIAQFYpw\"]},{\"@type\":\"Person\",\"@id\":\"https:\\\/\\\/www.organisator.ch\\\/#\\\/schema\\\/person\\\/4e51799071cd2dd1232ac003643ef5f0\",\"name\":\"galledia\",\"image\":{\"@type\":\"ImageObject\",\"inLanguage\":\"it-IT\",\"@id\":\"https:\\\/\\\/secure.gravatar.com\\\/avatar\\\/78a7f90c01fc2bfc875782a0d4922b37cde2cf184ce347b91316d23cd7f69a36?s=96&d=mm&r=g\",\"url\":\"https:\\\/\\\/secure.gravatar.com\\\/avatar\\\/78a7f90c01fc2bfc875782a0d4922b37cde2cf184ce347b91316d23cd7f69a36?s=96&d=mm&r=g\",\"contentUrl\":\"https:\\\/\\\/secure.gravatar.com\\\/avatar\\\/78a7f90c01fc2bfc875782a0d4922b37cde2cf184ce347b91316d23cd7f69a36?s=96&d=mm&r=g\",\"caption\":\"galledia\"},\"sameAs\":[\"https:\\\/\\\/x.com\\\/admin\"],\"url\":\"https:\\\/\\\/www.organisator.ch\\\/it\\\/author\\\/galledia\\\/\"}]}<\/script>\n<!-- \/ Yoast SEO plugin. -->","yoast_head_json":{"title":"CPT 2026: La conferenza sulla sicurezza informatica d\u00e0 il tono alla sovranit\u00e0 digitale dell'Europa - Organizzatore","description":"I principali decision maker, CISO e amministratori delegati hanno discusso del futuro digitale dell'Europa al CPT 2026 di Monaco di Baviera il 5 e 6 marzo 2026.","robots":{"index":"index","follow":"follow","max-snippet":"max-snippet:-1","max-image-preview":"max-image-preview:large","max-video-preview":"max-video-preview:-1"},"canonical":"https:\/\/www.organisator.ch\/it\/eccellenza-operativa\/2026-03-06\/cpt-2026-cyber-security-konferenz-setzt-zeichen-fuer-europas-digitale-souveraenitaet\/","og_locale":"it_IT","og_type":"article","og_title":"CPT 2026: Cyber-Security-Konferenz setzt Zeichen f\u00fcr Europas digitale Souver\u00e4nit\u00e4t - Organisator","og_description":"Top-Entscheider, CISOs und Gesch\u00e4ftsf\u00fchrer diskutierten am 5. und 6. M\u00e4rz 2026 an der CPT 2026 in M\u00fcnchen die digitale Zukunft Europas.","og_url":"https:\/\/www.organisator.ch\/it\/eccellenza-operativa\/2026-03-06\/cpt-2026-cyber-security-konferenz-setzt-zeichen-fuer-europas-digitale-souveraenitaet\/","og_site_name":"Organisator","article_publisher":"https:\/\/www.facebook.com\/OrganisatorFachmagazin","article_published_time":"2026-03-06T12:59:25+00:00","article_modified_time":"2026-03-06T13:13:16+00:00","author":"galledia","twitter_card":"summary_large_image","twitter_creator":"@admin","schema":{"@context":"https:\/\/schema.org","@graph":[{"@type":"Article","@id":"https:\/\/www.organisator.ch\/operational-excellence\/2026-03-06\/cpt-2026-cyber-security-konferenz-setzt-zeichen-fuer-europas-digitale-souveraenitaet\/#article","isPartOf":{"@id":"https:\/\/www.organisator.ch\/operational-excellence\/2026-03-06\/cpt-2026-cyber-security-konferenz-setzt-zeichen-fuer-europas-digitale-souveraenitaet\/"},"author":{"name":"galledia","@id":"https:\/\/www.organisator.ch\/#\/schema\/person\/4e51799071cd2dd1232ac003643ef5f0"},"headline":"CPT 2026: Cyber-Security-Konferenz setzt Zeichen f\u00fcr Europas digitale Souver\u00e4nit\u00e4t","datePublished":"2026-03-06T12:59:25+00:00","dateModified":"2026-03-06T13:13:16+00:00","mainEntityOfPage":{"@id":"https:\/\/www.organisator.ch\/operational-excellence\/2026-03-06\/cpt-2026-cyber-security-konferenz-setzt-zeichen-fuer-europas-digitale-souveraenitaet\/"},"wordCount":1022,"publisher":{"@id":"https:\/\/www.organisator.ch\/#organization"},"image":{"@id":"https:\/\/www.organisator.ch\/operational-excellence\/2026-03-06\/cpt-2026-cyber-security-konferenz-setzt-zeichen-fuer-europas-digitale-souveraenitaet\/#primaryimage"},"thumbnailUrl":"https:\/\/www.m-q.ch\/wp-content\/uploads\/2026\/03\/CPT-2026-Cyber-Security-Konferenz-setzt-Zeichen-fuer-Europas-digitale-Souveraenitaet_MQ.jpg","keywords":["Cybersicherheit","Digitale Souver\u00e4nit\u00e4t","Fachkongress\/Fachmesse","Risikomanagement","Software"],"articleSection":["OPERATIONAL EXCELLENCE"],"inLanguage":"it-IT"},{"@type":"WebPage","@id":"https:\/\/www.organisator.ch\/operational-excellence\/2026-03-06\/cpt-2026-cyber-security-konferenz-setzt-zeichen-fuer-europas-digitale-souveraenitaet\/","url":"https:\/\/www.organisator.ch\/operational-excellence\/2026-03-06\/cpt-2026-cyber-security-konferenz-setzt-zeichen-fuer-europas-digitale-souveraenitaet\/","name":"CPT 2026: La conferenza sulla sicurezza informatica d\u00e0 il tono alla sovranit\u00e0 digitale dell'Europa - Organizzatore","isPartOf":{"@id":"https:\/\/www.organisator.ch\/#website"},"primaryImageOfPage":{"@id":"https:\/\/www.organisator.ch\/operational-excellence\/2026-03-06\/cpt-2026-cyber-security-konferenz-setzt-zeichen-fuer-europas-digitale-souveraenitaet\/#primaryimage"},"image":{"@id":"https:\/\/www.organisator.ch\/operational-excellence\/2026-03-06\/cpt-2026-cyber-security-konferenz-setzt-zeichen-fuer-europas-digitale-souveraenitaet\/#primaryimage"},"thumbnailUrl":"https:\/\/www.m-q.ch\/wp-content\/uploads\/2026\/03\/CPT-2026-Cyber-Security-Konferenz-setzt-Zeichen-fuer-Europas-digitale-Souveraenitaet_MQ.jpg","datePublished":"2026-03-06T12:59:25+00:00","dateModified":"2026-03-06T13:13:16+00:00","description":"I principali decision maker, CISO e amministratori delegati hanno discusso del futuro digitale dell'Europa al CPT 2026 di Monaco di Baviera il 5 e 6 marzo 2026.","breadcrumb":{"@id":"https:\/\/www.organisator.ch\/operational-excellence\/2026-03-06\/cpt-2026-cyber-security-konferenz-setzt-zeichen-fuer-europas-digitale-souveraenitaet\/#breadcrumb"},"inLanguage":"it-IT","potentialAction":[{"@type":"ReadAction","target":["https:\/\/www.organisator.ch\/operational-excellence\/2026-03-06\/cpt-2026-cyber-security-konferenz-setzt-zeichen-fuer-europas-digitale-souveraenitaet\/"]}]},{"@type":"ImageObject","inLanguage":"it-IT","@id":"https:\/\/www.organisator.ch\/operational-excellence\/2026-03-06\/cpt-2026-cyber-security-konferenz-setzt-zeichen-fuer-europas-digitale-souveraenitaet\/#primaryimage","url":"https:\/\/www.m-q.ch\/wp-content\/uploads\/2026\/03\/CPT-2026-Cyber-Security-Konferenz-setzt-Zeichen-fuer-Europas-digitale-Souveraenitaet_MQ.jpg","contentUrl":"https:\/\/www.m-q.ch\/wp-content\/uploads\/2026\/03\/CPT-2026-Cyber-Security-Konferenz-setzt-Zeichen-fuer-Europas-digitale-Souveraenitaet_MQ.jpg"},{"@type":"BreadcrumbList","@id":"https:\/\/www.organisator.ch\/operational-excellence\/2026-03-06\/cpt-2026-cyber-security-konferenz-setzt-zeichen-fuer-europas-digitale-souveraenitaet\/#breadcrumb","itemListElement":[{"@type":"ListItem","position":1,"name":"Home","item":"https:\/\/www.organisator.ch\/"},{"@type":"ListItem","position":2,"name":"CPT 2026: Cyber-Security-Konferenz setzt Zeichen f\u00fcr Europas digitale Souver\u00e4nit\u00e4t"}]},{"@type":"WebSite","@id":"https:\/\/www.organisator.ch\/#website","url":"https:\/\/www.organisator.ch\/","name":"Organizzatore","description":"Competente. Pratico. In 10 numeri all'anno, ORGANISATOR presenta i temi essenziali per i manager delle PMI.","publisher":{"@id":"https:\/\/www.organisator.ch\/#organization"},"potentialAction":[{"@type":"SearchAction","target":{"@type":"EntryPoint","urlTemplate":"https:\/\/www.organisator.ch\/?s={search_term_string}"},"query-input":{"@type":"PropertyValueSpecification","valueRequired":true,"valueName":"search_term_string"}}],"inLanguage":"it-IT"},{"@type":"Organization","@id":"https:\/\/www.organisator.ch\/#organization","name":"Organizzatore","url":"https:\/\/www.organisator.ch\/","logo":{"@type":"ImageObject","inLanguage":"it-IT","@id":"https:\/\/www.organisator.ch\/#\/schema\/logo\/image\/","url":"https:\/\/www.organisator.ch\/wp-content\/uploads\/2022\/01\/Logo_Organisator_Website.png","contentUrl":"https:\/\/www.organisator.ch\/wp-content\/uploads\/2022\/01\/Logo_Organisator_Website.png","width":800,"height":77,"caption":"Organisator"},"image":{"@id":"https:\/\/www.organisator.ch\/#\/schema\/logo\/image\/"},"sameAs":["https:\/\/www.facebook.com\/OrganisatorFachmagazin","https:\/\/www.linkedin.com\/showcase\/organisator-das-magazin-fr-kmu","https:\/\/www.xing.com\/news\/pages\/organisator-ch-695","https:\/\/www.youtube.com\/channel\/UCGP2Sq0iWaZwT3BdIAQFYpw"]},{"@type":"Person","@id":"https:\/\/www.organisator.ch\/#\/schema\/person\/4e51799071cd2dd1232ac003643ef5f0","name":"galledia","image":{"@type":"ImageObject","inLanguage":"it-IT","@id":"https:\/\/secure.gravatar.com\/avatar\/78a7f90c01fc2bfc875782a0d4922b37cde2cf184ce347b91316d23cd7f69a36?s=96&d=mm&r=g","url":"https:\/\/secure.gravatar.com\/avatar\/78a7f90c01fc2bfc875782a0d4922b37cde2cf184ce347b91316d23cd7f69a36?s=96&d=mm&r=g","contentUrl":"https:\/\/secure.gravatar.com\/avatar\/78a7f90c01fc2bfc875782a0d4922b37cde2cf184ce347b91316d23cd7f69a36?s=96&d=mm&r=g","caption":"galledia"},"sameAs":["https:\/\/x.com\/admin"],"url":"https:\/\/www.organisator.ch\/it\/author\/galledia\/"}]}},"_links":{"self":[{"href":"https:\/\/www.organisator.ch\/it\/wp-json\/wp\/v2\/posts\/45740","targetHints":{"allow":["GET"]}}],"collection":[{"href":"https:\/\/www.organisator.ch\/it\/wp-json\/wp\/v2\/posts"}],"about":[{"href":"https:\/\/www.organisator.ch\/it\/wp-json\/wp\/v2\/types\/post"}],"author":[{"embeddable":true,"href":"https:\/\/www.organisator.ch\/it\/wp-json\/wp\/v2\/users\/8"}],"replies":[{"embeddable":true,"href":"https:\/\/www.organisator.ch\/it\/wp-json\/wp\/v2\/comments?post=45740"}],"version-history":[{"count":6,"href":"https:\/\/www.organisator.ch\/it\/wp-json\/wp\/v2\/posts\/45740\/revisions"}],"predecessor-version":[{"id":45746,"href":"https:\/\/www.organisator.ch\/it\/wp-json\/wp\/v2\/posts\/45740\/revisions\/45746"}],"wp:attachment":[{"href":"https:\/\/www.organisator.ch\/it\/wp-json\/wp\/v2\/media?parent=45740"}],"wp:term":[{"taxonomy":"category","embeddable":true,"href":"https:\/\/www.organisator.ch\/it\/wp-json\/wp\/v2\/categories?post=45740"},{"taxonomy":"post_tag","embeddable":true,"href":"https:\/\/www.organisator.ch\/it\/wp-json\/wp\/v2\/tags?post=45740"}],"curies":[{"name":"wp","href":"https:\/\/api.w.org\/{rel}","templated":true}]}}