{"id":45749,"date":"2026-03-09T07:55:43","date_gmt":"2026-03-09T06:55:43","guid":{"rendered":"https:\/\/www.organisator.ch\/de\/?p=45749"},"modified":"2026-03-09T07:55:43","modified_gmt":"2026-03-09T06:55:43","slug":"systemisches-denken-in-der-beratung","status":"publish","type":"post","link":"https:\/\/www.organisator.ch\/it\/weiterbildung\/2026-03-09\/systemisches-denken-in-der-beratung\/","title":{"rendered":"Il pensiero sistemico nella consulenza"},"content":{"rendered":"<figure id=\"attachment_45748\" aria-describedby=\"caption-attachment-45748\" style=\"width: 1000px\" class=\"wp-caption alignnone\"><img loading=\"lazy\" decoding=\"async\" class=\"size-full wp-image-45748\" src=\"https:\/\/www.organisator.ch\/wp-content\/uploads\/2026\/03\/fc7c8a7c-448f-453c-ad17-8cf5e25900a4.jpg\" alt=\"\" width=\"1000\" height=\"519\" srcset=\"https:\/\/www.organisator.ch\/wp-content\/uploads\/2026\/03\/fc7c8a7c-448f-453c-ad17-8cf5e25900a4.jpg 1000w, https:\/\/www.organisator.ch\/wp-content\/uploads\/2026\/03\/fc7c8a7c-448f-453c-ad17-8cf5e25900a4-680x353.jpg 680w, https:\/\/www.organisator.ch\/wp-content\/uploads\/2026\/03\/fc7c8a7c-448f-453c-ad17-8cf5e25900a4-768x399.jpg 768w, https:\/\/www.organisator.ch\/wp-content\/uploads\/2026\/03\/fc7c8a7c-448f-453c-ad17-8cf5e25900a4-18x9.jpg 18w, https:\/\/www.organisator.ch\/wp-content\/uploads\/2026\/03\/fc7c8a7c-448f-453c-ad17-8cf5e25900a4-375x195.jpg 375w, https:\/\/www.organisator.ch\/wp-content\/uploads\/2026\/03\/fc7c8a7c-448f-453c-ad17-8cf5e25900a4-674x350.jpg 674w\" sizes=\"auto, (max-width: 1000px) 100vw, 1000px\" \/><figcaption id=\"caption-attachment-45748\" class=\"wp-caption-text\">Preparativi per importanti discussioni nella sala riunioni. Fonte: zvg<\/figcaption><\/figure>\n<p>Un team \u00e8 in conflitto. Si discute, si decidono misure, si adattano le strutture. Ma dopo tre mesi tutto torna come prima. Molte persone conoscono questo fenomeno dalla pratica della consulenza. La spiegazione non sta nel fallimento delle persone coinvolte, ma nella logica del sistema: gli schemi non cambiano grazie agli appelli e alla buona volont\u00e0, ma quando si comprende la logica che li mantiene in vita.<\/p>\n<h3>Teoria dei sistemi e pratica della consulenza<\/h3>\n<p>Il seminario di due giorni, dal 21 al 22 aprile 2026, insegna i concetti fondamentali del lavoro sistemico per il coaching, la supervisione e la consulenza organizzativa. I partecipanti impareranno come le persone e i team creano la loro realt\u00e0 e come questa pu\u00f2 essere cambiata in modo produttivo. L'attenzione si concentra sul riconoscimento degli schemi conflittuali nei team, sull'efficace rottura delle costruzioni della realt\u00e0 e sullo sviluppo di interventi che abbiano effettivamente un effetto, e non si limitino a calmare le acque nel breve periodo.<\/p>\n<h3>Comprendere le organizzazioni in modo sistemico<\/h3>\n<p>Il secondo seminario si terr\u00e0 il 23 e 24 aprile 2026 ed \u00e8 dedicato alla domanda sul perch\u00e9 i processi di cambiamento ben intenzionati spesso falliscono. Perch\u00e9 in molte organizzazioni l'agilit\u00e0 rimane una parola d'ordine che rimbalza sulle strutture reali? E perch\u00e9 i problemi organizzativi si trasformano cos\u00ec spesso in problemi di persone? Il seminario fornisce strumenti concettuali per vedere attraverso la logica organizzativa. I partecipanti capiranno perch\u00e9 le gerarchie non sono errori, ma risposte funzionali a domande strutturali, e cosa possono o non possono fare le nuove forme agili.<\/p>\n<h3>Perch\u00e9 ora?<\/h3>\n<p>I sistemi di intelligenza artificiale prendono decisioni, i team lavorano in pi\u00f9 continenti, le forme organizzative cambiano ogni anno. La tentazione di rispondere con strumenti e strutture sempre nuovi \u00e8 grande. Ma le organizzazioni sono sempre state pi\u00f9 della somma delle loro parti. Le decisioni sono sempre state prese nell'incertezza. E il cambiamento \u00e8 sempre stato paradossale. Cosa \u00e8 cambiato: L'emivita delle mode manageriali si \u00e8 accorciata. I consulenti informati sulla teoria dei sistemi pongono le domande giuste, prima di implementare le soluzioni.<\/p>\n<h3>I relatori<\/h3>\n<p>Torsten Groth \u00e8 laureato in scienze sociali, consulente organizzativo indipendente, docente presso il WIFU dell'Universit\u00e0 di Witten\/Herdecke, socio amministratore di Simon Weber Friends e iniziatore del Club Systemtheorie. \u00c8 autore di \u00ab66 Gebote systemischen Denkens und Handelns\u00bb (Carl-Auer, 4a ed. 2022).<\/p>\n<p>Roger Romano \u00e8 co-proprietario dell'Institute for Systemic Impulses, coach sistemico, supervisore e consulente organizzativo specializzato in analisi transazionale. Ha pi\u00f9 di 25 anni di esperienza nel supporto di organizzazioni, team e persone attraverso il cambiamento.<\/p>\n<p>I due seminari si completano perfettamente. Chi partecipa a entrambi sviluppa una base concettuale coerente per il proprio lavoro di consulenza e gestione.<\/p>\n<p>Per ulteriori informazioni sui seminari e sulle modalit\u00e0 di iscrizione, consultare il sito <a href=\"https:\/\/www.systemische-impulse.ch\" target=\"_blank\" rel=\"noopener\">www.systemische-impulse.ch<\/a>.<\/p>","protected":false},"excerpt":{"rendered":"<p>L'Istituto per gli impulsi sistemici offre due seminari nell'aprile 2026 che aiuteranno i consulenti a rendere pi\u00f9 efficaci i processi di cambiamento. L'attenzione \u00e8 rivolta ai concetti della teoria dei sistemi per il coaching, la supervisione e la consulenza organizzativa. I seminari spiegano perch\u00e9 le misure ben intenzionate spesso falliscono e come i modelli possono essere effettivamente cambiati.<\/p>","protected":false},"author":107,"featured_media":45748,"comment_status":"closed","ping_status":"closed","sticky":false,"template":"","format":"standard","meta":{"_acf_changed":false,"_yoast_wpseo_focuskw":"Systemisches Denken","_yoast_wpseo_metadesc":"Zwei Seminare im April 2026 vermitteln systemtheoretische Konzepte f\u00fcr wirksamere Beratung in Coaching und Organisationsentwicklung.","articlekey":"","footnotes":""},"categories":[30],"tags":[3920,430,5878],"class_list":["post-45749","post","type-post","status-publish","format-standard","has-post-thumbnail","hentry","category-weiterbildung","tag-beratung","tag-seminar","tag-systemisches-denken"],"acf":[],"yoast_head":"<!-- This site is optimized with the Yoast SEO plugin v27.5 - https:\/\/yoast.com\/product\/yoast-seo-wordpress\/ -->\n<title>Systemisches Denken in der Beratung - Organisator<\/title>\n<meta name=\"description\" content=\"Zwei Seminare im April 2026 vermitteln systemtheoretische Konzepte f\u00fcr wirksamere Beratung in Coaching und Organisationsentwicklung.\" \/>\n<meta name=\"robots\" content=\"index, follow, max-snippet:-1, max-image-preview:large, max-video-preview:-1\" \/>\n<link rel=\"canonical\" href=\"https:\/\/www.organisator.ch\/it\/formazione-continua\/2026-03-09\/systemisches-denken-in-der-beratung\/\" \/>\n<meta property=\"og:locale\" content=\"it_IT\" \/>\n<meta property=\"og:type\" content=\"article\" \/>\n<meta property=\"og:title\" content=\"Systemisches Denken in der Beratung\" \/>\n<meta property=\"og:description\" content=\"Zwei Seminare im April 2026 vermitteln systemtheoretische Konzepte f\u00fcr wirksamere Beratung in Coaching und Organisationsentwicklung.\" \/>\n<meta property=\"og:url\" content=\"https:\/\/www.organisator.ch\/it\/formazione-continua\/2026-03-09\/systemisches-denken-in-der-beratung\/\" \/>\n<meta property=\"og:site_name\" content=\"Organisator\" \/>\n<meta property=\"article:publisher\" content=\"https:\/\/www.facebook.com\/OrganisatorFachmagazin\" \/>\n<meta property=\"article:published_time\" content=\"2026-03-09T06:55:43+00:00\" \/>\n<meta property=\"og:image\" content=\"https:\/\/www.organisator.ch\/wp-content\/uploads\/2026\/03\/fc7c8a7c-448f-453c-ad17-8cf5e25900a4.jpg\" \/>\n\t<meta property=\"og:image:width\" content=\"1000\" \/>\n\t<meta property=\"og:image:height\" content=\"519\" \/>\n\t<meta property=\"og:image:type\" content=\"image\/jpeg\" \/>\n<meta name=\"author\" content=\"n8n\" \/>\n<meta name=\"twitter:card\" content=\"summary_large_image\" \/>\n<meta name=\"twitter:title\" content=\"Systemisches Denken in der #Beratung\" \/>\n<meta name=\"twitter:description\" content=\"Zwei Seminare im April 2026 vermitteln #systemtheoretische Konzepte f\u00fcr wirksamere Beratung in Coaching und #Organisationsentwicklung.\" \/>\n<meta name=\"twitter:image\" content=\"https:\/\/www.organisator.ch\/wp-content\/uploads\/2026\/03\/fc7c8a7c-448f-453c-ad17-8cf5e25900a4.jpg\" \/>\n<script type=\"application\/ld+json\" class=\"yoast-schema-graph\">{\"@context\":\"https:\\\/\\\/schema.org\",\"@graph\":[{\"@type\":\"Article\",\"@id\":\"https:\\\/\\\/www.organisator.ch\\\/weiterbildung\\\/2026-03-09\\\/systemisches-denken-in-der-beratung\\\/#article\",\"isPartOf\":{\"@id\":\"https:\\\/\\\/www.organisator.ch\\\/weiterbildung\\\/2026-03-09\\\/systemisches-denken-in-der-beratung\\\/\"},\"author\":{\"name\":\"n8n\",\"@id\":\"https:\\\/\\\/www.organisator.ch\\\/#\\\/schema\\\/person\\\/a9d0e0eff238db87a8f840f3b50359f0\"},\"headline\":\"Systemisches Denken in der Beratung\",\"datePublished\":\"2026-03-09T06:55:43+00:00\",\"mainEntityOfPage\":{\"@id\":\"https:\\\/\\\/www.organisator.ch\\\/weiterbildung\\\/2026-03-09\\\/systemisches-denken-in-der-beratung\\\/\"},\"wordCount\":429,\"publisher\":{\"@id\":\"https:\\\/\\\/www.organisator.ch\\\/#organization\"},\"image\":{\"@id\":\"https:\\\/\\\/www.organisator.ch\\\/weiterbildung\\\/2026-03-09\\\/systemisches-denken-in-der-beratung\\\/#primaryimage\"},\"thumbnailUrl\":\"https:\\\/\\\/www.organisator.ch\\\/wp-content\\\/uploads\\\/2026\\\/03\\\/fc7c8a7c-448f-453c-ad17-8cf5e25900a4.jpg\",\"keywords\":[\"Beratung\",\"Seminar\",\"Systemisches Denken\"],\"articleSection\":[\"WEITERBILDUNG\"],\"inLanguage\":\"it-IT\"},{\"@type\":\"WebPage\",\"@id\":\"https:\\\/\\\/www.organisator.ch\\\/weiterbildung\\\/2026-03-09\\\/systemisches-denken-in-der-beratung\\\/\",\"url\":\"https:\\\/\\\/www.organisator.ch\\\/weiterbildung\\\/2026-03-09\\\/systemisches-denken-in-der-beratung\\\/\",\"name\":\"Systemisches Denken in der Beratung - Organisator\",\"isPartOf\":{\"@id\":\"https:\\\/\\\/www.organisator.ch\\\/#website\"},\"primaryImageOfPage\":{\"@id\":\"https:\\\/\\\/www.organisator.ch\\\/weiterbildung\\\/2026-03-09\\\/systemisches-denken-in-der-beratung\\\/#primaryimage\"},\"image\":{\"@id\":\"https:\\\/\\\/www.organisator.ch\\\/weiterbildung\\\/2026-03-09\\\/systemisches-denken-in-der-beratung\\\/#primaryimage\"},\"thumbnailUrl\":\"https:\\\/\\\/www.organisator.ch\\\/wp-content\\\/uploads\\\/2026\\\/03\\\/fc7c8a7c-448f-453c-ad17-8cf5e25900a4.jpg\",\"datePublished\":\"2026-03-09T06:55:43+00:00\",\"description\":\"Zwei Seminare im April 2026 vermitteln systemtheoretische Konzepte f\u00fcr wirksamere Beratung in Coaching und Organisationsentwicklung.\",\"breadcrumb\":{\"@id\":\"https:\\\/\\\/www.organisator.ch\\\/weiterbildung\\\/2026-03-09\\\/systemisches-denken-in-der-beratung\\\/#breadcrumb\"},\"inLanguage\":\"it-IT\",\"potentialAction\":[{\"@type\":\"ReadAction\",\"target\":[\"https:\\\/\\\/www.organisator.ch\\\/weiterbildung\\\/2026-03-09\\\/systemisches-denken-in-der-beratung\\\/\"]}]},{\"@type\":\"ImageObject\",\"inLanguage\":\"it-IT\",\"@id\":\"https:\\\/\\\/www.organisator.ch\\\/weiterbildung\\\/2026-03-09\\\/systemisches-denken-in-der-beratung\\\/#primaryimage\",\"url\":\"https:\\\/\\\/www.organisator.ch\\\/wp-content\\\/uploads\\\/2026\\\/03\\\/fc7c8a7c-448f-453c-ad17-8cf5e25900a4.jpg\",\"contentUrl\":\"https:\\\/\\\/www.organisator.ch\\\/wp-content\\\/uploads\\\/2026\\\/03\\\/fc7c8a7c-448f-453c-ad17-8cf5e25900a4.jpg\",\"width\":1000,\"height\":519,\"caption\":\"Vorbereitungen f\u00fcr wichtige Gespr\u00e4che im Besprechungsraum. Quelle: zvg\"},{\"@type\":\"BreadcrumbList\",\"@id\":\"https:\\\/\\\/www.organisator.ch\\\/weiterbildung\\\/2026-03-09\\\/systemisches-denken-in-der-beratung\\\/#breadcrumb\",\"itemListElement\":[{\"@type\":\"ListItem\",\"position\":1,\"name\":\"Home\",\"item\":\"https:\\\/\\\/www.organisator.ch\\\/\"},{\"@type\":\"ListItem\",\"position\":2,\"name\":\"Systemisches Denken in der Beratung\"}]},{\"@type\":\"WebSite\",\"@id\":\"https:\\\/\\\/www.organisator.ch\\\/#website\",\"url\":\"https:\\\/\\\/www.organisator.ch\\\/\",\"name\":\"Organisator\",\"description\":\"Kompetent. Praxisnah. Der ORGANISATOR bereitet in 10 Ausgaben pro Jahr die wesentlichen Themen f\u00fcr F\u00fchrungskr\u00e4fte von KMU auf.\",\"publisher\":{\"@id\":\"https:\\\/\\\/www.organisator.ch\\\/#organization\"},\"potentialAction\":[{\"@type\":\"SearchAction\",\"target\":{\"@type\":\"EntryPoint\",\"urlTemplate\":\"https:\\\/\\\/www.organisator.ch\\\/?s={search_term_string}\"},\"query-input\":{\"@type\":\"PropertyValueSpecification\",\"valueRequired\":true,\"valueName\":\"search_term_string\"}}],\"inLanguage\":\"it-IT\"},{\"@type\":\"Organization\",\"@id\":\"https:\\\/\\\/www.organisator.ch\\\/#organization\",\"name\":\"Organisator\",\"url\":\"https:\\\/\\\/www.organisator.ch\\\/\",\"logo\":{\"@type\":\"ImageObject\",\"inLanguage\":\"it-IT\",\"@id\":\"https:\\\/\\\/www.organisator.ch\\\/#\\\/schema\\\/logo\\\/image\\\/\",\"url\":\"https:\\\/\\\/www.organisator.ch\\\/wp-content\\\/uploads\\\/2022\\\/01\\\/Logo_Organisator_Website.png\",\"contentUrl\":\"https:\\\/\\\/www.organisator.ch\\\/wp-content\\\/uploads\\\/2022\\\/01\\\/Logo_Organisator_Website.png\",\"width\":800,\"height\":77,\"caption\":\"Organisator\"},\"image\":{\"@id\":\"https:\\\/\\\/www.organisator.ch\\\/#\\\/schema\\\/logo\\\/image\\\/\"},\"sameAs\":[\"https:\\\/\\\/www.facebook.com\\\/OrganisatorFachmagazin\",\"https:\\\/\\\/www.linkedin.com\\\/showcase\\\/organisator-das-magazin-fr-kmu\",\"https:\\\/\\\/www.xing.com\\\/news\\\/pages\\\/organisator-ch-695\",\"https:\\\/\\\/www.youtube.com\\\/channel\\\/UCGP2Sq0iWaZwT3BdIAQFYpw\"]},{\"@type\":\"Person\",\"@id\":\"https:\\\/\\\/www.organisator.ch\\\/#\\\/schema\\\/person\\\/a9d0e0eff238db87a8f840f3b50359f0\",\"name\":\"n8n\",\"image\":{\"@type\":\"ImageObject\",\"inLanguage\":\"it-IT\",\"@id\":\"https:\\\/\\\/secure.gravatar.com\\\/avatar\\\/5368fb9d03fd415a6f335cece4c15af2502d6ca8651efbd6e8f98427a9795400?s=96&d=mm&r=g\",\"url\":\"https:\\\/\\\/secure.gravatar.com\\\/avatar\\\/5368fb9d03fd415a6f335cece4c15af2502d6ca8651efbd6e8f98427a9795400?s=96&d=mm&r=g\",\"contentUrl\":\"https:\\\/\\\/secure.gravatar.com\\\/avatar\\\/5368fb9d03fd415a6f335cece4c15af2502d6ca8651efbd6e8f98427a9795400?s=96&d=mm&r=g\",\"caption\":\"n8n\"},\"url\":\"https:\\\/\\\/www.organisator.ch\\\/it\\\/author\\\/n8n\\\/\"}]}<\/script>\n<!-- \/ Yoast SEO plugin. -->","yoast_head_json":{"title":"Il pensiero sistemico nella consulenza - Organizzatore","description":"Due seminari nell'aprile 2026 insegneranno i concetti della teoria dei sistemi per una consulenza pi\u00f9 efficace nel coaching e nello sviluppo organizzativo.","robots":{"index":"index","follow":"follow","max-snippet":"max-snippet:-1","max-image-preview":"max-image-preview:large","max-video-preview":"max-video-preview:-1"},"canonical":"https:\/\/www.organisator.ch\/it\/formazione-continua\/2026-03-09\/systemisches-denken-in-der-beratung\/","og_locale":"it_IT","og_type":"article","og_title":"Systemisches Denken in der Beratung","og_description":"Zwei Seminare im April 2026 vermitteln systemtheoretische Konzepte f\u00fcr wirksamere Beratung in Coaching und Organisationsentwicklung.","og_url":"https:\/\/www.organisator.ch\/it\/formazione-continua\/2026-03-09\/systemisches-denken-in-der-beratung\/","og_site_name":"Organisator","article_publisher":"https:\/\/www.facebook.com\/OrganisatorFachmagazin","article_published_time":"2026-03-09T06:55:43+00:00","og_image":[{"width":1000,"height":519,"url":"https:\/\/www.organisator.ch\/wp-content\/uploads\/2026\/03\/fc7c8a7c-448f-453c-ad17-8cf5e25900a4.jpg","type":"image\/jpeg"}],"author":"n8n","twitter_card":"summary_large_image","twitter_title":"Systemisches Denken in der #Beratung","twitter_description":"Zwei Seminare im April 2026 vermitteln #systemtheoretische Konzepte f\u00fcr wirksamere Beratung in Coaching und #Organisationsentwicklung.","twitter_image":"https:\/\/www.organisator.ch\/wp-content\/uploads\/2026\/03\/fc7c8a7c-448f-453c-ad17-8cf5e25900a4.jpg","schema":{"@context":"https:\/\/schema.org","@graph":[{"@type":"Article","@id":"https:\/\/www.organisator.ch\/weiterbildung\/2026-03-09\/systemisches-denken-in-der-beratung\/#article","isPartOf":{"@id":"https:\/\/www.organisator.ch\/weiterbildung\/2026-03-09\/systemisches-denken-in-der-beratung\/"},"author":{"name":"n8n","@id":"https:\/\/www.organisator.ch\/#\/schema\/person\/a9d0e0eff238db87a8f840f3b50359f0"},"headline":"Systemisches Denken in der Beratung","datePublished":"2026-03-09T06:55:43+00:00","mainEntityOfPage":{"@id":"https:\/\/www.organisator.ch\/weiterbildung\/2026-03-09\/systemisches-denken-in-der-beratung\/"},"wordCount":429,"publisher":{"@id":"https:\/\/www.organisator.ch\/#organization"},"image":{"@id":"https:\/\/www.organisator.ch\/weiterbildung\/2026-03-09\/systemisches-denken-in-der-beratung\/#primaryimage"},"thumbnailUrl":"https:\/\/www.organisator.ch\/wp-content\/uploads\/2026\/03\/fc7c8a7c-448f-453c-ad17-8cf5e25900a4.jpg","keywords":["Beratung","Seminar","Systemisches Denken"],"articleSection":["WEITERBILDUNG"],"inLanguage":"it-IT"},{"@type":"WebPage","@id":"https:\/\/www.organisator.ch\/weiterbildung\/2026-03-09\/systemisches-denken-in-der-beratung\/","url":"https:\/\/www.organisator.ch\/weiterbildung\/2026-03-09\/systemisches-denken-in-der-beratung\/","name":"Il pensiero sistemico nella consulenza - Organizzatore","isPartOf":{"@id":"https:\/\/www.organisator.ch\/#website"},"primaryImageOfPage":{"@id":"https:\/\/www.organisator.ch\/weiterbildung\/2026-03-09\/systemisches-denken-in-der-beratung\/#primaryimage"},"image":{"@id":"https:\/\/www.organisator.ch\/weiterbildung\/2026-03-09\/systemisches-denken-in-der-beratung\/#primaryimage"},"thumbnailUrl":"https:\/\/www.organisator.ch\/wp-content\/uploads\/2026\/03\/fc7c8a7c-448f-453c-ad17-8cf5e25900a4.jpg","datePublished":"2026-03-09T06:55:43+00:00","description":"Due seminari nell'aprile 2026 insegneranno i concetti della teoria dei sistemi per una consulenza pi\u00f9 efficace nel coaching e nello sviluppo organizzativo.","breadcrumb":{"@id":"https:\/\/www.organisator.ch\/weiterbildung\/2026-03-09\/systemisches-denken-in-der-beratung\/#breadcrumb"},"inLanguage":"it-IT","potentialAction":[{"@type":"ReadAction","target":["https:\/\/www.organisator.ch\/weiterbildung\/2026-03-09\/systemisches-denken-in-der-beratung\/"]}]},{"@type":"ImageObject","inLanguage":"it-IT","@id":"https:\/\/www.organisator.ch\/weiterbildung\/2026-03-09\/systemisches-denken-in-der-beratung\/#primaryimage","url":"https:\/\/www.organisator.ch\/wp-content\/uploads\/2026\/03\/fc7c8a7c-448f-453c-ad17-8cf5e25900a4.jpg","contentUrl":"https:\/\/www.organisator.ch\/wp-content\/uploads\/2026\/03\/fc7c8a7c-448f-453c-ad17-8cf5e25900a4.jpg","width":1000,"height":519,"caption":"Vorbereitungen f\u00fcr wichtige Gespr\u00e4che im Besprechungsraum. Quelle: zvg"},{"@type":"BreadcrumbList","@id":"https:\/\/www.organisator.ch\/weiterbildung\/2026-03-09\/systemisches-denken-in-der-beratung\/#breadcrumb","itemListElement":[{"@type":"ListItem","position":1,"name":"Home","item":"https:\/\/www.organisator.ch\/"},{"@type":"ListItem","position":2,"name":"Systemisches Denken in der Beratung"}]},{"@type":"WebSite","@id":"https:\/\/www.organisator.ch\/#website","url":"https:\/\/www.organisator.ch\/","name":"Organizzatore","description":"Competente. Pratico. In 10 numeri all'anno, ORGANISATOR presenta i temi essenziali per i manager delle PMI.","publisher":{"@id":"https:\/\/www.organisator.ch\/#organization"},"potentialAction":[{"@type":"SearchAction","target":{"@type":"EntryPoint","urlTemplate":"https:\/\/www.organisator.ch\/?s={search_term_string}"},"query-input":{"@type":"PropertyValueSpecification","valueRequired":true,"valueName":"search_term_string"}}],"inLanguage":"it-IT"},{"@type":"Organization","@id":"https:\/\/www.organisator.ch\/#organization","name":"Organizzatore","url":"https:\/\/www.organisator.ch\/","logo":{"@type":"ImageObject","inLanguage":"it-IT","@id":"https:\/\/www.organisator.ch\/#\/schema\/logo\/image\/","url":"https:\/\/www.organisator.ch\/wp-content\/uploads\/2022\/01\/Logo_Organisator_Website.png","contentUrl":"https:\/\/www.organisator.ch\/wp-content\/uploads\/2022\/01\/Logo_Organisator_Website.png","width":800,"height":77,"caption":"Organisator"},"image":{"@id":"https:\/\/www.organisator.ch\/#\/schema\/logo\/image\/"},"sameAs":["https:\/\/www.facebook.com\/OrganisatorFachmagazin","https:\/\/www.linkedin.com\/showcase\/organisator-das-magazin-fr-kmu","https:\/\/www.xing.com\/news\/pages\/organisator-ch-695","https:\/\/www.youtube.com\/channel\/UCGP2Sq0iWaZwT3BdIAQFYpw"]},{"@type":"Person","@id":"https:\/\/www.organisator.ch\/#\/schema\/person\/a9d0e0eff238db87a8f840f3b50359f0","name":"n8n","image":{"@type":"ImageObject","inLanguage":"it-IT","@id":"https:\/\/secure.gravatar.com\/avatar\/5368fb9d03fd415a6f335cece4c15af2502d6ca8651efbd6e8f98427a9795400?s=96&d=mm&r=g","url":"https:\/\/secure.gravatar.com\/avatar\/5368fb9d03fd415a6f335cece4c15af2502d6ca8651efbd6e8f98427a9795400?s=96&d=mm&r=g","contentUrl":"https:\/\/secure.gravatar.com\/avatar\/5368fb9d03fd415a6f335cece4c15af2502d6ca8651efbd6e8f98427a9795400?s=96&d=mm&r=g","caption":"n8n"},"url":"https:\/\/www.organisator.ch\/it\/author\/n8n\/"}]}},"_links":{"self":[{"href":"https:\/\/www.organisator.ch\/it\/wp-json\/wp\/v2\/posts\/45749","targetHints":{"allow":["GET"]}}],"collection":[{"href":"https:\/\/www.organisator.ch\/it\/wp-json\/wp\/v2\/posts"}],"about":[{"href":"https:\/\/www.organisator.ch\/it\/wp-json\/wp\/v2\/types\/post"}],"author":[{"embeddable":true,"href":"https:\/\/www.organisator.ch\/it\/wp-json\/wp\/v2\/users\/107"}],"replies":[{"embeddable":true,"href":"https:\/\/www.organisator.ch\/it\/wp-json\/wp\/v2\/comments?post=45749"}],"version-history":[{"count":3,"href":"https:\/\/www.organisator.ch\/it\/wp-json\/wp\/v2\/posts\/45749\/revisions"}],"predecessor-version":[{"id":45834,"href":"https:\/\/www.organisator.ch\/it\/wp-json\/wp\/v2\/posts\/45749\/revisions\/45834"}],"wp:featuredmedia":[{"embeddable":true,"href":"https:\/\/www.organisator.ch\/it\/wp-json\/wp\/v2\/media\/45748"}],"wp:attachment":[{"href":"https:\/\/www.organisator.ch\/it\/wp-json\/wp\/v2\/media?parent=45749"}],"wp:term":[{"taxonomy":"category","embeddable":true,"href":"https:\/\/www.organisator.ch\/it\/wp-json\/wp\/v2\/categories?post=45749"},{"taxonomy":"post_tag","embeddable":true,"href":"https:\/\/www.organisator.ch\/it\/wp-json\/wp\/v2\/tags?post=45749"}],"curies":[{"name":"wp","href":"https:\/\/api.w.org\/{rel}","templated":true}]}}