{"id":45791,"date":"2026-03-09T10:51:05","date_gmt":"2026-03-09T09:51:05","guid":{"rendered":"https:\/\/www.organisator.ch\/de\/?p=45791"},"modified":"2026-03-09T10:51:05","modified_gmt":"2026-03-09T09:51:05","slug":"cloudera-verstaerkt-fuehrungsteam-in-der-schweiz-und-zentraleuropa","status":"publish","type":"post","link":"https:\/\/www.organisator.ch\/it\/management\/2026-03-09\/cloudera-verstaerkt-fuehrungsteam-in-der-schweiz-und-zentraleuropa\/","title":{"rendered":"Cloudera rafforza il team di gestione in Svizzera e in Europa centrale"},"content":{"rendered":"<figure id=\"attachment_45788\" aria-describedby=\"caption-attachment-45788\" style=\"width: 1050px\" class=\"wp-caption alignnone\"><img loading=\"lazy\" decoding=\"async\" class=\"wp-image-45788 size-full\" src=\"https:\/\/www.organisator.ch\/wp-content\/uploads\/2026\/03\/Jens20Luebben_Regionasident_Cloudera-scaled.jpg\" alt=\"\" width=\"1050\" height=\"1400\" srcset=\"https:\/\/www.organisator.ch\/wp-content\/uploads\/2026\/03\/Jens20Luebben_Regionasident_Cloudera-scaled.jpg 1050w, https:\/\/www.organisator.ch\/wp-content\/uploads\/2026\/03\/Jens20Luebben_Regionasident_Cloudera-680x906.jpg 680w, https:\/\/www.organisator.ch\/wp-content\/uploads\/2026\/03\/Jens20Luebben_Regionasident_Cloudera-768x1024.jpg 768w, https:\/\/www.organisator.ch\/wp-content\/uploads\/2026\/03\/Jens20Luebben_Regionasident_Cloudera-1152x1536.jpg 1152w, https:\/\/www.organisator.ch\/wp-content\/uploads\/2026\/03\/Jens20Luebben_Regionasident_Cloudera-1536x2048.jpg 1536w, https:\/\/www.organisator.ch\/wp-content\/uploads\/2026\/03\/Jens20Luebben_Regionasident_Cloudera-9x12.jpg 9w, https:\/\/www.organisator.ch\/wp-content\/uploads\/2026\/03\/Jens20Luebben_Regionasident_Cloudera-225x300.jpg 225w, https:\/\/www.organisator.ch\/wp-content\/uploads\/2026\/03\/Jens20Luebben_Regionasident_Cloudera-263x350.jpg 263w, https:\/\/www.organisator.ch\/wp-content\/uploads\/2026\/03\/Jens20Luebben_Regionasident_Cloudera-600x800.jpg 600w\" sizes=\"auto, (max-width: 1050px) 100vw, 1050px\" \/><figcaption id=\"caption-attachment-45788\" class=\"wp-caption-text\">Jens Luebben assume la responsabilit\u00e0 per la Germania e l'Austria come Vicepresidente regionale. Fonte: zvg<\/figcaption><\/figure>\n<p>Cloudera, fornitore di una piattaforma ibrida di dati e intelligenza artificiale, sta riorganizzando il suo team di gestione nella regione DACH e in Europa centrale. La riorganizzazione comprende tre posizioni centrali: Nektarios Makris diventa Vicepresidente regionale per l'Europa centrale e orientale, compresa la Svizzera, mentre Jens Luebben assume la responsabilit\u00e0 delle vendite per la Germania e l'Austria come Vicepresidente regionale. Entrambi faranno capo a Yari Franzini, che sar\u00e0 responsabile dell'intera regione dell'Europa meridionale, centrale e orientale in qualit\u00e0 di nuovo Vicepresidente del Gruppo.<\/p>\n<h3>Makris amplia l'area di responsabilit\u00e0<\/h3>\n<p>Nektarios Makris \u00e8 entrato a far parte di Cloudera nel 2022 e ora assumer\u00e0 la responsabilit\u00e0 dell'Europa centrale e orientale, compresa la Svizzera, in qualit\u00e0 di Regional Vice President. L'esperto di vendite con sede a Ginevra ha 15 anni di esperienza nel settore, in particolare con le aziende di software. In precedenza ha lavorato, tra gli altri, per l'azienda svizzera Spotme e per Makoptimus Web Solutions.<\/p>\n<p>\u00abLa sovranit\u00e0 digitale non \u00e8 pi\u00f9 un concetto astratto per le aziende europee, ma un requisito fondamentale\u00bb, afferma Nektarios Makris. \u00abCon la sua moderna piattaforma di gestione dei dati, Cloudera offre alle aziende ampie opportunit\u00e0 di aprire nuove aree di business con analisi e applicazioni di AI basate sui dati. Grazie a Private AI, le aziende possono ora costruire l'IA sui propri dati - nella propria infrastruttura, nel rispetto delle normative europee. Non vedo l'ora di aiutare i nostri clienti in Europa a realizzare il pieno potenziale dei loro dati\u00bb.\u00bb<\/p>\n<figure id=\"attachment_45789\" aria-describedby=\"caption-attachment-45789\" style=\"width: 933px\" class=\"wp-caption alignnone\"><img loading=\"lazy\" decoding=\"async\" class=\"size-full wp-image-45789\" src=\"https:\/\/www.organisator.ch\/wp-content\/uploads\/2026\/03\/Nektarios20Makris_Regsident_Cloudera-scaled.jpg\" alt=\"\" width=\"933\" height=\"1400\" srcset=\"https:\/\/www.organisator.ch\/wp-content\/uploads\/2026\/03\/Nektarios20Makris_Regsident_Cloudera-scaled.jpg 933w, https:\/\/www.organisator.ch\/wp-content\/uploads\/2026\/03\/Nektarios20Makris_Regsident_Cloudera-667x1000.jpg 667w, https:\/\/www.organisator.ch\/wp-content\/uploads\/2026\/03\/Nektarios20Makris_Regsident_Cloudera-683x1024.jpg 683w, https:\/\/www.organisator.ch\/wp-content\/uploads\/2026\/03\/Nektarios20Makris_Regsident_Cloudera-768x1152.jpg 768w, https:\/\/www.organisator.ch\/wp-content\/uploads\/2026\/03\/Nektarios20Makris_Regsident_Cloudera-1024x1536.jpg 1024w, https:\/\/www.organisator.ch\/wp-content\/uploads\/2026\/03\/Nektarios20Makris_Regsident_Cloudera-1365x2048.jpg 1365w, https:\/\/www.organisator.ch\/wp-content\/uploads\/2026\/03\/Nektarios20Makris_Regsident_Cloudera-8x12.jpg 8w, https:\/\/www.organisator.ch\/wp-content\/uploads\/2026\/03\/Nektarios20Makris_Regsident_Cloudera-200x300.jpg 200w, https:\/\/www.organisator.ch\/wp-content\/uploads\/2026\/03\/Nektarios20Makris_Regsident_Cloudera-233x350.jpg 233w, https:\/\/www.organisator.ch\/wp-content\/uploads\/2026\/03\/Nektarios20Makris_Regsident_Cloudera-533x800.jpg 533w\" sizes=\"auto, (max-width: 933px) 100vw, 933px\" \/><figcaption id=\"caption-attachment-45789\" class=\"wp-caption-text\">Nektarios Makris diventa Vicepresidente regionale per l'Europa centrale e orientale, compresa la Svizzera. Fonte: zvg<\/figcaption><\/figure>\n<h3>Luebben si concentra sui mercati principali della DACH<\/h3>\n<p>Jens Luebben \u00e8 entrato a far parte di Cloudera nel 2023 e si sta concentrando sul mercato tedesco e austriaco. Ha maturato oltre 25 anni di esperienza nelle vendite, nei servizi e nella consulenza per aziende di software americane. Prima di entrare in Cloudera, Luebben \u00e8 stato Area Vice President di Confluent, responsabile della regione CEMEA. La sua precedente esperienza comprende Citrix, Microstrategy, Splunk e TIS.<\/p>\n<p>\u00abL'uso strategico dell'IA \u00e8 oggi fondamentale per il successo commerciale delle aziende. Con Private AI, diamo alle aziende il pieno controllo sui loro dati. Sono loro stesse a decidere dove vengono archiviati e come vengono utilizzati in modo sicuro e conforme per carichi di lavoro innovativi di IA\u00bb, afferma Jens Luebben. \u00abNon vedo l'ora di lavorare con il nostro team e i nostri partner per espandere ulteriormente i mercati tedesco e austriaco e supportare i nostri clienti nel loro viaggio verso la trasformazione in aziende data-driven\u00bb.\u00bb<\/p>\n<figure id=\"attachment_45790\" aria-describedby=\"caption-attachment-45790\" style=\"width: 933px\" class=\"wp-caption alignnone\"><img loading=\"lazy\" decoding=\"async\" class=\"size-full wp-image-45790\" src=\"https:\/\/www.organisator.ch\/wp-content\/uploads\/2026\/03\/Yari20Franzini_GVP20bei20Cloudera-scaled.jpg\" alt=\"\" width=\"933\" height=\"1400\" srcset=\"https:\/\/www.organisator.ch\/wp-content\/uploads\/2026\/03\/Yari20Franzini_GVP20bei20Cloudera-scaled.jpg 933w, https:\/\/www.organisator.ch\/wp-content\/uploads\/2026\/03\/Yari20Franzini_GVP20bei20Cloudera-667x1000.jpg 667w, https:\/\/www.organisator.ch\/wp-content\/uploads\/2026\/03\/Yari20Franzini_GVP20bei20Cloudera-683x1024.jpg 683w, https:\/\/www.organisator.ch\/wp-content\/uploads\/2026\/03\/Yari20Franzini_GVP20bei20Cloudera-768x1152.jpg 768w, https:\/\/www.organisator.ch\/wp-content\/uploads\/2026\/03\/Yari20Franzini_GVP20bei20Cloudera-1024x1536.jpg 1024w, https:\/\/www.organisator.ch\/wp-content\/uploads\/2026\/03\/Yari20Franzini_GVP20bei20Cloudera-1365x2048.jpg 1365w, https:\/\/www.organisator.ch\/wp-content\/uploads\/2026\/03\/Yari20Franzini_GVP20bei20Cloudera-8x12.jpg 8w, https:\/\/www.organisator.ch\/wp-content\/uploads\/2026\/03\/Yari20Franzini_GVP20bei20Cloudera-200x300.jpg 200w, https:\/\/www.organisator.ch\/wp-content\/uploads\/2026\/03\/Yari20Franzini_GVP20bei20Cloudera-233x350.jpg 233w, https:\/\/www.organisator.ch\/wp-content\/uploads\/2026\/03\/Yari20Franzini_GVP20bei20Cloudera-533x800.jpg 533w\" sizes=\"auto, (max-width: 933px) 100vw, 933px\" \/><figcaption id=\"caption-attachment-45790\" class=\"wp-caption-text\">Yari Franzini \u00e8 il nuovo GVP di Cloudera. Fonte: zvg<\/figcaption><\/figure>\n<h3>Franzini assume la responsabilit\u00e0 generale<\/h3>\n<p>Dopo aver gestito con successo la regione dell'Europa meridionale, Yari Franzini sta ora ampliando la sua area di responsabilit\u00e0 come Group Vice President di Cloudera per includere la nuova regione dell'Europa meridionale, centrale e orientale. Prima di entrare in Cloudera, Franzini ha ricoperto posizioni dirigenziali presso Oracle e HPE. Ha iniziato la sua carriera come consulente di gestione prima di trascorrere sette anni presso EMC2 in varie posizioni di vendita.<\/p>\n<p>Cloudera si posiziona come l'unica azienda di piattaforme di dati ibridi e AI a cui le grandi organizzazioni si affidano per rendere disponibile l'AI per i loro dati ovunque. La piattaforma offre un'esperienza cloud coerente che collega i cloud pubblici, i data center on-premise e l'edge, costruita su una comprovata base open source.<\/p>\n<p><em>Ulteriori informazioni: <a href=\"https:\/\/www.cloudera.com\" target=\"_blank\" rel=\"noopener\">https:\/\/www.cloudera.com<\/a><\/em><\/p>","protected":false},"excerpt":{"rendered":"<p>L'azienda di piattaforme di dati ibridi e AI Cloudera sta ampliando il proprio team di gestione nella regione DACH e nell'Europa centrale. Nektarios Makris assume la responsabilit\u00e0 dell'Europa centrale e orientale, compresa la Svizzera, in qualit\u00e0 di vicepresidente regionale, Jens Luebben \u00e8 ora responsabile della Germania e dell'Austria, mentre Yari Franzini \u00e8 responsabile dell'intera regione dell'Europa meridionale, centrale e orientale.<\/p>","protected":false},"author":107,"featured_media":45788,"comment_status":"closed","ping_status":"closed","sticky":false,"template":"","format":"standard","meta":{"_acf_changed":false,"_yoast_wpseo_focuskw":"Cloudera","_yoast_wpseo_metadesc":"Cloudera baut F\u00fchrungsteam in der DACH-Region aus. Makris, Luebben und Franzini \u00fcbernehmen neue Verantwortungsbereiche.","articlekey":"","footnotes":""},"categories":[28],"tags":[123,335,381,492],"class_list":["post-45791","post","type-post","status-publish","format-standard","has-post-thumbnail","hentry","category-management","tag-cloud-computing","tag-management-und-unternehmensfuehrung","tag-personalia","tag-unternehmen"],"acf":[],"yoast_head":"<!-- This site is optimized with the Yoast SEO plugin v27.4 - https:\/\/yoast.com\/product\/yoast-seo-wordpress\/ -->\n<title>Cloudera verst\u00e4rkt F\u00fchrungsteam in der Schweiz und Zentraleuropa - Organisator<\/title>\n<meta name=\"description\" content=\"Cloudera baut F\u00fchrungsteam in der DACH-Region aus. Makris, Luebben und Franzini \u00fcbernehmen neue Verantwortungsbereiche.\" \/>\n<meta name=\"robots\" content=\"index, follow, max-snippet:-1, max-image-preview:large, max-video-preview:-1\" \/>\n<link rel=\"canonical\" href=\"https:\/\/www.organisator.ch\/it\/gestione-2\/2026-03-09\/cloudera-verstaerkt-fuehrungsteam-in-der-schweiz-und-zentraleuropa\/\" \/>\n<meta property=\"og:locale\" content=\"it_IT\" \/>\n<meta property=\"og:type\" content=\"article\" \/>\n<meta property=\"og:title\" content=\"Cloudera verst\u00e4rkt F\u00fchrungsteam in der Schweiz und Zentraleuropa\" \/>\n<meta property=\"og:description\" content=\"Cloudera baut F\u00fchrungsteam in der DACH-Region aus. Makris, Luebben und Franzini \u00fcbernehmen neue Verantwortungsbereiche.\" \/>\n<meta property=\"og:url\" content=\"https:\/\/www.organisator.ch\/it\/gestione-2\/2026-03-09\/cloudera-verstaerkt-fuehrungsteam-in-der-schweiz-und-zentraleuropa\/\" \/>\n<meta property=\"og:site_name\" content=\"Organisator\" \/>\n<meta property=\"article:publisher\" content=\"https:\/\/www.facebook.com\/OrganisatorFachmagazin\" \/>\n<meta property=\"article:published_time\" content=\"2026-03-09T09:51:05+00:00\" \/>\n<meta property=\"og:image\" content=\"https:\/\/www.organisator.ch\/wp-content\/uploads\/2026\/03\/Jens20Luebben_Regionasident_Cloudera-scaled.jpg\" \/>\n\t<meta property=\"og:image:width\" content=\"1050\" \/>\n\t<meta property=\"og:image:height\" content=\"1400\" \/>\n\t<meta property=\"og:image:type\" content=\"image\/jpeg\" \/>\n<meta name=\"author\" content=\"n8n\" \/>\n<meta name=\"twitter:card\" content=\"summary_large_image\" \/>\n<meta name=\"twitter:title\" content=\"#Cloudera verst\u00e4rkt F\u00fchrungsteam in der #Schweiz und #Zentraleuropa\" \/>\n<meta name=\"twitter:description\" content=\"#Cloudera baut F\u00fchrungsteam in der DACH-Region aus. #Makris, #Luebben und #Franzini \u00fcbernehmen neue Verantwortungsbereiche.\" \/>\n<meta name=\"twitter:image\" content=\"https:\/\/www.organisator.ch\/wp-content\/uploads\/2026\/03\/Jens20Luebben_Regionasident_Cloudera-scaled.jpg\" \/>\n<script type=\"application\/ld+json\" class=\"yoast-schema-graph\">{\"@context\":\"https:\\\/\\\/schema.org\",\"@graph\":[{\"@type\":\"Article\",\"@id\":\"https:\\\/\\\/www.organisator.ch\\\/management\\\/2026-03-09\\\/cloudera-verstaerkt-fuehrungsteam-in-der-schweiz-und-zentraleuropa\\\/#article\",\"isPartOf\":{\"@id\":\"https:\\\/\\\/www.organisator.ch\\\/management\\\/2026-03-09\\\/cloudera-verstaerkt-fuehrungsteam-in-der-schweiz-und-zentraleuropa\\\/\"},\"author\":{\"name\":\"n8n\",\"@id\":\"https:\\\/\\\/www.organisator.ch\\\/#\\\/schema\\\/person\\\/a9d0e0eff238db87a8f840f3b50359f0\"},\"headline\":\"Cloudera verst\u00e4rkt F\u00fchrungsteam in der Schweiz und Zentraleuropa\",\"datePublished\":\"2026-03-09T09:51:05+00:00\",\"mainEntityOfPage\":{\"@id\":\"https:\\\/\\\/www.organisator.ch\\\/management\\\/2026-03-09\\\/cloudera-verstaerkt-fuehrungsteam-in-der-schweiz-und-zentraleuropa\\\/\"},\"wordCount\":559,\"publisher\":{\"@id\":\"https:\\\/\\\/www.organisator.ch\\\/#organization\"},\"image\":{\"@id\":\"https:\\\/\\\/www.organisator.ch\\\/management\\\/2026-03-09\\\/cloudera-verstaerkt-fuehrungsteam-in-der-schweiz-und-zentraleuropa\\\/#primaryimage\"},\"thumbnailUrl\":\"https:\\\/\\\/www.organisator.ch\\\/wp-content\\\/uploads\\\/2026\\\/03\\\/Jens20Luebben_Regionasident_Cloudera-scaled.jpg\",\"keywords\":[\"Cloud Computing\",\"Management und Unternehmensf\u00fchrung\",\"Personalia\",\"Unternehmen\"],\"articleSection\":[\"MANAGEMENT\"],\"inLanguage\":\"it-IT\"},{\"@type\":\"WebPage\",\"@id\":\"https:\\\/\\\/www.organisator.ch\\\/management\\\/2026-03-09\\\/cloudera-verstaerkt-fuehrungsteam-in-der-schweiz-und-zentraleuropa\\\/\",\"url\":\"https:\\\/\\\/www.organisator.ch\\\/management\\\/2026-03-09\\\/cloudera-verstaerkt-fuehrungsteam-in-der-schweiz-und-zentraleuropa\\\/\",\"name\":\"Cloudera verst\u00e4rkt F\u00fchrungsteam in der Schweiz und Zentraleuropa - Organisator\",\"isPartOf\":{\"@id\":\"https:\\\/\\\/www.organisator.ch\\\/#website\"},\"primaryImageOfPage\":{\"@id\":\"https:\\\/\\\/www.organisator.ch\\\/management\\\/2026-03-09\\\/cloudera-verstaerkt-fuehrungsteam-in-der-schweiz-und-zentraleuropa\\\/#primaryimage\"},\"image\":{\"@id\":\"https:\\\/\\\/www.organisator.ch\\\/management\\\/2026-03-09\\\/cloudera-verstaerkt-fuehrungsteam-in-der-schweiz-und-zentraleuropa\\\/#primaryimage\"},\"thumbnailUrl\":\"https:\\\/\\\/www.organisator.ch\\\/wp-content\\\/uploads\\\/2026\\\/03\\\/Jens20Luebben_Regionasident_Cloudera-scaled.jpg\",\"datePublished\":\"2026-03-09T09:51:05+00:00\",\"description\":\"Cloudera baut F\u00fchrungsteam in der DACH-Region aus. Makris, Luebben und Franzini \u00fcbernehmen neue Verantwortungsbereiche.\",\"breadcrumb\":{\"@id\":\"https:\\\/\\\/www.organisator.ch\\\/management\\\/2026-03-09\\\/cloudera-verstaerkt-fuehrungsteam-in-der-schweiz-und-zentraleuropa\\\/#breadcrumb\"},\"inLanguage\":\"it-IT\",\"potentialAction\":[{\"@type\":\"ReadAction\",\"target\":[\"https:\\\/\\\/www.organisator.ch\\\/management\\\/2026-03-09\\\/cloudera-verstaerkt-fuehrungsteam-in-der-schweiz-und-zentraleuropa\\\/\"]}]},{\"@type\":\"ImageObject\",\"inLanguage\":\"it-IT\",\"@id\":\"https:\\\/\\\/www.organisator.ch\\\/management\\\/2026-03-09\\\/cloudera-verstaerkt-fuehrungsteam-in-der-schweiz-und-zentraleuropa\\\/#primaryimage\",\"url\":\"https:\\\/\\\/www.organisator.ch\\\/wp-content\\\/uploads\\\/2026\\\/03\\\/Jens20Luebben_Regionasident_Cloudera-scaled.jpg\",\"contentUrl\":\"https:\\\/\\\/www.organisator.ch\\\/wp-content\\\/uploads\\\/2026\\\/03\\\/Jens20Luebben_Regionasident_Cloudera-scaled.jpg\",\"width\":1050,\"height\":1400,\"caption\":\"Jens L\u00fcbben, Regionalpr\u00e4sident von Cloudera. Quelle: zvg\"},{\"@type\":\"BreadcrumbList\",\"@id\":\"https:\\\/\\\/www.organisator.ch\\\/management\\\/2026-03-09\\\/cloudera-verstaerkt-fuehrungsteam-in-der-schweiz-und-zentraleuropa\\\/#breadcrumb\",\"itemListElement\":[{\"@type\":\"ListItem\",\"position\":1,\"name\":\"Home\",\"item\":\"https:\\\/\\\/www.organisator.ch\\\/\"},{\"@type\":\"ListItem\",\"position\":2,\"name\":\"Cloudera verst\u00e4rkt F\u00fchrungsteam in der Schweiz und Zentraleuropa\"}]},{\"@type\":\"WebSite\",\"@id\":\"https:\\\/\\\/www.organisator.ch\\\/#website\",\"url\":\"https:\\\/\\\/www.organisator.ch\\\/\",\"name\":\"Organisator\",\"description\":\"Kompetent. Praxisnah. Der ORGANISATOR bereitet in 10 Ausgaben pro Jahr die wesentlichen Themen f\u00fcr F\u00fchrungskr\u00e4fte von KMU auf.\",\"publisher\":{\"@id\":\"https:\\\/\\\/www.organisator.ch\\\/#organization\"},\"potentialAction\":[{\"@type\":\"SearchAction\",\"target\":{\"@type\":\"EntryPoint\",\"urlTemplate\":\"https:\\\/\\\/www.organisator.ch\\\/?s={search_term_string}\"},\"query-input\":{\"@type\":\"PropertyValueSpecification\",\"valueRequired\":true,\"valueName\":\"search_term_string\"}}],\"inLanguage\":\"it-IT\"},{\"@type\":\"Organization\",\"@id\":\"https:\\\/\\\/www.organisator.ch\\\/#organization\",\"name\":\"Organisator\",\"url\":\"https:\\\/\\\/www.organisator.ch\\\/\",\"logo\":{\"@type\":\"ImageObject\",\"inLanguage\":\"it-IT\",\"@id\":\"https:\\\/\\\/www.organisator.ch\\\/#\\\/schema\\\/logo\\\/image\\\/\",\"url\":\"https:\\\/\\\/www.organisator.ch\\\/wp-content\\\/uploads\\\/2022\\\/01\\\/Logo_Organisator_Website.png\",\"contentUrl\":\"https:\\\/\\\/www.organisator.ch\\\/wp-content\\\/uploads\\\/2022\\\/01\\\/Logo_Organisator_Website.png\",\"width\":800,\"height\":77,\"caption\":\"Organisator\"},\"image\":{\"@id\":\"https:\\\/\\\/www.organisator.ch\\\/#\\\/schema\\\/logo\\\/image\\\/\"},\"sameAs\":[\"https:\\\/\\\/www.facebook.com\\\/OrganisatorFachmagazin\",\"https:\\\/\\\/www.linkedin.com\\\/showcase\\\/organisator-das-magazin-fr-kmu\",\"https:\\\/\\\/www.xing.com\\\/news\\\/pages\\\/organisator-ch-695\",\"https:\\\/\\\/www.youtube.com\\\/channel\\\/UCGP2Sq0iWaZwT3BdIAQFYpw\"]},{\"@type\":\"Person\",\"@id\":\"https:\\\/\\\/www.organisator.ch\\\/#\\\/schema\\\/person\\\/a9d0e0eff238db87a8f840f3b50359f0\",\"name\":\"n8n\",\"image\":{\"@type\":\"ImageObject\",\"inLanguage\":\"it-IT\",\"@id\":\"https:\\\/\\\/secure.gravatar.com\\\/avatar\\\/5368fb9d03fd415a6f335cece4c15af2502d6ca8651efbd6e8f98427a9795400?s=96&d=mm&r=g\",\"url\":\"https:\\\/\\\/secure.gravatar.com\\\/avatar\\\/5368fb9d03fd415a6f335cece4c15af2502d6ca8651efbd6e8f98427a9795400?s=96&d=mm&r=g\",\"contentUrl\":\"https:\\\/\\\/secure.gravatar.com\\\/avatar\\\/5368fb9d03fd415a6f335cece4c15af2502d6ca8651efbd6e8f98427a9795400?s=96&d=mm&r=g\",\"caption\":\"n8n\"},\"url\":\"https:\\\/\\\/www.organisator.ch\\\/it\\\/author\\\/n8n\\\/\"}]}<\/script>\n<!-- \/ Yoast SEO plugin. -->","yoast_head_json":{"title":"Cloudera rafforza il team di gestione in Svizzera e in Europa centrale - Organizzatore","description":"Cloudera amplia il suo team di gestione nella regione DACH. Makris, Luebben e Franzini assumono nuove aree di responsabilit\u00e0.","robots":{"index":"index","follow":"follow","max-snippet":"max-snippet:-1","max-image-preview":"max-image-preview:large","max-video-preview":"max-video-preview:-1"},"canonical":"https:\/\/www.organisator.ch\/it\/gestione-2\/2026-03-09\/cloudera-verstaerkt-fuehrungsteam-in-der-schweiz-und-zentraleuropa\/","og_locale":"it_IT","og_type":"article","og_title":"Cloudera verst\u00e4rkt F\u00fchrungsteam in der Schweiz und Zentraleuropa","og_description":"Cloudera baut F\u00fchrungsteam in der DACH-Region aus. Makris, Luebben und Franzini \u00fcbernehmen neue Verantwortungsbereiche.","og_url":"https:\/\/www.organisator.ch\/it\/gestione-2\/2026-03-09\/cloudera-verstaerkt-fuehrungsteam-in-der-schweiz-und-zentraleuropa\/","og_site_name":"Organisator","article_publisher":"https:\/\/www.facebook.com\/OrganisatorFachmagazin","article_published_time":"2026-03-09T09:51:05+00:00","og_image":[{"width":1050,"height":1400,"url":"https:\/\/www.organisator.ch\/wp-content\/uploads\/2026\/03\/Jens20Luebben_Regionasident_Cloudera-scaled.jpg","type":"image\/jpeg"}],"author":"n8n","twitter_card":"summary_large_image","twitter_title":"#Cloudera verst\u00e4rkt F\u00fchrungsteam in der #Schweiz und #Zentraleuropa","twitter_description":"#Cloudera baut F\u00fchrungsteam in der DACH-Region aus. #Makris, #Luebben und #Franzini \u00fcbernehmen neue Verantwortungsbereiche.","twitter_image":"https:\/\/www.organisator.ch\/wp-content\/uploads\/2026\/03\/Jens20Luebben_Regionasident_Cloudera-scaled.jpg","schema":{"@context":"https:\/\/schema.org","@graph":[{"@type":"Article","@id":"https:\/\/www.organisator.ch\/management\/2026-03-09\/cloudera-verstaerkt-fuehrungsteam-in-der-schweiz-und-zentraleuropa\/#article","isPartOf":{"@id":"https:\/\/www.organisator.ch\/management\/2026-03-09\/cloudera-verstaerkt-fuehrungsteam-in-der-schweiz-und-zentraleuropa\/"},"author":{"name":"n8n","@id":"https:\/\/www.organisator.ch\/#\/schema\/person\/a9d0e0eff238db87a8f840f3b50359f0"},"headline":"Cloudera verst\u00e4rkt F\u00fchrungsteam in der Schweiz und Zentraleuropa","datePublished":"2026-03-09T09:51:05+00:00","mainEntityOfPage":{"@id":"https:\/\/www.organisator.ch\/management\/2026-03-09\/cloudera-verstaerkt-fuehrungsteam-in-der-schweiz-und-zentraleuropa\/"},"wordCount":559,"publisher":{"@id":"https:\/\/www.organisator.ch\/#organization"},"image":{"@id":"https:\/\/www.organisator.ch\/management\/2026-03-09\/cloudera-verstaerkt-fuehrungsteam-in-der-schweiz-und-zentraleuropa\/#primaryimage"},"thumbnailUrl":"https:\/\/www.organisator.ch\/wp-content\/uploads\/2026\/03\/Jens20Luebben_Regionasident_Cloudera-scaled.jpg","keywords":["Cloud Computing","Management und Unternehmensf\u00fchrung","Personalia","Unternehmen"],"articleSection":["MANAGEMENT"],"inLanguage":"it-IT"},{"@type":"WebPage","@id":"https:\/\/www.organisator.ch\/management\/2026-03-09\/cloudera-verstaerkt-fuehrungsteam-in-der-schweiz-und-zentraleuropa\/","url":"https:\/\/www.organisator.ch\/management\/2026-03-09\/cloudera-verstaerkt-fuehrungsteam-in-der-schweiz-und-zentraleuropa\/","name":"Cloudera rafforza il team di gestione in Svizzera e in Europa centrale - Organizzatore","isPartOf":{"@id":"https:\/\/www.organisator.ch\/#website"},"primaryImageOfPage":{"@id":"https:\/\/www.organisator.ch\/management\/2026-03-09\/cloudera-verstaerkt-fuehrungsteam-in-der-schweiz-und-zentraleuropa\/#primaryimage"},"image":{"@id":"https:\/\/www.organisator.ch\/management\/2026-03-09\/cloudera-verstaerkt-fuehrungsteam-in-der-schweiz-und-zentraleuropa\/#primaryimage"},"thumbnailUrl":"https:\/\/www.organisator.ch\/wp-content\/uploads\/2026\/03\/Jens20Luebben_Regionasident_Cloudera-scaled.jpg","datePublished":"2026-03-09T09:51:05+00:00","description":"Cloudera amplia il suo team di gestione nella regione DACH. Makris, Luebben e Franzini assumono nuove aree di responsabilit\u00e0.","breadcrumb":{"@id":"https:\/\/www.organisator.ch\/management\/2026-03-09\/cloudera-verstaerkt-fuehrungsteam-in-der-schweiz-und-zentraleuropa\/#breadcrumb"},"inLanguage":"it-IT","potentialAction":[{"@type":"ReadAction","target":["https:\/\/www.organisator.ch\/management\/2026-03-09\/cloudera-verstaerkt-fuehrungsteam-in-der-schweiz-und-zentraleuropa\/"]}]},{"@type":"ImageObject","inLanguage":"it-IT","@id":"https:\/\/www.organisator.ch\/management\/2026-03-09\/cloudera-verstaerkt-fuehrungsteam-in-der-schweiz-und-zentraleuropa\/#primaryimage","url":"https:\/\/www.organisator.ch\/wp-content\/uploads\/2026\/03\/Jens20Luebben_Regionasident_Cloudera-scaled.jpg","contentUrl":"https:\/\/www.organisator.ch\/wp-content\/uploads\/2026\/03\/Jens20Luebben_Regionasident_Cloudera-scaled.jpg","width":1050,"height":1400,"caption":"Jens L\u00fcbben, Regionalpr\u00e4sident von Cloudera. Quelle: zvg"},{"@type":"BreadcrumbList","@id":"https:\/\/www.organisator.ch\/management\/2026-03-09\/cloudera-verstaerkt-fuehrungsteam-in-der-schweiz-und-zentraleuropa\/#breadcrumb","itemListElement":[{"@type":"ListItem","position":1,"name":"Home","item":"https:\/\/www.organisator.ch\/"},{"@type":"ListItem","position":2,"name":"Cloudera verst\u00e4rkt F\u00fchrungsteam in der Schweiz und Zentraleuropa"}]},{"@type":"WebSite","@id":"https:\/\/www.organisator.ch\/#website","url":"https:\/\/www.organisator.ch\/","name":"Organizzatore","description":"Competente. Pratico. In 10 numeri all'anno, ORGANISATOR presenta i temi essenziali per i manager delle PMI.","publisher":{"@id":"https:\/\/www.organisator.ch\/#organization"},"potentialAction":[{"@type":"SearchAction","target":{"@type":"EntryPoint","urlTemplate":"https:\/\/www.organisator.ch\/?s={search_term_string}"},"query-input":{"@type":"PropertyValueSpecification","valueRequired":true,"valueName":"search_term_string"}}],"inLanguage":"it-IT"},{"@type":"Organization","@id":"https:\/\/www.organisator.ch\/#organization","name":"Organizzatore","url":"https:\/\/www.organisator.ch\/","logo":{"@type":"ImageObject","inLanguage":"it-IT","@id":"https:\/\/www.organisator.ch\/#\/schema\/logo\/image\/","url":"https:\/\/www.organisator.ch\/wp-content\/uploads\/2022\/01\/Logo_Organisator_Website.png","contentUrl":"https:\/\/www.organisator.ch\/wp-content\/uploads\/2022\/01\/Logo_Organisator_Website.png","width":800,"height":77,"caption":"Organisator"},"image":{"@id":"https:\/\/www.organisator.ch\/#\/schema\/logo\/image\/"},"sameAs":["https:\/\/www.facebook.com\/OrganisatorFachmagazin","https:\/\/www.linkedin.com\/showcase\/organisator-das-magazin-fr-kmu","https:\/\/www.xing.com\/news\/pages\/organisator-ch-695","https:\/\/www.youtube.com\/channel\/UCGP2Sq0iWaZwT3BdIAQFYpw"]},{"@type":"Person","@id":"https:\/\/www.organisator.ch\/#\/schema\/person\/a9d0e0eff238db87a8f840f3b50359f0","name":"n8n","image":{"@type":"ImageObject","inLanguage":"it-IT","@id":"https:\/\/secure.gravatar.com\/avatar\/5368fb9d03fd415a6f335cece4c15af2502d6ca8651efbd6e8f98427a9795400?s=96&d=mm&r=g","url":"https:\/\/secure.gravatar.com\/avatar\/5368fb9d03fd415a6f335cece4c15af2502d6ca8651efbd6e8f98427a9795400?s=96&d=mm&r=g","contentUrl":"https:\/\/secure.gravatar.com\/avatar\/5368fb9d03fd415a6f335cece4c15af2502d6ca8651efbd6e8f98427a9795400?s=96&d=mm&r=g","caption":"n8n"},"url":"https:\/\/www.organisator.ch\/it\/author\/n8n\/"}]}},"_links":{"self":[{"href":"https:\/\/www.organisator.ch\/it\/wp-json\/wp\/v2\/posts\/45791","targetHints":{"allow":["GET"]}}],"collection":[{"href":"https:\/\/www.organisator.ch\/it\/wp-json\/wp\/v2\/posts"}],"about":[{"href":"https:\/\/www.organisator.ch\/it\/wp-json\/wp\/v2\/types\/post"}],"author":[{"embeddable":true,"href":"https:\/\/www.organisator.ch\/it\/wp-json\/wp\/v2\/users\/107"}],"replies":[{"embeddable":true,"href":"https:\/\/www.organisator.ch\/it\/wp-json\/wp\/v2\/comments?post=45791"}],"version-history":[{"count":5,"href":"https:\/\/www.organisator.ch\/it\/wp-json\/wp\/v2\/posts\/45791\/revisions"}],"predecessor-version":[{"id":45880,"href":"https:\/\/www.organisator.ch\/it\/wp-json\/wp\/v2\/posts\/45791\/revisions\/45880"}],"wp:featuredmedia":[{"embeddable":true,"href":"https:\/\/www.organisator.ch\/it\/wp-json\/wp\/v2\/media\/45788"}],"wp:attachment":[{"href":"https:\/\/www.organisator.ch\/it\/wp-json\/wp\/v2\/media?parent=45791"}],"wp:term":[{"taxonomy":"category","embeddable":true,"href":"https:\/\/www.organisator.ch\/it\/wp-json\/wp\/v2\/categories?post=45791"},{"taxonomy":"post_tag","embeddable":true,"href":"https:\/\/www.organisator.ch\/it\/wp-json\/wp\/v2\/tags?post=45791"}],"curies":[{"name":"wp","href":"https:\/\/api.w.org\/{rel}","templated":true}]}}