{"id":460,"date":"2016-05-03T09:49:34","date_gmt":"2016-05-03T07:49:34","guid":{"rendered":"http:\/\/dev.organisator.ch\/?p=460"},"modified":"2016-05-03T09:49:34","modified_gmt":"2016-05-03T07:49:34","slug":"neue-mitglieder-in-schweizerische-pruefungskommission-fuer-ict-berufe-gewaehlt","status":"publish","type":"post","link":"https:\/\/www.organisator.ch\/it\/human-resources\/hrm\/2016-05-03\/neue-mitglieder-in-schweizerische-pruefungskommission-fuer-ict-berufe-gewaehlt\/","title":{"rendered":"Nuovi membri eletti nella Commissione d'esame svizzera per le professioni TIC"},"content":{"rendered":"<figure id=\"attachment_461\" aria-describedby=\"caption-attachment-461\" style=\"width: 680px\" class=\"wp-caption alignnone\"><img loading=\"lazy\" decoding=\"async\" class=\"size-medium wp-image-461\" src=\"https:\/\/organisator.ch\/wp-content\/uploads\/2016\/12\/Neue-Mitglieder-in-Schweizerische-Pr\u00fcfungskommission-f\u00fcr-ICT-Berufe-gew\u00e4hlt-organisator.jpg\" alt=\"\" width=\"680\" height=\"454\" \/><figcaption id=\"caption-attachment-461\" class=\"wp-caption-text\">Forse un futuro informatico? La foto \u00e8 stata scattata al campionato regionale di formazione professionale della Svizzera francese.<\/figcaption><\/figure>\n<p>Tre nuovi membri sono stati eletti nella Commissione d'esame nazionale per l'istruzione e la formazione professionale superiore in informatica e mediamatica. Il consiglio di amministrazione di ICT-Berufsbildung Schweiz ha eletto Stefan Bryner, responsabile delle risorse umane OIZ della citt\u00e0 di Zurigo, Sibylle Hug, HR Business Partner di IT SBB, Daniel J\u00e4ggli, CEO Leuchter IT Solutions AG e Lukas Ruggli, responsabile delle risorse umane di IT Post, alla commissione, che \u00e8 responsabile degli esami professionali federali e degli esami professionali superiori.<\/p>\n<p>La commissione d'esame \u00e8 responsabile del contenuto, della qualit\u00e0 e del livello dei requisiti degli esami di diploma federale in sviluppo di applicazioni, tecnologia dei sistemi e delle reti, informatica aziendale e mediamatica, nonch\u00e9 dell'esame di diploma federale per informatici (ICT Manager con diploma federale di formazione professionale). L'esame di diploma federale \"Esperto di sicurezza ICT\" dovrebbe essere aggiunto alla gamma dal 2018.<\/p>\n<p><strong>Le seguenti persone sono state rielette o rielette nella Commissione di revisione a partire da marzo 2016:<\/strong><\/p>\n<p>Nuovo: Stefan Bryner; Capo delle risorse umane OIZ, Citt\u00e0 di Zurigo<\/p>\n<p>Nuovo: Sibylle Hug; HR Business Partner IT, FFS<\/p>\n<p>Nuovo: Daniel J\u00e4ggli; CEO, Leuchter IT Solutions AG<\/p>\n<p>Nuovo: Lukas Ruggli; responsabile delle risorse umane IT, La Posta Svizzera<\/p>\n<p>In precedenza: J\u00f6rg Aebischer; Direttore Generale ICT Formazione Professionale Svizzera<\/p>\n<p>In precedenza: Philipp Engel; BEELEGAL, avvocato<\/p>\n<p>In precedenza: Gabriela Keller; designato CEO, Ergon Informatik AG<\/p>\n<p>In precedenza: Matteo Marini; Responsabile di Run IT, B-Source SA<\/p>\n<p>Precedente: Jean-Philippe Trabichet; Professeure, Haute \u00c9cole Sp\u00e9cialis\u00e9e de Suisse occidentale<\/p>\n<p>ICT-Berufsbildung Schweiz \u00e8 l'organizzazione nazionale del mondo del lavoro per il campo professionale in rapida crescita della tecnologia dell'informazione e della comunicazione (ICT). L'associazione \u00e8 responsabile di tutte le qualifiche professionali federali in informatica e mediamatica ed \u00e8 l'organo d'esame per gli attestati e i diplomi federali in sviluppo di applicazioni, ingegneria dei sistemi, informatica aziendale e mediamatica, cos\u00ec come il diploma federale per manager ICT e il previsto diploma ICT Security Expert.<\/p>\n<p><a href=\"http:\/\/www.ict-berufsbildung.ch\" target=\"_blank\" data-cke-saved-href=\"http:\/\/www.ict-berufsbildung.ch\" rel=\"noopener\">http:\/\/www.ict-berufsbildung.ch<\/a><\/p>\n<p>&nbsp;<\/p>","protected":false},"excerpt":{"rendered":"<p>In die nationale Pr\u00fcfungskommission der H\u00f6heren Berufsbildung f\u00fcr Informatik und Mediamatik wurden drei neue Mitglieder gew\u00e4hlt. Der Vorstand von ICT-Berufsbildung Schweiz w\u00e4hlte Stefan Bryner, Head of Human Resources OIZ der Stadt Z\u00fcrich, Sibylle Hug, HR-Business Partner bei IT SBB, Daniel J\u00e4ggli, CEO Leuchter IT Solutions AG und Lukas Ruggli, Leiter Personal bei IT Post, in [&hellip;]<\/p>\n","protected":false},"author":1,"featured_media":461,"comment_status":"open","ping_status":"open","sticky":false,"template":"","format":"standard","meta":{"_acf_changed":false,"_yoast_wpseo_focuskw":"ICT Berufe","_yoast_wpseo_metadesc":"In die nationale Pr\u00fcfungskommission der H\u00f6heren Berufsbildung f\u00fcr Informatik und Mediamatik (ICT Berufe) wurden drei neue Mitglieder gew\u00e4hlt.","articlekey":"","footnotes":""},"categories":[26],"tags":[62,254],"class_list":["post-460","post","type-post","status-publish","format-standard","has-post-thumbnail","hentry","category-hrm","tag-aus-weiterbildung","tag-hrm"],"acf":[],"yoast_head":"<!-- This site is optimized with the Yoast SEO plugin v27.4 - https:\/\/yoast.com\/product\/yoast-seo-wordpress\/ -->\n<title>Neue Mitglieder in Schweizerische Pr\u00fcfungskommission f\u00fcr ICT-Berufe gew\u00e4hlt - Organisator<\/title>\n<meta name=\"description\" content=\"In die nationale Pr\u00fcfungskommission der H\u00f6heren Berufsbildung f\u00fcr Informatik und Mediamatik (ICT Berufe) wurden drei neue Mitglieder gew\u00e4hlt.\" \/>\n<meta name=\"robots\" content=\"index, follow, max-snippet:-1, max-image-preview:large, max-video-preview:-1\" \/>\n<link rel=\"canonical\" href=\"https:\/\/www.organisator.ch\/it\/risorse-umane\/hrm\/2016-05-03\/neue-mitglieder-in-schweizerische-pruefungskommission-fuer-ict-berufe-gewaehlt\/\" \/>\n<meta property=\"og:locale\" content=\"it_IT\" \/>\n<meta property=\"og:type\" content=\"article\" \/>\n<meta property=\"og:title\" content=\"Neue Mitglieder in Schweizerische Pr\u00fcfungskommission f\u00fcr ICT-Berufe gew\u00e4hlt\" \/>\n<meta property=\"og:description\" content=\"In die nationale Pr\u00fcfungskommission der H\u00f6heren Berufsbildung f\u00fcr Informatik und Mediamatik (ICT Berufe) wurden drei neue Mitglieder gew\u00e4hlt.\" \/>\n<meta property=\"og:url\" content=\"https:\/\/www.organisator.ch\/it\/risorse-umane\/hrm\/2016-05-03\/neue-mitglieder-in-schweizerische-pruefungskommission-fuer-ict-berufe-gewaehlt\/\" \/>\n<meta property=\"og:site_name\" content=\"Organisator\" \/>\n<meta property=\"article:publisher\" content=\"https:\/\/www.facebook.com\/OrganisatorFachmagazin\" \/>\n<meta property=\"article:published_time\" content=\"2016-05-03T07:49:34+00:00\" \/>\n<meta name=\"author\" content=\"admin\" \/>\n<meta name=\"twitter:card\" content=\"summary_large_image\" \/>\n<meta name=\"twitter:image\" content=\"https:\/\/www.organisator.ch\/wp-content\/uploads\/2016\/12\/Neue-Mitglieder-in-Schweizerische-Pruefungskommission-fuer-ICT-Berufe-gewaehlt-organisator.jpg\" \/>\n<script type=\"application\/ld+json\" class=\"yoast-schema-graph\">{\"@context\":\"https:\\\/\\\/schema.org\",\"@graph\":[{\"@type\":\"Article\",\"@id\":\"https:\\\/\\\/www.organisator.ch\\\/human-resources\\\/hrm\\\/2016-05-03\\\/neue-mitglieder-in-schweizerische-pruefungskommission-fuer-ict-berufe-gewaehlt\\\/#article\",\"isPartOf\":{\"@id\":\"https:\\\/\\\/www.organisator.ch\\\/human-resources\\\/hrm\\\/2016-05-03\\\/neue-mitglieder-in-schweizerische-pruefungskommission-fuer-ict-berufe-gewaehlt\\\/\"},\"author\":{\"name\":\"admin\",\"@id\":\"https:\\\/\\\/www.organisator.ch\\\/#\\\/schema\\\/person\\\/aa2bace6c5c5aad60102004a50c4eb1c\"},\"headline\":\"Neue Mitglieder in Schweizerische Pr\u00fcfungskommission f\u00fcr ICT-Berufe gew\u00e4hlt\",\"datePublished\":\"2016-05-03T07:49:34+00:00\",\"mainEntityOfPage\":{\"@id\":\"https:\\\/\\\/www.organisator.ch\\\/human-resources\\\/hrm\\\/2016-05-03\\\/neue-mitglieder-in-schweizerische-pruefungskommission-fuer-ict-berufe-gewaehlt\\\/\"},\"wordCount\":333,\"commentCount\":0,\"publisher\":{\"@id\":\"https:\\\/\\\/www.organisator.ch\\\/#organization\"},\"image\":{\"@id\":\"https:\\\/\\\/www.organisator.ch\\\/human-resources\\\/hrm\\\/2016-05-03\\\/neue-mitglieder-in-schweizerische-pruefungskommission-fuer-ict-berufe-gewaehlt\\\/#primaryimage\"},\"thumbnailUrl\":\"https:\\\/\\\/www.organisator.ch\\\/wp-content\\\/uploads\\\/2016\\\/12\\\/Neue-Mitglieder-in-Schweizerische-Pruefungskommission-fuer-ICT-Berufe-gewaehlt-organisator.jpg\",\"keywords\":[\"Aus-\\\/Weiterbildung\",\"HRM\"],\"articleSection\":[\"HRM\"],\"inLanguage\":\"it-IT\"},{\"@type\":\"WebPage\",\"@id\":\"https:\\\/\\\/www.organisator.ch\\\/human-resources\\\/hrm\\\/2016-05-03\\\/neue-mitglieder-in-schweizerische-pruefungskommission-fuer-ict-berufe-gewaehlt\\\/\",\"url\":\"https:\\\/\\\/www.organisator.ch\\\/human-resources\\\/hrm\\\/2016-05-03\\\/neue-mitglieder-in-schweizerische-pruefungskommission-fuer-ict-berufe-gewaehlt\\\/\",\"name\":\"Neue Mitglieder in Schweizerische Pr\u00fcfungskommission f\u00fcr ICT-Berufe gew\u00e4hlt - Organisator\",\"isPartOf\":{\"@id\":\"https:\\\/\\\/www.organisator.ch\\\/#website\"},\"primaryImageOfPage\":{\"@id\":\"https:\\\/\\\/www.organisator.ch\\\/human-resources\\\/hrm\\\/2016-05-03\\\/neue-mitglieder-in-schweizerische-pruefungskommission-fuer-ict-berufe-gewaehlt\\\/#primaryimage\"},\"image\":{\"@id\":\"https:\\\/\\\/www.organisator.ch\\\/human-resources\\\/hrm\\\/2016-05-03\\\/neue-mitglieder-in-schweizerische-pruefungskommission-fuer-ict-berufe-gewaehlt\\\/#primaryimage\"},\"thumbnailUrl\":\"https:\\\/\\\/www.organisator.ch\\\/wp-content\\\/uploads\\\/2016\\\/12\\\/Neue-Mitglieder-in-Schweizerische-Pruefungskommission-fuer-ICT-Berufe-gewaehlt-organisator.jpg\",\"datePublished\":\"2016-05-03T07:49:34+00:00\",\"description\":\"In die nationale Pr\u00fcfungskommission der H\u00f6heren Berufsbildung f\u00fcr Informatik und Mediamatik (ICT Berufe) wurden drei neue Mitglieder gew\u00e4hlt.\",\"breadcrumb\":{\"@id\":\"https:\\\/\\\/www.organisator.ch\\\/human-resources\\\/hrm\\\/2016-05-03\\\/neue-mitglieder-in-schweizerische-pruefungskommission-fuer-ict-berufe-gewaehlt\\\/#breadcrumb\"},\"inLanguage\":\"it-IT\",\"potentialAction\":[{\"@type\":\"ReadAction\",\"target\":[\"https:\\\/\\\/www.organisator.ch\\\/human-resources\\\/hrm\\\/2016-05-03\\\/neue-mitglieder-in-schweizerische-pruefungskommission-fuer-ict-berufe-gewaehlt\\\/\"]}]},{\"@type\":\"ImageObject\",\"inLanguage\":\"it-IT\",\"@id\":\"https:\\\/\\\/www.organisator.ch\\\/human-resources\\\/hrm\\\/2016-05-03\\\/neue-mitglieder-in-schweizerische-pruefungskommission-fuer-ict-berufe-gewaehlt\\\/#primaryimage\",\"url\":\"https:\\\/\\\/www.organisator.ch\\\/wp-content\\\/uploads\\\/2016\\\/12\\\/Neue-Mitglieder-in-Schweizerische-Pruefungskommission-fuer-ICT-Berufe-gewaehlt-organisator.jpg\",\"contentUrl\":\"https:\\\/\\\/www.organisator.ch\\\/wp-content\\\/uploads\\\/2016\\\/12\\\/Neue-Mitglieder-in-Schweizerische-Pruefungskommission-fuer-ICT-Berufe-gewaehlt-organisator.jpg\",\"width\":800,\"height\":534,\"caption\":\"Vielleicht eine werdende Informatikerin? Die Aufnahme stammt von der Regionalmeisterschaft der Berufbildung Romandie.\"},{\"@type\":\"BreadcrumbList\",\"@id\":\"https:\\\/\\\/www.organisator.ch\\\/human-resources\\\/hrm\\\/2016-05-03\\\/neue-mitglieder-in-schweizerische-pruefungskommission-fuer-ict-berufe-gewaehlt\\\/#breadcrumb\",\"itemListElement\":[{\"@type\":\"ListItem\",\"position\":1,\"name\":\"Home\",\"item\":\"https:\\\/\\\/www.organisator.ch\\\/\"},{\"@type\":\"ListItem\",\"position\":2,\"name\":\"Neue Mitglieder in Schweizerische Pr\u00fcfungskommission f\u00fcr ICT-Berufe gew\u00e4hlt\"}]},{\"@type\":\"WebSite\",\"@id\":\"https:\\\/\\\/www.organisator.ch\\\/#website\",\"url\":\"https:\\\/\\\/www.organisator.ch\\\/\",\"name\":\"Organisator\",\"description\":\"Kompetent. Praxisnah. Der ORGANISATOR bereitet in 10 Ausgaben pro Jahr die wesentlichen Themen f\u00fcr F\u00fchrungskr\u00e4fte von KMU auf.\",\"publisher\":{\"@id\":\"https:\\\/\\\/www.organisator.ch\\\/#organization\"},\"potentialAction\":[{\"@type\":\"SearchAction\",\"target\":{\"@type\":\"EntryPoint\",\"urlTemplate\":\"https:\\\/\\\/www.organisator.ch\\\/?s={search_term_string}\"},\"query-input\":{\"@type\":\"PropertyValueSpecification\",\"valueRequired\":true,\"valueName\":\"search_term_string\"}}],\"inLanguage\":\"it-IT\"},{\"@type\":\"Organization\",\"@id\":\"https:\\\/\\\/www.organisator.ch\\\/#organization\",\"name\":\"Organisator\",\"url\":\"https:\\\/\\\/www.organisator.ch\\\/\",\"logo\":{\"@type\":\"ImageObject\",\"inLanguage\":\"it-IT\",\"@id\":\"https:\\\/\\\/www.organisator.ch\\\/#\\\/schema\\\/logo\\\/image\\\/\",\"url\":\"https:\\\/\\\/www.organisator.ch\\\/wp-content\\\/uploads\\\/2022\\\/01\\\/Logo_Organisator_Website.png\",\"contentUrl\":\"https:\\\/\\\/www.organisator.ch\\\/wp-content\\\/uploads\\\/2022\\\/01\\\/Logo_Organisator_Website.png\",\"width\":800,\"height\":77,\"caption\":\"Organisator\"},\"image\":{\"@id\":\"https:\\\/\\\/www.organisator.ch\\\/#\\\/schema\\\/logo\\\/image\\\/\"},\"sameAs\":[\"https:\\\/\\\/www.facebook.com\\\/OrganisatorFachmagazin\",\"https:\\\/\\\/www.linkedin.com\\\/showcase\\\/organisator-das-magazin-fr-kmu\",\"https:\\\/\\\/www.xing.com\\\/news\\\/pages\\\/organisator-ch-695\",\"https:\\\/\\\/www.youtube.com\\\/channel\\\/UCGP2Sq0iWaZwT3BdIAQFYpw\"]},{\"@type\":\"Person\",\"@id\":\"https:\\\/\\\/www.organisator.ch\\\/#\\\/schema\\\/person\\\/aa2bace6c5c5aad60102004a50c4eb1c\",\"name\":\"admin\",\"image\":{\"@type\":\"ImageObject\",\"inLanguage\":\"it-IT\",\"@id\":\"https:\\\/\\\/secure.gravatar.com\\\/avatar\\\/ae2f4d718e6c49043e314ce431e7e645d646302a24a5ef5a8bc8e3f5a032e319?s=96&d=mm&r=g\",\"url\":\"https:\\\/\\\/secure.gravatar.com\\\/avatar\\\/ae2f4d718e6c49043e314ce431e7e645d646302a24a5ef5a8bc8e3f5a032e319?s=96&d=mm&r=g\",\"contentUrl\":\"https:\\\/\\\/secure.gravatar.com\\\/avatar\\\/ae2f4d718e6c49043e314ce431e7e645d646302a24a5ef5a8bc8e3f5a032e319?s=96&d=mm&r=g\",\"caption\":\"admin\"},\"sameAs\":[\"https:\\\/\\\/www.organisator.ch\"],\"url\":\"https:\\\/\\\/www.organisator.ch\\\/it\\\/author\\\/admin\\\/\"}]}<\/script>\n<!-- \/ Yoast SEO plugin. -->","yoast_head_json":{"title":"Eletti nuovi membri della Commissione d'esame svizzera per le professioni ICT - Organizzatore","description":"Tre nuovi membri sono stati eletti nella Commissione d'esame nazionale per l'istruzione e la formazione professionale superiore nella tecnologia dell'informazione e dei media (professioni ICT).","robots":{"index":"index","follow":"follow","max-snippet":"max-snippet:-1","max-image-preview":"max-image-preview:large","max-video-preview":"max-video-preview:-1"},"canonical":"https:\/\/www.organisator.ch\/it\/risorse-umane\/hrm\/2016-05-03\/neue-mitglieder-in-schweizerische-pruefungskommission-fuer-ict-berufe-gewaehlt\/","og_locale":"it_IT","og_type":"article","og_title":"Neue Mitglieder in Schweizerische Pr\u00fcfungskommission f\u00fcr ICT-Berufe gew\u00e4hlt","og_description":"In die nationale Pr\u00fcfungskommission der H\u00f6heren Berufsbildung f\u00fcr Informatik und Mediamatik (ICT Berufe) wurden drei neue Mitglieder gew\u00e4hlt.","og_url":"https:\/\/www.organisator.ch\/it\/risorse-umane\/hrm\/2016-05-03\/neue-mitglieder-in-schweizerische-pruefungskommission-fuer-ict-berufe-gewaehlt\/","og_site_name":"Organisator","article_publisher":"https:\/\/www.facebook.com\/OrganisatorFachmagazin","article_published_time":"2016-05-03T07:49:34+00:00","author":"admin","twitter_card":"summary_large_image","twitter_image":"https:\/\/www.organisator.ch\/wp-content\/uploads\/2016\/12\/Neue-Mitglieder-in-Schweizerische-Pruefungskommission-fuer-ICT-Berufe-gewaehlt-organisator.jpg","schema":{"@context":"https:\/\/schema.org","@graph":[{"@type":"Article","@id":"https:\/\/www.organisator.ch\/human-resources\/hrm\/2016-05-03\/neue-mitglieder-in-schweizerische-pruefungskommission-fuer-ict-berufe-gewaehlt\/#article","isPartOf":{"@id":"https:\/\/www.organisator.ch\/human-resources\/hrm\/2016-05-03\/neue-mitglieder-in-schweizerische-pruefungskommission-fuer-ict-berufe-gewaehlt\/"},"author":{"name":"admin","@id":"https:\/\/www.organisator.ch\/#\/schema\/person\/aa2bace6c5c5aad60102004a50c4eb1c"},"headline":"Neue Mitglieder in Schweizerische Pr\u00fcfungskommission f\u00fcr ICT-Berufe gew\u00e4hlt","datePublished":"2016-05-03T07:49:34+00:00","mainEntityOfPage":{"@id":"https:\/\/www.organisator.ch\/human-resources\/hrm\/2016-05-03\/neue-mitglieder-in-schweizerische-pruefungskommission-fuer-ict-berufe-gewaehlt\/"},"wordCount":333,"commentCount":0,"publisher":{"@id":"https:\/\/www.organisator.ch\/#organization"},"image":{"@id":"https:\/\/www.organisator.ch\/human-resources\/hrm\/2016-05-03\/neue-mitglieder-in-schweizerische-pruefungskommission-fuer-ict-berufe-gewaehlt\/#primaryimage"},"thumbnailUrl":"https:\/\/www.organisator.ch\/wp-content\/uploads\/2016\/12\/Neue-Mitglieder-in-Schweizerische-Pruefungskommission-fuer-ICT-Berufe-gewaehlt-organisator.jpg","keywords":["Aus-\/Weiterbildung","HRM"],"articleSection":["HRM"],"inLanguage":"it-IT"},{"@type":"WebPage","@id":"https:\/\/www.organisator.ch\/human-resources\/hrm\/2016-05-03\/neue-mitglieder-in-schweizerische-pruefungskommission-fuer-ict-berufe-gewaehlt\/","url":"https:\/\/www.organisator.ch\/human-resources\/hrm\/2016-05-03\/neue-mitglieder-in-schweizerische-pruefungskommission-fuer-ict-berufe-gewaehlt\/","name":"Eletti nuovi membri della Commissione d'esame svizzera per le professioni ICT - Organizzatore","isPartOf":{"@id":"https:\/\/www.organisator.ch\/#website"},"primaryImageOfPage":{"@id":"https:\/\/www.organisator.ch\/human-resources\/hrm\/2016-05-03\/neue-mitglieder-in-schweizerische-pruefungskommission-fuer-ict-berufe-gewaehlt\/#primaryimage"},"image":{"@id":"https:\/\/www.organisator.ch\/human-resources\/hrm\/2016-05-03\/neue-mitglieder-in-schweizerische-pruefungskommission-fuer-ict-berufe-gewaehlt\/#primaryimage"},"thumbnailUrl":"https:\/\/www.organisator.ch\/wp-content\/uploads\/2016\/12\/Neue-Mitglieder-in-Schweizerische-Pruefungskommission-fuer-ICT-Berufe-gewaehlt-organisator.jpg","datePublished":"2016-05-03T07:49:34+00:00","description":"Tre nuovi membri sono stati eletti nella Commissione d'esame nazionale per l'istruzione e la formazione professionale superiore nella tecnologia dell'informazione e dei media (professioni ICT).","breadcrumb":{"@id":"https:\/\/www.organisator.ch\/human-resources\/hrm\/2016-05-03\/neue-mitglieder-in-schweizerische-pruefungskommission-fuer-ict-berufe-gewaehlt\/#breadcrumb"},"inLanguage":"it-IT","potentialAction":[{"@type":"ReadAction","target":["https:\/\/www.organisator.ch\/human-resources\/hrm\/2016-05-03\/neue-mitglieder-in-schweizerische-pruefungskommission-fuer-ict-berufe-gewaehlt\/"]}]},{"@type":"ImageObject","inLanguage":"it-IT","@id":"https:\/\/www.organisator.ch\/human-resources\/hrm\/2016-05-03\/neue-mitglieder-in-schweizerische-pruefungskommission-fuer-ict-berufe-gewaehlt\/#primaryimage","url":"https:\/\/www.organisator.ch\/wp-content\/uploads\/2016\/12\/Neue-Mitglieder-in-Schweizerische-Pruefungskommission-fuer-ICT-Berufe-gewaehlt-organisator.jpg","contentUrl":"https:\/\/www.organisator.ch\/wp-content\/uploads\/2016\/12\/Neue-Mitglieder-in-Schweizerische-Pruefungskommission-fuer-ICT-Berufe-gewaehlt-organisator.jpg","width":800,"height":534,"caption":"Vielleicht eine werdende Informatikerin? Die Aufnahme stammt von der Regionalmeisterschaft der Berufbildung Romandie."},{"@type":"BreadcrumbList","@id":"https:\/\/www.organisator.ch\/human-resources\/hrm\/2016-05-03\/neue-mitglieder-in-schweizerische-pruefungskommission-fuer-ict-berufe-gewaehlt\/#breadcrumb","itemListElement":[{"@type":"ListItem","position":1,"name":"Home","item":"https:\/\/www.organisator.ch\/"},{"@type":"ListItem","position":2,"name":"Neue Mitglieder in Schweizerische Pr\u00fcfungskommission f\u00fcr ICT-Berufe gew\u00e4hlt"}]},{"@type":"WebSite","@id":"https:\/\/www.organisator.ch\/#website","url":"https:\/\/www.organisator.ch\/","name":"Organizzatore","description":"Competente. Pratico. In 10 numeri all'anno, ORGANISATOR presenta i temi essenziali per i manager delle PMI.","publisher":{"@id":"https:\/\/www.organisator.ch\/#organization"},"potentialAction":[{"@type":"SearchAction","target":{"@type":"EntryPoint","urlTemplate":"https:\/\/www.organisator.ch\/?s={search_term_string}"},"query-input":{"@type":"PropertyValueSpecification","valueRequired":true,"valueName":"search_term_string"}}],"inLanguage":"it-IT"},{"@type":"Organization","@id":"https:\/\/www.organisator.ch\/#organization","name":"Organizzatore","url":"https:\/\/www.organisator.ch\/","logo":{"@type":"ImageObject","inLanguage":"it-IT","@id":"https:\/\/www.organisator.ch\/#\/schema\/logo\/image\/","url":"https:\/\/www.organisator.ch\/wp-content\/uploads\/2022\/01\/Logo_Organisator_Website.png","contentUrl":"https:\/\/www.organisator.ch\/wp-content\/uploads\/2022\/01\/Logo_Organisator_Website.png","width":800,"height":77,"caption":"Organisator"},"image":{"@id":"https:\/\/www.organisator.ch\/#\/schema\/logo\/image\/"},"sameAs":["https:\/\/www.facebook.com\/OrganisatorFachmagazin","https:\/\/www.linkedin.com\/showcase\/organisator-das-magazin-fr-kmu","https:\/\/www.xing.com\/news\/pages\/organisator-ch-695","https:\/\/www.youtube.com\/channel\/UCGP2Sq0iWaZwT3BdIAQFYpw"]},{"@type":"Person","@id":"https:\/\/www.organisator.ch\/#\/schema\/person\/aa2bace6c5c5aad60102004a50c4eb1c","name":"amministratore","image":{"@type":"ImageObject","inLanguage":"it-IT","@id":"https:\/\/secure.gravatar.com\/avatar\/ae2f4d718e6c49043e314ce431e7e645d646302a24a5ef5a8bc8e3f5a032e319?s=96&d=mm&r=g","url":"https:\/\/secure.gravatar.com\/avatar\/ae2f4d718e6c49043e314ce431e7e645d646302a24a5ef5a8bc8e3f5a032e319?s=96&d=mm&r=g","contentUrl":"https:\/\/secure.gravatar.com\/avatar\/ae2f4d718e6c49043e314ce431e7e645d646302a24a5ef5a8bc8e3f5a032e319?s=96&d=mm&r=g","caption":"admin"},"sameAs":["https:\/\/www.organisator.ch"],"url":"https:\/\/www.organisator.ch\/it\/author\/admin\/"}]}},"_links":{"self":[{"href":"https:\/\/www.organisator.ch\/it\/wp-json\/wp\/v2\/posts\/460","targetHints":{"allow":["GET"]}}],"collection":[{"href":"https:\/\/www.organisator.ch\/it\/wp-json\/wp\/v2\/posts"}],"about":[{"href":"https:\/\/www.organisator.ch\/it\/wp-json\/wp\/v2\/types\/post"}],"author":[{"embeddable":true,"href":"https:\/\/www.organisator.ch\/it\/wp-json\/wp\/v2\/users\/1"}],"replies":[{"embeddable":true,"href":"https:\/\/www.organisator.ch\/it\/wp-json\/wp\/v2\/comments?post=460"}],"version-history":[{"count":0,"href":"https:\/\/www.organisator.ch\/it\/wp-json\/wp\/v2\/posts\/460\/revisions"}],"wp:featuredmedia":[{"embeddable":true,"href":"https:\/\/www.organisator.ch\/it\/wp-json\/wp\/v2\/media\/461"}],"wp:attachment":[{"href":"https:\/\/www.organisator.ch\/it\/wp-json\/wp\/v2\/media?parent=460"}],"wp:term":[{"taxonomy":"category","embeddable":true,"href":"https:\/\/www.organisator.ch\/it\/wp-json\/wp\/v2\/categories?post=460"},{"taxonomy":"post_tag","embeddable":true,"href":"https:\/\/www.organisator.ch\/it\/wp-json\/wp\/v2\/tags?post=460"}],"curies":[{"name":"wp","href":"https:\/\/api.w.org\/{rel}","templated":true}]}}