{"id":4602,"date":"2018-11-30T08:48:41","date_gmt":"2018-11-30T07:48:41","guid":{"rendered":"https:\/\/www.organisator.ch\/?p=4602"},"modified":"2018-11-30T08:48:41","modified_gmt":"2018-11-30T07:48:41","slug":"universitaetsspital-zuerich-und-stiftung-braendi-gewinnen-logistik-preise","status":"publish","type":"post","link":"https:\/\/www.organisator.ch\/it\/management\/2018-11-30\/universitaetsspital-zuerich-und-stiftung-braendi-gewinnen-logistik-preise\/","title":{"rendered":"L'Ospedale Universitario di Zurigo e la Fondazione Br\u00e4ndi vincono premi per la logistica"},"content":{"rendered":"<figure id=\"attachment_4603\" aria-describedby=\"caption-attachment-4603\" style=\"width: 680px\" class=\"wp-caption alignnone\"><img loading=\"lazy\" decoding=\"async\" class=\"size-medium wp-image-4603\" src=\"https:\/\/www.organisator.ch\/wp-content\/uploads\/2018\/11\/Universitaetsspital-Zuerich-und-Stiftung-Braendi-gewinnen-Logistik-Preise_Organisator.jpg\" alt=\"\" width=\"680\" height=\"453\" srcset=\"https:\/\/www.organisator.ch\/wp-content\/uploads\/2018\/11\/Universitaetsspital-Zuerich-und-Stiftung-Braendi-gewinnen-Logistik-Preise_Organisator.jpg 680w, https:\/\/www.organisator.ch\/wp-content\/uploads\/2018\/11\/Universitaetsspital-Zuerich-und-Stiftung-Braendi-gewinnen-Logistik-Preise_Organisator-16x12.jpg 16w, https:\/\/www.organisator.ch\/wp-content\/uploads\/2018\/11\/Universitaetsspital-Zuerich-und-Stiftung-Braendi-gewinnen-Logistik-Preise_Organisator-263x175.jpg 263w, https:\/\/www.organisator.ch\/wp-content\/uploads\/2018\/11\/Universitaetsspital-Zuerich-und-Stiftung-Braendi-gewinnen-Logistik-Preise_Organisator-525x350.jpg 525w, https:\/\/www.organisator.ch\/wp-content\/uploads\/2018\/11\/Universitaetsspital-Zuerich-und-Stiftung-Braendi-gewinnen-Logistik-Preise_Organisator-300x200.jpg 300w\" sizes=\"auto, (max-width: 680px) 100vw, 680px\" \/><figcaption id=\"caption-attachment-4603\" class=\"wp-caption-text\">I vincitori dello Swiss Logistics Award: il lodatore Peter Galliker, Christian Schl\u00e4pfer (Ospedale universitario di Zurigo USZ), Alexander Soland (sempre USZ) e la presentatrice Mona Vetsch (da sinistra). (Immagine: zVg)<\/figcaption><\/figure>\n<p>Il 28 novembre 2018, GS1 ha presentato per la 23esima volta lo Swiss Logistics Award. Uno dei vincitori \u00e8 stato l'Ospedale Universitario di Zurigo (USZ) con il suo nuovo centro logistico e di servizi a Schlieren. Questo non solo libera spazio per il rinnovamento generale dell'infrastruttura USZ e risparmia tempo e denaro grazie a sofisticati processi logistici. Con il concetto di logistica cittadina, alleggerisce anche il traffico interno alla citt\u00e0. Basandosi sul concetto di Efficient Consumer Response (ECR) e prendendo in considerazione concetti praticati con successo dal commercio e dall'industria, i responsabili hanno sviluppato un modello di riferimento per la logistica ospedaliera. L'attenzione si \u00e8 concentrata su processi standardizzati e procedure pianificabili con bassi livelli di inventario, pur mantenendo un'alta disponibilit\u00e0. Il centro logistico e di servizi non serve quindi principalmente come magazzino, ma piuttosto come hub per il flusso di materiali dentro e fuori il complesso ospedaliero. Solo il 10% circa della merce viene immagazzinata. Pi\u00f9 di 20.000 articoli vengono consegnati impacchettati alle varie sedi dell'USZ senza stoccaggio intermedio. Ogni giorno, pi\u00f9 di 700 destinatari in 43 cliniche e direzioni sono cos\u00ec serviti con pi\u00f9 di 12 tonnellate di materiale.<\/p>\n<h2>Concetto unico in un ambiente difficile<\/h2>\n<p>La giuria dello Swiss Logistics Award vede il centro logistico e di servizio USZ come un concetto unico per la cura dei pazienti in un ambiente difficile. \"Il settore sanitario, come un importante pilastro della nostra societ\u00e0, sta attualmente vivendo un'enorme spinta nei temi della logistica, che testimonia una professionalizzazione in questo settore\", dice il presidente della giuria Hans Rudolf Hauri. La soluzione dell'USZ \u00e8 stata convincente anche perch\u00e9 tutti i gruppi di prodotti possono essere gestiti nel magazzino centrale, dai prodotti medici, compresa la sterilizzazione, ai medicinali della farmacia cantonale fino ai prodotti alimentari. Inoltre, l'approccio ECR \u00e8 stato implementato in una profondit\u00e0 che \u00e8 piuttosto rara nel settore sanitario, dice Hauri. \"Ultimo ma non meno importante, l'USZ non ha creato il centro solo per se stesso, ma vuole anche aprirlo ad altri attori. Questo ha un prezioso potenziale di risparmio sullo sfondo della sempre crescente pressione dei costi nel settore sanitario\".<\/p>\n<h2>La Fondazione Br\u00e4ndi riceve un premio per l'impegno nella logistica<\/h2>\n<p>La Fondazione Br\u00e4ndi integra da anni con successo le persone con un handicap nel mercato della logistica. GS1 Switzerland onora questo impegno con lo Swiss Logistics Public Award di quest'anno. Con 15 aziende e circa 1800 dipendenti, la Fondazione Br\u00e4ndi \u00e8 uno dei pi\u00f9 grandi datori di lavoro della Svizzera centrale. Su incarico del Cantone di Lucerna e dell'assicurazione invalidit\u00e0, offre posti di lavoro, di formazione e di residenza soprattutto a persone con disabilit\u00e0 mentali, fisiche e psichiche. Nove delle aziende della fondazione sono coinvolte nella logistica. L'infrastruttura moderna permette di prendere in consegna intere catene di produzione o parti di esse per i clienti. Sono possibili anche ordini individuali dall'industria, dal commercio, dall'amministrazione o da privati. Con lo Swiss Logistics Public Award 2018, la giuria ha riconosciuto l'impegno della Fondazione Br\u00e4ndi per l'integrazione dei lavoratori nella logistica. \"L'integrazione delle persone con disabilit\u00e0 nel processo lavorativo e quindi nella societ\u00e0 \u00e8 un compito importante\", dice Hans Rudolf Hauri. \"La Fondazione Br\u00e4ndi contribuisce molto a questo\". La giuria manda un segnale importante con il premio alla Fondazione Br\u00e4ndi, perch\u00e9 non solo il contributo dei dipendenti nel processo logistico \u00e8 degno di un premio, ma anche la logistica interna dell'istituzione.<\/p>\n<p><em>Ulteriori informazioni:\u00a0<a href=\"http:\/\/www.gs1.ch\/swiss-logistics-award\">www.gs1.ch\/swiss-logistics-award<\/a><\/em><\/p>","protected":false},"excerpt":{"rendered":"<p>Am 28. November 2018 verlieh GS1 zum 23. Mal den\u00a0Swiss Logistics Award. Ausgezeichnet wurde zum einen das Universit\u00e4tsspital Z\u00fcrich (USZ) mit seinem neuen Logistik- und Servicezentrum in Schlieren. Dieses macht nicht nur Fl\u00e4che frei f\u00fcr die Gesamterneuerung der Infrastruktur des USZ und spart dank ausgekl\u00fcgelter Logistikprozesse Zeit und Geld. Mit dem City-Logistik-Konzept entlastet es auch [&hellip;]<\/p>\n","protected":false},"author":4,"featured_media":4603,"comment_status":"open","ping_status":"open","sticky":false,"template":"","format":"standard","meta":{"_acf_changed":false,"_yoast_wpseo_focuskw":"Universit\u00e4tsspital Z\u00fcrich","_yoast_wpseo_metadesc":"Das Universit\u00e4tsspital Z\u00fcrich realisiert erstmals die standardisierte Vollversorgung eines Universit\u00e4tsspitals ab externem Logistik- und Servicezentrum.","articlekey":"","footnotes":""},"categories":[28],"tags":[66,328,492],"class_list":["post-4602","post","type-post","status-publish","format-standard","has-post-thumbnail","hentry","category-management","tag-awards","tag-logistik","tag-unternehmen"],"acf":[],"yoast_head":"<!-- This site is optimized with the Yoast SEO plugin v27.5 - https:\/\/yoast.com\/product\/yoast-seo-wordpress\/ -->\n<title>Universit\u00e4tsspital Z\u00fcrich und Stiftung Br\u00e4ndi gewinnen Logistik-Preise - Organisator<\/title>\n<meta name=\"description\" content=\"Das Universit\u00e4tsspital Z\u00fcrich realisiert erstmals die standardisierte Vollversorgung eines Universit\u00e4tsspitals ab externem Logistik- und Servicezentrum.\" \/>\n<meta name=\"robots\" content=\"index, follow, max-snippet:-1, max-image-preview:large, max-video-preview:-1\" \/>\n<link rel=\"canonical\" href=\"https:\/\/www.organisator.ch\/it\/gestione-2\/2018-11-30\/universitaetsspital-zuerich-und-stiftung-braendi-gewinnen-logistik-preise\/\" \/>\n<meta property=\"og:locale\" content=\"it_IT\" \/>\n<meta property=\"og:type\" content=\"article\" \/>\n<meta property=\"og:title\" content=\"Universit\u00e4tsspital Z\u00fcrich und Stiftung Br\u00e4ndi gewinnen Logistik-Preise\" \/>\n<meta property=\"og:description\" content=\"Das Universit\u00e4tsspital Z\u00fcrich realisiert erstmals die standardisierte Vollversorgung eines Universit\u00e4tsspitals ab externem Logistik- und Servicezentrum.\" \/>\n<meta property=\"og:url\" content=\"https:\/\/www.organisator.ch\/it\/gestione-2\/2018-11-30\/universitaetsspital-zuerich-und-stiftung-braendi-gewinnen-logistik-preise\/\" \/>\n<meta property=\"og:site_name\" content=\"Organisator\" \/>\n<meta property=\"article:publisher\" content=\"https:\/\/www.facebook.com\/OrganisatorFachmagazin\" \/>\n<meta property=\"article:published_time\" content=\"2018-11-30T07:48:41+00:00\" \/>\n<meta property=\"og:image\" content=\"https:\/\/www.organisator.ch\/wp-content\/uploads\/2018\/11\/Universitaetsspital-Zuerich-und-Stiftung-Braendi-gewinnen-Logistik-Preise_Organisator.jpg\" \/>\n\t<meta property=\"og:image:width\" content=\"680\" \/>\n\t<meta property=\"og:image:height\" content=\"453\" \/>\n\t<meta property=\"og:image:type\" content=\"image\/jpeg\" \/>\n<meta name=\"author\" content=\"thomas.berner\" \/>\n<meta name=\"twitter:card\" content=\"summary_large_image\" \/>\n<meta name=\"twitter:title\" content=\"Universit\u00e4tsspital Z\u00fcrich und Stiftung Br\u00e4ndi gewinnen #Logistik-Preise\" \/>\n<meta name=\"twitter:description\" content=\"Das #Universit\u00e4tsspital Z\u00fcrich realisiert erstmals die standardisierte Vollversorgung eines Universit\u00e4tsspitals ab externem Logistik- und Servicezentrum.\" \/>\n<meta name=\"twitter:image\" content=\"https:\/\/www.organisator.ch\/wp-content\/uploads\/2018\/11\/Universit\u00e4tsspital-Z\u00fcrich-und-Stiftung-Br\u00e4ndi-gewinnen-Logistik-Preise_Organisator.jpg\" \/>\n<script type=\"application\/ld+json\" class=\"yoast-schema-graph\">{\"@context\":\"https:\\\/\\\/schema.org\",\"@graph\":[{\"@type\":\"Article\",\"@id\":\"https:\\\/\\\/www.organisator.ch\\\/management\\\/2018-11-30\\\/universitaetsspital-zuerich-und-stiftung-braendi-gewinnen-logistik-preise\\\/#article\",\"isPartOf\":{\"@id\":\"https:\\\/\\\/www.organisator.ch\\\/management\\\/2018-11-30\\\/universitaetsspital-zuerich-und-stiftung-braendi-gewinnen-logistik-preise\\\/\"},\"author\":{\"name\":\"thomas.berner\",\"@id\":\"https:\\\/\\\/www.organisator.ch\\\/#\\\/schema\\\/person\\\/6f650f90b2842cd4c0cc334b4e36f67e\"},\"headline\":\"Universit\u00e4tsspital Z\u00fcrich und Stiftung Br\u00e4ndi gewinnen Logistik-Preise\",\"datePublished\":\"2018-11-30T07:48:41+00:00\",\"mainEntityOfPage\":{\"@id\":\"https:\\\/\\\/www.organisator.ch\\\/management\\\/2018-11-30\\\/universitaetsspital-zuerich-und-stiftung-braendi-gewinnen-logistik-preise\\\/\"},\"wordCount\":573,\"commentCount\":0,\"publisher\":{\"@id\":\"https:\\\/\\\/www.organisator.ch\\\/#organization\"},\"image\":{\"@id\":\"https:\\\/\\\/www.organisator.ch\\\/management\\\/2018-11-30\\\/universitaetsspital-zuerich-und-stiftung-braendi-gewinnen-logistik-preise\\\/#primaryimage\"},\"thumbnailUrl\":\"https:\\\/\\\/www.organisator.ch\\\/wp-content\\\/uploads\\\/2018\\\/11\\\/Universitaetsspital-Zuerich-und-Stiftung-Braendi-gewinnen-Logistik-Preise_Organisator.jpg\",\"keywords\":[\"Awards\",\"Logistik\",\"Unternehmen\"],\"articleSection\":[\"MANAGEMENT\"],\"inLanguage\":\"it-IT\"},{\"@type\":\"WebPage\",\"@id\":\"https:\\\/\\\/www.organisator.ch\\\/management\\\/2018-11-30\\\/universitaetsspital-zuerich-und-stiftung-braendi-gewinnen-logistik-preise\\\/\",\"url\":\"https:\\\/\\\/www.organisator.ch\\\/management\\\/2018-11-30\\\/universitaetsspital-zuerich-und-stiftung-braendi-gewinnen-logistik-preise\\\/\",\"name\":\"Universit\u00e4tsspital Z\u00fcrich und Stiftung Br\u00e4ndi gewinnen Logistik-Preise - Organisator\",\"isPartOf\":{\"@id\":\"https:\\\/\\\/www.organisator.ch\\\/#website\"},\"primaryImageOfPage\":{\"@id\":\"https:\\\/\\\/www.organisator.ch\\\/management\\\/2018-11-30\\\/universitaetsspital-zuerich-und-stiftung-braendi-gewinnen-logistik-preise\\\/#primaryimage\"},\"image\":{\"@id\":\"https:\\\/\\\/www.organisator.ch\\\/management\\\/2018-11-30\\\/universitaetsspital-zuerich-und-stiftung-braendi-gewinnen-logistik-preise\\\/#primaryimage\"},\"thumbnailUrl\":\"https:\\\/\\\/www.organisator.ch\\\/wp-content\\\/uploads\\\/2018\\\/11\\\/Universitaetsspital-Zuerich-und-Stiftung-Braendi-gewinnen-Logistik-Preise_Organisator.jpg\",\"datePublished\":\"2018-11-30T07:48:41+00:00\",\"description\":\"Das Universit\u00e4tsspital Z\u00fcrich realisiert erstmals die standardisierte Vollversorgung eines Universit\u00e4tsspitals ab externem Logistik- und Servicezentrum.\",\"breadcrumb\":{\"@id\":\"https:\\\/\\\/www.organisator.ch\\\/management\\\/2018-11-30\\\/universitaetsspital-zuerich-und-stiftung-braendi-gewinnen-logistik-preise\\\/#breadcrumb\"},\"inLanguage\":\"it-IT\",\"potentialAction\":[{\"@type\":\"ReadAction\",\"target\":[\"https:\\\/\\\/www.organisator.ch\\\/management\\\/2018-11-30\\\/universitaetsspital-zuerich-und-stiftung-braendi-gewinnen-logistik-preise\\\/\"]}]},{\"@type\":\"ImageObject\",\"inLanguage\":\"it-IT\",\"@id\":\"https:\\\/\\\/www.organisator.ch\\\/management\\\/2018-11-30\\\/universitaetsspital-zuerich-und-stiftung-braendi-gewinnen-logistik-preise\\\/#primaryimage\",\"url\":\"https:\\\/\\\/www.organisator.ch\\\/wp-content\\\/uploads\\\/2018\\\/11\\\/Universitaetsspital-Zuerich-und-Stiftung-Braendi-gewinnen-Logistik-Preise_Organisator.jpg\",\"contentUrl\":\"https:\\\/\\\/www.organisator.ch\\\/wp-content\\\/uploads\\\/2018\\\/11\\\/Universitaetsspital-Zuerich-und-Stiftung-Braendi-gewinnen-Logistik-Preise_Organisator.jpg\",\"width\":680,\"height\":453,\"caption\":\"Die Gewinner des Swiss Logistics Award: Laudator Peter Galliker, Christian Schl\u00e4pfer (Universit\u00e4tsspital Z\u00fcrich USZ), Alexander Soland (USZ) und Moderatorin Mona Vetsch (vlnr). (Bild: zVg)\"},{\"@type\":\"BreadcrumbList\",\"@id\":\"https:\\\/\\\/www.organisator.ch\\\/management\\\/2018-11-30\\\/universitaetsspital-zuerich-und-stiftung-braendi-gewinnen-logistik-preise\\\/#breadcrumb\",\"itemListElement\":[{\"@type\":\"ListItem\",\"position\":1,\"name\":\"Home\",\"item\":\"https:\\\/\\\/www.organisator.ch\\\/\"},{\"@type\":\"ListItem\",\"position\":2,\"name\":\"Universit\u00e4tsspital Z\u00fcrich und Stiftung Br\u00e4ndi gewinnen Logistik-Preise\"}]},{\"@type\":\"WebSite\",\"@id\":\"https:\\\/\\\/www.organisator.ch\\\/#website\",\"url\":\"https:\\\/\\\/www.organisator.ch\\\/\",\"name\":\"Organisator\",\"description\":\"Kompetent. Praxisnah. Der ORGANISATOR bereitet in 10 Ausgaben pro Jahr die wesentlichen Themen f\u00fcr F\u00fchrungskr\u00e4fte von KMU auf.\",\"publisher\":{\"@id\":\"https:\\\/\\\/www.organisator.ch\\\/#organization\"},\"potentialAction\":[{\"@type\":\"SearchAction\",\"target\":{\"@type\":\"EntryPoint\",\"urlTemplate\":\"https:\\\/\\\/www.organisator.ch\\\/?s={search_term_string}\"},\"query-input\":{\"@type\":\"PropertyValueSpecification\",\"valueRequired\":true,\"valueName\":\"search_term_string\"}}],\"inLanguage\":\"it-IT\"},{\"@type\":\"Organization\",\"@id\":\"https:\\\/\\\/www.organisator.ch\\\/#organization\",\"name\":\"Organisator\",\"url\":\"https:\\\/\\\/www.organisator.ch\\\/\",\"logo\":{\"@type\":\"ImageObject\",\"inLanguage\":\"it-IT\",\"@id\":\"https:\\\/\\\/www.organisator.ch\\\/#\\\/schema\\\/logo\\\/image\\\/\",\"url\":\"https:\\\/\\\/www.organisator.ch\\\/wp-content\\\/uploads\\\/2022\\\/01\\\/Logo_Organisator_Website.png\",\"contentUrl\":\"https:\\\/\\\/www.organisator.ch\\\/wp-content\\\/uploads\\\/2022\\\/01\\\/Logo_Organisator_Website.png\",\"width\":800,\"height\":77,\"caption\":\"Organisator\"},\"image\":{\"@id\":\"https:\\\/\\\/www.organisator.ch\\\/#\\\/schema\\\/logo\\\/image\\\/\"},\"sameAs\":[\"https:\\\/\\\/www.facebook.com\\\/OrganisatorFachmagazin\",\"https:\\\/\\\/www.linkedin.com\\\/showcase\\\/organisator-das-magazin-fr-kmu\",\"https:\\\/\\\/www.xing.com\\\/news\\\/pages\\\/organisator-ch-695\",\"https:\\\/\\\/www.youtube.com\\\/channel\\\/UCGP2Sq0iWaZwT3BdIAQFYpw\"]},{\"@type\":\"Person\",\"@id\":\"https:\\\/\\\/www.organisator.ch\\\/#\\\/schema\\\/person\\\/6f650f90b2842cd4c0cc334b4e36f67e\",\"name\":\"thomas.berner\",\"image\":{\"@type\":\"ImageObject\",\"inLanguage\":\"it-IT\",\"@id\":\"https:\\\/\\\/secure.gravatar.com\\\/avatar\\\/ac5001d2a36cb6c6cd3e50789007ffca834b477b74a2144564522e944eabff61?s=96&d=mm&r=g\",\"url\":\"https:\\\/\\\/secure.gravatar.com\\\/avatar\\\/ac5001d2a36cb6c6cd3e50789007ffca834b477b74a2144564522e944eabff61?s=96&d=mm&r=g\",\"contentUrl\":\"https:\\\/\\\/secure.gravatar.com\\\/avatar\\\/ac5001d2a36cb6c6cd3e50789007ffca834b477b74a2144564522e944eabff61?s=96&d=mm&r=g\",\"caption\":\"thomas.berner\"},\"url\":\"https:\\\/\\\/www.organisator.ch\\\/it\\\/author\\\/thomas-berner\\\/\"}]}<\/script>\n<!-- \/ Yoast SEO plugin. -->","yoast_head_json":{"title":"L'Ospedale Universitario di Zurigo e la Fondazione Br\u00e4ndi vincono premi per la logistica - Organizzatore","description":"Per la prima volta, l'Ospedale Universitario di Zurigo sta realizzando la fornitura completa standardizzata di un ospedale universitario da un centro logistico e di servizi esterno.","robots":{"index":"index","follow":"follow","max-snippet":"max-snippet:-1","max-image-preview":"max-image-preview:large","max-video-preview":"max-video-preview:-1"},"canonical":"https:\/\/www.organisator.ch\/it\/gestione-2\/2018-11-30\/universitaetsspital-zuerich-und-stiftung-braendi-gewinnen-logistik-preise\/","og_locale":"it_IT","og_type":"article","og_title":"Universit\u00e4tsspital Z\u00fcrich und Stiftung Br\u00e4ndi gewinnen Logistik-Preise","og_description":"Das Universit\u00e4tsspital Z\u00fcrich realisiert erstmals die standardisierte Vollversorgung eines Universit\u00e4tsspitals ab externem Logistik- und Servicezentrum.","og_url":"https:\/\/www.organisator.ch\/it\/gestione-2\/2018-11-30\/universitaetsspital-zuerich-und-stiftung-braendi-gewinnen-logistik-preise\/","og_site_name":"Organisator","article_publisher":"https:\/\/www.facebook.com\/OrganisatorFachmagazin","article_published_time":"2018-11-30T07:48:41+00:00","og_image":[{"width":680,"height":453,"url":"https:\/\/www.organisator.ch\/wp-content\/uploads\/2018\/11\/Universitaetsspital-Zuerich-und-Stiftung-Braendi-gewinnen-Logistik-Preise_Organisator.jpg","type":"image\/jpeg"}],"author":"thomas.berner","twitter_card":"summary_large_image","twitter_title":"Universit\u00e4tsspital Z\u00fcrich und Stiftung Br\u00e4ndi gewinnen #Logistik-Preise","twitter_description":"Das #Universit\u00e4tsspital Z\u00fcrich realisiert erstmals die standardisierte Vollversorgung eines Universit\u00e4tsspitals ab externem Logistik- und Servicezentrum.","twitter_image":"https:\/\/www.organisator.ch\/wp-content\/uploads\/2018\/11\/Universit\u00e4tsspital-Z\u00fcrich-und-Stiftung-Br\u00e4ndi-gewinnen-Logistik-Preise_Organisator.jpg","schema":{"@context":"https:\/\/schema.org","@graph":[{"@type":"Article","@id":"https:\/\/www.organisator.ch\/management\/2018-11-30\/universitaetsspital-zuerich-und-stiftung-braendi-gewinnen-logistik-preise\/#article","isPartOf":{"@id":"https:\/\/www.organisator.ch\/management\/2018-11-30\/universitaetsspital-zuerich-und-stiftung-braendi-gewinnen-logistik-preise\/"},"author":{"name":"thomas.berner","@id":"https:\/\/www.organisator.ch\/#\/schema\/person\/6f650f90b2842cd4c0cc334b4e36f67e"},"headline":"Universit\u00e4tsspital Z\u00fcrich und Stiftung Br\u00e4ndi gewinnen Logistik-Preise","datePublished":"2018-11-30T07:48:41+00:00","mainEntityOfPage":{"@id":"https:\/\/www.organisator.ch\/management\/2018-11-30\/universitaetsspital-zuerich-und-stiftung-braendi-gewinnen-logistik-preise\/"},"wordCount":573,"commentCount":0,"publisher":{"@id":"https:\/\/www.organisator.ch\/#organization"},"image":{"@id":"https:\/\/www.organisator.ch\/management\/2018-11-30\/universitaetsspital-zuerich-und-stiftung-braendi-gewinnen-logistik-preise\/#primaryimage"},"thumbnailUrl":"https:\/\/www.organisator.ch\/wp-content\/uploads\/2018\/11\/Universitaetsspital-Zuerich-und-Stiftung-Braendi-gewinnen-Logistik-Preise_Organisator.jpg","keywords":["Awards","Logistik","Unternehmen"],"articleSection":["MANAGEMENT"],"inLanguage":"it-IT"},{"@type":"WebPage","@id":"https:\/\/www.organisator.ch\/management\/2018-11-30\/universitaetsspital-zuerich-und-stiftung-braendi-gewinnen-logistik-preise\/","url":"https:\/\/www.organisator.ch\/management\/2018-11-30\/universitaetsspital-zuerich-und-stiftung-braendi-gewinnen-logistik-preise\/","name":"L'Ospedale Universitario di Zurigo e la Fondazione Br\u00e4ndi vincono premi per la logistica - Organizzatore","isPartOf":{"@id":"https:\/\/www.organisator.ch\/#website"},"primaryImageOfPage":{"@id":"https:\/\/www.organisator.ch\/management\/2018-11-30\/universitaetsspital-zuerich-und-stiftung-braendi-gewinnen-logistik-preise\/#primaryimage"},"image":{"@id":"https:\/\/www.organisator.ch\/management\/2018-11-30\/universitaetsspital-zuerich-und-stiftung-braendi-gewinnen-logistik-preise\/#primaryimage"},"thumbnailUrl":"https:\/\/www.organisator.ch\/wp-content\/uploads\/2018\/11\/Universitaetsspital-Zuerich-und-Stiftung-Braendi-gewinnen-Logistik-Preise_Organisator.jpg","datePublished":"2018-11-30T07:48:41+00:00","description":"Per la prima volta, l'Ospedale Universitario di Zurigo sta realizzando la fornitura completa standardizzata di un ospedale universitario da un centro logistico e di servizi esterno.","breadcrumb":{"@id":"https:\/\/www.organisator.ch\/management\/2018-11-30\/universitaetsspital-zuerich-und-stiftung-braendi-gewinnen-logistik-preise\/#breadcrumb"},"inLanguage":"it-IT","potentialAction":[{"@type":"ReadAction","target":["https:\/\/www.organisator.ch\/management\/2018-11-30\/universitaetsspital-zuerich-und-stiftung-braendi-gewinnen-logistik-preise\/"]}]},{"@type":"ImageObject","inLanguage":"it-IT","@id":"https:\/\/www.organisator.ch\/management\/2018-11-30\/universitaetsspital-zuerich-und-stiftung-braendi-gewinnen-logistik-preise\/#primaryimage","url":"https:\/\/www.organisator.ch\/wp-content\/uploads\/2018\/11\/Universitaetsspital-Zuerich-und-Stiftung-Braendi-gewinnen-Logistik-Preise_Organisator.jpg","contentUrl":"https:\/\/www.organisator.ch\/wp-content\/uploads\/2018\/11\/Universitaetsspital-Zuerich-und-Stiftung-Braendi-gewinnen-Logistik-Preise_Organisator.jpg","width":680,"height":453,"caption":"Die Gewinner des Swiss Logistics Award: Laudator Peter Galliker, Christian Schl\u00e4pfer (Universit\u00e4tsspital Z\u00fcrich USZ), Alexander Soland (USZ) und Moderatorin Mona Vetsch (vlnr). (Bild: zVg)"},{"@type":"BreadcrumbList","@id":"https:\/\/www.organisator.ch\/management\/2018-11-30\/universitaetsspital-zuerich-und-stiftung-braendi-gewinnen-logistik-preise\/#breadcrumb","itemListElement":[{"@type":"ListItem","position":1,"name":"Home","item":"https:\/\/www.organisator.ch\/"},{"@type":"ListItem","position":2,"name":"Universit\u00e4tsspital Z\u00fcrich und Stiftung Br\u00e4ndi gewinnen Logistik-Preise"}]},{"@type":"WebSite","@id":"https:\/\/www.organisator.ch\/#website","url":"https:\/\/www.organisator.ch\/","name":"Organizzatore","description":"Competente. Pratico. In 10 numeri all'anno, ORGANISATOR presenta i temi essenziali per i manager delle PMI.","publisher":{"@id":"https:\/\/www.organisator.ch\/#organization"},"potentialAction":[{"@type":"SearchAction","target":{"@type":"EntryPoint","urlTemplate":"https:\/\/www.organisator.ch\/?s={search_term_string}"},"query-input":{"@type":"PropertyValueSpecification","valueRequired":true,"valueName":"search_term_string"}}],"inLanguage":"it-IT"},{"@type":"Organization","@id":"https:\/\/www.organisator.ch\/#organization","name":"Organizzatore","url":"https:\/\/www.organisator.ch\/","logo":{"@type":"ImageObject","inLanguage":"it-IT","@id":"https:\/\/www.organisator.ch\/#\/schema\/logo\/image\/","url":"https:\/\/www.organisator.ch\/wp-content\/uploads\/2022\/01\/Logo_Organisator_Website.png","contentUrl":"https:\/\/www.organisator.ch\/wp-content\/uploads\/2022\/01\/Logo_Organisator_Website.png","width":800,"height":77,"caption":"Organisator"},"image":{"@id":"https:\/\/www.organisator.ch\/#\/schema\/logo\/image\/"},"sameAs":["https:\/\/www.facebook.com\/OrganisatorFachmagazin","https:\/\/www.linkedin.com\/showcase\/organisator-das-magazin-fr-kmu","https:\/\/www.xing.com\/news\/pages\/organisator-ch-695","https:\/\/www.youtube.com\/channel\/UCGP2Sq0iWaZwT3BdIAQFYpw"]},{"@type":"Person","@id":"https:\/\/www.organisator.ch\/#\/schema\/person\/6f650f90b2842cd4c0cc334b4e36f67e","name":"Tommaso.berner","image":{"@type":"ImageObject","inLanguage":"it-IT","@id":"https:\/\/secure.gravatar.com\/avatar\/ac5001d2a36cb6c6cd3e50789007ffca834b477b74a2144564522e944eabff61?s=96&d=mm&r=g","url":"https:\/\/secure.gravatar.com\/avatar\/ac5001d2a36cb6c6cd3e50789007ffca834b477b74a2144564522e944eabff61?s=96&d=mm&r=g","contentUrl":"https:\/\/secure.gravatar.com\/avatar\/ac5001d2a36cb6c6cd3e50789007ffca834b477b74a2144564522e944eabff61?s=96&d=mm&r=g","caption":"thomas.berner"},"url":"https:\/\/www.organisator.ch\/it\/author\/thomas-berner\/"}]}},"_links":{"self":[{"href":"https:\/\/www.organisator.ch\/it\/wp-json\/wp\/v2\/posts\/4602","targetHints":{"allow":["GET"]}}],"collection":[{"href":"https:\/\/www.organisator.ch\/it\/wp-json\/wp\/v2\/posts"}],"about":[{"href":"https:\/\/www.organisator.ch\/it\/wp-json\/wp\/v2\/types\/post"}],"author":[{"embeddable":true,"href":"https:\/\/www.organisator.ch\/it\/wp-json\/wp\/v2\/users\/4"}],"replies":[{"embeddable":true,"href":"https:\/\/www.organisator.ch\/it\/wp-json\/wp\/v2\/comments?post=4602"}],"version-history":[{"count":0,"href":"https:\/\/www.organisator.ch\/it\/wp-json\/wp\/v2\/posts\/4602\/revisions"}],"wp:featuredmedia":[{"embeddable":true,"href":"https:\/\/www.organisator.ch\/it\/wp-json\/wp\/v2\/media\/4603"}],"wp:attachment":[{"href":"https:\/\/www.organisator.ch\/it\/wp-json\/wp\/v2\/media?parent=4602"}],"wp:term":[{"taxonomy":"category","embeddable":true,"href":"https:\/\/www.organisator.ch\/it\/wp-json\/wp\/v2\/categories?post=4602"},{"taxonomy":"post_tag","embeddable":true,"href":"https:\/\/www.organisator.ch\/it\/wp-json\/wp\/v2\/tags?post=4602"}],"curies":[{"name":"wp","href":"https:\/\/api.w.org\/{rel}","templated":true}]}}