{"id":46101,"date":"2026-03-16T16:18:14","date_gmt":"2026-03-16T15:18:14","guid":{"rendered":"https:\/\/www.organisator.ch\/de\/?p=46101"},"modified":"2026-03-16T16:18:14","modified_gmt":"2026-03-16T15:18:14","slug":"phaenomena-on-tour-startet-in-dietikon-mit-fokus-auf-ki-und-robotik","status":"publish","type":"post","link":"https:\/\/www.organisator.ch\/it\/allgemein\/2026-03-16\/phaenomena-on-tour-startet-in-dietikon-mit-fokus-auf-ki-und-robotik\/","title":{"rendered":"Ph\u00e4nomena on Tour inizia a Dietikon con un focus su AI e robotica"},"content":{"rendered":"<figure id=\"attachment_46097\" aria-describedby=\"caption-attachment-46097\" style=\"width: 1400px\" class=\"wp-caption alignnone\"><img loading=\"lazy\" decoding=\"async\" class=\"size-full wp-image-46097\" src=\"https:\/\/www.organisator.ch\/wp-content\/uploads\/2026\/03\/Beim-Exponat-Tethy-kA\u00b6nnen-Besucherinnen-lernen-wie-weit-die-Meeresbodenforschung-ist.c-David-Biedert-scaled.jpg\" alt=\"\" width=\"1400\" height=\"934\" srcset=\"https:\/\/www.organisator.ch\/wp-content\/uploads\/2026\/03\/Beim-Exponat-Tethy-kA\u00b6nnen-Besucherinnen-lernen-wie-weit-die-Meeresbodenforschung-ist.c-David-Biedert-scaled.jpg 1400w, https:\/\/www.organisator.ch\/wp-content\/uploads\/2026\/03\/Beim-Exponat-Tethy-kA\u00b6nnen-Besucherinnen-lernen-wie-weit-die-Meeresbodenforschung-ist.c-David-Biedert-680x454.jpg 680w, https:\/\/www.organisator.ch\/wp-content\/uploads\/2026\/03\/Beim-Exponat-Tethy-kA\u00b6nnen-Besucherinnen-lernen-wie-weit-die-Meeresbodenforschung-ist.c-David-Biedert-1024x683.jpg 1024w, https:\/\/www.organisator.ch\/wp-content\/uploads\/2026\/03\/Beim-Exponat-Tethy-kA\u00b6nnen-Besucherinnen-lernen-wie-weit-die-Meeresbodenforschung-ist.c-David-Biedert-768x512.jpg 768w, https:\/\/www.organisator.ch\/wp-content\/uploads\/2026\/03\/Beim-Exponat-Tethy-kA\u00b6nnen-Besucherinnen-lernen-wie-weit-die-Meeresbodenforschung-ist.c-David-Biedert-1536x1024.jpg 1536w, https:\/\/www.organisator.ch\/wp-content\/uploads\/2026\/03\/Beim-Exponat-Tethy-kA\u00b6nnen-Besucherinnen-lernen-wie-weit-die-Meeresbodenforschung-ist.c-David-Biedert-2048x1366.jpg 2048w, https:\/\/www.organisator.ch\/wp-content\/uploads\/2026\/03\/Beim-Exponat-Tethy-kA\u00b6nnen-Besucherinnen-lernen-wie-weit-die-Meeresbodenforschung-ist.c-David-Biedert-18x12.jpg 18w, https:\/\/www.organisator.ch\/wp-content\/uploads\/2026\/03\/Beim-Exponat-Tethy-kA\u00b6nnen-Besucherinnen-lernen-wie-weit-die-Meeresbodenforschung-ist.c-David-Biedert-375x250.jpg 375w, https:\/\/www.organisator.ch\/wp-content\/uploads\/2026\/03\/Beim-Exponat-Tethy-kA\u00b6nnen-Besucherinnen-lernen-wie-weit-die-Meeresbodenforschung-ist.c-David-Biedert-525x350.jpg 525w, https:\/\/www.organisator.ch\/wp-content\/uploads\/2026\/03\/Beim-Exponat-Tethy-kA\u00b6nnen-Besucherinnen-lernen-wie-weit-die-Meeresbodenforschung-ist.c-David-Biedert-1000x667.jpg 1000w\" sizes=\"auto, (max-width: 1400px) 100vw, 1400px\" \/><figcaption id=\"caption-attachment-46097\" class=\"wp-caption-text\">La mostra Tethy illustra i progressi della ricerca sui fondali marini. Fonte: zvg<\/figcaption><\/figure>\n<p>Ph\u00e4nomena 2026 ha iniziato il suo tour sabato 14 marzo. In sei sfere gonfiabili a Dietikon \u00e8 stato creato un mondo di esperienze che mira ad appassionare adulti e bambini alla scienza. L'attenzione si concentra sull'intelligenza artificiale e sulla robotica, due tecnologie che hanno gi\u00e0 cambiato radicalmente la vita quotidiana, ma di cui solo pochi conoscono il funzionamento.<\/p>\n<h3>La scienza che si pu\u00f2 toccare<\/h3>\n<p>Venerd\u00ec 13 marzo Ph\u00e4nomena ha invitato partner e sponsor alla cerimonia di apertura, alla quale ha partecipato anche il Presidente della Confederazione svizzera Guy Parmelin. Le stazioni interattive presentano robot e installazioni vegetali che mostrano il funzionamento degli algoritmi, il modo in cui l'IA \u00abpensa\u00bb e la responsabilit\u00e0 etica che deriva dalle nuove tecnologie.<\/p>\n<figure id=\"attachment_46099\" aria-describedby=\"caption-attachment-46099\" style=\"width: 1400px\" class=\"wp-caption alignnone\"><img loading=\"lazy\" decoding=\"async\" class=\"size-full wp-image-46099\" src=\"https:\/\/www.organisator.ch\/wp-content\/uploads\/2026\/03\/Besucherinnen-werden-zu-KA\u00bcnstlerinnen-Was-erkennt-die-KI-in-einer-Bewegung-c-David-Biedert-1-scaled.jpg\" alt=\"\" width=\"1400\" height=\"934\" srcset=\"https:\/\/www.organisator.ch\/wp-content\/uploads\/2026\/03\/Besucherinnen-werden-zu-KA\u00bcnstlerinnen-Was-erkennt-die-KI-in-einer-Bewegung-c-David-Biedert-1-scaled.jpg 1400w, https:\/\/www.organisator.ch\/wp-content\/uploads\/2026\/03\/Besucherinnen-werden-zu-KA\u00bcnstlerinnen-Was-erkennt-die-KI-in-einer-Bewegung-c-David-Biedert-1-680x454.jpg 680w, https:\/\/www.organisator.ch\/wp-content\/uploads\/2026\/03\/Besucherinnen-werden-zu-KA\u00bcnstlerinnen-Was-erkennt-die-KI-in-einer-Bewegung-c-David-Biedert-1-1024x683.jpg 1024w, https:\/\/www.organisator.ch\/wp-content\/uploads\/2026\/03\/Besucherinnen-werden-zu-KA\u00bcnstlerinnen-Was-erkennt-die-KI-in-einer-Bewegung-c-David-Biedert-1-768x512.jpg 768w, https:\/\/www.organisator.ch\/wp-content\/uploads\/2026\/03\/Besucherinnen-werden-zu-KA\u00bcnstlerinnen-Was-erkennt-die-KI-in-einer-Bewegung-c-David-Biedert-1-1536x1024.jpg 1536w, https:\/\/www.organisator.ch\/wp-content\/uploads\/2026\/03\/Besucherinnen-werden-zu-KA\u00bcnstlerinnen-Was-erkennt-die-KI-in-einer-Bewegung-c-David-Biedert-1-2048x1366.jpg 2048w, https:\/\/www.organisator.ch\/wp-content\/uploads\/2026\/03\/Besucherinnen-werden-zu-KA\u00bcnstlerinnen-Was-erkennt-die-KI-in-einer-Bewegung-c-David-Biedert-1-18x12.jpg 18w, https:\/\/www.organisator.ch\/wp-content\/uploads\/2026\/03\/Besucherinnen-werden-zu-KA\u00bcnstlerinnen-Was-erkennt-die-KI-in-einer-Bewegung-c-David-Biedert-1-375x250.jpg 375w, https:\/\/www.organisator.ch\/wp-content\/uploads\/2026\/03\/Besucherinnen-werden-zu-KA\u00bcnstlerinnen-Was-erkennt-die-KI-in-einer-Bewegung-c-David-Biedert-1-525x350.jpg 525w, https:\/\/www.organisator.ch\/wp-content\/uploads\/2026\/03\/Besucherinnen-werden-zu-KA\u00bcnstlerinnen-Was-erkennt-die-KI-in-einer-Bewegung-c-David-Biedert-1-1000x667.jpg 1000w\" sizes=\"auto, (max-width: 1400px) 100vw, 1400px\" \/><figcaption id=\"caption-attachment-46099\" class=\"wp-caption-text\">I visitatori scoprono l'arte che l'intelligenza artificiale genera dal movimento. Fonte: zvg<\/figcaption><\/figure>\n<p>\u00abDa bambino, il Ph\u00e4nomena mi ha insegnato che il mondo \u00e8 pieno di meraviglie\u00bb, afferma Urs M\u00fcller, Direttore Generale del Ph\u00e4nomena e figlio del fondatore Georg M\u00fcller. \u00abPer me, continuare questa eredit\u00e0 significa trasmettere al futuro il fascino della mia infanzia\u00bb.\u00bb<\/p>\n<p>Secondo l'Ufficio federale di statistica, in Svizzera l'80% dei giovani tra i 18 e i 24 anni utilizza l'intelligenza artificiale per inviare messaggi. Ma pochi capiscono come funzionano i modelli linguistici. \u00c8 proprio qui che entra in gioco Ph\u00e4nomena. Fenomeni naturali, processi digitali e sviluppi sociali vengono messi in scena in modo immersivo. L'esperienza diventa stupore, lo stupore diventa comprensione.<\/p>\n<h3>Un inizio di successo nel weekend di apertura<\/h3>\n<p>Molti visitatori hanno risposto al richiamo della scienza durante il fine settimana di apertura e hanno testato gli oggetti esposti, programmato robot per un combattimento o fatto navigare robot subacquei in una piscina. \u00abSe anche un solo visitatore \u00e8 ispirato dai Ph\u00e4nomena a intraprendere una carriera scientifica, allora abbiamo fatto tutto bene\u00bb, afferma Urs M\u00fcller.<\/p>\n<figure id=\"attachment_46100\" aria-describedby=\"caption-attachment-46100\" style=\"width: 1400px\" class=\"wp-caption alignnone\"><img loading=\"lazy\" decoding=\"async\" class=\"size-full wp-image-46100\" src=\"https:\/\/www.organisator.ch\/wp-content\/uploads\/2026\/03\/BundesprA\u00a4sident-Guy-Parmelin-testet-die-Rennstrecke.-c-David-Biedert-scaled.jpg\" alt=\"\" width=\"1400\" height=\"934\" srcset=\"https:\/\/www.organisator.ch\/wp-content\/uploads\/2026\/03\/BundesprA\u00a4sident-Guy-Parmelin-testet-die-Rennstrecke.-c-David-Biedert-scaled.jpg 1400w, https:\/\/www.organisator.ch\/wp-content\/uploads\/2026\/03\/BundesprA\u00a4sident-Guy-Parmelin-testet-die-Rennstrecke.-c-David-Biedert-680x454.jpg 680w, https:\/\/www.organisator.ch\/wp-content\/uploads\/2026\/03\/BundesprA\u00a4sident-Guy-Parmelin-testet-die-Rennstrecke.-c-David-Biedert-1024x683.jpg 1024w, https:\/\/www.organisator.ch\/wp-content\/uploads\/2026\/03\/BundesprA\u00a4sident-Guy-Parmelin-testet-die-Rennstrecke.-c-David-Biedert-768x512.jpg 768w, https:\/\/www.organisator.ch\/wp-content\/uploads\/2026\/03\/BundesprA\u00a4sident-Guy-Parmelin-testet-die-Rennstrecke.-c-David-Biedert-1536x1025.jpg 1536w, https:\/\/www.organisator.ch\/wp-content\/uploads\/2026\/03\/BundesprA\u00a4sident-Guy-Parmelin-testet-die-Rennstrecke.-c-David-Biedert-2048x1366.jpg 2048w, https:\/\/www.organisator.ch\/wp-content\/uploads\/2026\/03\/BundesprA\u00a4sident-Guy-Parmelin-testet-die-Rennstrecke.-c-David-Biedert-18x12.jpg 18w, https:\/\/www.organisator.ch\/wp-content\/uploads\/2026\/03\/BundesprA\u00a4sident-Guy-Parmelin-testet-die-Rennstrecke.-c-David-Biedert-375x250.jpg 375w, https:\/\/www.organisator.ch\/wp-content\/uploads\/2026\/03\/BundesprA\u00a4sident-Guy-Parmelin-testet-die-Rennstrecke.-c-David-Biedert-525x350.jpg 525w, https:\/\/www.organisator.ch\/wp-content\/uploads\/2026\/03\/BundesprA\u00a4sident-Guy-Parmelin-testet-die-Rennstrecke.-c-David-Biedert-1000x667.jpg 1000w\" sizes=\"auto, (max-width: 1400px) 100vw, 1400px\" \/><figcaption id=\"caption-attachment-46100\" class=\"wp-caption-text\">Il presidente Guy Parmelin prova la pista interattiva. Fonte: zvg<\/figcaption><\/figure>\n<h3>Dalla postazione fissa al tour mobile<\/h3>\n<p>Il fatto che Ph\u00e4nomena on Tour sia oggi una realt\u00e0 non \u00e8 sempre stato scontato. L'idea originaria di una mostra permanente a Dietikon \u00e8 stata scartata e trasformata in un concetto mobile e contemporaneo. \u00abAbbiamo ripensato alla nostra idea originale e sviluppato un formato che si adatta al mondo di oggi\u00bb, spiega Urs M\u00fcller. \u00abIn 42 anni sono cambiate molte cose: La conoscenza deve essere pi\u00f9 flessibile, pi\u00f9 accessibile e pi\u00f9 vicina alle persone. Con il tour, portiamo i Ph\u00e4nomena direttamente nelle regioni e creiamo nuovi incontri con la scienza\u00bb.\u00bb<\/p>\n<p>Il concetto \u00e8 in sintonia con i tempi. In un mondo sempre pi\u00f9 digitale, veloce e complesso, Ph\u00e4nomena crea un luogo in cui la tecnologia non rimane astratta, ma diventa tangibile. Come un mondo itinerante di esperienze, porta la scienza direttamente alle persone.<\/p>\n<h3>Tour attraverso la Svizzera<\/h3>\n<p>L'intelligenza artificiale e la robotica sono il primo tema di Ph\u00e4nomena on Tour. Ogni anno viene stabilito un nuovo focus. Dopo Dietikon, dove la mostra \u00e8 visitabile fino al 19 aprile, seguiranno altre localit\u00e0: Basilea, Yverdon, Lucerna, Altst\u00e4tten, Zurigo e Bienne. Il programma \u00e8 completato dall'applicazione Ph\u00e4nomena Spot, che rende accessibili digitalmente in tutta la Svizzera fenomeni naturali, innovazioni tecniche ed elementi culturali.<\/p>\n<p>Il lancio a Dietikon \u00e8 un inizio di successo. Ph\u00e4nomena 2026 non \u00e8 quindi solo un mondo di esperienze, ma un laboratorio itinerante del futuro che porta la scienza dove deve stare: nel cuore della societ\u00e0.<\/p>\n<p><em>Ulteriori informazioni e biglietti: <a href=\"https:\/\/www.phaenomena.ch\" target=\"_blank\" rel=\"noopener\">www.phaenomena.ch<\/a><\/em><\/p>","protected":false},"excerpt":{"rendered":"<p>Dopo 42 anni, la leggendaria mostra scientifica svizzera celebra il suo ritorno come un mondo mobile di esperienze. Ph\u00e4nomena on Tour ha preso il via a Dietikon il 14 marzo, facendo vivere in modo interattivo temi come l'intelligenza artificiale e la robotica. Il Presidente Guy Parmelin ha partecipato alla cerimonia di apertura.<\/p>","protected":false},"author":107,"featured_media":46097,"comment_status":"closed","ping_status":"closed","sticky":false,"template":"","format":"standard","meta":{"_acf_changed":false,"_yoast_wpseo_focuskw":"Ph\u00e4nomena on Tour","_yoast_wpseo_metadesc":"Nach 42 Jahren kehrt die Ph\u00e4nomena als mobile Ausstellung zur\u00fcck. Start in Dietikon mit Fokus auf KI und Robotik \u2013 interaktiv und erlebbar.","articlekey":"","footnotes":""},"categories":[1],"tags":[319,420,502,533],"class_list":["post-46101","post","type-post","status-publish","format-standard","has-post-thumbnail","hentry","category-allgemein","tag-kuenstliche-intelligenz","tag-robotik","tag-veranstaltungen","tag-wissenschaft"],"acf":[],"yoast_head":"<!-- This site is optimized with the Yoast SEO plugin v27.4 - https:\/\/yoast.com\/product\/yoast-seo-wordpress\/ -->\n<title>Ph\u00e4nomena on Tour startet in Dietikon mit Fokus auf KI und Robotik - Organisator<\/title>\n<meta name=\"description\" content=\"Nach 42 Jahren kehrt die Ph\u00e4nomena als mobile Ausstellung zur\u00fcck. Start in Dietikon mit Fokus auf KI und Robotik \u2013 interaktiv und erlebbar.\" \/>\n<meta name=\"robots\" content=\"index, follow, max-snippet:-1, max-image-preview:large, max-video-preview:-1\" \/>\n<link rel=\"canonical\" href=\"https:\/\/www.organisator.ch\/it\/generale\/2026-03-16\/phaenomena-on-tour-startet-in-dietikon-mit-fokus-auf-ki-und-robotik\/\" \/>\n<meta property=\"og:locale\" content=\"it_IT\" \/>\n<meta property=\"og:type\" content=\"article\" \/>\n<meta property=\"og:title\" content=\"Ph\u00e4nomena on Tour startet in Dietikon mit Fokus auf KI und Robotik\" \/>\n<meta property=\"og:description\" content=\"Nach 42 Jahren kehrt die Ph\u00e4nomena als mobile Ausstellung zur\u00fcck. Start in Dietikon mit Fokus auf KI und Robotik \u2013 interaktiv und erlebbar.\" \/>\n<meta property=\"og:url\" content=\"https:\/\/www.organisator.ch\/it\/generale\/2026-03-16\/phaenomena-on-tour-startet-in-dietikon-mit-fokus-auf-ki-und-robotik\/\" \/>\n<meta property=\"og:site_name\" content=\"Organisator\" \/>\n<meta property=\"article:publisher\" content=\"https:\/\/www.facebook.com\/OrganisatorFachmagazin\" \/>\n<meta property=\"article:published_time\" content=\"2026-03-16T15:18:14+00:00\" \/>\n<meta property=\"og:image\" content=\"https:\/\/www.organisator.ch\/wp-content\/uploads\/2026\/03\/Beim-Exponat-Tethy-kA\u00b6nnen-Besucherinnen-lernen-wie-weit-die-Meeresbodenforschung-ist.c-David-Biedert-scaled.jpg\" \/>\n\t<meta property=\"og:image:width\" content=\"1400\" \/>\n\t<meta property=\"og:image:height\" content=\"934\" \/>\n\t<meta property=\"og:image:type\" content=\"image\/jpeg\" \/>\n<meta name=\"author\" content=\"n8n\" \/>\n<meta name=\"twitter:card\" content=\"summary_large_image\" \/>\n<meta name=\"twitter:title\" content=\"#Ph\u00e4nomena on Tour startet in #Dietikon mit Fokus auf KI und #Robotik\" \/>\n<meta name=\"twitter:description\" content=\"Nach 42 Jahren kehrt die #Ph\u00e4nomena als mobile Ausstellung zur\u00fcck. Start in Dietikon mit Fokus auf KI und #Robotik \u2013 interaktiv und erlebbar.\" \/>\n<meta name=\"twitter:image\" content=\"https:\/\/www.organisator.ch\/wp-content\/uploads\/2026\/03\/Beim-Exponat-Tethy-kA\u00b6nnen-Besucherinnen-lernen-wie-weit-die-Meeresbodenforschung-ist.c-David-Biedert-scaled.jpg\" \/>\n<script type=\"application\/ld+json\" class=\"yoast-schema-graph\">{\"@context\":\"https:\\\/\\\/schema.org\",\"@graph\":[{\"@type\":\"Article\",\"@id\":\"https:\\\/\\\/www.organisator.ch\\\/allgemein\\\/2026-03-16\\\/phaenomena-on-tour-startet-in-dietikon-mit-fokus-auf-ki-und-robotik\\\/#article\",\"isPartOf\":{\"@id\":\"https:\\\/\\\/www.organisator.ch\\\/allgemein\\\/2026-03-16\\\/phaenomena-on-tour-startet-in-dietikon-mit-fokus-auf-ki-und-robotik\\\/\"},\"author\":{\"name\":\"n8n\",\"@id\":\"https:\\\/\\\/www.organisator.ch\\\/#\\\/schema\\\/person\\\/a9d0e0eff238db87a8f840f3b50359f0\"},\"headline\":\"Ph\u00e4nomena on Tour startet in Dietikon mit Fokus auf KI und Robotik\",\"datePublished\":\"2026-03-16T15:18:14+00:00\",\"mainEntityOfPage\":{\"@id\":\"https:\\\/\\\/www.organisator.ch\\\/allgemein\\\/2026-03-16\\\/phaenomena-on-tour-startet-in-dietikon-mit-fokus-auf-ki-und-robotik\\\/\"},\"wordCount\":575,\"publisher\":{\"@id\":\"https:\\\/\\\/www.organisator.ch\\\/#organization\"},\"image\":{\"@id\":\"https:\\\/\\\/www.organisator.ch\\\/allgemein\\\/2026-03-16\\\/phaenomena-on-tour-startet-in-dietikon-mit-fokus-auf-ki-und-robotik\\\/#primaryimage\"},\"thumbnailUrl\":\"https:\\\/\\\/www.organisator.ch\\\/wp-content\\\/uploads\\\/2026\\\/03\\\/Beim-Exponat-Tethy-kA\u00b6nnen-Besucherinnen-lernen-wie-weit-die-Meeresbodenforschung-ist.c-David-Biedert-scaled.jpg\",\"keywords\":[\"K\u00fcnstliche Intelligenz\",\"Robotik\",\"Veranstaltungen\",\"Wissenschaft\"],\"articleSection\":[\"Allgemein\"],\"inLanguage\":\"it-IT\"},{\"@type\":\"WebPage\",\"@id\":\"https:\\\/\\\/www.organisator.ch\\\/allgemein\\\/2026-03-16\\\/phaenomena-on-tour-startet-in-dietikon-mit-fokus-auf-ki-und-robotik\\\/\",\"url\":\"https:\\\/\\\/www.organisator.ch\\\/allgemein\\\/2026-03-16\\\/phaenomena-on-tour-startet-in-dietikon-mit-fokus-auf-ki-und-robotik\\\/\",\"name\":\"Ph\u00e4nomena on Tour startet in Dietikon mit Fokus auf KI und Robotik - Organisator\",\"isPartOf\":{\"@id\":\"https:\\\/\\\/www.organisator.ch\\\/#website\"},\"primaryImageOfPage\":{\"@id\":\"https:\\\/\\\/www.organisator.ch\\\/allgemein\\\/2026-03-16\\\/phaenomena-on-tour-startet-in-dietikon-mit-fokus-auf-ki-und-robotik\\\/#primaryimage\"},\"image\":{\"@id\":\"https:\\\/\\\/www.organisator.ch\\\/allgemein\\\/2026-03-16\\\/phaenomena-on-tour-startet-in-dietikon-mit-fokus-auf-ki-und-robotik\\\/#primaryimage\"},\"thumbnailUrl\":\"https:\\\/\\\/www.organisator.ch\\\/wp-content\\\/uploads\\\/2026\\\/03\\\/Beim-Exponat-Tethy-kA\u00b6nnen-Besucherinnen-lernen-wie-weit-die-Meeresbodenforschung-ist.c-David-Biedert-scaled.jpg\",\"datePublished\":\"2026-03-16T15:18:14+00:00\",\"description\":\"Nach 42 Jahren kehrt die Ph\u00e4nomena als mobile Ausstellung zur\u00fcck. Start in Dietikon mit Fokus auf KI und Robotik \u2013 interaktiv und erlebbar.\",\"breadcrumb\":{\"@id\":\"https:\\\/\\\/www.organisator.ch\\\/allgemein\\\/2026-03-16\\\/phaenomena-on-tour-startet-in-dietikon-mit-fokus-auf-ki-und-robotik\\\/#breadcrumb\"},\"inLanguage\":\"it-IT\",\"potentialAction\":[{\"@type\":\"ReadAction\",\"target\":[\"https:\\\/\\\/www.organisator.ch\\\/allgemein\\\/2026-03-16\\\/phaenomena-on-tour-startet-in-dietikon-mit-fokus-auf-ki-und-robotik\\\/\"]}]},{\"@type\":\"ImageObject\",\"inLanguage\":\"it-IT\",\"@id\":\"https:\\\/\\\/www.organisator.ch\\\/allgemein\\\/2026-03-16\\\/phaenomena-on-tour-startet-in-dietikon-mit-fokus-auf-ki-und-robotik\\\/#primaryimage\",\"url\":\"https:\\\/\\\/www.organisator.ch\\\/wp-content\\\/uploads\\\/2026\\\/03\\\/Beim-Exponat-Tethy-kA\u00b6nnen-Besucherinnen-lernen-wie-weit-die-Meeresbodenforschung-ist.c-David-Biedert-scaled.jpg\",\"contentUrl\":\"https:\\\/\\\/www.organisator.ch\\\/wp-content\\\/uploads\\\/2026\\\/03\\\/Beim-Exponat-Tethy-kA\u00b6nnen-Besucherinnen-lernen-wie-weit-die-Meeresbodenforschung-ist.c-David-Biedert-scaled.jpg\",\"width\":1400,\"height\":934,\"caption\":\"Exponat Tethy zeigt Fortschritte der Meeresbodenforschung. Quelle: zvg\"},{\"@type\":\"BreadcrumbList\",\"@id\":\"https:\\\/\\\/www.organisator.ch\\\/allgemein\\\/2026-03-16\\\/phaenomena-on-tour-startet-in-dietikon-mit-fokus-auf-ki-und-robotik\\\/#breadcrumb\",\"itemListElement\":[{\"@type\":\"ListItem\",\"position\":1,\"name\":\"Home\",\"item\":\"https:\\\/\\\/www.organisator.ch\\\/\"},{\"@type\":\"ListItem\",\"position\":2,\"name\":\"Ph\u00e4nomena on Tour startet in Dietikon mit Fokus auf KI und Robotik\"}]},{\"@type\":\"WebSite\",\"@id\":\"https:\\\/\\\/www.organisator.ch\\\/#website\",\"url\":\"https:\\\/\\\/www.organisator.ch\\\/\",\"name\":\"Organisator\",\"description\":\"Kompetent. Praxisnah. Der ORGANISATOR bereitet in 10 Ausgaben pro Jahr die wesentlichen Themen f\u00fcr F\u00fchrungskr\u00e4fte von KMU auf.\",\"publisher\":{\"@id\":\"https:\\\/\\\/www.organisator.ch\\\/#organization\"},\"potentialAction\":[{\"@type\":\"SearchAction\",\"target\":{\"@type\":\"EntryPoint\",\"urlTemplate\":\"https:\\\/\\\/www.organisator.ch\\\/?s={search_term_string}\"},\"query-input\":{\"@type\":\"PropertyValueSpecification\",\"valueRequired\":true,\"valueName\":\"search_term_string\"}}],\"inLanguage\":\"it-IT\"},{\"@type\":\"Organization\",\"@id\":\"https:\\\/\\\/www.organisator.ch\\\/#organization\",\"name\":\"Organisator\",\"url\":\"https:\\\/\\\/www.organisator.ch\\\/\",\"logo\":{\"@type\":\"ImageObject\",\"inLanguage\":\"it-IT\",\"@id\":\"https:\\\/\\\/www.organisator.ch\\\/#\\\/schema\\\/logo\\\/image\\\/\",\"url\":\"https:\\\/\\\/www.organisator.ch\\\/wp-content\\\/uploads\\\/2022\\\/01\\\/Logo_Organisator_Website.png\",\"contentUrl\":\"https:\\\/\\\/www.organisator.ch\\\/wp-content\\\/uploads\\\/2022\\\/01\\\/Logo_Organisator_Website.png\",\"width\":800,\"height\":77,\"caption\":\"Organisator\"},\"image\":{\"@id\":\"https:\\\/\\\/www.organisator.ch\\\/#\\\/schema\\\/logo\\\/image\\\/\"},\"sameAs\":[\"https:\\\/\\\/www.facebook.com\\\/OrganisatorFachmagazin\",\"https:\\\/\\\/www.linkedin.com\\\/showcase\\\/organisator-das-magazin-fr-kmu\",\"https:\\\/\\\/www.xing.com\\\/news\\\/pages\\\/organisator-ch-695\",\"https:\\\/\\\/www.youtube.com\\\/channel\\\/UCGP2Sq0iWaZwT3BdIAQFYpw\"]},{\"@type\":\"Person\",\"@id\":\"https:\\\/\\\/www.organisator.ch\\\/#\\\/schema\\\/person\\\/a9d0e0eff238db87a8f840f3b50359f0\",\"name\":\"n8n\",\"image\":{\"@type\":\"ImageObject\",\"inLanguage\":\"it-IT\",\"@id\":\"https:\\\/\\\/secure.gravatar.com\\\/avatar\\\/5368fb9d03fd415a6f335cece4c15af2502d6ca8651efbd6e8f98427a9795400?s=96&d=mm&r=g\",\"url\":\"https:\\\/\\\/secure.gravatar.com\\\/avatar\\\/5368fb9d03fd415a6f335cece4c15af2502d6ca8651efbd6e8f98427a9795400?s=96&d=mm&r=g\",\"contentUrl\":\"https:\\\/\\\/secure.gravatar.com\\\/avatar\\\/5368fb9d03fd415a6f335cece4c15af2502d6ca8651efbd6e8f98427a9795400?s=96&d=mm&r=g\",\"caption\":\"n8n\"},\"url\":\"https:\\\/\\\/www.organisator.ch\\\/it\\\/author\\\/n8n\\\/\"}]}<\/script>\n<!-- \/ Yoast SEO plugin. -->","yoast_head_json":{"title":"Ph\u00e4nomena on Tour inizia a Dietikon con un focus sull'intelligenza artificiale e la robotica - Organizzatore","description":"Dopo 42 anni, Ph\u00e4nomena torna come mostra mobile. Lancio a Dietikon con un focus su AI e robotica - interattivo e tangibile.","robots":{"index":"index","follow":"follow","max-snippet":"max-snippet:-1","max-image-preview":"max-image-preview:large","max-video-preview":"max-video-preview:-1"},"canonical":"https:\/\/www.organisator.ch\/it\/generale\/2026-03-16\/phaenomena-on-tour-startet-in-dietikon-mit-fokus-auf-ki-und-robotik\/","og_locale":"it_IT","og_type":"article","og_title":"Ph\u00e4nomena on Tour startet in Dietikon mit Fokus auf KI und Robotik","og_description":"Nach 42 Jahren kehrt die Ph\u00e4nomena als mobile Ausstellung zur\u00fcck. Start in Dietikon mit Fokus auf KI und Robotik \u2013 interaktiv und erlebbar.","og_url":"https:\/\/www.organisator.ch\/it\/generale\/2026-03-16\/phaenomena-on-tour-startet-in-dietikon-mit-fokus-auf-ki-und-robotik\/","og_site_name":"Organisator","article_publisher":"https:\/\/www.facebook.com\/OrganisatorFachmagazin","article_published_time":"2026-03-16T15:18:14+00:00","og_image":[{"width":1400,"height":934,"url":"https:\/\/www.organisator.ch\/wp-content\/uploads\/2026\/03\/Beim-Exponat-Tethy-kA\u00b6nnen-Besucherinnen-lernen-wie-weit-die-Meeresbodenforschung-ist.c-David-Biedert-scaled.jpg","type":"image\/jpeg"}],"author":"n8n","twitter_card":"summary_large_image","twitter_title":"#Ph\u00e4nomena on Tour startet in #Dietikon mit Fokus auf KI und #Robotik","twitter_description":"Nach 42 Jahren kehrt die #Ph\u00e4nomena als mobile Ausstellung zur\u00fcck. Start in Dietikon mit Fokus auf KI und #Robotik \u2013 interaktiv und erlebbar.","twitter_image":"https:\/\/www.organisator.ch\/wp-content\/uploads\/2026\/03\/Beim-Exponat-Tethy-kA\u00b6nnen-Besucherinnen-lernen-wie-weit-die-Meeresbodenforschung-ist.c-David-Biedert-scaled.jpg","schema":{"@context":"https:\/\/schema.org","@graph":[{"@type":"Article","@id":"https:\/\/www.organisator.ch\/allgemein\/2026-03-16\/phaenomena-on-tour-startet-in-dietikon-mit-fokus-auf-ki-und-robotik\/#article","isPartOf":{"@id":"https:\/\/www.organisator.ch\/allgemein\/2026-03-16\/phaenomena-on-tour-startet-in-dietikon-mit-fokus-auf-ki-und-robotik\/"},"author":{"name":"n8n","@id":"https:\/\/www.organisator.ch\/#\/schema\/person\/a9d0e0eff238db87a8f840f3b50359f0"},"headline":"Ph\u00e4nomena on Tour startet in Dietikon mit Fokus auf KI und Robotik","datePublished":"2026-03-16T15:18:14+00:00","mainEntityOfPage":{"@id":"https:\/\/www.organisator.ch\/allgemein\/2026-03-16\/phaenomena-on-tour-startet-in-dietikon-mit-fokus-auf-ki-und-robotik\/"},"wordCount":575,"publisher":{"@id":"https:\/\/www.organisator.ch\/#organization"},"image":{"@id":"https:\/\/www.organisator.ch\/allgemein\/2026-03-16\/phaenomena-on-tour-startet-in-dietikon-mit-fokus-auf-ki-und-robotik\/#primaryimage"},"thumbnailUrl":"https:\/\/www.organisator.ch\/wp-content\/uploads\/2026\/03\/Beim-Exponat-Tethy-kA\u00b6nnen-Besucherinnen-lernen-wie-weit-die-Meeresbodenforschung-ist.c-David-Biedert-scaled.jpg","keywords":["K\u00fcnstliche Intelligenz","Robotik","Veranstaltungen","Wissenschaft"],"articleSection":["Allgemein"],"inLanguage":"it-IT"},{"@type":"WebPage","@id":"https:\/\/www.organisator.ch\/allgemein\/2026-03-16\/phaenomena-on-tour-startet-in-dietikon-mit-fokus-auf-ki-und-robotik\/","url":"https:\/\/www.organisator.ch\/allgemein\/2026-03-16\/phaenomena-on-tour-startet-in-dietikon-mit-fokus-auf-ki-und-robotik\/","name":"Ph\u00e4nomena on Tour inizia a Dietikon con un focus sull'intelligenza artificiale e la robotica - Organizzatore","isPartOf":{"@id":"https:\/\/www.organisator.ch\/#website"},"primaryImageOfPage":{"@id":"https:\/\/www.organisator.ch\/allgemein\/2026-03-16\/phaenomena-on-tour-startet-in-dietikon-mit-fokus-auf-ki-und-robotik\/#primaryimage"},"image":{"@id":"https:\/\/www.organisator.ch\/allgemein\/2026-03-16\/phaenomena-on-tour-startet-in-dietikon-mit-fokus-auf-ki-und-robotik\/#primaryimage"},"thumbnailUrl":"https:\/\/www.organisator.ch\/wp-content\/uploads\/2026\/03\/Beim-Exponat-Tethy-kA\u00b6nnen-Besucherinnen-lernen-wie-weit-die-Meeresbodenforschung-ist.c-David-Biedert-scaled.jpg","datePublished":"2026-03-16T15:18:14+00:00","description":"Dopo 42 anni, Ph\u00e4nomena torna come mostra mobile. Lancio a Dietikon con un focus su AI e robotica - interattivo e tangibile.","breadcrumb":{"@id":"https:\/\/www.organisator.ch\/allgemein\/2026-03-16\/phaenomena-on-tour-startet-in-dietikon-mit-fokus-auf-ki-und-robotik\/#breadcrumb"},"inLanguage":"it-IT","potentialAction":[{"@type":"ReadAction","target":["https:\/\/www.organisator.ch\/allgemein\/2026-03-16\/phaenomena-on-tour-startet-in-dietikon-mit-fokus-auf-ki-und-robotik\/"]}]},{"@type":"ImageObject","inLanguage":"it-IT","@id":"https:\/\/www.organisator.ch\/allgemein\/2026-03-16\/phaenomena-on-tour-startet-in-dietikon-mit-fokus-auf-ki-und-robotik\/#primaryimage","url":"https:\/\/www.organisator.ch\/wp-content\/uploads\/2026\/03\/Beim-Exponat-Tethy-kA\u00b6nnen-Besucherinnen-lernen-wie-weit-die-Meeresbodenforschung-ist.c-David-Biedert-scaled.jpg","contentUrl":"https:\/\/www.organisator.ch\/wp-content\/uploads\/2026\/03\/Beim-Exponat-Tethy-kA\u00b6nnen-Besucherinnen-lernen-wie-weit-die-Meeresbodenforschung-ist.c-David-Biedert-scaled.jpg","width":1400,"height":934,"caption":"Exponat Tethy zeigt Fortschritte der Meeresbodenforschung. Quelle: zvg"},{"@type":"BreadcrumbList","@id":"https:\/\/www.organisator.ch\/allgemein\/2026-03-16\/phaenomena-on-tour-startet-in-dietikon-mit-fokus-auf-ki-und-robotik\/#breadcrumb","itemListElement":[{"@type":"ListItem","position":1,"name":"Home","item":"https:\/\/www.organisator.ch\/"},{"@type":"ListItem","position":2,"name":"Ph\u00e4nomena on Tour startet in Dietikon mit Fokus auf KI und Robotik"}]},{"@type":"WebSite","@id":"https:\/\/www.organisator.ch\/#website","url":"https:\/\/www.organisator.ch\/","name":"Organizzatore","description":"Competente. Pratico. In 10 numeri all'anno, ORGANISATOR presenta i temi essenziali per i manager delle PMI.","publisher":{"@id":"https:\/\/www.organisator.ch\/#organization"},"potentialAction":[{"@type":"SearchAction","target":{"@type":"EntryPoint","urlTemplate":"https:\/\/www.organisator.ch\/?s={search_term_string}"},"query-input":{"@type":"PropertyValueSpecification","valueRequired":true,"valueName":"search_term_string"}}],"inLanguage":"it-IT"},{"@type":"Organization","@id":"https:\/\/www.organisator.ch\/#organization","name":"Organizzatore","url":"https:\/\/www.organisator.ch\/","logo":{"@type":"ImageObject","inLanguage":"it-IT","@id":"https:\/\/www.organisator.ch\/#\/schema\/logo\/image\/","url":"https:\/\/www.organisator.ch\/wp-content\/uploads\/2022\/01\/Logo_Organisator_Website.png","contentUrl":"https:\/\/www.organisator.ch\/wp-content\/uploads\/2022\/01\/Logo_Organisator_Website.png","width":800,"height":77,"caption":"Organisator"},"image":{"@id":"https:\/\/www.organisator.ch\/#\/schema\/logo\/image\/"},"sameAs":["https:\/\/www.facebook.com\/OrganisatorFachmagazin","https:\/\/www.linkedin.com\/showcase\/organisator-das-magazin-fr-kmu","https:\/\/www.xing.com\/news\/pages\/organisator-ch-695","https:\/\/www.youtube.com\/channel\/UCGP2Sq0iWaZwT3BdIAQFYpw"]},{"@type":"Person","@id":"https:\/\/www.organisator.ch\/#\/schema\/person\/a9d0e0eff238db87a8f840f3b50359f0","name":"n8n","image":{"@type":"ImageObject","inLanguage":"it-IT","@id":"https:\/\/secure.gravatar.com\/avatar\/5368fb9d03fd415a6f335cece4c15af2502d6ca8651efbd6e8f98427a9795400?s=96&d=mm&r=g","url":"https:\/\/secure.gravatar.com\/avatar\/5368fb9d03fd415a6f335cece4c15af2502d6ca8651efbd6e8f98427a9795400?s=96&d=mm&r=g","contentUrl":"https:\/\/secure.gravatar.com\/avatar\/5368fb9d03fd415a6f335cece4c15af2502d6ca8651efbd6e8f98427a9795400?s=96&d=mm&r=g","caption":"n8n"},"url":"https:\/\/www.organisator.ch\/it\/author\/n8n\/"}]}},"_links":{"self":[{"href":"https:\/\/www.organisator.ch\/it\/wp-json\/wp\/v2\/posts\/46101","targetHints":{"allow":["GET"]}}],"collection":[{"href":"https:\/\/www.organisator.ch\/it\/wp-json\/wp\/v2\/posts"}],"about":[{"href":"https:\/\/www.organisator.ch\/it\/wp-json\/wp\/v2\/types\/post"}],"author":[{"embeddable":true,"href":"https:\/\/www.organisator.ch\/it\/wp-json\/wp\/v2\/users\/107"}],"replies":[{"embeddable":true,"href":"https:\/\/www.organisator.ch\/it\/wp-json\/wp\/v2\/comments?post=46101"}],"version-history":[{"count":6,"href":"https:\/\/www.organisator.ch\/it\/wp-json\/wp\/v2\/posts\/46101\/revisions"}],"predecessor-version":[{"id":46193,"href":"https:\/\/www.organisator.ch\/it\/wp-json\/wp\/v2\/posts\/46101\/revisions\/46193"}],"wp:featuredmedia":[{"embeddable":true,"href":"https:\/\/www.organisator.ch\/it\/wp-json\/wp\/v2\/media\/46097"}],"wp:attachment":[{"href":"https:\/\/www.organisator.ch\/it\/wp-json\/wp\/v2\/media?parent=46101"}],"wp:term":[{"taxonomy":"category","embeddable":true,"href":"https:\/\/www.organisator.ch\/it\/wp-json\/wp\/v2\/categories?post=46101"},{"taxonomy":"post_tag","embeddable":true,"href":"https:\/\/www.organisator.ch\/it\/wp-json\/wp\/v2\/tags?post=46101"}],"curies":[{"name":"wp","href":"https:\/\/api.w.org\/{rel}","templated":true}]}}