{"id":4615,"date":"2018-12-17T07:28:12","date_gmt":"2018-12-17T06:28:12","guid":{"rendered":"https:\/\/www.organisator.ch\/?p=4615"},"modified":"2018-12-17T07:28:12","modified_gmt":"2018-12-17T06:28:12","slug":"trockene-augen-was-tun","status":"publish","type":"post","link":"https:\/\/www.organisator.ch\/it\/human-resources\/fit_im_job\/2018-12-17\/trockene-augen-was-tun\/","title":{"rendered":"Occhi secchi: cosa fare?"},"content":{"rendered":"<p>PC, tablet, TV e smartphone sono onnipresenti nella nostra vita professionale e privata. Il risultato: sempre pi\u00f9 persone hanno gli occhi secchi. Guardiamo gli schermi grandi e piccoli con uno sguardo fisso e concentrato e dimentichiamo di sbattere le palpebre. Tuttavia, la chiusura regolare e breve degli occhi \u00e8 importante per la formazione del liquido lacrimale. Il problema \u00e8 particolarmente aggravato in autunno e in inverno, poich\u00e9 le stanze riscaldate e secche aggravano ulteriormente i sintomi.<\/p>\n<h2><strong>Come si sviluppano gli occhi secchi? <\/strong><\/h2>\n<p>Il nostro fluido lacrimale \u00e8 composto da una parte acquosa e una parte grassa. Nella maggior parte dei casi di occhio secco, la causa risiede nella parte oleosa mancante. Le cosiddette ghiandole di Meibomio giocano un ruolo centrale nella formazione del liquido lacrimale. Producono lo strato lipidico - la parte oleosa - del film lacrimale, che assicura che la parte acquosa delle lacrime non evapori. Nel caso degli occhi secchi, queste ghiandole spesso non funzionano pi\u00f9 correttamente o si sono atrofizzate completamente, causando l'evaporazione dell'acqua lacrimale. Se si continua a sbattere le palpebre troppo di rado e si \u00e8 esposti all'aria secca nonostante questo, i sintomi peggiorano sempre di pi\u00f9. La cornea e la congiuntiva si seccano anche se le lacrime scorrono.<\/p>\n<h2><strong>I metodi di trattamento<\/strong><\/h2>\n<p>All'inizio, \u00e8 importante ammettere che hai un problema di salute e che dovresti vedere un oftalmologo. L'oftalmologo far\u00e0 una diagnosi per identificare chiaramente i sintomi e le cause. Il primo passo \u00e8 di solito collirio, gel o pomate per compensare la mancanza di film lacrimale. Spesso, queste misure portano gi\u00e0 un sollievo significativo alle persone colpite. Se questo non \u00e8 sufficiente, le cliniche Pallas, per esempio, hanno un dispositivo di trattamento medico chiamato \"LipiFlow\". Questo inizia dalla causa del problema. La combinazione di massaggio oculare e calore migliora il flusso lacrimale e le ghiandole di Meibomio bloccate vengono riattivate. Questo pu\u00f2 contribuire in modo decisivo al miglioramento della qualit\u00e0 di vita del paziente. Vale la pena di iniziare il trattamento abbastanza presto in modo che le ghiandole possano essere riattivate in tempo. Se non trattata, la condizione pu\u00f2 portare a infiammazioni e danni alla cornea.<\/p>\n<h2>Cosa puoi fare tu stesso<\/h2>\n<p>Per prevenire o alleviare la secchezza oculare, ecco cosa puoi fare - anche sul posto di lavoro:<\/p>\n<p><strong>Chiudi gli occhi: <\/strong>Chiudi gli occhi in modo rilassato in modo che le palpebre superiori e inferiori si tocchino. Tieni gli occhi chiusi cos\u00ec per due secondi. Ora strizza gli occhi molto forte e conta lentamente fino a due. Ora apri gli occhi e conta lentamente fino a due.<\/p>\n<p><strong>Impacchi caldi:<\/strong> Mettere impacchi caldi e umidi sulle palpebre chiuse per cinque minuti (Fig. 1). Il calore liquefa le secrezioni ghiandolari ispessite.<\/p>\n<figure id=\"attachment_4616\" aria-describedby=\"caption-attachment-4616\" style=\"width: 680px\" class=\"wp-caption alignnone\"><img loading=\"lazy\" decoding=\"async\" class=\"size-medium wp-image-4616\" src=\"https:\/\/www.organisator.ch\/wp-content\/uploads\/2018\/12\/2018_12_FiJ_Trockene-Augen_Abb1_1794864.jpg\" alt=\"&lt;li class=&quot;article_legend&quot;&gt;Fig. 1: Impacchi caldi&lt;\/li&gt;\" width=\"680\" height=\"634\" srcset=\"https:\/\/www.organisator.ch\/wp-content\/uploads\/2018\/12\/2018_12_FiJ_Trockene-Augen_Abb1_1794864.jpg 698w, https:\/\/www.organisator.ch\/wp-content\/uploads\/2018\/12\/2018_12_FiJ_Trockene-Augen_Abb1_1794864-680x634.jpg 680w, https:\/\/www.organisator.ch\/wp-content\/uploads\/2018\/12\/2018_12_FiJ_Trockene-Augen_Abb1_1794864-13x12.jpg 13w, https:\/\/www.organisator.ch\/wp-content\/uploads\/2018\/12\/2018_12_FiJ_Trockene-Augen_Abb1_1794864-188x175.jpg 188w, https:\/\/www.organisator.ch\/wp-content\/uploads\/2018\/12\/2018_12_FiJ_Trockene-Augen_Abb1_1794864-375x350.jpg 375w, https:\/\/www.organisator.ch\/wp-content\/uploads\/2018\/12\/2018_12_FiJ_Trockene-Augen_Abb1_1794864-300x280.jpg 300w\" sizes=\"auto, (max-width: 680px) 100vw, 680px\" \/><figcaption id=\"caption-attachment-4616\" class=\"wp-caption-text\">Fig. 1: Impacchi caldi (Tutte le immagini: Pallas Kliniken)<\/figcaption><\/figure>\n<p><strong>Massaggio oculare: <\/strong>Massaggiare la palpebra superiore dall'alto verso il basso e la palpebra inferiore dal basso verso l'alto con il dito indice (fig. 2). Questo spreme le ghiandole sebacee.<\/p>\n<figure id=\"attachment_4617\" aria-describedby=\"caption-attachment-4617\" style=\"width: 680px\" class=\"wp-caption alignnone\"><img loading=\"lazy\" decoding=\"async\" class=\"size-medium wp-image-4617\" src=\"https:\/\/www.organisator.ch\/wp-content\/uploads\/2018\/12\/2018_12_FiJ_Trockene-Augen_Abb2_1794866.jpg\" alt=\"&lt;li class=&quot;article_legend&quot;&gt;Fig. 2: Massaggio oculare&lt;\/li&gt; \" width=\"680\" height=\"634\" srcset=\"https:\/\/www.organisator.ch\/wp-content\/uploads\/2018\/12\/2018_12_FiJ_Trockene-Augen_Abb2_1794866.jpg 698w, https:\/\/www.organisator.ch\/wp-content\/uploads\/2018\/12\/2018_12_FiJ_Trockene-Augen_Abb2_1794866-680x634.jpg 680w, https:\/\/www.organisator.ch\/wp-content\/uploads\/2018\/12\/2018_12_FiJ_Trockene-Augen_Abb2_1794866-13x12.jpg 13w, https:\/\/www.organisator.ch\/wp-content\/uploads\/2018\/12\/2018_12_FiJ_Trockene-Augen_Abb2_1794866-188x175.jpg 188w, https:\/\/www.organisator.ch\/wp-content\/uploads\/2018\/12\/2018_12_FiJ_Trockene-Augen_Abb2_1794866-375x350.jpg 375w, https:\/\/www.organisator.ch\/wp-content\/uploads\/2018\/12\/2018_12_FiJ_Trockene-Augen_Abb2_1794866-300x280.jpg 300w\" sizes=\"auto, (max-width: 680px) 100vw, 680px\" \/><figcaption id=\"caption-attachment-4617\" class=\"wp-caption-text\">Fig. 2: massaggio agli occhi<\/figcaption><\/figure>\n<p><strong>Pulizia del margine palpebrale:<\/strong> Tirare la palpebra inferiore verso il basso dal bulbo oculare con il dito indice. Strofinare delicatamente il bordo della palpebra con un cotton fioc inumidito con acqua calda (vedi fig. 3). \u00c8 difficile farlo da solo sulla palpebra superiore. Non rischiare di ferirti con il tampone; chiedi aiuto a qualcuno.<\/p>\n<figure id=\"attachment_4618\" aria-describedby=\"caption-attachment-4618\" style=\"width: 680px\" class=\"wp-caption alignnone\"><img loading=\"lazy\" decoding=\"async\" class=\"size-medium wp-image-4618\" src=\"https:\/\/www.organisator.ch\/wp-content\/uploads\/2018\/12\/2018_12_FiJ_Trockene-Augen_Abb3_1794868.jpg\" alt=\"&lt;li class=&quot;article_legend&quot;&gt;Fig. 3: Pulizia del bordo palpebrale&lt;\/li&gt;. \" width=\"680\" height=\"634\" srcset=\"https:\/\/www.organisator.ch\/wp-content\/uploads\/2018\/12\/2018_12_FiJ_Trockene-Augen_Abb3_1794868.jpg 698w, https:\/\/www.organisator.ch\/wp-content\/uploads\/2018\/12\/2018_12_FiJ_Trockene-Augen_Abb3_1794868-680x634.jpg 680w, https:\/\/www.organisator.ch\/wp-content\/uploads\/2018\/12\/2018_12_FiJ_Trockene-Augen_Abb3_1794868-13x12.jpg 13w, https:\/\/www.organisator.ch\/wp-content\/uploads\/2018\/12\/2018_12_FiJ_Trockene-Augen_Abb3_1794868-188x175.jpg 188w, https:\/\/www.organisator.ch\/wp-content\/uploads\/2018\/12\/2018_12_FiJ_Trockene-Augen_Abb3_1794868-375x350.jpg 375w, https:\/\/www.organisator.ch\/wp-content\/uploads\/2018\/12\/2018_12_FiJ_Trockene-Augen_Abb3_1794868-300x280.jpg 300w\" sizes=\"auto, (max-width: 680px) 100vw, 680px\" \/><figcaption id=\"caption-attachment-4618\" class=\"wp-caption-text\">Fig. 3: Pulizia dei margini del coperchio<\/figcaption><\/figure>\n<p>Inoltre: evitare l'aria secca della stanza o assicurare un'umidit\u00e0 sufficiente. Quando si guida, non puntare mai il ventilatore direttamente verso gli occhi.<\/p>\n<p>&nbsp;<\/p>\n<p><em>Questo articolo \u00e8 stato scritto in collaborazione con le Cliniche Pallas, un gruppo di cliniche che operano in tutta la Svizzera, specializzate in oftalmologia, laser oculari, dermatologia, medicina venosa e chirurgia plastica. <a href=\"http:\/\/www.pallas-kliniken.ch\">www.pallas-kliniken.ch<\/a><\/em><\/p>","protected":false},"excerpt":{"rendered":"<p>PC, Tablets, TV und Smartphones sind in unserem beruflichen und privaten Leben allgegenw\u00e4rtig. Die Folge: Immer mehr Menschen haben Trockene Augen. Wir blicken mit konzentriertem, starrem Blick auf die grossen und kleinen Bildschirme und verlernen dabei das Blinzeln. Das regelm\u00e4ssige, kurze Schliessen der Augen ist aber wichtig f\u00fcr die Bildung von Tr\u00e4nenfl\u00fcssigkeit. Besonders im Herbst [&hellip;]<\/p>\n","protected":false},"author":7,"featured_media":4616,"comment_status":"open","ping_status":"open","sticky":false,"template":"","format":"standard","meta":{"_acf_changed":false,"_yoast_wpseo_focuskw":"Trockene Augen","_yoast_wpseo_metadesc":"Ihre Augen tr\u00e4nen und brennen. Blinzeln ist pl\u00f6tzlich schmerzhaft, als h\u00e4tten Sie Sandk\u00f6rner in den Augen. Dies sind m\u00f6gliche Symptome f\u00fcr Trockene Augen.","articlekey":"","footnotes":""},"categories":[25],"tags":[77,115,208,243],"class_list":["post-4615","post","type-post","status-publish","format-standard","has-post-thumbnail","hentry","category-fit_im_job","tag-betriebliches-gesundheitsmanagement","tag-checklisten","tag-fit-im-job","tag-gesundheit-allgemein"],"acf":[],"yoast_head":"<!-- This site is optimized with the Yoast SEO plugin v27.4 - https:\/\/yoast.com\/product\/yoast-seo-wordpress\/ -->\n<title>Trockene Augen: Was tun? - Organisator<\/title>\n<meta name=\"description\" content=\"Ihre Augen tr\u00e4nen und brennen. Blinzeln ist pl\u00f6tzlich schmerzhaft, als h\u00e4tten Sie Sandk\u00f6rner in den Augen. Dies sind m\u00f6gliche Symptome f\u00fcr Trockene Augen.\" \/>\n<meta name=\"robots\" content=\"index, follow, max-snippet:-1, max-image-preview:large, max-video-preview:-1\" \/>\n<link rel=\"canonical\" href=\"https:\/\/www.organisator.ch\/it\/risorse-umane\/fit_im_job\/2018-12-17\/trockene-augen-was-tun\/\" \/>\n<meta property=\"og:locale\" content=\"it_IT\" \/>\n<meta property=\"og:type\" content=\"article\" \/>\n<meta property=\"og:title\" content=\"Augentrockenheit: Was tun?\" \/>\n<meta property=\"og:description\" content=\"Ihre Augen tr\u00e4nen und brennen. Blinzeln ist pl\u00f6tzlich schmerzhaft, als h\u00e4tten Sie Sandk\u00f6rner in den Augen. Dies sind m\u00f6gliche Symptome f\u00fcr Trockene Augen.\" \/>\n<meta property=\"og:url\" content=\"https:\/\/www.organisator.ch\/it\/risorse-umane\/fit_im_job\/2018-12-17\/trockene-augen-was-tun\/\" \/>\n<meta property=\"og:site_name\" content=\"Organisator\" \/>\n<meta property=\"article:publisher\" content=\"https:\/\/www.facebook.com\/OrganisatorFachmagazin\" \/>\n<meta property=\"article:published_time\" content=\"2018-12-17T06:28:12+00:00\" \/>\n<meta property=\"og:image\" content=\"https:\/\/www.organisator.ch\/wp-content\/uploads\/2018\/12\/2018_12_FiJ_Trockene-Augen_Abb2_1794866.jpg\" \/>\n\t<meta property=\"og:image:width\" content=\"698\" \/>\n\t<meta property=\"og:image:height\" content=\"651\" \/>\n\t<meta property=\"og:image:type\" content=\"image\/jpeg\" \/>\n<meta name=\"author\" content=\"K4-Import\" \/>\n<meta name=\"twitter:card\" content=\"summary_large_image\" \/>\n<meta name=\"twitter:title\" content=\"#Augentrockenheit: Was tun?\" \/>\n<meta name=\"twitter:description\" content=\"Ihre Augen tr\u00e4nen und brennen. Blinzeln ist pl\u00f6tzlich schmerzhaft, als h\u00e4tten Sie Sandk\u00f6rner in den Augen. Dies sind m\u00f6gliche Symptome f\u00fcr Trockene Augen.\" \/>\n<meta name=\"twitter:image\" content=\"https:\/\/www.organisator.ch\/wp-content\/uploads\/2018\/12\/2018_12_FiJ_Trockene-Augen_Abb2_1794866.jpg\" \/>\n<script type=\"application\/ld+json\" class=\"yoast-schema-graph\">{\"@context\":\"https:\\\/\\\/schema.org\",\"@graph\":[{\"@type\":\"Article\",\"@id\":\"https:\\\/\\\/www.organisator.ch\\\/human-resources\\\/fit_im_job\\\/2018-12-17\\\/trockene-augen-was-tun\\\/#article\",\"isPartOf\":{\"@id\":\"https:\\\/\\\/www.organisator.ch\\\/human-resources\\\/fit_im_job\\\/2018-12-17\\\/trockene-augen-was-tun\\\/\"},\"author\":{\"name\":\"K4-Import\",\"@id\":\"https:\\\/\\\/www.organisator.ch\\\/#\\\/schema\\\/person\\\/dd8ffea01043c9c41d7718296a158fac\"},\"headline\":\"Trockene Augen: Was tun?\",\"datePublished\":\"2018-12-17T06:28:12+00:00\",\"mainEntityOfPage\":{\"@id\":\"https:\\\/\\\/www.organisator.ch\\\/human-resources\\\/fit_im_job\\\/2018-12-17\\\/trockene-augen-was-tun\\\/\"},\"wordCount\":616,\"commentCount\":0,\"publisher\":{\"@id\":\"https:\\\/\\\/www.organisator.ch\\\/#organization\"},\"image\":{\"@id\":\"https:\\\/\\\/www.organisator.ch\\\/human-resources\\\/fit_im_job\\\/2018-12-17\\\/trockene-augen-was-tun\\\/#primaryimage\"},\"thumbnailUrl\":\"https:\\\/\\\/www.organisator.ch\\\/wp-content\\\/uploads\\\/2018\\\/12\\\/2018_12_FiJ_Trockene-Augen_Abb1_1794864.jpg\",\"keywords\":[\"Betriebliches Gesundheitsmanagement\",\"Checklisten\",\"Fit im Job\",\"Gesundheit allgemein\"],\"articleSection\":[\"FIT IM JOB\"],\"inLanguage\":\"it-IT\"},{\"@type\":\"WebPage\",\"@id\":\"https:\\\/\\\/www.organisator.ch\\\/human-resources\\\/fit_im_job\\\/2018-12-17\\\/trockene-augen-was-tun\\\/\",\"url\":\"https:\\\/\\\/www.organisator.ch\\\/human-resources\\\/fit_im_job\\\/2018-12-17\\\/trockene-augen-was-tun\\\/\",\"name\":\"Trockene Augen: Was tun? - Organisator\",\"isPartOf\":{\"@id\":\"https:\\\/\\\/www.organisator.ch\\\/#website\"},\"primaryImageOfPage\":{\"@id\":\"https:\\\/\\\/www.organisator.ch\\\/human-resources\\\/fit_im_job\\\/2018-12-17\\\/trockene-augen-was-tun\\\/#primaryimage\"},\"image\":{\"@id\":\"https:\\\/\\\/www.organisator.ch\\\/human-resources\\\/fit_im_job\\\/2018-12-17\\\/trockene-augen-was-tun\\\/#primaryimage\"},\"thumbnailUrl\":\"https:\\\/\\\/www.organisator.ch\\\/wp-content\\\/uploads\\\/2018\\\/12\\\/2018_12_FiJ_Trockene-Augen_Abb1_1794864.jpg\",\"datePublished\":\"2018-12-17T06:28:12+00:00\",\"description\":\"Ihre Augen tr\u00e4nen und brennen. Blinzeln ist pl\u00f6tzlich schmerzhaft, als h\u00e4tten Sie Sandk\u00f6rner in den Augen. Dies sind m\u00f6gliche Symptome f\u00fcr Trockene Augen.\",\"breadcrumb\":{\"@id\":\"https:\\\/\\\/www.organisator.ch\\\/human-resources\\\/fit_im_job\\\/2018-12-17\\\/trockene-augen-was-tun\\\/#breadcrumb\"},\"inLanguage\":\"it-IT\",\"potentialAction\":[{\"@type\":\"ReadAction\",\"target\":[\"https:\\\/\\\/www.organisator.ch\\\/human-resources\\\/fit_im_job\\\/2018-12-17\\\/trockene-augen-was-tun\\\/\"]}]},{\"@type\":\"ImageObject\",\"inLanguage\":\"it-IT\",\"@id\":\"https:\\\/\\\/www.organisator.ch\\\/human-resources\\\/fit_im_job\\\/2018-12-17\\\/trockene-augen-was-tun\\\/#primaryimage\",\"url\":\"https:\\\/\\\/www.organisator.ch\\\/wp-content\\\/uploads\\\/2018\\\/12\\\/2018_12_FiJ_Trockene-Augen_Abb1_1794864.jpg\",\"contentUrl\":\"https:\\\/\\\/www.organisator.ch\\\/wp-content\\\/uploads\\\/2018\\\/12\\\/2018_12_FiJ_Trockene-Augen_Abb1_1794864.jpg\",\"width\":698,\"height\":651,\"caption\":\"Abb. 1: Warme Umschl\u00e4ge (Alle Bilder: Pallas Kliniken)\"},{\"@type\":\"BreadcrumbList\",\"@id\":\"https:\\\/\\\/www.organisator.ch\\\/human-resources\\\/fit_im_job\\\/2018-12-17\\\/trockene-augen-was-tun\\\/#breadcrumb\",\"itemListElement\":[{\"@type\":\"ListItem\",\"position\":1,\"name\":\"Home\",\"item\":\"https:\\\/\\\/www.organisator.ch\\\/\"},{\"@type\":\"ListItem\",\"position\":2,\"name\":\"Trockene Augen: Was tun?\"}]},{\"@type\":\"WebSite\",\"@id\":\"https:\\\/\\\/www.organisator.ch\\\/#website\",\"url\":\"https:\\\/\\\/www.organisator.ch\\\/\",\"name\":\"Organisator\",\"description\":\"Kompetent. Praxisnah. Der ORGANISATOR bereitet in 10 Ausgaben pro Jahr die wesentlichen Themen f\u00fcr F\u00fchrungskr\u00e4fte von KMU auf.\",\"publisher\":{\"@id\":\"https:\\\/\\\/www.organisator.ch\\\/#organization\"},\"potentialAction\":[{\"@type\":\"SearchAction\",\"target\":{\"@type\":\"EntryPoint\",\"urlTemplate\":\"https:\\\/\\\/www.organisator.ch\\\/?s={search_term_string}\"},\"query-input\":{\"@type\":\"PropertyValueSpecification\",\"valueRequired\":true,\"valueName\":\"search_term_string\"}}],\"inLanguage\":\"it-IT\"},{\"@type\":\"Organization\",\"@id\":\"https:\\\/\\\/www.organisator.ch\\\/#organization\",\"name\":\"Organisator\",\"url\":\"https:\\\/\\\/www.organisator.ch\\\/\",\"logo\":{\"@type\":\"ImageObject\",\"inLanguage\":\"it-IT\",\"@id\":\"https:\\\/\\\/www.organisator.ch\\\/#\\\/schema\\\/logo\\\/image\\\/\",\"url\":\"https:\\\/\\\/www.organisator.ch\\\/wp-content\\\/uploads\\\/2022\\\/01\\\/Logo_Organisator_Website.png\",\"contentUrl\":\"https:\\\/\\\/www.organisator.ch\\\/wp-content\\\/uploads\\\/2022\\\/01\\\/Logo_Organisator_Website.png\",\"width\":800,\"height\":77,\"caption\":\"Organisator\"},\"image\":{\"@id\":\"https:\\\/\\\/www.organisator.ch\\\/#\\\/schema\\\/logo\\\/image\\\/\"},\"sameAs\":[\"https:\\\/\\\/www.facebook.com\\\/OrganisatorFachmagazin\",\"https:\\\/\\\/www.linkedin.com\\\/showcase\\\/organisator-das-magazin-fr-kmu\",\"https:\\\/\\\/www.xing.com\\\/news\\\/pages\\\/organisator-ch-695\",\"https:\\\/\\\/www.youtube.com\\\/channel\\\/UCGP2Sq0iWaZwT3BdIAQFYpw\"]},{\"@type\":\"Person\",\"@id\":\"https:\\\/\\\/www.organisator.ch\\\/#\\\/schema\\\/person\\\/dd8ffea01043c9c41d7718296a158fac\",\"name\":\"K4-Import\",\"image\":{\"@type\":\"ImageObject\",\"inLanguage\":\"it-IT\",\"@id\":\"https:\\\/\\\/secure.gravatar.com\\\/avatar\\\/73620ab7215a54b074cc226514e02ed65cb79211bbaee1eb49b63b57e58aaad6?s=96&d=mm&r=g\",\"url\":\"https:\\\/\\\/secure.gravatar.com\\\/avatar\\\/73620ab7215a54b074cc226514e02ed65cb79211bbaee1eb49b63b57e58aaad6?s=96&d=mm&r=g\",\"contentUrl\":\"https:\\\/\\\/secure.gravatar.com\\\/avatar\\\/73620ab7215a54b074cc226514e02ed65cb79211bbaee1eb49b63b57e58aaad6?s=96&d=mm&r=g\",\"caption\":\"K4-Import\"},\"url\":\"https:\\\/\\\/www.organisator.ch\\\/it\\\/author\\\/k4-import\\\/\"}]}<\/script>\n<!-- \/ Yoast SEO plugin. -->","yoast_head_json":{"title":"Occhi secchi: cosa fare? - Organizzatore","description":"Gli occhi lacrimano e bruciano. Sbattere le palpebre \u00e8 improvvisamente doloroso, come se si avessero dei granelli di sabbia negli occhi. Questi sono i possibili sintomi della secchezza oculare.","robots":{"index":"index","follow":"follow","max-snippet":"max-snippet:-1","max-image-preview":"max-image-preview:large","max-video-preview":"max-video-preview:-1"},"canonical":"https:\/\/www.organisator.ch\/it\/risorse-umane\/fit_im_job\/2018-12-17\/trockene-augen-was-tun\/","og_locale":"it_IT","og_type":"article","og_title":"Augentrockenheit: Was tun?","og_description":"Ihre Augen tr\u00e4nen und brennen. Blinzeln ist pl\u00f6tzlich schmerzhaft, als h\u00e4tten Sie Sandk\u00f6rner in den Augen. Dies sind m\u00f6gliche Symptome f\u00fcr Trockene Augen.","og_url":"https:\/\/www.organisator.ch\/it\/risorse-umane\/fit_im_job\/2018-12-17\/trockene-augen-was-tun\/","og_site_name":"Organisator","article_publisher":"https:\/\/www.facebook.com\/OrganisatorFachmagazin","article_published_time":"2018-12-17T06:28:12+00:00","og_image":[{"width":698,"height":651,"url":"https:\/\/www.organisator.ch\/wp-content\/uploads\/2018\/12\/2018_12_FiJ_Trockene-Augen_Abb2_1794866.jpg","type":"image\/jpeg"}],"author":"K4-Import","twitter_card":"summary_large_image","twitter_title":"#Augentrockenheit: Was tun?","twitter_description":"Ihre Augen tr\u00e4nen und brennen. Blinzeln ist pl\u00f6tzlich schmerzhaft, als h\u00e4tten Sie Sandk\u00f6rner in den Augen. Dies sind m\u00f6gliche Symptome f\u00fcr Trockene Augen.","twitter_image":"https:\/\/www.organisator.ch\/wp-content\/uploads\/2018\/12\/2018_12_FiJ_Trockene-Augen_Abb2_1794866.jpg","schema":{"@context":"https:\/\/schema.org","@graph":[{"@type":"Article","@id":"https:\/\/www.organisator.ch\/human-resources\/fit_im_job\/2018-12-17\/trockene-augen-was-tun\/#article","isPartOf":{"@id":"https:\/\/www.organisator.ch\/human-resources\/fit_im_job\/2018-12-17\/trockene-augen-was-tun\/"},"author":{"name":"K4-Import","@id":"https:\/\/www.organisator.ch\/#\/schema\/person\/dd8ffea01043c9c41d7718296a158fac"},"headline":"Trockene Augen: Was tun?","datePublished":"2018-12-17T06:28:12+00:00","mainEntityOfPage":{"@id":"https:\/\/www.organisator.ch\/human-resources\/fit_im_job\/2018-12-17\/trockene-augen-was-tun\/"},"wordCount":616,"commentCount":0,"publisher":{"@id":"https:\/\/www.organisator.ch\/#organization"},"image":{"@id":"https:\/\/www.organisator.ch\/human-resources\/fit_im_job\/2018-12-17\/trockene-augen-was-tun\/#primaryimage"},"thumbnailUrl":"https:\/\/www.organisator.ch\/wp-content\/uploads\/2018\/12\/2018_12_FiJ_Trockene-Augen_Abb1_1794864.jpg","keywords":["Betriebliches Gesundheitsmanagement","Checklisten","Fit im Job","Gesundheit allgemein"],"articleSection":["FIT IM JOB"],"inLanguage":"it-IT"},{"@type":"WebPage","@id":"https:\/\/www.organisator.ch\/human-resources\/fit_im_job\/2018-12-17\/trockene-augen-was-tun\/","url":"https:\/\/www.organisator.ch\/human-resources\/fit_im_job\/2018-12-17\/trockene-augen-was-tun\/","name":"Occhi secchi: cosa fare? - Organizzatore","isPartOf":{"@id":"https:\/\/www.organisator.ch\/#website"},"primaryImageOfPage":{"@id":"https:\/\/www.organisator.ch\/human-resources\/fit_im_job\/2018-12-17\/trockene-augen-was-tun\/#primaryimage"},"image":{"@id":"https:\/\/www.organisator.ch\/human-resources\/fit_im_job\/2018-12-17\/trockene-augen-was-tun\/#primaryimage"},"thumbnailUrl":"https:\/\/www.organisator.ch\/wp-content\/uploads\/2018\/12\/2018_12_FiJ_Trockene-Augen_Abb1_1794864.jpg","datePublished":"2018-12-17T06:28:12+00:00","description":"Gli occhi lacrimano e bruciano. Sbattere le palpebre \u00e8 improvvisamente doloroso, come se si avessero dei granelli di sabbia negli occhi. Questi sono i possibili sintomi della secchezza oculare.","breadcrumb":{"@id":"https:\/\/www.organisator.ch\/human-resources\/fit_im_job\/2018-12-17\/trockene-augen-was-tun\/#breadcrumb"},"inLanguage":"it-IT","potentialAction":[{"@type":"ReadAction","target":["https:\/\/www.organisator.ch\/human-resources\/fit_im_job\/2018-12-17\/trockene-augen-was-tun\/"]}]},{"@type":"ImageObject","inLanguage":"it-IT","@id":"https:\/\/www.organisator.ch\/human-resources\/fit_im_job\/2018-12-17\/trockene-augen-was-tun\/#primaryimage","url":"https:\/\/www.organisator.ch\/wp-content\/uploads\/2018\/12\/2018_12_FiJ_Trockene-Augen_Abb1_1794864.jpg","contentUrl":"https:\/\/www.organisator.ch\/wp-content\/uploads\/2018\/12\/2018_12_FiJ_Trockene-Augen_Abb1_1794864.jpg","width":698,"height":651,"caption":"Abb. 1: Warme Umschl\u00e4ge (Alle Bilder: Pallas Kliniken)"},{"@type":"BreadcrumbList","@id":"https:\/\/www.organisator.ch\/human-resources\/fit_im_job\/2018-12-17\/trockene-augen-was-tun\/#breadcrumb","itemListElement":[{"@type":"ListItem","position":1,"name":"Home","item":"https:\/\/www.organisator.ch\/"},{"@type":"ListItem","position":2,"name":"Trockene Augen: Was tun?"}]},{"@type":"WebSite","@id":"https:\/\/www.organisator.ch\/#website","url":"https:\/\/www.organisator.ch\/","name":"Organizzatore","description":"Competente. Pratico. In 10 numeri all'anno, ORGANISATOR presenta i temi essenziali per i manager delle PMI.","publisher":{"@id":"https:\/\/www.organisator.ch\/#organization"},"potentialAction":[{"@type":"SearchAction","target":{"@type":"EntryPoint","urlTemplate":"https:\/\/www.organisator.ch\/?s={search_term_string}"},"query-input":{"@type":"PropertyValueSpecification","valueRequired":true,"valueName":"search_term_string"}}],"inLanguage":"it-IT"},{"@type":"Organization","@id":"https:\/\/www.organisator.ch\/#organization","name":"Organizzatore","url":"https:\/\/www.organisator.ch\/","logo":{"@type":"ImageObject","inLanguage":"it-IT","@id":"https:\/\/www.organisator.ch\/#\/schema\/logo\/image\/","url":"https:\/\/www.organisator.ch\/wp-content\/uploads\/2022\/01\/Logo_Organisator_Website.png","contentUrl":"https:\/\/www.organisator.ch\/wp-content\/uploads\/2022\/01\/Logo_Organisator_Website.png","width":800,"height":77,"caption":"Organisator"},"image":{"@id":"https:\/\/www.organisator.ch\/#\/schema\/logo\/image\/"},"sameAs":["https:\/\/www.facebook.com\/OrganisatorFachmagazin","https:\/\/www.linkedin.com\/showcase\/organisator-das-magazin-fr-kmu","https:\/\/www.xing.com\/news\/pages\/organisator-ch-695","https:\/\/www.youtube.com\/channel\/UCGP2Sq0iWaZwT3BdIAQFYpw"]},{"@type":"Person","@id":"https:\/\/www.organisator.ch\/#\/schema\/person\/dd8ffea01043c9c41d7718296a158fac","name":"Importazione K4","image":{"@type":"ImageObject","inLanguage":"it-IT","@id":"https:\/\/secure.gravatar.com\/avatar\/73620ab7215a54b074cc226514e02ed65cb79211bbaee1eb49b63b57e58aaad6?s=96&d=mm&r=g","url":"https:\/\/secure.gravatar.com\/avatar\/73620ab7215a54b074cc226514e02ed65cb79211bbaee1eb49b63b57e58aaad6?s=96&d=mm&r=g","contentUrl":"https:\/\/secure.gravatar.com\/avatar\/73620ab7215a54b074cc226514e02ed65cb79211bbaee1eb49b63b57e58aaad6?s=96&d=mm&r=g","caption":"K4-Import"},"url":"https:\/\/www.organisator.ch\/it\/author\/k4-import\/"}]}},"_links":{"self":[{"href":"https:\/\/www.organisator.ch\/it\/wp-json\/wp\/v2\/posts\/4615","targetHints":{"allow":["GET"]}}],"collection":[{"href":"https:\/\/www.organisator.ch\/it\/wp-json\/wp\/v2\/posts"}],"about":[{"href":"https:\/\/www.organisator.ch\/it\/wp-json\/wp\/v2\/types\/post"}],"author":[{"embeddable":true,"href":"https:\/\/www.organisator.ch\/it\/wp-json\/wp\/v2\/users\/7"}],"replies":[{"embeddable":true,"href":"https:\/\/www.organisator.ch\/it\/wp-json\/wp\/v2\/comments?post=4615"}],"version-history":[{"count":0,"href":"https:\/\/www.organisator.ch\/it\/wp-json\/wp\/v2\/posts\/4615\/revisions"}],"wp:featuredmedia":[{"embeddable":true,"href":"https:\/\/www.organisator.ch\/it\/wp-json\/wp\/v2\/media\/4616"}],"wp:attachment":[{"href":"https:\/\/www.organisator.ch\/it\/wp-json\/wp\/v2\/media?parent=4615"}],"wp:term":[{"taxonomy":"category","embeddable":true,"href":"https:\/\/www.organisator.ch\/it\/wp-json\/wp\/v2\/categories?post=4615"},{"taxonomy":"post_tag","embeddable":true,"href":"https:\/\/www.organisator.ch\/it\/wp-json\/wp\/v2\/tags?post=4615"}],"curies":[{"name":"wp","href":"https:\/\/api.w.org\/{rel}","templated":true}]}}