{"id":462,"date":"2016-08-18T17:04:31","date_gmt":"2016-08-18T15:04:31","guid":{"rendered":"https:\/\/dev.umweltperspektiven.ch\/?p=462"},"modified":"2016-08-18T17:04:31","modified_gmt":"2016-08-18T15:04:31","slug":"pilotprojekt-will-see-von-invasiven-arten-freihalten","status":"publish","type":"post","link":"https:\/\/www.organisator.ch\/it\/allgemein\/2016-08-18\/pilotprojekt-will-see-von-invasiven-arten-freihalten\/","title":{"rendered":"Il progetto pilota mira a mantenere il lago libero da specie invasive"},"content":{"rendered":"<figure id=\"attachment_463\" aria-describedby=\"caption-attachment-463\" style=\"width: 680px\" class=\"wp-caption alignnone\"><a href=\"\/\/dev.umweltperspektiven.ch\/wp-content\/uploads\/2016\/12\/Pilotprojekt-will-See-von-invasiven-Arten-freihalten-umweltperspektiven.jpg\"><img loading=\"lazy\" decoding=\"async\" class=\"size-medium wp-image-463\" src=\"\/\/dev.umweltperspektiven.ch\/wp-content\/uploads\/2016\/12\/Pilotprojekt-will-See-von-invasiven-Arten-freihalten-umweltperspektiven.jpg\" alt=\"Il ghiozzo dalla bocca nera ha gi\u00e0 colonizzato pesantemente il Reno, a Basilea rappresenta gi\u00e0 circa 70 % del pescato. I pesci formano alte densit\u00e0 e hanno successo sia come cibo che come concorrenti e predatori di spazio. (Immagine: Philipp Hirsch)\" width=\"680\" height=\"411\" srcset=\"https:\/\/www.organisator.ch\/wp-content\/uploads\/2016\/12\/Pilotprojekt-will-See-von-invasiven-Arten-freihalten-umweltperspektiven.jpg 2362w, https:\/\/www.organisator.ch\/wp-content\/uploads\/2016\/12\/Pilotprojekt-will-See-von-invasiven-Arten-freihalten-umweltperspektiven-680x411.jpg 680w, https:\/\/www.organisator.ch\/wp-content\/uploads\/2016\/12\/Pilotprojekt-will-See-von-invasiven-Arten-freihalten-umweltperspektiven-1024x620.jpg 1024w, https:\/\/www.organisator.ch\/wp-content\/uploads\/2016\/12\/Pilotprojekt-will-See-von-invasiven-Arten-freihalten-umweltperspektiven-768x465.jpg 768w, https:\/\/www.organisator.ch\/wp-content\/uploads\/2016\/12\/Pilotprojekt-will-See-von-invasiven-Arten-freihalten-umweltperspektiven-1536x929.jpg 1536w, https:\/\/www.organisator.ch\/wp-content\/uploads\/2016\/12\/Pilotprojekt-will-See-von-invasiven-Arten-freihalten-umweltperspektiven-2048x1239.jpg 2048w, https:\/\/www.organisator.ch\/wp-content\/uploads\/2016\/12\/Pilotprojekt-will-See-von-invasiven-Arten-freihalten-umweltperspektiven-18x12.jpg 18w, https:\/\/www.organisator.ch\/wp-content\/uploads\/2016\/12\/Pilotprojekt-will-See-von-invasiven-Arten-freihalten-umweltperspektiven-289x175.jpg 289w, https:\/\/www.organisator.ch\/wp-content\/uploads\/2016\/12\/Pilotprojekt-will-See-von-invasiven-Arten-freihalten-umweltperspektiven-579x350.jpg 579w, https:\/\/www.organisator.ch\/wp-content\/uploads\/2016\/12\/Pilotprojekt-will-See-von-invasiven-Arten-freihalten-umweltperspektiven-1322x800.jpg 1322w, https:\/\/www.organisator.ch\/wp-content\/uploads\/2016\/12\/Pilotprojekt-will-See-von-invasiven-Arten-freihalten-umweltperspektiven-920x557.jpg 920w, https:\/\/www.organisator.ch\/wp-content\/uploads\/2016\/12\/Pilotprojekt-will-See-von-invasiven-Arten-freihalten-umweltperspektiven-1400x847.jpg 1400w, https:\/\/www.organisator.ch\/wp-content\/uploads\/2016\/12\/Pilotprojekt-will-See-von-invasiven-Arten-freihalten-umweltperspektiven-300x181.jpg 300w\" sizes=\"auto, (max-width: 680px) 100vw, 680px\" \/><\/a><figcaption id=\"caption-attachment-463\" class=\"wp-caption-text\">Il ghiozzo dalla bocca nera ha gi\u00e0 colonizzato pesantemente il Reno, a Basilea rappresenta gi\u00e0 circa 70 % del pescato. I pesci formano alte densit\u00e0 e hanno successo sia come cibo che come concorrenti e predatori di spazio. (Immagine: Philipp Hirsch)<\/figcaption><\/figure>\n<p>Le specie aliene - i cosiddetti neobiota - si stanno diffondendo sempre pi\u00f9 in Svizzera. Questi animali e piante introdotti o immigrati possono causare notevoli danni all'uomo, agli animali, alle infrastrutture e all'ambiente. Possono anche causare problemi nei corpi idrici diffondendosi fortemente e spostando le specie native, per esempio. Questo rappresenta una notevole minaccia per la biodiversit\u00e0.<\/p>\n<p>Attraverso la trasmissione della peste dei gamberi, i grandi gamberi americani, per esempio, hanno gi\u00e0 portato il gambero nobile nativo all'estinzione locale. Altri neobiota come i gobidi del Mar Nero stanno spostando le specie ittiche native dalle loro zone di riproduzione e alimentazione. A loro volta, le cozze aliene come la cozza cestosa o la cozza quagga intasano i sistemi di condotti.<\/p>\n<p><strong>Il lago Pf\u00e4ffikon come area di prova ideale per il progetto pilota<\/strong><\/p>\n<p>Il lago Pf\u00e4ffikon nell'Oberland zurighese \u00e8 una popolare area ricreativa locale. Oggi \u00e8 un ecosistema funzionante e fornisce un habitat a numerose piante e animali rari e in pericolo. Fortunatamente, finora non \u00e8 stato quasi mai colonizzato da specie aliene.<\/p>\n<p>Poich\u00e9 il vicino Greifensee e il lago di Zurigo sono gi\u00e0 infestati da alcuni neobiota invasivi, ci si deve aspettare nuove specie anche nel lago di Pf\u00e4ffikon. Per prevenire questo, l'Ufficio per i rifiuti, l'acqua, l'energia e l'aria (AWEL) sta implementando il progetto pilota \"Neobiota Free Zone Pf\u00e4ffikersee\" in consultazione con le comunit\u00e0 e le associazioni locali.<\/p>\n<p>Lo scopo del progetto \u00e8 di mantenere il lago il pi\u00f9 possibile libero da specie aliene dannose e di preservare il prezioso ecosistema attuale. Perch\u00e9 una volta che si sono stabiliti, difficilmente possono essere rimossi.<\/p>\n<p><strong>Aumentare la consapevolezza e dimostrare un comportamento corretto<\/strong><\/p>\n<p>La sensibilizzazione dei pescatori, dei proprietari di barche e degli appassionati di sport acquatici gioca un ruolo importante nel progetto pilota. Possono introdurre involontariamente specie invasive da altre acque, poich\u00e9 i neobiota possono attaccarsi alle barche, ad altri corpi galleggianti e alle attrezzature o essere trasportati nell'acqua di sentina - l'acqua residua nello scafo inferiore della barca - o nei residui d'acqua nelle attrezzature. Pertanto, le barche devono essere accuratamente pulite prima di entrare nel lago Pf\u00e4ffikon, e lo stesso vale per il resto dell'attrezzatura. Inoltre, i pesci esca vivi non devono entrare nel lago Pf\u00e4ffikon da altri laghi.<\/p>\n<p>Inoltre, il pubblico locale sar\u00e0 sensibilizzato alla questione della neobiota e alle conseguenze dei rilasci illegali di abitanti di acquari e laghetti da giardino. Le misure saranno attuate dal 2016 al 2018, adattate se necessario e valutate. Nel 2019 si far\u00e0 un bilancio e si decider\u00e0 se le misure dovranno essere continuate e, se necessario, estese ad altri corpi idrici del Cantone di Zurigo. Il progetto pilota sul lago Pf\u00e4ffikon fornisce importanti risultati per la strategia neobiota cantonale, che pu\u00f2 essere utilizzata anche in tutta la Svizzera.<\/p>","protected":false},"excerpt":{"rendered":"<p>In der Schweiz verbreiten sich zunehmend gebietsfremde Arten \u2013 sogenannte Neobiota. Diese eingeschleppten oder eingewanderten Tiere und Pflanzen k\u00f6nnen Mensch, Tiere, Infrastrukturanlagen und die Umwelt erheblich sch\u00e4digen. Auch in Gew\u00e4ssern k\u00f6nnen sie Probleme bereiten, indem sie sich stark ausbreiten und etwa einheimische Arten verdr\u00e4ngen. Dies gef\u00e4hrdet die Artenvielfalt in erheblichem Masse. Durch \u00dcbertragung der Krebspest [&hellip;]<\/p>\n","protected":false},"author":1,"featured_media":463,"comment_status":"open","ping_status":"open","sticky":false,"template":"","format":"standard","meta":{"_acf_changed":false,"_yoast_wpseo_focuskw":"Arten","_yoast_wpseo_metadesc":"Arten, die nicht in der Schweiz heimisch sind, k\u00f6nnen sich stark ausbreiten und Probleme verursachen - und sind kaum wieder zu entfernen.","articlekey":"","footnotes":""},"categories":[1],"tags":[730,756,1474,1819,1899],"class_list":["post-462","post","type-post","status-publish","format-standard","has-post-thumbnail","hentry","category-allgemein","tag-artenschutz","tag-awel","tag-kanton-zuerich","tag-neobioten","tag-pfaeffikersee"],"acf":[],"yoast_head":"<!-- This site is optimized with the Yoast SEO plugin v27.5 - https:\/\/yoast.com\/product\/yoast-seo-wordpress\/ -->\n<title>Pilotprojekt will See von invasiven Arten freihalten - Organisator<\/title>\n<meta name=\"description\" content=\"Arten, die nicht in der Schweiz heimisch sind, k\u00f6nnen sich stark ausbreiten und Probleme verursachen - und sind kaum wieder zu entfernen.\" \/>\n<meta name=\"robots\" content=\"index, follow, max-snippet:-1, max-image-preview:large, max-video-preview:-1\" \/>\n<link rel=\"canonical\" href=\"https:\/\/www.organisator.ch\/it\/generale\/2016-08-18\/pilotprojekt-will-see-von-invasiven-arten-freihalten\/\" \/>\n<meta property=\"og:locale\" content=\"it_IT\" \/>\n<meta property=\"og:type\" content=\"article\" \/>\n<meta property=\"og:title\" content=\"Pilotprojekt will See von invasiven Arten freihalten - Organisator\" \/>\n<meta property=\"og:description\" content=\"Arten, die nicht in der Schweiz heimisch sind, k\u00f6nnen sich stark ausbreiten und Probleme verursachen - und sind kaum wieder zu entfernen.\" \/>\n<meta property=\"og:url\" content=\"https:\/\/www.organisator.ch\/it\/generale\/2016-08-18\/pilotprojekt-will-see-von-invasiven-arten-freihalten\/\" \/>\n<meta property=\"og:site_name\" content=\"Organisator\" \/>\n<meta property=\"article:publisher\" content=\"https:\/\/www.facebook.com\/OrganisatorFachmagazin\" \/>\n<meta property=\"article:published_time\" content=\"2016-08-18T15:04:31+00:00\" \/>\n<meta property=\"og:image\" content=\"https:\/\/www.organisator.ch\/wp-content\/uploads\/2016\/12\/Pilotprojekt-will-See-von-invasiven-Arten-freihalten-umweltperspektiven.jpg\" \/>\n\t<meta property=\"og:image:width\" content=\"2362\" \/>\n\t<meta property=\"og:image:height\" content=\"1429\" \/>\n\t<meta property=\"og:image:type\" content=\"image\/jpeg\" \/>\n<meta name=\"author\" content=\"admin\" \/>\n<meta name=\"twitter:card\" content=\"summary_large_image\" \/>\n<script type=\"application\/ld+json\" class=\"yoast-schema-graph\">{\"@context\":\"https:\\\/\\\/schema.org\",\"@graph\":[{\"@type\":\"Article\",\"@id\":\"https:\\\/\\\/www.organisator.ch\\\/en\\\/general\\\/2016-08-18\\\/pilotprojekt-will-see-von-invasiven-arten-freihalten\\\/#article\",\"isPartOf\":{\"@id\":\"https:\\\/\\\/www.organisator.ch\\\/en\\\/general\\\/2016-08-18\\\/pilotprojekt-will-see-von-invasiven-arten-freihalten\\\/\"},\"author\":{\"name\":\"admin\",\"@id\":\"https:\\\/\\\/www.organisator.ch\\\/#\\\/schema\\\/person\\\/aa2bace6c5c5aad60102004a50c4eb1c\"},\"headline\":\"Pilotprojekt will See von invasiven Arten freihalten\",\"datePublished\":\"2016-08-18T15:04:31+00:00\",\"mainEntityOfPage\":{\"@id\":\"https:\\\/\\\/www.organisator.ch\\\/en\\\/general\\\/2016-08-18\\\/pilotprojekt-will-see-von-invasiven-arten-freihalten\\\/\"},\"wordCount\":464,\"commentCount\":0,\"publisher\":{\"@id\":\"https:\\\/\\\/www.organisator.ch\\\/#organization\"},\"image\":{\"@id\":\"https:\\\/\\\/www.organisator.ch\\\/en\\\/general\\\/2016-08-18\\\/pilotprojekt-will-see-von-invasiven-arten-freihalten\\\/#primaryimage\"},\"thumbnailUrl\":\"https:\\\/\\\/www.organisator.ch\\\/wp-content\\\/uploads\\\/2016\\\/12\\\/Pilotprojekt-will-See-von-invasiven-Arten-freihalten-umweltperspektiven.jpg\",\"keywords\":[\"Artenschutz\",\"AWEL\",\"Kanton Z\u00fcrich\",\"Neobioten\",\"Pf\u00e4ffikersee\"],\"articleSection\":[\"Allgemein\"],\"inLanguage\":\"it-IT\"},{\"@type\":\"WebPage\",\"@id\":\"https:\\\/\\\/www.organisator.ch\\\/en\\\/general\\\/2016-08-18\\\/pilotprojekt-will-see-von-invasiven-arten-freihalten\\\/\",\"url\":\"https:\\\/\\\/www.organisator.ch\\\/en\\\/general\\\/2016-08-18\\\/pilotprojekt-will-see-von-invasiven-arten-freihalten\\\/\",\"name\":\"Pilotprojekt will See von invasiven Arten freihalten - Organisator\",\"isPartOf\":{\"@id\":\"https:\\\/\\\/www.organisator.ch\\\/#website\"},\"primaryImageOfPage\":{\"@id\":\"https:\\\/\\\/www.organisator.ch\\\/en\\\/general\\\/2016-08-18\\\/pilotprojekt-will-see-von-invasiven-arten-freihalten\\\/#primaryimage\"},\"image\":{\"@id\":\"https:\\\/\\\/www.organisator.ch\\\/en\\\/general\\\/2016-08-18\\\/pilotprojekt-will-see-von-invasiven-arten-freihalten\\\/#primaryimage\"},\"thumbnailUrl\":\"https:\\\/\\\/www.organisator.ch\\\/wp-content\\\/uploads\\\/2016\\\/12\\\/Pilotprojekt-will-See-von-invasiven-Arten-freihalten-umweltperspektiven.jpg\",\"datePublished\":\"2016-08-18T15:04:31+00:00\",\"description\":\"Arten, die nicht in der Schweiz heimisch sind, k\u00f6nnen sich stark ausbreiten und Probleme verursachen - und sind kaum wieder zu entfernen.\",\"breadcrumb\":{\"@id\":\"https:\\\/\\\/www.organisator.ch\\\/en\\\/general\\\/2016-08-18\\\/pilotprojekt-will-see-von-invasiven-arten-freihalten\\\/#breadcrumb\"},\"inLanguage\":\"it-IT\",\"potentialAction\":[{\"@type\":\"ReadAction\",\"target\":[\"https:\\\/\\\/www.organisator.ch\\\/en\\\/general\\\/2016-08-18\\\/pilotprojekt-will-see-von-invasiven-arten-freihalten\\\/\"]}]},{\"@type\":\"ImageObject\",\"inLanguage\":\"it-IT\",\"@id\":\"https:\\\/\\\/www.organisator.ch\\\/en\\\/general\\\/2016-08-18\\\/pilotprojekt-will-see-von-invasiven-arten-freihalten\\\/#primaryimage\",\"url\":\"https:\\\/\\\/www.organisator.ch\\\/wp-content\\\/uploads\\\/2016\\\/12\\\/Pilotprojekt-will-See-von-invasiven-Arten-freihalten-umweltperspektiven.jpg\",\"contentUrl\":\"https:\\\/\\\/www.organisator.ch\\\/wp-content\\\/uploads\\\/2016\\\/12\\\/Pilotprojekt-will-See-von-invasiven-Arten-freihalten-umweltperspektiven.jpg\",\"width\":2362,\"height\":1429,\"caption\":\"Die Schwarzmundgrundel hat den Rhein bereits stark besiedelt, in Basel macht sie bereits rund 70 % des Fischfangs aus. Die Fische bilden hohe Dichten und sind sowohl als Nahrungs- als auch Raumkonkurrenten und R\u00e4uber erfolgreich. (Bild: Philipp Hirsch)\"},{\"@type\":\"BreadcrumbList\",\"@id\":\"https:\\\/\\\/www.organisator.ch\\\/en\\\/general\\\/2016-08-18\\\/pilotprojekt-will-see-von-invasiven-arten-freihalten\\\/#breadcrumb\",\"itemListElement\":[{\"@type\":\"ListItem\",\"position\":1,\"name\":\"Home\",\"item\":\"https:\\\/\\\/www.organisator.ch\\\/\"},{\"@type\":\"ListItem\",\"position\":2,\"name\":\"Pilotprojekt will See von invasiven Arten freihalten\"}]},{\"@type\":\"WebSite\",\"@id\":\"https:\\\/\\\/www.organisator.ch\\\/#website\",\"url\":\"https:\\\/\\\/www.organisator.ch\\\/\",\"name\":\"Organisator\",\"description\":\"Kompetent. Praxisnah. Der ORGANISATOR bereitet in 10 Ausgaben pro Jahr die wesentlichen Themen f\u00fcr F\u00fchrungskr\u00e4fte von KMU auf.\",\"publisher\":{\"@id\":\"https:\\\/\\\/www.organisator.ch\\\/#organization\"},\"potentialAction\":[{\"@type\":\"SearchAction\",\"target\":{\"@type\":\"EntryPoint\",\"urlTemplate\":\"https:\\\/\\\/www.organisator.ch\\\/?s={search_term_string}\"},\"query-input\":{\"@type\":\"PropertyValueSpecification\",\"valueRequired\":true,\"valueName\":\"search_term_string\"}}],\"inLanguage\":\"it-IT\"},{\"@type\":\"Organization\",\"@id\":\"https:\\\/\\\/www.organisator.ch\\\/#organization\",\"name\":\"Organisator\",\"url\":\"https:\\\/\\\/www.organisator.ch\\\/\",\"logo\":{\"@type\":\"ImageObject\",\"inLanguage\":\"it-IT\",\"@id\":\"https:\\\/\\\/www.organisator.ch\\\/#\\\/schema\\\/logo\\\/image\\\/\",\"url\":\"https:\\\/\\\/www.organisator.ch\\\/wp-content\\\/uploads\\\/2022\\\/01\\\/Logo_Organisator_Website.png\",\"contentUrl\":\"https:\\\/\\\/www.organisator.ch\\\/wp-content\\\/uploads\\\/2022\\\/01\\\/Logo_Organisator_Website.png\",\"width\":800,\"height\":77,\"caption\":\"Organisator\"},\"image\":{\"@id\":\"https:\\\/\\\/www.organisator.ch\\\/#\\\/schema\\\/logo\\\/image\\\/\"},\"sameAs\":[\"https:\\\/\\\/www.facebook.com\\\/OrganisatorFachmagazin\",\"https:\\\/\\\/www.linkedin.com\\\/showcase\\\/organisator-das-magazin-fr-kmu\",\"https:\\\/\\\/www.xing.com\\\/news\\\/pages\\\/organisator-ch-695\",\"https:\\\/\\\/www.youtube.com\\\/channel\\\/UCGP2Sq0iWaZwT3BdIAQFYpw\"]},{\"@type\":\"Person\",\"@id\":\"https:\\\/\\\/www.organisator.ch\\\/#\\\/schema\\\/person\\\/aa2bace6c5c5aad60102004a50c4eb1c\",\"name\":\"admin\",\"image\":{\"@type\":\"ImageObject\",\"inLanguage\":\"it-IT\",\"@id\":\"https:\\\/\\\/secure.gravatar.com\\\/avatar\\\/ae2f4d718e6c49043e314ce431e7e645d646302a24a5ef5a8bc8e3f5a032e319?s=96&d=mm&r=g\",\"url\":\"https:\\\/\\\/secure.gravatar.com\\\/avatar\\\/ae2f4d718e6c49043e314ce431e7e645d646302a24a5ef5a8bc8e3f5a032e319?s=96&d=mm&r=g\",\"contentUrl\":\"https:\\\/\\\/secure.gravatar.com\\\/avatar\\\/ae2f4d718e6c49043e314ce431e7e645d646302a24a5ef5a8bc8e3f5a032e319?s=96&d=mm&r=g\",\"caption\":\"admin\"},\"sameAs\":[\"https:\\\/\\\/www.organisator.ch\"],\"url\":\"https:\\\/\\\/www.organisator.ch\\\/it\\\/author\\\/admin\\\/\"}]}<\/script>\n<!-- \/ Yoast SEO plugin. -->","yoast_head_json":{"title":"Un progetto pilota mira a mantenere il lago libero da specie invasive - Organizzatore","description":"Le specie non originarie della Svizzera possono diffondersi ampiamente e causare problemi, e sono quasi impossibili da eliminare.","robots":{"index":"index","follow":"follow","max-snippet":"max-snippet:-1","max-image-preview":"max-image-preview:large","max-video-preview":"max-video-preview:-1"},"canonical":"https:\/\/www.organisator.ch\/it\/generale\/2016-08-18\/pilotprojekt-will-see-von-invasiven-arten-freihalten\/","og_locale":"it_IT","og_type":"article","og_title":"Pilotprojekt will See von invasiven Arten freihalten - Organisator","og_description":"Arten, die nicht in der Schweiz heimisch sind, k\u00f6nnen sich stark ausbreiten und Probleme verursachen - und sind kaum wieder zu entfernen.","og_url":"https:\/\/www.organisator.ch\/it\/generale\/2016-08-18\/pilotprojekt-will-see-von-invasiven-arten-freihalten\/","og_site_name":"Organisator","article_publisher":"https:\/\/www.facebook.com\/OrganisatorFachmagazin","article_published_time":"2016-08-18T15:04:31+00:00","og_image":[{"width":2362,"height":1429,"url":"https:\/\/www.organisator.ch\/wp-content\/uploads\/2016\/12\/Pilotprojekt-will-See-von-invasiven-Arten-freihalten-umweltperspektiven.jpg","type":"image\/jpeg"}],"author":"admin","twitter_card":"summary_large_image","schema":{"@context":"https:\/\/schema.org","@graph":[{"@type":"Article","@id":"https:\/\/www.organisator.ch\/en\/general\/2016-08-18\/pilotprojekt-will-see-von-invasiven-arten-freihalten\/#article","isPartOf":{"@id":"https:\/\/www.organisator.ch\/en\/general\/2016-08-18\/pilotprojekt-will-see-von-invasiven-arten-freihalten\/"},"author":{"name":"admin","@id":"https:\/\/www.organisator.ch\/#\/schema\/person\/aa2bace6c5c5aad60102004a50c4eb1c"},"headline":"Pilotprojekt will See von invasiven Arten freihalten","datePublished":"2016-08-18T15:04:31+00:00","mainEntityOfPage":{"@id":"https:\/\/www.organisator.ch\/en\/general\/2016-08-18\/pilotprojekt-will-see-von-invasiven-arten-freihalten\/"},"wordCount":464,"commentCount":0,"publisher":{"@id":"https:\/\/www.organisator.ch\/#organization"},"image":{"@id":"https:\/\/www.organisator.ch\/en\/general\/2016-08-18\/pilotprojekt-will-see-von-invasiven-arten-freihalten\/#primaryimage"},"thumbnailUrl":"https:\/\/www.organisator.ch\/wp-content\/uploads\/2016\/12\/Pilotprojekt-will-See-von-invasiven-Arten-freihalten-umweltperspektiven.jpg","keywords":["Artenschutz","AWEL","Kanton Z\u00fcrich","Neobioten","Pf\u00e4ffikersee"],"articleSection":["Allgemein"],"inLanguage":"it-IT"},{"@type":"WebPage","@id":"https:\/\/www.organisator.ch\/en\/general\/2016-08-18\/pilotprojekt-will-see-von-invasiven-arten-freihalten\/","url":"https:\/\/www.organisator.ch\/en\/general\/2016-08-18\/pilotprojekt-will-see-von-invasiven-arten-freihalten\/","name":"Un progetto pilota mira a mantenere il lago libero da specie invasive - Organizzatore","isPartOf":{"@id":"https:\/\/www.organisator.ch\/#website"},"primaryImageOfPage":{"@id":"https:\/\/www.organisator.ch\/en\/general\/2016-08-18\/pilotprojekt-will-see-von-invasiven-arten-freihalten\/#primaryimage"},"image":{"@id":"https:\/\/www.organisator.ch\/en\/general\/2016-08-18\/pilotprojekt-will-see-von-invasiven-arten-freihalten\/#primaryimage"},"thumbnailUrl":"https:\/\/www.organisator.ch\/wp-content\/uploads\/2016\/12\/Pilotprojekt-will-See-von-invasiven-Arten-freihalten-umweltperspektiven.jpg","datePublished":"2016-08-18T15:04:31+00:00","description":"Le specie non originarie della Svizzera possono diffondersi ampiamente e causare problemi, e sono quasi impossibili da eliminare.","breadcrumb":{"@id":"https:\/\/www.organisator.ch\/en\/general\/2016-08-18\/pilotprojekt-will-see-von-invasiven-arten-freihalten\/#breadcrumb"},"inLanguage":"it-IT","potentialAction":[{"@type":"ReadAction","target":["https:\/\/www.organisator.ch\/en\/general\/2016-08-18\/pilotprojekt-will-see-von-invasiven-arten-freihalten\/"]}]},{"@type":"ImageObject","inLanguage":"it-IT","@id":"https:\/\/www.organisator.ch\/en\/general\/2016-08-18\/pilotprojekt-will-see-von-invasiven-arten-freihalten\/#primaryimage","url":"https:\/\/www.organisator.ch\/wp-content\/uploads\/2016\/12\/Pilotprojekt-will-See-von-invasiven-Arten-freihalten-umweltperspektiven.jpg","contentUrl":"https:\/\/www.organisator.ch\/wp-content\/uploads\/2016\/12\/Pilotprojekt-will-See-von-invasiven-Arten-freihalten-umweltperspektiven.jpg","width":2362,"height":1429,"caption":"Die Schwarzmundgrundel hat den Rhein bereits stark besiedelt, in Basel macht sie bereits rund 70 % des Fischfangs aus. Die Fische bilden hohe Dichten und sind sowohl als Nahrungs- als auch Raumkonkurrenten und R\u00e4uber erfolgreich. (Bild: Philipp Hirsch)"},{"@type":"BreadcrumbList","@id":"https:\/\/www.organisator.ch\/en\/general\/2016-08-18\/pilotprojekt-will-see-von-invasiven-arten-freihalten\/#breadcrumb","itemListElement":[{"@type":"ListItem","position":1,"name":"Home","item":"https:\/\/www.organisator.ch\/"},{"@type":"ListItem","position":2,"name":"Pilotprojekt will See von invasiven Arten freihalten"}]},{"@type":"WebSite","@id":"https:\/\/www.organisator.ch\/#website","url":"https:\/\/www.organisator.ch\/","name":"Organizzatore","description":"Competente. Pratico. In 10 numeri all'anno, ORGANISATOR presenta i temi essenziali per i manager delle PMI.","publisher":{"@id":"https:\/\/www.organisator.ch\/#organization"},"potentialAction":[{"@type":"SearchAction","target":{"@type":"EntryPoint","urlTemplate":"https:\/\/www.organisator.ch\/?s={search_term_string}"},"query-input":{"@type":"PropertyValueSpecification","valueRequired":true,"valueName":"search_term_string"}}],"inLanguage":"it-IT"},{"@type":"Organization","@id":"https:\/\/www.organisator.ch\/#organization","name":"Organizzatore","url":"https:\/\/www.organisator.ch\/","logo":{"@type":"ImageObject","inLanguage":"it-IT","@id":"https:\/\/www.organisator.ch\/#\/schema\/logo\/image\/","url":"https:\/\/www.organisator.ch\/wp-content\/uploads\/2022\/01\/Logo_Organisator_Website.png","contentUrl":"https:\/\/www.organisator.ch\/wp-content\/uploads\/2022\/01\/Logo_Organisator_Website.png","width":800,"height":77,"caption":"Organisator"},"image":{"@id":"https:\/\/www.organisator.ch\/#\/schema\/logo\/image\/"},"sameAs":["https:\/\/www.facebook.com\/OrganisatorFachmagazin","https:\/\/www.linkedin.com\/showcase\/organisator-das-magazin-fr-kmu","https:\/\/www.xing.com\/news\/pages\/organisator-ch-695","https:\/\/www.youtube.com\/channel\/UCGP2Sq0iWaZwT3BdIAQFYpw"]},{"@type":"Person","@id":"https:\/\/www.organisator.ch\/#\/schema\/person\/aa2bace6c5c5aad60102004a50c4eb1c","name":"amministratore","image":{"@type":"ImageObject","inLanguage":"it-IT","@id":"https:\/\/secure.gravatar.com\/avatar\/ae2f4d718e6c49043e314ce431e7e645d646302a24a5ef5a8bc8e3f5a032e319?s=96&d=mm&r=g","url":"https:\/\/secure.gravatar.com\/avatar\/ae2f4d718e6c49043e314ce431e7e645d646302a24a5ef5a8bc8e3f5a032e319?s=96&d=mm&r=g","contentUrl":"https:\/\/secure.gravatar.com\/avatar\/ae2f4d718e6c49043e314ce431e7e645d646302a24a5ef5a8bc8e3f5a032e319?s=96&d=mm&r=g","caption":"admin"},"sameAs":["https:\/\/www.organisator.ch"],"url":"https:\/\/www.organisator.ch\/it\/author\/admin\/"}]}},"_links":{"self":[{"href":"https:\/\/www.organisator.ch\/it\/wp-json\/wp\/v2\/posts\/462","targetHints":{"allow":["GET"]}}],"collection":[{"href":"https:\/\/www.organisator.ch\/it\/wp-json\/wp\/v2\/posts"}],"about":[{"href":"https:\/\/www.organisator.ch\/it\/wp-json\/wp\/v2\/types\/post"}],"author":[{"embeddable":true,"href":"https:\/\/www.organisator.ch\/it\/wp-json\/wp\/v2\/users\/1"}],"replies":[{"embeddable":true,"href":"https:\/\/www.organisator.ch\/it\/wp-json\/wp\/v2\/comments?post=462"}],"version-history":[{"count":0,"href":"https:\/\/www.organisator.ch\/it\/wp-json\/wp\/v2\/posts\/462\/revisions"}],"wp:featuredmedia":[{"embeddable":true,"href":"https:\/\/www.organisator.ch\/it\/wp-json\/wp\/v2\/media\/463"}],"wp:attachment":[{"href":"https:\/\/www.organisator.ch\/it\/wp-json\/wp\/v2\/media?parent=462"}],"wp:term":[{"taxonomy":"category","embeddable":true,"href":"https:\/\/www.organisator.ch\/it\/wp-json\/wp\/v2\/categories?post=462"},{"taxonomy":"post_tag","embeddable":true,"href":"https:\/\/www.organisator.ch\/it\/wp-json\/wp\/v2\/tags?post=462"}],"curies":[{"name":"wp","href":"https:\/\/api.w.org\/{rel}","templated":true}]}}