{"id":46238,"date":"2026-03-19T07:50:33","date_gmt":"2026-03-19T06:50:33","guid":{"rendered":"https:\/\/www.organisator.ch\/de\/?p=46238"},"modified":"2026-03-19T07:50:33","modified_gmt":"2026-03-19T06:50:33","slug":"jan-kempter-ist-werber-des-jahres-2026","status":"publish","type":"post","link":"https:\/\/www.organisator.ch\/it\/marketing\/2026-03-19\/jan-kempter-ist-werber-des-jahres-2026\/","title":{"rendered":"Jan Kempter \u00e8 \u00abPubblicitario dell'anno\u00bb 2026"},"content":{"rendered":"<figure id=\"attachment_46237\" aria-describedby=\"caption-attachment-46237\" style=\"width: 1400px\" class=\"wp-caption alignnone\"><img loading=\"lazy\" decoding=\"async\" class=\"size-full wp-image-46237\" src=\"https:\/\/www.organisator.ch\/wp-content\/uploads\/2026\/03\/615ce412-9dda-239f-e917-9c270bd0e63b-scaled.jpg\" alt=\"\" width=\"1400\" height=\"1050\" srcset=\"https:\/\/www.organisator.ch\/wp-content\/uploads\/2026\/03\/615ce412-9dda-239f-e917-9c270bd0e63b-scaled.jpg 1400w, https:\/\/www.organisator.ch\/wp-content\/uploads\/2026\/03\/615ce412-9dda-239f-e917-9c270bd0e63b-680x510.jpg 680w, https:\/\/www.organisator.ch\/wp-content\/uploads\/2026\/03\/615ce412-9dda-239f-e917-9c270bd0e63b-1024x768.jpg 1024w, https:\/\/www.organisator.ch\/wp-content\/uploads\/2026\/03\/615ce412-9dda-239f-e917-9c270bd0e63b-768x576.jpg 768w, https:\/\/www.organisator.ch\/wp-content\/uploads\/2026\/03\/615ce412-9dda-239f-e917-9c270bd0e63b-1536x1152.jpg 1536w, https:\/\/www.organisator.ch\/wp-content\/uploads\/2026\/03\/615ce412-9dda-239f-e917-9c270bd0e63b-16x12.jpg 16w, https:\/\/www.organisator.ch\/wp-content\/uploads\/2026\/03\/615ce412-9dda-239f-e917-9c270bd0e63b-375x281.jpg 375w, https:\/\/www.organisator.ch\/wp-content\/uploads\/2026\/03\/615ce412-9dda-239f-e917-9c270bd0e63b-467x350.jpg 467w, https:\/\/www.organisator.ch\/wp-content\/uploads\/2026\/03\/615ce412-9dda-239f-e917-9c270bd0e63b-1000x750.jpg 1000w\" sizes=\"auto, (max-width: 1400px) 100vw, 1400px\" \/><figcaption id=\"caption-attachment-46237\" class=\"wp-caption-text\">Il vincitore della settimana festeggia il premio al gala. Fonte: zvg<\/figcaption><\/figure>\n<p>Jan Kempter, direttore creativo e partner dell'agenzia Wirz, riceve il prestigioso premio \u00abAdvertiser of the Year\u00bb 2026. La decisione \u00e8 stata presa da una combinazione di valutazione della giuria e voto della comunit\u00e0. La cerimonia di premiazione si \u00e8 svolta marted\u00ec sera al Palais Mascotte.<\/p>\n<h3>Successore di Philipp Skrabal<\/h3>\n<p>Con questo premio, Jan Kempter segue le orme di Philipp Skrabal, che l'anno scorso ha lavorato presso il Team Farner e ha ottenuto il titolo di \u00abPubblicitario dell'anno\u00bb 2025. Il premio \u00e8 considerato il pi\u00f9 importante riconoscimento personale nell'industria pubblicitaria svizzera e premia i risultati eccezionali nella comunicazione creativa.<\/p>\n<h3>La Settimana della Pubblicit\u00e0 si chiama ora m&amp;k<\/h3>\n<p>L'evento segna anche un'altra pietra miliare: Werbewoche.ch \u00e8 ora in commercio con il nome di m&amp;k. Il nome del marchio e il dominio cambieranno in markt-kom.com, mentre i contenuti e la qualit\u00e0 dell'offerta rimarranno invariati.<\/p>\n<p><a href=\"https:\/\/wirz.ch\" target=\"_blank\" rel=\"noopener\">https:\/\/wirz.ch<\/a><\/p>","protected":false},"excerpt":{"rendered":"<p>Il direttore creativo e partner di Wirz \u00e8 stato insignito del pi\u00f9 importante premio personale del settore presso il Palais Mascotte marted\u00ec sera. La giuria e il voto della comunit\u00e0 hanno scelto Jan Kempter come \u00abAdvertiser of the Year\u00bb 2026, dopo Philipp Skrabal del Team Farner.<\/p>","protected":false},"author":107,"featured_media":46237,"comment_status":"closed","ping_status":"closed","sticky":false,"template":"","format":"standard","meta":{"_acf_changed":false,"_yoast_wpseo_focuskw":"Jan Kempter","_yoast_wpseo_metadesc":"Jan Kempter von Wirz ist \u00abWerber des Jahres\u00bb 2026. Die bedeutendste Branchenauszeichnung wurde im Palais Mascotte verliehen.","articlekey":"","footnotes":""},"categories":[29],"tags":[66,339,5899],"class_list":["post-46238","post","type-post","status-publish","format-standard","has-post-thumbnail","hentry","category-marketing","tag-awards","tag-marketing","tag-werber-des-jahres"],"acf":[],"yoast_head":"<!-- This site is optimized with the Yoast SEO plugin v27.5 - https:\/\/yoast.com\/product\/yoast-seo-wordpress\/ -->\n<title>Jan Kempter ist \u00abWerber des Jahres\u00bb 2026 - Organisator<\/title>\n<meta name=\"description\" content=\"Jan Kempter von Wirz ist \u00abWerber des Jahres\u00bb 2026. Die bedeutendste Branchenauszeichnung wurde im Palais Mascotte verliehen.\" \/>\n<meta name=\"robots\" content=\"index, follow, max-snippet:-1, max-image-preview:large, max-video-preview:-1\" \/>\n<link rel=\"canonical\" href=\"https:\/\/www.organisator.ch\/it\/marketing\/2026-03-19\/jan-kempter-ist-werber-des-jahres-2026\/\" \/>\n<meta property=\"og:locale\" content=\"it_IT\" \/>\n<meta property=\"og:type\" content=\"article\" \/>\n<meta property=\"og:title\" content=\"Jan Kempter ist \u00abWerber des Jahres\u00bb 2026\" \/>\n<meta property=\"og:description\" content=\"Jan Kempter von Wirz ist \u00abWerber des Jahres\u00bb 2026. Die bedeutendste Branchenauszeichnung wurde im Palais Mascotte verliehen.\" \/>\n<meta property=\"og:url\" content=\"https:\/\/www.organisator.ch\/it\/marketing\/2026-03-19\/jan-kempter-ist-werber-des-jahres-2026\/\" \/>\n<meta property=\"og:site_name\" content=\"Organisator\" \/>\n<meta property=\"article:publisher\" content=\"https:\/\/www.facebook.com\/OrganisatorFachmagazin\" \/>\n<meta property=\"article:published_time\" content=\"2026-03-19T06:50:33+00:00\" \/>\n<meta property=\"og:image\" content=\"https:\/\/www.organisator.ch\/wp-content\/uploads\/2026\/03\/615ce412-9dda-239f-e917-9c270bd0e63b-scaled.jpg\" \/>\n\t<meta property=\"og:image:width\" content=\"1400\" \/>\n\t<meta property=\"og:image:height\" content=\"1050\" \/>\n\t<meta property=\"og:image:type\" content=\"image\/jpeg\" \/>\n<meta name=\"author\" content=\"n8n\" \/>\n<meta name=\"twitter:card\" content=\"summary_large_image\" \/>\n<meta name=\"twitter:title\" content=\"Jan #Kempter ist \u00ab#Werber des Jahres\u00bb 2026\" \/>\n<meta name=\"twitter:description\" content=\"Jan #Kempter von Wirz ist \u00ab#Werber des Jahres\u00bb 2026. Die bedeutendste Branchenauszeichnung wurde im Palais Mascotte verliehen.\" \/>\n<meta name=\"twitter:image\" content=\"https:\/\/www.organisator.ch\/wp-content\/uploads\/2026\/03\/615ce412-9dda-239f-e917-9c270bd0e63b-scaled.jpg\" \/>\n<script type=\"application\/ld+json\" class=\"yoast-schema-graph\">{\"@context\":\"https:\\\/\\\/schema.org\",\"@graph\":[{\"@type\":\"Article\",\"@id\":\"https:\\\/\\\/www.organisator.ch\\\/marketing\\\/2026-03-19\\\/jan-kempter-ist-werber-des-jahres-2026\\\/#article\",\"isPartOf\":{\"@id\":\"https:\\\/\\\/www.organisator.ch\\\/marketing\\\/2026-03-19\\\/jan-kempter-ist-werber-des-jahres-2026\\\/\"},\"author\":{\"name\":\"n8n\",\"@id\":\"https:\\\/\\\/www.organisator.ch\\\/#\\\/schema\\\/person\\\/a9d0e0eff238db87a8f840f3b50359f0\"},\"headline\":\"Jan Kempter ist \u00abWerber des Jahres\u00bb 2026\",\"datePublished\":\"2026-03-19T06:50:33+00:00\",\"mainEntityOfPage\":{\"@id\":\"https:\\\/\\\/www.organisator.ch\\\/marketing\\\/2026-03-19\\\/jan-kempter-ist-werber-des-jahres-2026\\\/\"},\"wordCount\":159,\"publisher\":{\"@id\":\"https:\\\/\\\/www.organisator.ch\\\/#organization\"},\"image\":{\"@id\":\"https:\\\/\\\/www.organisator.ch\\\/marketing\\\/2026-03-19\\\/jan-kempter-ist-werber-des-jahres-2026\\\/#primaryimage\"},\"thumbnailUrl\":\"https:\\\/\\\/www.organisator.ch\\\/wp-content\\\/uploads\\\/2026\\\/03\\\/615ce412-9dda-239f-e917-9c270bd0e63b-scaled.jpg\",\"keywords\":[\"Awards\",\"Marketing\",\"Werber des Jahres\"],\"articleSection\":[\"MARKETING\"],\"inLanguage\":\"it-IT\"},{\"@type\":\"WebPage\",\"@id\":\"https:\\\/\\\/www.organisator.ch\\\/marketing\\\/2026-03-19\\\/jan-kempter-ist-werber-des-jahres-2026\\\/\",\"url\":\"https:\\\/\\\/www.organisator.ch\\\/marketing\\\/2026-03-19\\\/jan-kempter-ist-werber-des-jahres-2026\\\/\",\"name\":\"Jan Kempter ist \u00abWerber des Jahres\u00bb 2026 - Organisator\",\"isPartOf\":{\"@id\":\"https:\\\/\\\/www.organisator.ch\\\/#website\"},\"primaryImageOfPage\":{\"@id\":\"https:\\\/\\\/www.organisator.ch\\\/marketing\\\/2026-03-19\\\/jan-kempter-ist-werber-des-jahres-2026\\\/#primaryimage\"},\"image\":{\"@id\":\"https:\\\/\\\/www.organisator.ch\\\/marketing\\\/2026-03-19\\\/jan-kempter-ist-werber-des-jahres-2026\\\/#primaryimage\"},\"thumbnailUrl\":\"https:\\\/\\\/www.organisator.ch\\\/wp-content\\\/uploads\\\/2026\\\/03\\\/615ce412-9dda-239f-e917-9c270bd0e63b-scaled.jpg\",\"datePublished\":\"2026-03-19T06:50:33+00:00\",\"description\":\"Jan Kempter von Wirz ist \u00abWerber des Jahres\u00bb 2026. Die bedeutendste Branchenauszeichnung wurde im Palais Mascotte verliehen.\",\"breadcrumb\":{\"@id\":\"https:\\\/\\\/www.organisator.ch\\\/marketing\\\/2026-03-19\\\/jan-kempter-ist-werber-des-jahres-2026\\\/#breadcrumb\"},\"inLanguage\":\"it-IT\",\"potentialAction\":[{\"@type\":\"ReadAction\",\"target\":[\"https:\\\/\\\/www.organisator.ch\\\/marketing\\\/2026-03-19\\\/jan-kempter-ist-werber-des-jahres-2026\\\/\"]}]},{\"@type\":\"ImageObject\",\"inLanguage\":\"it-IT\",\"@id\":\"https:\\\/\\\/www.organisator.ch\\\/marketing\\\/2026-03-19\\\/jan-kempter-ist-werber-des-jahres-2026\\\/#primaryimage\",\"url\":\"https:\\\/\\\/www.organisator.ch\\\/wp-content\\\/uploads\\\/2026\\\/03\\\/615ce412-9dda-239f-e917-9c270bd0e63b-scaled.jpg\",\"contentUrl\":\"https:\\\/\\\/www.organisator.ch\\\/wp-content\\\/uploads\\\/2026\\\/03\\\/615ce412-9dda-239f-e917-9c270bd0e63b-scaled.jpg\",\"width\":1400,\"height\":1050,\"caption\":\"Preistr\u00e4ger der Woche feiert Auszeichnung auf Gala. Quelle: zvg\"},{\"@type\":\"BreadcrumbList\",\"@id\":\"https:\\\/\\\/www.organisator.ch\\\/marketing\\\/2026-03-19\\\/jan-kempter-ist-werber-des-jahres-2026\\\/#breadcrumb\",\"itemListElement\":[{\"@type\":\"ListItem\",\"position\":1,\"name\":\"Home\",\"item\":\"https:\\\/\\\/www.organisator.ch\\\/\"},{\"@type\":\"ListItem\",\"position\":2,\"name\":\"Jan Kempter ist \u00abWerber des Jahres\u00bb 2026\"}]},{\"@type\":\"WebSite\",\"@id\":\"https:\\\/\\\/www.organisator.ch\\\/#website\",\"url\":\"https:\\\/\\\/www.organisator.ch\\\/\",\"name\":\"Organisator\",\"description\":\"Kompetent. Praxisnah. Der ORGANISATOR bereitet in 10 Ausgaben pro Jahr die wesentlichen Themen f\u00fcr F\u00fchrungskr\u00e4fte von KMU auf.\",\"publisher\":{\"@id\":\"https:\\\/\\\/www.organisator.ch\\\/#organization\"},\"potentialAction\":[{\"@type\":\"SearchAction\",\"target\":{\"@type\":\"EntryPoint\",\"urlTemplate\":\"https:\\\/\\\/www.organisator.ch\\\/?s={search_term_string}\"},\"query-input\":{\"@type\":\"PropertyValueSpecification\",\"valueRequired\":true,\"valueName\":\"search_term_string\"}}],\"inLanguage\":\"it-IT\"},{\"@type\":\"Organization\",\"@id\":\"https:\\\/\\\/www.organisator.ch\\\/#organization\",\"name\":\"Organisator\",\"url\":\"https:\\\/\\\/www.organisator.ch\\\/\",\"logo\":{\"@type\":\"ImageObject\",\"inLanguage\":\"it-IT\",\"@id\":\"https:\\\/\\\/www.organisator.ch\\\/#\\\/schema\\\/logo\\\/image\\\/\",\"url\":\"https:\\\/\\\/www.organisator.ch\\\/wp-content\\\/uploads\\\/2022\\\/01\\\/Logo_Organisator_Website.png\",\"contentUrl\":\"https:\\\/\\\/www.organisator.ch\\\/wp-content\\\/uploads\\\/2022\\\/01\\\/Logo_Organisator_Website.png\",\"width\":800,\"height\":77,\"caption\":\"Organisator\"},\"image\":{\"@id\":\"https:\\\/\\\/www.organisator.ch\\\/#\\\/schema\\\/logo\\\/image\\\/\"},\"sameAs\":[\"https:\\\/\\\/www.facebook.com\\\/OrganisatorFachmagazin\",\"https:\\\/\\\/www.linkedin.com\\\/showcase\\\/organisator-das-magazin-fr-kmu\",\"https:\\\/\\\/www.xing.com\\\/news\\\/pages\\\/organisator-ch-695\",\"https:\\\/\\\/www.youtube.com\\\/channel\\\/UCGP2Sq0iWaZwT3BdIAQFYpw\"]},{\"@type\":\"Person\",\"@id\":\"https:\\\/\\\/www.organisator.ch\\\/#\\\/schema\\\/person\\\/a9d0e0eff238db87a8f840f3b50359f0\",\"name\":\"n8n\",\"image\":{\"@type\":\"ImageObject\",\"inLanguage\":\"it-IT\",\"@id\":\"https:\\\/\\\/secure.gravatar.com\\\/avatar\\\/5368fb9d03fd415a6f335cece4c15af2502d6ca8651efbd6e8f98427a9795400?s=96&d=mm&r=g\",\"url\":\"https:\\\/\\\/secure.gravatar.com\\\/avatar\\\/5368fb9d03fd415a6f335cece4c15af2502d6ca8651efbd6e8f98427a9795400?s=96&d=mm&r=g\",\"contentUrl\":\"https:\\\/\\\/secure.gravatar.com\\\/avatar\\\/5368fb9d03fd415a6f335cece4c15af2502d6ca8651efbd6e8f98427a9795400?s=96&d=mm&r=g\",\"caption\":\"n8n\"},\"url\":\"https:\\\/\\\/www.organisator.ch\\\/it\\\/author\\\/n8n\\\/\"}]}<\/script>\n<!-- \/ Yoast SEO plugin. -->","yoast_head_json":{"title":"Jan Kempter \u00e8 \u00abPubblicitario dell'anno\u00bb 2026 - Organizzatore","description":"Jan Kempter di Wirz \u00e8 il \u00abPubblicitario dell'anno\u00bb 2026, il pi\u00f9 prestigioso premio del settore presentato al Palais Mascotte.","robots":{"index":"index","follow":"follow","max-snippet":"max-snippet:-1","max-image-preview":"max-image-preview:large","max-video-preview":"max-video-preview:-1"},"canonical":"https:\/\/www.organisator.ch\/it\/marketing\/2026-03-19\/jan-kempter-ist-werber-des-jahres-2026\/","og_locale":"it_IT","og_type":"article","og_title":"Jan Kempter ist \u00abWerber des Jahres\u00bb 2026","og_description":"Jan Kempter von Wirz ist \u00abWerber des Jahres\u00bb 2026. Die bedeutendste Branchenauszeichnung wurde im Palais Mascotte verliehen.","og_url":"https:\/\/www.organisator.ch\/it\/marketing\/2026-03-19\/jan-kempter-ist-werber-des-jahres-2026\/","og_site_name":"Organisator","article_publisher":"https:\/\/www.facebook.com\/OrganisatorFachmagazin","article_published_time":"2026-03-19T06:50:33+00:00","og_image":[{"width":1400,"height":1050,"url":"https:\/\/www.organisator.ch\/wp-content\/uploads\/2026\/03\/615ce412-9dda-239f-e917-9c270bd0e63b-scaled.jpg","type":"image\/jpeg"}],"author":"n8n","twitter_card":"summary_large_image","twitter_title":"Jan #Kempter ist \u00ab#Werber des Jahres\u00bb 2026","twitter_description":"Jan #Kempter von Wirz ist \u00ab#Werber des Jahres\u00bb 2026. Die bedeutendste Branchenauszeichnung wurde im Palais Mascotte verliehen.","twitter_image":"https:\/\/www.organisator.ch\/wp-content\/uploads\/2026\/03\/615ce412-9dda-239f-e917-9c270bd0e63b-scaled.jpg","schema":{"@context":"https:\/\/schema.org","@graph":[{"@type":"Article","@id":"https:\/\/www.organisator.ch\/marketing\/2026-03-19\/jan-kempter-ist-werber-des-jahres-2026\/#article","isPartOf":{"@id":"https:\/\/www.organisator.ch\/marketing\/2026-03-19\/jan-kempter-ist-werber-des-jahres-2026\/"},"author":{"name":"n8n","@id":"https:\/\/www.organisator.ch\/#\/schema\/person\/a9d0e0eff238db87a8f840f3b50359f0"},"headline":"Jan Kempter ist \u00abWerber des Jahres\u00bb 2026","datePublished":"2026-03-19T06:50:33+00:00","mainEntityOfPage":{"@id":"https:\/\/www.organisator.ch\/marketing\/2026-03-19\/jan-kempter-ist-werber-des-jahres-2026\/"},"wordCount":159,"publisher":{"@id":"https:\/\/www.organisator.ch\/#organization"},"image":{"@id":"https:\/\/www.organisator.ch\/marketing\/2026-03-19\/jan-kempter-ist-werber-des-jahres-2026\/#primaryimage"},"thumbnailUrl":"https:\/\/www.organisator.ch\/wp-content\/uploads\/2026\/03\/615ce412-9dda-239f-e917-9c270bd0e63b-scaled.jpg","keywords":["Awards","Marketing","Werber des Jahres"],"articleSection":["MARKETING"],"inLanguage":"it-IT"},{"@type":"WebPage","@id":"https:\/\/www.organisator.ch\/marketing\/2026-03-19\/jan-kempter-ist-werber-des-jahres-2026\/","url":"https:\/\/www.organisator.ch\/marketing\/2026-03-19\/jan-kempter-ist-werber-des-jahres-2026\/","name":"Jan Kempter \u00e8 \u00abPubblicitario dell'anno\u00bb 2026 - Organizzatore","isPartOf":{"@id":"https:\/\/www.organisator.ch\/#website"},"primaryImageOfPage":{"@id":"https:\/\/www.organisator.ch\/marketing\/2026-03-19\/jan-kempter-ist-werber-des-jahres-2026\/#primaryimage"},"image":{"@id":"https:\/\/www.organisator.ch\/marketing\/2026-03-19\/jan-kempter-ist-werber-des-jahres-2026\/#primaryimage"},"thumbnailUrl":"https:\/\/www.organisator.ch\/wp-content\/uploads\/2026\/03\/615ce412-9dda-239f-e917-9c270bd0e63b-scaled.jpg","datePublished":"2026-03-19T06:50:33+00:00","description":"Jan Kempter di Wirz \u00e8 il \u00abPubblicitario dell'anno\u00bb 2026, il pi\u00f9 prestigioso premio del settore presentato al Palais Mascotte.","breadcrumb":{"@id":"https:\/\/www.organisator.ch\/marketing\/2026-03-19\/jan-kempter-ist-werber-des-jahres-2026\/#breadcrumb"},"inLanguage":"it-IT","potentialAction":[{"@type":"ReadAction","target":["https:\/\/www.organisator.ch\/marketing\/2026-03-19\/jan-kempter-ist-werber-des-jahres-2026\/"]}]},{"@type":"ImageObject","inLanguage":"it-IT","@id":"https:\/\/www.organisator.ch\/marketing\/2026-03-19\/jan-kempter-ist-werber-des-jahres-2026\/#primaryimage","url":"https:\/\/www.organisator.ch\/wp-content\/uploads\/2026\/03\/615ce412-9dda-239f-e917-9c270bd0e63b-scaled.jpg","contentUrl":"https:\/\/www.organisator.ch\/wp-content\/uploads\/2026\/03\/615ce412-9dda-239f-e917-9c270bd0e63b-scaled.jpg","width":1400,"height":1050,"caption":"Preistr\u00e4ger der Woche feiert Auszeichnung auf Gala. Quelle: zvg"},{"@type":"BreadcrumbList","@id":"https:\/\/www.organisator.ch\/marketing\/2026-03-19\/jan-kempter-ist-werber-des-jahres-2026\/#breadcrumb","itemListElement":[{"@type":"ListItem","position":1,"name":"Home","item":"https:\/\/www.organisator.ch\/"},{"@type":"ListItem","position":2,"name":"Jan Kempter ist \u00abWerber des Jahres\u00bb 2026"}]},{"@type":"WebSite","@id":"https:\/\/www.organisator.ch\/#website","url":"https:\/\/www.organisator.ch\/","name":"Organizzatore","description":"Competente. Pratico. In 10 numeri all'anno, ORGANISATOR presenta i temi essenziali per i manager delle PMI.","publisher":{"@id":"https:\/\/www.organisator.ch\/#organization"},"potentialAction":[{"@type":"SearchAction","target":{"@type":"EntryPoint","urlTemplate":"https:\/\/www.organisator.ch\/?s={search_term_string}"},"query-input":{"@type":"PropertyValueSpecification","valueRequired":true,"valueName":"search_term_string"}}],"inLanguage":"it-IT"},{"@type":"Organization","@id":"https:\/\/www.organisator.ch\/#organization","name":"Organizzatore","url":"https:\/\/www.organisator.ch\/","logo":{"@type":"ImageObject","inLanguage":"it-IT","@id":"https:\/\/www.organisator.ch\/#\/schema\/logo\/image\/","url":"https:\/\/www.organisator.ch\/wp-content\/uploads\/2022\/01\/Logo_Organisator_Website.png","contentUrl":"https:\/\/www.organisator.ch\/wp-content\/uploads\/2022\/01\/Logo_Organisator_Website.png","width":800,"height":77,"caption":"Organisator"},"image":{"@id":"https:\/\/www.organisator.ch\/#\/schema\/logo\/image\/"},"sameAs":["https:\/\/www.facebook.com\/OrganisatorFachmagazin","https:\/\/www.linkedin.com\/showcase\/organisator-das-magazin-fr-kmu","https:\/\/www.xing.com\/news\/pages\/organisator-ch-695","https:\/\/www.youtube.com\/channel\/UCGP2Sq0iWaZwT3BdIAQFYpw"]},{"@type":"Person","@id":"https:\/\/www.organisator.ch\/#\/schema\/person\/a9d0e0eff238db87a8f840f3b50359f0","name":"n8n","image":{"@type":"ImageObject","inLanguage":"it-IT","@id":"https:\/\/secure.gravatar.com\/avatar\/5368fb9d03fd415a6f335cece4c15af2502d6ca8651efbd6e8f98427a9795400?s=96&d=mm&r=g","url":"https:\/\/secure.gravatar.com\/avatar\/5368fb9d03fd415a6f335cece4c15af2502d6ca8651efbd6e8f98427a9795400?s=96&d=mm&r=g","contentUrl":"https:\/\/secure.gravatar.com\/avatar\/5368fb9d03fd415a6f335cece4c15af2502d6ca8651efbd6e8f98427a9795400?s=96&d=mm&r=g","caption":"n8n"},"url":"https:\/\/www.organisator.ch\/it\/author\/n8n\/"}]}},"_links":{"self":[{"href":"https:\/\/www.organisator.ch\/it\/wp-json\/wp\/v2\/posts\/46238","targetHints":{"allow":["GET"]}}],"collection":[{"href":"https:\/\/www.organisator.ch\/it\/wp-json\/wp\/v2\/posts"}],"about":[{"href":"https:\/\/www.organisator.ch\/it\/wp-json\/wp\/v2\/types\/post"}],"author":[{"embeddable":true,"href":"https:\/\/www.organisator.ch\/it\/wp-json\/wp\/v2\/users\/107"}],"replies":[{"embeddable":true,"href":"https:\/\/www.organisator.ch\/it\/wp-json\/wp\/v2\/comments?post=46238"}],"version-history":[{"count":3,"href":"https:\/\/www.organisator.ch\/it\/wp-json\/wp\/v2\/posts\/46238\/revisions"}],"predecessor-version":[{"id":46360,"href":"https:\/\/www.organisator.ch\/it\/wp-json\/wp\/v2\/posts\/46238\/revisions\/46360"}],"wp:featuredmedia":[{"embeddable":true,"href":"https:\/\/www.organisator.ch\/it\/wp-json\/wp\/v2\/media\/46237"}],"wp:attachment":[{"href":"https:\/\/www.organisator.ch\/it\/wp-json\/wp\/v2\/media?parent=46238"}],"wp:term":[{"taxonomy":"category","embeddable":true,"href":"https:\/\/www.organisator.ch\/it\/wp-json\/wp\/v2\/categories?post=46238"},{"taxonomy":"post_tag","embeddable":true,"href":"https:\/\/www.organisator.ch\/it\/wp-json\/wp\/v2\/tags?post=46238"}],"curies":[{"name":"wp","href":"https:\/\/api.w.org\/{rel}","templated":true}]}}