{"id":46241,"date":"2026-03-18T13:17:45","date_gmt":"2026-03-18T12:17:45","guid":{"rendered":"https:\/\/www.organisator.ch\/de\/?p=46241"},"modified":"2026-03-18T13:17:45","modified_gmt":"2026-03-18T12:17:45","slug":"praevention-auf-dem-bau-kampagne-sensibilisiert-fuer-helmtragen","status":"publish","type":"post","link":"https:\/\/www.organisator.ch\/it\/human-resources\/2026-03-18\/praevention-auf-dem-bau-kampagne-sensibilisiert-fuer-helmtragen\/","title":{"rendered":"Prevenzione nei cantieri: una campagna di sensibilizzazione all'uso del casco"},"content":{"rendered":"<figure id=\"attachment_46240\" aria-describedby=\"caption-attachment-46240\" style=\"width: 1400px\" class=\"wp-caption alignnone\"><img loading=\"lazy\" decoding=\"async\" class=\"size-full wp-image-46240\" src=\"https:\/\/www.organisator.ch\/wp-content\/uploads\/2026\/03\/Sensibilisierung_Bau_FRAGILE20Suisse-scaled.jpg\" alt=\"\" width=\"1400\" height=\"933\" srcset=\"https:\/\/www.organisator.ch\/wp-content\/uploads\/2026\/03\/Sensibilisierung_Bau_FRAGILE20Suisse-scaled.jpg 1400w, https:\/\/www.organisator.ch\/wp-content\/uploads\/2026\/03\/Sensibilisierung_Bau_FRAGILE20Suisse-680x453.jpg 680w, https:\/\/www.organisator.ch\/wp-content\/uploads\/2026\/03\/Sensibilisierung_Bau_FRAGILE20Suisse-1024x683.jpg 1024w, https:\/\/www.organisator.ch\/wp-content\/uploads\/2026\/03\/Sensibilisierung_Bau_FRAGILE20Suisse-768x512.jpg 768w, https:\/\/www.organisator.ch\/wp-content\/uploads\/2026\/03\/Sensibilisierung_Bau_FRAGILE20Suisse-1536x1024.jpg 1536w, https:\/\/www.organisator.ch\/wp-content\/uploads\/2026\/03\/Sensibilisierung_Bau_FRAGILE20Suisse-2048x1365.jpg 2048w, https:\/\/www.organisator.ch\/wp-content\/uploads\/2026\/03\/Sensibilisierung_Bau_FRAGILE20Suisse-18x12.jpg 18w, https:\/\/www.organisator.ch\/wp-content\/uploads\/2026\/03\/Sensibilisierung_Bau_FRAGILE20Suisse-375x250.jpg 375w, https:\/\/www.organisator.ch\/wp-content\/uploads\/2026\/03\/Sensibilisierung_Bau_FRAGILE20Suisse-525x350.jpg 525w, https:\/\/www.organisator.ch\/wp-content\/uploads\/2026\/03\/Sensibilisierung_Bau_FRAGILE20Suisse-1000x667.jpg 1000w\" sizes=\"auto, (max-width: 1400px) 100vw, 1400px\" \/><figcaption id=\"caption-attachment-46240\" class=\"wp-caption-text\">FRAGILE Suisse sensibilizza sulla sicurezza in edilizia. Fonte: zvg<\/figcaption><\/figure>\n<p>Il cervello \u00e8 vitale e deve essere protetto, non solo durante le attivit\u00e0 sportive e ricreative, ma anche sul lavoro. Nell'ambito della campagna di prevenzione \u00abProteggi il tuo cervello - proteggi la tua vita!\u00bb, FRAGILE Suisse collabora con l'Ufficio federale per la sicurezza sul lavoro (BfA), Building Materials Suisse (BMS) e Mips per sensibilizzare i lavoratori edili sull'importanza di indossare il casco sul lavoro.<\/p>\n<h3>Migliaia di lesioni alla testa ogni anno<\/h3>\n<p>Ogni anno in Svizzera 5.000 persone subiscono una lesione cerebrale traumatica da moderata a grave. Questo tipo di lesione cerebrale pu\u00f2 avere gravi conseguenze: infatti, la lesione cerebrale traumatica \u00e8 la causa pi\u00f9 comune di morte nelle persone sotto i 45 anni. La Suva registra ogni anno circa 12.000 lesioni alla testa, molte delle quali nei cantieri edili svizzeri. Molti infortuni possono essere evitati adottando misure preventive: Tra queste, in particolare, l'uso corretto del casco, compreso il fissaggio della mentoniera.<\/p>\n<h3>La persona colpita condivide le sue esperienze<\/h3>\n<p>\u00abDarei qualsiasi cosa per poter lavorare di nuovo nell'edilizia\u00bb. Cos\u00ec dice Peter B., che ha subito una frattura comminuta del cranio e una grave lesione cerebrale traumatica a seguito di un incidente sul lavoro. Nell'ambito della campagna di prevenzione, ha condiviso la sua esperienza personale con altri dipendenti del settore edile durante una giornata di formazione sulla sicurezza sul lavoro.<\/p>\n<p>FRAGILE Suisse, l'organizzazione svizzera per le persone con lesioni cerebrali e le loro famiglie, sta conducendo questa campagna a livello nazionale con particolare attenzione all'uso del casco. A tal fine, collabora con l'Ufficio federale per la sicurezza sul lavoro (BfA), l'associazione degli specialisti del commercio dei materiali da costruzione (BMS) e l'azienda svedese Mips, specializzata nella sicurezza dei caschi e nella protezione del cervello.<\/p>\n<h3>Dispositivi di protezione per gli operatori di macchine edili<\/h3>\n<p>Nell'ambito di questa collaborazione, tutti coloro che superano il corso di formazione per operatori di macchine edili ricevono un set di dispositivi di protezione individuale (DPI) in pi\u00f9 parti. Questo comprende protezioni per l'udito e per il sole, nonch\u00e9 un casco di sicurezza con un sistema di protezione cerebrale integrato per caschi di sicurezza industriali (Mips). Inoltre, un campione di casco di sicurezza dell'azienda svedese \u00abGuardio\u00bb con il sistema di protezione cerebrale Mips sar\u00e0 esposto in circa 70 filiali, insieme a informazioni su FRAGILE Suisse.<\/p>\n<h3>Sensibilizzazione a livello nazionale<\/h3>\n<p>Con questa campagna, FRAGILE Suisse non si batte solo per la sicurezza dei lavoratori edili, ma anche per sensibilizzare l'opinione pubblica sulle lesioni cerebrali e sulle loro conseguenze. In quest'ottica, l'organizzazione ha sviluppato nuovi <a href=\"https:\/\/www.fragile.ch\/medien\/fuellerinserate\/\" target=\"_blank\" rel=\"noopener\">Pubblicit\u00e0 riempitiva sul tema dell'uso del casco<\/a> pubblicati. Pubblicando questi annunci gratuiti, anche i media possono sostenere la campagna di prevenzione.<\/p>\n<p>Per maggiori informazioni sulla campagna <a href=\"https:\/\/www.fragile.ch\/schuetzedeinhirn\/\" target=\"_blank\" rel=\"noopener\">www.fragile.ch\/schuetzedeinhirn<\/a>.<\/p>","protected":false},"excerpt":{"rendered":"<p>Ogni anno in Svizzera 5.000 persone subiscono una lesione cerebrale traumatica da moderata a grave, molte delle quali nei cantieri. FRAGILE Suisse sta lanciando una campagna di prevenzione a livello nazionale in collaborazione con l'Ufficio federale per la sicurezza sul lavoro (BfA), Building Materials Suisse e Mips. Questa campagna sensibilizzer\u00e0 i lavoratori edili sull'importanza di indossare correttamente il casco.<\/p>","protected":false},"author":107,"featured_media":46240,"comment_status":"closed","ping_status":"closed","sticky":false,"template":"","format":"standard","meta":{"_acf_changed":false,"_yoast_wpseo_focuskw":"Helmtragen","_yoast_wpseo_metadesc":"FRAGILE Suisse sensibilisiert mit Kampagne f\u00fcr Helmtragen auf dem Bau. J\u00e4hrlich 12'000 Kopfverletzungen \u2013 viele sind vermeidbar.","articlekey":"","footnotes":""},"categories":[579],"tags":[53,77,293,503],"class_list":["post-46241","post","type-post","status-publish","format-standard","has-post-thumbnail","hentry","category-human-resources","tag-arbeitssicherheit","tag-betriebliches-gesundheitsmanagement","tag-kampagne","tag-verbaende"],"acf":[],"yoast_head":"<!-- This site is optimized with the Yoast SEO plugin v27.5 - https:\/\/yoast.com\/product\/yoast-seo-wordpress\/ -->\n<title>Pr\u00e4vention auf dem Bau: Kampagne sensibilisiert f\u00fcr Helmtragen - Organisator<\/title>\n<meta name=\"description\" content=\"FRAGILE Suisse sensibilisiert mit Kampagne f\u00fcr Helmtragen auf dem Bau. J\u00e4hrlich 12&#039;000 Kopfverletzungen \u2013 viele sind vermeidbar.\" \/>\n<meta name=\"robots\" content=\"index, follow, max-snippet:-1, max-image-preview:large, max-video-preview:-1\" \/>\n<link rel=\"canonical\" href=\"https:\/\/www.organisator.ch\/it\/risorse-umane\/2026-03-18\/praevention-auf-dem-bau-kampagne-sensibilisiert-fuer-helmtragen\/\" \/>\n<meta property=\"og:locale\" content=\"it_IT\" \/>\n<meta property=\"og:type\" content=\"article\" \/>\n<meta property=\"og:title\" content=\"Pr\u00e4vention auf dem Bau: Kampagne sensibilisiert f\u00fcr Helmtragen\" \/>\n<meta property=\"og:description\" content=\"FRAGILE Suisse sensibilisiert mit Kampagne f\u00fcr Helmtragen auf dem Bau. J\u00e4hrlich 12&#039;000 Kopfverletzungen \u2013 viele sind vermeidbar.\" \/>\n<meta property=\"og:url\" content=\"https:\/\/www.organisator.ch\/it\/risorse-umane\/2026-03-18\/praevention-auf-dem-bau-kampagne-sensibilisiert-fuer-helmtragen\/\" \/>\n<meta property=\"og:site_name\" content=\"Organisator\" \/>\n<meta property=\"article:publisher\" content=\"https:\/\/www.facebook.com\/OrganisatorFachmagazin\" \/>\n<meta property=\"article:published_time\" content=\"2026-03-18T12:17:45+00:00\" \/>\n<meta property=\"og:image\" content=\"https:\/\/www.organisator.ch\/wp-content\/uploads\/2026\/03\/Sensibilisierung_Bau_FRAGILE20Suisse-1-scaled.jpg\" \/>\n\t<meta property=\"og:image:width\" content=\"1400\" \/>\n\t<meta property=\"og:image:height\" content=\"933\" \/>\n\t<meta property=\"og:image:type\" content=\"image\/jpeg\" \/>\n<meta name=\"author\" content=\"n8n\" \/>\n<meta name=\"twitter:card\" content=\"summary_large_image\" \/>\n<meta name=\"twitter:title\" content=\"#Pr\u00e4vention auf dem Bau: #Kampagne sensibilisiert f\u00fcr #Helmtragen\" \/>\n<meta name=\"twitter:description\" content=\"#FRAGILE Suisse sensibilisiert mit Kampagne f\u00fcr #Helmtragen auf dem Bau. J\u00e4hrlich 12&#039;000 Kopfverletzungen \u2013 viele sind vermeidbar.\" \/>\n<meta name=\"twitter:image\" content=\"https:\/\/www.organisator.ch\/wp-content\/uploads\/2026\/03\/Sensibilisierung_Bau_FRAGILE20Suisse-1-scaled.jpg\" \/>\n<script type=\"application\/ld+json\" class=\"yoast-schema-graph\">{\"@context\":\"https:\\\/\\\/schema.org\",\"@graph\":[{\"@type\":\"Article\",\"@id\":\"https:\\\/\\\/www.organisator.ch\\\/human-resources\\\/2026-03-18\\\/praevention-auf-dem-bau-kampagne-sensibilisiert-fuer-helmtragen\\\/#article\",\"isPartOf\":{\"@id\":\"https:\\\/\\\/www.organisator.ch\\\/human-resources\\\/2026-03-18\\\/praevention-auf-dem-bau-kampagne-sensibilisiert-fuer-helmtragen\\\/\"},\"author\":{\"name\":\"n8n\",\"@id\":\"https:\\\/\\\/www.organisator.ch\\\/#\\\/schema\\\/person\\\/a9d0e0eff238db87a8f840f3b50359f0\"},\"headline\":\"Pr\u00e4vention auf dem Bau: Kampagne sensibilisiert f\u00fcr Helmtragen\",\"datePublished\":\"2026-03-18T12:17:45+00:00\",\"mainEntityOfPage\":{\"@id\":\"https:\\\/\\\/www.organisator.ch\\\/human-resources\\\/2026-03-18\\\/praevention-auf-dem-bau-kampagne-sensibilisiert-fuer-helmtragen\\\/\"},\"wordCount\":430,\"publisher\":{\"@id\":\"https:\\\/\\\/www.organisator.ch\\\/#organization\"},\"image\":{\"@id\":\"https:\\\/\\\/www.organisator.ch\\\/human-resources\\\/2026-03-18\\\/praevention-auf-dem-bau-kampagne-sensibilisiert-fuer-helmtragen\\\/#primaryimage\"},\"thumbnailUrl\":\"https:\\\/\\\/www.organisator.ch\\\/wp-content\\\/uploads\\\/2026\\\/03\\\/Sensibilisierung_Bau_FRAGILE20Suisse-scaled.jpg\",\"keywords\":[\"Arbeitssicherheit\",\"Betriebliches Gesundheitsmanagement\",\"Kampagne\",\"Verb\u00e4nde\"],\"articleSection\":[\"HUMAN RESOURCES\"],\"inLanguage\":\"it-IT\"},{\"@type\":\"WebPage\",\"@id\":\"https:\\\/\\\/www.organisator.ch\\\/human-resources\\\/2026-03-18\\\/praevention-auf-dem-bau-kampagne-sensibilisiert-fuer-helmtragen\\\/\",\"url\":\"https:\\\/\\\/www.organisator.ch\\\/human-resources\\\/2026-03-18\\\/praevention-auf-dem-bau-kampagne-sensibilisiert-fuer-helmtragen\\\/\",\"name\":\"Pr\u00e4vention auf dem Bau: Kampagne sensibilisiert f\u00fcr Helmtragen - Organisator\",\"isPartOf\":{\"@id\":\"https:\\\/\\\/www.organisator.ch\\\/#website\"},\"primaryImageOfPage\":{\"@id\":\"https:\\\/\\\/www.organisator.ch\\\/human-resources\\\/2026-03-18\\\/praevention-auf-dem-bau-kampagne-sensibilisiert-fuer-helmtragen\\\/#primaryimage\"},\"image\":{\"@id\":\"https:\\\/\\\/www.organisator.ch\\\/human-resources\\\/2026-03-18\\\/praevention-auf-dem-bau-kampagne-sensibilisiert-fuer-helmtragen\\\/#primaryimage\"},\"thumbnailUrl\":\"https:\\\/\\\/www.organisator.ch\\\/wp-content\\\/uploads\\\/2026\\\/03\\\/Sensibilisierung_Bau_FRAGILE20Suisse-scaled.jpg\",\"datePublished\":\"2026-03-18T12:17:45+00:00\",\"description\":\"FRAGILE Suisse sensibilisiert mit Kampagne f\u00fcr Helmtragen auf dem Bau. J\u00e4hrlich 12'000 Kopfverletzungen \u2013 viele sind vermeidbar.\",\"breadcrumb\":{\"@id\":\"https:\\\/\\\/www.organisator.ch\\\/human-resources\\\/2026-03-18\\\/praevention-auf-dem-bau-kampagne-sensibilisiert-fuer-helmtragen\\\/#breadcrumb\"},\"inLanguage\":\"it-IT\",\"potentialAction\":[{\"@type\":\"ReadAction\",\"target\":[\"https:\\\/\\\/www.organisator.ch\\\/human-resources\\\/2026-03-18\\\/praevention-auf-dem-bau-kampagne-sensibilisiert-fuer-helmtragen\\\/\"]}]},{\"@type\":\"ImageObject\",\"inLanguage\":\"it-IT\",\"@id\":\"https:\\\/\\\/www.organisator.ch\\\/human-resources\\\/2026-03-18\\\/praevention-auf-dem-bau-kampagne-sensibilisiert-fuer-helmtragen\\\/#primaryimage\",\"url\":\"https:\\\/\\\/www.organisator.ch\\\/wp-content\\\/uploads\\\/2026\\\/03\\\/Sensibilisierung_Bau_FRAGILE20Suisse-scaled.jpg\",\"contentUrl\":\"https:\\\/\\\/www.organisator.ch\\\/wp-content\\\/uploads\\\/2026\\\/03\\\/Sensibilisierung_Bau_FRAGILE20Suisse-scaled.jpg\",\"width\":1400,\"height\":933,\"caption\":\"FRAGILE Suisse sensibilisiert f\u00fcr Sicherheit auf dem Bau. Quelle: zvg\"},{\"@type\":\"BreadcrumbList\",\"@id\":\"https:\\\/\\\/www.organisator.ch\\\/human-resources\\\/2026-03-18\\\/praevention-auf-dem-bau-kampagne-sensibilisiert-fuer-helmtragen\\\/#breadcrumb\",\"itemListElement\":[{\"@type\":\"ListItem\",\"position\":1,\"name\":\"Home\",\"item\":\"https:\\\/\\\/www.organisator.ch\\\/\"},{\"@type\":\"ListItem\",\"position\":2,\"name\":\"Pr\u00e4vention auf dem Bau: Kampagne sensibilisiert f\u00fcr Helmtragen\"}]},{\"@type\":\"WebSite\",\"@id\":\"https:\\\/\\\/www.organisator.ch\\\/#website\",\"url\":\"https:\\\/\\\/www.organisator.ch\\\/\",\"name\":\"Organisator\",\"description\":\"Kompetent. Praxisnah. Der ORGANISATOR bereitet in 10 Ausgaben pro Jahr die wesentlichen Themen f\u00fcr F\u00fchrungskr\u00e4fte von KMU auf.\",\"publisher\":{\"@id\":\"https:\\\/\\\/www.organisator.ch\\\/#organization\"},\"potentialAction\":[{\"@type\":\"SearchAction\",\"target\":{\"@type\":\"EntryPoint\",\"urlTemplate\":\"https:\\\/\\\/www.organisator.ch\\\/?s={search_term_string}\"},\"query-input\":{\"@type\":\"PropertyValueSpecification\",\"valueRequired\":true,\"valueName\":\"search_term_string\"}}],\"inLanguage\":\"it-IT\"},{\"@type\":\"Organization\",\"@id\":\"https:\\\/\\\/www.organisator.ch\\\/#organization\",\"name\":\"Organisator\",\"url\":\"https:\\\/\\\/www.organisator.ch\\\/\",\"logo\":{\"@type\":\"ImageObject\",\"inLanguage\":\"it-IT\",\"@id\":\"https:\\\/\\\/www.organisator.ch\\\/#\\\/schema\\\/logo\\\/image\\\/\",\"url\":\"https:\\\/\\\/www.organisator.ch\\\/wp-content\\\/uploads\\\/2022\\\/01\\\/Logo_Organisator_Website.png\",\"contentUrl\":\"https:\\\/\\\/www.organisator.ch\\\/wp-content\\\/uploads\\\/2022\\\/01\\\/Logo_Organisator_Website.png\",\"width\":800,\"height\":77,\"caption\":\"Organisator\"},\"image\":{\"@id\":\"https:\\\/\\\/www.organisator.ch\\\/#\\\/schema\\\/logo\\\/image\\\/\"},\"sameAs\":[\"https:\\\/\\\/www.facebook.com\\\/OrganisatorFachmagazin\",\"https:\\\/\\\/www.linkedin.com\\\/showcase\\\/organisator-das-magazin-fr-kmu\",\"https:\\\/\\\/www.xing.com\\\/news\\\/pages\\\/organisator-ch-695\",\"https:\\\/\\\/www.youtube.com\\\/channel\\\/UCGP2Sq0iWaZwT3BdIAQFYpw\"]},{\"@type\":\"Person\",\"@id\":\"https:\\\/\\\/www.organisator.ch\\\/#\\\/schema\\\/person\\\/a9d0e0eff238db87a8f840f3b50359f0\",\"name\":\"n8n\",\"image\":{\"@type\":\"ImageObject\",\"inLanguage\":\"it-IT\",\"@id\":\"https:\\\/\\\/secure.gravatar.com\\\/avatar\\\/5368fb9d03fd415a6f335cece4c15af2502d6ca8651efbd6e8f98427a9795400?s=96&d=mm&r=g\",\"url\":\"https:\\\/\\\/secure.gravatar.com\\\/avatar\\\/5368fb9d03fd415a6f335cece4c15af2502d6ca8651efbd6e8f98427a9795400?s=96&d=mm&r=g\",\"contentUrl\":\"https:\\\/\\\/secure.gravatar.com\\\/avatar\\\/5368fb9d03fd415a6f335cece4c15af2502d6ca8651efbd6e8f98427a9795400?s=96&d=mm&r=g\",\"caption\":\"n8n\"},\"url\":\"https:\\\/\\\/www.organisator.ch\\\/it\\\/author\\\/n8n\\\/\"}]}<\/script>\n<!-- \/ Yoast SEO plugin. -->","yoast_head_json":{"title":"Prevenzione nei cantieri: campagna di sensibilizzazione all'uso del casco - Organizzatore","description":"FRAGILE Suisse sensibilizza con una campagna a favore dell'uso del casco nei cantieri. 12.000 lesioni alla testa ogni anno - molte sono prevenibili.","robots":{"index":"index","follow":"follow","max-snippet":"max-snippet:-1","max-image-preview":"max-image-preview:large","max-video-preview":"max-video-preview:-1"},"canonical":"https:\/\/www.organisator.ch\/it\/risorse-umane\/2026-03-18\/praevention-auf-dem-bau-kampagne-sensibilisiert-fuer-helmtragen\/","og_locale":"it_IT","og_type":"article","og_title":"Pr\u00e4vention auf dem Bau: Kampagne sensibilisiert f\u00fcr Helmtragen","og_description":"FRAGILE Suisse sensibilisiert mit Kampagne f\u00fcr Helmtragen auf dem Bau. J\u00e4hrlich 12'000 Kopfverletzungen \u2013 viele sind vermeidbar.","og_url":"https:\/\/www.organisator.ch\/it\/risorse-umane\/2026-03-18\/praevention-auf-dem-bau-kampagne-sensibilisiert-fuer-helmtragen\/","og_site_name":"Organisator","article_publisher":"https:\/\/www.facebook.com\/OrganisatorFachmagazin","article_published_time":"2026-03-18T12:17:45+00:00","og_image":[{"width":1400,"height":933,"url":"https:\/\/www.organisator.ch\/wp-content\/uploads\/2026\/03\/Sensibilisierung_Bau_FRAGILE20Suisse-1-scaled.jpg","type":"image\/jpeg"}],"author":"n8n","twitter_card":"summary_large_image","twitter_title":"#Pr\u00e4vention auf dem Bau: #Kampagne sensibilisiert f\u00fcr #Helmtragen","twitter_description":"#FRAGILE Suisse sensibilisiert mit Kampagne f\u00fcr #Helmtragen auf dem Bau. J\u00e4hrlich 12'000 Kopfverletzungen \u2013 viele sind vermeidbar.","twitter_image":"https:\/\/www.organisator.ch\/wp-content\/uploads\/2026\/03\/Sensibilisierung_Bau_FRAGILE20Suisse-1-scaled.jpg","schema":{"@context":"https:\/\/schema.org","@graph":[{"@type":"Article","@id":"https:\/\/www.organisator.ch\/human-resources\/2026-03-18\/praevention-auf-dem-bau-kampagne-sensibilisiert-fuer-helmtragen\/#article","isPartOf":{"@id":"https:\/\/www.organisator.ch\/human-resources\/2026-03-18\/praevention-auf-dem-bau-kampagne-sensibilisiert-fuer-helmtragen\/"},"author":{"name":"n8n","@id":"https:\/\/www.organisator.ch\/#\/schema\/person\/a9d0e0eff238db87a8f840f3b50359f0"},"headline":"Pr\u00e4vention auf dem Bau: Kampagne sensibilisiert f\u00fcr Helmtragen","datePublished":"2026-03-18T12:17:45+00:00","mainEntityOfPage":{"@id":"https:\/\/www.organisator.ch\/human-resources\/2026-03-18\/praevention-auf-dem-bau-kampagne-sensibilisiert-fuer-helmtragen\/"},"wordCount":430,"publisher":{"@id":"https:\/\/www.organisator.ch\/#organization"},"image":{"@id":"https:\/\/www.organisator.ch\/human-resources\/2026-03-18\/praevention-auf-dem-bau-kampagne-sensibilisiert-fuer-helmtragen\/#primaryimage"},"thumbnailUrl":"https:\/\/www.organisator.ch\/wp-content\/uploads\/2026\/03\/Sensibilisierung_Bau_FRAGILE20Suisse-scaled.jpg","keywords":["Arbeitssicherheit","Betriebliches Gesundheitsmanagement","Kampagne","Verb\u00e4nde"],"articleSection":["HUMAN RESOURCES"],"inLanguage":"it-IT"},{"@type":"WebPage","@id":"https:\/\/www.organisator.ch\/human-resources\/2026-03-18\/praevention-auf-dem-bau-kampagne-sensibilisiert-fuer-helmtragen\/","url":"https:\/\/www.organisator.ch\/human-resources\/2026-03-18\/praevention-auf-dem-bau-kampagne-sensibilisiert-fuer-helmtragen\/","name":"Prevenzione nei cantieri: campagna di sensibilizzazione all'uso del casco - Organizzatore","isPartOf":{"@id":"https:\/\/www.organisator.ch\/#website"},"primaryImageOfPage":{"@id":"https:\/\/www.organisator.ch\/human-resources\/2026-03-18\/praevention-auf-dem-bau-kampagne-sensibilisiert-fuer-helmtragen\/#primaryimage"},"image":{"@id":"https:\/\/www.organisator.ch\/human-resources\/2026-03-18\/praevention-auf-dem-bau-kampagne-sensibilisiert-fuer-helmtragen\/#primaryimage"},"thumbnailUrl":"https:\/\/www.organisator.ch\/wp-content\/uploads\/2026\/03\/Sensibilisierung_Bau_FRAGILE20Suisse-scaled.jpg","datePublished":"2026-03-18T12:17:45+00:00","description":"FRAGILE Suisse sensibilizza con una campagna a favore dell'uso del casco nei cantieri. 12.000 lesioni alla testa ogni anno - molte sono prevenibili.","breadcrumb":{"@id":"https:\/\/www.organisator.ch\/human-resources\/2026-03-18\/praevention-auf-dem-bau-kampagne-sensibilisiert-fuer-helmtragen\/#breadcrumb"},"inLanguage":"it-IT","potentialAction":[{"@type":"ReadAction","target":["https:\/\/www.organisator.ch\/human-resources\/2026-03-18\/praevention-auf-dem-bau-kampagne-sensibilisiert-fuer-helmtragen\/"]}]},{"@type":"ImageObject","inLanguage":"it-IT","@id":"https:\/\/www.organisator.ch\/human-resources\/2026-03-18\/praevention-auf-dem-bau-kampagne-sensibilisiert-fuer-helmtragen\/#primaryimage","url":"https:\/\/www.organisator.ch\/wp-content\/uploads\/2026\/03\/Sensibilisierung_Bau_FRAGILE20Suisse-scaled.jpg","contentUrl":"https:\/\/www.organisator.ch\/wp-content\/uploads\/2026\/03\/Sensibilisierung_Bau_FRAGILE20Suisse-scaled.jpg","width":1400,"height":933,"caption":"FRAGILE Suisse sensibilisiert f\u00fcr Sicherheit auf dem Bau. Quelle: zvg"},{"@type":"BreadcrumbList","@id":"https:\/\/www.organisator.ch\/human-resources\/2026-03-18\/praevention-auf-dem-bau-kampagne-sensibilisiert-fuer-helmtragen\/#breadcrumb","itemListElement":[{"@type":"ListItem","position":1,"name":"Home","item":"https:\/\/www.organisator.ch\/"},{"@type":"ListItem","position":2,"name":"Pr\u00e4vention auf dem Bau: Kampagne sensibilisiert f\u00fcr Helmtragen"}]},{"@type":"WebSite","@id":"https:\/\/www.organisator.ch\/#website","url":"https:\/\/www.organisator.ch\/","name":"Organizzatore","description":"Competente. Pratico. In 10 numeri all'anno, ORGANISATOR presenta i temi essenziali per i manager delle PMI.","publisher":{"@id":"https:\/\/www.organisator.ch\/#organization"},"potentialAction":[{"@type":"SearchAction","target":{"@type":"EntryPoint","urlTemplate":"https:\/\/www.organisator.ch\/?s={search_term_string}"},"query-input":{"@type":"PropertyValueSpecification","valueRequired":true,"valueName":"search_term_string"}}],"inLanguage":"it-IT"},{"@type":"Organization","@id":"https:\/\/www.organisator.ch\/#organization","name":"Organizzatore","url":"https:\/\/www.organisator.ch\/","logo":{"@type":"ImageObject","inLanguage":"it-IT","@id":"https:\/\/www.organisator.ch\/#\/schema\/logo\/image\/","url":"https:\/\/www.organisator.ch\/wp-content\/uploads\/2022\/01\/Logo_Organisator_Website.png","contentUrl":"https:\/\/www.organisator.ch\/wp-content\/uploads\/2022\/01\/Logo_Organisator_Website.png","width":800,"height":77,"caption":"Organisator"},"image":{"@id":"https:\/\/www.organisator.ch\/#\/schema\/logo\/image\/"},"sameAs":["https:\/\/www.facebook.com\/OrganisatorFachmagazin","https:\/\/www.linkedin.com\/showcase\/organisator-das-magazin-fr-kmu","https:\/\/www.xing.com\/news\/pages\/organisator-ch-695","https:\/\/www.youtube.com\/channel\/UCGP2Sq0iWaZwT3BdIAQFYpw"]},{"@type":"Person","@id":"https:\/\/www.organisator.ch\/#\/schema\/person\/a9d0e0eff238db87a8f840f3b50359f0","name":"n8n","image":{"@type":"ImageObject","inLanguage":"it-IT","@id":"https:\/\/secure.gravatar.com\/avatar\/5368fb9d03fd415a6f335cece4c15af2502d6ca8651efbd6e8f98427a9795400?s=96&d=mm&r=g","url":"https:\/\/secure.gravatar.com\/avatar\/5368fb9d03fd415a6f335cece4c15af2502d6ca8651efbd6e8f98427a9795400?s=96&d=mm&r=g","contentUrl":"https:\/\/secure.gravatar.com\/avatar\/5368fb9d03fd415a6f335cece4c15af2502d6ca8651efbd6e8f98427a9795400?s=96&d=mm&r=g","caption":"n8n"},"url":"https:\/\/www.organisator.ch\/it\/author\/n8n\/"}]}},"_links":{"self":[{"href":"https:\/\/www.organisator.ch\/it\/wp-json\/wp\/v2\/posts\/46241","targetHints":{"allow":["GET"]}}],"collection":[{"href":"https:\/\/www.organisator.ch\/it\/wp-json\/wp\/v2\/posts"}],"about":[{"href":"https:\/\/www.organisator.ch\/it\/wp-json\/wp\/v2\/types\/post"}],"author":[{"embeddable":true,"href":"https:\/\/www.organisator.ch\/it\/wp-json\/wp\/v2\/users\/107"}],"replies":[{"embeddable":true,"href":"https:\/\/www.organisator.ch\/it\/wp-json\/wp\/v2\/comments?post=46241"}],"version-history":[{"count":4,"href":"https:\/\/www.organisator.ch\/it\/wp-json\/wp\/v2\/posts\/46241\/revisions"}],"predecessor-version":[{"id":46361,"href":"https:\/\/www.organisator.ch\/it\/wp-json\/wp\/v2\/posts\/46241\/revisions\/46361"}],"wp:featuredmedia":[{"embeddable":true,"href":"https:\/\/www.organisator.ch\/it\/wp-json\/wp\/v2\/media\/46240"}],"wp:attachment":[{"href":"https:\/\/www.organisator.ch\/it\/wp-json\/wp\/v2\/media?parent=46241"}],"wp:term":[{"taxonomy":"category","embeddable":true,"href":"https:\/\/www.organisator.ch\/it\/wp-json\/wp\/v2\/categories?post=46241"},{"taxonomy":"post_tag","embeddable":true,"href":"https:\/\/www.organisator.ch\/it\/wp-json\/wp\/v2\/tags?post=46241"}],"curies":[{"name":"wp","href":"https:\/\/api.w.org\/{rel}","templated":true}]}}