{"id":46322,"date":"2026-03-19T09:47:56","date_gmt":"2026-03-19T08:47:56","guid":{"rendered":"https:\/\/www.organisator.ch\/de\/?p=46322"},"modified":"2026-03-19T09:47:56","modified_gmt":"2026-03-19T08:47:56","slug":"renggli-mit-neuem-verwaltungsratspraesidium","status":"publish","type":"post","link":"https:\/\/www.organisator.ch\/it\/management\/2026-03-19\/renggli-mit-neuem-verwaltungsratspraesidium\/","title":{"rendered":"Renggli con il nuovo presidente del Consiglio di amministrazione"},"content":{"rendered":"<figure id=\"attachment_46321\" aria-describedby=\"caption-attachment-46321\" style=\"width: 1400px\" class=\"wp-caption alignnone\"><img loading=\"lazy\" decoding=\"async\" class=\"size-full wp-image-46321\" src=\"https:\/\/www.organisator.ch\/wp-content\/uploads\/2026\/03\/Renggli-Verwaltungsr26-03-19_Medien-scaled.jpg\" alt=\"\" width=\"1400\" height=\"843\" srcset=\"https:\/\/www.organisator.ch\/wp-content\/uploads\/2026\/03\/Renggli-Verwaltungsr26-03-19_Medien-scaled.jpg 1400w, https:\/\/www.organisator.ch\/wp-content\/uploads\/2026\/03\/Renggli-Verwaltungsr26-03-19_Medien-680x409.jpg 680w, https:\/\/www.organisator.ch\/wp-content\/uploads\/2026\/03\/Renggli-Verwaltungsr26-03-19_Medien-1024x616.jpg 1024w, https:\/\/www.organisator.ch\/wp-content\/uploads\/2026\/03\/Renggli-Verwaltungsr26-03-19_Medien-768x462.jpg 768w, https:\/\/www.organisator.ch\/wp-content\/uploads\/2026\/03\/Renggli-Verwaltungsr26-03-19_Medien-1536x925.jpg 1536w, https:\/\/www.organisator.ch\/wp-content\/uploads\/2026\/03\/Renggli-Verwaltungsr26-03-19_Medien-2048x1233.jpg 2048w, https:\/\/www.organisator.ch\/wp-content\/uploads\/2026\/03\/Renggli-Verwaltungsr26-03-19_Medien-18x12.jpg 18w, https:\/\/www.organisator.ch\/wp-content\/uploads\/2026\/03\/Renggli-Verwaltungsr26-03-19_Medien-375x226.jpg 375w, https:\/\/www.organisator.ch\/wp-content\/uploads\/2026\/03\/Renggli-Verwaltungsr26-03-19_Medien-581x350.jpg 581w, https:\/\/www.organisator.ch\/wp-content\/uploads\/2026\/03\/Renggli-Verwaltungsr26-03-19_Medien-1000x602.jpg 1000w\" sizes=\"auto, (max-width: 1400px) 100vw, 1400px\" \/><figcaption id=\"caption-attachment-46321\" class=\"wp-caption-text\">Il Consiglio di amministrazione di Renggli AG. Fonte: zvg<\/figcaption><\/figure>\n<p>Il 18 marzo 2026, l'Assemblea generale annuale di Renggli AG ha approvato le modifiche al personale chiave del Consiglio di amministrazione. La riorganizzazione fa parte di una soluzione di successione a lungo termine pianificata per garantire la continuit\u00e0 e l'ulteriore sviluppo dell'azienda di famiglia.<\/p>\n<h3>Bruno Th\u00fcrig assume la presidenza<\/h3>\n<p>Bruno Th\u00fcrig \u00e8 la prima persona esterna alla famiglia ad assumere la carica di Presidente del Consiglio di Amministrazione negli oltre 100 anni di storia della Renggli AG. Il dottore in legge porta con s\u00e9 molti anni di esperienza manageriale come ex direttore generale di una banca cantonale, nonch\u00e9 un'ampia competenza economica. La sua elezione \u00e8 un passo deliberato da parte dell'azienda di costruzioni in legno: la combinazione della cultura familiare imprenditoriale con le competenze esterne dovrebbe continuare lo sviluppo di successo degli ultimi decenni e garantire la competitivit\u00e0 a lungo termine.<\/p>\n<p>\u00abNon vedo l'ora di affrontare questo compito e la fiducia che mi \u00e8 stata accordata. Renggli AG unisce la tradizione alla forza innovativa e si concentra costantemente sull'edilizia sostenibile. Insieme alla famiglia proprietaria e all'intero Consiglio di Amministrazione, vorrei contribuire a sfruttare questa solida base e continuare a sviluppare con successo l'azienda nei prossimi anni\u00bb, afferma Bruno Th\u00fcrig.<\/p>\n<h3>Alain Grossenbacher nuovo membro del Consiglio di amministrazione<\/h3>\n<p>Alain Grossenbacher, proprietario e CEO di Eberli AG e Eberli Bau AG di Sarnen, \u00e8 stato recentemente eletto nel Consiglio di Amministrazione. Dal 2015 dirige il gruppo di aziende e, con il Gruppo Eberli, sta dando forma allo sviluppo edilizio nel cuore della Svizzera con importanti progetti immobiliari. Le sue solide radici nel settore edile e immobiliare e la sua esperienza imprenditoriale nell'intero ciclo di vita degli immobili completano in modo ideale le competenze esistenti nel Consiglio di amministrazione.<\/p>\n<p>Gabriela Devigus Minder, imprenditrice e membro esperto del consiglio di amministrazione, e i tre fratelli proprietari di Renggli AG, David Renggli (CEO), Samuel Renggli (COO) e Micha Renggli (direttore dei lavori e dei progetti), continueranno a far parte del consiglio di amministrazione di Renggli AG.<\/p>\n<h3>Max Renggli lascia l'incarico dopo 35 anni<\/h3>\n<p>Con la riorganizzazione, Max Renggli lascia definitivamente l'azienda. In qualit\u00e0 di rappresentante della quarta generazione, ha guidato la Renggli AG per 35 anni come Presidente del Consiglio di Amministrazione e Amministratore Delegato. Sotto la sua guida, l'azienda si \u00e8 trasformata da una piccola impresa familiare in un fornitore leader di servizi completi nel settore delle costruzioni in legno, grazie a una continua innovazione, a una rigorosa attenzione ai metodi di costruzione rispettosi del clima e a una cultura aziendale costantemente orientata ai valori.<\/p>\n<p>\u00abMi riempie di grande gioia e orgoglio guardare indietro a questo lungo periodo formativo. Renggli AG \u00e8 organizzata in modo eccellente e strategicamente ben posizionata. Con il passaggio di consegne alla prossima generazione e l'elezione di un Consiglio di Amministrazione forte e di ampio respiro, per me \u00e8 il momento giusto per andare in pensione\u00bb, spiega Max Renggli. Egli desidera ringraziare tutti i dipendenti, i clienti e la rete che \u00e8 cresciuta nel corso degli anni.<\/p>\n<p>Anche Franz Hess e Albert Infanger lasciano contemporaneamente il Consiglio di amministrazione. Entrambi hanno fatto parte del Consiglio di amministrazione dal 2003 e sono stati tra i pi\u00f9 importanti collaboratori nello sviluppo strategico dell'azienda.<\/p>\n<h3>Impegno per il buon governo<\/h3>\n<p>Con il nuovo statuto, Renggli AG rafforza la sua buona governance: strutture trasparenti, responsabilit\u00e0 chiare, elevata efficacia e standard etici. La composizione del Consiglio di Amministrazione combina la competenza familiare con l'esperienza esterna: un modello di gestione che unisce stabilit\u00e0 e ulteriore sviluppo per il futuro.<\/p>\n<p><em>Fonte: <a href=\"https:\/\/www.renggli.swiss\" target=\"_blank\" rel=\"noopener\">www.renggli.swiss<\/a><\/em><\/p>","protected":false},"excerpt":{"rendered":"<p>La Renggli AG di Sch\u00f6tz sta riorganizzando il proprio Consiglio di Amministrazione. Bruno Th\u00fcrig diventa il primo Presidente del Consiglio di Amministrazione non familiare ad assumere la direzione della storica azienda di costruzioni in legno. Dopo 35 anni, Max Renggli si ritira completamente dall'azienda.<\/p>","protected":false},"author":107,"featured_media":0,"comment_status":"closed","ping_status":"closed","sticky":false,"template":"","format":"standard","meta":{"_acf_changed":false,"_yoast_wpseo_focuskw":"Renggli Verwaltungsrat","_yoast_wpseo_metadesc":"Bruno Th\u00fcrig \u00fcbernimmt als erster familienexterner Pr\u00e4sident den Verwaltungsrat der Renggli AG. Max Renggli tritt nach 35 Jahren zur\u00fcck.","articlekey":"","footnotes":""},"categories":[28],"tags":[381,492,2471],"class_list":["post-46322","post","type-post","status-publish","format-standard","hentry","category-management","tag-personalia","tag-unternehmen","tag-verwaltungsrat"],"acf":[],"yoast_head":"<!-- This site is optimized with the Yoast SEO plugin v27.4 - https:\/\/yoast.com\/product\/yoast-seo-wordpress\/ -->\n<title>Renggli mit neuem Verwaltungsratspr\u00e4sidium - Organisator<\/title>\n<meta name=\"description\" content=\"Bruno Th\u00fcrig \u00fcbernimmt als erster familienexterner Pr\u00e4sident den Verwaltungsrat der Renggli AG. Max Renggli tritt nach 35 Jahren zur\u00fcck.\" \/>\n<meta name=\"robots\" content=\"index, follow, max-snippet:-1, max-image-preview:large, max-video-preview:-1\" \/>\n<link rel=\"canonical\" href=\"https:\/\/www.organisator.ch\/it\/gestione-2\/2026-03-19\/renggli-mit-neuem-verwaltungsratspraesidium\/\" \/>\n<meta property=\"og:locale\" content=\"it_IT\" \/>\n<meta property=\"og:type\" content=\"article\" \/>\n<meta property=\"og:title\" content=\"Renggli mit neuem Verwaltungsratspr\u00e4sidium\" \/>\n<meta property=\"og:description\" content=\"Bruno Th\u00fcrig \u00fcbernimmt als erster familienexterner Pr\u00e4sident den Verwaltungsrat der Renggli AG. Max Renggli tritt nach 35 Jahren zur\u00fcck.\" \/>\n<meta property=\"og:url\" content=\"https:\/\/www.organisator.ch\/it\/gestione-2\/2026-03-19\/renggli-mit-neuem-verwaltungsratspraesidium\/\" \/>\n<meta property=\"og:site_name\" content=\"Organisator\" \/>\n<meta property=\"article:publisher\" content=\"https:\/\/www.facebook.com\/OrganisatorFachmagazin\" \/>\n<meta property=\"article:published_time\" content=\"2026-03-19T08:47:56+00:00\" \/>\n<meta property=\"og:image\" content=\"https:\/\/www.organisator.ch\/wp-content\/uploads\/2026\/03\/Renggli-Verwaltungsr26-03-19_Medien-scaled.jpg\" \/>\n\t<meta property=\"og:image:width\" content=\"1400\" \/>\n\t<meta property=\"og:image:height\" content=\"843\" \/>\n\t<meta property=\"og:image:type\" content=\"image\/jpeg\" \/>\n<meta name=\"author\" content=\"n8n\" \/>\n<meta name=\"twitter:card\" content=\"summary_large_image\" \/>\n<meta name=\"twitter:title\" content=\"#Renggli mit neuem #Verwaltungsratspr\u00e4sidium\" \/>\n<meta name=\"twitter:description\" content=\"Bruno Th\u00fcrig \u00fcbernimmt als erster familienexterner #Pr\u00e4sident den #Verwaltungsrat der #Renggli AG. Max Renggli tritt nach 35 Jahren zur\u00fcck.\" \/>\n<meta name=\"twitter:image\" content=\"https:\/\/www.organisator.ch\/wp-content\/uploads\/2026\/03\/Renggli-Verwaltungsr26-03-19_Medien-scaled.jpg\" \/>\n<script type=\"application\/ld+json\" class=\"yoast-schema-graph\">{\"@context\":\"https:\\\/\\\/schema.org\",\"@graph\":[{\"@type\":\"Article\",\"@id\":\"https:\\\/\\\/www.organisator.ch\\\/management\\\/2026-03-19\\\/renggli-mit-neuem-verwaltungsratspraesidium\\\/#article\",\"isPartOf\":{\"@id\":\"https:\\\/\\\/www.organisator.ch\\\/management\\\/2026-03-19\\\/renggli-mit-neuem-verwaltungsratspraesidium\\\/\"},\"author\":{\"name\":\"n8n\",\"@id\":\"https:\\\/\\\/www.organisator.ch\\\/#\\\/schema\\\/person\\\/a9d0e0eff238db87a8f840f3b50359f0\"},\"headline\":\"Renggli mit neuem Verwaltungsratspr\u00e4sidium\",\"datePublished\":\"2026-03-19T08:47:56+00:00\",\"mainEntityOfPage\":{\"@id\":\"https:\\\/\\\/www.organisator.ch\\\/management\\\/2026-03-19\\\/renggli-mit-neuem-verwaltungsratspraesidium\\\/\"},\"wordCount\":524,\"publisher\":{\"@id\":\"https:\\\/\\\/www.organisator.ch\\\/#organization\"},\"image\":{\"@id\":\"https:\\\/\\\/www.organisator.ch\\\/management\\\/2026-03-19\\\/renggli-mit-neuem-verwaltungsratspraesidium\\\/#primaryimage\"},\"thumbnailUrl\":\"https:\\\/\\\/www.organisator.ch\\\/wp-content\\\/uploads\\\/2026\\\/03\\\/Renggli-Verwaltungsr26-03-19_Medien-scaled.jpg\",\"keywords\":[\"Personalia\",\"Unternehmen\",\"Verwaltungsrat\"],\"articleSection\":[\"MANAGEMENT\"],\"inLanguage\":\"it-IT\"},{\"@type\":\"WebPage\",\"@id\":\"https:\\\/\\\/www.organisator.ch\\\/management\\\/2026-03-19\\\/renggli-mit-neuem-verwaltungsratspraesidium\\\/\",\"url\":\"https:\\\/\\\/www.organisator.ch\\\/management\\\/2026-03-19\\\/renggli-mit-neuem-verwaltungsratspraesidium\\\/\",\"name\":\"Renggli mit neuem Verwaltungsratspr\u00e4sidium - Organisator\",\"isPartOf\":{\"@id\":\"https:\\\/\\\/www.organisator.ch\\\/#website\"},\"primaryImageOfPage\":{\"@id\":\"https:\\\/\\\/www.organisator.ch\\\/management\\\/2026-03-19\\\/renggli-mit-neuem-verwaltungsratspraesidium\\\/#primaryimage\"},\"image\":{\"@id\":\"https:\\\/\\\/www.organisator.ch\\\/management\\\/2026-03-19\\\/renggli-mit-neuem-verwaltungsratspraesidium\\\/#primaryimage\"},\"thumbnailUrl\":\"https:\\\/\\\/www.organisator.ch\\\/wp-content\\\/uploads\\\/2026\\\/03\\\/Renggli-Verwaltungsr26-03-19_Medien-scaled.jpg\",\"datePublished\":\"2026-03-19T08:47:56+00:00\",\"description\":\"Bruno Th\u00fcrig \u00fcbernimmt als erster familienexterner Pr\u00e4sident den Verwaltungsrat der Renggli AG. Max Renggli tritt nach 35 Jahren zur\u00fcck.\",\"breadcrumb\":{\"@id\":\"https:\\\/\\\/www.organisator.ch\\\/management\\\/2026-03-19\\\/renggli-mit-neuem-verwaltungsratspraesidium\\\/#breadcrumb\"},\"inLanguage\":\"it-IT\",\"potentialAction\":[{\"@type\":\"ReadAction\",\"target\":[\"https:\\\/\\\/www.organisator.ch\\\/management\\\/2026-03-19\\\/renggli-mit-neuem-verwaltungsratspraesidium\\\/\"]}]},{\"@type\":\"ImageObject\",\"inLanguage\":\"it-IT\",\"@id\":\"https:\\\/\\\/www.organisator.ch\\\/management\\\/2026-03-19\\\/renggli-mit-neuem-verwaltungsratspraesidium\\\/#primaryimage\",\"url\":\"https:\\\/\\\/www.organisator.ch\\\/wp-content\\\/uploads\\\/2026\\\/03\\\/Renggli-Verwaltungsr26-03-19_Medien-scaled.jpg\",\"contentUrl\":\"https:\\\/\\\/www.organisator.ch\\\/wp-content\\\/uploads\\\/2026\\\/03\\\/Renggli-Verwaltungsr26-03-19_Medien-scaled.jpg\"},{\"@type\":\"BreadcrumbList\",\"@id\":\"https:\\\/\\\/www.organisator.ch\\\/management\\\/2026-03-19\\\/renggli-mit-neuem-verwaltungsratspraesidium\\\/#breadcrumb\",\"itemListElement\":[{\"@type\":\"ListItem\",\"position\":1,\"name\":\"Home\",\"item\":\"https:\\\/\\\/www.organisator.ch\\\/\"},{\"@type\":\"ListItem\",\"position\":2,\"name\":\"Renggli mit neuem Verwaltungsratspr\u00e4sidium\"}]},{\"@type\":\"WebSite\",\"@id\":\"https:\\\/\\\/www.organisator.ch\\\/#website\",\"url\":\"https:\\\/\\\/www.organisator.ch\\\/\",\"name\":\"Organisator\",\"description\":\"Kompetent. Praxisnah. Der ORGANISATOR bereitet in 10 Ausgaben pro Jahr die wesentlichen Themen f\u00fcr F\u00fchrungskr\u00e4fte von KMU auf.\",\"publisher\":{\"@id\":\"https:\\\/\\\/www.organisator.ch\\\/#organization\"},\"potentialAction\":[{\"@type\":\"SearchAction\",\"target\":{\"@type\":\"EntryPoint\",\"urlTemplate\":\"https:\\\/\\\/www.organisator.ch\\\/?s={search_term_string}\"},\"query-input\":{\"@type\":\"PropertyValueSpecification\",\"valueRequired\":true,\"valueName\":\"search_term_string\"}}],\"inLanguage\":\"it-IT\"},{\"@type\":\"Organization\",\"@id\":\"https:\\\/\\\/www.organisator.ch\\\/#organization\",\"name\":\"Organisator\",\"url\":\"https:\\\/\\\/www.organisator.ch\\\/\",\"logo\":{\"@type\":\"ImageObject\",\"inLanguage\":\"it-IT\",\"@id\":\"https:\\\/\\\/www.organisator.ch\\\/#\\\/schema\\\/logo\\\/image\\\/\",\"url\":\"https:\\\/\\\/www.organisator.ch\\\/wp-content\\\/uploads\\\/2022\\\/01\\\/Logo_Organisator_Website.png\",\"contentUrl\":\"https:\\\/\\\/www.organisator.ch\\\/wp-content\\\/uploads\\\/2022\\\/01\\\/Logo_Organisator_Website.png\",\"width\":800,\"height\":77,\"caption\":\"Organisator\"},\"image\":{\"@id\":\"https:\\\/\\\/www.organisator.ch\\\/#\\\/schema\\\/logo\\\/image\\\/\"},\"sameAs\":[\"https:\\\/\\\/www.facebook.com\\\/OrganisatorFachmagazin\",\"https:\\\/\\\/www.linkedin.com\\\/showcase\\\/organisator-das-magazin-fr-kmu\",\"https:\\\/\\\/www.xing.com\\\/news\\\/pages\\\/organisator-ch-695\",\"https:\\\/\\\/www.youtube.com\\\/channel\\\/UCGP2Sq0iWaZwT3BdIAQFYpw\"]},{\"@type\":\"Person\",\"@id\":\"https:\\\/\\\/www.organisator.ch\\\/#\\\/schema\\\/person\\\/a9d0e0eff238db87a8f840f3b50359f0\",\"name\":\"n8n\",\"image\":{\"@type\":\"ImageObject\",\"inLanguage\":\"it-IT\",\"@id\":\"https:\\\/\\\/secure.gravatar.com\\\/avatar\\\/5368fb9d03fd415a6f335cece4c15af2502d6ca8651efbd6e8f98427a9795400?s=96&d=mm&r=g\",\"url\":\"https:\\\/\\\/secure.gravatar.com\\\/avatar\\\/5368fb9d03fd415a6f335cece4c15af2502d6ca8651efbd6e8f98427a9795400?s=96&d=mm&r=g\",\"contentUrl\":\"https:\\\/\\\/secure.gravatar.com\\\/avatar\\\/5368fb9d03fd415a6f335cece4c15af2502d6ca8651efbd6e8f98427a9795400?s=96&d=mm&r=g\",\"caption\":\"n8n\"},\"url\":\"https:\\\/\\\/www.organisator.ch\\\/it\\\/author\\\/n8n\\\/\"}]}<\/script>\n<!-- \/ Yoast SEO plugin. -->","yoast_head_json":{"title":"Renggli con il nuovo Presidente del Consiglio di Amministrazione - Organizzatore","description":"Bruno Th\u00fcrig diventa il primo presidente non familiare del Consiglio di amministrazione di Renggli AG. Max Renggli lascia l'incarico dopo 35 anni.","robots":{"index":"index","follow":"follow","max-snippet":"max-snippet:-1","max-image-preview":"max-image-preview:large","max-video-preview":"max-video-preview:-1"},"canonical":"https:\/\/www.organisator.ch\/it\/gestione-2\/2026-03-19\/renggli-mit-neuem-verwaltungsratspraesidium\/","og_locale":"it_IT","og_type":"article","og_title":"Renggli mit neuem Verwaltungsratspr\u00e4sidium","og_description":"Bruno Th\u00fcrig \u00fcbernimmt als erster familienexterner Pr\u00e4sident den Verwaltungsrat der Renggli AG. Max Renggli tritt nach 35 Jahren zur\u00fcck.","og_url":"https:\/\/www.organisator.ch\/it\/gestione-2\/2026-03-19\/renggli-mit-neuem-verwaltungsratspraesidium\/","og_site_name":"Organisator","article_publisher":"https:\/\/www.facebook.com\/OrganisatorFachmagazin","article_published_time":"2026-03-19T08:47:56+00:00","og_image":[{"width":1400,"height":843,"url":"https:\/\/www.organisator.ch\/wp-content\/uploads\/2026\/03\/Renggli-Verwaltungsr26-03-19_Medien-scaled.jpg","type":"image\/jpeg"}],"author":"n8n","twitter_card":"summary_large_image","twitter_title":"#Renggli mit neuem #Verwaltungsratspr\u00e4sidium","twitter_description":"Bruno Th\u00fcrig \u00fcbernimmt als erster familienexterner #Pr\u00e4sident den #Verwaltungsrat der #Renggli AG. Max Renggli tritt nach 35 Jahren zur\u00fcck.","twitter_image":"https:\/\/www.organisator.ch\/wp-content\/uploads\/2026\/03\/Renggli-Verwaltungsr26-03-19_Medien-scaled.jpg","schema":{"@context":"https:\/\/schema.org","@graph":[{"@type":"Article","@id":"https:\/\/www.organisator.ch\/management\/2026-03-19\/renggli-mit-neuem-verwaltungsratspraesidium\/#article","isPartOf":{"@id":"https:\/\/www.organisator.ch\/management\/2026-03-19\/renggli-mit-neuem-verwaltungsratspraesidium\/"},"author":{"name":"n8n","@id":"https:\/\/www.organisator.ch\/#\/schema\/person\/a9d0e0eff238db87a8f840f3b50359f0"},"headline":"Renggli mit neuem Verwaltungsratspr\u00e4sidium","datePublished":"2026-03-19T08:47:56+00:00","mainEntityOfPage":{"@id":"https:\/\/www.organisator.ch\/management\/2026-03-19\/renggli-mit-neuem-verwaltungsratspraesidium\/"},"wordCount":524,"publisher":{"@id":"https:\/\/www.organisator.ch\/#organization"},"image":{"@id":"https:\/\/www.organisator.ch\/management\/2026-03-19\/renggli-mit-neuem-verwaltungsratspraesidium\/#primaryimage"},"thumbnailUrl":"https:\/\/www.organisator.ch\/wp-content\/uploads\/2026\/03\/Renggli-Verwaltungsr26-03-19_Medien-scaled.jpg","keywords":["Personalia","Unternehmen","Verwaltungsrat"],"articleSection":["MANAGEMENT"],"inLanguage":"it-IT"},{"@type":"WebPage","@id":"https:\/\/www.organisator.ch\/management\/2026-03-19\/renggli-mit-neuem-verwaltungsratspraesidium\/","url":"https:\/\/www.organisator.ch\/management\/2026-03-19\/renggli-mit-neuem-verwaltungsratspraesidium\/","name":"Renggli con il nuovo Presidente del Consiglio di Amministrazione - Organizzatore","isPartOf":{"@id":"https:\/\/www.organisator.ch\/#website"},"primaryImageOfPage":{"@id":"https:\/\/www.organisator.ch\/management\/2026-03-19\/renggli-mit-neuem-verwaltungsratspraesidium\/#primaryimage"},"image":{"@id":"https:\/\/www.organisator.ch\/management\/2026-03-19\/renggli-mit-neuem-verwaltungsratspraesidium\/#primaryimage"},"thumbnailUrl":"https:\/\/www.organisator.ch\/wp-content\/uploads\/2026\/03\/Renggli-Verwaltungsr26-03-19_Medien-scaled.jpg","datePublished":"2026-03-19T08:47:56+00:00","description":"Bruno Th\u00fcrig diventa il primo presidente non familiare del Consiglio di amministrazione di Renggli AG. Max Renggli lascia l'incarico dopo 35 anni.","breadcrumb":{"@id":"https:\/\/www.organisator.ch\/management\/2026-03-19\/renggli-mit-neuem-verwaltungsratspraesidium\/#breadcrumb"},"inLanguage":"it-IT","potentialAction":[{"@type":"ReadAction","target":["https:\/\/www.organisator.ch\/management\/2026-03-19\/renggli-mit-neuem-verwaltungsratspraesidium\/"]}]},{"@type":"ImageObject","inLanguage":"it-IT","@id":"https:\/\/www.organisator.ch\/management\/2026-03-19\/renggli-mit-neuem-verwaltungsratspraesidium\/#primaryimage","url":"https:\/\/www.organisator.ch\/wp-content\/uploads\/2026\/03\/Renggli-Verwaltungsr26-03-19_Medien-scaled.jpg","contentUrl":"https:\/\/www.organisator.ch\/wp-content\/uploads\/2026\/03\/Renggli-Verwaltungsr26-03-19_Medien-scaled.jpg"},{"@type":"BreadcrumbList","@id":"https:\/\/www.organisator.ch\/management\/2026-03-19\/renggli-mit-neuem-verwaltungsratspraesidium\/#breadcrumb","itemListElement":[{"@type":"ListItem","position":1,"name":"Home","item":"https:\/\/www.organisator.ch\/"},{"@type":"ListItem","position":2,"name":"Renggli mit neuem Verwaltungsratspr\u00e4sidium"}]},{"@type":"WebSite","@id":"https:\/\/www.organisator.ch\/#website","url":"https:\/\/www.organisator.ch\/","name":"Organizzatore","description":"Competente. Pratico. In 10 numeri all'anno, ORGANISATOR presenta i temi essenziali per i manager delle PMI.","publisher":{"@id":"https:\/\/www.organisator.ch\/#organization"},"potentialAction":[{"@type":"SearchAction","target":{"@type":"EntryPoint","urlTemplate":"https:\/\/www.organisator.ch\/?s={search_term_string}"},"query-input":{"@type":"PropertyValueSpecification","valueRequired":true,"valueName":"search_term_string"}}],"inLanguage":"it-IT"},{"@type":"Organization","@id":"https:\/\/www.organisator.ch\/#organization","name":"Organizzatore","url":"https:\/\/www.organisator.ch\/","logo":{"@type":"ImageObject","inLanguage":"it-IT","@id":"https:\/\/www.organisator.ch\/#\/schema\/logo\/image\/","url":"https:\/\/www.organisator.ch\/wp-content\/uploads\/2022\/01\/Logo_Organisator_Website.png","contentUrl":"https:\/\/www.organisator.ch\/wp-content\/uploads\/2022\/01\/Logo_Organisator_Website.png","width":800,"height":77,"caption":"Organisator"},"image":{"@id":"https:\/\/www.organisator.ch\/#\/schema\/logo\/image\/"},"sameAs":["https:\/\/www.facebook.com\/OrganisatorFachmagazin","https:\/\/www.linkedin.com\/showcase\/organisator-das-magazin-fr-kmu","https:\/\/www.xing.com\/news\/pages\/organisator-ch-695","https:\/\/www.youtube.com\/channel\/UCGP2Sq0iWaZwT3BdIAQFYpw"]},{"@type":"Person","@id":"https:\/\/www.organisator.ch\/#\/schema\/person\/a9d0e0eff238db87a8f840f3b50359f0","name":"n8n","image":{"@type":"ImageObject","inLanguage":"it-IT","@id":"https:\/\/secure.gravatar.com\/avatar\/5368fb9d03fd415a6f335cece4c15af2502d6ca8651efbd6e8f98427a9795400?s=96&d=mm&r=g","url":"https:\/\/secure.gravatar.com\/avatar\/5368fb9d03fd415a6f335cece4c15af2502d6ca8651efbd6e8f98427a9795400?s=96&d=mm&r=g","contentUrl":"https:\/\/secure.gravatar.com\/avatar\/5368fb9d03fd415a6f335cece4c15af2502d6ca8651efbd6e8f98427a9795400?s=96&d=mm&r=g","caption":"n8n"},"url":"https:\/\/www.organisator.ch\/it\/author\/n8n\/"}]}},"_links":{"self":[{"href":"https:\/\/www.organisator.ch\/it\/wp-json\/wp\/v2\/posts\/46322","targetHints":{"allow":["GET"]}}],"collection":[{"href":"https:\/\/www.organisator.ch\/it\/wp-json\/wp\/v2\/posts"}],"about":[{"href":"https:\/\/www.organisator.ch\/it\/wp-json\/wp\/v2\/types\/post"}],"author":[{"embeddable":true,"href":"https:\/\/www.organisator.ch\/it\/wp-json\/wp\/v2\/users\/107"}],"replies":[{"embeddable":true,"href":"https:\/\/www.organisator.ch\/it\/wp-json\/wp\/v2\/comments?post=46322"}],"version-history":[{"count":5,"href":"https:\/\/www.organisator.ch\/it\/wp-json\/wp\/v2\/posts\/46322\/revisions"}],"predecessor-version":[{"id":46395,"href":"https:\/\/www.organisator.ch\/it\/wp-json\/wp\/v2\/posts\/46322\/revisions\/46395"}],"wp:attachment":[{"href":"https:\/\/www.organisator.ch\/it\/wp-json\/wp\/v2\/media?parent=46322"}],"wp:term":[{"taxonomy":"category","embeddable":true,"href":"https:\/\/www.organisator.ch\/it\/wp-json\/wp\/v2\/categories?post=46322"},{"taxonomy":"post_tag","embeddable":true,"href":"https:\/\/www.organisator.ch\/it\/wp-json\/wp\/v2\/tags?post=46322"}],"curies":[{"name":"wp","href":"https:\/\/api.w.org\/{rel}","templated":true}]}}