{"id":46386,"date":"2026-03-20T10:19:24","date_gmt":"2026-03-20T09:19:24","guid":{"rendered":"https:\/\/www.organisator.ch\/?p=46386"},"modified":"2026-04-28T15:31:28","modified_gmt":"2026-04-28T13:31:28","slug":"kmu-swiss-symposium-in-baden-signale-der-industriellen-revolution","status":"publish","type":"post","link":"https:\/\/www.organisator.ch\/it\/management\/2026-03-20\/kmu-swiss-symposium-in-baden-signale-der-industriellen-revolution\/","title":{"rendered":"Simposio svizzero KMU a Baden: Segnali della rivoluzione industriale"},"content":{"rendered":"<figure id=\"attachment_46387\" aria-describedby=\"caption-attachment-46387\" style=\"width: 680px\" class=\"wp-caption alignnone\"><img loading=\"lazy\" decoding=\"async\" class=\"wp-image-46387 size-full\" src=\"https:\/\/www.organisator.ch\/wp-content\/uploads\/2026\/03\/KMU-Swiss-Symposium-in-Baden-Signale-der-Industriellen-Revolution-1_Organisator.jpg\" alt=\"\" width=\"680\" height=\"452\" srcset=\"https:\/\/www.organisator.ch\/wp-content\/uploads\/2026\/03\/KMU-Swiss-Symposium-in-Baden-Signale-der-Industriellen-Revolution-1_Organisator.jpg 680w, https:\/\/www.organisator.ch\/wp-content\/uploads\/2026\/03\/KMU-Swiss-Symposium-in-Baden-Signale-der-Industriellen-Revolution-1_Organisator-18x12.jpg 18w, https:\/\/www.organisator.ch\/wp-content\/uploads\/2026\/03\/KMU-Swiss-Symposium-in-Baden-Signale-der-Industriellen-Revolution-1_Organisator-375x249.jpg 375w, https:\/\/www.organisator.ch\/wp-content\/uploads\/2026\/03\/KMU-Swiss-Symposium-in-Baden-Signale-der-Industriellen-Revolution-1_Organisator-527x350.jpg 527w\" sizes=\"auto, (max-width: 680px) 100vw, 680px\" \/><figcaption id=\"caption-attachment-46387\" class=\"wp-caption-text\">Tocchi internazionali al simposio svizzero della KMU: il dottor Steve S.W. Wang, delegato di Taiwan in Svizzera (a sinistra), e Raymond Albert H. Batac, rappresentante dell'OMC delle Filippine in Svizzera (a destra), in conversazione con il moderatore Hugo Bigi. (Foto: Thomas Berner)<\/figcaption><\/figure>\n<p>A prima vista, il tema della conferenza non sembra particolarmente attuale. Tuttavia, si \u00e8 concentrata sulla questione di come si possano rivoluzionare i mercati in modo mirato e di come si possano ottenere vantaggi competitivi sostenibili, una questione che le aziende devono affrontare continuamente. \u00abSe siete in ritardo, avrete il vostro momento Nokia\u00bb, ha detto il moderatore Hugo Bigi nella sua introduzione al tema.<\/p>\n<h3>Leggere correttamente i segnali<\/h3>\n<p>Il primo oratore del pomeriggio \u00e8 stato Michael B\u00f6ni, pioniere della digitalizzazione, fondatore di Boeni Industries e autore del libro \u00abSignals of Change: Decoding Tomorrow\u00bb. B\u00f6ni ha mostrato lo schema secondo il quale avvengono di solito i nuovi sviluppi: Da una goccia, cio\u00e8 da un segnale iniziale, emerge un'onda che alla fine pu\u00f2 trasformarsi in uno tsunami. Questo \u00e8 anche ci\u00f2 che \u00e8 accaduto con l'IA generativa: dalle prime menzioni alla svolta con GPT-3, DALL-E ecc. fino all'attuale penetrazione nel mondo del lavoro con agenti di IA e al rapido aumento del numero di utenti. Riconoscere i primi segnali ed essere in grado di leggerli correttamente \u00e8 un prerequisito per un successo sostenibile, ha riassunto B\u00f6ni. Tuttavia, ha anche sottolineato che l'hype non deve essere confuso con un segnale. Piuttosto, c'\u00e8 il rischio che i segnali deboli vengano trascurati perch\u00e9 non si adattano al modello di business. Come consiglio, ha suggerito agli imprenditori di effettuare ogni giorno una breve \u00abscansione dei segnali\u00bb, di portare nei team prospettive diverse e di identificare consapevolmente un segnale debole una volta al trimestre e sottoporlo a un esame pi\u00f9 attento. \u00abI segnali fanno guadagnare tempo per generare innovazione\u00bb, afferma B\u00f6ni. E: \u00abIl futuro appartiene a chi lo vede arrivare\u00bb.\u00bb<\/p>\n<p><img loading=\"lazy\" decoding=\"async\" class=\"alignnone size-full wp-image-46388\" src=\"https:\/\/www.organisator.ch\/wp-content\/uploads\/2026\/03\/KMU-Swiss-Symposium-in-Baden-Signale-der-Industriellen-Revolution-2_Organisator.jpg\" alt=\"Aude Pugin ha mostrato il contributo dell&#039;industria svizzera ai viaggi spaziali. (Immagine: Thomas Berner)\" width=\"680\" height=\"461\" srcset=\"https:\/\/www.organisator.ch\/wp-content\/uploads\/2026\/03\/KMU-Swiss-Symposium-in-Baden-Signale-der-Industriellen-Revolution-2_Organisator.jpg 680w, https:\/\/www.organisator.ch\/wp-content\/uploads\/2026\/03\/KMU-Swiss-Symposium-in-Baden-Signale-der-Industriellen-Revolution-2_Organisator-18x12.jpg 18w, https:\/\/www.organisator.ch\/wp-content\/uploads\/2026\/03\/KMU-Swiss-Symposium-in-Baden-Signale-der-Industriellen-Revolution-2_Organisator-375x254.jpg 375w, https:\/\/www.organisator.ch\/wp-content\/uploads\/2026\/03\/KMU-Swiss-Symposium-in-Baden-Signale-der-Industriellen-Revolution-2_Organisator-516x350.jpg 516w\" sizes=\"auto, (max-width: 680px) 100vw, 680px\" \/><\/p>\n<p>Una parte di questo futuro si trova al di l\u00e0 della nostra terra, cio\u00e8 nello spazio. Lo spazio sta diventando sempre pi\u00f9 parte della nostra infrastruttura - navigazione, osservazione e comunicazione sono parole chiave importanti - e sta quindi diventando un fattore economico. Nella sua presentazione, Aude Pugin, CEO di APCO Technologies di Aigle, ha sottolineato il ruolo - sottovalutato - che le aziende e la ricerca svizzere stanno gi\u00e0 svolgendo in questo ambito. La sua azienda produce parti per il lanciatore Ariane 6 ed \u00e8 coinvolta nello sviluppo di satelliti. L'azienda occupa inoltre una posizione di primo piano nella costruzione di centrali elettriche - APCO ha partecipato in modo significativo alla costruzione di 49 delle 56 centrali nucleari in Francia - e nella costruzione di navi. Soprattutto nel contesto dei viaggi spaziali, l'azienda \u00e8 un esempio di come l'industria svizzera possa continuare a partecipare a progetti rivoluzionari. La cooperazione transfrontaliera \u00e8 un fattore decisivo.<\/p>\n<h3>L'umorismo e l'attrattiva dei mercati del sud-est asiatico<\/h3>\n<p>Nonostante la difficile situazione mondiale, l'umorismo non deve essere trascurato. Questo \u00e8 stato l'argomento trattato da Rob Spence. Lo stand-up comedian australiano-svizzero e humour coach ha dimostrato che abbiamo bisogno dell'umorismo pi\u00f9 che mai. Con battute di routine, ha spiegato quanto sia importante ridere per noi esseri umani. Da bambini ridiamo di pi\u00f9. Tuttavia, l'umorismo e la capacit\u00e0 di essere creativi vengono \u00aballenati\u00bb attraverso la scuola e il lavoro. Da bambini ridiamo diverse centinaia di volte al giorno, da adulti solo otto-dieci volte, e le donne ridono ancora pi\u00f9 spesso degli uomini. Tuttavia, l'effetto positivo dell'umorismo sulla salute mentale \u00e8 stato scientificamente dimostrato. Un motivo sufficiente per celebrare l'umorismo anche sul posto di lavoro. Secondo Rob Spence, anche la risata artificiale \u00e8 efficace.<\/p>\n<figure id=\"attachment_46389\" aria-describedby=\"caption-attachment-46389\" style=\"width: 680px\" class=\"wp-caption alignnone\"><img loading=\"lazy\" decoding=\"async\" class=\"size-full wp-image-46389\" src=\"https:\/\/www.organisator.ch\/wp-content\/uploads\/2026\/03\/KMU-Swiss-Symposium-in-Baden-Signale-der-Industriellen-Revolution-3_Organisator.jpg\" alt=\"\" width=\"680\" height=\"438\" srcset=\"https:\/\/www.organisator.ch\/wp-content\/uploads\/2026\/03\/KMU-Swiss-Symposium-in-Baden-Signale-der-Industriellen-Revolution-3_Organisator.jpg 680w, https:\/\/www.organisator.ch\/wp-content\/uploads\/2026\/03\/KMU-Swiss-Symposium-in-Baden-Signale-der-Industriellen-Revolution-3_Organisator-18x12.jpg 18w, https:\/\/www.organisator.ch\/wp-content\/uploads\/2026\/03\/KMU-Swiss-Symposium-in-Baden-Signale-der-Industriellen-Revolution-3_Organisator-375x242.jpg 375w, https:\/\/www.organisator.ch\/wp-content\/uploads\/2026\/03\/KMU-Swiss-Symposium-in-Baden-Signale-der-Industriellen-Revolution-3_Organisator-543x350.jpg 543w\" sizes=\"auto, (max-width: 680px) 100vw, 680px\" \/><figcaption id=\"caption-attachment-46389\" class=\"wp-caption-text\">Rob Spence, stand-up comedian e humour coach. (Immagine: Thomas Berner)<\/figcaption><\/figure>\n<p>La successiva tavola rotonda con il Dr. Steve S.W. Wang, Delegato di Taiwan in Svizzera, e Raymond Albert H. Batac, Rappresentante dell'OMC delle Filippine in Svizzera, \u00e8 tornata sulla questione di come le aziende possano entrare in modo mirato in nuovi mercati. Entrambi hanno illustrato le opportunit\u00e0 per le aziende svizzere di diventare economicamente attive nei loro Paesi. In questo contesto, entrambi hanno sottolineato che i Paesi del Sud-Est asiatico possono rappresentare una valida alternativa alla Cina e non sono solo destinazioni turistiche. Taiwan \u00e8 particolarmente attraente per i settori orientati alla tecnologia, anche come mercato di prova per diventare poi attivi nella Cina continentale. Le Filippine, invece, presentano vantaggi culturali, come l'uso diffuso della lingua inglese. Entrambi i Paesi sono aperti a tutti i settori. Esistono restrizioni solo per il settore finanziario e assicurativo, che a Taiwan, ad esempio, \u00e8 fortemente regolamentato, come ha spiegato Steven Wang. Entrambi gli interlocutori hanno inoltre sottolineato l'importanza di lavorare con partner locali. La costruzione di un rapporto di fiducia \u00e8 la base per un business di successo. \u00c8 fondamentale anche un orizzonte di pianificazione a lungo termine.<\/p>\n<h3>Premio PMI Svizzera come degna conclusione<\/h3>\n<p>L'evento finale \u00e8 stata la presentazione del Premio PMI SWISS. Dopo un processo di valutazione in pi\u00f9 fasi, il vincitore \u00e8 stato selezionato tra diverse candidature con <a href=\"https:\/\/www.organisator.ch\/de\/management\/2026-03-02\/emch-aufzuege-erfolgreiche-nischenstrategie\/\">EMCH Aufz\u00fcge AG di Berna<\/a> Il premio premia un'azienda che dimostra in modo impressionante, con coraggio, perseveranza e responsabilit\u00e0, come si possa costruire e garantire un successo sostenibile per anni e generazioni. In particolare, il premio ha riconosciuto il contributo dell'azienda al mantenimento della Svizzera come sede commerciale - gli ascensori sono prodotti interamente in Svizzera - e il suo impegno nella responsabilit\u00e0 sociale. Ad esempio, EMCH Aufz\u00fcge contribuisce al reinserimento dei disoccupati di lunga durata nel mercato del lavoro.<\/p>\n<figure id=\"attachment_46390\" aria-describedby=\"caption-attachment-46390\" style=\"width: 680px\" class=\"wp-caption alignnone\"><img loading=\"lazy\" decoding=\"async\" class=\"size-full wp-image-46390\" src=\"https:\/\/www.organisator.ch\/wp-content\/uploads\/2026\/03\/KMU-Swiss-Symposium-in-Baden-Signale-der-Industriellen-Revolution-4_Organisator.jpg\" alt=\"\" width=\"680\" height=\"452\" srcset=\"https:\/\/www.organisator.ch\/wp-content\/uploads\/2026\/03\/KMU-Swiss-Symposium-in-Baden-Signale-der-Industriellen-Revolution-4_Organisator.jpg 680w, https:\/\/www.organisator.ch\/wp-content\/uploads\/2026\/03\/KMU-Swiss-Symposium-in-Baden-Signale-der-Industriellen-Revolution-4_Organisator-18x12.jpg 18w, https:\/\/www.organisator.ch\/wp-content\/uploads\/2026\/03\/KMU-Swiss-Symposium-in-Baden-Signale-der-Industriellen-Revolution-4_Organisator-375x249.jpg 375w, https:\/\/www.organisator.ch\/wp-content\/uploads\/2026\/03\/KMU-Swiss-Symposium-in-Baden-Signale-der-Industriellen-Revolution-4_Organisator-527x350.jpg 527w\" sizes=\"auto, (max-width: 680px) 100vw, 680px\" \/><figcaption id=\"caption-attachment-46390\" class=\"wp-caption-text\">Il membro della giuria Markus Kramer premia i vincitori del KMU Swiss Award Bernhard e Hansj\u00fcrg Emch (da sinistra a destra) di EMCH Aufz\u00fcge AG. (Foto: Thomas Berner)<\/figcaption><\/figure>\n<p>Il prossimo Simposio svizzero KMU si terr\u00e0 il 15 ottobre 2026 a Brugg. Il tema sar\u00e0: \u00abPensare ancora pi\u00f9 in grande\u00bb.<\/p>\n<p><em>Ulteriori informazioni: <a href=\"http:\/\/www.kmuswiss.ch\">www.kmuswiss.ch<\/a><\/em><\/p>","protected":false},"excerpt":{"rendered":"<p>Il 19 marzo 2026, numerosi imprenditori si sono riuniti per una nuova edizione del KMU Swiss Symposium. Il tema di questa volta era \u00abRivoluzione industriale 2026\u00bb. <\/p>","protected":false},"author":4,"featured_media":46387,"comment_status":"closed","ping_status":"closed","sticky":false,"template":"","format":"standard","meta":{"_acf_changed":false,"_yoast_wpseo_focuskw":"Signale","_yoast_wpseo_metadesc":"Das KMU Swiss Symposium vom 19. M\u00e4rz 2026 in Baden stand im Zeichen der Industriellen Revolution 2026 und deren Signale.","articlekey":"","footnotes":""},"categories":[28],"tags":[66,4467,492,503],"class_list":["post-46386","post","type-post","status-publish","format-standard","has-post-thumbnail","hentry","category-management","tag-awards","tag-kmu-swiss-symposium","tag-unternehmen","tag-verbaende"],"acf":[],"yoast_head":"<!-- This site is optimized with the Yoast SEO plugin v27.5 - https:\/\/yoast.com\/product\/yoast-seo-wordpress\/ -->\n<title>KMU Swiss Symposium in Baden: Signale der Industriellen Revolution - Organisator<\/title>\n<meta name=\"description\" content=\"Das KMU Swiss Symposium vom 19. M\u00e4rz 2026 in Baden stand im Zeichen der Industriellen Revolution 2026 und deren Signale.\" \/>\n<meta name=\"robots\" content=\"index, follow, max-snippet:-1, max-image-preview:large, max-video-preview:-1\" \/>\n<link rel=\"canonical\" href=\"https:\/\/www.organisator.ch\/it\/gestione-2\/2026-03-20\/kmu-swiss-symposium-in-baden-signale-der-industriellen-revolution\/\" \/>\n<meta property=\"og:locale\" content=\"it_IT\" \/>\n<meta property=\"og:type\" content=\"article\" \/>\n<meta property=\"og:title\" content=\"KMU Swiss Symposium in Baden: Signale der Industriellen Revolution\" \/>\n<meta property=\"og:description\" content=\"Das KMU Swiss Symposium vom 19. M\u00e4rz 2026 in Baden stand im Zeichen der Industriellen Revolution 2026 und deren Signale.\" \/>\n<meta property=\"og:url\" content=\"https:\/\/www.organisator.ch\/it\/gestione-2\/2026-03-20\/kmu-swiss-symposium-in-baden-signale-der-industriellen-revolution\/\" \/>\n<meta property=\"og:site_name\" content=\"Organisator\" \/>\n<meta property=\"article:publisher\" content=\"https:\/\/www.facebook.com\/OrganisatorFachmagazin\" \/>\n<meta property=\"article:published_time\" content=\"2026-03-20T09:19:24+00:00\" \/>\n<meta property=\"article:modified_time\" content=\"2026-04-28T13:31:28+00:00\" \/>\n<meta property=\"og:image\" content=\"https:\/\/www.organisator.ch\/wp-content\/uploads\/2026\/03\/KMU-Swiss-Symposium-in-Baden-Signale-der-Industriellen-Revolution-1_Organisator.jpg\" \/>\n\t<meta property=\"og:image:width\" content=\"680\" \/>\n\t<meta property=\"og:image:height\" content=\"452\" \/>\n\t<meta property=\"og:image:type\" content=\"image\/jpeg\" \/>\n<meta name=\"author\" content=\"thomas.berner\" \/>\n<meta name=\"twitter:card\" content=\"summary_large_image\" \/>\n<meta name=\"twitter:title\" content=\"KMU Swiss #Symposium in Baden: Signale der Industriellen Revolution\" \/>\n<meta name=\"twitter:description\" content=\"Das #KMU Swiss Symposium vom 19. M\u00e4rz 2026 in Baden stand im Zeichen der Industriellen #Revolution 2026 und deren Signale.\" \/>\n<meta name=\"twitter:image\" content=\"https:\/\/www.organisator.ch\/wp-content\/uploads\/2026\/03\/KMU-Swiss-Symposium-in-Baden-Signale-der-Industriellen-Revolution-1_Organisator.jpg\" \/>\n<script type=\"application\/ld+json\" class=\"yoast-schema-graph\">{\"@context\":\"https:\\\/\\\/schema.org\",\"@graph\":[{\"@type\":\"Article\",\"@id\":\"https:\\\/\\\/www.organisator.ch\\\/management\\\/2026-03-20\\\/kmu-swiss-symposium-in-baden-signale-der-industriellen-revolution\\\/#article\",\"isPartOf\":{\"@id\":\"https:\\\/\\\/www.organisator.ch\\\/management\\\/2026-03-20\\\/kmu-swiss-symposium-in-baden-signale-der-industriellen-revolution\\\/\"},\"author\":{\"name\":\"thomas.berner\",\"@id\":\"https:\\\/\\\/www.organisator.ch\\\/#\\\/schema\\\/person\\\/6f650f90b2842cd4c0cc334b4e36f67e\"},\"headline\":\"KMU Swiss Symposium in Baden: Signale der Industriellen Revolution\",\"datePublished\":\"2026-03-20T09:19:24+00:00\",\"dateModified\":\"2026-04-28T13:31:28+00:00\",\"mainEntityOfPage\":{\"@id\":\"https:\\\/\\\/www.organisator.ch\\\/management\\\/2026-03-20\\\/kmu-swiss-symposium-in-baden-signale-der-industriellen-revolution\\\/\"},\"wordCount\":972,\"publisher\":{\"@id\":\"https:\\\/\\\/www.organisator.ch\\\/#organization\"},\"image\":{\"@id\":\"https:\\\/\\\/www.organisator.ch\\\/management\\\/2026-03-20\\\/kmu-swiss-symposium-in-baden-signale-der-industriellen-revolution\\\/#primaryimage\"},\"thumbnailUrl\":\"https:\\\/\\\/www.organisator.ch\\\/wp-content\\\/uploads\\\/2026\\\/03\\\/KMU-Swiss-Symposium-in-Baden-Signale-der-Industriellen-Revolution-1_Organisator.jpg\",\"keywords\":[\"Awards\",\"KMU Swiss Symposium\",\"Unternehmen\",\"Verb\u00e4nde\"],\"articleSection\":[\"MANAGEMENT\"],\"inLanguage\":\"it-IT\"},{\"@type\":\"WebPage\",\"@id\":\"https:\\\/\\\/www.organisator.ch\\\/management\\\/2026-03-20\\\/kmu-swiss-symposium-in-baden-signale-der-industriellen-revolution\\\/\",\"url\":\"https:\\\/\\\/www.organisator.ch\\\/management\\\/2026-03-20\\\/kmu-swiss-symposium-in-baden-signale-der-industriellen-revolution\\\/\",\"name\":\"KMU Swiss Symposium in Baden: Signale der Industriellen Revolution - Organisator\",\"isPartOf\":{\"@id\":\"https:\\\/\\\/www.organisator.ch\\\/#website\"},\"primaryImageOfPage\":{\"@id\":\"https:\\\/\\\/www.organisator.ch\\\/management\\\/2026-03-20\\\/kmu-swiss-symposium-in-baden-signale-der-industriellen-revolution\\\/#primaryimage\"},\"image\":{\"@id\":\"https:\\\/\\\/www.organisator.ch\\\/management\\\/2026-03-20\\\/kmu-swiss-symposium-in-baden-signale-der-industriellen-revolution\\\/#primaryimage\"},\"thumbnailUrl\":\"https:\\\/\\\/www.organisator.ch\\\/wp-content\\\/uploads\\\/2026\\\/03\\\/KMU-Swiss-Symposium-in-Baden-Signale-der-Industriellen-Revolution-1_Organisator.jpg\",\"datePublished\":\"2026-03-20T09:19:24+00:00\",\"dateModified\":\"2026-04-28T13:31:28+00:00\",\"description\":\"Das KMU Swiss Symposium vom 19. M\u00e4rz 2026 in Baden stand im Zeichen der Industriellen Revolution 2026 und deren Signale.\",\"breadcrumb\":{\"@id\":\"https:\\\/\\\/www.organisator.ch\\\/management\\\/2026-03-20\\\/kmu-swiss-symposium-in-baden-signale-der-industriellen-revolution\\\/#breadcrumb\"},\"inLanguage\":\"it-IT\",\"potentialAction\":[{\"@type\":\"ReadAction\",\"target\":[\"https:\\\/\\\/www.organisator.ch\\\/management\\\/2026-03-20\\\/kmu-swiss-symposium-in-baden-signale-der-industriellen-revolution\\\/\"]}]},{\"@type\":\"ImageObject\",\"inLanguage\":\"it-IT\",\"@id\":\"https:\\\/\\\/www.organisator.ch\\\/management\\\/2026-03-20\\\/kmu-swiss-symposium-in-baden-signale-der-industriellen-revolution\\\/#primaryimage\",\"url\":\"https:\\\/\\\/www.organisator.ch\\\/wp-content\\\/uploads\\\/2026\\\/03\\\/KMU-Swiss-Symposium-in-Baden-Signale-der-Industriellen-Revolution-1_Organisator.jpg\",\"contentUrl\":\"https:\\\/\\\/www.organisator.ch\\\/wp-content\\\/uploads\\\/2026\\\/03\\\/KMU-Swiss-Symposium-in-Baden-Signale-der-Industriellen-Revolution-1_Organisator.jpg\",\"width\":680,\"height\":452,\"caption\":\"Internationaler Touch am KMU Swiss Symposium: Dr. Steve S.W. Wang, Delegierter von Taiwan in der Schweiz, und Raymond Albert H. Batac, WTO-Vetreter der Philippinen im Gespr\u00e4ch mit Moderator Hugo Bigi. (Bild: Thomas Berner)\"},{\"@type\":\"BreadcrumbList\",\"@id\":\"https:\\\/\\\/www.organisator.ch\\\/management\\\/2026-03-20\\\/kmu-swiss-symposium-in-baden-signale-der-industriellen-revolution\\\/#breadcrumb\",\"itemListElement\":[{\"@type\":\"ListItem\",\"position\":1,\"name\":\"Home\",\"item\":\"https:\\\/\\\/www.organisator.ch\\\/\"},{\"@type\":\"ListItem\",\"position\":2,\"name\":\"KMU Swiss Symposium in Baden: Signale der Industriellen Revolution\"}]},{\"@type\":\"WebSite\",\"@id\":\"https:\\\/\\\/www.organisator.ch\\\/#website\",\"url\":\"https:\\\/\\\/www.organisator.ch\\\/\",\"name\":\"Organisator\",\"description\":\"Kompetent. Praxisnah. Der ORGANISATOR bereitet in 10 Ausgaben pro Jahr die wesentlichen Themen f\u00fcr F\u00fchrungskr\u00e4fte von KMU auf.\",\"publisher\":{\"@id\":\"https:\\\/\\\/www.organisator.ch\\\/#organization\"},\"potentialAction\":[{\"@type\":\"SearchAction\",\"target\":{\"@type\":\"EntryPoint\",\"urlTemplate\":\"https:\\\/\\\/www.organisator.ch\\\/?s={search_term_string}\"},\"query-input\":{\"@type\":\"PropertyValueSpecification\",\"valueRequired\":true,\"valueName\":\"search_term_string\"}}],\"inLanguage\":\"it-IT\"},{\"@type\":\"Organization\",\"@id\":\"https:\\\/\\\/www.organisator.ch\\\/#organization\",\"name\":\"Organisator\",\"url\":\"https:\\\/\\\/www.organisator.ch\\\/\",\"logo\":{\"@type\":\"ImageObject\",\"inLanguage\":\"it-IT\",\"@id\":\"https:\\\/\\\/www.organisator.ch\\\/#\\\/schema\\\/logo\\\/image\\\/\",\"url\":\"https:\\\/\\\/www.organisator.ch\\\/wp-content\\\/uploads\\\/2022\\\/01\\\/Logo_Organisator_Website.png\",\"contentUrl\":\"https:\\\/\\\/www.organisator.ch\\\/wp-content\\\/uploads\\\/2022\\\/01\\\/Logo_Organisator_Website.png\",\"width\":800,\"height\":77,\"caption\":\"Organisator\"},\"image\":{\"@id\":\"https:\\\/\\\/www.organisator.ch\\\/#\\\/schema\\\/logo\\\/image\\\/\"},\"sameAs\":[\"https:\\\/\\\/www.facebook.com\\\/OrganisatorFachmagazin\",\"https:\\\/\\\/www.linkedin.com\\\/showcase\\\/organisator-das-magazin-fr-kmu\",\"https:\\\/\\\/www.xing.com\\\/news\\\/pages\\\/organisator-ch-695\",\"https:\\\/\\\/www.youtube.com\\\/channel\\\/UCGP2Sq0iWaZwT3BdIAQFYpw\"]},{\"@type\":\"Person\",\"@id\":\"https:\\\/\\\/www.organisator.ch\\\/#\\\/schema\\\/person\\\/6f650f90b2842cd4c0cc334b4e36f67e\",\"name\":\"thomas.berner\",\"image\":{\"@type\":\"ImageObject\",\"inLanguage\":\"it-IT\",\"@id\":\"https:\\\/\\\/secure.gravatar.com\\\/avatar\\\/ac5001d2a36cb6c6cd3e50789007ffca834b477b74a2144564522e944eabff61?s=96&d=mm&r=g\",\"url\":\"https:\\\/\\\/secure.gravatar.com\\\/avatar\\\/ac5001d2a36cb6c6cd3e50789007ffca834b477b74a2144564522e944eabff61?s=96&d=mm&r=g\",\"contentUrl\":\"https:\\\/\\\/secure.gravatar.com\\\/avatar\\\/ac5001d2a36cb6c6cd3e50789007ffca834b477b74a2144564522e944eabff61?s=96&d=mm&r=g\",\"caption\":\"thomas.berner\"},\"url\":\"https:\\\/\\\/www.organisator.ch\\\/it\\\/author\\\/thomas-berner\\\/\"}]}<\/script>\n<!-- \/ Yoast SEO plugin. -->","yoast_head_json":{"title":"Simposio svizzero KMU a Baden: Segnali della rivoluzione industriale - Organizzatore","description":"Il simposio svizzero KMU del 19 marzo 2026 a Baden si \u00e8 concentrato sulla rivoluzione industriale 2026 e sui suoi segnali.","robots":{"index":"index","follow":"follow","max-snippet":"max-snippet:-1","max-image-preview":"max-image-preview:large","max-video-preview":"max-video-preview:-1"},"canonical":"https:\/\/www.organisator.ch\/it\/gestione-2\/2026-03-20\/kmu-swiss-symposium-in-baden-signale-der-industriellen-revolution\/","og_locale":"it_IT","og_type":"article","og_title":"KMU Swiss Symposium in Baden: Signale der Industriellen Revolution","og_description":"Das KMU Swiss Symposium vom 19. M\u00e4rz 2026 in Baden stand im Zeichen der Industriellen Revolution 2026 und deren Signale.","og_url":"https:\/\/www.organisator.ch\/it\/gestione-2\/2026-03-20\/kmu-swiss-symposium-in-baden-signale-der-industriellen-revolution\/","og_site_name":"Organisator","article_publisher":"https:\/\/www.facebook.com\/OrganisatorFachmagazin","article_published_time":"2026-03-20T09:19:24+00:00","article_modified_time":"2026-04-28T13:31:28+00:00","og_image":[{"width":680,"height":452,"url":"https:\/\/www.organisator.ch\/wp-content\/uploads\/2026\/03\/KMU-Swiss-Symposium-in-Baden-Signale-der-Industriellen-Revolution-1_Organisator.jpg","type":"image\/jpeg"}],"author":"thomas.berner","twitter_card":"summary_large_image","twitter_title":"KMU Swiss #Symposium in Baden: Signale der Industriellen Revolution","twitter_description":"Das #KMU Swiss Symposium vom 19. M\u00e4rz 2026 in Baden stand im Zeichen der Industriellen #Revolution 2026 und deren Signale.","twitter_image":"https:\/\/www.organisator.ch\/wp-content\/uploads\/2026\/03\/KMU-Swiss-Symposium-in-Baden-Signale-der-Industriellen-Revolution-1_Organisator.jpg","schema":{"@context":"https:\/\/schema.org","@graph":[{"@type":"Article","@id":"https:\/\/www.organisator.ch\/management\/2026-03-20\/kmu-swiss-symposium-in-baden-signale-der-industriellen-revolution\/#article","isPartOf":{"@id":"https:\/\/www.organisator.ch\/management\/2026-03-20\/kmu-swiss-symposium-in-baden-signale-der-industriellen-revolution\/"},"author":{"name":"thomas.berner","@id":"https:\/\/www.organisator.ch\/#\/schema\/person\/6f650f90b2842cd4c0cc334b4e36f67e"},"headline":"KMU Swiss Symposium in Baden: Signale der Industriellen Revolution","datePublished":"2026-03-20T09:19:24+00:00","dateModified":"2026-04-28T13:31:28+00:00","mainEntityOfPage":{"@id":"https:\/\/www.organisator.ch\/management\/2026-03-20\/kmu-swiss-symposium-in-baden-signale-der-industriellen-revolution\/"},"wordCount":972,"publisher":{"@id":"https:\/\/www.organisator.ch\/#organization"},"image":{"@id":"https:\/\/www.organisator.ch\/management\/2026-03-20\/kmu-swiss-symposium-in-baden-signale-der-industriellen-revolution\/#primaryimage"},"thumbnailUrl":"https:\/\/www.organisator.ch\/wp-content\/uploads\/2026\/03\/KMU-Swiss-Symposium-in-Baden-Signale-der-Industriellen-Revolution-1_Organisator.jpg","keywords":["Awards","KMU Swiss Symposium","Unternehmen","Verb\u00e4nde"],"articleSection":["MANAGEMENT"],"inLanguage":"it-IT"},{"@type":"WebPage","@id":"https:\/\/www.organisator.ch\/management\/2026-03-20\/kmu-swiss-symposium-in-baden-signale-der-industriellen-revolution\/","url":"https:\/\/www.organisator.ch\/management\/2026-03-20\/kmu-swiss-symposium-in-baden-signale-der-industriellen-revolution\/","name":"Simposio svizzero KMU a Baden: Segnali della rivoluzione industriale - Organizzatore","isPartOf":{"@id":"https:\/\/www.organisator.ch\/#website"},"primaryImageOfPage":{"@id":"https:\/\/www.organisator.ch\/management\/2026-03-20\/kmu-swiss-symposium-in-baden-signale-der-industriellen-revolution\/#primaryimage"},"image":{"@id":"https:\/\/www.organisator.ch\/management\/2026-03-20\/kmu-swiss-symposium-in-baden-signale-der-industriellen-revolution\/#primaryimage"},"thumbnailUrl":"https:\/\/www.organisator.ch\/wp-content\/uploads\/2026\/03\/KMU-Swiss-Symposium-in-Baden-Signale-der-Industriellen-Revolution-1_Organisator.jpg","datePublished":"2026-03-20T09:19:24+00:00","dateModified":"2026-04-28T13:31:28+00:00","description":"Il simposio svizzero KMU del 19 marzo 2026 a Baden si \u00e8 concentrato sulla rivoluzione industriale 2026 e sui suoi segnali.","breadcrumb":{"@id":"https:\/\/www.organisator.ch\/management\/2026-03-20\/kmu-swiss-symposium-in-baden-signale-der-industriellen-revolution\/#breadcrumb"},"inLanguage":"it-IT","potentialAction":[{"@type":"ReadAction","target":["https:\/\/www.organisator.ch\/management\/2026-03-20\/kmu-swiss-symposium-in-baden-signale-der-industriellen-revolution\/"]}]},{"@type":"ImageObject","inLanguage":"it-IT","@id":"https:\/\/www.organisator.ch\/management\/2026-03-20\/kmu-swiss-symposium-in-baden-signale-der-industriellen-revolution\/#primaryimage","url":"https:\/\/www.organisator.ch\/wp-content\/uploads\/2026\/03\/KMU-Swiss-Symposium-in-Baden-Signale-der-Industriellen-Revolution-1_Organisator.jpg","contentUrl":"https:\/\/www.organisator.ch\/wp-content\/uploads\/2026\/03\/KMU-Swiss-Symposium-in-Baden-Signale-der-Industriellen-Revolution-1_Organisator.jpg","width":680,"height":452,"caption":"Internationaler Touch am KMU Swiss Symposium: Dr. Steve S.W. Wang, Delegierter von Taiwan in der Schweiz, und Raymond Albert H. Batac, WTO-Vetreter der Philippinen im Gespr\u00e4ch mit Moderator Hugo Bigi. (Bild: Thomas Berner)"},{"@type":"BreadcrumbList","@id":"https:\/\/www.organisator.ch\/management\/2026-03-20\/kmu-swiss-symposium-in-baden-signale-der-industriellen-revolution\/#breadcrumb","itemListElement":[{"@type":"ListItem","position":1,"name":"Home","item":"https:\/\/www.organisator.ch\/"},{"@type":"ListItem","position":2,"name":"KMU Swiss Symposium in Baden: Signale der Industriellen Revolution"}]},{"@type":"WebSite","@id":"https:\/\/www.organisator.ch\/#website","url":"https:\/\/www.organisator.ch\/","name":"Organizzatore","description":"Competente. Pratico. In 10 numeri all'anno, ORGANISATOR presenta i temi essenziali per i manager delle PMI.","publisher":{"@id":"https:\/\/www.organisator.ch\/#organization"},"potentialAction":[{"@type":"SearchAction","target":{"@type":"EntryPoint","urlTemplate":"https:\/\/www.organisator.ch\/?s={search_term_string}"},"query-input":{"@type":"PropertyValueSpecification","valueRequired":true,"valueName":"search_term_string"}}],"inLanguage":"it-IT"},{"@type":"Organization","@id":"https:\/\/www.organisator.ch\/#organization","name":"Organizzatore","url":"https:\/\/www.organisator.ch\/","logo":{"@type":"ImageObject","inLanguage":"it-IT","@id":"https:\/\/www.organisator.ch\/#\/schema\/logo\/image\/","url":"https:\/\/www.organisator.ch\/wp-content\/uploads\/2022\/01\/Logo_Organisator_Website.png","contentUrl":"https:\/\/www.organisator.ch\/wp-content\/uploads\/2022\/01\/Logo_Organisator_Website.png","width":800,"height":77,"caption":"Organisator"},"image":{"@id":"https:\/\/www.organisator.ch\/#\/schema\/logo\/image\/"},"sameAs":["https:\/\/www.facebook.com\/OrganisatorFachmagazin","https:\/\/www.linkedin.com\/showcase\/organisator-das-magazin-fr-kmu","https:\/\/www.xing.com\/news\/pages\/organisator-ch-695","https:\/\/www.youtube.com\/channel\/UCGP2Sq0iWaZwT3BdIAQFYpw"]},{"@type":"Person","@id":"https:\/\/www.organisator.ch\/#\/schema\/person\/6f650f90b2842cd4c0cc334b4e36f67e","name":"Tommaso.berner","image":{"@type":"ImageObject","inLanguage":"it-IT","@id":"https:\/\/secure.gravatar.com\/avatar\/ac5001d2a36cb6c6cd3e50789007ffca834b477b74a2144564522e944eabff61?s=96&d=mm&r=g","url":"https:\/\/secure.gravatar.com\/avatar\/ac5001d2a36cb6c6cd3e50789007ffca834b477b74a2144564522e944eabff61?s=96&d=mm&r=g","contentUrl":"https:\/\/secure.gravatar.com\/avatar\/ac5001d2a36cb6c6cd3e50789007ffca834b477b74a2144564522e944eabff61?s=96&d=mm&r=g","caption":"thomas.berner"},"url":"https:\/\/www.organisator.ch\/it\/author\/thomas-berner\/"}]}},"_links":{"self":[{"href":"https:\/\/www.organisator.ch\/it\/wp-json\/wp\/v2\/posts\/46386","targetHints":{"allow":["GET"]}}],"collection":[{"href":"https:\/\/www.organisator.ch\/it\/wp-json\/wp\/v2\/posts"}],"about":[{"href":"https:\/\/www.organisator.ch\/it\/wp-json\/wp\/v2\/types\/post"}],"author":[{"embeddable":true,"href":"https:\/\/www.organisator.ch\/it\/wp-json\/wp\/v2\/users\/4"}],"replies":[{"embeddable":true,"href":"https:\/\/www.organisator.ch\/it\/wp-json\/wp\/v2\/comments?post=46386"}],"version-history":[{"count":5,"href":"https:\/\/www.organisator.ch\/it\/wp-json\/wp\/v2\/posts\/46386\/revisions"}],"predecessor-version":[{"id":48149,"href":"https:\/\/www.organisator.ch\/it\/wp-json\/wp\/v2\/posts\/46386\/revisions\/48149"}],"wp:featuredmedia":[{"embeddable":true,"href":"https:\/\/www.organisator.ch\/it\/wp-json\/wp\/v2\/media\/46387"}],"wp:attachment":[{"href":"https:\/\/www.organisator.ch\/it\/wp-json\/wp\/v2\/media?parent=46386"}],"wp:term":[{"taxonomy":"category","embeddable":true,"href":"https:\/\/www.organisator.ch\/it\/wp-json\/wp\/v2\/categories?post=46386"},{"taxonomy":"post_tag","embeddable":true,"href":"https:\/\/www.organisator.ch\/it\/wp-json\/wp\/v2\/tags?post=46386"}],"curies":[{"name":"wp","href":"https:\/\/api.w.org\/{rel}","templated":true}]}}