{"id":4639,"date":"2018-12-07T08:23:47","date_gmt":"2018-12-07T07:23:47","guid":{"rendered":"https:\/\/www.organisator.ch\/?p=4639"},"modified":"2018-12-07T08:23:47","modified_gmt":"2018-12-07T07:23:47","slug":"fuenf-digitaltrends-fuer-die-retail-branche","status":"publish","type":"post","link":"https:\/\/www.organisator.ch\/it\/marketing\/2018-12-07\/fuenf-digitaltrends-fuer-die-retail-branche\/","title":{"rendered":"Cinque tendenze digitali per il settore della vendita al dettaglio"},"content":{"rendered":"<figure id=\"attachment_4640\" aria-describedby=\"caption-attachment-4640\" style=\"width: 680px\" class=\"wp-caption alignnone\"><img loading=\"lazy\" decoding=\"async\" class=\"size-medium wp-image-4640\" src=\"https:\/\/www.organisator.ch\/wp-content\/uploads\/2018\/12\/Fuenf-Digitaltrends-fuer-die-Retail-Branche_Organisator.jpg\" alt=\"\" width=\"680\" height=\"446\" srcset=\"https:\/\/www.organisator.ch\/wp-content\/uploads\/2018\/12\/Fuenf-Digitaltrends-fuer-die-Retail-Branche_Organisator.jpg 680w, https:\/\/www.organisator.ch\/wp-content\/uploads\/2018\/12\/Fuenf-Digitaltrends-fuer-die-Retail-Branche_Organisator-16x10.jpg 16w, https:\/\/www.organisator.ch\/wp-content\/uploads\/2018\/12\/Fuenf-Digitaltrends-fuer-die-Retail-Branche_Organisator-267x175.jpg 267w, https:\/\/www.organisator.ch\/wp-content\/uploads\/2018\/12\/Fuenf-Digitaltrends-fuer-die-Retail-Branche_Organisator-534x350.jpg 534w, https:\/\/www.organisator.ch\/wp-content\/uploads\/2018\/12\/Fuenf-Digitaltrends-fuer-die-Retail-Branche_Organisator-300x197.jpg 300w\" sizes=\"auto, (max-width: 680px) 100vw, 680px\" \/><figcaption id=\"caption-attachment-4640\" class=\"wp-caption-text\">Da non perdere: Queste sono le tendenze per l'industria della vendita al dettaglio nel prossimo anno. (Fonte: Namics)<\/figcaption><\/figure>\n<p>Tra i nuovi concetti di negozio che gestiscono interamente senza registratori di cassa e la battaglia per la supremazia nella vendita al dettaglio online, l'industria della vendita al dettaglio \u00e8 anche esposta ad altre tendenze in rapido cambiamento. L'esperto di vendita al dettaglio Alexander Henss, Senior Principal Consultant di Namics, rivela quali sono.<\/p>\n<h2>1. raccolta di dati: la digitalizzazione dello spazio<\/h2>\n<p>Insieme ai clienti, molti dati arrivano nelle sale di vendita dei rivenditori. Finora, tuttavia, sono raramente raccolti. Questo significa che i dettaglianti stazionari stanno perdendo un enorme potenziale:<br \/>\nDopo tutto, le informazioni generano intuizioni rivelatrici da cui le aziende possono derivare misure appropriate o persino nuovi modelli di business. I dati possono essere utilizzati per chiarire le seguenti domande, per esempio:<\/p>\n<ul>\n<li>Quali prodotti catturano immediatamente l'attenzione del cliente?<\/li>\n<li>Il consumatore tocca certi oggetti per controllare il materiale?<\/li>\n<li>Come funzionano le misure pubblicitarie?<\/li>\n<li>Quali modelli di movimento emergono nella sala vendite?<\/li>\n<\/ul>\n<p>Amazon Go \u00e8 un pioniere nella digitalizzazione dello spazio. Il supermercato americano funziona senza registratori di cassa, ma i clienti devono registrarsi all'ingresso usando un codice per smartphone. I loro movimenti e azioni nell'area di vendita sono registrati da vari sensori e valutati da un algoritmo.<\/p>\n<h2>2. offline, online, linea temporale: Dati di rete in modo ottimale<\/h2>\n<p>I dati giocano anche il ruolo principale nella seconda tendenza: pi\u00f9 fatti sono disponibili sul cliente, pi\u00f9 \u00e8 importante metterli in rete. Con i carrelli della spesa intelligenti, la tecnologia RFID e iBeacon, numerosi valori vengono raccolti offline nel settore del commercio al dettaglio. Per poterli utilizzare in modo ottimale, \u00e8 essenziale un collegamento funzionante con i dati di altri canali, per esempio il customer relationship management o il comportamento di ricerca sul sito web. Una strategia sofisticata \u00e8 necessaria per compilare i valori in un quadro del cliente a 360 gradi. I seguenti aspetti devono essere presi in considerazione:<\/p>\n<ul>\n<li>Quali dati devono essere raccolti e cosa dicono?<\/li>\n<li>Quale piattaforma viene usata per raccogliere o collegare i dati?<\/li>\n<li>Come viene effettuata la valutazione?<\/li>\n<li>Come posso usare i dati di origine per l'analisi predittiva e prescrittiva?<\/li>\n<\/ul>\n<p>L'analitica prescrittiva, in particolare, sta diventando sempre pi\u00f9 importante per i rivenditori: va un passo avanti e permette all'azienda di fare ulteriori raccomandazioni di azione. Un esempio \u00e8 la regolazione dei parametri nel contesto di una promozione per aumentare le cifre di vendita.<\/p>\n<h2>3. dallo shopping all'esperienza: l'esperienza in-store<\/h2>\n<p>Anche i clienti stessi si stanno spostando sempre di pi\u00f9 nel mondo digitale. Sia nello shopping online che nell'interazione sociale. Per assicurarsi che l'esperienza nel negozio reale possa tenere il passo con quella del negozio online, i rivenditori dovrebbero ripensare il design dei loro locali di vendita e incorporare soluzioni digitali.<\/p>\n<p>Gli schermi intelligenti possono, per esempio, suggerire l'abbinamento degli accessori ai pantaloni o ai vestiti nello spogliatoio. L'uso della realt\u00e0 virtuale, d'altra parte, permette di pianificare meglio i mobili o le immagini nell'arredamento della propria casa. I robot possono, per esempio, portare abiti di una taglia e di un colore diversi nel cubicolo del cliente. E grazie agli specchi intelligenti, i nuovi outfit possono essere condivisi con gli amici attraverso i canali dei social media.<\/p>\n<h2>4. interruzione: piattaforme B2B in aumento<\/h2>\n<p>Per l'intero segmento B2B, l'entrata di vari attori globali come Google, Amazon o Alibaba nel business B2B nasconde rischi e opportunit\u00e0 allo stesso tempo. Una cosa \u00e8 certa: a lungo termine, i commercianti non potranno evitare piattaforme come Amazon Business o Google Shopping. Chiunque si avventuri in questo territorio ancora sconosciuto deve essere preparato con una buona strategia in ogni caso. La piattaforma in questione \u00e8 addirittura rilevante per il customer journey? Quali requisiti tecnologici devo soddisfare per essere attivo nei mercati digitali? I rivenditori hanno urgente bisogno di risposte a queste domande nel prossimo anno.<\/p>\n<h2>5. tecnologia: architettura di sistema in transizione<\/h2>\n<p>Per sopravvivere nel mondo digitale, gli strumenti e i metodi giusti sono indispensabili anche nel settore della vendita al dettaglio. La tecnologia dietro di loro sta diventando sempre pi\u00f9 sofisticata e diversificata. Grazie alla modularizzazione, anche l'architettura del software sta diventando pi\u00f9 flessibile. La sostituzione dei sistemi usati in precedenza \u00e8 in discussione. Oggi e soprattutto nel prossimo anno, le aziende si trovano di fronte alle seguenti domande:<\/p>\n<ul>\n<li>Software on premises o servizi basati sul cloud? Tuttavia, questa domanda sta diventando sempre meno un problema poich\u00e9 molti produttori stanno offrendo il loro software solo come servizio cloud e stanno rinunciando al software on premise.<\/li>\n<li>L'AI pu\u00f2 essere usata per presentare le offerte in modo pi\u00f9 pertinente o per ottimizzare i canali? Per esempio, pu\u00f2 aiutare a suggerire i prodotti giusti in base al comportamento di navigazione.<\/li>\n<li>Come si pu\u00f2 aumentare la disponibilit\u00e0 dei dati attraverso i touchpoint? Un touchpoint, per esempio, \u00e8 la cassa fissa, che mostra al rivenditore l'intera storia degli acquisti del rispettivo cliente.<\/li>\n<li>Come si pu\u00f2 progettare un processo di miglioramento continuo con l'approccio DevOps? Per esempio, le innovazioni digitali possono andare live pi\u00f9 velocemente ed essere portate al cliente.<\/li>\n<\/ul>\n<p>Indipendentemente dalla rispettiva decisione, i commercianti dovrebbero sempre prendere in considerazione che il cambiamento non solo crea pi\u00f9 convenienza per la propria azienda, ma anche per il cliente.<\/p>\n<figure id=\"attachment_4641\" aria-describedby=\"caption-attachment-4641\" style=\"width: 340px\" class=\"wp-caption alignnone\"><img loading=\"lazy\" decoding=\"async\" class=\"size-full wp-image-4641\" src=\"https:\/\/www.organisator.ch\/wp-content\/uploads\/2018\/12\/Fuenf-Digitaltrends-fuer-die-Retail-Branche-2_Organisator.jpg\" alt=\"\" width=\"340\" height=\"356\" srcset=\"https:\/\/www.organisator.ch\/wp-content\/uploads\/2018\/12\/Fuenf-Digitaltrends-fuer-die-Retail-Branche-2_Organisator.jpg 340w, https:\/\/www.organisator.ch\/wp-content\/uploads\/2018\/12\/Fuenf-Digitaltrends-fuer-die-Retail-Branche-2_Organisator-11x12.jpg 11w, https:\/\/www.organisator.ch\/wp-content\/uploads\/2018\/12\/Fuenf-Digitaltrends-fuer-die-Retail-Branche-2_Organisator-167x175.jpg 167w, https:\/\/www.organisator.ch\/wp-content\/uploads\/2018\/12\/Fuenf-Digitaltrends-fuer-die-Retail-Branche-2_Organisator-334x350.jpg 334w, https:\/\/www.organisator.ch\/wp-content\/uploads\/2018\/12\/Fuenf-Digitaltrends-fuer-die-Retail-Branche-2_Organisator-300x314.jpg 300w\" sizes=\"auto, (max-width: 340px) 100vw, 340px\" \/><figcaption id=\"caption-attachment-4641\" class=\"wp-caption-text\">Alexander Henss \u00e8 consulente principale senior presso <a href=\"http:\/\/www.namics.com\">Namics<\/a>. (Fonte: Namics)<\/figcaption><\/figure>","protected":false},"excerpt":{"rendered":"<p>Zwischen neuen Shop-Konzepten, die ganz ohne Kasse auskommen, und dem Kampf um Vormachtstellungen im Online-Handel ist die Retail-Branche auch sonst schnell wechselnden Trends ausgesetzt. Welche das sind, verr\u00e4t Handelsexperte Alexander Henss, Senior Principal Consultant bei Namics. 1. Datenerhebung: Die Digitalisierung des Raums Mit den Kunden kommen zahlreiche Daten in die Verkaufsr\u00e4ume der H\u00e4ndler. Bislang werden [&hellip;]<\/p>\n","protected":false},"author":4,"featured_media":4640,"comment_status":"open","ping_status":"open","sticky":false,"template":"","format":"standard","meta":{"_acf_changed":false,"_yoast_wpseo_focuskw":"Retail-Branche","_yoast_wpseo_metadesc":"Laut der Digitalagentur Namics werden 2019 f\u00fcr die Retail-Branche f\u00fcnf Digitaltrends besonders wichtig.","articlekey":"","footnotes":""},"categories":[29],"tags":[156,340,417],"class_list":["post-4639","post","type-post","status-publish","format-standard","has-post-thumbnail","hentry","category-marketing","tag-digitalisierung","tag-maerkte","tag-retail"],"acf":[],"yoast_head":"<!-- This site is optimized with the Yoast SEO plugin v27.5 - https:\/\/yoast.com\/product\/yoast-seo-wordpress\/ -->\n<title>F\u00fcnf Digitaltrends f\u00fcr die Retail-Branche - Organisator<\/title>\n<meta name=\"description\" content=\"Laut der Digitalagentur Namics werden 2019 f\u00fcr die Retail-Branche f\u00fcnf Digitaltrends besonders wichtig.\" \/>\n<meta name=\"robots\" content=\"index, follow, max-snippet:-1, max-image-preview:large, max-video-preview:-1\" \/>\n<link rel=\"canonical\" href=\"https:\/\/www.organisator.ch\/it\/marketing\/2018-12-07\/fuenf-digitaltrends-fuer-die-retail-branche\/\" \/>\n<meta property=\"og:locale\" content=\"it_IT\" \/>\n<meta property=\"og:type\" content=\"article\" \/>\n<meta property=\"og:title\" content=\"F\u00fcnf Digitaltrends f\u00fcr die Retail-Branche\" \/>\n<meta property=\"og:description\" content=\"Laut der Digitalagentur Namics werden 2019 f\u00fcr die Retail-Branche f\u00fcnf Digitaltrends besonders wichtig.\" \/>\n<meta property=\"og:url\" content=\"https:\/\/www.organisator.ch\/it\/marketing\/2018-12-07\/fuenf-digitaltrends-fuer-die-retail-branche\/\" \/>\n<meta property=\"og:site_name\" content=\"Organisator\" \/>\n<meta property=\"article:publisher\" content=\"https:\/\/www.facebook.com\/OrganisatorFachmagazin\" \/>\n<meta property=\"article:published_time\" content=\"2018-12-07T07:23:47+00:00\" \/>\n<meta property=\"og:image\" content=\"https:\/\/www.organisator.ch\/wp-content\/uploads\/2018\/12\/Fuenf-Digitaltrends-fuer-die-Retail-Branche_Organisator.jpg\" \/>\n\t<meta property=\"og:image:width\" content=\"680\" \/>\n\t<meta property=\"og:image:height\" content=\"446\" \/>\n\t<meta property=\"og:image:type\" content=\"image\/jpeg\" \/>\n<meta name=\"author\" content=\"thomas.berner\" \/>\n<meta name=\"twitter:card\" content=\"summary_large_image\" \/>\n<meta name=\"twitter:title\" content=\"F\u00fcnf Digitaltrends f\u00fcr die #Retail-Branche\" \/>\n<meta name=\"twitter:description\" content=\"Laut der Digitalagentur Namics werden 2019 f\u00fcr die #Retail-Branche f\u00fcnf Digitaltrends besonders wichtig.\" \/>\n<meta name=\"twitter:image\" content=\"https:\/\/www.organisator.ch\/wp-content\/uploads\/2018\/12\/F\u00fcnf-Digitaltrends-f\u00fcr-die-Retail-Branche_Organisator.jpg\" \/>\n<script type=\"application\/ld+json\" class=\"yoast-schema-graph\">{\"@context\":\"https:\\\/\\\/schema.org\",\"@graph\":[{\"@type\":\"Article\",\"@id\":\"https:\\\/\\\/www.organisator.ch\\\/marketing\\\/2018-12-07\\\/fuenf-digitaltrends-fuer-die-retail-branche\\\/#article\",\"isPartOf\":{\"@id\":\"https:\\\/\\\/www.organisator.ch\\\/marketing\\\/2018-12-07\\\/fuenf-digitaltrends-fuer-die-retail-branche\\\/\"},\"author\":{\"name\":\"thomas.berner\",\"@id\":\"https:\\\/\\\/www.organisator.ch\\\/#\\\/schema\\\/person\\\/6f650f90b2842cd4c0cc334b4e36f67e\"},\"headline\":\"F\u00fcnf Digitaltrends f\u00fcr die Retail-Branche\",\"datePublished\":\"2018-12-07T07:23:47+00:00\",\"mainEntityOfPage\":{\"@id\":\"https:\\\/\\\/www.organisator.ch\\\/marketing\\\/2018-12-07\\\/fuenf-digitaltrends-fuer-die-retail-branche\\\/\"},\"wordCount\":827,\"commentCount\":0,\"publisher\":{\"@id\":\"https:\\\/\\\/www.organisator.ch\\\/#organization\"},\"image\":{\"@id\":\"https:\\\/\\\/www.organisator.ch\\\/marketing\\\/2018-12-07\\\/fuenf-digitaltrends-fuer-die-retail-branche\\\/#primaryimage\"},\"thumbnailUrl\":\"https:\\\/\\\/www.organisator.ch\\\/wp-content\\\/uploads\\\/2018\\\/12\\\/Fuenf-Digitaltrends-fuer-die-Retail-Branche_Organisator.jpg\",\"keywords\":[\"Digitalisierung\",\"M\u00e4rkte\",\"Retail\"],\"articleSection\":[\"MARKETING\"],\"inLanguage\":\"it-IT\"},{\"@type\":\"WebPage\",\"@id\":\"https:\\\/\\\/www.organisator.ch\\\/marketing\\\/2018-12-07\\\/fuenf-digitaltrends-fuer-die-retail-branche\\\/\",\"url\":\"https:\\\/\\\/www.organisator.ch\\\/marketing\\\/2018-12-07\\\/fuenf-digitaltrends-fuer-die-retail-branche\\\/\",\"name\":\"F\u00fcnf Digitaltrends f\u00fcr die Retail-Branche - Organisator\",\"isPartOf\":{\"@id\":\"https:\\\/\\\/www.organisator.ch\\\/#website\"},\"primaryImageOfPage\":{\"@id\":\"https:\\\/\\\/www.organisator.ch\\\/marketing\\\/2018-12-07\\\/fuenf-digitaltrends-fuer-die-retail-branche\\\/#primaryimage\"},\"image\":{\"@id\":\"https:\\\/\\\/www.organisator.ch\\\/marketing\\\/2018-12-07\\\/fuenf-digitaltrends-fuer-die-retail-branche\\\/#primaryimage\"},\"thumbnailUrl\":\"https:\\\/\\\/www.organisator.ch\\\/wp-content\\\/uploads\\\/2018\\\/12\\\/Fuenf-Digitaltrends-fuer-die-Retail-Branche_Organisator.jpg\",\"datePublished\":\"2018-12-07T07:23:47+00:00\",\"description\":\"Laut der Digitalagentur Namics werden 2019 f\u00fcr die Retail-Branche f\u00fcnf Digitaltrends besonders wichtig.\",\"breadcrumb\":{\"@id\":\"https:\\\/\\\/www.organisator.ch\\\/marketing\\\/2018-12-07\\\/fuenf-digitaltrends-fuer-die-retail-branche\\\/#breadcrumb\"},\"inLanguage\":\"it-IT\",\"potentialAction\":[{\"@type\":\"ReadAction\",\"target\":[\"https:\\\/\\\/www.organisator.ch\\\/marketing\\\/2018-12-07\\\/fuenf-digitaltrends-fuer-die-retail-branche\\\/\"]}]},{\"@type\":\"ImageObject\",\"inLanguage\":\"it-IT\",\"@id\":\"https:\\\/\\\/www.organisator.ch\\\/marketing\\\/2018-12-07\\\/fuenf-digitaltrends-fuer-die-retail-branche\\\/#primaryimage\",\"url\":\"https:\\\/\\\/www.organisator.ch\\\/wp-content\\\/uploads\\\/2018\\\/12\\\/Fuenf-Digitaltrends-fuer-die-Retail-Branche_Organisator.jpg\",\"contentUrl\":\"https:\\\/\\\/www.organisator.ch\\\/wp-content\\\/uploads\\\/2018\\\/12\\\/Fuenf-Digitaltrends-fuer-die-Retail-Branche_Organisator.jpg\",\"width\":680,\"height\":446,\"caption\":\"Nicht verpassen: Das sind die Trends f\u00fcr die Retail-Branche im kommenden Jahr. (Quelle: Namics)\"},{\"@type\":\"BreadcrumbList\",\"@id\":\"https:\\\/\\\/www.organisator.ch\\\/marketing\\\/2018-12-07\\\/fuenf-digitaltrends-fuer-die-retail-branche\\\/#breadcrumb\",\"itemListElement\":[{\"@type\":\"ListItem\",\"position\":1,\"name\":\"Home\",\"item\":\"https:\\\/\\\/www.organisator.ch\\\/\"},{\"@type\":\"ListItem\",\"position\":2,\"name\":\"F\u00fcnf Digitaltrends f\u00fcr die Retail-Branche\"}]},{\"@type\":\"WebSite\",\"@id\":\"https:\\\/\\\/www.organisator.ch\\\/#website\",\"url\":\"https:\\\/\\\/www.organisator.ch\\\/\",\"name\":\"Organisator\",\"description\":\"Kompetent. Praxisnah. Der ORGANISATOR bereitet in 10 Ausgaben pro Jahr die wesentlichen Themen f\u00fcr F\u00fchrungskr\u00e4fte von KMU auf.\",\"publisher\":{\"@id\":\"https:\\\/\\\/www.organisator.ch\\\/#organization\"},\"potentialAction\":[{\"@type\":\"SearchAction\",\"target\":{\"@type\":\"EntryPoint\",\"urlTemplate\":\"https:\\\/\\\/www.organisator.ch\\\/?s={search_term_string}\"},\"query-input\":{\"@type\":\"PropertyValueSpecification\",\"valueRequired\":true,\"valueName\":\"search_term_string\"}}],\"inLanguage\":\"it-IT\"},{\"@type\":\"Organization\",\"@id\":\"https:\\\/\\\/www.organisator.ch\\\/#organization\",\"name\":\"Organisator\",\"url\":\"https:\\\/\\\/www.organisator.ch\\\/\",\"logo\":{\"@type\":\"ImageObject\",\"inLanguage\":\"it-IT\",\"@id\":\"https:\\\/\\\/www.organisator.ch\\\/#\\\/schema\\\/logo\\\/image\\\/\",\"url\":\"https:\\\/\\\/www.organisator.ch\\\/wp-content\\\/uploads\\\/2022\\\/01\\\/Logo_Organisator_Website.png\",\"contentUrl\":\"https:\\\/\\\/www.organisator.ch\\\/wp-content\\\/uploads\\\/2022\\\/01\\\/Logo_Organisator_Website.png\",\"width\":800,\"height\":77,\"caption\":\"Organisator\"},\"image\":{\"@id\":\"https:\\\/\\\/www.organisator.ch\\\/#\\\/schema\\\/logo\\\/image\\\/\"},\"sameAs\":[\"https:\\\/\\\/www.facebook.com\\\/OrganisatorFachmagazin\",\"https:\\\/\\\/www.linkedin.com\\\/showcase\\\/organisator-das-magazin-fr-kmu\",\"https:\\\/\\\/www.xing.com\\\/news\\\/pages\\\/organisator-ch-695\",\"https:\\\/\\\/www.youtube.com\\\/channel\\\/UCGP2Sq0iWaZwT3BdIAQFYpw\"]},{\"@type\":\"Person\",\"@id\":\"https:\\\/\\\/www.organisator.ch\\\/#\\\/schema\\\/person\\\/6f650f90b2842cd4c0cc334b4e36f67e\",\"name\":\"thomas.berner\",\"image\":{\"@type\":\"ImageObject\",\"inLanguage\":\"it-IT\",\"@id\":\"https:\\\/\\\/secure.gravatar.com\\\/avatar\\\/ac5001d2a36cb6c6cd3e50789007ffca834b477b74a2144564522e944eabff61?s=96&d=mm&r=g\",\"url\":\"https:\\\/\\\/secure.gravatar.com\\\/avatar\\\/ac5001d2a36cb6c6cd3e50789007ffca834b477b74a2144564522e944eabff61?s=96&d=mm&r=g\",\"contentUrl\":\"https:\\\/\\\/secure.gravatar.com\\\/avatar\\\/ac5001d2a36cb6c6cd3e50789007ffca834b477b74a2144564522e944eabff61?s=96&d=mm&r=g\",\"caption\":\"thomas.berner\"},\"url\":\"https:\\\/\\\/www.organisator.ch\\\/it\\\/author\\\/thomas-berner\\\/\"}]}<\/script>\n<!-- \/ Yoast SEO plugin. -->","yoast_head_json":{"title":"Cinque tendenze digitali per il settore della vendita al dettaglio - Organizzatore","description":"Secondo l'agenzia digitale Namics, cinque tendenze digitali saranno particolarmente importanti per il settore della vendita al dettaglio nel 2019.","robots":{"index":"index","follow":"follow","max-snippet":"max-snippet:-1","max-image-preview":"max-image-preview:large","max-video-preview":"max-video-preview:-1"},"canonical":"https:\/\/www.organisator.ch\/it\/marketing\/2018-12-07\/fuenf-digitaltrends-fuer-die-retail-branche\/","og_locale":"it_IT","og_type":"article","og_title":"F\u00fcnf Digitaltrends f\u00fcr die Retail-Branche","og_description":"Laut der Digitalagentur Namics werden 2019 f\u00fcr die Retail-Branche f\u00fcnf Digitaltrends besonders wichtig.","og_url":"https:\/\/www.organisator.ch\/it\/marketing\/2018-12-07\/fuenf-digitaltrends-fuer-die-retail-branche\/","og_site_name":"Organisator","article_publisher":"https:\/\/www.facebook.com\/OrganisatorFachmagazin","article_published_time":"2018-12-07T07:23:47+00:00","og_image":[{"width":680,"height":446,"url":"https:\/\/www.organisator.ch\/wp-content\/uploads\/2018\/12\/Fuenf-Digitaltrends-fuer-die-Retail-Branche_Organisator.jpg","type":"image\/jpeg"}],"author":"thomas.berner","twitter_card":"summary_large_image","twitter_title":"F\u00fcnf Digitaltrends f\u00fcr die #Retail-Branche","twitter_description":"Laut der Digitalagentur Namics werden 2019 f\u00fcr die #Retail-Branche f\u00fcnf Digitaltrends besonders wichtig.","twitter_image":"https:\/\/www.organisator.ch\/wp-content\/uploads\/2018\/12\/F\u00fcnf-Digitaltrends-f\u00fcr-die-Retail-Branche_Organisator.jpg","schema":{"@context":"https:\/\/schema.org","@graph":[{"@type":"Article","@id":"https:\/\/www.organisator.ch\/marketing\/2018-12-07\/fuenf-digitaltrends-fuer-die-retail-branche\/#article","isPartOf":{"@id":"https:\/\/www.organisator.ch\/marketing\/2018-12-07\/fuenf-digitaltrends-fuer-die-retail-branche\/"},"author":{"name":"thomas.berner","@id":"https:\/\/www.organisator.ch\/#\/schema\/person\/6f650f90b2842cd4c0cc334b4e36f67e"},"headline":"F\u00fcnf Digitaltrends f\u00fcr die Retail-Branche","datePublished":"2018-12-07T07:23:47+00:00","mainEntityOfPage":{"@id":"https:\/\/www.organisator.ch\/marketing\/2018-12-07\/fuenf-digitaltrends-fuer-die-retail-branche\/"},"wordCount":827,"commentCount":0,"publisher":{"@id":"https:\/\/www.organisator.ch\/#organization"},"image":{"@id":"https:\/\/www.organisator.ch\/marketing\/2018-12-07\/fuenf-digitaltrends-fuer-die-retail-branche\/#primaryimage"},"thumbnailUrl":"https:\/\/www.organisator.ch\/wp-content\/uploads\/2018\/12\/Fuenf-Digitaltrends-fuer-die-Retail-Branche_Organisator.jpg","keywords":["Digitalisierung","M\u00e4rkte","Retail"],"articleSection":["MARKETING"],"inLanguage":"it-IT"},{"@type":"WebPage","@id":"https:\/\/www.organisator.ch\/marketing\/2018-12-07\/fuenf-digitaltrends-fuer-die-retail-branche\/","url":"https:\/\/www.organisator.ch\/marketing\/2018-12-07\/fuenf-digitaltrends-fuer-die-retail-branche\/","name":"Cinque tendenze digitali per il settore della vendita al dettaglio - Organizzatore","isPartOf":{"@id":"https:\/\/www.organisator.ch\/#website"},"primaryImageOfPage":{"@id":"https:\/\/www.organisator.ch\/marketing\/2018-12-07\/fuenf-digitaltrends-fuer-die-retail-branche\/#primaryimage"},"image":{"@id":"https:\/\/www.organisator.ch\/marketing\/2018-12-07\/fuenf-digitaltrends-fuer-die-retail-branche\/#primaryimage"},"thumbnailUrl":"https:\/\/www.organisator.ch\/wp-content\/uploads\/2018\/12\/Fuenf-Digitaltrends-fuer-die-Retail-Branche_Organisator.jpg","datePublished":"2018-12-07T07:23:47+00:00","description":"Secondo l'agenzia digitale Namics, cinque tendenze digitali saranno particolarmente importanti per il settore della vendita al dettaglio nel 2019.","breadcrumb":{"@id":"https:\/\/www.organisator.ch\/marketing\/2018-12-07\/fuenf-digitaltrends-fuer-die-retail-branche\/#breadcrumb"},"inLanguage":"it-IT","potentialAction":[{"@type":"ReadAction","target":["https:\/\/www.organisator.ch\/marketing\/2018-12-07\/fuenf-digitaltrends-fuer-die-retail-branche\/"]}]},{"@type":"ImageObject","inLanguage":"it-IT","@id":"https:\/\/www.organisator.ch\/marketing\/2018-12-07\/fuenf-digitaltrends-fuer-die-retail-branche\/#primaryimage","url":"https:\/\/www.organisator.ch\/wp-content\/uploads\/2018\/12\/Fuenf-Digitaltrends-fuer-die-Retail-Branche_Organisator.jpg","contentUrl":"https:\/\/www.organisator.ch\/wp-content\/uploads\/2018\/12\/Fuenf-Digitaltrends-fuer-die-Retail-Branche_Organisator.jpg","width":680,"height":446,"caption":"Nicht verpassen: Das sind die Trends f\u00fcr die Retail-Branche im kommenden Jahr. (Quelle: Namics)"},{"@type":"BreadcrumbList","@id":"https:\/\/www.organisator.ch\/marketing\/2018-12-07\/fuenf-digitaltrends-fuer-die-retail-branche\/#breadcrumb","itemListElement":[{"@type":"ListItem","position":1,"name":"Home","item":"https:\/\/www.organisator.ch\/"},{"@type":"ListItem","position":2,"name":"F\u00fcnf Digitaltrends f\u00fcr die Retail-Branche"}]},{"@type":"WebSite","@id":"https:\/\/www.organisator.ch\/#website","url":"https:\/\/www.organisator.ch\/","name":"Organizzatore","description":"Competente. Pratico. In 10 numeri all'anno, ORGANISATOR presenta i temi essenziali per i manager delle PMI.","publisher":{"@id":"https:\/\/www.organisator.ch\/#organization"},"potentialAction":[{"@type":"SearchAction","target":{"@type":"EntryPoint","urlTemplate":"https:\/\/www.organisator.ch\/?s={search_term_string}"},"query-input":{"@type":"PropertyValueSpecification","valueRequired":true,"valueName":"search_term_string"}}],"inLanguage":"it-IT"},{"@type":"Organization","@id":"https:\/\/www.organisator.ch\/#organization","name":"Organizzatore","url":"https:\/\/www.organisator.ch\/","logo":{"@type":"ImageObject","inLanguage":"it-IT","@id":"https:\/\/www.organisator.ch\/#\/schema\/logo\/image\/","url":"https:\/\/www.organisator.ch\/wp-content\/uploads\/2022\/01\/Logo_Organisator_Website.png","contentUrl":"https:\/\/www.organisator.ch\/wp-content\/uploads\/2022\/01\/Logo_Organisator_Website.png","width":800,"height":77,"caption":"Organisator"},"image":{"@id":"https:\/\/www.organisator.ch\/#\/schema\/logo\/image\/"},"sameAs":["https:\/\/www.facebook.com\/OrganisatorFachmagazin","https:\/\/www.linkedin.com\/showcase\/organisator-das-magazin-fr-kmu","https:\/\/www.xing.com\/news\/pages\/organisator-ch-695","https:\/\/www.youtube.com\/channel\/UCGP2Sq0iWaZwT3BdIAQFYpw"]},{"@type":"Person","@id":"https:\/\/www.organisator.ch\/#\/schema\/person\/6f650f90b2842cd4c0cc334b4e36f67e","name":"Tommaso.berner","image":{"@type":"ImageObject","inLanguage":"it-IT","@id":"https:\/\/secure.gravatar.com\/avatar\/ac5001d2a36cb6c6cd3e50789007ffca834b477b74a2144564522e944eabff61?s=96&d=mm&r=g","url":"https:\/\/secure.gravatar.com\/avatar\/ac5001d2a36cb6c6cd3e50789007ffca834b477b74a2144564522e944eabff61?s=96&d=mm&r=g","contentUrl":"https:\/\/secure.gravatar.com\/avatar\/ac5001d2a36cb6c6cd3e50789007ffca834b477b74a2144564522e944eabff61?s=96&d=mm&r=g","caption":"thomas.berner"},"url":"https:\/\/www.organisator.ch\/it\/author\/thomas-berner\/"}]}},"_links":{"self":[{"href":"https:\/\/www.organisator.ch\/it\/wp-json\/wp\/v2\/posts\/4639","targetHints":{"allow":["GET"]}}],"collection":[{"href":"https:\/\/www.organisator.ch\/it\/wp-json\/wp\/v2\/posts"}],"about":[{"href":"https:\/\/www.organisator.ch\/it\/wp-json\/wp\/v2\/types\/post"}],"author":[{"embeddable":true,"href":"https:\/\/www.organisator.ch\/it\/wp-json\/wp\/v2\/users\/4"}],"replies":[{"embeddable":true,"href":"https:\/\/www.organisator.ch\/it\/wp-json\/wp\/v2\/comments?post=4639"}],"version-history":[{"count":0,"href":"https:\/\/www.organisator.ch\/it\/wp-json\/wp\/v2\/posts\/4639\/revisions"}],"wp:featuredmedia":[{"embeddable":true,"href":"https:\/\/www.organisator.ch\/it\/wp-json\/wp\/v2\/media\/4640"}],"wp:attachment":[{"href":"https:\/\/www.organisator.ch\/it\/wp-json\/wp\/v2\/media?parent=4639"}],"wp:term":[{"taxonomy":"category","embeddable":true,"href":"https:\/\/www.organisator.ch\/it\/wp-json\/wp\/v2\/categories?post=4639"},{"taxonomy":"post_tag","embeddable":true,"href":"https:\/\/www.organisator.ch\/it\/wp-json\/wp\/v2\/tags?post=4639"}],"curies":[{"name":"wp","href":"https:\/\/api.w.org\/{rel}","templated":true}]}}