{"id":46428,"date":"2026-03-23T07:24:40","date_gmt":"2026-03-23T06:24:40","guid":{"rendered":"https:\/\/www.organisator.ch\/de\/?p=46428"},"modified":"2026-03-23T07:24:40","modified_gmt":"2026-03-23T06:24:40","slug":"schweiz-fuehrt-weltweit-bei-produktion-von-gruenem-wasserstoff","status":"publish","type":"post","link":"https:\/\/www.organisator.ch\/it\/sustainability\/2026-03-23\/schweiz-fuehrt-weltweit-bei-produktion-von-gruenem-wasserstoff\/","title":{"rendered":"La Svizzera \u00e8 leader mondiale nella produzione di idrogeno verde"},"content":{"rendered":"<figure id=\"attachment_46427\" aria-describedby=\"caption-attachment-46427\" style=\"width: 1400px\" class=\"wp-caption alignnone\"><img loading=\"lazy\" decoding=\"async\" class=\"wp-image-46427 size-full\" src=\"https:\/\/www.organisator.ch\/wp-content\/uploads\/2026\/03\/Foto-Praesidium-Hydropole-scaled.jpeg\" alt=\"\" width=\"1400\" height=\"801\" srcset=\"https:\/\/www.organisator.ch\/wp-content\/uploads\/2026\/03\/Foto-Praesidium-Hydropole-scaled.jpeg 1400w, https:\/\/www.organisator.ch\/wp-content\/uploads\/2026\/03\/Foto-Praesidium-Hydropole-680x389.jpeg 680w, https:\/\/www.organisator.ch\/wp-content\/uploads\/2026\/03\/Foto-Praesidium-Hydropole-1024x586.jpeg 1024w, https:\/\/www.organisator.ch\/wp-content\/uploads\/2026\/03\/Foto-Praesidium-Hydropole-768x439.jpeg 768w, https:\/\/www.organisator.ch\/wp-content\/uploads\/2026\/03\/Foto-Praesidium-Hydropole-1536x879.jpeg 1536w, https:\/\/www.organisator.ch\/wp-content\/uploads\/2026\/03\/Foto-Praesidium-Hydropole-2048x1172.jpeg 2048w, https:\/\/www.organisator.ch\/wp-content\/uploads\/2026\/03\/Foto-Praesidium-Hydropole-18x10.jpeg 18w, https:\/\/www.organisator.ch\/wp-content\/uploads\/2026\/03\/Foto-Praesidium-Hydropole-375x215.jpeg 375w, https:\/\/www.organisator.ch\/wp-content\/uploads\/2026\/03\/Foto-Praesidium-Hydropole-612x350.jpeg 612w, https:\/\/www.organisator.ch\/wp-content\/uploads\/2026\/03\/Foto-Praesidium-Hydropole-1000x572.jpeg 1000w\" sizes=\"auto, (max-width: 1400px) 100vw, 1400px\" \/><figcaption id=\"caption-attachment-46427\" class=\"wp-caption-text\">Dr. Hans-Michael Kellner, Vicepresidente HYDROPOLE (a sinistra) Prof. Dr. Andreas Z\u00fcttel, Presidente Hydropole, EPFL (a destra). (Immagine: zVg)<\/figcaption><\/figure>\n<p>La Svizzera \u00e8 stata per decenni pioniera nella tecnologia dell'idrogeno. Esattamente 25 anni dopo la sua fondazione, avvenuta il 23 novembre 2001 presso l'Istituto Paul Scherrer, l'Associazione svizzera per l'idrogeno Hydropole presenta oggi il \u00abRapporto sull'idrogeno in Svizzera 2026\u00bb. L'anniversario \u00e8 stato celebrato con oltre 50 esperti di spicco nel campo dell'idrogeno e del Power2X in un simposio con presentazioni, poster e una mostra presso l'Hotel Bern.<\/p>\n<h3>Da una nicchia a una questione sociale<\/h3>\n<p>\u00abAlla fine del secolo scorso, gruppi di ricerca e aziende industriali lavoravano intensamente sull'idrogeno. La Svizzera produceva gi\u00e0 da decenni idrogeno verde dall'energia idroelettrica utilizzando elettrolizzatori alcalini altamente efficienti\u00bb, ricorda Andreas Z\u00fcttel, presidente di Hydropole e professore di chimica fisica all'EPFL. Oggi la produzione globale di idrogeno \u00e8 salita a 115 milioni di tonnellate all'anno, ma meno dell'1% di questa \u00e8 verde. Negli ultimi 25 anni, Hydropole ha guidato proprio questo cambiamento da nicchia a questione sociale.<\/p>\n<p>Nel 2004, l'associazione ha presentato il primo battipista al mondo con un sistema di accumulo di idruri metallici e un motore a combustione di idrogeno. Il divieto di utilizzo dell'amianto ha costretto l'industria a sviluppare nuovi diaframmi per gli elettrolizzatori alcalini, uno sviluppo che \u00e8 stato in gran parte realizzato dai membri di Hydropole.<\/p>\n<h3>Competenza chiave: competenza e integrazione internazionale<\/h3>\n<p>\u00abLa competenza principale dell'associazione \u00e8 la competenza e l'integrazione internazionale in un ambiente politicamente neutrale\u00bb, sottolinea Z\u00fcttel. \u00abCi\u00f2 consente un dialogo fiducioso e ulteriori sviluppi concreti di cui beneficiano tutti i membri\u00bb.\u00bb<\/p>\n<p>Hans Michael Kellner, amministratore delegato di Messer Svizzera e membro del consiglio di amministrazione di Hydropole, aggiunge la prospettiva industriale: \u00abMeno dell\u00bb1% dell'idrogeno mondiale \u00e8 attualmente privo di emissioni di CO\u2082. La maggior parte proviene da fonti fossili e quindi contribuisce alle emissioni stesse. Ma esiste un'opportunit\u00e0 spesso trascurata: il cosiddetto idrogeno \"incolore\", che \u00e8 un sottoprodotto dei processi industriali e pu\u00f2 essere utilizzato immediatamente con un investimento minimo.\"<\/p>\n<h3>Gli idruri metallici come chiave per il futuro<\/h3>\n<p>Kellner vede negli idruri metallici la chiave per la prossima fase: \u00abGli idruri metallici non solo consentono uno stoccaggio sicuro, ma anche la purificazione, la compressione termica e persino la conversione del calore di scarto in elettricit\u00e0, senza rumore o vibrazioni. Inoltre, risolvono il problema logistico della fornitura di idrogeno e rendono le stazioni di rifornimento pi\u00f9 semplici ed efficienti. Ci\u00f2 rende l'idrogeno non solo un'alternativa, ma anche una soluzione competitiva per l'industria\u00bb.\u00bb<\/p>\n<p>L'Hydrogen Report Switzerland 2026, presentato in occasione dell'anniversario, documenta gli impressionanti risultati ottenuti dai membri di Hydropole e sottolinea l'importanza globale della ricerca svizzera. \u00abAnche se oggi oltre l\u00bb80% dell'idrogeno viene prodotto e consumato in Asia, le origini della tecnologia sono in Europa e la Svizzera continua a essere un importante motore di innovazione\", afferma Z\u00fcttel.<\/p>\n<p>Dopo 25 anni, Hydropole rimane la piattaforma centrale per lo scambio di conoscenze tra il mondo accademico e l'industria - politicamente neutrale, scientificamente valida e orientata alle soluzioni.<\/p>\n<p><em>Ulteriori informazioni: <a href=\"http:\/\/www.hydropole.ch\" target=\"_blank\" rel=\"noopener\">www.hydropole.ch<\/a><\/em><\/p>","protected":false},"excerpt":{"rendered":"<p>La Svizzera \u00e8 uno dei Paesi leader nella ricerca sull'idrogeno verde. L'associazione svizzera per l'idrogeno Hydropole celebra il suo 25\u00b0 anniversario e presenta il \u00abRapporto sull'idrogeno in Svizzera 2026\u00bb. Il rapporto mostra come la Svizzera sia passata dall'essere la prima piattaforma power-to-X al mondo a un centro di eccellenza riconosciuto a livello internazionale per la tecnologia dell'idrogeno.<\/p>","protected":false},"author":107,"featured_media":46427,"comment_status":"closed","ping_status":"closed","sticky":false,"template":"","format":"standard","meta":{"_acf_changed":false,"_yoast_wpseo_focuskw":"Wasserstoff","_yoast_wpseo_metadesc":"Die Schweiz ist Pionierin bei gr\u00fcnem Wasserstoff. Hydropole feiert 25 Jahre Innovation und pr\u00e4sentiert den Hydrogen Report Switzerland 2026.","articlekey":"","footnotes":""},"categories":[580],"tags":[4099,3433,358,503],"class_list":["post-46428","post","type-post","status-publish","format-standard","has-post-thumbnail","hentry","category-sustainability","tag-energietraeger","tag-gruener-wasserstoff","tag-nachhaltige-wirtschaft","tag-verbaende"],"acf":[],"yoast_head":"<!-- This site is optimized with the Yoast SEO plugin v27.4 - https:\/\/yoast.com\/product\/yoast-seo-wordpress\/ -->\n<title>Schweiz f\u00fchrt weltweit bei Produktion von gr\u00fcnem Wasserstoff - Organisator<\/title>\n<meta name=\"description\" content=\"Die Schweiz ist Pionierin bei gr\u00fcnem Wasserstoff. Hydropole feiert 25 Jahre Innovation und pr\u00e4sentiert den Hydrogen Report Switzerland 2026.\" \/>\n<meta name=\"robots\" content=\"index, follow, max-snippet:-1, max-image-preview:large, max-video-preview:-1\" \/>\n<link rel=\"canonical\" href=\"https:\/\/www.organisator.ch\/it\/sostenibilita\/2026-03-23\/schweiz-fuehrt-weltweit-bei-produktion-von-gruenem-wasserstoff\/\" \/>\n<meta property=\"og:locale\" content=\"it_IT\" \/>\n<meta property=\"og:type\" content=\"article\" \/>\n<meta property=\"og:title\" content=\"Schweiz f\u00fchrt weltweit bei Produktion von gr\u00fcnem Wasserstoff\" \/>\n<meta property=\"og:description\" content=\"Die Schweiz ist Pionierin bei gr\u00fcnem Wasserstoff. Hydropole feiert 25 Jahre Innovation und pr\u00e4sentiert den Hydrogen Report Switzerland 2026.\" \/>\n<meta property=\"og:url\" content=\"https:\/\/www.organisator.ch\/it\/sostenibilita\/2026-03-23\/schweiz-fuehrt-weltweit-bei-produktion-von-gruenem-wasserstoff\/\" \/>\n<meta property=\"og:site_name\" content=\"Organisator\" \/>\n<meta property=\"article:publisher\" content=\"https:\/\/www.facebook.com\/OrganisatorFachmagazin\" \/>\n<meta property=\"article:published_time\" content=\"2026-03-23T06:24:40+00:00\" \/>\n<meta property=\"og:image\" content=\"https:\/\/www.organisator.ch\/wp-content\/uploads\/2026\/03\/Foto-Praesidium-Hydropole-1-scaled.jpeg\" \/>\n\t<meta property=\"og:image:width\" content=\"1400\" \/>\n\t<meta property=\"og:image:height\" content=\"801\" \/>\n\t<meta property=\"og:image:type\" content=\"image\/jpeg\" \/>\n<meta name=\"author\" content=\"n8n\" \/>\n<meta name=\"twitter:card\" content=\"summary_large_image\" \/>\n<meta name=\"twitter:title\" content=\"Schweiz f\u00fchrt weltweit bei Produktion von gr\u00fcnem #Wasserstoff\" \/>\n<meta name=\"twitter:description\" content=\"Die Schweiz ist Pionierin bei gr\u00fcnem #Wasserstoff. #Hydropole feiert 25 Jahre Innovation und pr\u00e4sentiert den #Hydrogen Report Switzerland 2026.\" \/>\n<meta name=\"twitter:image\" content=\"https:\/\/www.organisator.ch\/wp-content\/uploads\/2026\/03\/Foto-Praesidium-Hydropole-1-scaled.jpeg\" \/>\n<script type=\"application\/ld+json\" class=\"yoast-schema-graph\">{\"@context\":\"https:\\\/\\\/schema.org\",\"@graph\":[{\"@type\":\"Article\",\"@id\":\"https:\\\/\\\/www.organisator.ch\\\/sustainability\\\/2026-03-23\\\/schweiz-fuehrt-weltweit-bei-produktion-von-gruenem-wasserstoff\\\/#article\",\"isPartOf\":{\"@id\":\"https:\\\/\\\/www.organisator.ch\\\/sustainability\\\/2026-03-23\\\/schweiz-fuehrt-weltweit-bei-produktion-von-gruenem-wasserstoff\\\/\"},\"author\":{\"name\":\"n8n\",\"@id\":\"https:\\\/\\\/www.organisator.ch\\\/#\\\/schema\\\/person\\\/a9d0e0eff238db87a8f840f3b50359f0\"},\"headline\":\"Schweiz f\u00fchrt weltweit bei Produktion von gr\u00fcnem Wasserstoff\",\"datePublished\":\"2026-03-23T06:24:40+00:00\",\"mainEntityOfPage\":{\"@id\":\"https:\\\/\\\/www.organisator.ch\\\/sustainability\\\/2026-03-23\\\/schweiz-fuehrt-weltweit-bei-produktion-von-gruenem-wasserstoff\\\/\"},\"wordCount\":492,\"publisher\":{\"@id\":\"https:\\\/\\\/www.organisator.ch\\\/#organization\"},\"image\":{\"@id\":\"https:\\\/\\\/www.organisator.ch\\\/sustainability\\\/2026-03-23\\\/schweiz-fuehrt-weltweit-bei-produktion-von-gruenem-wasserstoff\\\/#primaryimage\"},\"thumbnailUrl\":\"https:\\\/\\\/www.organisator.ch\\\/wp-content\\\/uploads\\\/2026\\\/03\\\/Foto-Praesidium-Hydropole-scaled.jpeg\",\"keywords\":[\"Energietr\u00e4ger\",\"Gr\u00fcner Wasserstoff\",\"Nachhaltige Wirtschaft\",\"Verb\u00e4nde\"],\"articleSection\":[\"SUSTAINABILITY\"],\"inLanguage\":\"it-IT\"},{\"@type\":\"WebPage\",\"@id\":\"https:\\\/\\\/www.organisator.ch\\\/sustainability\\\/2026-03-23\\\/schweiz-fuehrt-weltweit-bei-produktion-von-gruenem-wasserstoff\\\/\",\"url\":\"https:\\\/\\\/www.organisator.ch\\\/sustainability\\\/2026-03-23\\\/schweiz-fuehrt-weltweit-bei-produktion-von-gruenem-wasserstoff\\\/\",\"name\":\"Schweiz f\u00fchrt weltweit bei Produktion von gr\u00fcnem Wasserstoff - Organisator\",\"isPartOf\":{\"@id\":\"https:\\\/\\\/www.organisator.ch\\\/#website\"},\"primaryImageOfPage\":{\"@id\":\"https:\\\/\\\/www.organisator.ch\\\/sustainability\\\/2026-03-23\\\/schweiz-fuehrt-weltweit-bei-produktion-von-gruenem-wasserstoff\\\/#primaryimage\"},\"image\":{\"@id\":\"https:\\\/\\\/www.organisator.ch\\\/sustainability\\\/2026-03-23\\\/schweiz-fuehrt-weltweit-bei-produktion-von-gruenem-wasserstoff\\\/#primaryimage\"},\"thumbnailUrl\":\"https:\\\/\\\/www.organisator.ch\\\/wp-content\\\/uploads\\\/2026\\\/03\\\/Foto-Praesidium-Hydropole-scaled.jpeg\",\"datePublished\":\"2026-03-23T06:24:40+00:00\",\"description\":\"Die Schweiz ist Pionierin bei gr\u00fcnem Wasserstoff. Hydropole feiert 25 Jahre Innovation und pr\u00e4sentiert den Hydrogen Report Switzerland 2026.\",\"breadcrumb\":{\"@id\":\"https:\\\/\\\/www.organisator.ch\\\/sustainability\\\/2026-03-23\\\/schweiz-fuehrt-weltweit-bei-produktion-von-gruenem-wasserstoff\\\/#breadcrumb\"},\"inLanguage\":\"it-IT\",\"potentialAction\":[{\"@type\":\"ReadAction\",\"target\":[\"https:\\\/\\\/www.organisator.ch\\\/sustainability\\\/2026-03-23\\\/schweiz-fuehrt-weltweit-bei-produktion-von-gruenem-wasserstoff\\\/\"]}]},{\"@type\":\"ImageObject\",\"inLanguage\":\"it-IT\",\"@id\":\"https:\\\/\\\/www.organisator.ch\\\/sustainability\\\/2026-03-23\\\/schweiz-fuehrt-weltweit-bei-produktion-von-gruenem-wasserstoff\\\/#primaryimage\",\"url\":\"https:\\\/\\\/www.organisator.ch\\\/wp-content\\\/uploads\\\/2026\\\/03\\\/Foto-Praesidium-Hydropole-scaled.jpeg\",\"contentUrl\":\"https:\\\/\\\/www.organisator.ch\\\/wp-content\\\/uploads\\\/2026\\\/03\\\/Foto-Praesidium-Hydropole-scaled.jpeg\",\"width\":1400,\"height\":801,\"caption\":\"Hydropole Pr\u00e4sidium trifft wichtige Entscheidungen. Quelle: zvg\"},{\"@type\":\"BreadcrumbList\",\"@id\":\"https:\\\/\\\/www.organisator.ch\\\/sustainability\\\/2026-03-23\\\/schweiz-fuehrt-weltweit-bei-produktion-von-gruenem-wasserstoff\\\/#breadcrumb\",\"itemListElement\":[{\"@type\":\"ListItem\",\"position\":1,\"name\":\"Home\",\"item\":\"https:\\\/\\\/www.organisator.ch\\\/\"},{\"@type\":\"ListItem\",\"position\":2,\"name\":\"Schweiz f\u00fchrt weltweit bei Produktion von gr\u00fcnem Wasserstoff\"}]},{\"@type\":\"WebSite\",\"@id\":\"https:\\\/\\\/www.organisator.ch\\\/#website\",\"url\":\"https:\\\/\\\/www.organisator.ch\\\/\",\"name\":\"Organisator\",\"description\":\"Kompetent. Praxisnah. Der ORGANISATOR bereitet in 10 Ausgaben pro Jahr die wesentlichen Themen f\u00fcr F\u00fchrungskr\u00e4fte von KMU auf.\",\"publisher\":{\"@id\":\"https:\\\/\\\/www.organisator.ch\\\/#organization\"},\"potentialAction\":[{\"@type\":\"SearchAction\",\"target\":{\"@type\":\"EntryPoint\",\"urlTemplate\":\"https:\\\/\\\/www.organisator.ch\\\/?s={search_term_string}\"},\"query-input\":{\"@type\":\"PropertyValueSpecification\",\"valueRequired\":true,\"valueName\":\"search_term_string\"}}],\"inLanguage\":\"it-IT\"},{\"@type\":\"Organization\",\"@id\":\"https:\\\/\\\/www.organisator.ch\\\/#organization\",\"name\":\"Organisator\",\"url\":\"https:\\\/\\\/www.organisator.ch\\\/\",\"logo\":{\"@type\":\"ImageObject\",\"inLanguage\":\"it-IT\",\"@id\":\"https:\\\/\\\/www.organisator.ch\\\/#\\\/schema\\\/logo\\\/image\\\/\",\"url\":\"https:\\\/\\\/www.organisator.ch\\\/wp-content\\\/uploads\\\/2022\\\/01\\\/Logo_Organisator_Website.png\",\"contentUrl\":\"https:\\\/\\\/www.organisator.ch\\\/wp-content\\\/uploads\\\/2022\\\/01\\\/Logo_Organisator_Website.png\",\"width\":800,\"height\":77,\"caption\":\"Organisator\"},\"image\":{\"@id\":\"https:\\\/\\\/www.organisator.ch\\\/#\\\/schema\\\/logo\\\/image\\\/\"},\"sameAs\":[\"https:\\\/\\\/www.facebook.com\\\/OrganisatorFachmagazin\",\"https:\\\/\\\/www.linkedin.com\\\/showcase\\\/organisator-das-magazin-fr-kmu\",\"https:\\\/\\\/www.xing.com\\\/news\\\/pages\\\/organisator-ch-695\",\"https:\\\/\\\/www.youtube.com\\\/channel\\\/UCGP2Sq0iWaZwT3BdIAQFYpw\"]},{\"@type\":\"Person\",\"@id\":\"https:\\\/\\\/www.organisator.ch\\\/#\\\/schema\\\/person\\\/a9d0e0eff238db87a8f840f3b50359f0\",\"name\":\"n8n\",\"image\":{\"@type\":\"ImageObject\",\"inLanguage\":\"it-IT\",\"@id\":\"https:\\\/\\\/secure.gravatar.com\\\/avatar\\\/5368fb9d03fd415a6f335cece4c15af2502d6ca8651efbd6e8f98427a9795400?s=96&d=mm&r=g\",\"url\":\"https:\\\/\\\/secure.gravatar.com\\\/avatar\\\/5368fb9d03fd415a6f335cece4c15af2502d6ca8651efbd6e8f98427a9795400?s=96&d=mm&r=g\",\"contentUrl\":\"https:\\\/\\\/secure.gravatar.com\\\/avatar\\\/5368fb9d03fd415a6f335cece4c15af2502d6ca8651efbd6e8f98427a9795400?s=96&d=mm&r=g\",\"caption\":\"n8n\"},\"url\":\"https:\\\/\\\/www.organisator.ch\\\/it\\\/author\\\/n8n\\\/\"}]}<\/script>\n<!-- \/ Yoast SEO plugin. -->","yoast_head_json":{"title":"La Svizzera \u00e8 leader mondiale nella produzione di idrogeno verde - Organizzatore","description":"La Svizzera \u00e8 un pioniere dell'idrogeno verde. Hydropole celebra 25 anni di innovazione e presenta l'Hydrogen Report Switzerland 2026.","robots":{"index":"index","follow":"follow","max-snippet":"max-snippet:-1","max-image-preview":"max-image-preview:large","max-video-preview":"max-video-preview:-1"},"canonical":"https:\/\/www.organisator.ch\/it\/sostenibilita\/2026-03-23\/schweiz-fuehrt-weltweit-bei-produktion-von-gruenem-wasserstoff\/","og_locale":"it_IT","og_type":"article","og_title":"Schweiz f\u00fchrt weltweit bei Produktion von gr\u00fcnem Wasserstoff","og_description":"Die Schweiz ist Pionierin bei gr\u00fcnem Wasserstoff. Hydropole feiert 25 Jahre Innovation und pr\u00e4sentiert den Hydrogen Report Switzerland 2026.","og_url":"https:\/\/www.organisator.ch\/it\/sostenibilita\/2026-03-23\/schweiz-fuehrt-weltweit-bei-produktion-von-gruenem-wasserstoff\/","og_site_name":"Organisator","article_publisher":"https:\/\/www.facebook.com\/OrganisatorFachmagazin","article_published_time":"2026-03-23T06:24:40+00:00","og_image":[{"width":1400,"height":801,"url":"https:\/\/www.organisator.ch\/wp-content\/uploads\/2026\/03\/Foto-Praesidium-Hydropole-1-scaled.jpeg","type":"image\/jpeg"}],"author":"n8n","twitter_card":"summary_large_image","twitter_title":"Schweiz f\u00fchrt weltweit bei Produktion von gr\u00fcnem #Wasserstoff","twitter_description":"Die Schweiz ist Pionierin bei gr\u00fcnem #Wasserstoff. #Hydropole feiert 25 Jahre Innovation und pr\u00e4sentiert den #Hydrogen Report Switzerland 2026.","twitter_image":"https:\/\/www.organisator.ch\/wp-content\/uploads\/2026\/03\/Foto-Praesidium-Hydropole-1-scaled.jpeg","schema":{"@context":"https:\/\/schema.org","@graph":[{"@type":"Article","@id":"https:\/\/www.organisator.ch\/sustainability\/2026-03-23\/schweiz-fuehrt-weltweit-bei-produktion-von-gruenem-wasserstoff\/#article","isPartOf":{"@id":"https:\/\/www.organisator.ch\/sustainability\/2026-03-23\/schweiz-fuehrt-weltweit-bei-produktion-von-gruenem-wasserstoff\/"},"author":{"name":"n8n","@id":"https:\/\/www.organisator.ch\/#\/schema\/person\/a9d0e0eff238db87a8f840f3b50359f0"},"headline":"Schweiz f\u00fchrt weltweit bei Produktion von gr\u00fcnem Wasserstoff","datePublished":"2026-03-23T06:24:40+00:00","mainEntityOfPage":{"@id":"https:\/\/www.organisator.ch\/sustainability\/2026-03-23\/schweiz-fuehrt-weltweit-bei-produktion-von-gruenem-wasserstoff\/"},"wordCount":492,"publisher":{"@id":"https:\/\/www.organisator.ch\/#organization"},"image":{"@id":"https:\/\/www.organisator.ch\/sustainability\/2026-03-23\/schweiz-fuehrt-weltweit-bei-produktion-von-gruenem-wasserstoff\/#primaryimage"},"thumbnailUrl":"https:\/\/www.organisator.ch\/wp-content\/uploads\/2026\/03\/Foto-Praesidium-Hydropole-scaled.jpeg","keywords":["Energietr\u00e4ger","Gr\u00fcner Wasserstoff","Nachhaltige Wirtschaft","Verb\u00e4nde"],"articleSection":["SUSTAINABILITY"],"inLanguage":"it-IT"},{"@type":"WebPage","@id":"https:\/\/www.organisator.ch\/sustainability\/2026-03-23\/schweiz-fuehrt-weltweit-bei-produktion-von-gruenem-wasserstoff\/","url":"https:\/\/www.organisator.ch\/sustainability\/2026-03-23\/schweiz-fuehrt-weltweit-bei-produktion-von-gruenem-wasserstoff\/","name":"La Svizzera \u00e8 leader mondiale nella produzione di idrogeno verde - Organizzatore","isPartOf":{"@id":"https:\/\/www.organisator.ch\/#website"},"primaryImageOfPage":{"@id":"https:\/\/www.organisator.ch\/sustainability\/2026-03-23\/schweiz-fuehrt-weltweit-bei-produktion-von-gruenem-wasserstoff\/#primaryimage"},"image":{"@id":"https:\/\/www.organisator.ch\/sustainability\/2026-03-23\/schweiz-fuehrt-weltweit-bei-produktion-von-gruenem-wasserstoff\/#primaryimage"},"thumbnailUrl":"https:\/\/www.organisator.ch\/wp-content\/uploads\/2026\/03\/Foto-Praesidium-Hydropole-scaled.jpeg","datePublished":"2026-03-23T06:24:40+00:00","description":"La Svizzera \u00e8 un pioniere dell'idrogeno verde. Hydropole celebra 25 anni di innovazione e presenta l'Hydrogen Report Switzerland 2026.","breadcrumb":{"@id":"https:\/\/www.organisator.ch\/sustainability\/2026-03-23\/schweiz-fuehrt-weltweit-bei-produktion-von-gruenem-wasserstoff\/#breadcrumb"},"inLanguage":"it-IT","potentialAction":[{"@type":"ReadAction","target":["https:\/\/www.organisator.ch\/sustainability\/2026-03-23\/schweiz-fuehrt-weltweit-bei-produktion-von-gruenem-wasserstoff\/"]}]},{"@type":"ImageObject","inLanguage":"it-IT","@id":"https:\/\/www.organisator.ch\/sustainability\/2026-03-23\/schweiz-fuehrt-weltweit-bei-produktion-von-gruenem-wasserstoff\/#primaryimage","url":"https:\/\/www.organisator.ch\/wp-content\/uploads\/2026\/03\/Foto-Praesidium-Hydropole-scaled.jpeg","contentUrl":"https:\/\/www.organisator.ch\/wp-content\/uploads\/2026\/03\/Foto-Praesidium-Hydropole-scaled.jpeg","width":1400,"height":801,"caption":"Hydropole Pr\u00e4sidium trifft wichtige Entscheidungen. Quelle: zvg"},{"@type":"BreadcrumbList","@id":"https:\/\/www.organisator.ch\/sustainability\/2026-03-23\/schweiz-fuehrt-weltweit-bei-produktion-von-gruenem-wasserstoff\/#breadcrumb","itemListElement":[{"@type":"ListItem","position":1,"name":"Home","item":"https:\/\/www.organisator.ch\/"},{"@type":"ListItem","position":2,"name":"Schweiz f\u00fchrt weltweit bei Produktion von gr\u00fcnem Wasserstoff"}]},{"@type":"WebSite","@id":"https:\/\/www.organisator.ch\/#website","url":"https:\/\/www.organisator.ch\/","name":"Organizzatore","description":"Competente. Pratico. In 10 numeri all'anno, ORGANISATOR presenta i temi essenziali per i manager delle PMI.","publisher":{"@id":"https:\/\/www.organisator.ch\/#organization"},"potentialAction":[{"@type":"SearchAction","target":{"@type":"EntryPoint","urlTemplate":"https:\/\/www.organisator.ch\/?s={search_term_string}"},"query-input":{"@type":"PropertyValueSpecification","valueRequired":true,"valueName":"search_term_string"}}],"inLanguage":"it-IT"},{"@type":"Organization","@id":"https:\/\/www.organisator.ch\/#organization","name":"Organizzatore","url":"https:\/\/www.organisator.ch\/","logo":{"@type":"ImageObject","inLanguage":"it-IT","@id":"https:\/\/www.organisator.ch\/#\/schema\/logo\/image\/","url":"https:\/\/www.organisator.ch\/wp-content\/uploads\/2022\/01\/Logo_Organisator_Website.png","contentUrl":"https:\/\/www.organisator.ch\/wp-content\/uploads\/2022\/01\/Logo_Organisator_Website.png","width":800,"height":77,"caption":"Organisator"},"image":{"@id":"https:\/\/www.organisator.ch\/#\/schema\/logo\/image\/"},"sameAs":["https:\/\/www.facebook.com\/OrganisatorFachmagazin","https:\/\/www.linkedin.com\/showcase\/organisator-das-magazin-fr-kmu","https:\/\/www.xing.com\/news\/pages\/organisator-ch-695","https:\/\/www.youtube.com\/channel\/UCGP2Sq0iWaZwT3BdIAQFYpw"]},{"@type":"Person","@id":"https:\/\/www.organisator.ch\/#\/schema\/person\/a9d0e0eff238db87a8f840f3b50359f0","name":"n8n","image":{"@type":"ImageObject","inLanguage":"it-IT","@id":"https:\/\/secure.gravatar.com\/avatar\/5368fb9d03fd415a6f335cece4c15af2502d6ca8651efbd6e8f98427a9795400?s=96&d=mm&r=g","url":"https:\/\/secure.gravatar.com\/avatar\/5368fb9d03fd415a6f335cece4c15af2502d6ca8651efbd6e8f98427a9795400?s=96&d=mm&r=g","contentUrl":"https:\/\/secure.gravatar.com\/avatar\/5368fb9d03fd415a6f335cece4c15af2502d6ca8651efbd6e8f98427a9795400?s=96&d=mm&r=g","caption":"n8n"},"url":"https:\/\/www.organisator.ch\/it\/author\/n8n\/"}]}},"_links":{"self":[{"href":"https:\/\/www.organisator.ch\/it\/wp-json\/wp\/v2\/posts\/46428","targetHints":{"allow":["GET"]}}],"collection":[{"href":"https:\/\/www.organisator.ch\/it\/wp-json\/wp\/v2\/posts"}],"about":[{"href":"https:\/\/www.organisator.ch\/it\/wp-json\/wp\/v2\/types\/post"}],"author":[{"embeddable":true,"href":"https:\/\/www.organisator.ch\/it\/wp-json\/wp\/v2\/users\/107"}],"replies":[{"embeddable":true,"href":"https:\/\/www.organisator.ch\/it\/wp-json\/wp\/v2\/comments?post=46428"}],"version-history":[{"count":5,"href":"https:\/\/www.organisator.ch\/it\/wp-json\/wp\/v2\/posts\/46428\/revisions"}],"predecessor-version":[{"id":46483,"href":"https:\/\/www.organisator.ch\/it\/wp-json\/wp\/v2\/posts\/46428\/revisions\/46483"}],"wp:featuredmedia":[{"embeddable":true,"href":"https:\/\/www.organisator.ch\/it\/wp-json\/wp\/v2\/media\/46427"}],"wp:attachment":[{"href":"https:\/\/www.organisator.ch\/it\/wp-json\/wp\/v2\/media?parent=46428"}],"wp:term":[{"taxonomy":"category","embeddable":true,"href":"https:\/\/www.organisator.ch\/it\/wp-json\/wp\/v2\/categories?post=46428"},{"taxonomy":"post_tag","embeddable":true,"href":"https:\/\/www.organisator.ch\/it\/wp-json\/wp\/v2\/tags?post=46428"}],"curies":[{"name":"wp","href":"https:\/\/api.w.org\/{rel}","templated":true}]}}