{"id":4643,"date":"2021-07-30T09:40:47","date_gmt":"2021-07-30T07:40:47","guid":{"rendered":"https:\/\/www.umweltperspektiven.ch\/?p=4643"},"modified":"2021-07-30T09:40:47","modified_gmt":"2021-07-30T07:40:47","slug":"einmalige-buchenwaelder-der-schweiz-auf-unesco-welterbeliste","status":"publish","type":"post","link":"https:\/\/www.organisator.ch\/it\/allgemein\/2021-07-30\/einmalige-buchenwaelder-der-schweiz-auf-unesco-welterbeliste\/","title":{"rendered":"Le foreste di faggio uniche della CH sono un gioiello dell'Unesco"},"content":{"rendered":"<figure id=\"attachment_4644\" aria-describedby=\"caption-attachment-4644\" style=\"width: 680px\" class=\"wp-caption alignnone\"><img loading=\"lazy\" decoding=\"async\" class=\"size-medium wp-image-4644\" src=\"\/\/www.umweltperspektiven.ch\/wp-content\/uploads\/2021\/07\/Bettlachstock.jpg\" alt=\"Patrimonio Mondiale dell&#039;Umanit\u00e0\" width=\"680\" height=\"510\" \/><figcaption id=\"caption-attachment-4644\" class=\"wp-caption-text\">Un patrimonio naturale dell'umanit\u00e0: le foreste di faggi del Bettlackstock.<br \/>\u00a9 zVg Kaufmann + Bader GmbH<\/figcaption><\/figure>\n<p>Essendo la specie arborea pi\u00f9 comune nell'Europa centrale, il faggio \u00e8 caratterizzato dalla sua adattabilit\u00e0 a diverse condizioni climatiche e geografiche. Tuttavia, l'intervento umano sta esercitando una forte pressione sulle foreste di faggio primordiali e sulle vecchie faggete, cos\u00ec che ne rimangono solo pochi resti. Per questo motivo, la Svizzera ha proposto l'iscrizione di due riserve di faggi nella lista del patrimonio mondiale. Dopo un'ispezione dettagliata, il Comitato del patrimonio mondiale ha approvato la proposta il 28 luglio 2021 e ha iscritto le antiche faggete delle valli di Lodano, Busai e Soladino (TI) e del Bettlachstock (SO) nella lista del patrimonio mondiale (<a href=\"\/\/www.unesco.ch\">Lista del patrimonio mondiale CH<\/a>Commissione svizzera dell'Unesco).<\/p>\n<h2><strong>Alberi di oltre 170 anni<\/strong><\/h2>\n<p>Con pi\u00f9 di 170 anni di alberi e una superficie totale di pi\u00f9 di 1000 ettari, queste due riserve forestali svizzere sono un prezioso serbatoio genetico non solo per il faggio, ma anche per numerose specie animali e vegetali associate che dipendono da questi habitat. Le riserve forestali naturali sono aperte al pubblico e permettono di preservare la biodiversit\u00e0 limitando gli interventi forestali, come sottolinea l'Ufficio federale dell'ambiente (UFAM). Le riserve forestali svizzere iscritte nel patrimonio mondiale dell'Unesco fanno parte di un insieme transnazionale: 94 faggete in 18 paesi formano un unico patrimonio mondiale. La protezione e la gestione di questo patrimonio naturale richiede cooperazione e coordinamento tra questi paesi.<\/p>\n<p>\"La decisione riconosce l'impegno della Svizzera nella protezione degli ecosistemi a livello globale e riconosce la qualit\u00e0 della sua politica di promozione della biodiversit\u00e0 nelle foreste\", spiega la direttrice del Bafu Katrin Schneeberger.<\/p>\n<p><em>Fonte: Bafu<\/em><\/p>\n<figure id=\"attachment_4645\" aria-describedby=\"caption-attachment-4645\" style=\"width: 680px\" class=\"wp-caption alignnone\"><img loading=\"lazy\" decoding=\"async\" class=\"wp-image-4645 size-medium\" src=\"\/\/www.umweltperspektiven.ch\/wp-content\/uploads\/2021\/07\/csm_Gesamtsicht_Oberes_Mittleres_Brueglli_Bettlachstock_fd5cf58a69.jpg\" alt=\"Patrimonio Mondiale dell&#039;Umanit\u00e0\" width=\"680\" height=\"451\" \/><figcaption id=\"caption-attachment-4645\" class=\"wp-caption-text\">Il patrimonio mondiale come visione d'insieme dell'Alto Medio Br\u00fcggli Bettlachstock.<br \/>\u00a9 zVg Kaufmann + Bader GmbH<\/figcaption><\/figure>\n<p>&nbsp;<\/p>\n<blockquote><p><strong>Luoghi in Svizzera sulla lista del patrimonio mondiale<\/strong><\/p>\n<p>La Lista del Patrimonio Mondiale \u00e8 uno strumento della Convenzione dell'Unesco sulla Protezione del Patrimonio Mondiale Culturale e Naturale (Convenzione del Patrimonio Mondiale). Contiene le propriet\u00e0 il cui valore universale eccezionale \u00e8 stato riconosciuto dal Comitato del Patrimonio Mondiale. In Svizzera, 13 propriet\u00e0 sono incluse nel <a href=\"\/\/www.bafu.admin.ch\/bafu\/de\/home\/themen\/landschaft\/fachinformationen\/landschaftsqualitaet-erhalten-und-entwickeln\/landschaften-von-nationaler-bedeutung\/unesco-welterbe.html\">Lista del patrimonio mondiale<\/a> quattro dei quali sono elencati come patrimonio naturale:<\/p>\n<ul>\n<li>Antiche faggete nei cantoni Ticino e Soletta<\/li>\n<li><a href=\"\/\/jungfraualetsch.ch\/\">Alpi svizzere Jungfrau-Aletsch<\/a><\/li>\n<li>il <a href=\"\/\/www.montesangiorgio.org\/de\/\">Monte San Giorgio<\/a><\/li>\n<li>il <a href=\"\/\/unesco-sardona.ch\/\">Arena tettonica Sardona<\/a><\/li>\n<\/ul>\n<p>Le altre nove propriet\u00e0 sono siti del patrimonio culturale.<\/p><\/blockquote>\n<p>&nbsp;<\/p>","protected":false},"excerpt":{"rendered":"<p>Als h\u00e4ufigste Baumart in Mitteleuropa zeichnet sich die Buche durch ihre Anpassungsf\u00e4higkeit an unterschiedliche klimatische und geografische Bedingungen aus. Menschliche Eingriffe \u00fcben jedoch einen starken Druck auf die Buchenurw\u00e4lder und alten Buchenw\u00e4lder aus, sodass nur noch einige Reste \u00fcbrig sind. Aus diesem Grund hat die Schweiz die Aufnahme von zwei Buchenwaldreservaten in die Welterbeliste vorgeschlagen. [&hellip;]<\/p>\n","protected":false},"author":6,"featured_media":4644,"comment_status":"closed","ping_status":"closed","sticky":false,"template":"","format":"standard","meta":{"_acf_changed":false,"_yoast_wpseo_focuskw":"Weltnaturerbe","_yoast_wpseo_metadesc":"","articlekey":"","footnotes":""},"categories":[1],"tags":[804,829,880,2402,2549],"class_list":["post-4643","post","type-post","status-publish","format-standard","has-post-thumbnail","hentry","category-allgemein","tag-bettlackstock","tag-biodiversitaet","tag-buchenwaelder","tag-unesco","tag-weltnaturerbe"],"acf":[],"yoast_head":"<!-- This site is optimized with the Yoast SEO plugin v27.4 - https:\/\/yoast.com\/product\/yoast-seo-wordpress\/ -->\n<title>Einmalige CH-Buchenw\u00e4lder sind Unesco-Juwel - Organisator<\/title>\n<meta name=\"robots\" content=\"index, follow, max-snippet:-1, max-image-preview:large, max-video-preview:-1\" \/>\n<link rel=\"canonical\" href=\"https:\/\/www.organisator.ch\/it\/generale\/2021-07-30\/einmalige-buchenwaelder-der-schweiz-auf-unesco-welterbeliste\/\" \/>\n<meta property=\"og:locale\" content=\"it_IT\" \/>\n<meta property=\"og:type\" content=\"article\" \/>\n<meta property=\"og:title\" content=\"Einmalige CH-Buchenw\u00e4lder sind Unesco-Juwel - Organisator\" \/>\n<meta property=\"og:description\" content=\"Als h\u00e4ufigste Baumart in Mitteleuropa zeichnet sich die Buche durch ihre Anpassungsf\u00e4higkeit an unterschiedliche klimatische und geografische Bedingungen aus. Menschliche Eingriffe \u00fcben jedoch einen starken Druck auf die Buchenurw\u00e4lder und alten Buchenw\u00e4lder aus, sodass nur noch einige Reste \u00fcbrig sind. Aus diesem Grund hat die Schweiz die Aufnahme von zwei Buchenwaldreservaten in die Welterbeliste vorgeschlagen. [&hellip;]\" \/>\n<meta property=\"og:url\" content=\"https:\/\/www.organisator.ch\/it\/generale\/2021-07-30\/einmalige-buchenwaelder-der-schweiz-auf-unesco-welterbeliste\/\" \/>\n<meta property=\"og:site_name\" content=\"Organisator\" \/>\n<meta property=\"article:publisher\" content=\"https:\/\/www.facebook.com\/OrganisatorFachmagazin\" \/>\n<meta property=\"article:published_time\" content=\"2021-07-30T07:40:47+00:00\" \/>\n<meta property=\"og:image\" content=\"https:\/\/www.organisator.ch\/wp-content\/uploads\/2021\/07\/Bettlachstock-scaled.jpg\" \/>\n\t<meta property=\"og:image:width\" content=\"2560\" \/>\n\t<meta property=\"og:image:height\" content=\"1920\" \/>\n\t<meta property=\"og:image:type\" content=\"image\/jpeg\" \/>\n<meta name=\"author\" content=\"roger.straessle\" \/>\n<meta name=\"twitter:card\" content=\"summary_large_image\" \/>\n<script type=\"application\/ld+json\" class=\"yoast-schema-graph\">{\"@context\":\"https:\\\/\\\/schema.org\",\"@graph\":[{\"@type\":\"Article\",\"@id\":\"https:\\\/\\\/www.organisator.ch\\\/de\\\/allgemein\\\/2021-07-30\\\/einmalige-buchenwaelder-der-schweiz-auf-unesco-welterbeliste\\\/#article\",\"isPartOf\":{\"@id\":\"https:\\\/\\\/www.organisator.ch\\\/de\\\/allgemein\\\/2021-07-30\\\/einmalige-buchenwaelder-der-schweiz-auf-unesco-welterbeliste\\\/\"},\"author\":{\"name\":\"roger.straessle\",\"@id\":\"https:\\\/\\\/www.organisator.ch\\\/#\\\/schema\\\/person\\\/a800b8c54e208b160517a7dcc323161d\"},\"headline\":\"Einmalige CH-Buchenw\u00e4lder sind Unesco-Juwel\",\"datePublished\":\"2021-07-30T07:40:47+00:00\",\"mainEntityOfPage\":{\"@id\":\"https:\\\/\\\/www.organisator.ch\\\/de\\\/allgemein\\\/2021-07-30\\\/einmalige-buchenwaelder-der-schweiz-auf-unesco-welterbeliste\\\/\"},\"wordCount\":377,\"publisher\":{\"@id\":\"https:\\\/\\\/www.organisator.ch\\\/#organization\"},\"image\":{\"@id\":\"https:\\\/\\\/www.organisator.ch\\\/de\\\/allgemein\\\/2021-07-30\\\/einmalige-buchenwaelder-der-schweiz-auf-unesco-welterbeliste\\\/#primaryimage\"},\"thumbnailUrl\":\"https:\\\/\\\/www.organisator.ch\\\/wp-content\\\/uploads\\\/2021\\\/07\\\/Bettlachstock-scaled.jpg\",\"keywords\":[\"Bettlackstock\",\"Biodiversit\u00e4t\",\"Buchenw\u00e4lder\",\"Unesco\",\"Weltnaturerbe\"],\"articleSection\":[\"Allgemein\"],\"inLanguage\":\"it-IT\"},{\"@type\":\"WebPage\",\"@id\":\"https:\\\/\\\/www.organisator.ch\\\/de\\\/allgemein\\\/2021-07-30\\\/einmalige-buchenwaelder-der-schweiz-auf-unesco-welterbeliste\\\/\",\"url\":\"https:\\\/\\\/www.organisator.ch\\\/de\\\/allgemein\\\/2021-07-30\\\/einmalige-buchenwaelder-der-schweiz-auf-unesco-welterbeliste\\\/\",\"name\":\"Einmalige CH-Buchenw\u00e4lder sind Unesco-Juwel - Organisator\",\"isPartOf\":{\"@id\":\"https:\\\/\\\/www.organisator.ch\\\/#website\"},\"primaryImageOfPage\":{\"@id\":\"https:\\\/\\\/www.organisator.ch\\\/de\\\/allgemein\\\/2021-07-30\\\/einmalige-buchenwaelder-der-schweiz-auf-unesco-welterbeliste\\\/#primaryimage\"},\"image\":{\"@id\":\"https:\\\/\\\/www.organisator.ch\\\/de\\\/allgemein\\\/2021-07-30\\\/einmalige-buchenwaelder-der-schweiz-auf-unesco-welterbeliste\\\/#primaryimage\"},\"thumbnailUrl\":\"https:\\\/\\\/www.organisator.ch\\\/wp-content\\\/uploads\\\/2021\\\/07\\\/Bettlachstock-scaled.jpg\",\"datePublished\":\"2021-07-30T07:40:47+00:00\",\"breadcrumb\":{\"@id\":\"https:\\\/\\\/www.organisator.ch\\\/de\\\/allgemein\\\/2021-07-30\\\/einmalige-buchenwaelder-der-schweiz-auf-unesco-welterbeliste\\\/#breadcrumb\"},\"inLanguage\":\"it-IT\",\"potentialAction\":[{\"@type\":\"ReadAction\",\"target\":[\"https:\\\/\\\/www.organisator.ch\\\/de\\\/allgemein\\\/2021-07-30\\\/einmalige-buchenwaelder-der-schweiz-auf-unesco-welterbeliste\\\/\"]}]},{\"@type\":\"ImageObject\",\"inLanguage\":\"it-IT\",\"@id\":\"https:\\\/\\\/www.organisator.ch\\\/de\\\/allgemein\\\/2021-07-30\\\/einmalige-buchenwaelder-der-schweiz-auf-unesco-welterbeliste\\\/#primaryimage\",\"url\":\"https:\\\/\\\/www.organisator.ch\\\/wp-content\\\/uploads\\\/2021\\\/07\\\/Bettlachstock-scaled.jpg\",\"contentUrl\":\"https:\\\/\\\/www.organisator.ch\\\/wp-content\\\/uploads\\\/2021\\\/07\\\/Bettlachstock-scaled.jpg\",\"width\":2560,\"height\":1920,\"caption\":\"Ein Weltnaturerbe: Die Buchenw\u00e4lder auf dem Bettlackstock. \u00a9 Staatskanzlei Solothurn\"},{\"@type\":\"BreadcrumbList\",\"@id\":\"https:\\\/\\\/www.organisator.ch\\\/de\\\/allgemein\\\/2021-07-30\\\/einmalige-buchenwaelder-der-schweiz-auf-unesco-welterbeliste\\\/#breadcrumb\",\"itemListElement\":[{\"@type\":\"ListItem\",\"position\":1,\"name\":\"Home\",\"item\":\"https:\\\/\\\/www.organisator.ch\\\/\"},{\"@type\":\"ListItem\",\"position\":2,\"name\":\"Einmalige CH-Buchenw\u00e4lder sind Unesco-Juwel\"}]},{\"@type\":\"WebSite\",\"@id\":\"https:\\\/\\\/www.organisator.ch\\\/#website\",\"url\":\"https:\\\/\\\/www.organisator.ch\\\/\",\"name\":\"Organisator\",\"description\":\"Kompetent. Praxisnah. Der ORGANISATOR bereitet in 10 Ausgaben pro Jahr die wesentlichen Themen f\u00fcr F\u00fchrungskr\u00e4fte von KMU auf.\",\"publisher\":{\"@id\":\"https:\\\/\\\/www.organisator.ch\\\/#organization\"},\"potentialAction\":[{\"@type\":\"SearchAction\",\"target\":{\"@type\":\"EntryPoint\",\"urlTemplate\":\"https:\\\/\\\/www.organisator.ch\\\/?s={search_term_string}\"},\"query-input\":{\"@type\":\"PropertyValueSpecification\",\"valueRequired\":true,\"valueName\":\"search_term_string\"}}],\"inLanguage\":\"it-IT\"},{\"@type\":\"Organization\",\"@id\":\"https:\\\/\\\/www.organisator.ch\\\/#organization\",\"name\":\"Organisator\",\"url\":\"https:\\\/\\\/www.organisator.ch\\\/\",\"logo\":{\"@type\":\"ImageObject\",\"inLanguage\":\"it-IT\",\"@id\":\"https:\\\/\\\/www.organisator.ch\\\/#\\\/schema\\\/logo\\\/image\\\/\",\"url\":\"https:\\\/\\\/www.organisator.ch\\\/wp-content\\\/uploads\\\/2022\\\/01\\\/Logo_Organisator_Website.png\",\"contentUrl\":\"https:\\\/\\\/www.organisator.ch\\\/wp-content\\\/uploads\\\/2022\\\/01\\\/Logo_Organisator_Website.png\",\"width\":800,\"height\":77,\"caption\":\"Organisator\"},\"image\":{\"@id\":\"https:\\\/\\\/www.organisator.ch\\\/#\\\/schema\\\/logo\\\/image\\\/\"},\"sameAs\":[\"https:\\\/\\\/www.facebook.com\\\/OrganisatorFachmagazin\",\"https:\\\/\\\/www.linkedin.com\\\/showcase\\\/organisator-das-magazin-fr-kmu\",\"https:\\\/\\\/www.xing.com\\\/news\\\/pages\\\/organisator-ch-695\",\"https:\\\/\\\/www.youtube.com\\\/channel\\\/UCGP2Sq0iWaZwT3BdIAQFYpw\"]},{\"@type\":\"Person\",\"@id\":\"https:\\\/\\\/www.organisator.ch\\\/#\\\/schema\\\/person\\\/a800b8c54e208b160517a7dcc323161d\",\"name\":\"roger.straessle\",\"image\":{\"@type\":\"ImageObject\",\"inLanguage\":\"it-IT\",\"@id\":\"https:\\\/\\\/secure.gravatar.com\\\/avatar\\\/?s=96&d=mm&r=g\",\"url\":\"https:\\\/\\\/secure.gravatar.com\\\/avatar\\\/?s=96&d=mm&r=g\",\"contentUrl\":\"https:\\\/\\\/secure.gravatar.com\\\/avatar\\\/?s=96&d=mm&r=g\",\"caption\":\"roger.straessle\"},\"url\":\"https:\\\/\\\/www.organisator.ch\\\/it\\\/author\\\/roger-straessle\\\/\"}]}<\/script>\n<!-- \/ Yoast SEO plugin. -->","yoast_head_json":{"title":"Le foreste di faggio della CH, uniche nel loro genere, sono un gioiello dell'Unesco - Organizzatore","robots":{"index":"index","follow":"follow","max-snippet":"max-snippet:-1","max-image-preview":"max-image-preview:large","max-video-preview":"max-video-preview:-1"},"canonical":"https:\/\/www.organisator.ch\/it\/generale\/2021-07-30\/einmalige-buchenwaelder-der-schweiz-auf-unesco-welterbeliste\/","og_locale":"it_IT","og_type":"article","og_title":"Einmalige CH-Buchenw\u00e4lder sind Unesco-Juwel - Organisator","og_description":"Als h\u00e4ufigste Baumart in Mitteleuropa zeichnet sich die Buche durch ihre Anpassungsf\u00e4higkeit an unterschiedliche klimatische und geografische Bedingungen aus. Menschliche Eingriffe \u00fcben jedoch einen starken Druck auf die Buchenurw\u00e4lder und alten Buchenw\u00e4lder aus, sodass nur noch einige Reste \u00fcbrig sind. Aus diesem Grund hat die Schweiz die Aufnahme von zwei Buchenwaldreservaten in die Welterbeliste vorgeschlagen. [&hellip;]","og_url":"https:\/\/www.organisator.ch\/it\/generale\/2021-07-30\/einmalige-buchenwaelder-der-schweiz-auf-unesco-welterbeliste\/","og_site_name":"Organisator","article_publisher":"https:\/\/www.facebook.com\/OrganisatorFachmagazin","article_published_time":"2021-07-30T07:40:47+00:00","og_image":[{"width":2560,"height":1920,"url":"https:\/\/www.organisator.ch\/wp-content\/uploads\/2021\/07\/Bettlachstock-scaled.jpg","type":"image\/jpeg"}],"author":"roger.straessle","twitter_card":"summary_large_image","schema":{"@context":"https:\/\/schema.org","@graph":[{"@type":"Article","@id":"https:\/\/www.organisator.ch\/de\/allgemein\/2021-07-30\/einmalige-buchenwaelder-der-schweiz-auf-unesco-welterbeliste\/#article","isPartOf":{"@id":"https:\/\/www.organisator.ch\/de\/allgemein\/2021-07-30\/einmalige-buchenwaelder-der-schweiz-auf-unesco-welterbeliste\/"},"author":{"name":"roger.straessle","@id":"https:\/\/www.organisator.ch\/#\/schema\/person\/a800b8c54e208b160517a7dcc323161d"},"headline":"Einmalige CH-Buchenw\u00e4lder sind Unesco-Juwel","datePublished":"2021-07-30T07:40:47+00:00","mainEntityOfPage":{"@id":"https:\/\/www.organisator.ch\/de\/allgemein\/2021-07-30\/einmalige-buchenwaelder-der-schweiz-auf-unesco-welterbeliste\/"},"wordCount":377,"publisher":{"@id":"https:\/\/www.organisator.ch\/#organization"},"image":{"@id":"https:\/\/www.organisator.ch\/de\/allgemein\/2021-07-30\/einmalige-buchenwaelder-der-schweiz-auf-unesco-welterbeliste\/#primaryimage"},"thumbnailUrl":"https:\/\/www.organisator.ch\/wp-content\/uploads\/2021\/07\/Bettlachstock-scaled.jpg","keywords":["Bettlackstock","Biodiversit\u00e4t","Buchenw\u00e4lder","Unesco","Weltnaturerbe"],"articleSection":["Allgemein"],"inLanguage":"it-IT"},{"@type":"WebPage","@id":"https:\/\/www.organisator.ch\/de\/allgemein\/2021-07-30\/einmalige-buchenwaelder-der-schweiz-auf-unesco-welterbeliste\/","url":"https:\/\/www.organisator.ch\/de\/allgemein\/2021-07-30\/einmalige-buchenwaelder-der-schweiz-auf-unesco-welterbeliste\/","name":"Le foreste di faggio della CH, uniche nel loro genere, sono un gioiello dell'Unesco - Organizzatore","isPartOf":{"@id":"https:\/\/www.organisator.ch\/#website"},"primaryImageOfPage":{"@id":"https:\/\/www.organisator.ch\/de\/allgemein\/2021-07-30\/einmalige-buchenwaelder-der-schweiz-auf-unesco-welterbeliste\/#primaryimage"},"image":{"@id":"https:\/\/www.organisator.ch\/de\/allgemein\/2021-07-30\/einmalige-buchenwaelder-der-schweiz-auf-unesco-welterbeliste\/#primaryimage"},"thumbnailUrl":"https:\/\/www.organisator.ch\/wp-content\/uploads\/2021\/07\/Bettlachstock-scaled.jpg","datePublished":"2021-07-30T07:40:47+00:00","breadcrumb":{"@id":"https:\/\/www.organisator.ch\/de\/allgemein\/2021-07-30\/einmalige-buchenwaelder-der-schweiz-auf-unesco-welterbeliste\/#breadcrumb"},"inLanguage":"it-IT","potentialAction":[{"@type":"ReadAction","target":["https:\/\/www.organisator.ch\/de\/allgemein\/2021-07-30\/einmalige-buchenwaelder-der-schweiz-auf-unesco-welterbeliste\/"]}]},{"@type":"ImageObject","inLanguage":"it-IT","@id":"https:\/\/www.organisator.ch\/de\/allgemein\/2021-07-30\/einmalige-buchenwaelder-der-schweiz-auf-unesco-welterbeliste\/#primaryimage","url":"https:\/\/www.organisator.ch\/wp-content\/uploads\/2021\/07\/Bettlachstock-scaled.jpg","contentUrl":"https:\/\/www.organisator.ch\/wp-content\/uploads\/2021\/07\/Bettlachstock-scaled.jpg","width":2560,"height":1920,"caption":"Ein Weltnaturerbe: Die Buchenw\u00e4lder auf dem Bettlackstock. \u00a9 Staatskanzlei Solothurn"},{"@type":"BreadcrumbList","@id":"https:\/\/www.organisator.ch\/de\/allgemein\/2021-07-30\/einmalige-buchenwaelder-der-schweiz-auf-unesco-welterbeliste\/#breadcrumb","itemListElement":[{"@type":"ListItem","position":1,"name":"Home","item":"https:\/\/www.organisator.ch\/"},{"@type":"ListItem","position":2,"name":"Einmalige CH-Buchenw\u00e4lder sind Unesco-Juwel"}]},{"@type":"WebSite","@id":"https:\/\/www.organisator.ch\/#website","url":"https:\/\/www.organisator.ch\/","name":"Organizzatore","description":"Competente. Pratico. In 10 numeri all'anno, ORGANISATOR presenta i temi essenziali per i manager delle PMI.","publisher":{"@id":"https:\/\/www.organisator.ch\/#organization"},"potentialAction":[{"@type":"SearchAction","target":{"@type":"EntryPoint","urlTemplate":"https:\/\/www.organisator.ch\/?s={search_term_string}"},"query-input":{"@type":"PropertyValueSpecification","valueRequired":true,"valueName":"search_term_string"}}],"inLanguage":"it-IT"},{"@type":"Organization","@id":"https:\/\/www.organisator.ch\/#organization","name":"Organizzatore","url":"https:\/\/www.organisator.ch\/","logo":{"@type":"ImageObject","inLanguage":"it-IT","@id":"https:\/\/www.organisator.ch\/#\/schema\/logo\/image\/","url":"https:\/\/www.organisator.ch\/wp-content\/uploads\/2022\/01\/Logo_Organisator_Website.png","contentUrl":"https:\/\/www.organisator.ch\/wp-content\/uploads\/2022\/01\/Logo_Organisator_Website.png","width":800,"height":77,"caption":"Organisator"},"image":{"@id":"https:\/\/www.organisator.ch\/#\/schema\/logo\/image\/"},"sameAs":["https:\/\/www.facebook.com\/OrganisatorFachmagazin","https:\/\/www.linkedin.com\/showcase\/organisator-das-magazin-fr-kmu","https:\/\/www.xing.com\/news\/pages\/organisator-ch-695","https:\/\/www.youtube.com\/channel\/UCGP2Sq0iWaZwT3BdIAQFYpw"]},{"@type":"Person","@id":"https:\/\/www.organisator.ch\/#\/schema\/person\/a800b8c54e208b160517a7dcc323161d","name":"roger.straessle","image":{"@type":"ImageObject","inLanguage":"it-IT","@id":"https:\/\/secure.gravatar.com\/avatar\/?s=96&d=mm&r=g","url":"https:\/\/secure.gravatar.com\/avatar\/?s=96&d=mm&r=g","contentUrl":"https:\/\/secure.gravatar.com\/avatar\/?s=96&d=mm&r=g","caption":"roger.straessle"},"url":"https:\/\/www.organisator.ch\/it\/author\/roger-straessle\/"}]}},"_links":{"self":[{"href":"https:\/\/www.organisator.ch\/it\/wp-json\/wp\/v2\/posts\/4643","targetHints":{"allow":["GET"]}}],"collection":[{"href":"https:\/\/www.organisator.ch\/it\/wp-json\/wp\/v2\/posts"}],"about":[{"href":"https:\/\/www.organisator.ch\/it\/wp-json\/wp\/v2\/types\/post"}],"author":[{"embeddable":true,"href":"https:\/\/www.organisator.ch\/it\/wp-json\/wp\/v2\/users\/6"}],"replies":[{"embeddable":true,"href":"https:\/\/www.organisator.ch\/it\/wp-json\/wp\/v2\/comments?post=4643"}],"version-history":[{"count":0,"href":"https:\/\/www.organisator.ch\/it\/wp-json\/wp\/v2\/posts\/4643\/revisions"}],"wp:featuredmedia":[{"embeddable":true,"href":"https:\/\/www.organisator.ch\/it\/wp-json\/wp\/v2\/media\/4644"}],"wp:attachment":[{"href":"https:\/\/www.organisator.ch\/it\/wp-json\/wp\/v2\/media?parent=4643"}],"wp:term":[{"taxonomy":"category","embeddable":true,"href":"https:\/\/www.organisator.ch\/it\/wp-json\/wp\/v2\/categories?post=4643"},{"taxonomy":"post_tag","embeddable":true,"href":"https:\/\/www.organisator.ch\/it\/wp-json\/wp\/v2\/tags?post=4643"}],"curies":[{"name":"wp","href":"https:\/\/api.w.org\/{rel}","templated":true}]}}