{"id":46439,"date":"2026-03-23T09:18:35","date_gmt":"2026-03-23T08:18:35","guid":{"rendered":"https:\/\/www.organisator.ch\/de\/?p=46439"},"modified":"2026-03-23T09:18:35","modified_gmt":"2026-03-23T08:18:35","slug":"dematic-praesentiert-command-center-fuer-zentrale-lagersteuerung","status":"publish","type":"post","link":"https:\/\/www.organisator.ch\/it\/operational-excellence\/2026-03-23\/dematic-praesentiert-command-center-fuer-zentrale-lagersteuerung\/","title":{"rendered":"Dematic presenta Command Centre per il controllo centralizzato del magazzino"},"content":{"rendered":"<figure id=\"attachment_46437\" aria-describedby=\"caption-attachment-46437\" style=\"width: 1400px\" class=\"wp-caption alignnone\"><img loading=\"lazy\" decoding=\"async\" class=\"size-full wp-image-46437\" src=\"https:\/\/www.organisator.ch\/wp-content\/uploads\/2026\/03\/Dematic-Command-Center-1-scaled.jpg\" alt=\"\" width=\"1400\" height=\"786\" srcset=\"https:\/\/www.organisator.ch\/wp-content\/uploads\/2026\/03\/Dematic-Command-Center-1-scaled.jpg 1400w, https:\/\/www.organisator.ch\/wp-content\/uploads\/2026\/03\/Dematic-Command-Center-1-680x382.jpg 680w, https:\/\/www.organisator.ch\/wp-content\/uploads\/2026\/03\/Dematic-Command-Center-1-1024x575.jpg 1024w, https:\/\/www.organisator.ch\/wp-content\/uploads\/2026\/03\/Dematic-Command-Center-1-768x431.jpg 768w, https:\/\/www.organisator.ch\/wp-content\/uploads\/2026\/03\/Dematic-Command-Center-1-1536x862.jpg 1536w, https:\/\/www.organisator.ch\/wp-content\/uploads\/2026\/03\/Dematic-Command-Center-1-2048x1150.jpg 2048w, https:\/\/www.organisator.ch\/wp-content\/uploads\/2026\/03\/Dematic-Command-Center-1-18x10.jpg 18w, https:\/\/www.organisator.ch\/wp-content\/uploads\/2026\/03\/Dematic-Command-Center-1-375x211.jpg 375w, https:\/\/www.organisator.ch\/wp-content\/uploads\/2026\/03\/Dematic-Command-Center-1-623x350.jpg 623w, https:\/\/www.organisator.ch\/wp-content\/uploads\/2026\/03\/Dematic-Command-Center-1-1000x561.jpg 1000w\" sizes=\"auto, (max-width: 1400px) 100vw, 1400px\" \/><figcaption id=\"caption-attachment-46437\" class=\"wp-caption-text\">Il Centro di monitoraggio Dematic controlla i processi logistici. Fonte: zvg<\/figcaption><\/figure>\n<p>I magazzini moderni generano enormi quantit\u00e0 di dati dai sistemi di automazione, dal software di magazzino e dalle applicazioni aziendali. Tuttavia, queste informazioni sono spesso distribuite tra diversi fornitori e strumenti di monitoraggio, rendendo difficile per gli operatori di magazzino riconoscere rapidamente i problemi e comprendere le cause delle deviazioni delle prestazioni. Dematic, leader mondiale nella fornitura di soluzioni di automazione intelligenti e parte del Gruppo Kion, presenta il Dematic Command Center, una piattaforma di intelligence centralizzata e indipendente dal produttore per le operazioni di magazzino.<\/p>\n<p>La soluzione integra il monitoraggio in tempo reale, il supporto decisionale supportato dall'intelligenza artificiale e le analisi operative in un'unica interfaccia utente. L'obiettivo \u00e8 supportare i centri di distribuzione e logistica nella comprensione, nel monitoraggio e nel controllo di processi complessi in modo pi\u00f9 efficiente.<\/p>\n<h3>Dai dati alle decisioni fondate<\/h3>\n<p>\u00abOggi gli operatori di magazzino dispongono di pi\u00f9 dati che mai, ma i dati da soli non migliorano automaticamente le prestazioni\u00bb, ha dichiarato Chris Steiner, Senior Vice President Product Management di Dematic. \u00abIl Centro di Comando Dematic riunisce le informazioni provenienti dalle soluzioni di automazione, dai sistemi software e dai processi manuali per creare un livello unificato di intelligence operativa per un processo decisionale informato. Grazie alla possibilit\u00e0 di vedere non solo cosa \u00e8 successo, ma anche perch\u00e9, i dipendenti possono risolvere i problemi pi\u00f9 rapidamente e gestire le operazioni al massimo livello di prestazioni\u00bb.\u00bb<\/p>\n<p>Il centro di comando Dematic consente alle aziende di distribuzione e adempimento di prendere decisioni informate attraverso analisi centralizzate e indicatori di prestazione chiave trasparenti. I problemi emergenti vengono riconosciuti tempestivamente, il che rafforza la resilienza operativa e garantisce la produttivit\u00e0. I problemi di performance possono essere risolti pi\u00f9 rapidamente, poich\u00e9 le cause vengono identificate in modo specifico.<\/p>\n<h3>Ottimizzazione attraverso modelli operativi<\/h3>\n<p>Le risorse e i flussi di lavoro possono essere ottimizzati grazie a una migliore comprensione dei modelli operativi, mentre la produttivit\u00e0 e i livelli di servizio vengono mantenuti grazie al monitoraggio in tempo reale e agli approfondimenti operativi. Il Dematic Command Centre collega i sistemi e le tecnologie di automazione esistenti per creare una visione unificata delle operazioni, senza dover sostituire gli investimenti esistenti. Inoltre, l'infrastruttura basata su cloud garantisce l'affidabilit\u00e0 a livello aziendale e la scalabilit\u00e0 sicura delle operazioni.<\/p>\n<h3>Esperienza di 9000 progetti<\/h3>\n<p>Il centro di comando Dematic utilizza i risultati operativi di oltre 9000 progetti di automazione in tutto il mondo. Utilizzando questo database, il sistema riconosce i modelli di performance del magazzino e guida gli operatori verso le misure pi\u00f9 efficaci.<\/p>\n<p>Mentre la prima versione offre gi\u00e0 piena trasparenza e approfondimenti su tutti i processi di magazzino, le versioni future amplieranno questa base: sono previsti aiuti decisionali supportati dall'intelligenza artificiale, orchestrazione avanzata e gemelli digitali per analisi \u00abwhat-if\u00bb. In questo modo, le operazioni singole e multi-sito disporranno di un potente strumento per tradurre i dati direttamente in strategie coordinate.<\/p>\n<p>Il Centro di Comando Dematic sar\u00e0 presentato alle prossime fiere LogiMAT di Stoccarda (Padiglione 1 \/ H61) e Modex di Atlanta (Stand B11919), dove i visitatori potranno conoscere la piattaforma attraverso dimostrazioni dal vivo.<\/p>\n<p>Ulteriori informazioni: <a href=\"https:\/\/www.dematic.com\/de\" target=\"_blank\" rel=\"noopener\">www.dematic.com\/de<\/a><\/p>","protected":false},"excerpt":{"rendered":"<p>Dematic presenta Command Centre, una piattaforma di intelligence indipendente dal produttore per le operazioni di magazzino. La soluzione integra il monitoraggio in tempo reale, il supporto decisionale supportato dall'intelligenza artificiale e le analisi operative in un'unica interfaccia utente. La piattaforma sar\u00e0 presentata in anteprima al LogiMAT 2026 di Stoccarda.<\/p>","protected":false},"author":107,"featured_media":46437,"comment_status":"closed","ping_status":"closed","sticky":false,"template":"","format":"standard","meta":{"_acf_changed":false,"_yoast_wpseo_focuskw":"Dematic Command Center","_yoast_wpseo_metadesc":"Dematic pr\u00e4sentiert Command Center: KI-gest\u00fctzte Intelligenzplattform f\u00fcr zentrale Lagersteuerung mit Echtzeit-Analysen. Premiere auf LogiMAT 2026.","articlekey":"","footnotes":""},"categories":[582],"tags":[193,4120,393],"class_list":["post-46439","post","type-post","status-publish","format-standard","has-post-thumbnail","hentry","category-operational-excellence","tag-fachkongressfachmesse","tag-lagerlogistik","tag-produkte"],"acf":[],"yoast_head":"<!-- This site is optimized with the Yoast SEO plugin v27.4 - https:\/\/yoast.com\/product\/yoast-seo-wordpress\/ -->\n<title>Dematic pr\u00e4sentiert Command Center f\u00fcr zentrale Lagersteuerung - Organisator<\/title>\n<meta name=\"description\" content=\"Dematic pr\u00e4sentiert Command Center: KI-gest\u00fctzte Intelligenzplattform f\u00fcr zentrale Lagersteuerung mit Echtzeit-Analysen. Premiere auf LogiMAT 2026.\" \/>\n<meta name=\"robots\" content=\"index, follow, max-snippet:-1, max-image-preview:large, max-video-preview:-1\" \/>\n<link rel=\"canonical\" href=\"https:\/\/www.organisator.ch\/it\/eccellenza-operativa\/2026-03-23\/dematic-praesentiert-command-center-fuer-zentrale-lagersteuerung\/\" \/>\n<meta property=\"og:locale\" content=\"it_IT\" \/>\n<meta property=\"og:type\" content=\"article\" \/>\n<meta property=\"og:title\" content=\"Dematic pr\u00e4sentiert Command Center f\u00fcr zentrale Lagersteuerung\" \/>\n<meta property=\"og:description\" content=\"Dematic pr\u00e4sentiert Command Center: KI-gest\u00fctzte Intelligenzplattform f\u00fcr zentrale Lagersteuerung mit Echtzeit-Analysen. Premiere auf LogiMAT 2026.\" \/>\n<meta property=\"og:url\" content=\"https:\/\/www.organisator.ch\/it\/eccellenza-operativa\/2026-03-23\/dematic-praesentiert-command-center-fuer-zentrale-lagersteuerung\/\" \/>\n<meta property=\"og:site_name\" content=\"Organisator\" \/>\n<meta property=\"article:publisher\" content=\"https:\/\/www.facebook.com\/OrganisatorFachmagazin\" \/>\n<meta property=\"article:published_time\" content=\"2026-03-23T08:18:35+00:00\" \/>\n<meta property=\"og:image\" content=\"https:\/\/www.organisator.ch\/wp-content\/uploads\/2026\/03\/Dematic-Command-Center-1-scaled.jpg\" \/>\n\t<meta property=\"og:image:width\" content=\"1400\" \/>\n\t<meta property=\"og:image:height\" content=\"786\" \/>\n\t<meta property=\"og:image:type\" content=\"image\/jpeg\" \/>\n<meta name=\"author\" content=\"n8n\" \/>\n<meta name=\"twitter:card\" content=\"summary_large_image\" \/>\n<meta name=\"twitter:title\" content=\"#Dematic pr\u00e4sentiert Command Center f\u00fcr zentrale #Lagersteuerung\" \/>\n<meta name=\"twitter:description\" content=\"#Dematic pr\u00e4sentiert Command Center: KI-gest\u00fctzte #Intelligenzplattform f\u00fcr zentrale #Lagersteuerung mit Echtzeit-Analysen. Premiere auf #LogiMAT 2026.\" \/>\n<meta name=\"twitter:image\" content=\"https:\/\/www.organisator.ch\/wp-content\/uploads\/2026\/03\/Dematic-Command-Center-1-scaled.jpg\" \/>\n<script type=\"application\/ld+json\" class=\"yoast-schema-graph\">{\"@context\":\"https:\\\/\\\/schema.org\",\"@graph\":[{\"@type\":\"Article\",\"@id\":\"https:\\\/\\\/www.organisator.ch\\\/operational-excellence\\\/2026-03-23\\\/dematic-praesentiert-command-center-fuer-zentrale-lagersteuerung\\\/#article\",\"isPartOf\":{\"@id\":\"https:\\\/\\\/www.organisator.ch\\\/operational-excellence\\\/2026-03-23\\\/dematic-praesentiert-command-center-fuer-zentrale-lagersteuerung\\\/\"},\"author\":{\"name\":\"n8n\",\"@id\":\"https:\\\/\\\/www.organisator.ch\\\/#\\\/schema\\\/person\\\/a9d0e0eff238db87a8f840f3b50359f0\"},\"headline\":\"Dematic pr\u00e4sentiert Command Center f\u00fcr zentrale Lagersteuerung\",\"datePublished\":\"2026-03-23T08:18:35+00:00\",\"mainEntityOfPage\":{\"@id\":\"https:\\\/\\\/www.organisator.ch\\\/operational-excellence\\\/2026-03-23\\\/dematic-praesentiert-command-center-fuer-zentrale-lagersteuerung\\\/\"},\"wordCount\":457,\"publisher\":{\"@id\":\"https:\\\/\\\/www.organisator.ch\\\/#organization\"},\"image\":{\"@id\":\"https:\\\/\\\/www.organisator.ch\\\/operational-excellence\\\/2026-03-23\\\/dematic-praesentiert-command-center-fuer-zentrale-lagersteuerung\\\/#primaryimage\"},\"thumbnailUrl\":\"https:\\\/\\\/www.organisator.ch\\\/wp-content\\\/uploads\\\/2026\\\/03\\\/Dematic-Command-Center-1-scaled.jpg\",\"keywords\":[\"Fachkongress\\\/Fachmesse\",\"Lagerlogistik\",\"Produkte\"],\"articleSection\":[\"OPERATIONAL EXCELLENCE\"],\"inLanguage\":\"it-IT\"},{\"@type\":\"WebPage\",\"@id\":\"https:\\\/\\\/www.organisator.ch\\\/operational-excellence\\\/2026-03-23\\\/dematic-praesentiert-command-center-fuer-zentrale-lagersteuerung\\\/\",\"url\":\"https:\\\/\\\/www.organisator.ch\\\/operational-excellence\\\/2026-03-23\\\/dematic-praesentiert-command-center-fuer-zentrale-lagersteuerung\\\/\",\"name\":\"Dematic pr\u00e4sentiert Command Center f\u00fcr zentrale Lagersteuerung - Organisator\",\"isPartOf\":{\"@id\":\"https:\\\/\\\/www.organisator.ch\\\/#website\"},\"primaryImageOfPage\":{\"@id\":\"https:\\\/\\\/www.organisator.ch\\\/operational-excellence\\\/2026-03-23\\\/dematic-praesentiert-command-center-fuer-zentrale-lagersteuerung\\\/#primaryimage\"},\"image\":{\"@id\":\"https:\\\/\\\/www.organisator.ch\\\/operational-excellence\\\/2026-03-23\\\/dematic-praesentiert-command-center-fuer-zentrale-lagersteuerung\\\/#primaryimage\"},\"thumbnailUrl\":\"https:\\\/\\\/www.organisator.ch\\\/wp-content\\\/uploads\\\/2026\\\/03\\\/Dematic-Command-Center-1-scaled.jpg\",\"datePublished\":\"2026-03-23T08:18:35+00:00\",\"description\":\"Dematic pr\u00e4sentiert Command Center: KI-gest\u00fctzte Intelligenzplattform f\u00fcr zentrale Lagersteuerung mit Echtzeit-Analysen. Premiere auf LogiMAT 2026.\",\"breadcrumb\":{\"@id\":\"https:\\\/\\\/www.organisator.ch\\\/operational-excellence\\\/2026-03-23\\\/dematic-praesentiert-command-center-fuer-zentrale-lagersteuerung\\\/#breadcrumb\"},\"inLanguage\":\"it-IT\",\"potentialAction\":[{\"@type\":\"ReadAction\",\"target\":[\"https:\\\/\\\/www.organisator.ch\\\/operational-excellence\\\/2026-03-23\\\/dematic-praesentiert-command-center-fuer-zentrale-lagersteuerung\\\/\"]}]},{\"@type\":\"ImageObject\",\"inLanguage\":\"it-IT\",\"@id\":\"https:\\\/\\\/www.organisator.ch\\\/operational-excellence\\\/2026-03-23\\\/dematic-praesentiert-command-center-fuer-zentrale-lagersteuerung\\\/#primaryimage\",\"url\":\"https:\\\/\\\/www.organisator.ch\\\/wp-content\\\/uploads\\\/2026\\\/03\\\/Dematic-Command-Center-1-scaled.jpg\",\"contentUrl\":\"https:\\\/\\\/www.organisator.ch\\\/wp-content\\\/uploads\\\/2026\\\/03\\\/Dematic-Command-Center-1-scaled.jpg\",\"width\":1400,\"height\":786,\"caption\":\"Dematic Monitoring Center \u00fcberwacht Logistikprozesse. Quelle: zvg\"},{\"@type\":\"BreadcrumbList\",\"@id\":\"https:\\\/\\\/www.organisator.ch\\\/operational-excellence\\\/2026-03-23\\\/dematic-praesentiert-command-center-fuer-zentrale-lagersteuerung\\\/#breadcrumb\",\"itemListElement\":[{\"@type\":\"ListItem\",\"position\":1,\"name\":\"Home\",\"item\":\"https:\\\/\\\/www.organisator.ch\\\/\"},{\"@type\":\"ListItem\",\"position\":2,\"name\":\"Dematic pr\u00e4sentiert Command Center f\u00fcr zentrale Lagersteuerung\"}]},{\"@type\":\"WebSite\",\"@id\":\"https:\\\/\\\/www.organisator.ch\\\/#website\",\"url\":\"https:\\\/\\\/www.organisator.ch\\\/\",\"name\":\"Organisator\",\"description\":\"Kompetent. Praxisnah. Der ORGANISATOR bereitet in 10 Ausgaben pro Jahr die wesentlichen Themen f\u00fcr F\u00fchrungskr\u00e4fte von KMU auf.\",\"publisher\":{\"@id\":\"https:\\\/\\\/www.organisator.ch\\\/#organization\"},\"potentialAction\":[{\"@type\":\"SearchAction\",\"target\":{\"@type\":\"EntryPoint\",\"urlTemplate\":\"https:\\\/\\\/www.organisator.ch\\\/?s={search_term_string}\"},\"query-input\":{\"@type\":\"PropertyValueSpecification\",\"valueRequired\":true,\"valueName\":\"search_term_string\"}}],\"inLanguage\":\"it-IT\"},{\"@type\":\"Organization\",\"@id\":\"https:\\\/\\\/www.organisator.ch\\\/#organization\",\"name\":\"Organisator\",\"url\":\"https:\\\/\\\/www.organisator.ch\\\/\",\"logo\":{\"@type\":\"ImageObject\",\"inLanguage\":\"it-IT\",\"@id\":\"https:\\\/\\\/www.organisator.ch\\\/#\\\/schema\\\/logo\\\/image\\\/\",\"url\":\"https:\\\/\\\/www.organisator.ch\\\/wp-content\\\/uploads\\\/2022\\\/01\\\/Logo_Organisator_Website.png\",\"contentUrl\":\"https:\\\/\\\/www.organisator.ch\\\/wp-content\\\/uploads\\\/2022\\\/01\\\/Logo_Organisator_Website.png\",\"width\":800,\"height\":77,\"caption\":\"Organisator\"},\"image\":{\"@id\":\"https:\\\/\\\/www.organisator.ch\\\/#\\\/schema\\\/logo\\\/image\\\/\"},\"sameAs\":[\"https:\\\/\\\/www.facebook.com\\\/OrganisatorFachmagazin\",\"https:\\\/\\\/www.linkedin.com\\\/showcase\\\/organisator-das-magazin-fr-kmu\",\"https:\\\/\\\/www.xing.com\\\/news\\\/pages\\\/organisator-ch-695\",\"https:\\\/\\\/www.youtube.com\\\/channel\\\/UCGP2Sq0iWaZwT3BdIAQFYpw\"]},{\"@type\":\"Person\",\"@id\":\"https:\\\/\\\/www.organisator.ch\\\/#\\\/schema\\\/person\\\/a9d0e0eff238db87a8f840f3b50359f0\",\"name\":\"n8n\",\"image\":{\"@type\":\"ImageObject\",\"inLanguage\":\"it-IT\",\"@id\":\"https:\\\/\\\/secure.gravatar.com\\\/avatar\\\/5368fb9d03fd415a6f335cece4c15af2502d6ca8651efbd6e8f98427a9795400?s=96&d=mm&r=g\",\"url\":\"https:\\\/\\\/secure.gravatar.com\\\/avatar\\\/5368fb9d03fd415a6f335cece4c15af2502d6ca8651efbd6e8f98427a9795400?s=96&d=mm&r=g\",\"contentUrl\":\"https:\\\/\\\/secure.gravatar.com\\\/avatar\\\/5368fb9d03fd415a6f335cece4c15af2502d6ca8651efbd6e8f98427a9795400?s=96&d=mm&r=g\",\"caption\":\"n8n\"},\"url\":\"https:\\\/\\\/www.organisator.ch\\\/it\\\/author\\\/n8n\\\/\"}]}<\/script>\n<!-- \/ Yoast SEO plugin. -->","yoast_head_json":{"title":"Dematic presenta Command Center per il controllo centralizzato del magazzino - Organiser","description":"Dematic presenta Command Centre: Piattaforma di intelligenza supportata dall'AI per il controllo centrale del magazzino con analisi in tempo reale. Anteprima a LogiMAT 2026.","robots":{"index":"index","follow":"follow","max-snippet":"max-snippet:-1","max-image-preview":"max-image-preview:large","max-video-preview":"max-video-preview:-1"},"canonical":"https:\/\/www.organisator.ch\/it\/eccellenza-operativa\/2026-03-23\/dematic-praesentiert-command-center-fuer-zentrale-lagersteuerung\/","og_locale":"it_IT","og_type":"article","og_title":"Dematic pr\u00e4sentiert Command Center f\u00fcr zentrale Lagersteuerung","og_description":"Dematic pr\u00e4sentiert Command Center: KI-gest\u00fctzte Intelligenzplattform f\u00fcr zentrale Lagersteuerung mit Echtzeit-Analysen. Premiere auf LogiMAT 2026.","og_url":"https:\/\/www.organisator.ch\/it\/eccellenza-operativa\/2026-03-23\/dematic-praesentiert-command-center-fuer-zentrale-lagersteuerung\/","og_site_name":"Organisator","article_publisher":"https:\/\/www.facebook.com\/OrganisatorFachmagazin","article_published_time":"2026-03-23T08:18:35+00:00","og_image":[{"width":1400,"height":786,"url":"https:\/\/www.organisator.ch\/wp-content\/uploads\/2026\/03\/Dematic-Command-Center-1-scaled.jpg","type":"image\/jpeg"}],"author":"n8n","twitter_card":"summary_large_image","twitter_title":"#Dematic pr\u00e4sentiert Command Center f\u00fcr zentrale #Lagersteuerung","twitter_description":"#Dematic pr\u00e4sentiert Command Center: KI-gest\u00fctzte #Intelligenzplattform f\u00fcr zentrale #Lagersteuerung mit Echtzeit-Analysen. Premiere auf #LogiMAT 2026.","twitter_image":"https:\/\/www.organisator.ch\/wp-content\/uploads\/2026\/03\/Dematic-Command-Center-1-scaled.jpg","schema":{"@context":"https:\/\/schema.org","@graph":[{"@type":"Article","@id":"https:\/\/www.organisator.ch\/operational-excellence\/2026-03-23\/dematic-praesentiert-command-center-fuer-zentrale-lagersteuerung\/#article","isPartOf":{"@id":"https:\/\/www.organisator.ch\/operational-excellence\/2026-03-23\/dematic-praesentiert-command-center-fuer-zentrale-lagersteuerung\/"},"author":{"name":"n8n","@id":"https:\/\/www.organisator.ch\/#\/schema\/person\/a9d0e0eff238db87a8f840f3b50359f0"},"headline":"Dematic pr\u00e4sentiert Command Center f\u00fcr zentrale Lagersteuerung","datePublished":"2026-03-23T08:18:35+00:00","mainEntityOfPage":{"@id":"https:\/\/www.organisator.ch\/operational-excellence\/2026-03-23\/dematic-praesentiert-command-center-fuer-zentrale-lagersteuerung\/"},"wordCount":457,"publisher":{"@id":"https:\/\/www.organisator.ch\/#organization"},"image":{"@id":"https:\/\/www.organisator.ch\/operational-excellence\/2026-03-23\/dematic-praesentiert-command-center-fuer-zentrale-lagersteuerung\/#primaryimage"},"thumbnailUrl":"https:\/\/www.organisator.ch\/wp-content\/uploads\/2026\/03\/Dematic-Command-Center-1-scaled.jpg","keywords":["Fachkongress\/Fachmesse","Lagerlogistik","Produkte"],"articleSection":["OPERATIONAL EXCELLENCE"],"inLanguage":"it-IT"},{"@type":"WebPage","@id":"https:\/\/www.organisator.ch\/operational-excellence\/2026-03-23\/dematic-praesentiert-command-center-fuer-zentrale-lagersteuerung\/","url":"https:\/\/www.organisator.ch\/operational-excellence\/2026-03-23\/dematic-praesentiert-command-center-fuer-zentrale-lagersteuerung\/","name":"Dematic presenta Command Center per il controllo centralizzato del magazzino - Organiser","isPartOf":{"@id":"https:\/\/www.organisator.ch\/#website"},"primaryImageOfPage":{"@id":"https:\/\/www.organisator.ch\/operational-excellence\/2026-03-23\/dematic-praesentiert-command-center-fuer-zentrale-lagersteuerung\/#primaryimage"},"image":{"@id":"https:\/\/www.organisator.ch\/operational-excellence\/2026-03-23\/dematic-praesentiert-command-center-fuer-zentrale-lagersteuerung\/#primaryimage"},"thumbnailUrl":"https:\/\/www.organisator.ch\/wp-content\/uploads\/2026\/03\/Dematic-Command-Center-1-scaled.jpg","datePublished":"2026-03-23T08:18:35+00:00","description":"Dematic presenta Command Centre: Piattaforma di intelligenza supportata dall'AI per il controllo centrale del magazzino con analisi in tempo reale. Anteprima a LogiMAT 2026.","breadcrumb":{"@id":"https:\/\/www.organisator.ch\/operational-excellence\/2026-03-23\/dematic-praesentiert-command-center-fuer-zentrale-lagersteuerung\/#breadcrumb"},"inLanguage":"it-IT","potentialAction":[{"@type":"ReadAction","target":["https:\/\/www.organisator.ch\/operational-excellence\/2026-03-23\/dematic-praesentiert-command-center-fuer-zentrale-lagersteuerung\/"]}]},{"@type":"ImageObject","inLanguage":"it-IT","@id":"https:\/\/www.organisator.ch\/operational-excellence\/2026-03-23\/dematic-praesentiert-command-center-fuer-zentrale-lagersteuerung\/#primaryimage","url":"https:\/\/www.organisator.ch\/wp-content\/uploads\/2026\/03\/Dematic-Command-Center-1-scaled.jpg","contentUrl":"https:\/\/www.organisator.ch\/wp-content\/uploads\/2026\/03\/Dematic-Command-Center-1-scaled.jpg","width":1400,"height":786,"caption":"Dematic Monitoring Center \u00fcberwacht Logistikprozesse. Quelle: zvg"},{"@type":"BreadcrumbList","@id":"https:\/\/www.organisator.ch\/operational-excellence\/2026-03-23\/dematic-praesentiert-command-center-fuer-zentrale-lagersteuerung\/#breadcrumb","itemListElement":[{"@type":"ListItem","position":1,"name":"Home","item":"https:\/\/www.organisator.ch\/"},{"@type":"ListItem","position":2,"name":"Dematic pr\u00e4sentiert Command Center f\u00fcr zentrale Lagersteuerung"}]},{"@type":"WebSite","@id":"https:\/\/www.organisator.ch\/#website","url":"https:\/\/www.organisator.ch\/","name":"Organizzatore","description":"Competente. Pratico. In 10 numeri all'anno, ORGANISATOR presenta i temi essenziali per i manager delle PMI.","publisher":{"@id":"https:\/\/www.organisator.ch\/#organization"},"potentialAction":[{"@type":"SearchAction","target":{"@type":"EntryPoint","urlTemplate":"https:\/\/www.organisator.ch\/?s={search_term_string}"},"query-input":{"@type":"PropertyValueSpecification","valueRequired":true,"valueName":"search_term_string"}}],"inLanguage":"it-IT"},{"@type":"Organization","@id":"https:\/\/www.organisator.ch\/#organization","name":"Organizzatore","url":"https:\/\/www.organisator.ch\/","logo":{"@type":"ImageObject","inLanguage":"it-IT","@id":"https:\/\/www.organisator.ch\/#\/schema\/logo\/image\/","url":"https:\/\/www.organisator.ch\/wp-content\/uploads\/2022\/01\/Logo_Organisator_Website.png","contentUrl":"https:\/\/www.organisator.ch\/wp-content\/uploads\/2022\/01\/Logo_Organisator_Website.png","width":800,"height":77,"caption":"Organisator"},"image":{"@id":"https:\/\/www.organisator.ch\/#\/schema\/logo\/image\/"},"sameAs":["https:\/\/www.facebook.com\/OrganisatorFachmagazin","https:\/\/www.linkedin.com\/showcase\/organisator-das-magazin-fr-kmu","https:\/\/www.xing.com\/news\/pages\/organisator-ch-695","https:\/\/www.youtube.com\/channel\/UCGP2Sq0iWaZwT3BdIAQFYpw"]},{"@type":"Person","@id":"https:\/\/www.organisator.ch\/#\/schema\/person\/a9d0e0eff238db87a8f840f3b50359f0","name":"n8n","image":{"@type":"ImageObject","inLanguage":"it-IT","@id":"https:\/\/secure.gravatar.com\/avatar\/5368fb9d03fd415a6f335cece4c15af2502d6ca8651efbd6e8f98427a9795400?s=96&d=mm&r=g","url":"https:\/\/secure.gravatar.com\/avatar\/5368fb9d03fd415a6f335cece4c15af2502d6ca8651efbd6e8f98427a9795400?s=96&d=mm&r=g","contentUrl":"https:\/\/secure.gravatar.com\/avatar\/5368fb9d03fd415a6f335cece4c15af2502d6ca8651efbd6e8f98427a9795400?s=96&d=mm&r=g","caption":"n8n"},"url":"https:\/\/www.organisator.ch\/it\/author\/n8n\/"}]}},"_links":{"self":[{"href":"https:\/\/www.organisator.ch\/it\/wp-json\/wp\/v2\/posts\/46439","targetHints":{"allow":["GET"]}}],"collection":[{"href":"https:\/\/www.organisator.ch\/it\/wp-json\/wp\/v2\/posts"}],"about":[{"href":"https:\/\/www.organisator.ch\/it\/wp-json\/wp\/v2\/types\/post"}],"author":[{"embeddable":true,"href":"https:\/\/www.organisator.ch\/it\/wp-json\/wp\/v2\/users\/107"}],"replies":[{"embeddable":true,"href":"https:\/\/www.organisator.ch\/it\/wp-json\/wp\/v2\/comments?post=46439"}],"version-history":[{"count":4,"href":"https:\/\/www.organisator.ch\/it\/wp-json\/wp\/v2\/posts\/46439\/revisions"}],"predecessor-version":[{"id":46501,"href":"https:\/\/www.organisator.ch\/it\/wp-json\/wp\/v2\/posts\/46439\/revisions\/46501"}],"wp:featuredmedia":[{"embeddable":true,"href":"https:\/\/www.organisator.ch\/it\/wp-json\/wp\/v2\/media\/46437"}],"wp:attachment":[{"href":"https:\/\/www.organisator.ch\/it\/wp-json\/wp\/v2\/media?parent=46439"}],"wp:term":[{"taxonomy":"category","embeddable":true,"href":"https:\/\/www.organisator.ch\/it\/wp-json\/wp\/v2\/categories?post=46439"},{"taxonomy":"post_tag","embeddable":true,"href":"https:\/\/www.organisator.ch\/it\/wp-json\/wp\/v2\/tags?post=46439"}],"curies":[{"name":"wp","href":"https:\/\/api.w.org\/{rel}","templated":true}]}}