{"id":46468,"date":"2026-03-23T10:51:15","date_gmt":"2026-03-23T09:51:15","guid":{"rendered":"https:\/\/www.markt-kom.com\/de\/?p=252776"},"modified":"2026-03-23T12:01:10","modified_gmt":"2026-03-23T11:01:10","slug":"gislerprotokoll-analyse-2025-keine-rueckkehr-zu-rollenbildern-der-50er-jahre","status":"publish","type":"post","link":"https:\/\/www.organisator.ch\/it\/marketing\/2026-03-23\/gislerprotokoll-analyse-2025-keine-rueckkehr-zu-rollenbildern-der-50er-jahre\/","title":{"rendered":"Analisi del protocollo Gisler 2025: nessun ritorno ai modelli di ruolo degli anni '50"},"content":{"rendered":"<figure id=\"attachment_252774\" class=\"wp-caption alignnone\" style=\"width: 1400px;\" aria-describedby=\"caption-attachment-252774\"><img class=\"size-full wp-image-252774\" src=\"https:\/\/www.markt-kom.com\/wp-content\/uploads\/2026\/03\/Gislerprotokoll_Stereotypen-Analyse-2025-scaled.jpg\" sizes=\"(max-width: 1400px) 100vw, 1400px\" srcset=\"https:\/\/www.markt-kom.com\/wp-content\/uploads\/2026\/03\/Gislerprotokoll_Stereotypen-Analyse-2025-scaled.jpg 1300w, https:\/\/www.markt-kom.com\/wp-content\/uploads\/2026\/03\/Gislerprotokoll_Stereotypen-Analyse-2025-600x338.jpg 600w, https:\/\/www.markt-kom.com\/wp-content\/uploads\/2026\/03\/Gislerprotokoll_Stereotypen-Analyse-2025-1024x576.jpg 1024w, https:\/\/www.markt-kom.com\/wp-content\/uploads\/2026\/03\/Gislerprotokoll_Stereotypen-Analyse-2025-768x432.jpg 768w, https:\/\/www.markt-kom.com\/wp-content\/uploads\/2026\/03\/Gislerprotokoll_Stereotypen-Analyse-2025-1536x864.jpg 1536w, https:\/\/www.markt-kom.com\/wp-content\/uploads\/2026\/03\/Gislerprotokoll_Stereotypen-Analyse-2025-18x10.jpg 18w, https:\/\/www.markt-kom.com\/wp-content\/uploads\/2026\/03\/Gislerprotokoll_Stereotypen-Analyse-2025-311x175.jpg 311w, https:\/\/www.markt-kom.com\/wp-content\/uploads\/2026\/03\/Gislerprotokoll_Stereotypen-Analyse-2025-622x350.jpg 622w, https:\/\/www.markt-kom.com\/wp-content\/uploads\/2026\/03\/Gislerprotokoll_Stereotypen-Analyse-2025-1000x563.jpg 1000w\" alt=\"\" width=\"1400\" height=\"788\" \/>\r\n<figcaption id=\"caption-attachment-252774\" class=\"wp-caption-text\">Il protocollo Gisler presenta l'analisi degli stereotipi 2025. fonte: zvg<\/figcaption>\r\n<\/figure>\r\n<p>Il Protocollo Gisler ha presentato la sua analisi annuale degli stereotipi per l'anno 2025. Lo studio si \u00e8 concentrato sulla questione se il cosiddetto \"woke backlash\" si stia facendo sentire nel panorama pubblicitario svizzero e se l'industria possa essere tornata ai tradizionali modelli di ruolo degli anni Cinquanta.<\/p>\r\n<p>La risposta \u00e8 chiara: \u201eNel 2025, l\u201c87% delle pubblicit\u00e0 analizzate era privo di stereotipi di genere, un punto percentuale in pi\u00f9 rispetto all'anno precedente. Quindi non c'\u00e8 stato (ancora) alcun segno di contraccolpo nella pubblicit\u00e0 svizzera\", afferma Nina Bieli, co-ideatrice e presidente dell'associazione Protocollo Gisler.<\/p>\r\n<h3>Gli uomini si prendono cura, le donne spiegano il mondo<\/h3>\r\n<p>Come negli anni precedenti, i modelli di ruolo pi\u00f9 popolari sono rimasti il \u00absimpatico\u00bb e il \u00abbadante\u00bb. Tuttavia, c'\u00e8 stato un notevole cambiamento per quanto riguarda l'assistenza: In 17 pubblicit\u00e0, gli uomini hanno assunto compiti relativi alla casa, ai bambini o ai parenti, superando le 10 donne che sono state viste in ruoli di assistenza. L'opposto \u00e8 vero per i ruoli esplicativi: Ben 21 esperte donne hanno assunto ruoli di spiegazione nel 2025, un settore che \u00e8 stato a lungo considerato a prevalenza maschile. Solo due uomini sono stati autorizzati a fare lo stesso negli spot analizzati.<\/p>\r\n<p>Ciononostante, alcuni clich\u00e9 persistono: \u201eAncora oggi non vediamo quasi nessuna donna in ruoli umoristici e quasi nessun uomo che si diverte con qualcosa, per esempio il cioccolato\u201c, dice Bieli. Alcuni baluardi dell'immagine tradizionale di genere sono ovviamente pi\u00f9 persistenti di altri.<\/p>\r\n<h3>Piccoli progressi, grandi lacune<\/h3>\r\n<p>Nel 2025, il Protocollo Gisler ha nuovamente analizzato la pubblicit\u00e0 svizzera di immagini in movimento non solo per gli stereotipi di genere, ma anche per un ampio spettro di dimensioni della diversit\u00e0, sia quantitativamente che qualitativamente.<\/p>\r\n<h3>Identit\u00e0 e orientamento sessuale<\/h3>\r\n<p>Per tre volte \u00e8 apparsa una persona che non corrispondeva visivamente alle idee di genere, in ogni caso come parte di un ampio cast che mostrava varie situazioni quotidiane, mai in un ruolo da protagonista. Rispetto all'anno precedente (due pubblicit\u00e0, un ruolo da protagonista), non \u00e8 cambiato quasi nulla.<\/p>\r\n<p>Categorizzazione statistica:<br \/>\r\nSecondo uno studio dell'istituto di sondaggi Ipsos, 6 % della popolazione svizzera si identifica come transgender, non binario, gender-fluid o diverso da maschio o femmina. Con tre pubblicit\u00e0 (corrispondenti allo 0,9 % delle pubblicit\u00e0 analizzate), non c'\u00e8 una rappresentazione adeguata delle persone genderqueer nella pubblicit\u00e0 svizzera.<\/p>\r\n<p>Sono state mostrate sei situazioni di coppia omosessuale. Nessuna delle pubblicit\u00e0 era tematizzata sull'omosessualit\u00e0. Le coppie facevano invece parte di un ampio cast che rappresentava situazioni quotidiane. Le situazioni di coppia eterosessuale sono state mostrate 59 volte.<\/p>\r\n<p>Categorizzazione statistica:<br \/>\r\nSi pu\u00f2 ipotizzare che il 3-10 % della popolazione non sia eterosessuale. Non sono disponibili cifre esatte per la Svizzera o per il resto del mondo. Considerando il numero totale di coppie mostrate (65), le sei coppie omosessuali mostrate corrispondono a circa 9 % - il che pu\u00f2 essere considerato rappresentativo.<\/p>\r\n<h3>Origine<\/h3>\r\n<p>Le persone non bianche sono apparse in 26 % delle pubblicit\u00e0 analizzate (anno precedente: 17 %).<\/p>\r\n<p>Alcune di queste persone sono state viste in ruoli di primo piano. A differenza degli anni precedenti, l'attenzione si \u00e8 concentrata raramente sugli aiuti allo sviluppo o sulle celebrit\u00e0, ma su argomenti quotidiani come la ricerca di un appartamento, l'abbonamento al cellulare o la spesa settimanale.<\/p>\r\n<p>Categorizzazione statistica:<br \/>\r\nNon esistono dati affidabili sulla percentuale di persone BIPOC in Svizzera. Si sa per\u00f2 che il 41 % della popolazione ha un background migratorio. La rappresentazione delle persone non bianche \u00e8 migliorata sia quantitativamente che qualitativamente. Tuttavia, ci sono ancora esempi che riproducono consapevolmente o inconsapevolmente stereotipi razziali.<\/p>\r\n<h3>Capacit\u00e0 fisiche e mentali<\/h3>\r\n<p>Le persone con disabilit\u00e0 visibili sono apparse solo in pochissime pubblicit\u00e0, alcune delle quali erano direttamente collegate all'argomento.<\/p>\r\n<p>Categorizzazione statistica:<br \/>\r\n22 % della popolazione svizzera vive con una disabilit\u00e0. Non \u00e8 chiaro quanti di loro abbiano una disabilit\u00e0 visibile. Tuttavia, \u00e8 chiaro che le persone con disabilit\u00e0 sono poco considerate nella pubblicit\u00e0, n\u00e9 come protagonisti n\u00e9 come destinatari.<\/p>\r\n<h3>Et\u00e0<\/h3>\r\n<p>Le persone di et\u00e0 avanzata (oltre i 70 anni) sono apparse in circa 14 % delle pubblicit\u00e0, pi\u00f9 o meno lo stesso livello dell'anno precedente. Alcuni di loro hanno assunto ruoli di primo piano.<\/p>\r\n<p>Sono stati ritratti in contesti diversi e per lo pi\u00f9 messi in scena come interessati alla vita, spiritosi e tecnicamente abili.<\/p>\r\n<p>Categorizzazione statistica:<br \/>\r\nIn Svizzera, le persone con pi\u00f9 di 65 anni rappresentano il 19,3 % della popolazione. La rappresentazione quantitativa delle persone anziane nella pubblicit\u00e0 \u00e8 quindi sostanzialmente scontata.<\/p>","protected":false},"excerpt":{"rendered":"<p>Il Protocollo Gisler ha pubblicato la sua analisi annuale degli stereotipi per il 2025. La domanda centrale: dopo un possibile contraccolpo di woke, la pubblicit\u00e0 svizzera \u00e8 tornata ai modelli di ruolo tradizionali degli anni '50? L'analisi fornisce risposte all'attuale rappresentazione dei ruoli di genere nell'industria pubblicitaria svizzera.<\/p>","protected":false},"author":107,"featured_media":0,"comment_status":"closed","ping_status":"closed","sticky":false,"template":"","format":"standard","meta":{"_acf_changed":false,"_yoast_wpseo_focuskw":"Gislerprotokoll","_yoast_wpseo_metadesc":"Das Gislerprotokoll liefert Antworten zur aktuellen Darstellung von Geschlechterrollen in der Schweizer Werbebranche.","articlekey":"","footnotes":""},"categories":[29],"tags":[5209,4343],"class_list":["post-46468","post","type-post","status-publish","format-standard","hentry","category-marketing","tag-gislerprotokoll","tag-markom"],"acf":[],"yoast_head":"<!-- This site is optimized with the Yoast SEO plugin v27.5 - https:\/\/yoast.com\/product\/yoast-seo-wordpress\/ -->\n<title>Gislerprotokoll-Analyse 2025: Keine R\u00fcckkehr zu Rollenbildern der 50er Jahre - Organisator<\/title>\n<meta name=\"description\" content=\"Das Gislerprotokoll liefert Antworten zur aktuellen Darstellung von Geschlechterrollen in der Schweizer Werbebranche.\" \/>\n<meta name=\"robots\" content=\"index, follow, max-snippet:-1, max-image-preview:large, max-video-preview:-1\" \/>\n<link rel=\"canonical\" href=\"https:\/\/www.organisator.ch\/it\/marketing\/2026-03-23\/gislerprotokoll-analyse-2025-keine-rueckkehr-zu-rollenbildern-der-50er-jahre\/\" \/>\n<meta property=\"og:locale\" content=\"it_IT\" \/>\n<meta property=\"og:type\" content=\"article\" \/>\n<meta property=\"og:title\" content=\"Gislerprotokoll-Analyse 2025: Keine R\u00fcckkehr zu Rollenbildern der 50er Jahre - Organisator\" \/>\n<meta property=\"og:description\" content=\"Das Gislerprotokoll liefert Antworten zur aktuellen Darstellung von Geschlechterrollen in der Schweizer Werbebranche.\" \/>\n<meta property=\"og:url\" content=\"https:\/\/www.organisator.ch\/it\/marketing\/2026-03-23\/gislerprotokoll-analyse-2025-keine-rueckkehr-zu-rollenbildern-der-50er-jahre\/\" \/>\n<meta property=\"og:site_name\" content=\"Organisator\" \/>\n<meta property=\"article:publisher\" content=\"https:\/\/www.facebook.com\/OrganisatorFachmagazin\" \/>\n<meta property=\"article:published_time\" content=\"2026-03-23T09:51:15+00:00\" \/>\n<meta property=\"article:modified_time\" content=\"2026-03-23T11:01:10+00:00\" \/>\n<meta name=\"author\" content=\"n8n\" \/>\n<meta name=\"twitter:card\" content=\"summary_large_image\" \/>\n<script type=\"application\/ld+json\" class=\"yoast-schema-graph\">{\"@context\":\"https:\\\/\\\/schema.org\",\"@graph\":[{\"@type\":\"Article\",\"@id\":\"https:\\\/\\\/www.organisator.ch\\\/marketing\\\/2026-03-23\\\/gislerprotokoll-analyse-2025-keine-rueckkehr-zu-rollenbildern-der-50er-jahre\\\/#article\",\"isPartOf\":{\"@id\":\"https:\\\/\\\/www.organisator.ch\\\/marketing\\\/2026-03-23\\\/gislerprotokoll-analyse-2025-keine-rueckkehr-zu-rollenbildern-der-50er-jahre\\\/\"},\"author\":{\"name\":\"n8n\",\"@id\":\"https:\\\/\\\/www.organisator.ch\\\/#\\\/schema\\\/person\\\/a9d0e0eff238db87a8f840f3b50359f0\"},\"headline\":\"Gislerprotokoll-Analyse 2025: Keine R\u00fcckkehr zu Rollenbildern der 50er Jahre\",\"datePublished\":\"2026-03-23T09:51:15+00:00\",\"dateModified\":\"2026-03-23T11:01:10+00:00\",\"mainEntityOfPage\":{\"@id\":\"https:\\\/\\\/www.organisator.ch\\\/marketing\\\/2026-03-23\\\/gislerprotokoll-analyse-2025-keine-rueckkehr-zu-rollenbildern-der-50er-jahre\\\/\"},\"wordCount\":653,\"publisher\":{\"@id\":\"https:\\\/\\\/www.organisator.ch\\\/#organization\"},\"image\":{\"@id\":\"https:\\\/\\\/www.organisator.ch\\\/marketing\\\/2026-03-23\\\/gislerprotokoll-analyse-2025-keine-rueckkehr-zu-rollenbildern-der-50er-jahre\\\/#primaryimage\"},\"thumbnailUrl\":\"https:\\\/\\\/www.markt-kom.com\\\/wp-content\\\/uploads\\\/2026\\\/03\\\/Gislerprotokoll_Stereotypen-Analyse-2025-scaled.jpg\",\"keywords\":[\"Gislerprotokoll\",\"MarKom\"],\"articleSection\":[\"MARKETING\"],\"inLanguage\":\"it-IT\"},{\"@type\":\"WebPage\",\"@id\":\"https:\\\/\\\/www.organisator.ch\\\/marketing\\\/2026-03-23\\\/gislerprotokoll-analyse-2025-keine-rueckkehr-zu-rollenbildern-der-50er-jahre\\\/\",\"url\":\"https:\\\/\\\/www.organisator.ch\\\/marketing\\\/2026-03-23\\\/gislerprotokoll-analyse-2025-keine-rueckkehr-zu-rollenbildern-der-50er-jahre\\\/\",\"name\":\"Gislerprotokoll-Analyse 2025: Keine R\u00fcckkehr zu Rollenbildern der 50er Jahre - Organisator\",\"isPartOf\":{\"@id\":\"https:\\\/\\\/www.organisator.ch\\\/#website\"},\"primaryImageOfPage\":{\"@id\":\"https:\\\/\\\/www.organisator.ch\\\/marketing\\\/2026-03-23\\\/gislerprotokoll-analyse-2025-keine-rueckkehr-zu-rollenbildern-der-50er-jahre\\\/#primaryimage\"},\"image\":{\"@id\":\"https:\\\/\\\/www.organisator.ch\\\/marketing\\\/2026-03-23\\\/gislerprotokoll-analyse-2025-keine-rueckkehr-zu-rollenbildern-der-50er-jahre\\\/#primaryimage\"},\"thumbnailUrl\":\"https:\\\/\\\/www.markt-kom.com\\\/wp-content\\\/uploads\\\/2026\\\/03\\\/Gislerprotokoll_Stereotypen-Analyse-2025-scaled.jpg\",\"datePublished\":\"2026-03-23T09:51:15+00:00\",\"dateModified\":\"2026-03-23T11:01:10+00:00\",\"description\":\"Das Gislerprotokoll liefert Antworten zur aktuellen Darstellung von Geschlechterrollen in der Schweizer Werbebranche.\",\"breadcrumb\":{\"@id\":\"https:\\\/\\\/www.organisator.ch\\\/marketing\\\/2026-03-23\\\/gislerprotokoll-analyse-2025-keine-rueckkehr-zu-rollenbildern-der-50er-jahre\\\/#breadcrumb\"},\"inLanguage\":\"it-IT\",\"potentialAction\":[{\"@type\":\"ReadAction\",\"target\":[\"https:\\\/\\\/www.organisator.ch\\\/marketing\\\/2026-03-23\\\/gislerprotokoll-analyse-2025-keine-rueckkehr-zu-rollenbildern-der-50er-jahre\\\/\"]}]},{\"@type\":\"ImageObject\",\"inLanguage\":\"it-IT\",\"@id\":\"https:\\\/\\\/www.organisator.ch\\\/marketing\\\/2026-03-23\\\/gislerprotokoll-analyse-2025-keine-rueckkehr-zu-rollenbildern-der-50er-jahre\\\/#primaryimage\",\"url\":\"https:\\\/\\\/www.markt-kom.com\\\/wp-content\\\/uploads\\\/2026\\\/03\\\/Gislerprotokoll_Stereotypen-Analyse-2025-scaled.jpg\",\"contentUrl\":\"https:\\\/\\\/www.markt-kom.com\\\/wp-content\\\/uploads\\\/2026\\\/03\\\/Gislerprotokoll_Stereotypen-Analyse-2025-scaled.jpg\"},{\"@type\":\"BreadcrumbList\",\"@id\":\"https:\\\/\\\/www.organisator.ch\\\/marketing\\\/2026-03-23\\\/gislerprotokoll-analyse-2025-keine-rueckkehr-zu-rollenbildern-der-50er-jahre\\\/#breadcrumb\",\"itemListElement\":[{\"@type\":\"ListItem\",\"position\":1,\"name\":\"Home\",\"item\":\"https:\\\/\\\/www.organisator.ch\\\/\"},{\"@type\":\"ListItem\",\"position\":2,\"name\":\"Gislerprotokoll-Analyse 2025: Keine R\u00fcckkehr zu Rollenbildern der 50er Jahre\"}]},{\"@type\":\"WebSite\",\"@id\":\"https:\\\/\\\/www.organisator.ch\\\/#website\",\"url\":\"https:\\\/\\\/www.organisator.ch\\\/\",\"name\":\"Organisator\",\"description\":\"Kompetent. Praxisnah. Der ORGANISATOR bereitet in 10 Ausgaben pro Jahr die wesentlichen Themen f\u00fcr F\u00fchrungskr\u00e4fte von KMU auf.\",\"publisher\":{\"@id\":\"https:\\\/\\\/www.organisator.ch\\\/#organization\"},\"potentialAction\":[{\"@type\":\"SearchAction\",\"target\":{\"@type\":\"EntryPoint\",\"urlTemplate\":\"https:\\\/\\\/www.organisator.ch\\\/?s={search_term_string}\"},\"query-input\":{\"@type\":\"PropertyValueSpecification\",\"valueRequired\":true,\"valueName\":\"search_term_string\"}}],\"inLanguage\":\"it-IT\"},{\"@type\":\"Organization\",\"@id\":\"https:\\\/\\\/www.organisator.ch\\\/#organization\",\"name\":\"Organisator\",\"url\":\"https:\\\/\\\/www.organisator.ch\\\/\",\"logo\":{\"@type\":\"ImageObject\",\"inLanguage\":\"it-IT\",\"@id\":\"https:\\\/\\\/www.organisator.ch\\\/#\\\/schema\\\/logo\\\/image\\\/\",\"url\":\"https:\\\/\\\/www.organisator.ch\\\/wp-content\\\/uploads\\\/2022\\\/01\\\/Logo_Organisator_Website.png\",\"contentUrl\":\"https:\\\/\\\/www.organisator.ch\\\/wp-content\\\/uploads\\\/2022\\\/01\\\/Logo_Organisator_Website.png\",\"width\":800,\"height\":77,\"caption\":\"Organisator\"},\"image\":{\"@id\":\"https:\\\/\\\/www.organisator.ch\\\/#\\\/schema\\\/logo\\\/image\\\/\"},\"sameAs\":[\"https:\\\/\\\/www.facebook.com\\\/OrganisatorFachmagazin\",\"https:\\\/\\\/www.linkedin.com\\\/showcase\\\/organisator-das-magazin-fr-kmu\",\"https:\\\/\\\/www.xing.com\\\/news\\\/pages\\\/organisator-ch-695\",\"https:\\\/\\\/www.youtube.com\\\/channel\\\/UCGP2Sq0iWaZwT3BdIAQFYpw\"]},{\"@type\":\"Person\",\"@id\":\"https:\\\/\\\/www.organisator.ch\\\/#\\\/schema\\\/person\\\/a9d0e0eff238db87a8f840f3b50359f0\",\"name\":\"n8n\",\"image\":{\"@type\":\"ImageObject\",\"inLanguage\":\"it-IT\",\"@id\":\"https:\\\/\\\/secure.gravatar.com\\\/avatar\\\/5368fb9d03fd415a6f335cece4c15af2502d6ca8651efbd6e8f98427a9795400?s=96&d=mm&r=g\",\"url\":\"https:\\\/\\\/secure.gravatar.com\\\/avatar\\\/5368fb9d03fd415a6f335cece4c15af2502d6ca8651efbd6e8f98427a9795400?s=96&d=mm&r=g\",\"contentUrl\":\"https:\\\/\\\/secure.gravatar.com\\\/avatar\\\/5368fb9d03fd415a6f335cece4c15af2502d6ca8651efbd6e8f98427a9795400?s=96&d=mm&r=g\",\"caption\":\"n8n\"},\"url\":\"https:\\\/\\\/www.organisator.ch\\\/it\\\/author\\\/n8n\\\/\"}]}<\/script>\n<!-- \/ Yoast SEO plugin. -->","yoast_head_json":{"title":"Analisi del protocollo Gisler 2025: nessun ritorno ai modelli di ruolo degli anni '50 - Organizzatore","description":"Il Protocollo Gisler fornisce risposte all'attuale rappresentazione dei ruoli di genere nell'industria pubblicitaria svizzera.","robots":{"index":"index","follow":"follow","max-snippet":"max-snippet:-1","max-image-preview":"max-image-preview:large","max-video-preview":"max-video-preview:-1"},"canonical":"https:\/\/www.organisator.ch\/it\/marketing\/2026-03-23\/gislerprotokoll-analyse-2025-keine-rueckkehr-zu-rollenbildern-der-50er-jahre\/","og_locale":"it_IT","og_type":"article","og_title":"Gislerprotokoll-Analyse 2025: Keine R\u00fcckkehr zu Rollenbildern der 50er Jahre - Organisator","og_description":"Das Gislerprotokoll liefert Antworten zur aktuellen Darstellung von Geschlechterrollen in der Schweizer Werbebranche.","og_url":"https:\/\/www.organisator.ch\/it\/marketing\/2026-03-23\/gislerprotokoll-analyse-2025-keine-rueckkehr-zu-rollenbildern-der-50er-jahre\/","og_site_name":"Organisator","article_publisher":"https:\/\/www.facebook.com\/OrganisatorFachmagazin","article_published_time":"2026-03-23T09:51:15+00:00","article_modified_time":"2026-03-23T11:01:10+00:00","author":"n8n","twitter_card":"summary_large_image","schema":{"@context":"https:\/\/schema.org","@graph":[{"@type":"Article","@id":"https:\/\/www.organisator.ch\/marketing\/2026-03-23\/gislerprotokoll-analyse-2025-keine-rueckkehr-zu-rollenbildern-der-50er-jahre\/#article","isPartOf":{"@id":"https:\/\/www.organisator.ch\/marketing\/2026-03-23\/gislerprotokoll-analyse-2025-keine-rueckkehr-zu-rollenbildern-der-50er-jahre\/"},"author":{"name":"n8n","@id":"https:\/\/www.organisator.ch\/#\/schema\/person\/a9d0e0eff238db87a8f840f3b50359f0"},"headline":"Gislerprotokoll-Analyse 2025: Keine R\u00fcckkehr zu Rollenbildern der 50er Jahre","datePublished":"2026-03-23T09:51:15+00:00","dateModified":"2026-03-23T11:01:10+00:00","mainEntityOfPage":{"@id":"https:\/\/www.organisator.ch\/marketing\/2026-03-23\/gislerprotokoll-analyse-2025-keine-rueckkehr-zu-rollenbildern-der-50er-jahre\/"},"wordCount":653,"publisher":{"@id":"https:\/\/www.organisator.ch\/#organization"},"image":{"@id":"https:\/\/www.organisator.ch\/marketing\/2026-03-23\/gislerprotokoll-analyse-2025-keine-rueckkehr-zu-rollenbildern-der-50er-jahre\/#primaryimage"},"thumbnailUrl":"https:\/\/www.markt-kom.com\/wp-content\/uploads\/2026\/03\/Gislerprotokoll_Stereotypen-Analyse-2025-scaled.jpg","keywords":["Gislerprotokoll","MarKom"],"articleSection":["MARKETING"],"inLanguage":"it-IT"},{"@type":"WebPage","@id":"https:\/\/www.organisator.ch\/marketing\/2026-03-23\/gislerprotokoll-analyse-2025-keine-rueckkehr-zu-rollenbildern-der-50er-jahre\/","url":"https:\/\/www.organisator.ch\/marketing\/2026-03-23\/gislerprotokoll-analyse-2025-keine-rueckkehr-zu-rollenbildern-der-50er-jahre\/","name":"Analisi del protocollo Gisler 2025: nessun ritorno ai modelli di ruolo degli anni '50 - Organizzatore","isPartOf":{"@id":"https:\/\/www.organisator.ch\/#website"},"primaryImageOfPage":{"@id":"https:\/\/www.organisator.ch\/marketing\/2026-03-23\/gislerprotokoll-analyse-2025-keine-rueckkehr-zu-rollenbildern-der-50er-jahre\/#primaryimage"},"image":{"@id":"https:\/\/www.organisator.ch\/marketing\/2026-03-23\/gislerprotokoll-analyse-2025-keine-rueckkehr-zu-rollenbildern-der-50er-jahre\/#primaryimage"},"thumbnailUrl":"https:\/\/www.markt-kom.com\/wp-content\/uploads\/2026\/03\/Gislerprotokoll_Stereotypen-Analyse-2025-scaled.jpg","datePublished":"2026-03-23T09:51:15+00:00","dateModified":"2026-03-23T11:01:10+00:00","description":"Il Protocollo Gisler fornisce risposte all'attuale rappresentazione dei ruoli di genere nell'industria pubblicitaria svizzera.","breadcrumb":{"@id":"https:\/\/www.organisator.ch\/marketing\/2026-03-23\/gislerprotokoll-analyse-2025-keine-rueckkehr-zu-rollenbildern-der-50er-jahre\/#breadcrumb"},"inLanguage":"it-IT","potentialAction":[{"@type":"ReadAction","target":["https:\/\/www.organisator.ch\/marketing\/2026-03-23\/gislerprotokoll-analyse-2025-keine-rueckkehr-zu-rollenbildern-der-50er-jahre\/"]}]},{"@type":"ImageObject","inLanguage":"it-IT","@id":"https:\/\/www.organisator.ch\/marketing\/2026-03-23\/gislerprotokoll-analyse-2025-keine-rueckkehr-zu-rollenbildern-der-50er-jahre\/#primaryimage","url":"https:\/\/www.markt-kom.com\/wp-content\/uploads\/2026\/03\/Gislerprotokoll_Stereotypen-Analyse-2025-scaled.jpg","contentUrl":"https:\/\/www.markt-kom.com\/wp-content\/uploads\/2026\/03\/Gislerprotokoll_Stereotypen-Analyse-2025-scaled.jpg"},{"@type":"BreadcrumbList","@id":"https:\/\/www.organisator.ch\/marketing\/2026-03-23\/gislerprotokoll-analyse-2025-keine-rueckkehr-zu-rollenbildern-der-50er-jahre\/#breadcrumb","itemListElement":[{"@type":"ListItem","position":1,"name":"Home","item":"https:\/\/www.organisator.ch\/"},{"@type":"ListItem","position":2,"name":"Gislerprotokoll-Analyse 2025: Keine R\u00fcckkehr zu Rollenbildern der 50er Jahre"}]},{"@type":"WebSite","@id":"https:\/\/www.organisator.ch\/#website","url":"https:\/\/www.organisator.ch\/","name":"Organizzatore","description":"Competente. Pratico. In 10 numeri all'anno, ORGANISATOR presenta i temi essenziali per i manager delle PMI.","publisher":{"@id":"https:\/\/www.organisator.ch\/#organization"},"potentialAction":[{"@type":"SearchAction","target":{"@type":"EntryPoint","urlTemplate":"https:\/\/www.organisator.ch\/?s={search_term_string}"},"query-input":{"@type":"PropertyValueSpecification","valueRequired":true,"valueName":"search_term_string"}}],"inLanguage":"it-IT"},{"@type":"Organization","@id":"https:\/\/www.organisator.ch\/#organization","name":"Organizzatore","url":"https:\/\/www.organisator.ch\/","logo":{"@type":"ImageObject","inLanguage":"it-IT","@id":"https:\/\/www.organisator.ch\/#\/schema\/logo\/image\/","url":"https:\/\/www.organisator.ch\/wp-content\/uploads\/2022\/01\/Logo_Organisator_Website.png","contentUrl":"https:\/\/www.organisator.ch\/wp-content\/uploads\/2022\/01\/Logo_Organisator_Website.png","width":800,"height":77,"caption":"Organisator"},"image":{"@id":"https:\/\/www.organisator.ch\/#\/schema\/logo\/image\/"},"sameAs":["https:\/\/www.facebook.com\/OrganisatorFachmagazin","https:\/\/www.linkedin.com\/showcase\/organisator-das-magazin-fr-kmu","https:\/\/www.xing.com\/news\/pages\/organisator-ch-695","https:\/\/www.youtube.com\/channel\/UCGP2Sq0iWaZwT3BdIAQFYpw"]},{"@type":"Person","@id":"https:\/\/www.organisator.ch\/#\/schema\/person\/a9d0e0eff238db87a8f840f3b50359f0","name":"n8n","image":{"@type":"ImageObject","inLanguage":"it-IT","@id":"https:\/\/secure.gravatar.com\/avatar\/5368fb9d03fd415a6f335cece4c15af2502d6ca8651efbd6e8f98427a9795400?s=96&d=mm&r=g","url":"https:\/\/secure.gravatar.com\/avatar\/5368fb9d03fd415a6f335cece4c15af2502d6ca8651efbd6e8f98427a9795400?s=96&d=mm&r=g","contentUrl":"https:\/\/secure.gravatar.com\/avatar\/5368fb9d03fd415a6f335cece4c15af2502d6ca8651efbd6e8f98427a9795400?s=96&d=mm&r=g","caption":"n8n"},"url":"https:\/\/www.organisator.ch\/it\/author\/n8n\/"}]}},"_links":{"self":[{"href":"https:\/\/www.organisator.ch\/it\/wp-json\/wp\/v2\/posts\/46468","targetHints":{"allow":["GET"]}}],"collection":[{"href":"https:\/\/www.organisator.ch\/it\/wp-json\/wp\/v2\/posts"}],"about":[{"href":"https:\/\/www.organisator.ch\/it\/wp-json\/wp\/v2\/types\/post"}],"author":[{"embeddable":true,"href":"https:\/\/www.organisator.ch\/it\/wp-json\/wp\/v2\/users\/107"}],"replies":[{"embeddable":true,"href":"https:\/\/www.organisator.ch\/it\/wp-json\/wp\/v2\/comments?post=46468"}],"version-history":[{"count":3,"href":"https:\/\/www.organisator.ch\/it\/wp-json\/wp\/v2\/posts\/46468\/revisions"}],"predecessor-version":[{"id":46475,"href":"https:\/\/www.organisator.ch\/it\/wp-json\/wp\/v2\/posts\/46468\/revisions\/46475"}],"wp:attachment":[{"href":"https:\/\/www.organisator.ch\/it\/wp-json\/wp\/v2\/media?parent=46468"}],"wp:term":[{"taxonomy":"category","embeddable":true,"href":"https:\/\/www.organisator.ch\/it\/wp-json\/wp\/v2\/categories?post=46468"},{"taxonomy":"post_tag","embeddable":true,"href":"https:\/\/www.organisator.ch\/it\/wp-json\/wp\/v2\/tags?post=46468"}],"curies":[{"name":"wp","href":"https:\/\/api.w.org\/{rel}","templated":true}]}}