{"id":4651,"date":"2018-12-11T10:16:15","date_gmt":"2018-12-11T09:16:15","guid":{"rendered":"https:\/\/www.organisator.ch\/?p=4651"},"modified":"2018-12-11T10:16:15","modified_gmt":"2018-12-11T09:16:15","slug":"gestione-dei-crediti-e-dei-debiti-un-compito-che-dura-un-anno-intero","status":"publish","type":"post","link":"https:\/\/www.organisator.ch\/it\/management\/finanzen_recht\/2018-12-11\/kredit-und-debitorenmanagement-eine-ganzjahresaufgabe\/","title":{"rendered":"Gestione del credito e dei crediti: un compito che dura tutto l'anno"},"content":{"rendered":"<figure id=\"attachment_4653\" aria-describedby=\"caption-attachment-4653\" style=\"width: 680px\" class=\"wp-caption alignnone\"><img loading=\"lazy\" decoding=\"async\" class=\"size-medium wp-image-4653\" src=\"https:\/\/www.organisator.ch\/wp-content\/uploads\/2018\/12\/Kredit-und-Debitorenmanagement-eine-Ganzjahresaufgabe_Organisator.jpg\" alt=\"\" width=\"680\" height=\"646\" srcset=\"https:\/\/www.organisator.ch\/wp-content\/uploads\/2018\/12\/Kredit-und-Debitorenmanagement-eine-Ganzjahresaufgabe_Organisator.jpg 680w, https:\/\/www.organisator.ch\/wp-content\/uploads\/2018\/12\/Kredit-und-Debitorenmanagement-eine-Ganzjahresaufgabe_Organisator-13x12.jpg 13w, https:\/\/www.organisator.ch\/wp-content\/uploads\/2018\/12\/Kredit-und-Debitorenmanagement-eine-Ganzjahresaufgabe_Organisator-184x175.jpg 184w, https:\/\/www.organisator.ch\/wp-content\/uploads\/2018\/12\/Kredit-und-Debitorenmanagement-eine-Ganzjahresaufgabe_Organisator-368x350.jpg 368w, https:\/\/www.organisator.ch\/wp-content\/uploads\/2018\/12\/Kredit-und-Debitorenmanagement-eine-Ganzjahresaufgabe_Organisator-300x285.jpg 300w\" sizes=\"auto, (max-width: 680px) 100vw, 680px\" \/><figcaption id=\"caption-attachment-4653\" class=\"wp-caption-text\">Raoul Egeli sottolinea che la gestione del credito e dei crediti non deve essere un problema solo a fine anno o in casi acuti. (Immagine: zVg \/ Creditreform)<\/figcaption><\/figure>\n<p>Naturalmente, un sollecito non significa che il pagamento non verr\u00e0 effettuato. Ma se questi arretrati di pagamento si accumulano a tal punto che il risultato si riduce anche di molto a causa delle necessarie rettifiche di valore, allora questo pu\u00f2 mettere a rischio la liquidit\u00e0 dell'azienda. L'attivit\u00e0 quotidiana ruota principalmente intorno all'acquisizione, all'elaborazione degli ordini, al controllo dei costi, al personale e all'innovazione. La liquidit\u00e0 \u00e8 praticamente data per scontata in molte imprese commerciali. I problemi vengono riconosciuti solo in ritardo. Questo vale soprattutto per gli imminenti mancati pagamenti. Le persone sono convinte di conoscere bene i propri clienti e la loro situazione finanziaria. I ritardi nei pagamenti a volte non sono visti come un segnale d'allarme, ma come una buona opportunit\u00e0 per dimostrare al cliente che siete al suo fianco. In effetti, circa il 70% di tutte le perdite di crediti inesigibili si verifica con i clienti abituali. Le persone si fidano l'una dell'altra. I segnali di imminenti strozzature nei pagamenti vengono letteralmente ignorati. Dopo tutto, ha sempre funzionato bene.<\/p>\n<h2>Gestione dei crediti e della contabilit\u00e0 come compito permanente<\/h2>\n<p>La gestione del credito fa quindi parte del pane quotidiano di ogni azienda. Inizia nella fase di acquisizione, quando il venditore si fa un'idea iniziale della situazione finanziaria del cliente. Il controllo del credito \u00e8 obbligatorio al pi\u00f9 tardi al momento della firma del contratto. Anche in seguito, \u00e8 importante monitorare costantemente ogni rapporto con i clienti e valutare gli eventi rilevanti per la loro affidabilit\u00e0 creditizia e, se necessario, trarne le conseguenze. Ci\u00f2 non significa necessariamente rinunciare al contratto, ma pu\u00f2 significare che le consegne non vengono pi\u00f9 effettuate in acconto. Chi lo fa evita alla fonte una parte significativa delle potenziali perdite dei debitori. Questo pu\u00f2 facilmente ammontare all'1% del fatturato realizzato e non ammortizzato.<\/p>\n<h2>Quando \u00e8 necessario uno specialista<\/h2>\n<p>La gestione dei crediti \u00e8 altrettanto importante. Chiunque pu\u00f2 trascurare una fattura o rinviare un pagamento, ad esempio, se c'\u00e8 qualcosa da ridire sulle prestazioni del fornitore. Ma potete aspettarvi che un sollecito riceva una risposta rapida. In caso contrario, \u00e8 necessario intervenire. Lo spettro va dall'interruzione immediata della consegna all'applicazione professionale del diritto. Questa collezione richiede una certa competenza. Le piccole imprese, in particolare, hanno spesso difficolt\u00e0 ad affrontare il processo legale. Lasciano passare tempo prezioso o commettono errori. Un credito che avrebbe potuto essere riscosso con una gestione rigorosa del debitore potrebbe dover essere cancellato. In molti casi, vale la pena affidare il recupero crediti a uno specialista.<\/p>\n<p><strong><em>Autore:<\/em><\/strong><br \/>\n<em>Raoul Egeli \u00e8 presidente dell'Associazione svizzera per la riforma del credito dal 2008 e presidente di Creditreform International dal 2014, nonch\u00e9 membro della Camera di commercio della SGV. \u00c8 inoltre amministratore delegato delle societ\u00e0 Creditreform Egeli di Basilea, San Gallo e Zurigo. Dal 2009 al 2013 \u00e8 stato Presidente centrale di TREUHAND|SUISSE. Raoul Egeli \u00e8 autore di diversi libri specialistici sulla gestione del credito e dei crediti. <a href=\"http:\/\/www.creditreform.ch\">www.creditreform.ch<\/a><\/em><\/p>","protected":false},"excerpt":{"rendered":"<p>Nat\u00fcrlich bedeutet eine Mahnung noch lange nicht, dass eine Zahlung ausbleibt. Aber wenn sich solche Zahlungsr\u00fcckst\u00e4nde in dem Masse h\u00e4ufen, dass sogar, bedingt durch die notwendigen Wertberichtigungen, das Ergebnis stark geschm\u00e4lert wird, dann kann dies die Liquidit\u00e4t des Unternehmens in Gefahr bringen. Der gesch\u00e4ftliche Alltag dreht sich prim\u00e4r um Akquisition, Auftragsbearbeitung, Kostenkontrolle, Personal und Innovation. [&hellip;]<\/p>\n","protected":false},"author":4,"featured_media":4653,"comment_status":"open","ping_status":"open","sticky":false,"template":"","format":"standard","meta":{"_acf_changed":false,"_yoast_wpseo_focuskw":"Kredit- und Debitorenmanagement","_yoast_wpseo_metadesc":"Das Jahresende naht: Zeit f\u00fcr einen R\u00fcckblick. Allzu rosarot sollte die Brille dabei nicht sein, meint Raoul Egeli.","articlekey":"","footnotes":""},"categories":[24],"tags":[217,272,314],"class_list":["post-4651","post","type-post","status-publish","format-standard","has-post-thumbnail","hentry","category-finanzen_recht","tag-forderungsmanagement","tag-inkasso","tag-kredit"],"acf":[],"yoast_head":"<!-- This site is optimized with the Yoast SEO plugin v27.5 - https:\/\/yoast.com\/product\/yoast-seo-wordpress\/ -->\n<title>Kredit- und Debitorenmanagement: eine Ganzjahresaufgabe - Organisator<\/title>\n<meta name=\"description\" content=\"Das Jahresende naht: Zeit f\u00fcr einen R\u00fcckblick. Allzu rosarot sollte die Brille dabei nicht sein, meint Raoul Egeli.\" \/>\n<meta name=\"robots\" content=\"index, follow, max-snippet:-1, max-image-preview:large, max-video-preview:-1\" \/>\n<link rel=\"canonical\" href=\"https:\/\/www.organisator.ch\/it\/gestione-2\/finanzen_recht\/2018-12-11\/gestione-dei-crediti-e-dei-debiti-un-compito-che-dura-un-anno-intero\/\" \/>\n<meta property=\"og:locale\" content=\"it_IT\" \/>\n<meta property=\"og:type\" content=\"article\" \/>\n<meta property=\"og:title\" content=\"Kredit- und Debitorenmanagement: eine Ganzjahresaufgabe\" \/>\n<meta property=\"og:description\" content=\"Das Jahresende naht: Zeit f\u00fcr einen R\u00fcckblick. Allzu rosarot sollte die Brille dabei nicht sein, meint Raoul Egeli.\" \/>\n<meta property=\"og:url\" content=\"https:\/\/www.organisator.ch\/it\/gestione-2\/finanzen_recht\/2018-12-11\/gestione-dei-crediti-e-dei-debiti-un-compito-che-dura-un-anno-intero\/\" \/>\n<meta property=\"og:site_name\" content=\"Organisator\" \/>\n<meta property=\"article:publisher\" content=\"https:\/\/www.facebook.com\/OrganisatorFachmagazin\" \/>\n<meta property=\"article:published_time\" content=\"2018-12-11T09:16:15+00:00\" \/>\n<meta property=\"og:image\" content=\"https:\/\/www.organisator.ch\/wp-content\/uploads\/2018\/12\/Kredit-und-Debitorenmanagement-eine-Ganzjahresaufgabe_Organisator.jpg\" \/>\n\t<meta property=\"og:image:width\" content=\"680\" \/>\n\t<meta property=\"og:image:height\" content=\"646\" \/>\n\t<meta property=\"og:image:type\" content=\"image\/jpeg\" \/>\n<meta name=\"author\" content=\"thomas.berner\" \/>\n<meta name=\"twitter:card\" content=\"summary_large_image\" \/>\n<meta name=\"twitter:title\" content=\"Kredit- und #Debitorenmanagement: eine Ganzjahresaufgabe\" \/>\n<meta name=\"twitter:description\" content=\"Das Jahresende naht: Zeit f\u00fcr einen R\u00fcckblick. Allzu rosarot sollte die Brille dabei nicht sein, meint Raoul Egeli.\" \/>\n<meta name=\"twitter:image\" content=\"https:\/\/www.organisator.ch\/wp-content\/uploads\/2018\/12\/Kredit-und-Debitorenmanagement-eine-Ganzjahresaufgabe_Organisator.jpg\" \/>\n<script type=\"application\/ld+json\" class=\"yoast-schema-graph\">{\"@context\":\"https:\\\/\\\/schema.org\",\"@graph\":[{\"@type\":\"Article\",\"@id\":\"https:\\\/\\\/www.organisator.ch\\\/management\\\/finanzen_recht\\\/2018-12-11\\\/kredit-und-debitorenmanagement-eine-ganzjahresaufgabe\\\/#article\",\"isPartOf\":{\"@id\":\"https:\\\/\\\/www.organisator.ch\\\/management\\\/finanzen_recht\\\/2018-12-11\\\/kredit-und-debitorenmanagement-eine-ganzjahresaufgabe\\\/\"},\"author\":{\"name\":\"thomas.berner\",\"@id\":\"https:\\\/\\\/www.organisator.ch\\\/#\\\/schema\\\/person\\\/6f650f90b2842cd4c0cc334b4e36f67e\"},\"headline\":\"Kredit- und Debitorenmanagement: eine Ganzjahresaufgabe\",\"datePublished\":\"2018-12-11T09:16:15+00:00\",\"mainEntityOfPage\":{\"@id\":\"https:\\\/\\\/www.organisator.ch\\\/management\\\/finanzen_recht\\\/2018-12-11\\\/kredit-und-debitorenmanagement-eine-ganzjahresaufgabe\\\/\"},\"wordCount\":489,\"commentCount\":0,\"publisher\":{\"@id\":\"https:\\\/\\\/www.organisator.ch\\\/#organization\"},\"image\":{\"@id\":\"https:\\\/\\\/www.organisator.ch\\\/management\\\/finanzen_recht\\\/2018-12-11\\\/kredit-und-debitorenmanagement-eine-ganzjahresaufgabe\\\/#primaryimage\"},\"thumbnailUrl\":\"https:\\\/\\\/www.organisator.ch\\\/wp-content\\\/uploads\\\/2018\\\/12\\\/Kredit-und-Debitorenmanagement-eine-Ganzjahresaufgabe_Organisator.jpg\",\"keywords\":[\"Forderungsmanagement\",\"Inkasso\",\"Kredit\"],\"articleSection\":[\"FINANZEN\\\/RECHT\"],\"inLanguage\":\"it-IT\"},{\"@type\":\"WebPage\",\"@id\":\"https:\\\/\\\/www.organisator.ch\\\/management\\\/finanzen_recht\\\/2018-12-11\\\/kredit-und-debitorenmanagement-eine-ganzjahresaufgabe\\\/\",\"url\":\"https:\\\/\\\/www.organisator.ch\\\/management\\\/finanzen_recht\\\/2018-12-11\\\/kredit-und-debitorenmanagement-eine-ganzjahresaufgabe\\\/\",\"name\":\"Kredit- und Debitorenmanagement: eine Ganzjahresaufgabe - Organisator\",\"isPartOf\":{\"@id\":\"https:\\\/\\\/www.organisator.ch\\\/#website\"},\"primaryImageOfPage\":{\"@id\":\"https:\\\/\\\/www.organisator.ch\\\/management\\\/finanzen_recht\\\/2018-12-11\\\/kredit-und-debitorenmanagement-eine-ganzjahresaufgabe\\\/#primaryimage\"},\"image\":{\"@id\":\"https:\\\/\\\/www.organisator.ch\\\/management\\\/finanzen_recht\\\/2018-12-11\\\/kredit-und-debitorenmanagement-eine-ganzjahresaufgabe\\\/#primaryimage\"},\"thumbnailUrl\":\"https:\\\/\\\/www.organisator.ch\\\/wp-content\\\/uploads\\\/2018\\\/12\\\/Kredit-und-Debitorenmanagement-eine-Ganzjahresaufgabe_Organisator.jpg\",\"datePublished\":\"2018-12-11T09:16:15+00:00\",\"description\":\"Das Jahresende naht: Zeit f\u00fcr einen R\u00fcckblick. Allzu rosarot sollte die Brille dabei nicht sein, meint Raoul Egeli.\",\"breadcrumb\":{\"@id\":\"https:\\\/\\\/www.organisator.ch\\\/management\\\/finanzen_recht\\\/2018-12-11\\\/kredit-und-debitorenmanagement-eine-ganzjahresaufgabe\\\/#breadcrumb\"},\"inLanguage\":\"it-IT\",\"potentialAction\":[{\"@type\":\"ReadAction\",\"target\":[\"https:\\\/\\\/www.organisator.ch\\\/management\\\/finanzen_recht\\\/2018-12-11\\\/kredit-und-debitorenmanagement-eine-ganzjahresaufgabe\\\/\"]}]},{\"@type\":\"ImageObject\",\"inLanguage\":\"it-IT\",\"@id\":\"https:\\\/\\\/www.organisator.ch\\\/management\\\/finanzen_recht\\\/2018-12-11\\\/kredit-und-debitorenmanagement-eine-ganzjahresaufgabe\\\/#primaryimage\",\"url\":\"https:\\\/\\\/www.organisator.ch\\\/wp-content\\\/uploads\\\/2018\\\/12\\\/Kredit-und-Debitorenmanagement-eine-Ganzjahresaufgabe_Organisator.jpg\",\"contentUrl\":\"https:\\\/\\\/www.organisator.ch\\\/wp-content\\\/uploads\\\/2018\\\/12\\\/Kredit-und-Debitorenmanagement-eine-Ganzjahresaufgabe_Organisator.jpg\",\"width\":680,\"height\":646,\"caption\":\"Raoul Egeli weist darauf hin, dass Kredit- und Debitorenmanagement nicht nur am Jahresende oder in einem Akutfall ein Thema sein darf. (Bild: zVg \\\/ Creditreform)\"},{\"@type\":\"BreadcrumbList\",\"@id\":\"https:\\\/\\\/www.organisator.ch\\\/management\\\/finanzen_recht\\\/2018-12-11\\\/kredit-und-debitorenmanagement-eine-ganzjahresaufgabe\\\/#breadcrumb\",\"itemListElement\":[{\"@type\":\"ListItem\",\"position\":1,\"name\":\"Home\",\"item\":\"https:\\\/\\\/www.organisator.ch\\\/\"},{\"@type\":\"ListItem\",\"position\":2,\"name\":\"Kredit- und Debitorenmanagement: eine Ganzjahresaufgabe\"}]},{\"@type\":\"WebSite\",\"@id\":\"https:\\\/\\\/www.organisator.ch\\\/#website\",\"url\":\"https:\\\/\\\/www.organisator.ch\\\/\",\"name\":\"Organisator\",\"description\":\"Kompetent. Praxisnah. Der ORGANISATOR bereitet in 10 Ausgaben pro Jahr die wesentlichen Themen f\u00fcr F\u00fchrungskr\u00e4fte von KMU auf.\",\"publisher\":{\"@id\":\"https:\\\/\\\/www.organisator.ch\\\/#organization\"},\"potentialAction\":[{\"@type\":\"SearchAction\",\"target\":{\"@type\":\"EntryPoint\",\"urlTemplate\":\"https:\\\/\\\/www.organisator.ch\\\/?s={search_term_string}\"},\"query-input\":{\"@type\":\"PropertyValueSpecification\",\"valueRequired\":true,\"valueName\":\"search_term_string\"}}],\"inLanguage\":\"it-IT\"},{\"@type\":\"Organization\",\"@id\":\"https:\\\/\\\/www.organisator.ch\\\/#organization\",\"name\":\"Organisator\",\"url\":\"https:\\\/\\\/www.organisator.ch\\\/\",\"logo\":{\"@type\":\"ImageObject\",\"inLanguage\":\"it-IT\",\"@id\":\"https:\\\/\\\/www.organisator.ch\\\/#\\\/schema\\\/logo\\\/image\\\/\",\"url\":\"https:\\\/\\\/www.organisator.ch\\\/wp-content\\\/uploads\\\/2022\\\/01\\\/Logo_Organisator_Website.png\",\"contentUrl\":\"https:\\\/\\\/www.organisator.ch\\\/wp-content\\\/uploads\\\/2022\\\/01\\\/Logo_Organisator_Website.png\",\"width\":800,\"height\":77,\"caption\":\"Organisator\"},\"image\":{\"@id\":\"https:\\\/\\\/www.organisator.ch\\\/#\\\/schema\\\/logo\\\/image\\\/\"},\"sameAs\":[\"https:\\\/\\\/www.facebook.com\\\/OrganisatorFachmagazin\",\"https:\\\/\\\/www.linkedin.com\\\/showcase\\\/organisator-das-magazin-fr-kmu\",\"https:\\\/\\\/www.xing.com\\\/news\\\/pages\\\/organisator-ch-695\",\"https:\\\/\\\/www.youtube.com\\\/channel\\\/UCGP2Sq0iWaZwT3BdIAQFYpw\"]},{\"@type\":\"Person\",\"@id\":\"https:\\\/\\\/www.organisator.ch\\\/#\\\/schema\\\/person\\\/6f650f90b2842cd4c0cc334b4e36f67e\",\"name\":\"thomas.berner\",\"image\":{\"@type\":\"ImageObject\",\"inLanguage\":\"it-IT\",\"@id\":\"https:\\\/\\\/secure.gravatar.com\\\/avatar\\\/ac5001d2a36cb6c6cd3e50789007ffca834b477b74a2144564522e944eabff61?s=96&d=mm&r=g\",\"url\":\"https:\\\/\\\/secure.gravatar.com\\\/avatar\\\/ac5001d2a36cb6c6cd3e50789007ffca834b477b74a2144564522e944eabff61?s=96&d=mm&r=g\",\"contentUrl\":\"https:\\\/\\\/secure.gravatar.com\\\/avatar\\\/ac5001d2a36cb6c6cd3e50789007ffca834b477b74a2144564522e944eabff61?s=96&d=mm&r=g\",\"caption\":\"thomas.berner\"},\"url\":\"https:\\\/\\\/www.organisator.ch\\\/it\\\/author\\\/thomas-berner\\\/\"}]}<\/script>\n<!-- \/ Yoast SEO plugin. -->","yoast_head_json":{"title":"Gestione dei crediti e della contabilit\u00e0: un compito che dura tutto l'anno - Organizzatore","description":"La fine dell'anno si avvicina: \u00e8 tempo di guardare indietro. Raoul Egeli ritiene che gli occhiali non debbano essere troppo rosei.","robots":{"index":"index","follow":"follow","max-snippet":"max-snippet:-1","max-image-preview":"max-image-preview:large","max-video-preview":"max-video-preview:-1"},"canonical":"https:\/\/www.organisator.ch\/it\/gestione-2\/finanzen_recht\/2018-12-11\/gestione-dei-crediti-e-dei-debiti-un-compito-che-dura-un-anno-intero\/","og_locale":"it_IT","og_type":"article","og_title":"Kredit- und Debitorenmanagement: eine Ganzjahresaufgabe","og_description":"Das Jahresende naht: Zeit f\u00fcr einen R\u00fcckblick. Allzu rosarot sollte die Brille dabei nicht sein, meint Raoul Egeli.","og_url":"https:\/\/www.organisator.ch\/it\/gestione-2\/finanzen_recht\/2018-12-11\/gestione-dei-crediti-e-dei-debiti-un-compito-che-dura-un-anno-intero\/","og_site_name":"Organisator","article_publisher":"https:\/\/www.facebook.com\/OrganisatorFachmagazin","article_published_time":"2018-12-11T09:16:15+00:00","og_image":[{"width":680,"height":646,"url":"https:\/\/www.organisator.ch\/wp-content\/uploads\/2018\/12\/Kredit-und-Debitorenmanagement-eine-Ganzjahresaufgabe_Organisator.jpg","type":"image\/jpeg"}],"author":"thomas.berner","twitter_card":"summary_large_image","twitter_title":"Kredit- und #Debitorenmanagement: eine Ganzjahresaufgabe","twitter_description":"Das Jahresende naht: Zeit f\u00fcr einen R\u00fcckblick. Allzu rosarot sollte die Brille dabei nicht sein, meint Raoul Egeli.","twitter_image":"https:\/\/www.organisator.ch\/wp-content\/uploads\/2018\/12\/Kredit-und-Debitorenmanagement-eine-Ganzjahresaufgabe_Organisator.jpg","schema":{"@context":"https:\/\/schema.org","@graph":[{"@type":"Article","@id":"https:\/\/www.organisator.ch\/management\/finanzen_recht\/2018-12-11\/kredit-und-debitorenmanagement-eine-ganzjahresaufgabe\/#article","isPartOf":{"@id":"https:\/\/www.organisator.ch\/management\/finanzen_recht\/2018-12-11\/kredit-und-debitorenmanagement-eine-ganzjahresaufgabe\/"},"author":{"name":"thomas.berner","@id":"https:\/\/www.organisator.ch\/#\/schema\/person\/6f650f90b2842cd4c0cc334b4e36f67e"},"headline":"Kredit- und Debitorenmanagement: eine Ganzjahresaufgabe","datePublished":"2018-12-11T09:16:15+00:00","mainEntityOfPage":{"@id":"https:\/\/www.organisator.ch\/management\/finanzen_recht\/2018-12-11\/kredit-und-debitorenmanagement-eine-ganzjahresaufgabe\/"},"wordCount":489,"commentCount":0,"publisher":{"@id":"https:\/\/www.organisator.ch\/#organization"},"image":{"@id":"https:\/\/www.organisator.ch\/management\/finanzen_recht\/2018-12-11\/kredit-und-debitorenmanagement-eine-ganzjahresaufgabe\/#primaryimage"},"thumbnailUrl":"https:\/\/www.organisator.ch\/wp-content\/uploads\/2018\/12\/Kredit-und-Debitorenmanagement-eine-Ganzjahresaufgabe_Organisator.jpg","keywords":["Forderungsmanagement","Inkasso","Kredit"],"articleSection":["FINANZEN\/RECHT"],"inLanguage":"it-IT"},{"@type":"WebPage","@id":"https:\/\/www.organisator.ch\/management\/finanzen_recht\/2018-12-11\/kredit-und-debitorenmanagement-eine-ganzjahresaufgabe\/","url":"https:\/\/www.organisator.ch\/management\/finanzen_recht\/2018-12-11\/kredit-und-debitorenmanagement-eine-ganzjahresaufgabe\/","name":"Gestione dei crediti e della contabilit\u00e0: un compito che dura tutto l'anno - Organizzatore","isPartOf":{"@id":"https:\/\/www.organisator.ch\/#website"},"primaryImageOfPage":{"@id":"https:\/\/www.organisator.ch\/management\/finanzen_recht\/2018-12-11\/kredit-und-debitorenmanagement-eine-ganzjahresaufgabe\/#primaryimage"},"image":{"@id":"https:\/\/www.organisator.ch\/management\/finanzen_recht\/2018-12-11\/kredit-und-debitorenmanagement-eine-ganzjahresaufgabe\/#primaryimage"},"thumbnailUrl":"https:\/\/www.organisator.ch\/wp-content\/uploads\/2018\/12\/Kredit-und-Debitorenmanagement-eine-Ganzjahresaufgabe_Organisator.jpg","datePublished":"2018-12-11T09:16:15+00:00","description":"La fine dell'anno si avvicina: \u00e8 tempo di guardare indietro. Raoul Egeli ritiene che gli occhiali non debbano essere troppo rosei.","breadcrumb":{"@id":"https:\/\/www.organisator.ch\/management\/finanzen_recht\/2018-12-11\/kredit-und-debitorenmanagement-eine-ganzjahresaufgabe\/#breadcrumb"},"inLanguage":"it-IT","potentialAction":[{"@type":"ReadAction","target":["https:\/\/www.organisator.ch\/management\/finanzen_recht\/2018-12-11\/kredit-und-debitorenmanagement-eine-ganzjahresaufgabe\/"]}]},{"@type":"ImageObject","inLanguage":"it-IT","@id":"https:\/\/www.organisator.ch\/management\/finanzen_recht\/2018-12-11\/kredit-und-debitorenmanagement-eine-ganzjahresaufgabe\/#primaryimage","url":"https:\/\/www.organisator.ch\/wp-content\/uploads\/2018\/12\/Kredit-und-Debitorenmanagement-eine-Ganzjahresaufgabe_Organisator.jpg","contentUrl":"https:\/\/www.organisator.ch\/wp-content\/uploads\/2018\/12\/Kredit-und-Debitorenmanagement-eine-Ganzjahresaufgabe_Organisator.jpg","width":680,"height":646,"caption":"Raoul Egeli weist darauf hin, dass Kredit- und Debitorenmanagement nicht nur am Jahresende oder in einem Akutfall ein Thema sein darf. (Bild: zVg \/ Creditreform)"},{"@type":"BreadcrumbList","@id":"https:\/\/www.organisator.ch\/management\/finanzen_recht\/2018-12-11\/kredit-und-debitorenmanagement-eine-ganzjahresaufgabe\/#breadcrumb","itemListElement":[{"@type":"ListItem","position":1,"name":"Home","item":"https:\/\/www.organisator.ch\/"},{"@type":"ListItem","position":2,"name":"Kredit- und Debitorenmanagement: eine Ganzjahresaufgabe"}]},{"@type":"WebSite","@id":"https:\/\/www.organisator.ch\/#website","url":"https:\/\/www.organisator.ch\/","name":"Organizzatore","description":"Competente. Pratico. In 10 numeri all'anno, ORGANISATOR presenta i temi essenziali per i manager delle PMI.","publisher":{"@id":"https:\/\/www.organisator.ch\/#organization"},"potentialAction":[{"@type":"SearchAction","target":{"@type":"EntryPoint","urlTemplate":"https:\/\/www.organisator.ch\/?s={search_term_string}"},"query-input":{"@type":"PropertyValueSpecification","valueRequired":true,"valueName":"search_term_string"}}],"inLanguage":"it-IT"},{"@type":"Organization","@id":"https:\/\/www.organisator.ch\/#organization","name":"Organizzatore","url":"https:\/\/www.organisator.ch\/","logo":{"@type":"ImageObject","inLanguage":"it-IT","@id":"https:\/\/www.organisator.ch\/#\/schema\/logo\/image\/","url":"https:\/\/www.organisator.ch\/wp-content\/uploads\/2022\/01\/Logo_Organisator_Website.png","contentUrl":"https:\/\/www.organisator.ch\/wp-content\/uploads\/2022\/01\/Logo_Organisator_Website.png","width":800,"height":77,"caption":"Organisator"},"image":{"@id":"https:\/\/www.organisator.ch\/#\/schema\/logo\/image\/"},"sameAs":["https:\/\/www.facebook.com\/OrganisatorFachmagazin","https:\/\/www.linkedin.com\/showcase\/organisator-das-magazin-fr-kmu","https:\/\/www.xing.com\/news\/pages\/organisator-ch-695","https:\/\/www.youtube.com\/channel\/UCGP2Sq0iWaZwT3BdIAQFYpw"]},{"@type":"Person","@id":"https:\/\/www.organisator.ch\/#\/schema\/person\/6f650f90b2842cd4c0cc334b4e36f67e","name":"Tommaso.berner","image":{"@type":"ImageObject","inLanguage":"it-IT","@id":"https:\/\/secure.gravatar.com\/avatar\/ac5001d2a36cb6c6cd3e50789007ffca834b477b74a2144564522e944eabff61?s=96&d=mm&r=g","url":"https:\/\/secure.gravatar.com\/avatar\/ac5001d2a36cb6c6cd3e50789007ffca834b477b74a2144564522e944eabff61?s=96&d=mm&r=g","contentUrl":"https:\/\/secure.gravatar.com\/avatar\/ac5001d2a36cb6c6cd3e50789007ffca834b477b74a2144564522e944eabff61?s=96&d=mm&r=g","caption":"thomas.berner"},"url":"https:\/\/www.organisator.ch\/it\/author\/thomas-berner\/"}]}},"_links":{"self":[{"href":"https:\/\/www.organisator.ch\/it\/wp-json\/wp\/v2\/posts\/4651","targetHints":{"allow":["GET"]}}],"collection":[{"href":"https:\/\/www.organisator.ch\/it\/wp-json\/wp\/v2\/posts"}],"about":[{"href":"https:\/\/www.organisator.ch\/it\/wp-json\/wp\/v2\/types\/post"}],"author":[{"embeddable":true,"href":"https:\/\/www.organisator.ch\/it\/wp-json\/wp\/v2\/users\/4"}],"replies":[{"embeddable":true,"href":"https:\/\/www.organisator.ch\/it\/wp-json\/wp\/v2\/comments?post=4651"}],"version-history":[{"count":0,"href":"https:\/\/www.organisator.ch\/it\/wp-json\/wp\/v2\/posts\/4651\/revisions"}],"wp:featuredmedia":[{"embeddable":true,"href":"https:\/\/www.organisator.ch\/it\/wp-json\/wp\/v2\/media\/4653"}],"wp:attachment":[{"href":"https:\/\/www.organisator.ch\/it\/wp-json\/wp\/v2\/media?parent=4651"}],"wp:term":[{"taxonomy":"category","embeddable":true,"href":"https:\/\/www.organisator.ch\/it\/wp-json\/wp\/v2\/categories?post=4651"},{"taxonomy":"post_tag","embeddable":true,"href":"https:\/\/www.organisator.ch\/it\/wp-json\/wp\/v2\/tags?post=4651"}],"curies":[{"name":"wp","href":"https:\/\/api.w.org\/{rel}","templated":true}]}}