{"id":4656,"date":"2018-12-11T15:01:04","date_gmt":"2018-12-11T14:01:04","guid":{"rendered":"https:\/\/www.organisator.ch\/?p=4656"},"modified":"2018-12-11T15:01:04","modified_gmt":"2018-12-11T14:01:04","slug":"arbeitskraeftemangel-aeltere-arbeitskraefte-sind-hochmotiviert","status":"publish","type":"post","link":"https:\/\/www.organisator.ch\/it\/management\/2018-12-11\/arbeitskraeftemangel-aeltere-arbeitskraefte-sind-hochmotiviert\/","title":{"rendered":"Carenza di manodopera: i lavoratori anziani sono altamente motivati..."},"content":{"rendered":"<figure id=\"attachment_4657\" aria-describedby=\"caption-attachment-4657\" style=\"width: 680px\" class=\"wp-caption alignnone\"><img loading=\"lazy\" decoding=\"async\" class=\"size-medium wp-image-4657\" src=\"https:\/\/www.organisator.ch\/wp-content\/uploads\/2018\/12\/Arbeitskraeftemangel-Aeltere-Arbeitskraefte-sind-hochmotiviert-1_Organisator.jpg\" alt=\"\" width=\"680\" height=\"452\" srcset=\"https:\/\/www.organisator.ch\/wp-content\/uploads\/2018\/12\/Arbeitskraeftemangel-Aeltere-Arbeitskraefte-sind-hochmotiviert-1_Organisator.jpg 680w, https:\/\/www.organisator.ch\/wp-content\/uploads\/2018\/12\/Arbeitskraeftemangel-Aeltere-Arbeitskraefte-sind-hochmotiviert-1_Organisator-16x12.jpg 16w, https:\/\/www.organisator.ch\/wp-content\/uploads\/2018\/12\/Arbeitskraeftemangel-Aeltere-Arbeitskraefte-sind-hochmotiviert-1_Organisator-263x175.jpg 263w, https:\/\/www.organisator.ch\/wp-content\/uploads\/2018\/12\/Arbeitskraeftemangel-Aeltere-Arbeitskraefte-sind-hochmotiviert-1_Organisator-527x350.jpg 527w, https:\/\/www.organisator.ch\/wp-content\/uploads\/2018\/12\/Arbeitskraeftemangel-Aeltere-Arbeitskraefte-sind-hochmotiviert-1_Organisator-300x199.jpg 300w\" sizes=\"auto, (max-width: 680px) 100vw, 680px\" \/><figcaption id=\"caption-attachment-4657\" class=\"wp-caption-text\">La generazione 50+ non \u00e8 solo vitale in termini di tempo libero: sono anche molto motivati come lavoratori anziani. L'economia dovrebbe sfruttare meglio questo potenziale. (Immagine: Fotolia.com)<\/figcaption><\/figure>\n<p>Bassa disoccupazione, alti salari e forza lavoro qualificata: il mercato del lavoro svizzero \u00e8 in buona forma. Tuttavia, ci sono ancora alcuni test da fare. La digitalizzazione richieder\u00e0 sempre pi\u00f9 competenze diverse e nuove da una grande maggioranza della forza lavoro. La domanda di dipendenti con forti competenze nelle aree della creativit\u00e0, dell'intelligenza sociale e dell'uso delle tecnologie digitali \u00e8 in aumento. Alcuni settori, come l'ICT o la sanit\u00e0, stanno gi\u00e0 incontrando difficolt\u00e0 nel reclutare il personale. Inoltre, l'invecchiamento della forza lavoro render\u00e0 inevitabile un migliore utilizzo del potenziale di manodopera precedentemente non sfruttato. \"Nel 2016, per la prima volta, pi\u00f9 lavoratori domestici hanno lasciato il mercato del lavoro di quanti ne siano entrati. Se le cose continuano cos\u00ec, avremo una carenza di circa mezzo milione di lavoratori entro il 2030. Le aziende devono iniziare a pensare non solo a come trovare i giusti lavoratori formati, ma a come trovare abbastanza lavoratori in futuro. Una strategia chiave \u00e8 quella di fare un uso migliore dei bacini di lavoro esistenti ma sottoutilizzati. C'\u00e8 molto potenziale tra le donne, i lavoratori pi\u00f9 anziani e i dipendenti part-time\", dice Myriam Denk, responsabile del futuro del lavoro presso Deloitte Svizzera.<\/p>\n<h2>Lavoratori anziani, donne e lavoratori part-time<\/h2>\n<p>Sono gi\u00e0 state discusse varie opzioni per far fronte all'incombente carenza di manodopera: Un orario di lavoro pi\u00f9 lungo non \u00e8 probabilmente una soluzione adatta e l'aumento dell'et\u00e0 pensionabile sembra impossibile a breve termine. Anche l'aumento dell'immigrazione di lavoratori qualificati non sembra essere politicamente accettabile al momento. L'aumento dell'automazione innescher\u00e0 effettivamente un cambiamento strutturale nel mercato del lavoro. Tuttavia, \u00e8 improbabile che l'automazione possa compensare completamente gli effetti del cambiamento demografico.<\/p>\n<p>Quindi come possiamo contrastare la futura carenza di manodopera? \"Vediamo un enorme potenziale nel bacino di lavoro esistente ma sottoutilizzato. Questo risiede principalmente nella \"riserva nascosta\" e negli occupati che lavorano a tempo parziale e potrebbero aumentare il loro carico di lavoro. Le donne e i lavoratori dai 55 anni in su ne costituiscono una gran parte\", spiega Michael Grampp, capo economista di Deloitte Svizzera e autore del nuovo <a href=\"https:\/\/www2.deloitte.com\/ch\/de\/pages\/innovation\/articles\/voice-of-workforce-switzerland.html\">Studio Deloitte \"Motivato, ottimista e ignaro del dovere\".<\/a>. \"Molti sono gi\u00e0 (precocemente) in pensione, quindi non stanno attivamente cercando lavoro - ma potrebbero ben immaginare di lavorare. Tuttavia, per mantenere l'occupabilit\u00e0 dei lavoratori anziani a un livello elevato, \u00e8 essenziale che essi siano flessibili in termini di aspettative salariali e di orario di lavoro\".<\/p>\n<h2>Le aziende devono ripensare la questione dell'et\u00e0<\/h2>\n<p>Secondo l'indagine Deloitte, 27% degli ultracinquantenni in Svizzera vorrebbero continuare a lavorare oltre l'et\u00e0 pensionabile - con i lavoratori altamente qualificati fortemente sovrarappresentati. Inoltre, 85% degli over 55 dicono di essere motivati al lavoro, 89% amano il loro lavoro e 81% pensano che il loro lavoro sia apprezzato - tutte cifre significativamente pi\u00f9 alte di qualsiasi altro gruppo di et\u00e0.<\/p>\n<p><img loading=\"lazy\" decoding=\"async\" class=\"alignnone size-medium wp-image-4658\" src=\"https:\/\/www.organisator.ch\/wp-content\/uploads\/2018\/12\/Arbeitskraeftemangel-Aeltere-Arbeitskraefte-sind-hochmotiviert-2_Organisator.jpg\" alt=\"\" width=\"680\" height=\"185\" srcset=\"https:\/\/www.organisator.ch\/wp-content\/uploads\/2018\/12\/Arbeitskraeftemangel-Aeltere-Arbeitskraefte-sind-hochmotiviert-2_Organisator.jpg 680w, https:\/\/www.organisator.ch\/wp-content\/uploads\/2018\/12\/Arbeitskraeftemangel-Aeltere-Arbeitskraefte-sind-hochmotiviert-2_Organisator-16x4.jpg 16w, https:\/\/www.organisator.ch\/wp-content\/uploads\/2018\/12\/Arbeitskraeftemangel-Aeltere-Arbeitskraefte-sind-hochmotiviert-2_Organisator-375x102.jpg 375w, https:\/\/www.organisator.ch\/wp-content\/uploads\/2018\/12\/Arbeitskraeftemangel-Aeltere-Arbeitskraefte-sind-hochmotiviert-2_Organisator-300x82.jpg 300w\" sizes=\"auto, (max-width: 680px) 100vw, 680px\" \/><\/p>\n<p>\"Non pi\u00f9 abbastanza qualificati, non abbastanza motivati, non abbastanza flessibili - i pregiudizi di molti datori di lavoro contro i lavoratori anziani sono infondati. Le aziende devono assolutamente ripensare il loro atteggiamento verso questo gruppo demografico. Coloro che continuano a percepire i lavoratori pi\u00f9 anziani come svantaggiosi e si concentrano esclusivamente su quelli pi\u00f9 giovani quando reclutano stanno facendo un errore strategico\", analizza Myriam Denk.<\/p>\n<p>Per molte aziende svizzere, i lavoratori anziani non sono attualmente considerati una risorsa preziosa. Secondo il <a href=\"https:\/\/www2.deloitte.com\/ch\/de\/pages\/human-capital\/articles\/swiss-human-capital-trends.html\">Tendenze del capitale umano 2018 di Deloitte<\/a> un terzo delle aziende svizzere considera i lavoratori pi\u00f9 anziani uno svantaggio competitivo. Questo \u00e8 significativamente superiore alla media internazionale di 20%. Inoltre, secondo il <a href=\"https:\/\/www2.deloitte.com\/ch\/de\/pages\/finance\/articles\/cfo-survey.html\">Attuale sondaggio CFO di Deloitte<\/a> solo il 20% delle aziende svizzere ricorre al reclutamento deliberato di lavoratori anziani e altri gruppi alternativi per alleviare la carenza di manodopera qualificata.<\/p>\n<h2>Servono modelli di carriera pi\u00f9 flessibili<\/h2>\n<p>Dei 27% degli ultracinquantenni in Svizzera che vorrebbero lavorare oltre l'et\u00e0 della pensione, 51% vogliono lavorare come hanno fatto finora, mentre 35% vogliono solo ridurre il loro carico di lavoro. Se potessero scegliere liberamente, 27% degli over 55 preferirebbero un lavoro part-time, 15% un lavoro indipendente, 10% un lavoro autonomo e 18% una carriera a portafoglio, cio\u00e8 una divisione del tempo di lavoro tra diverse attivit\u00e0 e\/o progetti. Di conseguenza, \u00e8 cruciale per le aziende ridisegnare i modelli di lavoro tradizionali per diventare pi\u00f9 attraenti per altri gruppi di lavoro. \"Le aziende devono offrire pi\u00f9 modelli di carriera che permettano ai dipendenti di lavorare pi\u00f9 a lungo e in modo pi\u00f9 flessibile. Hanno anche bisogno di adattare la loro strategia HR per consentire una vita lavorativa pi\u00f9 lunga e ridurre i pregiudizi inconsci nel processo di assunzione\", dice Myriam Denk.<\/p>\n<p>I modelli di carriera alternativi per gli over 55 includono le cosiddette \"carriere ad arco\" - dove il carico di lavoro, la responsabilit\u00e0 e la paga sono gradualmente ridotti - la condivisione del lavoro con i successori pi\u00f9 giovani per il trasferimento delle conoscenze o i ruoli di coach o mentore. Sarebbe anche pensabile formare un pool di lavoratori in pensione interessati per riportare il loro know-how nell'azienda su una \"base gigante\".<\/p>\n<p><em>Fonte: <a href=\"http:\/\/www.deloitte.ch\">Deloitte<\/a><\/em><\/p>","protected":false},"excerpt":{"rendered":"<p>Tiefe Arbeitslosigkeit, hohe L\u00f6hne und qualifizierte Arbeitskr\u00e4fte: Der Schweizer Arbeitsmarkt ist in guter Verfassung. Allerdings stehen noch einige Bew\u00e4hrungsproben an. Die Digitalisierung wird von einer grossen Mehrheit der Erwerbst\u00e4tigen verst\u00e4rkt andere und neue Kompetenzen erfordern. Die Nachfrage nach Besch\u00e4ftigten mit ausgepr\u00e4gten Kompetenzen im Bereich Kreativit\u00e4t, sozialer Intelligenz sowie im Umgang mit digitalen Technologien steigt. Schon [&hellip;]<\/p>\n","protected":false},"author":4,"featured_media":4657,"comment_status":"open","ping_status":"open","sticky":false,"template":"","format":"standard","meta":{"_acf_changed":false,"_yoast_wpseo_focuskw":"\u00e4ltere Arbeitskr\u00e4fte","_yoast_wpseo_metadesc":"Viele Unternehmen sehen \u00e4ltere Arbeitskr\u00e4fte als Wettbewerbsnachteil. Eine neue Studie zeigt aber, dass sie qualifizierter, motivierter und flexibler sind.","articlekey":"","footnotes":""},"categories":[28],"tags":[31,254,294,407,459],"class_list":["post-4656","post","type-post","status-publish","format-standard","has-post-thumbnail","hentry","category-management","tag-31","tag-hrm","tag-karriere","tag-recruiting","tag-studie"],"acf":[],"yoast_head":"<!-- This site is optimized with the Yoast SEO plugin v27.5 - https:\/\/yoast.com\/product\/yoast-seo-wordpress\/ -->\n<title>Arbeitskr\u00e4ftemangel: \u00c4ltere Arbeitskr\u00e4fte sind hochmotiviert... - Organisator<\/title>\n<meta name=\"description\" content=\"Viele Unternehmen sehen \u00e4ltere Arbeitskr\u00e4fte als Wettbewerbsnachteil. Eine neue Studie zeigt aber, dass sie qualifizierter, motivierter und flexibler sind.\" \/>\n<meta name=\"robots\" content=\"index, follow, max-snippet:-1, max-image-preview:large, max-video-preview:-1\" \/>\n<link rel=\"canonical\" href=\"https:\/\/www.organisator.ch\/it\/gestione-2\/2018-12-11\/arbeitskraeftemangel-aeltere-arbeitskraefte-sind-hochmotiviert\/\" \/>\n<meta property=\"og:locale\" content=\"it_IT\" \/>\n<meta property=\"og:type\" content=\"article\" \/>\n<meta property=\"og:title\" content=\"Arbeitskr\u00e4ftemangel: \u00c4ltere Arbeitskr\u00e4fte sind hochmotiviert...\" \/>\n<meta property=\"og:description\" content=\"Viele Unternehmen sehen \u00e4ltere Arbeitskr\u00e4fte als Wettbewerbsnachteil. Eine neue Studie zeigt aber, dass sie qualifizierter, motivierter und flexibler sind.\" \/>\n<meta property=\"og:url\" content=\"https:\/\/www.organisator.ch\/it\/gestione-2\/2018-12-11\/arbeitskraeftemangel-aeltere-arbeitskraefte-sind-hochmotiviert\/\" \/>\n<meta property=\"og:site_name\" content=\"Organisator\" \/>\n<meta property=\"article:publisher\" content=\"https:\/\/www.facebook.com\/OrganisatorFachmagazin\" \/>\n<meta property=\"article:published_time\" content=\"2018-12-11T14:01:04+00:00\" \/>\n<meta property=\"og:image\" content=\"https:\/\/www.organisator.ch\/wp-content\/uploads\/2018\/12\/Arbeitskraeftemangel-Aeltere-Arbeitskraefte-sind-hochmotiviert-1_Organisator.jpg\" \/>\n\t<meta property=\"og:image:width\" content=\"680\" \/>\n\t<meta property=\"og:image:height\" content=\"452\" \/>\n\t<meta property=\"og:image:type\" content=\"image\/jpeg\" \/>\n<meta name=\"author\" content=\"thomas.berner\" \/>\n<meta name=\"twitter:card\" content=\"summary_large_image\" \/>\n<meta name=\"twitter:title\" content=\"#Arbeitskr\u00e4ftemangel: \u00c4ltere Arbeitskr\u00e4fte sind hochmotiviert...\" \/>\n<meta name=\"twitter:description\" content=\"Viele Unternehmen sehen \u00e4ltere #Arbeitskr\u00e4fte als Wettbewerbsnachteil. Eine neue Studie zeigt aber, dass sie qualifizierter, motivierter und flexibler sind.\" \/>\n<meta name=\"twitter:image\" content=\"https:\/\/www.organisator.ch\/wp-content\/uploads\/2018\/12\/Arbeitskr\u00e4ftemangel-\u00c4ltere-Arbeitskr\u00e4fte-sind-hochmotiviert-1_Organisator.jpg\" \/>\n<script type=\"application\/ld+json\" class=\"yoast-schema-graph\">{\"@context\":\"https:\\\/\\\/schema.org\",\"@graph\":[{\"@type\":\"Article\",\"@id\":\"https:\\\/\\\/www.organisator.ch\\\/management\\\/2018-12-11\\\/arbeitskraeftemangel-aeltere-arbeitskraefte-sind-hochmotiviert\\\/#article\",\"isPartOf\":{\"@id\":\"https:\\\/\\\/www.organisator.ch\\\/management\\\/2018-12-11\\\/arbeitskraeftemangel-aeltere-arbeitskraefte-sind-hochmotiviert\\\/\"},\"author\":{\"name\":\"thomas.berner\",\"@id\":\"https:\\\/\\\/www.organisator.ch\\\/#\\\/schema\\\/person\\\/6f650f90b2842cd4c0cc334b4e36f67e\"},\"headline\":\"Arbeitskr\u00e4ftemangel: \u00c4ltere Arbeitskr\u00e4fte sind hochmotiviert&#8230;\",\"datePublished\":\"2018-12-11T14:01:04+00:00\",\"mainEntityOfPage\":{\"@id\":\"https:\\\/\\\/www.organisator.ch\\\/management\\\/2018-12-11\\\/arbeitskraeftemangel-aeltere-arbeitskraefte-sind-hochmotiviert\\\/\"},\"wordCount\":830,\"commentCount\":2,\"publisher\":{\"@id\":\"https:\\\/\\\/www.organisator.ch\\\/#organization\"},\"image\":{\"@id\":\"https:\\\/\\\/www.organisator.ch\\\/management\\\/2018-12-11\\\/arbeitskraeftemangel-aeltere-arbeitskraefte-sind-hochmotiviert\\\/#primaryimage\"},\"thumbnailUrl\":\"https:\\\/\\\/www.organisator.ch\\\/wp-content\\\/uploads\\\/2018\\\/12\\\/Arbeitskraeftemangel-Aeltere-Arbeitskraefte-sind-hochmotiviert-1_Organisator.jpg\",\"keywords\":[\"50+\",\"HRM\",\"Karriere\",\"Recruiting\",\"Studie\"],\"articleSection\":[\"MANAGEMENT\"],\"inLanguage\":\"it-IT\"},{\"@type\":\"WebPage\",\"@id\":\"https:\\\/\\\/www.organisator.ch\\\/management\\\/2018-12-11\\\/arbeitskraeftemangel-aeltere-arbeitskraefte-sind-hochmotiviert\\\/\",\"url\":\"https:\\\/\\\/www.organisator.ch\\\/management\\\/2018-12-11\\\/arbeitskraeftemangel-aeltere-arbeitskraefte-sind-hochmotiviert\\\/\",\"name\":\"Arbeitskr\u00e4ftemangel: \u00c4ltere Arbeitskr\u00e4fte sind hochmotiviert... - Organisator\",\"isPartOf\":{\"@id\":\"https:\\\/\\\/www.organisator.ch\\\/#website\"},\"primaryImageOfPage\":{\"@id\":\"https:\\\/\\\/www.organisator.ch\\\/management\\\/2018-12-11\\\/arbeitskraeftemangel-aeltere-arbeitskraefte-sind-hochmotiviert\\\/#primaryimage\"},\"image\":{\"@id\":\"https:\\\/\\\/www.organisator.ch\\\/management\\\/2018-12-11\\\/arbeitskraeftemangel-aeltere-arbeitskraefte-sind-hochmotiviert\\\/#primaryimage\"},\"thumbnailUrl\":\"https:\\\/\\\/www.organisator.ch\\\/wp-content\\\/uploads\\\/2018\\\/12\\\/Arbeitskraeftemangel-Aeltere-Arbeitskraefte-sind-hochmotiviert-1_Organisator.jpg\",\"datePublished\":\"2018-12-11T14:01:04+00:00\",\"description\":\"Viele Unternehmen sehen \u00e4ltere Arbeitskr\u00e4fte als Wettbewerbsnachteil. Eine neue Studie zeigt aber, dass sie qualifizierter, motivierter und flexibler sind.\",\"breadcrumb\":{\"@id\":\"https:\\\/\\\/www.organisator.ch\\\/management\\\/2018-12-11\\\/arbeitskraeftemangel-aeltere-arbeitskraefte-sind-hochmotiviert\\\/#breadcrumb\"},\"inLanguage\":\"it-IT\",\"potentialAction\":[{\"@type\":\"ReadAction\",\"target\":[\"https:\\\/\\\/www.organisator.ch\\\/management\\\/2018-12-11\\\/arbeitskraeftemangel-aeltere-arbeitskraefte-sind-hochmotiviert\\\/\"]}]},{\"@type\":\"ImageObject\",\"inLanguage\":\"it-IT\",\"@id\":\"https:\\\/\\\/www.organisator.ch\\\/management\\\/2018-12-11\\\/arbeitskraeftemangel-aeltere-arbeitskraefte-sind-hochmotiviert\\\/#primaryimage\",\"url\":\"https:\\\/\\\/www.organisator.ch\\\/wp-content\\\/uploads\\\/2018\\\/12\\\/Arbeitskraeftemangel-Aeltere-Arbeitskraefte-sind-hochmotiviert-1_Organisator.jpg\",\"contentUrl\":\"https:\\\/\\\/www.organisator.ch\\\/wp-content\\\/uploads\\\/2018\\\/12\\\/Arbeitskraeftemangel-Aeltere-Arbeitskraefte-sind-hochmotiviert-1_Organisator.jpg\",\"width\":680,\"height\":452,\"caption\":\"Die Generation 50+ zeigt sich nicht nur in Sachen Freizeit vital: auch als \u00e4ltere Arbeitskr\u00e4fte sind sie hoch motiviert. Die Wirtschaft sollte dieses Potenzial besser aussch\u00f6pfen. (Bild: Fotolia.com)\"},{\"@type\":\"BreadcrumbList\",\"@id\":\"https:\\\/\\\/www.organisator.ch\\\/management\\\/2018-12-11\\\/arbeitskraeftemangel-aeltere-arbeitskraefte-sind-hochmotiviert\\\/#breadcrumb\",\"itemListElement\":[{\"@type\":\"ListItem\",\"position\":1,\"name\":\"Home\",\"item\":\"https:\\\/\\\/www.organisator.ch\\\/\"},{\"@type\":\"ListItem\",\"position\":2,\"name\":\"Arbeitskr\u00e4ftemangel: \u00c4ltere Arbeitskr\u00e4fte sind hochmotiviert&#8230;\"}]},{\"@type\":\"WebSite\",\"@id\":\"https:\\\/\\\/www.organisator.ch\\\/#website\",\"url\":\"https:\\\/\\\/www.organisator.ch\\\/\",\"name\":\"Organisator\",\"description\":\"Kompetent. Praxisnah. Der ORGANISATOR bereitet in 10 Ausgaben pro Jahr die wesentlichen Themen f\u00fcr F\u00fchrungskr\u00e4fte von KMU auf.\",\"publisher\":{\"@id\":\"https:\\\/\\\/www.organisator.ch\\\/#organization\"},\"potentialAction\":[{\"@type\":\"SearchAction\",\"target\":{\"@type\":\"EntryPoint\",\"urlTemplate\":\"https:\\\/\\\/www.organisator.ch\\\/?s={search_term_string}\"},\"query-input\":{\"@type\":\"PropertyValueSpecification\",\"valueRequired\":true,\"valueName\":\"search_term_string\"}}],\"inLanguage\":\"it-IT\"},{\"@type\":\"Organization\",\"@id\":\"https:\\\/\\\/www.organisator.ch\\\/#organization\",\"name\":\"Organisator\",\"url\":\"https:\\\/\\\/www.organisator.ch\\\/\",\"logo\":{\"@type\":\"ImageObject\",\"inLanguage\":\"it-IT\",\"@id\":\"https:\\\/\\\/www.organisator.ch\\\/#\\\/schema\\\/logo\\\/image\\\/\",\"url\":\"https:\\\/\\\/www.organisator.ch\\\/wp-content\\\/uploads\\\/2022\\\/01\\\/Logo_Organisator_Website.png\",\"contentUrl\":\"https:\\\/\\\/www.organisator.ch\\\/wp-content\\\/uploads\\\/2022\\\/01\\\/Logo_Organisator_Website.png\",\"width\":800,\"height\":77,\"caption\":\"Organisator\"},\"image\":{\"@id\":\"https:\\\/\\\/www.organisator.ch\\\/#\\\/schema\\\/logo\\\/image\\\/\"},\"sameAs\":[\"https:\\\/\\\/www.facebook.com\\\/OrganisatorFachmagazin\",\"https:\\\/\\\/www.linkedin.com\\\/showcase\\\/organisator-das-magazin-fr-kmu\",\"https:\\\/\\\/www.xing.com\\\/news\\\/pages\\\/organisator-ch-695\",\"https:\\\/\\\/www.youtube.com\\\/channel\\\/UCGP2Sq0iWaZwT3BdIAQFYpw\"]},{\"@type\":\"Person\",\"@id\":\"https:\\\/\\\/www.organisator.ch\\\/#\\\/schema\\\/person\\\/6f650f90b2842cd4c0cc334b4e36f67e\",\"name\":\"thomas.berner\",\"image\":{\"@type\":\"ImageObject\",\"inLanguage\":\"it-IT\",\"@id\":\"https:\\\/\\\/secure.gravatar.com\\\/avatar\\\/ac5001d2a36cb6c6cd3e50789007ffca834b477b74a2144564522e944eabff61?s=96&d=mm&r=g\",\"url\":\"https:\\\/\\\/secure.gravatar.com\\\/avatar\\\/ac5001d2a36cb6c6cd3e50789007ffca834b477b74a2144564522e944eabff61?s=96&d=mm&r=g\",\"contentUrl\":\"https:\\\/\\\/secure.gravatar.com\\\/avatar\\\/ac5001d2a36cb6c6cd3e50789007ffca834b477b74a2144564522e944eabff61?s=96&d=mm&r=g\",\"caption\":\"thomas.berner\"},\"url\":\"https:\\\/\\\/www.organisator.ch\\\/it\\\/author\\\/thomas-berner\\\/\"}]}<\/script>\n<!-- \/ Yoast SEO plugin. -->","yoast_head_json":{"title":"Carenza di manodopera: i lavoratori anziani sono altamente motivati... - Organizzatore","description":"Molte aziende vedono i lavoratori anziani come uno svantaggio competitivo. Ma un nuovo studio dimostra che sono pi\u00f9 qualificati, pi\u00f9 motivati e pi\u00f9 flessibili.","robots":{"index":"index","follow":"follow","max-snippet":"max-snippet:-1","max-image-preview":"max-image-preview:large","max-video-preview":"max-video-preview:-1"},"canonical":"https:\/\/www.organisator.ch\/it\/gestione-2\/2018-12-11\/arbeitskraeftemangel-aeltere-arbeitskraefte-sind-hochmotiviert\/","og_locale":"it_IT","og_type":"article","og_title":"Arbeitskr\u00e4ftemangel: \u00c4ltere Arbeitskr\u00e4fte sind hochmotiviert...","og_description":"Viele Unternehmen sehen \u00e4ltere Arbeitskr\u00e4fte als Wettbewerbsnachteil. Eine neue Studie zeigt aber, dass sie qualifizierter, motivierter und flexibler sind.","og_url":"https:\/\/www.organisator.ch\/it\/gestione-2\/2018-12-11\/arbeitskraeftemangel-aeltere-arbeitskraefte-sind-hochmotiviert\/","og_site_name":"Organisator","article_publisher":"https:\/\/www.facebook.com\/OrganisatorFachmagazin","article_published_time":"2018-12-11T14:01:04+00:00","og_image":[{"width":680,"height":452,"url":"https:\/\/www.organisator.ch\/wp-content\/uploads\/2018\/12\/Arbeitskraeftemangel-Aeltere-Arbeitskraefte-sind-hochmotiviert-1_Organisator.jpg","type":"image\/jpeg"}],"author":"thomas.berner","twitter_card":"summary_large_image","twitter_title":"#Arbeitskr\u00e4ftemangel: \u00c4ltere Arbeitskr\u00e4fte sind hochmotiviert...","twitter_description":"Viele Unternehmen sehen \u00e4ltere #Arbeitskr\u00e4fte als Wettbewerbsnachteil. Eine neue Studie zeigt aber, dass sie qualifizierter, motivierter und flexibler sind.","twitter_image":"https:\/\/www.organisator.ch\/wp-content\/uploads\/2018\/12\/Arbeitskr\u00e4ftemangel-\u00c4ltere-Arbeitskr\u00e4fte-sind-hochmotiviert-1_Organisator.jpg","schema":{"@context":"https:\/\/schema.org","@graph":[{"@type":"Article","@id":"https:\/\/www.organisator.ch\/management\/2018-12-11\/arbeitskraeftemangel-aeltere-arbeitskraefte-sind-hochmotiviert\/#article","isPartOf":{"@id":"https:\/\/www.organisator.ch\/management\/2018-12-11\/arbeitskraeftemangel-aeltere-arbeitskraefte-sind-hochmotiviert\/"},"author":{"name":"thomas.berner","@id":"https:\/\/www.organisator.ch\/#\/schema\/person\/6f650f90b2842cd4c0cc334b4e36f67e"},"headline":"Arbeitskr\u00e4ftemangel: \u00c4ltere Arbeitskr\u00e4fte sind hochmotiviert&#8230;","datePublished":"2018-12-11T14:01:04+00:00","mainEntityOfPage":{"@id":"https:\/\/www.organisator.ch\/management\/2018-12-11\/arbeitskraeftemangel-aeltere-arbeitskraefte-sind-hochmotiviert\/"},"wordCount":830,"commentCount":2,"publisher":{"@id":"https:\/\/www.organisator.ch\/#organization"},"image":{"@id":"https:\/\/www.organisator.ch\/management\/2018-12-11\/arbeitskraeftemangel-aeltere-arbeitskraefte-sind-hochmotiviert\/#primaryimage"},"thumbnailUrl":"https:\/\/www.organisator.ch\/wp-content\/uploads\/2018\/12\/Arbeitskraeftemangel-Aeltere-Arbeitskraefte-sind-hochmotiviert-1_Organisator.jpg","keywords":["50+","HRM","Karriere","Recruiting","Studie"],"articleSection":["MANAGEMENT"],"inLanguage":"it-IT"},{"@type":"WebPage","@id":"https:\/\/www.organisator.ch\/management\/2018-12-11\/arbeitskraeftemangel-aeltere-arbeitskraefte-sind-hochmotiviert\/","url":"https:\/\/www.organisator.ch\/management\/2018-12-11\/arbeitskraeftemangel-aeltere-arbeitskraefte-sind-hochmotiviert\/","name":"Carenza di manodopera: i lavoratori anziani sono altamente motivati... - Organizzatore","isPartOf":{"@id":"https:\/\/www.organisator.ch\/#website"},"primaryImageOfPage":{"@id":"https:\/\/www.organisator.ch\/management\/2018-12-11\/arbeitskraeftemangel-aeltere-arbeitskraefte-sind-hochmotiviert\/#primaryimage"},"image":{"@id":"https:\/\/www.organisator.ch\/management\/2018-12-11\/arbeitskraeftemangel-aeltere-arbeitskraefte-sind-hochmotiviert\/#primaryimage"},"thumbnailUrl":"https:\/\/www.organisator.ch\/wp-content\/uploads\/2018\/12\/Arbeitskraeftemangel-Aeltere-Arbeitskraefte-sind-hochmotiviert-1_Organisator.jpg","datePublished":"2018-12-11T14:01:04+00:00","description":"Molte aziende vedono i lavoratori anziani come uno svantaggio competitivo. Ma un nuovo studio dimostra che sono pi\u00f9 qualificati, pi\u00f9 motivati e pi\u00f9 flessibili.","breadcrumb":{"@id":"https:\/\/www.organisator.ch\/management\/2018-12-11\/arbeitskraeftemangel-aeltere-arbeitskraefte-sind-hochmotiviert\/#breadcrumb"},"inLanguage":"it-IT","potentialAction":[{"@type":"ReadAction","target":["https:\/\/www.organisator.ch\/management\/2018-12-11\/arbeitskraeftemangel-aeltere-arbeitskraefte-sind-hochmotiviert\/"]}]},{"@type":"ImageObject","inLanguage":"it-IT","@id":"https:\/\/www.organisator.ch\/management\/2018-12-11\/arbeitskraeftemangel-aeltere-arbeitskraefte-sind-hochmotiviert\/#primaryimage","url":"https:\/\/www.organisator.ch\/wp-content\/uploads\/2018\/12\/Arbeitskraeftemangel-Aeltere-Arbeitskraefte-sind-hochmotiviert-1_Organisator.jpg","contentUrl":"https:\/\/www.organisator.ch\/wp-content\/uploads\/2018\/12\/Arbeitskraeftemangel-Aeltere-Arbeitskraefte-sind-hochmotiviert-1_Organisator.jpg","width":680,"height":452,"caption":"Die Generation 50+ zeigt sich nicht nur in Sachen Freizeit vital: auch als \u00e4ltere Arbeitskr\u00e4fte sind sie hoch motiviert. Die Wirtschaft sollte dieses Potenzial besser aussch\u00f6pfen. (Bild: Fotolia.com)"},{"@type":"BreadcrumbList","@id":"https:\/\/www.organisator.ch\/management\/2018-12-11\/arbeitskraeftemangel-aeltere-arbeitskraefte-sind-hochmotiviert\/#breadcrumb","itemListElement":[{"@type":"ListItem","position":1,"name":"Home","item":"https:\/\/www.organisator.ch\/"},{"@type":"ListItem","position":2,"name":"Arbeitskr\u00e4ftemangel: \u00c4ltere Arbeitskr\u00e4fte sind hochmotiviert&#8230;"}]},{"@type":"WebSite","@id":"https:\/\/www.organisator.ch\/#website","url":"https:\/\/www.organisator.ch\/","name":"Organizzatore","description":"Competente. Pratico. In 10 numeri all'anno, ORGANISATOR presenta i temi essenziali per i manager delle PMI.","publisher":{"@id":"https:\/\/www.organisator.ch\/#organization"},"potentialAction":[{"@type":"SearchAction","target":{"@type":"EntryPoint","urlTemplate":"https:\/\/www.organisator.ch\/?s={search_term_string}"},"query-input":{"@type":"PropertyValueSpecification","valueRequired":true,"valueName":"search_term_string"}}],"inLanguage":"it-IT"},{"@type":"Organization","@id":"https:\/\/www.organisator.ch\/#organization","name":"Organizzatore","url":"https:\/\/www.organisator.ch\/","logo":{"@type":"ImageObject","inLanguage":"it-IT","@id":"https:\/\/www.organisator.ch\/#\/schema\/logo\/image\/","url":"https:\/\/www.organisator.ch\/wp-content\/uploads\/2022\/01\/Logo_Organisator_Website.png","contentUrl":"https:\/\/www.organisator.ch\/wp-content\/uploads\/2022\/01\/Logo_Organisator_Website.png","width":800,"height":77,"caption":"Organisator"},"image":{"@id":"https:\/\/www.organisator.ch\/#\/schema\/logo\/image\/"},"sameAs":["https:\/\/www.facebook.com\/OrganisatorFachmagazin","https:\/\/www.linkedin.com\/showcase\/organisator-das-magazin-fr-kmu","https:\/\/www.xing.com\/news\/pages\/organisator-ch-695","https:\/\/www.youtube.com\/channel\/UCGP2Sq0iWaZwT3BdIAQFYpw"]},{"@type":"Person","@id":"https:\/\/www.organisator.ch\/#\/schema\/person\/6f650f90b2842cd4c0cc334b4e36f67e","name":"Tommaso.berner","image":{"@type":"ImageObject","inLanguage":"it-IT","@id":"https:\/\/secure.gravatar.com\/avatar\/ac5001d2a36cb6c6cd3e50789007ffca834b477b74a2144564522e944eabff61?s=96&d=mm&r=g","url":"https:\/\/secure.gravatar.com\/avatar\/ac5001d2a36cb6c6cd3e50789007ffca834b477b74a2144564522e944eabff61?s=96&d=mm&r=g","contentUrl":"https:\/\/secure.gravatar.com\/avatar\/ac5001d2a36cb6c6cd3e50789007ffca834b477b74a2144564522e944eabff61?s=96&d=mm&r=g","caption":"thomas.berner"},"url":"https:\/\/www.organisator.ch\/it\/author\/thomas-berner\/"}]}},"_links":{"self":[{"href":"https:\/\/www.organisator.ch\/it\/wp-json\/wp\/v2\/posts\/4656","targetHints":{"allow":["GET"]}}],"collection":[{"href":"https:\/\/www.organisator.ch\/it\/wp-json\/wp\/v2\/posts"}],"about":[{"href":"https:\/\/www.organisator.ch\/it\/wp-json\/wp\/v2\/types\/post"}],"author":[{"embeddable":true,"href":"https:\/\/www.organisator.ch\/it\/wp-json\/wp\/v2\/users\/4"}],"replies":[{"embeddable":true,"href":"https:\/\/www.organisator.ch\/it\/wp-json\/wp\/v2\/comments?post=4656"}],"version-history":[{"count":0,"href":"https:\/\/www.organisator.ch\/it\/wp-json\/wp\/v2\/posts\/4656\/revisions"}],"wp:featuredmedia":[{"embeddable":true,"href":"https:\/\/www.organisator.ch\/it\/wp-json\/wp\/v2\/media\/4657"}],"wp:attachment":[{"href":"https:\/\/www.organisator.ch\/it\/wp-json\/wp\/v2\/media?parent=4656"}],"wp:term":[{"taxonomy":"category","embeddable":true,"href":"https:\/\/www.organisator.ch\/it\/wp-json\/wp\/v2\/categories?post=4656"},{"taxonomy":"post_tag","embeddable":true,"href":"https:\/\/www.organisator.ch\/it\/wp-json\/wp\/v2\/tags?post=4656"}],"curies":[{"name":"wp","href":"https:\/\/api.w.org\/{rel}","templated":true}]}}