{"id":46650,"date":"2026-03-26T12:07:39","date_gmt":"2026-03-26T11:07:39","guid":{"rendered":"https:\/\/www.markt-kom.com\/de\/?p=253046"},"modified":"2026-03-26T14:52:49","modified_gmt":"2026-03-26T13:52:49","slug":"pr-trendmonitor-2026-jobunsicherheit-in-der-kommunikationsbranche-nimmt-zu","status":"publish","type":"post","link":"https:\/\/www.organisator.ch\/it\/human-resources\/2026-03-26\/pr-trendmonitor-2026-jobunsicherheit-in-der-kommunikationsbranche-nimmt-zu\/","title":{"rendered":"PR Trend Monitor 2026: Cresce l'insicurezza del lavoro nel settore della comunicazione"},"content":{"rendered":"<figure><img src=\"https:\/\/www.markt-kom.com\/wp-content\/uploads\/2026\/03\/newsaktuell-pr-trendmonitor-2026-stimmung-CH-DE-scaled.jpg\" alt=\"Barometro dell&#039;umore delle PR 2026: Cresce l&#039;incertezza\" \/>\r\n<figcaption>Barometro dell'umore delle PR 2026: Cresce l'incertezza (fonte: zvg)<\/figcaption>\r\n<\/figure>\r\n<p>Le fondamenta del settore delle pubbliche relazioni iniziano a incrinarsi. Sebbene la maggior parte dei professionisti della comunicazione si senta ancora sicura del proprio lavoro, l'incertezza sta crescendo sensibilmente. Il motivo principale \u00e8 la situazione economica tesa nel settore o presso il datore di lavoro. Ci\u00f2 si riflette anche nei budget per la comunicazione: quasi la met\u00e0 degli intervistati prevede una riduzione significativa del budget per la comunicazione nell'anno in corso. Allo stesso tempo, oltre un terzo prevede che il 2026 sar\u00e0 un anno migliore dal punto di vista professionale. Questo \u00e8 il risultato dell'ultima <a href=\"https:\/\/www.newsaktuell.de\/blog\/pr-trendmonitor-2026-jobsicherheit-laesst-nach\/\" rel=\"noopener\">Monitoraggio delle tendenze PR<\/a> dalla filiale dpa News Aktuell e dall'agenzia P.E.R.. Al sondaggio hanno partecipato 302 specialisti e manager delle pubbliche relazioni di Svizzera e Germania.<\/p>\r\n<h3>La precariet\u00e0 del lavoro \u00e8 in forte aumento<\/h3>\r\n<p>La stragrande maggioranza dei professionisti delle pubbliche relazioni (71%) continua a considerare il proprio lavoro molto sicuro o sicuro. Tuttavia, questo dato \u00e8 significativamente inferiore a quello dell'anno precedente: nel 2025 la percentuale era dell'81%. Allo stesso tempo, cresce l'incertezza: ben il 24% degli intervistati ha dichiarato di considerare il proprio lavoro attuale molto insicuro o insicuro. In confronto: nel 2025, solo il 14% considerava il proprio lavoro a rischio.<\/p>\r\n<h3>La situazione economica tesa e le misure di riduzione dei costi hanno un impatto<\/h3>\r\n<p>La situazione economica \u00e8 di gran lunga la ragione pi\u00f9 frequentemente citata per l'insicurezza del lavoro, sia nel settore in generale che presso il rispettivo datore di lavoro (63%). Tuttavia, anche i tagli al budget o le misure di riduzione dei costi (44%) e le ristrutturazioni (42%) contribuiscono a far sentire i professionisti delle RP sempre pi\u00f9 insicuri.<\/p>\r\n<p>Il 29% osserva un calo dell'importanza della comunicazione nella propria azienda e il 25% ritiene che le misure di outsourcing - anche con l'aiuto di strumenti di IA - potrebbero mettere a rischio il proprio posto di lavoro. Inoltre, il 23% \u00e8 convinto che parti della propria area di responsabilit\u00e0 potrebbero essere sostituite dall'IA. L'11% teme che il proprio rapporto di lavoro a tempo determinato o a progetto sia a rischio.<\/p>\r\n<p>Al contrario, coloro che hanno una posizione permanente o molti anni di servizio si sentono sicuri: quando si chiede loro perch\u00e9 considerano il loro attuale lavoro sicuro, il 66% fornisce questa motivazione. Un altro 58% ritiene che il proprio settore di lavoro sia strategicamente importante per l'azienda. Ben due quinti (42%) contano su un profilo lavorativo in continua evoluzione.<\/p>\r\n<p>Ulteriori motivi per sentirsi molto sicuri sono la stabilit\u00e0 economica del datore di lavoro (37%), la limitata automazione dei compiti (34%) e la maggiore importanza del lavoro nei media a causa dell'intelligenza artificiale e della disinformazione (24%). Il 19% di coloro che considerano il proprio lavoro sicuro ritiene anche che il proprio settore sia resistente alle crisi.<\/p>\r\n<h3>I budget per la comunicazione restano sotto pressione<\/h3>\r\n<p>Anche quest'anno, la crescita dei budget per la comunicazione \u00e8 scarsa: solo il 15% dei professionisti delle PR di aziende e agenzie prevede un aumento significativo dei budget. Pi\u00f9 di un terzo (37%) degli intervistati prevede che rimarranno invariati rispetto all'anno precedente. Tuttavia, quasi la met\u00e0 - e quindi la stragrande maggioranza (47%) - prevede che il budget per la comunicazione si ridurr\u00e0 in modo significativo.<\/p>\r\n<p>L'84% dei comunicatori cita le misure di riduzione dei costi a livello aziendale come la ragione pi\u00f9 comune del calo del budget. Seguono a notevole distanza gli spostamenti di budget verso altre aree dell'azienda (37%), l'aumento dell'efficienza grazie ad ausili tecnici come i sistemi di intelligenza artificiale (35%) e gli investimenti in canali di comunicazione pi\u00f9 economici (28%). Il 24% dichiara di avere una minore necessit\u00e0 di supporto esterno per le PR.<\/p>\r\n<p>I seguenti fattori sono stati citati meno frequentemente: inadeguata misurabilit\u00e0 delle RP (16%), ridotta importanza della comunicazione (12%) e riduzione delle attivit\u00e0 di comunicazione a causa di minori esigenze di comunicazione (5%).<\/p>\r\n<h3>Visione ottimistica dello sviluppo del business<\/h3>\r\n<p>Nonostante la crescente incertezza e la riduzione dei budget, la maggior parte degli intervistati \u00e8 ottimista per l'anno finanziario 2026. Poco meno di un terzo giudica lo sviluppo generale dell'attivit\u00e0 della propria azienda molto o abbastanza buono (31%), mentre la maggioranza (41%) lo giudica soddisfacente. Questo dato contrasta con poco meno di un quarto (24%) che prevede una performance aziendale molto o abbastanza scarsa.<\/p>\r\n<h3>Prospettive di carriera positive<\/h3>\r\n<p>Anche le prospettive di carriera personali sono viste in modo prevalentemente ottimistico: il 36% ritiene che la propria situazione professionale migliorer\u00e0 sicuramente o piuttosto nel 2026. Il 34% non si aspetta alcun cambiamento. In confronto, il 22% ritiene che le proprie prospettive lavorative peggioreranno in qualche modo e il 7% addirittura in modo evidente.<\/p>\r\n<h3>Informazioni sul PR Trend Monitor<\/h3>\r\n<p>Il PR Trend Monitor \u00e8 un sondaggio online condotto dalla filiale dpa News Aktuell e dall'agenzia di comunicazione P.E.R. Agency. I professionisti della comunicazione di aziende, organizzazioni e agenzie di PR in Svizzera e Germania vengono intervistati regolarmente. I risultati dell'indagine forniscono indicazioni fondate sulle tendenze, le sfide e gli sviluppi che stanno emergendo nel settore della comunicazione. Gli studi vengono pubblicati da oltre 20 anni e si sono affermati come un importante indicatore per il settore delle PR. Il sondaggio online di quest'anno si \u00e8 svolto nel febbraio 2026.<\/p>","protected":false},"excerpt":{"rendered":"<p>L'incertezza tra i professionisti delle pubbliche relazioni sta crescendo sensibilmente: quasi la met\u00e0 prevede una riduzione dei budget per la comunicazione e ben il 24% considera il proprio lavoro insicuro. Questi sono i risultati dell'ultimo PR trend monitor di News Aktuell e P.E.R. Agency, a cui hanno partecipato 302 professionisti della comunicazione di Svizzera e Germania.<\/p>","protected":false},"author":107,"featured_media":0,"comment_status":"closed","ping_status":"closed","sticky":false,"template":"","format":"standard","meta":{"_acf_changed":false,"_yoast_wpseo_focuskw":"Kommunikationsbranche","_yoast_wpseo_metadesc":"Die Unsicherheit in der Kommunikationsbranche w\u00e4chst sp\u00fcrbar: Viele rechnen mit schrumpfenden Kommunikationsbudgets und Job-Abbau.","articlekey":"","footnotes":""},"categories":[579],"tags":[254,5927,4343,4823],"class_list":["post-46650","post","type-post","status-publish","format-standard","hentry","category-human-resources","tag-hrm","tag-kommunikationsbranche","tag-markom","tag-pr"],"acf":[],"yoast_head":"<!-- This site is optimized with the Yoast SEO plugin v27.4 - https:\/\/yoast.com\/product\/yoast-seo-wordpress\/ -->\n<title>PR-Trendmonitor 2026: Jobunsicherheit in der Kommunikationsbranche nimmt zu - Organisator<\/title>\n<meta name=\"description\" content=\"Die Unsicherheit in der Kommunikationsbranche w\u00e4chst sp\u00fcrbar: Viele rechnen mit schrumpfenden Kommunikationsbudgets und Job-Abbau.\" \/>\n<meta name=\"robots\" content=\"index, follow, max-snippet:-1, max-image-preview:large, max-video-preview:-1\" \/>\n<link rel=\"canonical\" href=\"https:\/\/www.organisator.ch\/it\/risorse-umane\/2026-03-26\/pr-trendmonitor-2026-jobunsicherheit-in-der-kommunikationsbranche-nimmt-zu\/\" \/>\n<meta property=\"og:locale\" content=\"it_IT\" \/>\n<meta property=\"og:type\" content=\"article\" \/>\n<meta property=\"og:title\" content=\"PR-Trendmonitor 2026: Jobunsicherheit in der Kommunikationsbranche nimmt zu - Organisator\" \/>\n<meta property=\"og:description\" content=\"Die Unsicherheit in der Kommunikationsbranche w\u00e4chst sp\u00fcrbar: Viele rechnen mit schrumpfenden Kommunikationsbudgets und Job-Abbau.\" \/>\n<meta property=\"og:url\" content=\"https:\/\/www.organisator.ch\/it\/risorse-umane\/2026-03-26\/pr-trendmonitor-2026-jobunsicherheit-in-der-kommunikationsbranche-nimmt-zu\/\" \/>\n<meta property=\"og:site_name\" content=\"Organisator\" \/>\n<meta property=\"article:publisher\" content=\"https:\/\/www.facebook.com\/OrganisatorFachmagazin\" \/>\n<meta property=\"article:published_time\" content=\"2026-03-26T11:07:39+00:00\" \/>\n<meta property=\"article:modified_time\" content=\"2026-03-26T13:52:49+00:00\" \/>\n<meta property=\"og:image\" content=\"https:\/\/www.markt-kom.com\/wp-content\/uploads\/2026\/03\/newsaktuell-pr-trendmonitor-2026-stimmung-CH-DE-scaled.jpg\" \/>\n<meta name=\"author\" content=\"n8n\" \/>\n<meta name=\"twitter:card\" content=\"summary_large_image\" \/>\n<script type=\"application\/ld+json\" class=\"yoast-schema-graph\">{\"@context\":\"https:\\\/\\\/schema.org\",\"@graph\":[{\"@type\":\"Article\",\"@id\":\"https:\\\/\\\/www.organisator.ch\\\/human-resources\\\/2026-03-26\\\/pr-trendmonitor-2026-jobunsicherheit-in-der-kommunikationsbranche-nimmt-zu\\\/#article\",\"isPartOf\":{\"@id\":\"https:\\\/\\\/www.organisator.ch\\\/human-resources\\\/2026-03-26\\\/pr-trendmonitor-2026-jobunsicherheit-in-der-kommunikationsbranche-nimmt-zu\\\/\"},\"author\":{\"name\":\"n8n\",\"@id\":\"https:\\\/\\\/www.organisator.ch\\\/#\\\/schema\\\/person\\\/a9d0e0eff238db87a8f840f3b50359f0\"},\"headline\":\"PR-Trendmonitor 2026: Jobunsicherheit in der Kommunikationsbranche nimmt zu\",\"datePublished\":\"2026-03-26T11:07:39+00:00\",\"dateModified\":\"2026-03-26T13:52:49+00:00\",\"mainEntityOfPage\":{\"@id\":\"https:\\\/\\\/www.organisator.ch\\\/human-resources\\\/2026-03-26\\\/pr-trendmonitor-2026-jobunsicherheit-in-der-kommunikationsbranche-nimmt-zu\\\/\"},\"wordCount\":744,\"publisher\":{\"@id\":\"https:\\\/\\\/www.organisator.ch\\\/#organization\"},\"image\":{\"@id\":\"https:\\\/\\\/www.organisator.ch\\\/human-resources\\\/2026-03-26\\\/pr-trendmonitor-2026-jobunsicherheit-in-der-kommunikationsbranche-nimmt-zu\\\/#primaryimage\"},\"thumbnailUrl\":\"https:\\\/\\\/www.markt-kom.com\\\/wp-content\\\/uploads\\\/2026\\\/03\\\/newsaktuell-pr-trendmonitor-2026-stimmung-CH-DE-scaled.jpg\",\"keywords\":[\"HRM\",\"Kommunikationsbranche\",\"MarKom\",\"PR\"],\"articleSection\":[\"HUMAN RESOURCES\"],\"inLanguage\":\"it-IT\"},{\"@type\":\"WebPage\",\"@id\":\"https:\\\/\\\/www.organisator.ch\\\/human-resources\\\/2026-03-26\\\/pr-trendmonitor-2026-jobunsicherheit-in-der-kommunikationsbranche-nimmt-zu\\\/\",\"url\":\"https:\\\/\\\/www.organisator.ch\\\/human-resources\\\/2026-03-26\\\/pr-trendmonitor-2026-jobunsicherheit-in-der-kommunikationsbranche-nimmt-zu\\\/\",\"name\":\"PR-Trendmonitor 2026: Jobunsicherheit in der Kommunikationsbranche nimmt zu - Organisator\",\"isPartOf\":{\"@id\":\"https:\\\/\\\/www.organisator.ch\\\/#website\"},\"primaryImageOfPage\":{\"@id\":\"https:\\\/\\\/www.organisator.ch\\\/human-resources\\\/2026-03-26\\\/pr-trendmonitor-2026-jobunsicherheit-in-der-kommunikationsbranche-nimmt-zu\\\/#primaryimage\"},\"image\":{\"@id\":\"https:\\\/\\\/www.organisator.ch\\\/human-resources\\\/2026-03-26\\\/pr-trendmonitor-2026-jobunsicherheit-in-der-kommunikationsbranche-nimmt-zu\\\/#primaryimage\"},\"thumbnailUrl\":\"https:\\\/\\\/www.markt-kom.com\\\/wp-content\\\/uploads\\\/2026\\\/03\\\/newsaktuell-pr-trendmonitor-2026-stimmung-CH-DE-scaled.jpg\",\"datePublished\":\"2026-03-26T11:07:39+00:00\",\"dateModified\":\"2026-03-26T13:52:49+00:00\",\"description\":\"Die Unsicherheit in der Kommunikationsbranche w\u00e4chst sp\u00fcrbar: Viele rechnen mit schrumpfenden Kommunikationsbudgets und Job-Abbau.\",\"breadcrumb\":{\"@id\":\"https:\\\/\\\/www.organisator.ch\\\/human-resources\\\/2026-03-26\\\/pr-trendmonitor-2026-jobunsicherheit-in-der-kommunikationsbranche-nimmt-zu\\\/#breadcrumb\"},\"inLanguage\":\"it-IT\",\"potentialAction\":[{\"@type\":\"ReadAction\",\"target\":[\"https:\\\/\\\/www.organisator.ch\\\/human-resources\\\/2026-03-26\\\/pr-trendmonitor-2026-jobunsicherheit-in-der-kommunikationsbranche-nimmt-zu\\\/\"]}]},{\"@type\":\"ImageObject\",\"inLanguage\":\"it-IT\",\"@id\":\"https:\\\/\\\/www.organisator.ch\\\/human-resources\\\/2026-03-26\\\/pr-trendmonitor-2026-jobunsicherheit-in-der-kommunikationsbranche-nimmt-zu\\\/#primaryimage\",\"url\":\"https:\\\/\\\/www.markt-kom.com\\\/wp-content\\\/uploads\\\/2026\\\/03\\\/newsaktuell-pr-trendmonitor-2026-stimmung-CH-DE-scaled.jpg\",\"contentUrl\":\"https:\\\/\\\/www.markt-kom.com\\\/wp-content\\\/uploads\\\/2026\\\/03\\\/newsaktuell-pr-trendmonitor-2026-stimmung-CH-DE-scaled.jpg\"},{\"@type\":\"BreadcrumbList\",\"@id\":\"https:\\\/\\\/www.organisator.ch\\\/human-resources\\\/2026-03-26\\\/pr-trendmonitor-2026-jobunsicherheit-in-der-kommunikationsbranche-nimmt-zu\\\/#breadcrumb\",\"itemListElement\":[{\"@type\":\"ListItem\",\"position\":1,\"name\":\"Home\",\"item\":\"https:\\\/\\\/www.organisator.ch\\\/\"},{\"@type\":\"ListItem\",\"position\":2,\"name\":\"PR-Trendmonitor 2026: Jobunsicherheit in der Kommunikationsbranche nimmt zu\"}]},{\"@type\":\"WebSite\",\"@id\":\"https:\\\/\\\/www.organisator.ch\\\/#website\",\"url\":\"https:\\\/\\\/www.organisator.ch\\\/\",\"name\":\"Organisator\",\"description\":\"Kompetent. Praxisnah. Der ORGANISATOR bereitet in 10 Ausgaben pro Jahr die wesentlichen Themen f\u00fcr F\u00fchrungskr\u00e4fte von KMU auf.\",\"publisher\":{\"@id\":\"https:\\\/\\\/www.organisator.ch\\\/#organization\"},\"potentialAction\":[{\"@type\":\"SearchAction\",\"target\":{\"@type\":\"EntryPoint\",\"urlTemplate\":\"https:\\\/\\\/www.organisator.ch\\\/?s={search_term_string}\"},\"query-input\":{\"@type\":\"PropertyValueSpecification\",\"valueRequired\":true,\"valueName\":\"search_term_string\"}}],\"inLanguage\":\"it-IT\"},{\"@type\":\"Organization\",\"@id\":\"https:\\\/\\\/www.organisator.ch\\\/#organization\",\"name\":\"Organisator\",\"url\":\"https:\\\/\\\/www.organisator.ch\\\/\",\"logo\":{\"@type\":\"ImageObject\",\"inLanguage\":\"it-IT\",\"@id\":\"https:\\\/\\\/www.organisator.ch\\\/#\\\/schema\\\/logo\\\/image\\\/\",\"url\":\"https:\\\/\\\/www.organisator.ch\\\/wp-content\\\/uploads\\\/2022\\\/01\\\/Logo_Organisator_Website.png\",\"contentUrl\":\"https:\\\/\\\/www.organisator.ch\\\/wp-content\\\/uploads\\\/2022\\\/01\\\/Logo_Organisator_Website.png\",\"width\":800,\"height\":77,\"caption\":\"Organisator\"},\"image\":{\"@id\":\"https:\\\/\\\/www.organisator.ch\\\/#\\\/schema\\\/logo\\\/image\\\/\"},\"sameAs\":[\"https:\\\/\\\/www.facebook.com\\\/OrganisatorFachmagazin\",\"https:\\\/\\\/www.linkedin.com\\\/showcase\\\/organisator-das-magazin-fr-kmu\",\"https:\\\/\\\/www.xing.com\\\/news\\\/pages\\\/organisator-ch-695\",\"https:\\\/\\\/www.youtube.com\\\/channel\\\/UCGP2Sq0iWaZwT3BdIAQFYpw\"]},{\"@type\":\"Person\",\"@id\":\"https:\\\/\\\/www.organisator.ch\\\/#\\\/schema\\\/person\\\/a9d0e0eff238db87a8f840f3b50359f0\",\"name\":\"n8n\",\"image\":{\"@type\":\"ImageObject\",\"inLanguage\":\"it-IT\",\"@id\":\"https:\\\/\\\/secure.gravatar.com\\\/avatar\\\/5368fb9d03fd415a6f335cece4c15af2502d6ca8651efbd6e8f98427a9795400?s=96&d=mm&r=g\",\"url\":\"https:\\\/\\\/secure.gravatar.com\\\/avatar\\\/5368fb9d03fd415a6f335cece4c15af2502d6ca8651efbd6e8f98427a9795400?s=96&d=mm&r=g\",\"contentUrl\":\"https:\\\/\\\/secure.gravatar.com\\\/avatar\\\/5368fb9d03fd415a6f335cece4c15af2502d6ca8651efbd6e8f98427a9795400?s=96&d=mm&r=g\",\"caption\":\"n8n\"},\"url\":\"https:\\\/\\\/www.organisator.ch\\\/it\\\/author\\\/n8n\\\/\"}]}<\/script>\n<!-- \/ Yoast SEO plugin. -->","yoast_head_json":{"title":"PR Trend Monitor 2026: In aumento la precariet\u00e0 del lavoro nel settore della comunicazione - Organizzatore","description":"L'incertezza nel settore delle comunicazioni sta crescendo sensibilmente: molti prevedono una riduzione dei budget per le comunicazioni e la perdita di posti di lavoro.","robots":{"index":"index","follow":"follow","max-snippet":"max-snippet:-1","max-image-preview":"max-image-preview:large","max-video-preview":"max-video-preview:-1"},"canonical":"https:\/\/www.organisator.ch\/it\/risorse-umane\/2026-03-26\/pr-trendmonitor-2026-jobunsicherheit-in-der-kommunikationsbranche-nimmt-zu\/","og_locale":"it_IT","og_type":"article","og_title":"PR-Trendmonitor 2026: Jobunsicherheit in der Kommunikationsbranche nimmt zu - Organisator","og_description":"Die Unsicherheit in der Kommunikationsbranche w\u00e4chst sp\u00fcrbar: Viele rechnen mit schrumpfenden Kommunikationsbudgets und Job-Abbau.","og_url":"https:\/\/www.organisator.ch\/it\/risorse-umane\/2026-03-26\/pr-trendmonitor-2026-jobunsicherheit-in-der-kommunikationsbranche-nimmt-zu\/","og_site_name":"Organisator","article_publisher":"https:\/\/www.facebook.com\/OrganisatorFachmagazin","article_published_time":"2026-03-26T11:07:39+00:00","article_modified_time":"2026-03-26T13:52:49+00:00","og_image":[{"url":"https:\/\/www.markt-kom.com\/wp-content\/uploads\/2026\/03\/newsaktuell-pr-trendmonitor-2026-stimmung-CH-DE-scaled.jpg","type":"","width":"","height":""}],"author":"n8n","twitter_card":"summary_large_image","schema":{"@context":"https:\/\/schema.org","@graph":[{"@type":"Article","@id":"https:\/\/www.organisator.ch\/human-resources\/2026-03-26\/pr-trendmonitor-2026-jobunsicherheit-in-der-kommunikationsbranche-nimmt-zu\/#article","isPartOf":{"@id":"https:\/\/www.organisator.ch\/human-resources\/2026-03-26\/pr-trendmonitor-2026-jobunsicherheit-in-der-kommunikationsbranche-nimmt-zu\/"},"author":{"name":"n8n","@id":"https:\/\/www.organisator.ch\/#\/schema\/person\/a9d0e0eff238db87a8f840f3b50359f0"},"headline":"PR-Trendmonitor 2026: Jobunsicherheit in der Kommunikationsbranche nimmt zu","datePublished":"2026-03-26T11:07:39+00:00","dateModified":"2026-03-26T13:52:49+00:00","mainEntityOfPage":{"@id":"https:\/\/www.organisator.ch\/human-resources\/2026-03-26\/pr-trendmonitor-2026-jobunsicherheit-in-der-kommunikationsbranche-nimmt-zu\/"},"wordCount":744,"publisher":{"@id":"https:\/\/www.organisator.ch\/#organization"},"image":{"@id":"https:\/\/www.organisator.ch\/human-resources\/2026-03-26\/pr-trendmonitor-2026-jobunsicherheit-in-der-kommunikationsbranche-nimmt-zu\/#primaryimage"},"thumbnailUrl":"https:\/\/www.markt-kom.com\/wp-content\/uploads\/2026\/03\/newsaktuell-pr-trendmonitor-2026-stimmung-CH-DE-scaled.jpg","keywords":["HRM","Kommunikationsbranche","MarKom","PR"],"articleSection":["HUMAN RESOURCES"],"inLanguage":"it-IT"},{"@type":"WebPage","@id":"https:\/\/www.organisator.ch\/human-resources\/2026-03-26\/pr-trendmonitor-2026-jobunsicherheit-in-der-kommunikationsbranche-nimmt-zu\/","url":"https:\/\/www.organisator.ch\/human-resources\/2026-03-26\/pr-trendmonitor-2026-jobunsicherheit-in-der-kommunikationsbranche-nimmt-zu\/","name":"PR Trend Monitor 2026: In aumento la precariet\u00e0 del lavoro nel settore della comunicazione - Organizzatore","isPartOf":{"@id":"https:\/\/www.organisator.ch\/#website"},"primaryImageOfPage":{"@id":"https:\/\/www.organisator.ch\/human-resources\/2026-03-26\/pr-trendmonitor-2026-jobunsicherheit-in-der-kommunikationsbranche-nimmt-zu\/#primaryimage"},"image":{"@id":"https:\/\/www.organisator.ch\/human-resources\/2026-03-26\/pr-trendmonitor-2026-jobunsicherheit-in-der-kommunikationsbranche-nimmt-zu\/#primaryimage"},"thumbnailUrl":"https:\/\/www.markt-kom.com\/wp-content\/uploads\/2026\/03\/newsaktuell-pr-trendmonitor-2026-stimmung-CH-DE-scaled.jpg","datePublished":"2026-03-26T11:07:39+00:00","dateModified":"2026-03-26T13:52:49+00:00","description":"L'incertezza nel settore delle comunicazioni sta crescendo sensibilmente: molti prevedono una riduzione dei budget per le comunicazioni e la perdita di posti di lavoro.","breadcrumb":{"@id":"https:\/\/www.organisator.ch\/human-resources\/2026-03-26\/pr-trendmonitor-2026-jobunsicherheit-in-der-kommunikationsbranche-nimmt-zu\/#breadcrumb"},"inLanguage":"it-IT","potentialAction":[{"@type":"ReadAction","target":["https:\/\/www.organisator.ch\/human-resources\/2026-03-26\/pr-trendmonitor-2026-jobunsicherheit-in-der-kommunikationsbranche-nimmt-zu\/"]}]},{"@type":"ImageObject","inLanguage":"it-IT","@id":"https:\/\/www.organisator.ch\/human-resources\/2026-03-26\/pr-trendmonitor-2026-jobunsicherheit-in-der-kommunikationsbranche-nimmt-zu\/#primaryimage","url":"https:\/\/www.markt-kom.com\/wp-content\/uploads\/2026\/03\/newsaktuell-pr-trendmonitor-2026-stimmung-CH-DE-scaled.jpg","contentUrl":"https:\/\/www.markt-kom.com\/wp-content\/uploads\/2026\/03\/newsaktuell-pr-trendmonitor-2026-stimmung-CH-DE-scaled.jpg"},{"@type":"BreadcrumbList","@id":"https:\/\/www.organisator.ch\/human-resources\/2026-03-26\/pr-trendmonitor-2026-jobunsicherheit-in-der-kommunikationsbranche-nimmt-zu\/#breadcrumb","itemListElement":[{"@type":"ListItem","position":1,"name":"Home","item":"https:\/\/www.organisator.ch\/"},{"@type":"ListItem","position":2,"name":"PR-Trendmonitor 2026: Jobunsicherheit in der Kommunikationsbranche nimmt zu"}]},{"@type":"WebSite","@id":"https:\/\/www.organisator.ch\/#website","url":"https:\/\/www.organisator.ch\/","name":"Organizzatore","description":"Competente. Pratico. In 10 numeri all'anno, ORGANISATOR presenta i temi essenziali per i manager delle PMI.","publisher":{"@id":"https:\/\/www.organisator.ch\/#organization"},"potentialAction":[{"@type":"SearchAction","target":{"@type":"EntryPoint","urlTemplate":"https:\/\/www.organisator.ch\/?s={search_term_string}"},"query-input":{"@type":"PropertyValueSpecification","valueRequired":true,"valueName":"search_term_string"}}],"inLanguage":"it-IT"},{"@type":"Organization","@id":"https:\/\/www.organisator.ch\/#organization","name":"Organizzatore","url":"https:\/\/www.organisator.ch\/","logo":{"@type":"ImageObject","inLanguage":"it-IT","@id":"https:\/\/www.organisator.ch\/#\/schema\/logo\/image\/","url":"https:\/\/www.organisator.ch\/wp-content\/uploads\/2022\/01\/Logo_Organisator_Website.png","contentUrl":"https:\/\/www.organisator.ch\/wp-content\/uploads\/2022\/01\/Logo_Organisator_Website.png","width":800,"height":77,"caption":"Organisator"},"image":{"@id":"https:\/\/www.organisator.ch\/#\/schema\/logo\/image\/"},"sameAs":["https:\/\/www.facebook.com\/OrganisatorFachmagazin","https:\/\/www.linkedin.com\/showcase\/organisator-das-magazin-fr-kmu","https:\/\/www.xing.com\/news\/pages\/organisator-ch-695","https:\/\/www.youtube.com\/channel\/UCGP2Sq0iWaZwT3BdIAQFYpw"]},{"@type":"Person","@id":"https:\/\/www.organisator.ch\/#\/schema\/person\/a9d0e0eff238db87a8f840f3b50359f0","name":"n8n","image":{"@type":"ImageObject","inLanguage":"it-IT","@id":"https:\/\/secure.gravatar.com\/avatar\/5368fb9d03fd415a6f335cece4c15af2502d6ca8651efbd6e8f98427a9795400?s=96&d=mm&r=g","url":"https:\/\/secure.gravatar.com\/avatar\/5368fb9d03fd415a6f335cece4c15af2502d6ca8651efbd6e8f98427a9795400?s=96&d=mm&r=g","contentUrl":"https:\/\/secure.gravatar.com\/avatar\/5368fb9d03fd415a6f335cece4c15af2502d6ca8651efbd6e8f98427a9795400?s=96&d=mm&r=g","caption":"n8n"},"url":"https:\/\/www.organisator.ch\/it\/author\/n8n\/"}]}},"_links":{"self":[{"href":"https:\/\/www.organisator.ch\/it\/wp-json\/wp\/v2\/posts\/46650","targetHints":{"allow":["GET"]}}],"collection":[{"href":"https:\/\/www.organisator.ch\/it\/wp-json\/wp\/v2\/posts"}],"about":[{"href":"https:\/\/www.organisator.ch\/it\/wp-json\/wp\/v2\/types\/post"}],"author":[{"embeddable":true,"href":"https:\/\/www.organisator.ch\/it\/wp-json\/wp\/v2\/users\/107"}],"replies":[{"embeddable":true,"href":"https:\/\/www.organisator.ch\/it\/wp-json\/wp\/v2\/comments?post=46650"}],"version-history":[{"count":4,"href":"https:\/\/www.organisator.ch\/it\/wp-json\/wp\/v2\/posts\/46650\/revisions"}],"predecessor-version":[{"id":46672,"href":"https:\/\/www.organisator.ch\/it\/wp-json\/wp\/v2\/posts\/46650\/revisions\/46672"}],"wp:attachment":[{"href":"https:\/\/www.organisator.ch\/it\/wp-json\/wp\/v2\/media?parent=46650"}],"wp:term":[{"taxonomy":"category","embeddable":true,"href":"https:\/\/www.organisator.ch\/it\/wp-json\/wp\/v2\/categories?post=46650"},{"taxonomy":"post_tag","embeddable":true,"href":"https:\/\/www.organisator.ch\/it\/wp-json\/wp\/v2\/tags?post=46650"}],"curies":[{"name":"wp","href":"https:\/\/api.w.org\/{rel}","templated":true}]}}