{"id":46662,"date":"2026-03-26T14:45:14","date_gmt":"2026-03-26T13:45:14","guid":{"rendered":"https:\/\/www.organisator.ch\/de\/?p=46662"},"modified":"2026-03-26T14:45:14","modified_gmt":"2026-03-26T13:45:14","slug":"prix-svc-expandiert-ins-wallis","status":"publish","type":"post","link":"https:\/\/www.organisator.ch\/it\/management\/2026-03-26\/prix-svc-expandiert-ins-wallis\/","title":{"rendered":"Il Prix SVC si espande nel Vallese"},"content":{"rendered":"<figure id=\"attachment_46660\" aria-describedby=\"caption-attachment-46660\" style=\"width: 548px\" class=\"wp-caption alignnone\"><img loading=\"lazy\" decoding=\"async\" class=\"size-full wp-image-46660\" src=\"https:\/\/www.organisator.ch\/wp-content\/uploads\/2026\/03\/SVC_Prix_Valais-Wallis_F_D.jpg\" alt=\"\" width=\"548\" height=\"439\" srcset=\"https:\/\/www.organisator.ch\/wp-content\/uploads\/2026\/03\/SVC_Prix_Valais-Wallis_F_D.jpg 548w, https:\/\/www.organisator.ch\/wp-content\/uploads\/2026\/03\/SVC_Prix_Valais-Wallis_F_D-15x12.jpg 15w, https:\/\/www.organisator.ch\/wp-content\/uploads\/2026\/03\/SVC_Prix_Valais-Wallis_F_D-375x300.jpg 375w, https:\/\/www.organisator.ch\/wp-content\/uploads\/2026\/03\/SVC_Prix_Valais-Wallis_F_D-437x350.jpg 437w\" sizes=\"auto, (max-width: 548px) 100vw, 548px\" \/><figcaption id=\"caption-attachment-46660\" class=\"wp-caption-text\">Il PRIX SVC VALAIS-WALLIS premia le aziende. Fonte: zvg<\/figcaption><\/figure>\n<p>Con la creazione del Prix SVC Valais-Wallis, l'USC offre alle piccole e medie imprese del Canton Vallese una piattaforma attraente e apprezzata per mostrare i loro risultati e il loro spirito innovativo. Il precedente premio per imprenditori del Vallese, il \u00abPrix Sommet UBS\u00bb, sar\u00e0 integrato nel Prix SVC Valais-Wallis a partire dal 2027.<\/p>\n<h3>Impegno per le PMI svizzere<\/h3>\n<p>Lo SVC si impegna da 25 anni a favore dell'imprenditorialit\u00e0 delle PMI in Svizzera e UBS \u00e8 il presenting partner dello SVC dal 2025. Le cerimonie di premiazione dell'USC, che riflettono questo impegno, si sono affermate come eventi di punta a livello nazionale. \u00abNell'anno del nostro anniversario, \u00e8 meraviglioso poter annunciare l'aggiunta del Vallese come decima regione alle regioni premiate dall'USC e quindi poter onorare l'eccellenza imprenditoriale vallesana con il prestigioso Prix SVC\u00bb, afferma il direttore generale dell'USC Franziska B\u00fcrki.<\/p>\n<p>L'integrazione del \u00abPrix Sommet UBS\u00bb nelle cerimonie di premiazione dell'USC rafforzer\u00e0 ulteriormente la visibilit\u00e0 e la portata dell'evento a vantaggio delle PMI vallesane. \u00abUnendosi a questa piattaforma affermata a livello nazionale, le aziende vallesane beneficeranno di una portata pi\u00f9 ampia, di un migliore networking e di un posizionamento ancora pi\u00f9 forte\u00bb, aggiunge Iwan Willisch, Direttore regionale del Vallese di UBS.<\/p>\n<p>Inoltre, questa integrazione consente di beneficiare della reputazione e dell'esperienza dell'USC nel settore delle PMI, garantendo al contempo la continuit\u00e0 dell'imprenditorialit\u00e0 regionale in Vallese.<\/p>\n<h3>Prima emissione prevista per la fine del 2027<\/h3>\n<p>UBS condivide la passione dell'USC per l'imprenditorialit\u00e0. In qualit\u00e0 di partner forte dell'intera economia svizzera, UBS sostiene le aziende di tutti i settori e di tutte le dimensioni in ogni fase della loro attivit\u00e0, dalla creazione e dalla costituzione alla crescita e alla maturit\u00e0, alle IPO e alla pianificazione della successione.<\/p>\n<p>L'USC e tutti i suoi partner attendono con ansia la prima edizione del Prix SVC Valais-Wallis. Ulteriori informazioni sul processo di candidatura, sulla giuria e sulla cerimonia di premiazione seguiranno circa un anno prima del Prix, ossia nel tardo autunno del 2026.<\/p>\n<p>Inoltre, in autunno si terr\u00e0 in Vallese un evento che segner\u00e0 il passaggio dal \u00abPrix Sommet UBS\u00bb al Prix SVC Valais-Wallis e sar\u00e0 dedicato all'imprenditorialit\u00e0. Ulteriori informazioni saranno comunicate in seguito.<\/p>\n<h3>Informazioni di base sull'USC<\/h3>\n<p>Lo sponsor e promotore del Prix SVC \u00e8 l'USC, un'organizzazione indipendente e senza scopo di lucro. Il suo obiettivo \u00e8 quello di far conoscere e promuovere le PMI come forza trainante dell'economia svizzera. Lo SVC \u00e8 sostenuto dal Presenting Partner UBS e dai Gold Partner Emil Frey, Forvis Mazars, IWB, Mobiliar e Swisscom, nonch\u00e9 da numerosi altri partner nazionali e sponsor regionali.<\/p>\n<p>Lo SVC \u00e8 stato fondato a Berna nel 2001 e dal 2003 premia le migliori PMI in tutte le regioni economiche e linguistiche della Svizzera. In occasione delle 82 cerimonie di premiazione del Prix SVC, ad oggi, un totale di 478 aziende sono state insignite del premio SVC per la loro eccellenza aziendale.<\/p>\n<p>Ulteriori informazioni: <a href=\"https:\/\/www.svc.swiss\" target=\"_blank\" rel=\"noopener\">www.svc.swiss<\/a><\/p>","protected":false},"excerpt":{"rendered":"<p>La rete di PMI SVC sta espandendo la sua presenza. Dal 2027, il Vallese diventer\u00e0 la decima regione economica in cui verr\u00e0 assegnato il Prix SVC. Il Prix SVC Valais-Wallis prosegue la tradizione del \u00abPrix Sommet UBS\u00bb, precedentemente assegnato nella regione.<\/p>","protected":false},"author":107,"featured_media":46660,"comment_status":"closed","ping_status":"closed","sticky":false,"template":"","format":"standard","meta":{"_acf_changed":false,"_yoast_wpseo_focuskw":"Prix SVC Valais-Wallis","_yoast_wpseo_metadesc":"Der Prix SVC expandiert ins Wallis. Ab 2027 wird der renommierte Unternehmerpreis als zehnte Wirtschaftsregion im Kanton vergeben.","articlekey":"","footnotes":""},"categories":[28],"tags":[66,390],"class_list":["post-46662","post","type-post","status-publish","format-standard","has-post-thumbnail","hentry","category-management","tag-awards","tag-prix-svc"],"acf":[],"yoast_head":"<!-- This site is optimized with the Yoast SEO plugin v27.4 - https:\/\/yoast.com\/product\/yoast-seo-wordpress\/ -->\n<title>Prix SVC expandiert ins Wallis - Organisator<\/title>\n<meta name=\"description\" content=\"Der Prix SVC expandiert ins Wallis. Ab 2027 wird der renommierte Unternehmerpreis als zehnte Wirtschaftsregion im Kanton vergeben.\" \/>\n<meta name=\"robots\" content=\"index, follow, max-snippet:-1, max-image-preview:large, max-video-preview:-1\" \/>\n<link rel=\"canonical\" href=\"https:\/\/www.organisator.ch\/it\/gestione-2\/2026-03-26\/prix-svc-expandiert-ins-wallis\/\" \/>\n<meta property=\"og:locale\" content=\"it_IT\" \/>\n<meta property=\"og:type\" content=\"article\" \/>\n<meta property=\"og:title\" content=\"Prix SVC expandiert ins Wallis\" \/>\n<meta property=\"og:description\" content=\"Der Prix SVC expandiert ins Wallis. Ab 2027 wird der renommierte Unternehmerpreis als zehnte Wirtschaftsregion im Kanton vergeben.\" \/>\n<meta property=\"og:url\" content=\"https:\/\/www.organisator.ch\/it\/gestione-2\/2026-03-26\/prix-svc-expandiert-ins-wallis\/\" \/>\n<meta property=\"og:site_name\" content=\"Organisator\" \/>\n<meta property=\"article:publisher\" content=\"https:\/\/www.facebook.com\/OrganisatorFachmagazin\" \/>\n<meta property=\"article:published_time\" content=\"2026-03-26T13:45:14+00:00\" \/>\n<meta property=\"og:image\" content=\"https:\/\/www.organisator.ch\/wp-content\/uploads\/2026\/03\/SVC_Prix_Valais-Wallis_F_D.jpg\" \/>\n\t<meta property=\"og:image:width\" content=\"548\" \/>\n\t<meta property=\"og:image:height\" content=\"439\" \/>\n\t<meta property=\"og:image:type\" content=\"image\/jpeg\" \/>\n<meta name=\"author\" content=\"n8n\" \/>\n<meta name=\"twitter:card\" content=\"summary_large_image\" \/>\n<meta name=\"twitter:title\" content=\"Prix #SVC expandiert ins #Wallis\" \/>\n<meta name=\"twitter:description\" content=\"Der Prix #SVC expandiert ins #Wallis. Ab 2027 wird der renommierte Unternehmerpreis als zehnte #Wirtschaftsregion im Kanton vergeben.\" \/>\n<meta name=\"twitter:image\" content=\"https:\/\/www.organisator.ch\/wp-content\/uploads\/2026\/03\/SVC_Prix_Valais-Wallis_F_D.jpg\" \/>\n<script type=\"application\/ld+json\" class=\"yoast-schema-graph\">{\"@context\":\"https:\\\/\\\/schema.org\",\"@graph\":[{\"@type\":\"Article\",\"@id\":\"https:\\\/\\\/www.organisator.ch\\\/management\\\/2026-03-26\\\/prix-svc-expandiert-ins-wallis\\\/#article\",\"isPartOf\":{\"@id\":\"https:\\\/\\\/www.organisator.ch\\\/management\\\/2026-03-26\\\/prix-svc-expandiert-ins-wallis\\\/\"},\"author\":{\"name\":\"n8n\",\"@id\":\"https:\\\/\\\/www.organisator.ch\\\/#\\\/schema\\\/person\\\/a9d0e0eff238db87a8f840f3b50359f0\"},\"headline\":\"Prix SVC expandiert ins Wallis\",\"datePublished\":\"2026-03-26T13:45:14+00:00\",\"mainEntityOfPage\":{\"@id\":\"https:\\\/\\\/www.organisator.ch\\\/management\\\/2026-03-26\\\/prix-svc-expandiert-ins-wallis\\\/\"},\"wordCount\":487,\"publisher\":{\"@id\":\"https:\\\/\\\/www.organisator.ch\\\/#organization\"},\"image\":{\"@id\":\"https:\\\/\\\/www.organisator.ch\\\/management\\\/2026-03-26\\\/prix-svc-expandiert-ins-wallis\\\/#primaryimage\"},\"thumbnailUrl\":\"https:\\\/\\\/www.organisator.ch\\\/wp-content\\\/uploads\\\/2026\\\/03\\\/SVC_Prix_Valais-Wallis_F_D.jpg\",\"keywords\":[\"Awards\",\"Prix SVC\"],\"articleSection\":[\"MANAGEMENT\"],\"inLanguage\":\"it-IT\"},{\"@type\":\"WebPage\",\"@id\":\"https:\\\/\\\/www.organisator.ch\\\/management\\\/2026-03-26\\\/prix-svc-expandiert-ins-wallis\\\/\",\"url\":\"https:\\\/\\\/www.organisator.ch\\\/management\\\/2026-03-26\\\/prix-svc-expandiert-ins-wallis\\\/\",\"name\":\"Prix SVC expandiert ins Wallis - Organisator\",\"isPartOf\":{\"@id\":\"https:\\\/\\\/www.organisator.ch\\\/#website\"},\"primaryImageOfPage\":{\"@id\":\"https:\\\/\\\/www.organisator.ch\\\/management\\\/2026-03-26\\\/prix-svc-expandiert-ins-wallis\\\/#primaryimage\"},\"image\":{\"@id\":\"https:\\\/\\\/www.organisator.ch\\\/management\\\/2026-03-26\\\/prix-svc-expandiert-ins-wallis\\\/#primaryimage\"},\"thumbnailUrl\":\"https:\\\/\\\/www.organisator.ch\\\/wp-content\\\/uploads\\\/2026\\\/03\\\/SVC_Prix_Valais-Wallis_F_D.jpg\",\"datePublished\":\"2026-03-26T13:45:14+00:00\",\"description\":\"Der Prix SVC expandiert ins Wallis. Ab 2027 wird der renommierte Unternehmerpreis als zehnte Wirtschaftsregion im Kanton vergeben.\",\"breadcrumb\":{\"@id\":\"https:\\\/\\\/www.organisator.ch\\\/management\\\/2026-03-26\\\/prix-svc-expandiert-ins-wallis\\\/#breadcrumb\"},\"inLanguage\":\"it-IT\",\"potentialAction\":[{\"@type\":\"ReadAction\",\"target\":[\"https:\\\/\\\/www.organisator.ch\\\/management\\\/2026-03-26\\\/prix-svc-expandiert-ins-wallis\\\/\"]}]},{\"@type\":\"ImageObject\",\"inLanguage\":\"it-IT\",\"@id\":\"https:\\\/\\\/www.organisator.ch\\\/management\\\/2026-03-26\\\/prix-svc-expandiert-ins-wallis\\\/#primaryimage\",\"url\":\"https:\\\/\\\/www.organisator.ch\\\/wp-content\\\/uploads\\\/2026\\\/03\\\/SVC_Prix_Valais-Wallis_F_D.jpg\",\"contentUrl\":\"https:\\\/\\\/www.organisator.ch\\\/wp-content\\\/uploads\\\/2026\\\/03\\\/SVC_Prix_Valais-Wallis_F_D.jpg\",\"width\":548,\"height\":439,\"caption\":\"PRIX SVC VALAIS-WALLIS zeichnet Unternehmen aus. Quelle: zvg\"},{\"@type\":\"BreadcrumbList\",\"@id\":\"https:\\\/\\\/www.organisator.ch\\\/management\\\/2026-03-26\\\/prix-svc-expandiert-ins-wallis\\\/#breadcrumb\",\"itemListElement\":[{\"@type\":\"ListItem\",\"position\":1,\"name\":\"Home\",\"item\":\"https:\\\/\\\/www.organisator.ch\\\/\"},{\"@type\":\"ListItem\",\"position\":2,\"name\":\"Prix SVC expandiert ins Wallis\"}]},{\"@type\":\"WebSite\",\"@id\":\"https:\\\/\\\/www.organisator.ch\\\/#website\",\"url\":\"https:\\\/\\\/www.organisator.ch\\\/\",\"name\":\"Organisator\",\"description\":\"Kompetent. Praxisnah. Der ORGANISATOR bereitet in 10 Ausgaben pro Jahr die wesentlichen Themen f\u00fcr F\u00fchrungskr\u00e4fte von KMU auf.\",\"publisher\":{\"@id\":\"https:\\\/\\\/www.organisator.ch\\\/#organization\"},\"potentialAction\":[{\"@type\":\"SearchAction\",\"target\":{\"@type\":\"EntryPoint\",\"urlTemplate\":\"https:\\\/\\\/www.organisator.ch\\\/?s={search_term_string}\"},\"query-input\":{\"@type\":\"PropertyValueSpecification\",\"valueRequired\":true,\"valueName\":\"search_term_string\"}}],\"inLanguage\":\"it-IT\"},{\"@type\":\"Organization\",\"@id\":\"https:\\\/\\\/www.organisator.ch\\\/#organization\",\"name\":\"Organisator\",\"url\":\"https:\\\/\\\/www.organisator.ch\\\/\",\"logo\":{\"@type\":\"ImageObject\",\"inLanguage\":\"it-IT\",\"@id\":\"https:\\\/\\\/www.organisator.ch\\\/#\\\/schema\\\/logo\\\/image\\\/\",\"url\":\"https:\\\/\\\/www.organisator.ch\\\/wp-content\\\/uploads\\\/2022\\\/01\\\/Logo_Organisator_Website.png\",\"contentUrl\":\"https:\\\/\\\/www.organisator.ch\\\/wp-content\\\/uploads\\\/2022\\\/01\\\/Logo_Organisator_Website.png\",\"width\":800,\"height\":77,\"caption\":\"Organisator\"},\"image\":{\"@id\":\"https:\\\/\\\/www.organisator.ch\\\/#\\\/schema\\\/logo\\\/image\\\/\"},\"sameAs\":[\"https:\\\/\\\/www.facebook.com\\\/OrganisatorFachmagazin\",\"https:\\\/\\\/www.linkedin.com\\\/showcase\\\/organisator-das-magazin-fr-kmu\",\"https:\\\/\\\/www.xing.com\\\/news\\\/pages\\\/organisator-ch-695\",\"https:\\\/\\\/www.youtube.com\\\/channel\\\/UCGP2Sq0iWaZwT3BdIAQFYpw\"]},{\"@type\":\"Person\",\"@id\":\"https:\\\/\\\/www.organisator.ch\\\/#\\\/schema\\\/person\\\/a9d0e0eff238db87a8f840f3b50359f0\",\"name\":\"n8n\",\"image\":{\"@type\":\"ImageObject\",\"inLanguage\":\"it-IT\",\"@id\":\"https:\\\/\\\/secure.gravatar.com\\\/avatar\\\/5368fb9d03fd415a6f335cece4c15af2502d6ca8651efbd6e8f98427a9795400?s=96&d=mm&r=g\",\"url\":\"https:\\\/\\\/secure.gravatar.com\\\/avatar\\\/5368fb9d03fd415a6f335cece4c15af2502d6ca8651efbd6e8f98427a9795400?s=96&d=mm&r=g\",\"contentUrl\":\"https:\\\/\\\/secure.gravatar.com\\\/avatar\\\/5368fb9d03fd415a6f335cece4c15af2502d6ca8651efbd6e8f98427a9795400?s=96&d=mm&r=g\",\"caption\":\"n8n\"},\"url\":\"https:\\\/\\\/www.organisator.ch\\\/it\\\/author\\\/n8n\\\/\"}]}<\/script>\n<!-- \/ Yoast SEO plugin. -->","yoast_head_json":{"title":"Il Prix SVC si espande nel Vallese - organizzatore","description":"Il Prix SVC si espande in Vallese. A partire dal 2027, il prestigioso premio commerciale sar\u00e0 assegnato alla decima regione economica del Cantone.","robots":{"index":"index","follow":"follow","max-snippet":"max-snippet:-1","max-image-preview":"max-image-preview:large","max-video-preview":"max-video-preview:-1"},"canonical":"https:\/\/www.organisator.ch\/it\/gestione-2\/2026-03-26\/prix-svc-expandiert-ins-wallis\/","og_locale":"it_IT","og_type":"article","og_title":"Prix SVC expandiert ins Wallis","og_description":"Der Prix SVC expandiert ins Wallis. Ab 2027 wird der renommierte Unternehmerpreis als zehnte Wirtschaftsregion im Kanton vergeben.","og_url":"https:\/\/www.organisator.ch\/it\/gestione-2\/2026-03-26\/prix-svc-expandiert-ins-wallis\/","og_site_name":"Organisator","article_publisher":"https:\/\/www.facebook.com\/OrganisatorFachmagazin","article_published_time":"2026-03-26T13:45:14+00:00","og_image":[{"width":548,"height":439,"url":"https:\/\/www.organisator.ch\/wp-content\/uploads\/2026\/03\/SVC_Prix_Valais-Wallis_F_D.jpg","type":"image\/jpeg"}],"author":"n8n","twitter_card":"summary_large_image","twitter_title":"Prix #SVC expandiert ins #Wallis","twitter_description":"Der Prix #SVC expandiert ins #Wallis. Ab 2027 wird der renommierte Unternehmerpreis als zehnte #Wirtschaftsregion im Kanton vergeben.","twitter_image":"https:\/\/www.organisator.ch\/wp-content\/uploads\/2026\/03\/SVC_Prix_Valais-Wallis_F_D.jpg","schema":{"@context":"https:\/\/schema.org","@graph":[{"@type":"Article","@id":"https:\/\/www.organisator.ch\/management\/2026-03-26\/prix-svc-expandiert-ins-wallis\/#article","isPartOf":{"@id":"https:\/\/www.organisator.ch\/management\/2026-03-26\/prix-svc-expandiert-ins-wallis\/"},"author":{"name":"n8n","@id":"https:\/\/www.organisator.ch\/#\/schema\/person\/a9d0e0eff238db87a8f840f3b50359f0"},"headline":"Prix SVC expandiert ins Wallis","datePublished":"2026-03-26T13:45:14+00:00","mainEntityOfPage":{"@id":"https:\/\/www.organisator.ch\/management\/2026-03-26\/prix-svc-expandiert-ins-wallis\/"},"wordCount":487,"publisher":{"@id":"https:\/\/www.organisator.ch\/#organization"},"image":{"@id":"https:\/\/www.organisator.ch\/management\/2026-03-26\/prix-svc-expandiert-ins-wallis\/#primaryimage"},"thumbnailUrl":"https:\/\/www.organisator.ch\/wp-content\/uploads\/2026\/03\/SVC_Prix_Valais-Wallis_F_D.jpg","keywords":["Awards","Prix SVC"],"articleSection":["MANAGEMENT"],"inLanguage":"it-IT"},{"@type":"WebPage","@id":"https:\/\/www.organisator.ch\/management\/2026-03-26\/prix-svc-expandiert-ins-wallis\/","url":"https:\/\/www.organisator.ch\/management\/2026-03-26\/prix-svc-expandiert-ins-wallis\/","name":"Il Prix SVC si espande nel Vallese - organizzatore","isPartOf":{"@id":"https:\/\/www.organisator.ch\/#website"},"primaryImageOfPage":{"@id":"https:\/\/www.organisator.ch\/management\/2026-03-26\/prix-svc-expandiert-ins-wallis\/#primaryimage"},"image":{"@id":"https:\/\/www.organisator.ch\/management\/2026-03-26\/prix-svc-expandiert-ins-wallis\/#primaryimage"},"thumbnailUrl":"https:\/\/www.organisator.ch\/wp-content\/uploads\/2026\/03\/SVC_Prix_Valais-Wallis_F_D.jpg","datePublished":"2026-03-26T13:45:14+00:00","description":"Il Prix SVC si espande in Vallese. A partire dal 2027, il prestigioso premio commerciale sar\u00e0 assegnato alla decima regione economica del Cantone.","breadcrumb":{"@id":"https:\/\/www.organisator.ch\/management\/2026-03-26\/prix-svc-expandiert-ins-wallis\/#breadcrumb"},"inLanguage":"it-IT","potentialAction":[{"@type":"ReadAction","target":["https:\/\/www.organisator.ch\/management\/2026-03-26\/prix-svc-expandiert-ins-wallis\/"]}]},{"@type":"ImageObject","inLanguage":"it-IT","@id":"https:\/\/www.organisator.ch\/management\/2026-03-26\/prix-svc-expandiert-ins-wallis\/#primaryimage","url":"https:\/\/www.organisator.ch\/wp-content\/uploads\/2026\/03\/SVC_Prix_Valais-Wallis_F_D.jpg","contentUrl":"https:\/\/www.organisator.ch\/wp-content\/uploads\/2026\/03\/SVC_Prix_Valais-Wallis_F_D.jpg","width":548,"height":439,"caption":"PRIX SVC VALAIS-WALLIS zeichnet Unternehmen aus. Quelle: zvg"},{"@type":"BreadcrumbList","@id":"https:\/\/www.organisator.ch\/management\/2026-03-26\/prix-svc-expandiert-ins-wallis\/#breadcrumb","itemListElement":[{"@type":"ListItem","position":1,"name":"Home","item":"https:\/\/www.organisator.ch\/"},{"@type":"ListItem","position":2,"name":"Prix SVC expandiert ins Wallis"}]},{"@type":"WebSite","@id":"https:\/\/www.organisator.ch\/#website","url":"https:\/\/www.organisator.ch\/","name":"Organizzatore","description":"Competente. Pratico. In 10 numeri all'anno, ORGANISATOR presenta i temi essenziali per i manager delle PMI.","publisher":{"@id":"https:\/\/www.organisator.ch\/#organization"},"potentialAction":[{"@type":"SearchAction","target":{"@type":"EntryPoint","urlTemplate":"https:\/\/www.organisator.ch\/?s={search_term_string}"},"query-input":{"@type":"PropertyValueSpecification","valueRequired":true,"valueName":"search_term_string"}}],"inLanguage":"it-IT"},{"@type":"Organization","@id":"https:\/\/www.organisator.ch\/#organization","name":"Organizzatore","url":"https:\/\/www.organisator.ch\/","logo":{"@type":"ImageObject","inLanguage":"it-IT","@id":"https:\/\/www.organisator.ch\/#\/schema\/logo\/image\/","url":"https:\/\/www.organisator.ch\/wp-content\/uploads\/2022\/01\/Logo_Organisator_Website.png","contentUrl":"https:\/\/www.organisator.ch\/wp-content\/uploads\/2022\/01\/Logo_Organisator_Website.png","width":800,"height":77,"caption":"Organisator"},"image":{"@id":"https:\/\/www.organisator.ch\/#\/schema\/logo\/image\/"},"sameAs":["https:\/\/www.facebook.com\/OrganisatorFachmagazin","https:\/\/www.linkedin.com\/showcase\/organisator-das-magazin-fr-kmu","https:\/\/www.xing.com\/news\/pages\/organisator-ch-695","https:\/\/www.youtube.com\/channel\/UCGP2Sq0iWaZwT3BdIAQFYpw"]},{"@type":"Person","@id":"https:\/\/www.organisator.ch\/#\/schema\/person\/a9d0e0eff238db87a8f840f3b50359f0","name":"n8n","image":{"@type":"ImageObject","inLanguage":"it-IT","@id":"https:\/\/secure.gravatar.com\/avatar\/5368fb9d03fd415a6f335cece4c15af2502d6ca8651efbd6e8f98427a9795400?s=96&d=mm&r=g","url":"https:\/\/secure.gravatar.com\/avatar\/5368fb9d03fd415a6f335cece4c15af2502d6ca8651efbd6e8f98427a9795400?s=96&d=mm&r=g","contentUrl":"https:\/\/secure.gravatar.com\/avatar\/5368fb9d03fd415a6f335cece4c15af2502d6ca8651efbd6e8f98427a9795400?s=96&d=mm&r=g","caption":"n8n"},"url":"https:\/\/www.organisator.ch\/it\/author\/n8n\/"}]}},"_links":{"self":[{"href":"https:\/\/www.organisator.ch\/it\/wp-json\/wp\/v2\/posts\/46662","targetHints":{"allow":["GET"]}}],"collection":[{"href":"https:\/\/www.organisator.ch\/it\/wp-json\/wp\/v2\/posts"}],"about":[{"href":"https:\/\/www.organisator.ch\/it\/wp-json\/wp\/v2\/types\/post"}],"author":[{"embeddable":true,"href":"https:\/\/www.organisator.ch\/it\/wp-json\/wp\/v2\/users\/107"}],"replies":[{"embeddable":true,"href":"https:\/\/www.organisator.ch\/it\/wp-json\/wp\/v2\/comments?post=46662"}],"version-history":[{"count":3,"href":"https:\/\/www.organisator.ch\/it\/wp-json\/wp\/v2\/posts\/46662\/revisions"}],"predecessor-version":[{"id":46678,"href":"https:\/\/www.organisator.ch\/it\/wp-json\/wp\/v2\/posts\/46662\/revisions\/46678"}],"wp:featuredmedia":[{"embeddable":true,"href":"https:\/\/www.organisator.ch\/it\/wp-json\/wp\/v2\/media\/46660"}],"wp:attachment":[{"href":"https:\/\/www.organisator.ch\/it\/wp-json\/wp\/v2\/media?parent=46662"}],"wp:term":[{"taxonomy":"category","embeddable":true,"href":"https:\/\/www.organisator.ch\/it\/wp-json\/wp\/v2\/categories?post=46662"},{"taxonomy":"post_tag","embeddable":true,"href":"https:\/\/www.organisator.ch\/it\/wp-json\/wp\/v2\/tags?post=46662"}],"curies":[{"name":"wp","href":"https:\/\/api.w.org\/{rel}","templated":true}]}}