{"id":46711,"date":"2026-03-27T12:16:20","date_gmt":"2026-03-27T11:16:20","guid":{"rendered":"https:\/\/www.markt-kom.com\/de\/?p=253111"},"modified":"2026-03-27T13:31:12","modified_gmt":"2026-03-27T12:31:12","slug":"gfs-zuerich-mit-neuer-co-leitung","status":"publish","type":"post","link":"https:\/\/www.organisator.ch\/it\/marketing\/2026-03-27\/gfs-zuerich-mit-neuer-co-leitung\/","title":{"rendered":"Gfs-Zurigo con una nuova cogestione"},"content":{"rendered":"<figure id=\"attachment_253110\" class=\"wp-caption alignnone\" style=\"width: 1200px;\" aria-describedby=\"caption-attachment-253110\"><img class=\"size-full wp-image-253110\" src=\"https:\/\/www.markt-kom.com\/wp-content\/uploads\/2026\/03\/AndreaundStefan1200.jpg\" sizes=\"(max-width: 1200px) 100vw, 1200px\" srcset=\"https:\/\/www.markt-kom.com\/wp-content\/uploads\/2026\/03\/AndreaundStefan1200.jpg 1200w, https:\/\/www.markt-kom.com\/wp-content\/uploads\/2026\/03\/AndreaundStefan1200-600x400.jpg 600w, https:\/\/www.markt-kom.com\/wp-content\/uploads\/2026\/03\/AndreaundStefan1200-1024x683.jpg 1024w, https:\/\/www.markt-kom.com\/wp-content\/uploads\/2026\/03\/AndreaundStefan1200-768x512.jpg 768w, https:\/\/www.markt-kom.com\/wp-content\/uploads\/2026\/03\/AndreaundStefan1200-18x12.jpg 18w, https:\/\/www.markt-kom.com\/wp-content\/uploads\/2026\/03\/AndreaundStefan1200-263x175.jpg 263w, https:\/\/www.markt-kom.com\/wp-content\/uploads\/2026\/03\/AndreaundStefan1200-525x350.jpg 525w, https:\/\/www.markt-kom.com\/wp-content\/uploads\/2026\/03\/AndreaundStefan1200-1000x667.jpg 1000w\" alt=\"\" width=\"1200\" height=\"800\" \/>\r\n<figcaption id=\"caption-attachment-253110\" class=\"wp-caption-text\">I nuovi co-direttori del gfs-z\u00fcrich: Stefan Keller e Andrea Umbricht. Fonte: zvg<\/figcaption>\r\n<\/figure>\r\n<p>L'istituto di ricerca zurighese gfs-z\u00fcrich punta sulla continuit\u00e0 e su un nuovo impulso: Stefan Keller e la dottoressa Andrea Umbricht assumono la direzione dell'azienda in qualit\u00e0 di co-manager esperti. Entrambi sono stati strettamente legati a gfs-z\u00fcrich per oltre un decennio e conoscono a fondo l'azienda e i suoi clienti. Fanno parte del team di gestione dal 2024 e sono ora responsabili della direzione strategica in qualit\u00e0 di nuovi proprietari.<\/p>\r\n<h3>Passaggio di consegne regolamentato con il Dr. Andreas Schaub<\/h3>\r\n<p>Il dottor Andreas Schaub, precedente proprietario e amministratore delegato, lascia la gestione operativa, ma rimarr\u00e0 con gfs-z\u00fcrich come senior project manager per altri tre anni. Continuer\u00e0 a contribuire con la sua vasta esperienza ai progetti, assicurando cos\u00ec una transizione senza problemi alla nuova cogestione. Questa continuit\u00e0 dovrebbe garantire ai clienti la massima tranquillit\u00e0.<\/p>\r\n<h3>Stefan Keller: da analista di dati a co-amministratore delegato<\/h3>\r\n<p>Stefan Keller, nato l'11 dicembre 1982, \u00e8 entrato in azienda nel 2013 come collaboratore a progetto e analista di dati. Dopo una prima formazione commerciale e tre anni di esperienza professionale nella contabilit\u00e0 finanziaria, ha studiato sociologia presso le Universit\u00e0 di Zurigo e Costanza. Nel 2016 ha assunto il ruolo di project manager presso gfs-z\u00fcrich. Padre di tre figli, vive con la sua famiglia a Mettlen TG.<\/p>\r\n<h3>Dott.ssa Andrea Umbricht: la competenza scientifica incontra l'esperienza pratica<\/h3>\r\n<p>Andrea Umbricht, nata il 26 novembre 1981, \u00e8 entrata a far parte di gfs-z\u00fcrich come project manager nel 2015. Ha studiato scienze della comunicazione e ricerca sui media con una specializzazione in scienze politiche e sociologia. Ha poi lavorato come assistente di ricerca e docente presso l'IKMZ dell'Universit\u00e0 di Zurigo. Ha completato il suo dottorato sul giornalismo politico nel 2014. Andrea Umbricht \u00e8 madre di tre figli e vive con la sua famiglia a Zurigo.<\/p>\r\n<p>La nuova cogestione rafforzer\u00e0 ulteriormente gfs-z\u00fcrich. Secondo l'azienda, l'impegno per la massima qualit\u00e0 e la soddisfazione dei clienti rimane invariato. Con la doppia direzione, l'istituto di ricerca si avvale di un'ampia competenza nei settori della ricerca di mercato e sociale.<\/p>\r\n<p><em>Ulteriori informazioni: <a href=\"https:\/\/www.gfs-zh.ch\/\" rel=\"noopener\">https:\/\/www.gfs-zh.ch<\/a><\/em><\/p>","protected":false},"excerpt":{"rendered":"<p>L'istituto di ricerca gfs-z\u00fcrich ha una nuova propriet\u00e0 e una nuova cogestione: Stefan Keller e la dott.ssa Andrea Umbricht ne assumono insieme le redini. Entrambi lavorano in azienda da oltre dieci anni e fanno parte del team di gestione dal 2024. Il precedente proprietario, il dottor Andreas Schaub, rimarr\u00e0 in azienda per tre anni come Senior Project Manager.<\/p>","protected":false},"author":107,"featured_media":0,"comment_status":"closed","ping_status":"closed","sticky":false,"template":"","format":"standard","meta":{"_acf_changed":false,"_yoast_wpseo_focuskw":"Gfs-z\u00fcrich","_yoast_wpseo_metadesc":"Das Forschungsinstitut gfs-z\u00fcrich hat eine neue Eigent\u00fcmerschaft: Stefan Keller und Dr. Andrea Umbricht \u00fcbernehmen gemeinsam die F\u00fchrung.","articlekey":"","footnotes":""},"categories":[29],"tags":[4343,341],"class_list":["post-46711","post","type-post","status-publish","format-standard","hentry","category-marketing","tag-markom","tag-marktforschung"],"acf":[],"yoast_head":"<!-- This site is optimized with the Yoast SEO plugin v27.5 - https:\/\/yoast.com\/product\/yoast-seo-wordpress\/ -->\n<title>Gfs-z\u00fcrich mit neuer Co-Leitung - Organisator<\/title>\n<meta name=\"description\" content=\"Das Forschungsinstitut gfs-z\u00fcrich hat eine neue Eigent\u00fcmerschaft: Stefan Keller und Dr. Andrea Umbricht \u00fcbernehmen gemeinsam die F\u00fchrung.\" \/>\n<meta name=\"robots\" content=\"index, follow, max-snippet:-1, max-image-preview:large, max-video-preview:-1\" \/>\n<link rel=\"canonical\" href=\"https:\/\/www.organisator.ch\/it\/marketing\/2026-03-27\/gfs-zuerich-mit-neuer-co-leitung\/\" \/>\n<meta property=\"og:locale\" content=\"it_IT\" \/>\n<meta property=\"og:type\" content=\"article\" \/>\n<meta property=\"og:title\" content=\"Gfs-z\u00fcrich mit neuer Co-Leitung - Organisator\" \/>\n<meta property=\"og:description\" content=\"Das Forschungsinstitut gfs-z\u00fcrich hat eine neue Eigent\u00fcmerschaft: Stefan Keller und Dr. Andrea Umbricht \u00fcbernehmen gemeinsam die F\u00fchrung.\" \/>\n<meta property=\"og:url\" content=\"https:\/\/www.organisator.ch\/it\/marketing\/2026-03-27\/gfs-zuerich-mit-neuer-co-leitung\/\" \/>\n<meta property=\"og:site_name\" content=\"Organisator\" \/>\n<meta property=\"article:publisher\" content=\"https:\/\/www.facebook.com\/OrganisatorFachmagazin\" \/>\n<meta property=\"article:published_time\" content=\"2026-03-27T11:16:20+00:00\" \/>\n<meta property=\"article:modified_time\" content=\"2026-03-27T12:31:12+00:00\" \/>\n<meta name=\"author\" content=\"n8n\" \/>\n<meta name=\"twitter:card\" content=\"summary_large_image\" \/>\n<script type=\"application\/ld+json\" class=\"yoast-schema-graph\">{\"@context\":\"https:\\\/\\\/schema.org\",\"@graph\":[{\"@type\":\"Article\",\"@id\":\"https:\\\/\\\/www.organisator.ch\\\/marketing\\\/2026-03-27\\\/gfs-zuerich-mit-neuer-co-leitung\\\/#article\",\"isPartOf\":{\"@id\":\"https:\\\/\\\/www.organisator.ch\\\/marketing\\\/2026-03-27\\\/gfs-zuerich-mit-neuer-co-leitung\\\/\"},\"author\":{\"name\":\"n8n\",\"@id\":\"https:\\\/\\\/www.organisator.ch\\\/#\\\/schema\\\/person\\\/a9d0e0eff238db87a8f840f3b50359f0\"},\"headline\":\"Gfs-z\u00fcrich mit neuer Co-Leitung\",\"datePublished\":\"2026-03-27T11:16:20+00:00\",\"dateModified\":\"2026-03-27T12:31:12+00:00\",\"mainEntityOfPage\":{\"@id\":\"https:\\\/\\\/www.organisator.ch\\\/marketing\\\/2026-03-27\\\/gfs-zuerich-mit-neuer-co-leitung\\\/\"},\"wordCount\":332,\"publisher\":{\"@id\":\"https:\\\/\\\/www.organisator.ch\\\/#organization\"},\"image\":{\"@id\":\"https:\\\/\\\/www.organisator.ch\\\/marketing\\\/2026-03-27\\\/gfs-zuerich-mit-neuer-co-leitung\\\/#primaryimage\"},\"thumbnailUrl\":\"https:\\\/\\\/www.markt-kom.com\\\/wp-content\\\/uploads\\\/2026\\\/03\\\/AndreaundStefan1200.jpg\",\"keywords\":[\"MarKom\",\"Marktforschung\"],\"articleSection\":[\"MARKETING\"],\"inLanguage\":\"it-IT\"},{\"@type\":\"WebPage\",\"@id\":\"https:\\\/\\\/www.organisator.ch\\\/marketing\\\/2026-03-27\\\/gfs-zuerich-mit-neuer-co-leitung\\\/\",\"url\":\"https:\\\/\\\/www.organisator.ch\\\/marketing\\\/2026-03-27\\\/gfs-zuerich-mit-neuer-co-leitung\\\/\",\"name\":\"Gfs-z\u00fcrich mit neuer Co-Leitung - Organisator\",\"isPartOf\":{\"@id\":\"https:\\\/\\\/www.organisator.ch\\\/#website\"},\"primaryImageOfPage\":{\"@id\":\"https:\\\/\\\/www.organisator.ch\\\/marketing\\\/2026-03-27\\\/gfs-zuerich-mit-neuer-co-leitung\\\/#primaryimage\"},\"image\":{\"@id\":\"https:\\\/\\\/www.organisator.ch\\\/marketing\\\/2026-03-27\\\/gfs-zuerich-mit-neuer-co-leitung\\\/#primaryimage\"},\"thumbnailUrl\":\"https:\\\/\\\/www.markt-kom.com\\\/wp-content\\\/uploads\\\/2026\\\/03\\\/AndreaundStefan1200.jpg\",\"datePublished\":\"2026-03-27T11:16:20+00:00\",\"dateModified\":\"2026-03-27T12:31:12+00:00\",\"description\":\"Das Forschungsinstitut gfs-z\u00fcrich hat eine neue Eigent\u00fcmerschaft: Stefan Keller und Dr. Andrea Umbricht \u00fcbernehmen gemeinsam die F\u00fchrung.\",\"breadcrumb\":{\"@id\":\"https:\\\/\\\/www.organisator.ch\\\/marketing\\\/2026-03-27\\\/gfs-zuerich-mit-neuer-co-leitung\\\/#breadcrumb\"},\"inLanguage\":\"it-IT\",\"potentialAction\":[{\"@type\":\"ReadAction\",\"target\":[\"https:\\\/\\\/www.organisator.ch\\\/marketing\\\/2026-03-27\\\/gfs-zuerich-mit-neuer-co-leitung\\\/\"]}]},{\"@type\":\"ImageObject\",\"inLanguage\":\"it-IT\",\"@id\":\"https:\\\/\\\/www.organisator.ch\\\/marketing\\\/2026-03-27\\\/gfs-zuerich-mit-neuer-co-leitung\\\/#primaryimage\",\"url\":\"https:\\\/\\\/www.markt-kom.com\\\/wp-content\\\/uploads\\\/2026\\\/03\\\/AndreaundStefan1200.jpg\",\"contentUrl\":\"https:\\\/\\\/www.markt-kom.com\\\/wp-content\\\/uploads\\\/2026\\\/03\\\/AndreaundStefan1200.jpg\"},{\"@type\":\"BreadcrumbList\",\"@id\":\"https:\\\/\\\/www.organisator.ch\\\/marketing\\\/2026-03-27\\\/gfs-zuerich-mit-neuer-co-leitung\\\/#breadcrumb\",\"itemListElement\":[{\"@type\":\"ListItem\",\"position\":1,\"name\":\"Home\",\"item\":\"https:\\\/\\\/www.organisator.ch\\\/\"},{\"@type\":\"ListItem\",\"position\":2,\"name\":\"Gfs-z\u00fcrich mit neuer Co-Leitung\"}]},{\"@type\":\"WebSite\",\"@id\":\"https:\\\/\\\/www.organisator.ch\\\/#website\",\"url\":\"https:\\\/\\\/www.organisator.ch\\\/\",\"name\":\"Organisator\",\"description\":\"Kompetent. Praxisnah. Der ORGANISATOR bereitet in 10 Ausgaben pro Jahr die wesentlichen Themen f\u00fcr F\u00fchrungskr\u00e4fte von KMU auf.\",\"publisher\":{\"@id\":\"https:\\\/\\\/www.organisator.ch\\\/#organization\"},\"potentialAction\":[{\"@type\":\"SearchAction\",\"target\":{\"@type\":\"EntryPoint\",\"urlTemplate\":\"https:\\\/\\\/www.organisator.ch\\\/?s={search_term_string}\"},\"query-input\":{\"@type\":\"PropertyValueSpecification\",\"valueRequired\":true,\"valueName\":\"search_term_string\"}}],\"inLanguage\":\"it-IT\"},{\"@type\":\"Organization\",\"@id\":\"https:\\\/\\\/www.organisator.ch\\\/#organization\",\"name\":\"Organisator\",\"url\":\"https:\\\/\\\/www.organisator.ch\\\/\",\"logo\":{\"@type\":\"ImageObject\",\"inLanguage\":\"it-IT\",\"@id\":\"https:\\\/\\\/www.organisator.ch\\\/#\\\/schema\\\/logo\\\/image\\\/\",\"url\":\"https:\\\/\\\/www.organisator.ch\\\/wp-content\\\/uploads\\\/2022\\\/01\\\/Logo_Organisator_Website.png\",\"contentUrl\":\"https:\\\/\\\/www.organisator.ch\\\/wp-content\\\/uploads\\\/2022\\\/01\\\/Logo_Organisator_Website.png\",\"width\":800,\"height\":77,\"caption\":\"Organisator\"},\"image\":{\"@id\":\"https:\\\/\\\/www.organisator.ch\\\/#\\\/schema\\\/logo\\\/image\\\/\"},\"sameAs\":[\"https:\\\/\\\/www.facebook.com\\\/OrganisatorFachmagazin\",\"https:\\\/\\\/www.linkedin.com\\\/showcase\\\/organisator-das-magazin-fr-kmu\",\"https:\\\/\\\/www.xing.com\\\/news\\\/pages\\\/organisator-ch-695\",\"https:\\\/\\\/www.youtube.com\\\/channel\\\/UCGP2Sq0iWaZwT3BdIAQFYpw\"]},{\"@type\":\"Person\",\"@id\":\"https:\\\/\\\/www.organisator.ch\\\/#\\\/schema\\\/person\\\/a9d0e0eff238db87a8f840f3b50359f0\",\"name\":\"n8n\",\"image\":{\"@type\":\"ImageObject\",\"inLanguage\":\"it-IT\",\"@id\":\"https:\\\/\\\/secure.gravatar.com\\\/avatar\\\/5368fb9d03fd415a6f335cece4c15af2502d6ca8651efbd6e8f98427a9795400?s=96&d=mm&r=g\",\"url\":\"https:\\\/\\\/secure.gravatar.com\\\/avatar\\\/5368fb9d03fd415a6f335cece4c15af2502d6ca8651efbd6e8f98427a9795400?s=96&d=mm&r=g\",\"contentUrl\":\"https:\\\/\\\/secure.gravatar.com\\\/avatar\\\/5368fb9d03fd415a6f335cece4c15af2502d6ca8651efbd6e8f98427a9795400?s=96&d=mm&r=g\",\"caption\":\"n8n\"},\"url\":\"https:\\\/\\\/www.organisator.ch\\\/it\\\/author\\\/n8n\\\/\"}]}<\/script>\n<!-- \/ Yoast SEO plugin. -->","yoast_head_json":{"title":"Gfs-z\u00fcrich con la nuova co-gestione - Organizzatore","description":"L'istituto di ricerca gfs-z\u00fcrich ha un nuovo proprietario: Stefan Keller e la dottoressa Andrea Umbricht assumono insieme la direzione.","robots":{"index":"index","follow":"follow","max-snippet":"max-snippet:-1","max-image-preview":"max-image-preview:large","max-video-preview":"max-video-preview:-1"},"canonical":"https:\/\/www.organisator.ch\/it\/marketing\/2026-03-27\/gfs-zuerich-mit-neuer-co-leitung\/","og_locale":"it_IT","og_type":"article","og_title":"Gfs-z\u00fcrich mit neuer Co-Leitung - Organisator","og_description":"Das Forschungsinstitut gfs-z\u00fcrich hat eine neue Eigent\u00fcmerschaft: Stefan Keller und Dr. Andrea Umbricht \u00fcbernehmen gemeinsam die F\u00fchrung.","og_url":"https:\/\/www.organisator.ch\/it\/marketing\/2026-03-27\/gfs-zuerich-mit-neuer-co-leitung\/","og_site_name":"Organisator","article_publisher":"https:\/\/www.facebook.com\/OrganisatorFachmagazin","article_published_time":"2026-03-27T11:16:20+00:00","article_modified_time":"2026-03-27T12:31:12+00:00","author":"n8n","twitter_card":"summary_large_image","schema":{"@context":"https:\/\/schema.org","@graph":[{"@type":"Article","@id":"https:\/\/www.organisator.ch\/marketing\/2026-03-27\/gfs-zuerich-mit-neuer-co-leitung\/#article","isPartOf":{"@id":"https:\/\/www.organisator.ch\/marketing\/2026-03-27\/gfs-zuerich-mit-neuer-co-leitung\/"},"author":{"name":"n8n","@id":"https:\/\/www.organisator.ch\/#\/schema\/person\/a9d0e0eff238db87a8f840f3b50359f0"},"headline":"Gfs-z\u00fcrich mit neuer Co-Leitung","datePublished":"2026-03-27T11:16:20+00:00","dateModified":"2026-03-27T12:31:12+00:00","mainEntityOfPage":{"@id":"https:\/\/www.organisator.ch\/marketing\/2026-03-27\/gfs-zuerich-mit-neuer-co-leitung\/"},"wordCount":332,"publisher":{"@id":"https:\/\/www.organisator.ch\/#organization"},"image":{"@id":"https:\/\/www.organisator.ch\/marketing\/2026-03-27\/gfs-zuerich-mit-neuer-co-leitung\/#primaryimage"},"thumbnailUrl":"https:\/\/www.markt-kom.com\/wp-content\/uploads\/2026\/03\/AndreaundStefan1200.jpg","keywords":["MarKom","Marktforschung"],"articleSection":["MARKETING"],"inLanguage":"it-IT"},{"@type":"WebPage","@id":"https:\/\/www.organisator.ch\/marketing\/2026-03-27\/gfs-zuerich-mit-neuer-co-leitung\/","url":"https:\/\/www.organisator.ch\/marketing\/2026-03-27\/gfs-zuerich-mit-neuer-co-leitung\/","name":"Gfs-z\u00fcrich con la nuova co-gestione - Organizzatore","isPartOf":{"@id":"https:\/\/www.organisator.ch\/#website"},"primaryImageOfPage":{"@id":"https:\/\/www.organisator.ch\/marketing\/2026-03-27\/gfs-zuerich-mit-neuer-co-leitung\/#primaryimage"},"image":{"@id":"https:\/\/www.organisator.ch\/marketing\/2026-03-27\/gfs-zuerich-mit-neuer-co-leitung\/#primaryimage"},"thumbnailUrl":"https:\/\/www.markt-kom.com\/wp-content\/uploads\/2026\/03\/AndreaundStefan1200.jpg","datePublished":"2026-03-27T11:16:20+00:00","dateModified":"2026-03-27T12:31:12+00:00","description":"L'istituto di ricerca gfs-z\u00fcrich ha un nuovo proprietario: Stefan Keller e la dottoressa Andrea Umbricht assumono insieme la direzione.","breadcrumb":{"@id":"https:\/\/www.organisator.ch\/marketing\/2026-03-27\/gfs-zuerich-mit-neuer-co-leitung\/#breadcrumb"},"inLanguage":"it-IT","potentialAction":[{"@type":"ReadAction","target":["https:\/\/www.organisator.ch\/marketing\/2026-03-27\/gfs-zuerich-mit-neuer-co-leitung\/"]}]},{"@type":"ImageObject","inLanguage":"it-IT","@id":"https:\/\/www.organisator.ch\/marketing\/2026-03-27\/gfs-zuerich-mit-neuer-co-leitung\/#primaryimage","url":"https:\/\/www.markt-kom.com\/wp-content\/uploads\/2026\/03\/AndreaundStefan1200.jpg","contentUrl":"https:\/\/www.markt-kom.com\/wp-content\/uploads\/2026\/03\/AndreaundStefan1200.jpg"},{"@type":"BreadcrumbList","@id":"https:\/\/www.organisator.ch\/marketing\/2026-03-27\/gfs-zuerich-mit-neuer-co-leitung\/#breadcrumb","itemListElement":[{"@type":"ListItem","position":1,"name":"Home","item":"https:\/\/www.organisator.ch\/"},{"@type":"ListItem","position":2,"name":"Gfs-z\u00fcrich mit neuer Co-Leitung"}]},{"@type":"WebSite","@id":"https:\/\/www.organisator.ch\/#website","url":"https:\/\/www.organisator.ch\/","name":"Organizzatore","description":"Competente. Pratico. In 10 numeri all'anno, ORGANISATOR presenta i temi essenziali per i manager delle PMI.","publisher":{"@id":"https:\/\/www.organisator.ch\/#organization"},"potentialAction":[{"@type":"SearchAction","target":{"@type":"EntryPoint","urlTemplate":"https:\/\/www.organisator.ch\/?s={search_term_string}"},"query-input":{"@type":"PropertyValueSpecification","valueRequired":true,"valueName":"search_term_string"}}],"inLanguage":"it-IT"},{"@type":"Organization","@id":"https:\/\/www.organisator.ch\/#organization","name":"Organizzatore","url":"https:\/\/www.organisator.ch\/","logo":{"@type":"ImageObject","inLanguage":"it-IT","@id":"https:\/\/www.organisator.ch\/#\/schema\/logo\/image\/","url":"https:\/\/www.organisator.ch\/wp-content\/uploads\/2022\/01\/Logo_Organisator_Website.png","contentUrl":"https:\/\/www.organisator.ch\/wp-content\/uploads\/2022\/01\/Logo_Organisator_Website.png","width":800,"height":77,"caption":"Organisator"},"image":{"@id":"https:\/\/www.organisator.ch\/#\/schema\/logo\/image\/"},"sameAs":["https:\/\/www.facebook.com\/OrganisatorFachmagazin","https:\/\/www.linkedin.com\/showcase\/organisator-das-magazin-fr-kmu","https:\/\/www.xing.com\/news\/pages\/organisator-ch-695","https:\/\/www.youtube.com\/channel\/UCGP2Sq0iWaZwT3BdIAQFYpw"]},{"@type":"Person","@id":"https:\/\/www.organisator.ch\/#\/schema\/person\/a9d0e0eff238db87a8f840f3b50359f0","name":"n8n","image":{"@type":"ImageObject","inLanguage":"it-IT","@id":"https:\/\/secure.gravatar.com\/avatar\/5368fb9d03fd415a6f335cece4c15af2502d6ca8651efbd6e8f98427a9795400?s=96&d=mm&r=g","url":"https:\/\/secure.gravatar.com\/avatar\/5368fb9d03fd415a6f335cece4c15af2502d6ca8651efbd6e8f98427a9795400?s=96&d=mm&r=g","contentUrl":"https:\/\/secure.gravatar.com\/avatar\/5368fb9d03fd415a6f335cece4c15af2502d6ca8651efbd6e8f98427a9795400?s=96&d=mm&r=g","caption":"n8n"},"url":"https:\/\/www.organisator.ch\/it\/author\/n8n\/"}]}},"_links":{"self":[{"href":"https:\/\/www.organisator.ch\/it\/wp-json\/wp\/v2\/posts\/46711","targetHints":{"allow":["GET"]}}],"collection":[{"href":"https:\/\/www.organisator.ch\/it\/wp-json\/wp\/v2\/posts"}],"about":[{"href":"https:\/\/www.organisator.ch\/it\/wp-json\/wp\/v2\/types\/post"}],"author":[{"embeddable":true,"href":"https:\/\/www.organisator.ch\/it\/wp-json\/wp\/v2\/users\/107"}],"replies":[{"embeddable":true,"href":"https:\/\/www.organisator.ch\/it\/wp-json\/wp\/v2\/comments?post=46711"}],"version-history":[{"count":3,"href":"https:\/\/www.organisator.ch\/it\/wp-json\/wp\/v2\/posts\/46711\/revisions"}],"predecessor-version":[{"id":46719,"href":"https:\/\/www.organisator.ch\/it\/wp-json\/wp\/v2\/posts\/46711\/revisions\/46719"}],"wp:attachment":[{"href":"https:\/\/www.organisator.ch\/it\/wp-json\/wp\/v2\/media?parent=46711"}],"wp:term":[{"taxonomy":"category","embeddable":true,"href":"https:\/\/www.organisator.ch\/it\/wp-json\/wp\/v2\/categories?post=46711"},{"taxonomy":"post_tag","embeddable":true,"href":"https:\/\/www.organisator.ch\/it\/wp-json\/wp\/v2\/tags?post=46711"}],"curies":[{"name":"wp","href":"https:\/\/api.w.org\/{rel}","templated":true}]}}