{"id":46764,"date":"2026-03-30T16:41:41","date_gmt":"2026-03-30T14:41:41","guid":{"rendered":"https:\/\/www.organisator.ch\/de\/?p=46764"},"modified":"2026-03-30T16:41:41","modified_gmt":"2026-03-30T14:41:41","slug":"pizolbahnen-uebernehmen-hotel-furt-in-wangs","status":"publish","type":"post","link":"https:\/\/www.organisator.ch\/it\/management\/2026-03-30\/pizolbahnen-uebernehmen-hotel-furt-in-wangs\/","title":{"rendered":"Pizolbahnen rileva l'Hotel Furt a Wangs"},"content":{"rendered":"<figure id=\"attachment_46763\" aria-describedby=\"caption-attachment-46763\" style=\"width: 680px\" class=\"wp-caption alignnone\"><img loading=\"lazy\" decoding=\"async\" class=\"size-medium wp-image-46763\" src=\"https:\/\/www.organisator.ch\/wp-content\/uploads\/2026\/03\/Berghotel_Furt_Wangs_Pizol-680x486.jpg\" alt=\"Il Berghotel Furt sul Pizol \u00e8 una meta escursionistica molto apprezzata. Fonte: zvg\" width=\"680\" height=\"486\" srcset=\"https:\/\/www.organisator.ch\/wp-content\/uploads\/2026\/03\/Berghotel_Furt_Wangs_Pizol-680x486.jpg 680w, https:\/\/www.organisator.ch\/wp-content\/uploads\/2026\/03\/Berghotel_Furt_Wangs_Pizol-1024x731.jpg 1024w, https:\/\/www.organisator.ch\/wp-content\/uploads\/2026\/03\/Berghotel_Furt_Wangs_Pizol-768x549.jpg 768w, https:\/\/www.organisator.ch\/wp-content\/uploads\/2026\/03\/Berghotel_Furt_Wangs_Pizol-1536x1097.jpg 1536w, https:\/\/www.organisator.ch\/wp-content\/uploads\/2026\/03\/Berghotel_Furt_Wangs_Pizol-2048x1463.jpg 2048w, https:\/\/www.organisator.ch\/wp-content\/uploads\/2026\/03\/Berghotel_Furt_Wangs_Pizol-18x12.jpg 18w, https:\/\/www.organisator.ch\/wp-content\/uploads\/2026\/03\/Berghotel_Furt_Wangs_Pizol-375x268.jpg 375w, https:\/\/www.organisator.ch\/wp-content\/uploads\/2026\/03\/Berghotel_Furt_Wangs_Pizol-490x350.jpg 490w, https:\/\/www.organisator.ch\/wp-content\/uploads\/2026\/03\/Berghotel_Furt_Wangs_Pizol-1000x714.jpg 1000w, https:\/\/www.organisator.ch\/wp-content\/uploads\/2026\/03\/Berghotel_Furt_Wangs_Pizol-scaled.jpg 1400w\" sizes=\"auto, (max-width: 680px) 100vw, 680px\" \/><figcaption id=\"caption-attachment-46763\" class=\"wp-caption-text\">Il Berghotel Furt sul Pizol \u00e8 una meta escursionistica molto apprezzata. Fonte: zvg<\/figcaption><\/figure>\n<p>Dopo 37 anni, Artho Meli cede il Berghotel Furt sulla Furt a Wangs a nuove mani. Il proprietario e gestore andr\u00e0 in pensione alla fine della stagione invernale in corso. Dall'inizio della stagione estiva 2026, Pizolbahnen gestir\u00e0 l'Hotel Furt sotto la propria direzione, aggiungendo un'attraente struttura alla propria offerta di ristorazione.<\/p>\n<h3>Una casa con molta tradizione in una posizione privilegiata<\/h3>\n<p>L'hotel di montagna \u00e8 stato costruito nel 1961 e ha aperto le sue porte per la prima volta nel febbraio 1962. Nel corso degli anni, la famiglia Meli e successivamente Artho Meli si sono impegnati a fondo per rendere il \u00abFurt\u00bb il primo indirizzo della montagna.<\/p>\n<p>Oltre al ristorante con circa 100 posti a sedere, il \u00abFurt\u00bb dispone anche di una sala piccola e grande, di una terrazza con circa 150 posti a sedere, di un bar, di una pista da bowling e di 18 camere con un totale di 41 posti letto. Tre dormitori pi\u00f9 piccoli completano l'offerta di alloggio.<\/p>\n<h3>Sviluppo strategico<\/h3>\n<p>Il \u00abFurt\u00bb si inserisce perfettamente nella strategia di ristorazione delle Pizolbahnen e completa in modo ideale le strutture esistenti: Panoramarestaurant Edelweiss, Berggasthaus Zanuz, Gruppenhaus Pardiel, Pizolh\u00fctte e Berghotel Gaffia.<\/p>\n<figure id=\"attachment_46762\" aria-describedby=\"caption-attachment-46762\" style=\"width: 1400px\" class=\"wp-caption alignnone\"><img loading=\"lazy\" decoding=\"async\" class=\"size-full wp-image-46762\" src=\"https:\/\/www.organisator.ch\/wp-content\/uploads\/2026\/03\/Berghotel_Furt_Wangsl_Winterbetrieb-scaled.jpg\" alt=\"\" width=\"1400\" height=\"1000\" srcset=\"https:\/\/www.organisator.ch\/wp-content\/uploads\/2026\/03\/Berghotel_Furt_Wangsl_Winterbetrieb-scaled.jpg 1400w, https:\/\/www.organisator.ch\/wp-content\/uploads\/2026\/03\/Berghotel_Furt_Wangsl_Winterbetrieb-680x486.jpg 680w, https:\/\/www.organisator.ch\/wp-content\/uploads\/2026\/03\/Berghotel_Furt_Wangsl_Winterbetrieb-1024x731.jpg 1024w, https:\/\/www.organisator.ch\/wp-content\/uploads\/2026\/03\/Berghotel_Furt_Wangsl_Winterbetrieb-768x549.jpg 768w, https:\/\/www.organisator.ch\/wp-content\/uploads\/2026\/03\/Berghotel_Furt_Wangsl_Winterbetrieb-1536x1097.jpg 1536w, https:\/\/www.organisator.ch\/wp-content\/uploads\/2026\/03\/Berghotel_Furt_Wangsl_Winterbetrieb-2048x1463.jpg 2048w, https:\/\/www.organisator.ch\/wp-content\/uploads\/2026\/03\/Berghotel_Furt_Wangsl_Winterbetrieb-18x12.jpg 18w, https:\/\/www.organisator.ch\/wp-content\/uploads\/2026\/03\/Berghotel_Furt_Wangsl_Winterbetrieb-375x268.jpg 375w, https:\/\/www.organisator.ch\/wp-content\/uploads\/2026\/03\/Berghotel_Furt_Wangsl_Winterbetrieb-490x350.jpg 490w, https:\/\/www.organisator.ch\/wp-content\/uploads\/2026\/03\/Berghotel_Furt_Wangsl_Winterbetrieb-1000x714.jpg 1000w\" sizes=\"auto, (max-width: 1400px) 100vw, 1400px\" \/><figcaption id=\"caption-attachment-46762\" class=\"wp-caption-text\">Il Berghotel Furt inizia con successo l'attivit\u00e0 invernale. Fonte: zvg<\/figcaption><\/figure>\n<p>Christian Kubli, CEO di Pizolbahnen, spiega: \u00abDa un lato, Pizolbahnen non \u00e8 stato rappresentato sul guado fino ad ora, dall'altro, questo apre opzioni completamente nuove per lo sviluppo dell'offerta. La posizione unica e la buona accessibilit\u00e0 ci offriranno l'opportunit\u00e0 di sviluppare ulteriormente Pizol e di garantire i necessari letti caldi e un'ampia gamma di opzioni di ristorazione.\u00bb<\/p>\n<p>Pizol Gastro und Sport, una societ\u00e0 interamente controllata da Pizolbahnen, ha firmato un contratto di affitto a lungo termine per la struttura a partire dalla stagione estiva 2026.<\/p>\n<h3>Grazie ad Artho Meli<\/h3>\n<p>Il Berghotel Furt non \u00e8 un semplice albergo, ma una vera e propria istituzione che ha svolto un ruolo fondamentale nello sviluppo del Pizol. Innumerevoli incontri, amicizie e ore piacevoli - e naturalmente le leggendarie Cr\u00e8meschnitte di Artho - saranno ricordati con affetto da tutti gli ospiti e i partner.<\/p>\n<p>\u00abLe orme lasciate da Artho sono altrettanto grandi\u00bb, aggiunge Markus Oppliger, Presidente del Consiglio di Amministrazione di Pizolbahnen. Le Pizolbahnen ringraziano Artho Meli per il grande tempo trascorso insieme e gli augurano ogni bene per il suo \u00abpensionamento\u00bb.<\/p>\n<p>Per Artho Meli, \u00abPizolbahnen \u00e8 strategicamente il successore ideale per la continuazione dell'hotel di montagna e sono lieto di poter affidare a Pizolbahnen la responsabilit\u00e0 di questa meravigliosa struttura\u00bb.<\/p>\n<p><a href=\"https:\/\/www.pizol.com\" target=\"_blank\" rel=\"noopener\">www.pizol.com<\/a><\/p>","protected":false},"excerpt":{"rendered":"<p>Dopo 37 anni, Artho Meli si ritira da proprietario del Berghotel Furt. A partire dalla stagione estiva 2026, Pizolbahnen rilever\u00e0 l'attivit\u00e0 tradizionale sotto la propria gestione. L'ampliamento strategico dell'offerta di ristorazione apre nuove possibilit\u00e0 di sviluppo dell'offerta sul Pizol.<\/p>","protected":false},"author":107,"featured_media":46763,"comment_status":"closed","ping_status":"closed","sticky":false,"template":"","format":"standard","meta":{"_acf_changed":false,"_yoast_wpseo_focuskw":"Pizolbahnen","_yoast_wpseo_metadesc":"Die Pizolbahnen \u00fcbernehmen ab Sommer 2026 das Berghotel Furt in Wangs. Artho Meli \u00fcbergibt nach 37 Jahren den Traditionsbetrieb.","articlekey":"","footnotes":""},"categories":[28],"tags":[5933,3410,252,334,492],"class_list":["post-46764","post","type-post","status-publish","format-standard","has-post-thumbnail","hentry","category-management","tag-bergbahnen","tag-gastronomie","tag-hotellerie","tag-management","tag-unternehmen"],"acf":[],"yoast_head":"<!-- This site is optimized with the Yoast SEO plugin v27.5 - https:\/\/yoast.com\/product\/yoast-seo-wordpress\/ -->\n<title>Pizolbahnen \u00fcbernehmen Hotel Furt in Wangs - Organisator<\/title>\n<meta name=\"description\" content=\"Die Pizolbahnen \u00fcbernehmen ab Sommer 2026 das Berghotel Furt in Wangs. Artho Meli \u00fcbergibt nach 37 Jahren den Traditionsbetrieb.\" \/>\n<meta name=\"robots\" content=\"index, follow, max-snippet:-1, max-image-preview:large, max-video-preview:-1\" \/>\n<link rel=\"canonical\" href=\"https:\/\/www.organisator.ch\/it\/gestione-2\/2026-03-30\/pizolbahnen-uebernehmen-hotel-furt-in-wangs\/\" \/>\n<meta property=\"og:locale\" content=\"it_IT\" \/>\n<meta property=\"og:type\" content=\"article\" \/>\n<meta property=\"og:title\" content=\"Pizolbahnen \u00fcbernehmen Hotel Furt in Wangs\" \/>\n<meta property=\"og:description\" content=\"Die Pizolbahnen \u00fcbernehmen ab Sommer 2026 das Berghotel Furt in Wangs. Artho Meli \u00fcbergibt nach 37 Jahren den Traditionsbetrieb.\" \/>\n<meta property=\"og:url\" content=\"https:\/\/www.organisator.ch\/it\/gestione-2\/2026-03-30\/pizolbahnen-uebernehmen-hotel-furt-in-wangs\/\" \/>\n<meta property=\"og:site_name\" content=\"Organisator\" \/>\n<meta property=\"article:publisher\" content=\"https:\/\/www.facebook.com\/OrganisatorFachmagazin\" \/>\n<meta property=\"article:published_time\" content=\"2026-03-30T14:41:41+00:00\" \/>\n<meta property=\"og:image\" content=\"https:\/\/www.organisator.ch\/wp-content\/uploads\/2026\/03\/Berghotel_Furt_Wangs_Pizol-scaled.jpg\" \/>\n\t<meta property=\"og:image:width\" content=\"1400\" \/>\n\t<meta property=\"og:image:height\" content=\"1000\" \/>\n\t<meta property=\"og:image:type\" content=\"image\/jpeg\" \/>\n<meta name=\"author\" content=\"n8n\" \/>\n<meta name=\"twitter:card\" content=\"summary_large_image\" \/>\n<meta name=\"twitter:title\" content=\"#Pizolbahnen \u00fcbernehmen Hotel #Furt in #Wangs\" \/>\n<meta name=\"twitter:description\" content=\"Die #Pizolbahnen \u00fcbernehmen ab Sommer 2026 das Berghotel Furt in \u00b0Wangs. Artho Meli \u00fcbergibt nach 37 Jahren den Traditionsbetrieb.\" \/>\n<meta name=\"twitter:image\" content=\"https:\/\/www.organisator.ch\/wp-content\/uploads\/2026\/03\/Berghotel_Furt_Wangs_Pizol-scaled.jpg\" \/>\n<script type=\"application\/ld+json\" class=\"yoast-schema-graph\">{\"@context\":\"https:\\\/\\\/schema.org\",\"@graph\":[{\"@type\":\"Article\",\"@id\":\"https:\\\/\\\/www.organisator.ch\\\/management\\\/2026-03-30\\\/pizolbahnen-uebernehmen-hotel-furt-in-wangs\\\/#article\",\"isPartOf\":{\"@id\":\"https:\\\/\\\/www.organisator.ch\\\/management\\\/2026-03-30\\\/pizolbahnen-uebernehmen-hotel-furt-in-wangs\\\/\"},\"author\":{\"name\":\"n8n\",\"@id\":\"https:\\\/\\\/www.organisator.ch\\\/#\\\/schema\\\/person\\\/a9d0e0eff238db87a8f840f3b50359f0\"},\"headline\":\"Pizolbahnen \u00fcbernehmen Hotel Furt in Wangs\",\"datePublished\":\"2026-03-30T14:41:41+00:00\",\"mainEntityOfPage\":{\"@id\":\"https:\\\/\\\/www.organisator.ch\\\/management\\\/2026-03-30\\\/pizolbahnen-uebernehmen-hotel-furt-in-wangs\\\/\"},\"wordCount\":423,\"publisher\":{\"@id\":\"https:\\\/\\\/www.organisator.ch\\\/#organization\"},\"image\":{\"@id\":\"https:\\\/\\\/www.organisator.ch\\\/management\\\/2026-03-30\\\/pizolbahnen-uebernehmen-hotel-furt-in-wangs\\\/#primaryimage\"},\"thumbnailUrl\":\"https:\\\/\\\/www.organisator.ch\\\/wp-content\\\/uploads\\\/2026\\\/03\\\/Berghotel_Furt_Wangs_Pizol-scaled.jpg\",\"keywords\":[\"Bergbahnen\",\"Gastronomie\",\"Hotellerie\",\"Management\",\"Unternehmen\"],\"articleSection\":[\"MANAGEMENT\"],\"inLanguage\":\"it-IT\"},{\"@type\":\"WebPage\",\"@id\":\"https:\\\/\\\/www.organisator.ch\\\/management\\\/2026-03-30\\\/pizolbahnen-uebernehmen-hotel-furt-in-wangs\\\/\",\"url\":\"https:\\\/\\\/www.organisator.ch\\\/management\\\/2026-03-30\\\/pizolbahnen-uebernehmen-hotel-furt-in-wangs\\\/\",\"name\":\"Pizolbahnen \u00fcbernehmen Hotel Furt in Wangs - Organisator\",\"isPartOf\":{\"@id\":\"https:\\\/\\\/www.organisator.ch\\\/#website\"},\"primaryImageOfPage\":{\"@id\":\"https:\\\/\\\/www.organisator.ch\\\/management\\\/2026-03-30\\\/pizolbahnen-uebernehmen-hotel-furt-in-wangs\\\/#primaryimage\"},\"image\":{\"@id\":\"https:\\\/\\\/www.organisator.ch\\\/management\\\/2026-03-30\\\/pizolbahnen-uebernehmen-hotel-furt-in-wangs\\\/#primaryimage\"},\"thumbnailUrl\":\"https:\\\/\\\/www.organisator.ch\\\/wp-content\\\/uploads\\\/2026\\\/03\\\/Berghotel_Furt_Wangs_Pizol-scaled.jpg\",\"datePublished\":\"2026-03-30T14:41:41+00:00\",\"description\":\"Die Pizolbahnen \u00fcbernehmen ab Sommer 2026 das Berghotel Furt in Wangs. Artho Meli \u00fcbergibt nach 37 Jahren den Traditionsbetrieb.\",\"breadcrumb\":{\"@id\":\"https:\\\/\\\/www.organisator.ch\\\/management\\\/2026-03-30\\\/pizolbahnen-uebernehmen-hotel-furt-in-wangs\\\/#breadcrumb\"},\"inLanguage\":\"it-IT\",\"potentialAction\":[{\"@type\":\"ReadAction\",\"target\":[\"https:\\\/\\\/www.organisator.ch\\\/management\\\/2026-03-30\\\/pizolbahnen-uebernehmen-hotel-furt-in-wangs\\\/\"]}]},{\"@type\":\"ImageObject\",\"inLanguage\":\"it-IT\",\"@id\":\"https:\\\/\\\/www.organisator.ch\\\/management\\\/2026-03-30\\\/pizolbahnen-uebernehmen-hotel-furt-in-wangs\\\/#primaryimage\",\"url\":\"https:\\\/\\\/www.organisator.ch\\\/wp-content\\\/uploads\\\/2026\\\/03\\\/Berghotel_Furt_Wangs_Pizol-scaled.jpg\",\"contentUrl\":\"https:\\\/\\\/www.organisator.ch\\\/wp-content\\\/uploads\\\/2026\\\/03\\\/Berghotel_Furt_Wangs_Pizol-scaled.jpg\",\"width\":1400,\"height\":1000,\"caption\":\"Berghotel Furt am Pizol ist beliebtes Ausflugsziel. Quelle: zvg\"},{\"@type\":\"BreadcrumbList\",\"@id\":\"https:\\\/\\\/www.organisator.ch\\\/management\\\/2026-03-30\\\/pizolbahnen-uebernehmen-hotel-furt-in-wangs\\\/#breadcrumb\",\"itemListElement\":[{\"@type\":\"ListItem\",\"position\":1,\"name\":\"Home\",\"item\":\"https:\\\/\\\/www.organisator.ch\\\/\"},{\"@type\":\"ListItem\",\"position\":2,\"name\":\"Pizolbahnen \u00fcbernehmen Hotel Furt in Wangs\"}]},{\"@type\":\"WebSite\",\"@id\":\"https:\\\/\\\/www.organisator.ch\\\/#website\",\"url\":\"https:\\\/\\\/www.organisator.ch\\\/\",\"name\":\"Organisator\",\"description\":\"Kompetent. Praxisnah. Der ORGANISATOR bereitet in 10 Ausgaben pro Jahr die wesentlichen Themen f\u00fcr F\u00fchrungskr\u00e4fte von KMU auf.\",\"publisher\":{\"@id\":\"https:\\\/\\\/www.organisator.ch\\\/#organization\"},\"potentialAction\":[{\"@type\":\"SearchAction\",\"target\":{\"@type\":\"EntryPoint\",\"urlTemplate\":\"https:\\\/\\\/www.organisator.ch\\\/?s={search_term_string}\"},\"query-input\":{\"@type\":\"PropertyValueSpecification\",\"valueRequired\":true,\"valueName\":\"search_term_string\"}}],\"inLanguage\":\"it-IT\"},{\"@type\":\"Organization\",\"@id\":\"https:\\\/\\\/www.organisator.ch\\\/#organization\",\"name\":\"Organisator\",\"url\":\"https:\\\/\\\/www.organisator.ch\\\/\",\"logo\":{\"@type\":\"ImageObject\",\"inLanguage\":\"it-IT\",\"@id\":\"https:\\\/\\\/www.organisator.ch\\\/#\\\/schema\\\/logo\\\/image\\\/\",\"url\":\"https:\\\/\\\/www.organisator.ch\\\/wp-content\\\/uploads\\\/2022\\\/01\\\/Logo_Organisator_Website.png\",\"contentUrl\":\"https:\\\/\\\/www.organisator.ch\\\/wp-content\\\/uploads\\\/2022\\\/01\\\/Logo_Organisator_Website.png\",\"width\":800,\"height\":77,\"caption\":\"Organisator\"},\"image\":{\"@id\":\"https:\\\/\\\/www.organisator.ch\\\/#\\\/schema\\\/logo\\\/image\\\/\"},\"sameAs\":[\"https:\\\/\\\/www.facebook.com\\\/OrganisatorFachmagazin\",\"https:\\\/\\\/www.linkedin.com\\\/showcase\\\/organisator-das-magazin-fr-kmu\",\"https:\\\/\\\/www.xing.com\\\/news\\\/pages\\\/organisator-ch-695\",\"https:\\\/\\\/www.youtube.com\\\/channel\\\/UCGP2Sq0iWaZwT3BdIAQFYpw\"]},{\"@type\":\"Person\",\"@id\":\"https:\\\/\\\/www.organisator.ch\\\/#\\\/schema\\\/person\\\/a9d0e0eff238db87a8f840f3b50359f0\",\"name\":\"n8n\",\"image\":{\"@type\":\"ImageObject\",\"inLanguage\":\"it-IT\",\"@id\":\"https:\\\/\\\/secure.gravatar.com\\\/avatar\\\/5368fb9d03fd415a6f335cece4c15af2502d6ca8651efbd6e8f98427a9795400?s=96&d=mm&r=g\",\"url\":\"https:\\\/\\\/secure.gravatar.com\\\/avatar\\\/5368fb9d03fd415a6f335cece4c15af2502d6ca8651efbd6e8f98427a9795400?s=96&d=mm&r=g\",\"contentUrl\":\"https:\\\/\\\/secure.gravatar.com\\\/avatar\\\/5368fb9d03fd415a6f335cece4c15af2502d6ca8651efbd6e8f98427a9795400?s=96&d=mm&r=g\",\"caption\":\"n8n\"},\"url\":\"https:\\\/\\\/www.organisator.ch\\\/it\\\/author\\\/n8n\\\/\"}]}<\/script>\n<!-- \/ Yoast SEO plugin. -->","yoast_head_json":{"title":"Le Pizolbahnen rilevano l'Hotel Furt a Wangs - Organizzatore","description":"Pizolbahnen rilever\u00e0 il Berghotel Furt di Wangs a partire dall'estate 2026. Artho Meli cede l'attivit\u00e0 tradizionale dopo 37 anni.","robots":{"index":"index","follow":"follow","max-snippet":"max-snippet:-1","max-image-preview":"max-image-preview:large","max-video-preview":"max-video-preview:-1"},"canonical":"https:\/\/www.organisator.ch\/it\/gestione-2\/2026-03-30\/pizolbahnen-uebernehmen-hotel-furt-in-wangs\/","og_locale":"it_IT","og_type":"article","og_title":"Pizolbahnen \u00fcbernehmen Hotel Furt in Wangs","og_description":"Die Pizolbahnen \u00fcbernehmen ab Sommer 2026 das Berghotel Furt in Wangs. Artho Meli \u00fcbergibt nach 37 Jahren den Traditionsbetrieb.","og_url":"https:\/\/www.organisator.ch\/it\/gestione-2\/2026-03-30\/pizolbahnen-uebernehmen-hotel-furt-in-wangs\/","og_site_name":"Organisator","article_publisher":"https:\/\/www.facebook.com\/OrganisatorFachmagazin","article_published_time":"2026-03-30T14:41:41+00:00","og_image":[{"width":1400,"height":1000,"url":"https:\/\/www.organisator.ch\/wp-content\/uploads\/2026\/03\/Berghotel_Furt_Wangs_Pizol-scaled.jpg","type":"image\/jpeg"}],"author":"n8n","twitter_card":"summary_large_image","twitter_title":"#Pizolbahnen \u00fcbernehmen Hotel #Furt in #Wangs","twitter_description":"Die #Pizolbahnen \u00fcbernehmen ab Sommer 2026 das Berghotel Furt in \u00b0Wangs. Artho Meli \u00fcbergibt nach 37 Jahren den Traditionsbetrieb.","twitter_image":"https:\/\/www.organisator.ch\/wp-content\/uploads\/2026\/03\/Berghotel_Furt_Wangs_Pizol-scaled.jpg","schema":{"@context":"https:\/\/schema.org","@graph":[{"@type":"Article","@id":"https:\/\/www.organisator.ch\/management\/2026-03-30\/pizolbahnen-uebernehmen-hotel-furt-in-wangs\/#article","isPartOf":{"@id":"https:\/\/www.organisator.ch\/management\/2026-03-30\/pizolbahnen-uebernehmen-hotel-furt-in-wangs\/"},"author":{"name":"n8n","@id":"https:\/\/www.organisator.ch\/#\/schema\/person\/a9d0e0eff238db87a8f840f3b50359f0"},"headline":"Pizolbahnen \u00fcbernehmen Hotel Furt in Wangs","datePublished":"2026-03-30T14:41:41+00:00","mainEntityOfPage":{"@id":"https:\/\/www.organisator.ch\/management\/2026-03-30\/pizolbahnen-uebernehmen-hotel-furt-in-wangs\/"},"wordCount":423,"publisher":{"@id":"https:\/\/www.organisator.ch\/#organization"},"image":{"@id":"https:\/\/www.organisator.ch\/management\/2026-03-30\/pizolbahnen-uebernehmen-hotel-furt-in-wangs\/#primaryimage"},"thumbnailUrl":"https:\/\/www.organisator.ch\/wp-content\/uploads\/2026\/03\/Berghotel_Furt_Wangs_Pizol-scaled.jpg","keywords":["Bergbahnen","Gastronomie","Hotellerie","Management","Unternehmen"],"articleSection":["MANAGEMENT"],"inLanguage":"it-IT"},{"@type":"WebPage","@id":"https:\/\/www.organisator.ch\/management\/2026-03-30\/pizolbahnen-uebernehmen-hotel-furt-in-wangs\/","url":"https:\/\/www.organisator.ch\/management\/2026-03-30\/pizolbahnen-uebernehmen-hotel-furt-in-wangs\/","name":"Le Pizolbahnen rilevano l'Hotel Furt a Wangs - Organizzatore","isPartOf":{"@id":"https:\/\/www.organisator.ch\/#website"},"primaryImageOfPage":{"@id":"https:\/\/www.organisator.ch\/management\/2026-03-30\/pizolbahnen-uebernehmen-hotel-furt-in-wangs\/#primaryimage"},"image":{"@id":"https:\/\/www.organisator.ch\/management\/2026-03-30\/pizolbahnen-uebernehmen-hotel-furt-in-wangs\/#primaryimage"},"thumbnailUrl":"https:\/\/www.organisator.ch\/wp-content\/uploads\/2026\/03\/Berghotel_Furt_Wangs_Pizol-scaled.jpg","datePublished":"2026-03-30T14:41:41+00:00","description":"Pizolbahnen rilever\u00e0 il Berghotel Furt di Wangs a partire dall'estate 2026. Artho Meli cede l'attivit\u00e0 tradizionale dopo 37 anni.","breadcrumb":{"@id":"https:\/\/www.organisator.ch\/management\/2026-03-30\/pizolbahnen-uebernehmen-hotel-furt-in-wangs\/#breadcrumb"},"inLanguage":"it-IT","potentialAction":[{"@type":"ReadAction","target":["https:\/\/www.organisator.ch\/management\/2026-03-30\/pizolbahnen-uebernehmen-hotel-furt-in-wangs\/"]}]},{"@type":"ImageObject","inLanguage":"it-IT","@id":"https:\/\/www.organisator.ch\/management\/2026-03-30\/pizolbahnen-uebernehmen-hotel-furt-in-wangs\/#primaryimage","url":"https:\/\/www.organisator.ch\/wp-content\/uploads\/2026\/03\/Berghotel_Furt_Wangs_Pizol-scaled.jpg","contentUrl":"https:\/\/www.organisator.ch\/wp-content\/uploads\/2026\/03\/Berghotel_Furt_Wangs_Pizol-scaled.jpg","width":1400,"height":1000,"caption":"Berghotel Furt am Pizol ist beliebtes Ausflugsziel. Quelle: zvg"},{"@type":"BreadcrumbList","@id":"https:\/\/www.organisator.ch\/management\/2026-03-30\/pizolbahnen-uebernehmen-hotel-furt-in-wangs\/#breadcrumb","itemListElement":[{"@type":"ListItem","position":1,"name":"Home","item":"https:\/\/www.organisator.ch\/"},{"@type":"ListItem","position":2,"name":"Pizolbahnen \u00fcbernehmen Hotel Furt in Wangs"}]},{"@type":"WebSite","@id":"https:\/\/www.organisator.ch\/#website","url":"https:\/\/www.organisator.ch\/","name":"Organizzatore","description":"Competente. Pratico. In 10 numeri all'anno, ORGANISATOR presenta i temi essenziali per i manager delle PMI.","publisher":{"@id":"https:\/\/www.organisator.ch\/#organization"},"potentialAction":[{"@type":"SearchAction","target":{"@type":"EntryPoint","urlTemplate":"https:\/\/www.organisator.ch\/?s={search_term_string}"},"query-input":{"@type":"PropertyValueSpecification","valueRequired":true,"valueName":"search_term_string"}}],"inLanguage":"it-IT"},{"@type":"Organization","@id":"https:\/\/www.organisator.ch\/#organization","name":"Organizzatore","url":"https:\/\/www.organisator.ch\/","logo":{"@type":"ImageObject","inLanguage":"it-IT","@id":"https:\/\/www.organisator.ch\/#\/schema\/logo\/image\/","url":"https:\/\/www.organisator.ch\/wp-content\/uploads\/2022\/01\/Logo_Organisator_Website.png","contentUrl":"https:\/\/www.organisator.ch\/wp-content\/uploads\/2022\/01\/Logo_Organisator_Website.png","width":800,"height":77,"caption":"Organisator"},"image":{"@id":"https:\/\/www.organisator.ch\/#\/schema\/logo\/image\/"},"sameAs":["https:\/\/www.facebook.com\/OrganisatorFachmagazin","https:\/\/www.linkedin.com\/showcase\/organisator-das-magazin-fr-kmu","https:\/\/www.xing.com\/news\/pages\/organisator-ch-695","https:\/\/www.youtube.com\/channel\/UCGP2Sq0iWaZwT3BdIAQFYpw"]},{"@type":"Person","@id":"https:\/\/www.organisator.ch\/#\/schema\/person\/a9d0e0eff238db87a8f840f3b50359f0","name":"n8n","image":{"@type":"ImageObject","inLanguage":"it-IT","@id":"https:\/\/secure.gravatar.com\/avatar\/5368fb9d03fd415a6f335cece4c15af2502d6ca8651efbd6e8f98427a9795400?s=96&d=mm&r=g","url":"https:\/\/secure.gravatar.com\/avatar\/5368fb9d03fd415a6f335cece4c15af2502d6ca8651efbd6e8f98427a9795400?s=96&d=mm&r=g","contentUrl":"https:\/\/secure.gravatar.com\/avatar\/5368fb9d03fd415a6f335cece4c15af2502d6ca8651efbd6e8f98427a9795400?s=96&d=mm&r=g","caption":"n8n"},"url":"https:\/\/www.organisator.ch\/it\/author\/n8n\/"}]}},"_links":{"self":[{"href":"https:\/\/www.organisator.ch\/it\/wp-json\/wp\/v2\/posts\/46764","targetHints":{"allow":["GET"]}}],"collection":[{"href":"https:\/\/www.organisator.ch\/it\/wp-json\/wp\/v2\/posts"}],"about":[{"href":"https:\/\/www.organisator.ch\/it\/wp-json\/wp\/v2\/types\/post"}],"author":[{"embeddable":true,"href":"https:\/\/www.organisator.ch\/it\/wp-json\/wp\/v2\/users\/107"}],"replies":[{"embeddable":true,"href":"https:\/\/www.organisator.ch\/it\/wp-json\/wp\/v2\/comments?post=46764"}],"version-history":[{"count":5,"href":"https:\/\/www.organisator.ch\/it\/wp-json\/wp\/v2\/posts\/46764\/revisions"}],"predecessor-version":[{"id":46885,"href":"https:\/\/www.organisator.ch\/it\/wp-json\/wp\/v2\/posts\/46764\/revisions\/46885"}],"wp:featuredmedia":[{"embeddable":true,"href":"https:\/\/www.organisator.ch\/it\/wp-json\/wp\/v2\/media\/46763"}],"wp:attachment":[{"href":"https:\/\/www.organisator.ch\/it\/wp-json\/wp\/v2\/media?parent=46764"}],"wp:term":[{"taxonomy":"category","embeddable":true,"href":"https:\/\/www.organisator.ch\/it\/wp-json\/wp\/v2\/categories?post=46764"},{"taxonomy":"post_tag","embeddable":true,"href":"https:\/\/www.organisator.ch\/it\/wp-json\/wp\/v2\/tags?post=46764"}],"curies":[{"name":"wp","href":"https:\/\/api.w.org\/{rel}","templated":true}]}}