{"id":46808,"date":"2026-03-31T13:25:18","date_gmt":"2026-03-31T11:25:18","guid":{"rendered":"https:\/\/www.organisator.ch\/de\/?p=46808"},"modified":"2026-03-31T13:25:18","modified_gmt":"2026-03-31T11:25:18","slug":"selim-akyol-uebernimmt-molinoteq-vollstaendig","status":"publish","type":"post","link":"https:\/\/www.organisator.ch\/it\/management\/2026-03-31\/selim-akyol-uebernimmt-molinoteq-vollstaendig\/","title":{"rendered":"Selim Akyol assume il controllo completo di Molinoteq"},"content":{"rendered":"<figure id=\"attachment_46851\" aria-describedby=\"caption-attachment-46851\" style=\"width: 680px\" class=\"wp-caption alignnone\"><img loading=\"lazy\" decoding=\"async\" class=\"size-full wp-image-46851\" src=\"https:\/\/www.organisator.ch\/wp-content\/uploads\/2026\/03\/Selim-Akyol-uebernimmt-Molinoteq-vollstaendig-1_Organisator.jpg\" alt=\"\" width=\"680\" height=\"450\" srcset=\"https:\/\/www.organisator.ch\/wp-content\/uploads\/2026\/03\/Selim-Akyol-uebernimmt-Molinoteq-vollstaendig-1_Organisator.jpg 680w, https:\/\/www.organisator.ch\/wp-content\/uploads\/2026\/03\/Selim-Akyol-uebernimmt-Molinoteq-vollstaendig-1_Organisator-18x12.jpg 18w, https:\/\/www.organisator.ch\/wp-content\/uploads\/2026\/03\/Selim-Akyol-uebernimmt-Molinoteq-vollstaendig-1_Organisator-375x248.jpg 375w, https:\/\/www.organisator.ch\/wp-content\/uploads\/2026\/03\/Selim-Akyol-uebernimmt-Molinoteq-vollstaendig-1_Organisator-529x350.jpg 529w\" sizes=\"auto, (max-width: 680px) 100vw, 680px\" \/><figcaption id=\"caption-attachment-46851\" class=\"wp-caption-text\">Selim Akyol \u00e8 il nuovo proprietario di Molinoteq. (Immagine: zVg \/ Molinoteq)<\/figcaption><\/figure>\n<p>Molinoteq, fornitore di servizi completi specializzato nella trasformazione digitale dei processi di marketing e di business, si avvia verso un futuro da proprietario con un'operazione di management buy-out. Nell'ambito del piano di successione, Selim Akyol, amministratore delegato operativo e cofondatore dell'azienda, rileva completamente la societ\u00e0 dal precedente investitore Andreas Kn\u00f6pfli.<\/p>\n<p>Selim Akyol \u00e8 stato la forza trainante dello sviluppo di Molinoteq da fornitore di servizi specializzati a pioniere del marketing digitale e delle soluzioni AI. Con un team di 22 dipendenti e oltre 200 clienti, l'azienda ha gi\u00e0 realizzato con successo pi\u00f9 di 450 progetti nella regione DACH e in Serbia. Con il cambio di propriet\u00e0, Akyol assume ora la piena responsabilit\u00e0 strategica, finanziaria e operativa.<\/p>\n<h3>Azienda sana e in rapida crescita<\/h3>\n<p>Andreas Kn\u00f6pfli, che ha fondato l'azienda e ne \u00e8 stato investitore fin dall'inizio, consegna un'azienda sana e in rapida crescita: \u00abMolinoteq \u00e8 il risultato del lavoro visionario di Selim Akyol. In qualit\u00e0 di investitore, era importante per me fornire il contesto per questo sviluppo. Ora \u00e8 giunto il momento di consegnare l'azienda completamente nelle mani dell'uomo che vive Molinoteq ogni giorno\u00bb.\u00bb<\/p>\n<figure id=\"attachment_46852\" aria-describedby=\"caption-attachment-46852\" style=\"width: 680px\" class=\"wp-caption alignnone\"><img loading=\"lazy\" decoding=\"async\" class=\"size-full wp-image-46852\" src=\"https:\/\/www.organisator.ch\/wp-content\/uploads\/2026\/03\/Selim-Akyol-uebernimmt-Molinoteq-vollstaendig-2_Organisator.jpg\" alt=\"\" width=\"680\" height=\"454\" srcset=\"https:\/\/www.organisator.ch\/wp-content\/uploads\/2026\/03\/Selim-Akyol-uebernimmt-Molinoteq-vollstaendig-2_Organisator.jpg 680w, https:\/\/www.organisator.ch\/wp-content\/uploads\/2026\/03\/Selim-Akyol-uebernimmt-Molinoteq-vollstaendig-2_Organisator-18x12.jpg 18w, https:\/\/www.organisator.ch\/wp-content\/uploads\/2026\/03\/Selim-Akyol-uebernimmt-Molinoteq-vollstaendig-2_Organisator-375x250.jpg 375w, https:\/\/www.organisator.ch\/wp-content\/uploads\/2026\/03\/Selim-Akyol-uebernimmt-Molinoteq-vollstaendig-2_Organisator-524x350.jpg 524w\" sizes=\"auto, (max-width: 680px) 100vw, 680px\" \/><figcaption id=\"caption-attachment-46852\" class=\"wp-caption-text\">Andreas Kn\u00f6pfli, fondatore di Molinoteq. (Immagine: zVg \/ Molinoteq)<\/figcaption><\/figure>\n<p>Per Selim Akyol, la cui esperienza nell'ingegneria del software e nel performance marketing costituisce le fondamenta dell'azienda, l'acquisizione da parte del management segna l'inizio della prossima fase di crescita: \u00abMolinoteq \u00e8 stato un progetto che mi sta a cuore fin dal primo giorno. Ora vogliamo espandere in modo coerente il nostro ruolo pionieristico nell'orchestrazione di soluzioni AI\u00bb.\u00bb<\/p>\n<p>Nulla cambier\u00e0 dal punto di vista operativo per gli oltre 200 clienti e dipendenti. La struttura a gestione proprietaria garantir\u00e0 la continuit\u00e0, rafforzando al tempo stesso l'innovazione in aree fondamentali come il Centro di comando marketing.<\/p>\n<h3>Voci dal mercato<\/h3>\n<p>\u00abMolinoteq si \u00e8 affermata come partner assolutamente competente e affidabile per i nostri ecosistemi di formazione. Selim Akyol combina competenze tecnologiche di alto livello con il marketing digitale, portandolo a un livello superiore. Con lui alla guida strategica, sono convinto che Molinoteq stia compiendo un importante passo avanti per essere equipaggiata al meglio per il futuro. Non vedo l'ora di continuare la nostra collaborazione\u00bb, spiega Evelyn Leu, fondatrice di Lifturskill.<\/p>\n<p>\u00abMolinoteq \u00e8 stato un pilastro centrale e un partner indispensabile e affidabile nella trasformazione digitale di Thommen Watches, fondata nel 1853, negli ultimi cinque anni\u00bb, afferma il comproprietario e CEO Andreas Thommen.<\/p>\n<p>\u00abGolf Meggen \u00e8 sinonimo di tradizione e qualit\u00e0, e avevamo bisogno di un partner in grado di tradurre tutto questo nel mondo digitale. Molinoteq ci ha colpito per la sua forza innovativa e la sua affidabilit\u00e0. Selim Akyol e il suo team sono una fonte di ispirazione indispensabile per le nostre campagne di marketing digitale\u00bb, afferma Beat Schuler, amministratore delegato di Golf Meggen.<\/p>\n<p>Molinoteq, fondata nel 2020 e con sede a Wangen-Br\u00fcttisellen, \u00e8 specializzata nella trasformazione digitale dei processi di marketing e aziendali. La sua competenza principale \u00e8 l'orchestrazione mirata di tecnologie AI all'avanguardia nelle aree dell'ingegneria web e del marketing digitale, tenendo conto del contesto specifico del cliente.<\/p>\n<p><a href=\"https:\/\/www.molinoteq.ch\" target=\"_blank\" rel=\"noopener\">www.molinoteq.ch<\/a><\/p>","protected":false},"excerpt":{"rendered":"<p>Molinoteq, fornitore di servizi completi specializzato nella trasformazione digitale, sta completando un'operazione di management buy-out. Selim Akyol, amministratore delegato operativo e cofondatore, rileva completamente l'azienda dal precedente investitore Andreas Kn\u00f6pfli. Con 22 dipendenti e oltre 200 clienti, Molinoteq ha gi\u00e0 realizzato pi\u00f9 di 450 progetti nella regione DACH e in Serbia.<\/p>","protected":false},"author":107,"featured_media":46806,"comment_status":"closed","ping_status":"closed","sticky":false,"template":"","format":"standard","meta":{"_acf_changed":false,"_yoast_wpseo_focuskw":"Management-Buy-Out Molinoteq","_yoast_wpseo_metadesc":"Selim Akyol \u00fcbernimmt Molinoteq vollst\u00e4ndig. Der Mitbegr\u00fcnder f\u00fchrt das auf digitale Transformation spezialisierte Unternehmen k\u00fcnftig allein.","articlekey":"","footnotes":""},"categories":[28],"tags":[286,335,4259,492],"class_list":["post-46808","post","type-post","status-publish","format-standard","has-post-thumbnail","hentry","category-management","tag-it","tag-management-und-unternehmensfuehrung","tag-management-buy-out","tag-unternehmen"],"acf":[],"yoast_head":"<!-- This site is optimized with the Yoast SEO plugin v27.4 - https:\/\/yoast.com\/product\/yoast-seo-wordpress\/ -->\n<title>Selim Akyol \u00fcbernimmt Molinoteq vollst\u00e4ndig - Organisator<\/title>\n<meta name=\"description\" content=\"Selim Akyol \u00fcbernimmt Molinoteq vollst\u00e4ndig. Der Mitbegr\u00fcnder f\u00fchrt das auf digitale Transformation spezialisierte Unternehmen k\u00fcnftig allein.\" \/>\n<meta name=\"robots\" content=\"index, follow, max-snippet:-1, max-image-preview:large, max-video-preview:-1\" \/>\n<link rel=\"canonical\" href=\"https:\/\/www.organisator.ch\/it\/gestione-2\/2026-03-31\/selim-akyol-uebernimmt-molinoteq-vollstaendig\/\" \/>\n<meta property=\"og:locale\" content=\"it_IT\" \/>\n<meta property=\"og:type\" content=\"article\" \/>\n<meta property=\"og:title\" content=\"Selim Akyol \u00fcbernimmt Molinoteq vollst\u00e4ndig\" \/>\n<meta property=\"og:description\" content=\"Selim Akyol \u00fcbernimmt Molinoteq vollst\u00e4ndig. Der Mitbegr\u00fcnder f\u00fchrt das auf digitale Transformation spezialisierte Unternehmen k\u00fcnftig allein.\" \/>\n<meta property=\"og:url\" content=\"https:\/\/www.organisator.ch\/it\/gestione-2\/2026-03-31\/selim-akyol-uebernimmt-molinoteq-vollstaendig\/\" \/>\n<meta property=\"og:site_name\" content=\"Organisator\" \/>\n<meta property=\"article:publisher\" content=\"https:\/\/www.facebook.com\/OrganisatorFachmagazin\" \/>\n<meta property=\"article:published_time\" content=\"2026-03-31T11:25:18+00:00\" \/>\n<meta property=\"og:image\" content=\"https:\/\/www.organisator.ch\/wp-content\/uploads\/2026\/03\/Selim-Akyol-uebernimmt-Molinoteq-vollstaendig-1_Organisator.jpg\" \/>\n\t<meta property=\"og:image:width\" content=\"680\" \/>\n\t<meta property=\"og:image:height\" content=\"450\" \/>\n\t<meta property=\"og:image:type\" content=\"image\/jpeg\" \/>\n<meta name=\"author\" content=\"n8n\" \/>\n<meta name=\"twitter:card\" content=\"summary_large_image\" \/>\n<meta name=\"twitter:title\" content=\"Selim #Akyol \u00fcbernimmt #Molinoteq vollst\u00e4ndig\" \/>\n<meta name=\"twitter:description\" content=\"Selim Akyol \u00fcbernimmt #Molinoteq vollst\u00e4ndig. Der Mitbegr\u00fcnder f\u00fchrt das auf digitale Transformation spezialisierte Unternehmen k\u00fcnftig allein.\" \/>\n<meta name=\"twitter:image\" content=\"https:\/\/www.organisator.ch\/wp-content\/uploads\/2026\/03\/Selim-Akyol-uebernimmt-Molinoteq-vollstaendig-1_Organisator.jpg\" \/>\n<script type=\"application\/ld+json\" class=\"yoast-schema-graph\">{\"@context\":\"https:\\\/\\\/schema.org\",\"@graph\":[{\"@type\":\"Article\",\"@id\":\"https:\\\/\\\/www.organisator.ch\\\/management\\\/2026-03-31\\\/selim-akyol-uebernimmt-molinoteq-vollstaendig\\\/#article\",\"isPartOf\":{\"@id\":\"https:\\\/\\\/www.organisator.ch\\\/management\\\/2026-03-31\\\/selim-akyol-uebernimmt-molinoteq-vollstaendig\\\/\"},\"author\":{\"name\":\"n8n\",\"@id\":\"https:\\\/\\\/www.organisator.ch\\\/#\\\/schema\\\/person\\\/a9d0e0eff238db87a8f840f3b50359f0\"},\"headline\":\"Selim Akyol \u00fcbernimmt Molinoteq vollst\u00e4ndig\",\"datePublished\":\"2026-03-31T11:25:18+00:00\",\"mainEntityOfPage\":{\"@id\":\"https:\\\/\\\/www.organisator.ch\\\/management\\\/2026-03-31\\\/selim-akyol-uebernimmt-molinoteq-vollstaendig\\\/\"},\"wordCount\":530,\"publisher\":{\"@id\":\"https:\\\/\\\/www.organisator.ch\\\/#organization\"},\"image\":{\"@id\":\"https:\\\/\\\/www.organisator.ch\\\/management\\\/2026-03-31\\\/selim-akyol-uebernimmt-molinoteq-vollstaendig\\\/#primaryimage\"},\"thumbnailUrl\":\"https:\\\/\\\/www.organisator.ch\\\/wp-content\\\/uploads\\\/2026\\\/03\\\/Selim-Akyol_-scaled.jpg\",\"keywords\":[\"IT\",\"Management und Unternehmensf\u00fchrung\",\"Management-Buy-out\",\"Unternehmen\"],\"articleSection\":[\"MANAGEMENT\"],\"inLanguage\":\"it-IT\"},{\"@type\":\"WebPage\",\"@id\":\"https:\\\/\\\/www.organisator.ch\\\/management\\\/2026-03-31\\\/selim-akyol-uebernimmt-molinoteq-vollstaendig\\\/\",\"url\":\"https:\\\/\\\/www.organisator.ch\\\/management\\\/2026-03-31\\\/selim-akyol-uebernimmt-molinoteq-vollstaendig\\\/\",\"name\":\"Selim Akyol \u00fcbernimmt Molinoteq vollst\u00e4ndig - Organisator\",\"isPartOf\":{\"@id\":\"https:\\\/\\\/www.organisator.ch\\\/#website\"},\"primaryImageOfPage\":{\"@id\":\"https:\\\/\\\/www.organisator.ch\\\/management\\\/2026-03-31\\\/selim-akyol-uebernimmt-molinoteq-vollstaendig\\\/#primaryimage\"},\"image\":{\"@id\":\"https:\\\/\\\/www.organisator.ch\\\/management\\\/2026-03-31\\\/selim-akyol-uebernimmt-molinoteq-vollstaendig\\\/#primaryimage\"},\"thumbnailUrl\":\"https:\\\/\\\/www.organisator.ch\\\/wp-content\\\/uploads\\\/2026\\\/03\\\/Selim-Akyol_-scaled.jpg\",\"datePublished\":\"2026-03-31T11:25:18+00:00\",\"description\":\"Selim Akyol \u00fcbernimmt Molinoteq vollst\u00e4ndig. Der Mitbegr\u00fcnder f\u00fchrt das auf digitale Transformation spezialisierte Unternehmen k\u00fcnftig allein.\",\"breadcrumb\":{\"@id\":\"https:\\\/\\\/www.organisator.ch\\\/management\\\/2026-03-31\\\/selim-akyol-uebernimmt-molinoteq-vollstaendig\\\/#breadcrumb\"},\"inLanguage\":\"it-IT\",\"potentialAction\":[{\"@type\":\"ReadAction\",\"target\":[\"https:\\\/\\\/www.organisator.ch\\\/management\\\/2026-03-31\\\/selim-akyol-uebernimmt-molinoteq-vollstaendig\\\/\"]}]},{\"@type\":\"ImageObject\",\"inLanguage\":\"it-IT\",\"@id\":\"https:\\\/\\\/www.organisator.ch\\\/management\\\/2026-03-31\\\/selim-akyol-uebernimmt-molinoteq-vollstaendig\\\/#primaryimage\",\"url\":\"https:\\\/\\\/www.organisator.ch\\\/wp-content\\\/uploads\\\/2026\\\/03\\\/Selim-Akyol_-scaled.jpg\",\"contentUrl\":\"https:\\\/\\\/www.organisator.ch\\\/wp-content\\\/uploads\\\/2026\\\/03\\\/Selim-Akyol_-scaled.jpg\",\"width\":1400,\"height\":926,\"caption\":\"Selim Akyol \u00e4ussert sich zur Unternehmensstrategie. Quelle: zvg\"},{\"@type\":\"BreadcrumbList\",\"@id\":\"https:\\\/\\\/www.organisator.ch\\\/management\\\/2026-03-31\\\/selim-akyol-uebernimmt-molinoteq-vollstaendig\\\/#breadcrumb\",\"itemListElement\":[{\"@type\":\"ListItem\",\"position\":1,\"name\":\"Home\",\"item\":\"https:\\\/\\\/www.organisator.ch\\\/\"},{\"@type\":\"ListItem\",\"position\":2,\"name\":\"Selim Akyol \u00fcbernimmt Molinoteq vollst\u00e4ndig\"}]},{\"@type\":\"WebSite\",\"@id\":\"https:\\\/\\\/www.organisator.ch\\\/#website\",\"url\":\"https:\\\/\\\/www.organisator.ch\\\/\",\"name\":\"Organisator\",\"description\":\"Kompetent. Praxisnah. Der ORGANISATOR bereitet in 10 Ausgaben pro Jahr die wesentlichen Themen f\u00fcr F\u00fchrungskr\u00e4fte von KMU auf.\",\"publisher\":{\"@id\":\"https:\\\/\\\/www.organisator.ch\\\/#organization\"},\"potentialAction\":[{\"@type\":\"SearchAction\",\"target\":{\"@type\":\"EntryPoint\",\"urlTemplate\":\"https:\\\/\\\/www.organisator.ch\\\/?s={search_term_string}\"},\"query-input\":{\"@type\":\"PropertyValueSpecification\",\"valueRequired\":true,\"valueName\":\"search_term_string\"}}],\"inLanguage\":\"it-IT\"},{\"@type\":\"Organization\",\"@id\":\"https:\\\/\\\/www.organisator.ch\\\/#organization\",\"name\":\"Organisator\",\"url\":\"https:\\\/\\\/www.organisator.ch\\\/\",\"logo\":{\"@type\":\"ImageObject\",\"inLanguage\":\"it-IT\",\"@id\":\"https:\\\/\\\/www.organisator.ch\\\/#\\\/schema\\\/logo\\\/image\\\/\",\"url\":\"https:\\\/\\\/www.organisator.ch\\\/wp-content\\\/uploads\\\/2022\\\/01\\\/Logo_Organisator_Website.png\",\"contentUrl\":\"https:\\\/\\\/www.organisator.ch\\\/wp-content\\\/uploads\\\/2022\\\/01\\\/Logo_Organisator_Website.png\",\"width\":800,\"height\":77,\"caption\":\"Organisator\"},\"image\":{\"@id\":\"https:\\\/\\\/www.organisator.ch\\\/#\\\/schema\\\/logo\\\/image\\\/\"},\"sameAs\":[\"https:\\\/\\\/www.facebook.com\\\/OrganisatorFachmagazin\",\"https:\\\/\\\/www.linkedin.com\\\/showcase\\\/organisator-das-magazin-fr-kmu\",\"https:\\\/\\\/www.xing.com\\\/news\\\/pages\\\/organisator-ch-695\",\"https:\\\/\\\/www.youtube.com\\\/channel\\\/UCGP2Sq0iWaZwT3BdIAQFYpw\"]},{\"@type\":\"Person\",\"@id\":\"https:\\\/\\\/www.organisator.ch\\\/#\\\/schema\\\/person\\\/a9d0e0eff238db87a8f840f3b50359f0\",\"name\":\"n8n\",\"image\":{\"@type\":\"ImageObject\",\"inLanguage\":\"it-IT\",\"@id\":\"https:\\\/\\\/secure.gravatar.com\\\/avatar\\\/5368fb9d03fd415a6f335cece4c15af2502d6ca8651efbd6e8f98427a9795400?s=96&d=mm&r=g\",\"url\":\"https:\\\/\\\/secure.gravatar.com\\\/avatar\\\/5368fb9d03fd415a6f335cece4c15af2502d6ca8651efbd6e8f98427a9795400?s=96&d=mm&r=g\",\"contentUrl\":\"https:\\\/\\\/secure.gravatar.com\\\/avatar\\\/5368fb9d03fd415a6f335cece4c15af2502d6ca8651efbd6e8f98427a9795400?s=96&d=mm&r=g\",\"caption\":\"n8n\"},\"url\":\"https:\\\/\\\/www.organisator.ch\\\/it\\\/author\\\/n8n\\\/\"}]}<\/script>\n<!-- \/ Yoast SEO plugin. -->","yoast_head_json":{"title":"Selim Akyol assume completamente il controllo di Molinoteq - Organizzatore","description":"Selim Akyol assume il controllo completo di Molinoteq. In futuro il cofondatore gestir\u00e0 da solo l'azienda, specializzata nella trasformazione digitale.","robots":{"index":"index","follow":"follow","max-snippet":"max-snippet:-1","max-image-preview":"max-image-preview:large","max-video-preview":"max-video-preview:-1"},"canonical":"https:\/\/www.organisator.ch\/it\/gestione-2\/2026-03-31\/selim-akyol-uebernimmt-molinoteq-vollstaendig\/","og_locale":"it_IT","og_type":"article","og_title":"Selim Akyol \u00fcbernimmt Molinoteq vollst\u00e4ndig","og_description":"Selim Akyol \u00fcbernimmt Molinoteq vollst\u00e4ndig. Der Mitbegr\u00fcnder f\u00fchrt das auf digitale Transformation spezialisierte Unternehmen k\u00fcnftig allein.","og_url":"https:\/\/www.organisator.ch\/it\/gestione-2\/2026-03-31\/selim-akyol-uebernimmt-molinoteq-vollstaendig\/","og_site_name":"Organisator","article_publisher":"https:\/\/www.facebook.com\/OrganisatorFachmagazin","article_published_time":"2026-03-31T11:25:18+00:00","og_image":[{"width":680,"height":450,"url":"https:\/\/www.organisator.ch\/wp-content\/uploads\/2026\/03\/Selim-Akyol-uebernimmt-Molinoteq-vollstaendig-1_Organisator.jpg","type":"image\/jpeg"}],"author":"n8n","twitter_card":"summary_large_image","twitter_title":"Selim #Akyol \u00fcbernimmt #Molinoteq vollst\u00e4ndig","twitter_description":"Selim Akyol \u00fcbernimmt #Molinoteq vollst\u00e4ndig. Der Mitbegr\u00fcnder f\u00fchrt das auf digitale Transformation spezialisierte Unternehmen k\u00fcnftig allein.","twitter_image":"https:\/\/www.organisator.ch\/wp-content\/uploads\/2026\/03\/Selim-Akyol-uebernimmt-Molinoteq-vollstaendig-1_Organisator.jpg","schema":{"@context":"https:\/\/schema.org","@graph":[{"@type":"Article","@id":"https:\/\/www.organisator.ch\/management\/2026-03-31\/selim-akyol-uebernimmt-molinoteq-vollstaendig\/#article","isPartOf":{"@id":"https:\/\/www.organisator.ch\/management\/2026-03-31\/selim-akyol-uebernimmt-molinoteq-vollstaendig\/"},"author":{"name":"n8n","@id":"https:\/\/www.organisator.ch\/#\/schema\/person\/a9d0e0eff238db87a8f840f3b50359f0"},"headline":"Selim Akyol \u00fcbernimmt Molinoteq vollst\u00e4ndig","datePublished":"2026-03-31T11:25:18+00:00","mainEntityOfPage":{"@id":"https:\/\/www.organisator.ch\/management\/2026-03-31\/selim-akyol-uebernimmt-molinoteq-vollstaendig\/"},"wordCount":530,"publisher":{"@id":"https:\/\/www.organisator.ch\/#organization"},"image":{"@id":"https:\/\/www.organisator.ch\/management\/2026-03-31\/selim-akyol-uebernimmt-molinoteq-vollstaendig\/#primaryimage"},"thumbnailUrl":"https:\/\/www.organisator.ch\/wp-content\/uploads\/2026\/03\/Selim-Akyol_-scaled.jpg","keywords":["IT","Management und Unternehmensf\u00fchrung","Management-Buy-out","Unternehmen"],"articleSection":["MANAGEMENT"],"inLanguage":"it-IT"},{"@type":"WebPage","@id":"https:\/\/www.organisator.ch\/management\/2026-03-31\/selim-akyol-uebernimmt-molinoteq-vollstaendig\/","url":"https:\/\/www.organisator.ch\/management\/2026-03-31\/selim-akyol-uebernimmt-molinoteq-vollstaendig\/","name":"Selim Akyol assume completamente il controllo di Molinoteq - Organizzatore","isPartOf":{"@id":"https:\/\/www.organisator.ch\/#website"},"primaryImageOfPage":{"@id":"https:\/\/www.organisator.ch\/management\/2026-03-31\/selim-akyol-uebernimmt-molinoteq-vollstaendig\/#primaryimage"},"image":{"@id":"https:\/\/www.organisator.ch\/management\/2026-03-31\/selim-akyol-uebernimmt-molinoteq-vollstaendig\/#primaryimage"},"thumbnailUrl":"https:\/\/www.organisator.ch\/wp-content\/uploads\/2026\/03\/Selim-Akyol_-scaled.jpg","datePublished":"2026-03-31T11:25:18+00:00","description":"Selim Akyol assume il controllo completo di Molinoteq. In futuro il cofondatore gestir\u00e0 da solo l'azienda, specializzata nella trasformazione digitale.","breadcrumb":{"@id":"https:\/\/www.organisator.ch\/management\/2026-03-31\/selim-akyol-uebernimmt-molinoteq-vollstaendig\/#breadcrumb"},"inLanguage":"it-IT","potentialAction":[{"@type":"ReadAction","target":["https:\/\/www.organisator.ch\/management\/2026-03-31\/selim-akyol-uebernimmt-molinoteq-vollstaendig\/"]}]},{"@type":"ImageObject","inLanguage":"it-IT","@id":"https:\/\/www.organisator.ch\/management\/2026-03-31\/selim-akyol-uebernimmt-molinoteq-vollstaendig\/#primaryimage","url":"https:\/\/www.organisator.ch\/wp-content\/uploads\/2026\/03\/Selim-Akyol_-scaled.jpg","contentUrl":"https:\/\/www.organisator.ch\/wp-content\/uploads\/2026\/03\/Selim-Akyol_-scaled.jpg","width":1400,"height":926,"caption":"Selim Akyol \u00e4ussert sich zur Unternehmensstrategie. Quelle: zvg"},{"@type":"BreadcrumbList","@id":"https:\/\/www.organisator.ch\/management\/2026-03-31\/selim-akyol-uebernimmt-molinoteq-vollstaendig\/#breadcrumb","itemListElement":[{"@type":"ListItem","position":1,"name":"Home","item":"https:\/\/www.organisator.ch\/"},{"@type":"ListItem","position":2,"name":"Selim Akyol \u00fcbernimmt Molinoteq vollst\u00e4ndig"}]},{"@type":"WebSite","@id":"https:\/\/www.organisator.ch\/#website","url":"https:\/\/www.organisator.ch\/","name":"Organizzatore","description":"Competente. Pratico. In 10 numeri all'anno, ORGANISATOR presenta i temi essenziali per i manager delle PMI.","publisher":{"@id":"https:\/\/www.organisator.ch\/#organization"},"potentialAction":[{"@type":"SearchAction","target":{"@type":"EntryPoint","urlTemplate":"https:\/\/www.organisator.ch\/?s={search_term_string}"},"query-input":{"@type":"PropertyValueSpecification","valueRequired":true,"valueName":"search_term_string"}}],"inLanguage":"it-IT"},{"@type":"Organization","@id":"https:\/\/www.organisator.ch\/#organization","name":"Organizzatore","url":"https:\/\/www.organisator.ch\/","logo":{"@type":"ImageObject","inLanguage":"it-IT","@id":"https:\/\/www.organisator.ch\/#\/schema\/logo\/image\/","url":"https:\/\/www.organisator.ch\/wp-content\/uploads\/2022\/01\/Logo_Organisator_Website.png","contentUrl":"https:\/\/www.organisator.ch\/wp-content\/uploads\/2022\/01\/Logo_Organisator_Website.png","width":800,"height":77,"caption":"Organisator"},"image":{"@id":"https:\/\/www.organisator.ch\/#\/schema\/logo\/image\/"},"sameAs":["https:\/\/www.facebook.com\/OrganisatorFachmagazin","https:\/\/www.linkedin.com\/showcase\/organisator-das-magazin-fr-kmu","https:\/\/www.xing.com\/news\/pages\/organisator-ch-695","https:\/\/www.youtube.com\/channel\/UCGP2Sq0iWaZwT3BdIAQFYpw"]},{"@type":"Person","@id":"https:\/\/www.organisator.ch\/#\/schema\/person\/a9d0e0eff238db87a8f840f3b50359f0","name":"n8n","image":{"@type":"ImageObject","inLanguage":"it-IT","@id":"https:\/\/secure.gravatar.com\/avatar\/5368fb9d03fd415a6f335cece4c15af2502d6ca8651efbd6e8f98427a9795400?s=96&d=mm&r=g","url":"https:\/\/secure.gravatar.com\/avatar\/5368fb9d03fd415a6f335cece4c15af2502d6ca8651efbd6e8f98427a9795400?s=96&d=mm&r=g","contentUrl":"https:\/\/secure.gravatar.com\/avatar\/5368fb9d03fd415a6f335cece4c15af2502d6ca8651efbd6e8f98427a9795400?s=96&d=mm&r=g","caption":"n8n"},"url":"https:\/\/www.organisator.ch\/it\/author\/n8n\/"}]}},"_links":{"self":[{"href":"https:\/\/www.organisator.ch\/it\/wp-json\/wp\/v2\/posts\/46808","targetHints":{"allow":["GET"]}}],"collection":[{"href":"https:\/\/www.organisator.ch\/it\/wp-json\/wp\/v2\/posts"}],"about":[{"href":"https:\/\/www.organisator.ch\/it\/wp-json\/wp\/v2\/types\/post"}],"author":[{"embeddable":true,"href":"https:\/\/www.organisator.ch\/it\/wp-json\/wp\/v2\/users\/107"}],"replies":[{"embeddable":true,"href":"https:\/\/www.organisator.ch\/it\/wp-json\/wp\/v2\/comments?post=46808"}],"version-history":[{"count":5,"href":"https:\/\/www.organisator.ch\/it\/wp-json\/wp\/v2\/posts\/46808\/revisions"}],"predecessor-version":[{"id":46894,"href":"https:\/\/www.organisator.ch\/it\/wp-json\/wp\/v2\/posts\/46808\/revisions\/46894"}],"wp:featuredmedia":[{"embeddable":true,"href":"https:\/\/www.organisator.ch\/it\/wp-json\/wp\/v2\/media\/46806"}],"wp:attachment":[{"href":"https:\/\/www.organisator.ch\/it\/wp-json\/wp\/v2\/media?parent=46808"}],"wp:term":[{"taxonomy":"category","embeddable":true,"href":"https:\/\/www.organisator.ch\/it\/wp-json\/wp\/v2\/categories?post=46808"},{"taxonomy":"post_tag","embeddable":true,"href":"https:\/\/www.organisator.ch\/it\/wp-json\/wp\/v2\/tags?post=46808"}],"curies":[{"name":"wp","href":"https:\/\/api.w.org\/{rel}","templated":true}]}}