{"id":46963,"date":"2026-04-02T10:57:20","date_gmt":"2026-04-02T08:57:20","guid":{"rendered":"https:\/\/www.markt-kom.com\/?p=253485"},"modified":"2026-04-02T13:48:53","modified_gmt":"2026-04-02T11:48:53","slug":"vier-buecher-die-sie-interessieren-koennten-36","status":"publish","type":"post","link":"https:\/\/www.organisator.ch\/it\/weiterbildung\/2026-04-02\/vier-buecher-die-sie-interessieren-koennten-36\/","title":{"rendered":"Quattro libri che potrebbero interessarti"},"content":{"rendered":"<p><img class=\"alignnone size-full wp-image-253486\" src=\"https:\/\/www.markt-kom.com\/wp-content\/uploads\/2026\/04\/Design-ohne-Titel.jpg\" sizes=\"(max-width: 1024px) 100vw, 1024px\" srcset=\"https:\/\/www.markt-kom.com\/wp-content\/uploads\/2026\/04\/Design-ohne-Titel.jpg 1024w, https:\/\/www.markt-kom.com\/wp-content\/uploads\/2026\/04\/Design-ohne-Titel-600x450.jpg 600w, https:\/\/www.markt-kom.com\/wp-content\/uploads\/2026\/04\/Design-ohne-Titel-768x576.jpg 768w, https:\/\/www.markt-kom.com\/wp-content\/uploads\/2026\/04\/Design-ohne-Titel-16x12.jpg 16w, https:\/\/www.markt-kom.com\/wp-content\/uploads\/2026\/04\/Design-ohne-Titel-233x175.jpg 233w, https:\/\/www.markt-kom.com\/wp-content\/uploads\/2026\/04\/Design-ohne-Titel-467x350.jpg 467w, https:\/\/www.markt-kom.com\/wp-content\/uploads\/2026\/04\/Design-ohne-Titel-1000x750.jpg 1000w\" alt=\"\" width=\"1024\" height=\"768\" \/>In collaborazione con GetAbstract, presentiamo quattro libri del settore marketing e comunicazione. Questa volta: \u00abLa societ\u00e0 esponenziale\u00bb, \u00abIl colonialismo digitale\u00bb, \u00abDiventa un architetto della crescita\u00bb, \u00abLa formula della trasformazione\u00bb.<\/p>\r\n<p><strong>La societ\u00e0 esponenziale<\/strong><\/p>\r\n<p><img class=\"alignnone size-full wp-image-253487\" src=\"https:\/\/www.markt-kom.com\/wp-content\/uploads\/2026\/04\/Die-Exponentialgesellschaft.jpeg\" sizes=\"(max-width: 314px) 100vw, 314px\" srcset=\"https:\/\/www.markt-kom.com\/wp-content\/uploads\/2026\/04\/Die-Exponentialgesellschaft.jpeg 314w, https:\/\/www.markt-kom.com\/wp-content\/uploads\/2026\/04\/Die-Exponentialgesellschaft-8x12.jpeg 8w, https:\/\/www.markt-kom.com\/wp-content\/uploads\/2026\/04\/Die-Exponentialgesellschaft-110x175.jpeg 110w, https:\/\/www.markt-kom.com\/wp-content\/uploads\/2026\/04\/Die-Exponentialgesellschaft-220x350.jpeg 220w\" alt=\"\" width=\"314\" height=\"500\" \/><\/p>\r\n<p>Dalla fine della crescita alla stabilizzazione del mondo.<\/p>\r\n<p>Emanuel Deutschmann<\/p>\r\n<p>Editore: Suhrkamp<\/p>\r\n<p>Anno di pubblicazione: 2025<\/p>\r\n<p>Pagine: 442<\/p>\r\n<p>ISBN: 9783518432235<\/p>\r\n<p>Pi\u00f9 alto, pi\u00f9 veloce, pi\u00f9 lontano: va da s\u00e9 che questo non funzioner\u00e0 per sempre su un pianeta con risorse limitate. Tuttavia, l'umanit\u00e0 ha chiuso gli occhi per troppo tempo e ora sembra dirigersi quasi senza controllo verso il disastro. Ma non tutto \u00e8 ancora perduto. Emanuel Deutschmann \u00e8 convinto che esista una via d'uscita. Non solo analizza con lucidit\u00e0 gli attuali sviluppi esponenziali, ma mostra anche i modi per interromperli e trovare una nuova stabilit\u00e0. La maggior parte di queste soluzioni sono ben conosciute: \u00e8 solo l'attuazione che manca. Il libro di Deutschmann \u00e8 quindi meno una guida concreta e pi\u00f9 un appello urgente.<\/p>\r\n<p>getAbstract valutazione: 9<\/p>\r\n<p>Qualit\u00e0:<\/p>\r\n<ul>\r\n\t<li>Analitico<\/li>\r\n\t<li>Aprire gli occhi<\/li>\r\n\t<li>Ispiratore<\/li>\r\n<\/ul>\r\n<p>&nbsp;<\/p>\r\n<p><strong>Colonialismo digitale<\/strong><\/p>\r\n<p><img class=\"alignnone size-full wp-image-253489\" src=\"https:\/\/www.markt-kom.com\/wp-content\/uploads\/2026\/04\/Digitaler-Kolonialismus.jpeg\" sizes=\"(max-width: 321px) 100vw, 321px\" srcset=\"https:\/\/www.markt-kom.com\/wp-content\/uploads\/2026\/04\/Digitaler-Kolonialismus.jpeg 321w, https:\/\/www.markt-kom.com\/wp-content\/uploads\/2026\/04\/Digitaler-Kolonialismus-8x12.jpeg 8w, https:\/\/www.markt-kom.com\/wp-content\/uploads\/2026\/04\/Digitaler-Kolonialismus-112x175.jpeg 112w, https:\/\/www.markt-kom.com\/wp-content\/uploads\/2026\/04\/Digitaler-Kolonialismus-225x350.jpeg 225w\" alt=\"\" width=\"321\" height=\"500\" \/><\/p>\r\n<p>Come le aziende tecnologiche e le grandi potenze si stanno dividendo il mondo.<\/p>\r\n<p>Sven Hilbig e Ingo Dachwitz<\/p>\r\n<p>Editore: C. H. Beck<\/p>\r\n<p>Anno di pubblicazione: 2025<\/p>\r\n<p>Pagine: 351<\/p>\r\n<p>ISBN: 9783406823022<\/p>\r\n<p>Per decenni ci \u00e8 stata raccontata la digitalizzazione come una storia di puro progresso, come una successione di invenzioni ingegnose, tecnologie pulite e semplificazioni costanti. Tuttavia, questo \u00e8 solo un lato della medaglia. Ci\u00f2 che viene ignorato \u00e8 chi rende possibile questo progresso e quali costi provoca altrove. Gli autori descrivono un mondo in cui il potere d'acquisto, l'approvvigionamento privato e le condizioni di vita confortevoli nel Nord globale si basano sullo sfruttamento delle persone e della natura nel Sud globale. Chiunque non voglia pi\u00f9 chiudere gli occhi di fronte a tutto questo trover\u00e0 questa lettura necessaria e sobria.<\/p>\r\n<p>getAbstract valutazione: 9<\/p>\r\n<p>Qualit\u00e0:<\/p>\r\n<ul>\r\n\t<li>Aprire gli occhi<\/li>\r\n\t<li>Opinionista<\/li>\r\n\t<li>Esplosivo<\/li>\r\n<\/ul>\r\n<p>&nbsp;<\/p>\r\n<p><strong>Diventare un architetto della crescita<\/strong><\/p>\r\n<p><img class=\"alignnone size-full wp-image-253490\" src=\"https:\/\/www.markt-kom.com\/wp-content\/uploads\/2026\/04\/Werde-ein-Wachstumsarchitekt-scaled.jpeg\" sizes=\"(max-width: 713px) 100vw, 713px\" srcset=\"https:\/\/www.markt-kom.com\/wp-content\/uploads\/2026\/04\/Werde-ein-Wachstumsarchitekt-scaled.jpeg 713w, https:\/\/www.markt-kom.com\/wp-content\/uploads\/2026\/04\/Werde-ein-Wachstumsarchitekt-428x600.jpeg 428w, https:\/\/www.markt-kom.com\/wp-content\/uploads\/2026\/04\/Werde-ein-Wachstumsarchitekt-768x1078.jpeg 712w, https:\/\/www.markt-kom.com\/wp-content\/uploads\/2026\/04\/Werde-ein-Wachstumsarchitekt-1094x1536.jpeg 1094w, https:\/\/www.markt-kom.com\/wp-content\/uploads\/2026\/04\/Werde-ein-Wachstumsarchitekt-1459x2048.jpeg 1459w, https:\/\/www.markt-kom.com\/wp-content\/uploads\/2026\/04\/Werde-ein-Wachstumsarchitekt-9x12.jpeg 9w, https:\/\/www.markt-kom.com\/wp-content\/uploads\/2026\/04\/Werde-ein-Wachstumsarchitekt-125x175.jpeg 125w, https:\/\/www.markt-kom.com\/wp-content\/uploads\/2026\/04\/Werde-ein-Wachstumsarchitekt-249x350.jpeg 249w, https:\/\/www.markt-kom.com\/wp-content\/uploads\/2026\/04\/Werde-ein-Wachstumsarchitekt-570x800.jpeg 570w\" alt=\"\" width=\"713\" height=\"1000\" \/><\/p>\r\n<p>Misurare le esigenze dei clienti, generare crescita.<\/p>\r\n<p>Yann Wermuth e Beat Walther<\/p>\r\n<p>Editore: Versus<\/p>\r\n<p>Anno di pubblicazione: 2026<\/p>\r\n<p>Pagine: 159<\/p>\r\n<p>ISBN: 9783039093649<\/p>\r\n<p>Questo libro \u00e8 un'acuta presa di posizione nei confronti della megalomania tecnologica di molte aziende, che infastidisce i clienti e brucia i bilanci. In linea con il motto \u201eSmettila di vendere prodotti - inizia a fare lavori!\u201c, Yann Wermuth e Beat Walther forniscono una controproposta ai processi di innovazione diffusi nelle aziende: un sistema che sostituisce l'istinto e l'orientamento alla tecnologia con la determinazione delle esigenze dei clienti supportata dai dati. A volte ridondante, il libro \u00e8 un appello per una radicale rilevanza per il cliente - e quindi per una crescita di successo.<\/p>\r\n<p>&nbsp;<\/p>\r\n<p>getAbstract valutazione: 8<\/p>\r\n<p>Qualit\u00e0:<\/p>\r\n<ul>\r\n\t<li>Realizzabile<\/li>\r\n\t<li>Esempi pratici<\/li>\r\n\t<li>Per gli esperti<\/li>\r\n\t<li>\u00a0<\/li>\r\n<\/ul>\r\n<p><strong>La formula di trasformazione<\/strong><\/p>\r\n<p><img class=\"alignnone size-full wp-image-253488\" src=\"https:\/\/www.markt-kom.com\/wp-content\/uploads\/2026\/04\/Die-Transformationsformel-scaled.jpeg\" sizes=\"(max-width: 643px) 100vw, 643px\" srcset=\"https:\/\/www.markt-kom.com\/wp-content\/uploads\/2026\/04\/Die-Transformationsformel-scaled.jpeg 643w, https:\/\/www.markt-kom.com\/wp-content\/uploads\/2026\/04\/Die-Transformationsformel-386x600.jpeg 386w, https:\/\/www.markt-kom.com\/wp-content\/uploads\/2026\/04\/Die-Transformationsformel-658x1024.jpeg 658w, https:\/\/www.markt-kom.com\/wp-content\/uploads\/2026\/04\/Die-Transformationsformel-8x12.jpeg 8w, https:\/\/www.markt-kom.com\/wp-content\/uploads\/2026\/04\/Die-Transformationsformel-112x175.jpeg 112w, https:\/\/www.markt-kom.com\/wp-content\/uploads\/2026\/04\/Die-Transformationsformel-225x350.jpeg 225w, https:\/\/www.markt-kom.com\/wp-content\/uploads\/2026\/04\/Die-Transformationsformel-514x800.jpeg 514w\" alt=\"\" width=\"643\" height=\"1000\" \/><\/p>\r\n<p>Come le persone e le organizzazioni crescono con successo.<\/p>\r\n<p>Tim Komkowski, Benedikt Viedenz, Nicole Davila, Thomas Niggemeier e Jiju Antony<\/p>\r\n<p>Editore: Wiley-VCH<\/p>\r\n<p>Anno di pubblicazione: 2026<\/p>\r\n<p>Pagine: 240<\/p>\r\n<p>ISBN: 9783527512478<\/p>\r\n<p>Secondo gli autori di questo libro, la trasformazione non \u00e8 pi\u00f9 un progetto con una data di scadenza per le aziende, ma un'esigenza strategica a lungo termine. Sulla base di questa intuizione e di uno studio condotto su oltre 500 esperti, hanno sviluppato un modello che intende la trasformazione come una capacit\u00e0 organizzativa con sette componenti. Anche se le argomentazioni dei singoli capitoli sono simili e il testo potrebbe essere pi\u00f9 stringato, emerge un quadro generale coerente che riunisce temi come l'agilit\u00e0, la governance e la cultura.<\/p>\r\n<p>getAbstract valutazione: 7<\/p>\r\n<p>Qualit\u00e0:<\/p>\r\n<ul>\r\n\t<li>Analitico<\/li>\r\n\t<li>Sistematico<\/li>\r\n<\/ul>\r\n<p>&nbsp;<\/p>","protected":false},"excerpt":{"rendered":"<p>Gli sconvolgimenti tecnologici, i cambiamenti di potere a livello globale e i limiti della crescita pongono l'economia e la societ\u00e0 di fronte a nuove e complesse sfide. Sono richieste analisi fondate, prospettive critiche e approcci concreti per un'azione sostenibile. Presentiamo quattro libri attuali che fanno luce sugli sviluppi chiave del nostro tempo, dalla crescita esponenziale e dalle strutture di potere digitali al pensiero incentrato sul cliente e alla trasformazione sostenibile. Offrono una guida per chiunque voglia non solo comprendere il cambiamento, ma anche plasmarlo attivamente.<\/p>","protected":false},"author":8,"featured_media":0,"comment_status":"closed","ping_status":"closed","sticky":false,"template":"","format":"standard","meta":{"_acf_changed":false,"_yoast_wpseo_focuskw":"Vier B\u00fccher","_yoast_wpseo_metadesc":"Vier B\u00fccher, die zentrale Entwicklungen unserer Zeit beleuchten \u2013 von exponentiellem Wachstum bis hin zu nachhaltiger Transformation.","articlekey":"","footnotes":""},"categories":[30],"tags":[95,335,4343],"class_list":["post-46963","post","type-post","status-publish","format-standard","hentry","category-weiterbildung","tag-buchtipps","tag-management-und-unternehmensfuehrung","tag-markom"],"acf":[],"yoast_head":"<!-- This site is optimized with the Yoast SEO plugin v27.4 - https:\/\/yoast.com\/product\/yoast-seo-wordpress\/ -->\n<title>Vier B\u00fccher, die Sie interessieren k\u00f6nnten - Organisator<\/title>\n<meta name=\"description\" content=\"Vier B\u00fccher, die zentrale Entwicklungen unserer Zeit beleuchten \u2013 von exponentiellem Wachstum bis hin zu nachhaltiger Transformation.\" \/>\n<meta name=\"robots\" content=\"index, follow, max-snippet:-1, max-image-preview:large, max-video-preview:-1\" \/>\n<link rel=\"canonical\" href=\"https:\/\/www.organisator.ch\/it\/formazione-continua\/2026-04-02\/vier-buecher-die-sie-interessieren-koennten-36\/\" \/>\n<meta property=\"og:locale\" content=\"it_IT\" \/>\n<meta property=\"og:type\" content=\"article\" \/>\n<meta property=\"og:title\" content=\"Vier B\u00fccher, die Sie interessieren k\u00f6nnten - Organisator\" \/>\n<meta property=\"og:description\" content=\"Vier B\u00fccher, die zentrale Entwicklungen unserer Zeit beleuchten \u2013 von exponentiellem Wachstum bis hin zu nachhaltiger Transformation.\" \/>\n<meta property=\"og:url\" content=\"https:\/\/www.organisator.ch\/it\/formazione-continua\/2026-04-02\/vier-buecher-die-sie-interessieren-koennten-36\/\" \/>\n<meta property=\"og:site_name\" content=\"Organisator\" \/>\n<meta property=\"article:publisher\" content=\"https:\/\/www.facebook.com\/OrganisatorFachmagazin\" \/>\n<meta property=\"article:published_time\" content=\"2026-04-02T08:57:20+00:00\" \/>\n<meta property=\"article:modified_time\" content=\"2026-04-02T11:48:53+00:00\" \/>\n<meta name=\"author\" content=\"galledia\" \/>\n<meta name=\"twitter:card\" content=\"summary_large_image\" \/>\n<meta name=\"twitter:creator\" content=\"@admin\" \/>\n<script type=\"application\/ld+json\" class=\"yoast-schema-graph\">{\"@context\":\"https:\\\/\\\/schema.org\",\"@graph\":[{\"@type\":\"Article\",\"@id\":\"https:\\\/\\\/www.organisator.ch\\\/weiterbildung\\\/2026-04-02\\\/vier-buecher-die-sie-interessieren-koennten-36\\\/#article\",\"isPartOf\":{\"@id\":\"https:\\\/\\\/www.organisator.ch\\\/weiterbildung\\\/2026-04-02\\\/vier-buecher-die-sie-interessieren-koennten-36\\\/\"},\"author\":{\"name\":\"galledia\",\"@id\":\"https:\\\/\\\/www.organisator.ch\\\/#\\\/schema\\\/person\\\/4e51799071cd2dd1232ac003643ef5f0\"},\"headline\":\"Vier B\u00fccher, die Sie interessieren k\u00f6nnten\",\"datePublished\":\"2026-04-02T08:57:20+00:00\",\"dateModified\":\"2026-04-02T11:48:53+00:00\",\"mainEntityOfPage\":{\"@id\":\"https:\\\/\\\/www.organisator.ch\\\/weiterbildung\\\/2026-04-02\\\/vier-buecher-die-sie-interessieren-koennten-36\\\/\"},\"wordCount\":509,\"publisher\":{\"@id\":\"https:\\\/\\\/www.organisator.ch\\\/#organization\"},\"image\":{\"@id\":\"https:\\\/\\\/www.organisator.ch\\\/weiterbildung\\\/2026-04-02\\\/vier-buecher-die-sie-interessieren-koennten-36\\\/#primaryimage\"},\"thumbnailUrl\":\"https:\\\/\\\/www.markt-kom.com\\\/wp-content\\\/uploads\\\/2026\\\/04\\\/Design-ohne-Titel.jpg\",\"keywords\":[\"Buchtipps\",\"Management und Unternehmensf\u00fchrung\",\"MarKom\"],\"articleSection\":[\"WEITERBILDUNG\"],\"inLanguage\":\"it-IT\"},{\"@type\":\"WebPage\",\"@id\":\"https:\\\/\\\/www.organisator.ch\\\/weiterbildung\\\/2026-04-02\\\/vier-buecher-die-sie-interessieren-koennten-36\\\/\",\"url\":\"https:\\\/\\\/www.organisator.ch\\\/weiterbildung\\\/2026-04-02\\\/vier-buecher-die-sie-interessieren-koennten-36\\\/\",\"name\":\"Vier B\u00fccher, die Sie interessieren k\u00f6nnten - Organisator\",\"isPartOf\":{\"@id\":\"https:\\\/\\\/www.organisator.ch\\\/#website\"},\"primaryImageOfPage\":{\"@id\":\"https:\\\/\\\/www.organisator.ch\\\/weiterbildung\\\/2026-04-02\\\/vier-buecher-die-sie-interessieren-koennten-36\\\/#primaryimage\"},\"image\":{\"@id\":\"https:\\\/\\\/www.organisator.ch\\\/weiterbildung\\\/2026-04-02\\\/vier-buecher-die-sie-interessieren-koennten-36\\\/#primaryimage\"},\"thumbnailUrl\":\"https:\\\/\\\/www.markt-kom.com\\\/wp-content\\\/uploads\\\/2026\\\/04\\\/Design-ohne-Titel.jpg\",\"datePublished\":\"2026-04-02T08:57:20+00:00\",\"dateModified\":\"2026-04-02T11:48:53+00:00\",\"description\":\"Vier B\u00fccher, die zentrale Entwicklungen unserer Zeit beleuchten \u2013 von exponentiellem Wachstum bis hin zu nachhaltiger Transformation.\",\"breadcrumb\":{\"@id\":\"https:\\\/\\\/www.organisator.ch\\\/weiterbildung\\\/2026-04-02\\\/vier-buecher-die-sie-interessieren-koennten-36\\\/#breadcrumb\"},\"inLanguage\":\"it-IT\",\"potentialAction\":[{\"@type\":\"ReadAction\",\"target\":[\"https:\\\/\\\/www.organisator.ch\\\/weiterbildung\\\/2026-04-02\\\/vier-buecher-die-sie-interessieren-koennten-36\\\/\"]}]},{\"@type\":\"ImageObject\",\"inLanguage\":\"it-IT\",\"@id\":\"https:\\\/\\\/www.organisator.ch\\\/weiterbildung\\\/2026-04-02\\\/vier-buecher-die-sie-interessieren-koennten-36\\\/#primaryimage\",\"url\":\"https:\\\/\\\/www.markt-kom.com\\\/wp-content\\\/uploads\\\/2026\\\/04\\\/Design-ohne-Titel.jpg\",\"contentUrl\":\"https:\\\/\\\/www.markt-kom.com\\\/wp-content\\\/uploads\\\/2026\\\/04\\\/Design-ohne-Titel.jpg\"},{\"@type\":\"BreadcrumbList\",\"@id\":\"https:\\\/\\\/www.organisator.ch\\\/weiterbildung\\\/2026-04-02\\\/vier-buecher-die-sie-interessieren-koennten-36\\\/#breadcrumb\",\"itemListElement\":[{\"@type\":\"ListItem\",\"position\":1,\"name\":\"Home\",\"item\":\"https:\\\/\\\/www.organisator.ch\\\/\"},{\"@type\":\"ListItem\",\"position\":2,\"name\":\"Vier B\u00fccher, die Sie interessieren k\u00f6nnten\"}]},{\"@type\":\"WebSite\",\"@id\":\"https:\\\/\\\/www.organisator.ch\\\/#website\",\"url\":\"https:\\\/\\\/www.organisator.ch\\\/\",\"name\":\"Organisator\",\"description\":\"Kompetent. Praxisnah. Der ORGANISATOR bereitet in 10 Ausgaben pro Jahr die wesentlichen Themen f\u00fcr F\u00fchrungskr\u00e4fte von KMU auf.\",\"publisher\":{\"@id\":\"https:\\\/\\\/www.organisator.ch\\\/#organization\"},\"potentialAction\":[{\"@type\":\"SearchAction\",\"target\":{\"@type\":\"EntryPoint\",\"urlTemplate\":\"https:\\\/\\\/www.organisator.ch\\\/?s={search_term_string}\"},\"query-input\":{\"@type\":\"PropertyValueSpecification\",\"valueRequired\":true,\"valueName\":\"search_term_string\"}}],\"inLanguage\":\"it-IT\"},{\"@type\":\"Organization\",\"@id\":\"https:\\\/\\\/www.organisator.ch\\\/#organization\",\"name\":\"Organisator\",\"url\":\"https:\\\/\\\/www.organisator.ch\\\/\",\"logo\":{\"@type\":\"ImageObject\",\"inLanguage\":\"it-IT\",\"@id\":\"https:\\\/\\\/www.organisator.ch\\\/#\\\/schema\\\/logo\\\/image\\\/\",\"url\":\"https:\\\/\\\/www.organisator.ch\\\/wp-content\\\/uploads\\\/2022\\\/01\\\/Logo_Organisator_Website.png\",\"contentUrl\":\"https:\\\/\\\/www.organisator.ch\\\/wp-content\\\/uploads\\\/2022\\\/01\\\/Logo_Organisator_Website.png\",\"width\":800,\"height\":77,\"caption\":\"Organisator\"},\"image\":{\"@id\":\"https:\\\/\\\/www.organisator.ch\\\/#\\\/schema\\\/logo\\\/image\\\/\"},\"sameAs\":[\"https:\\\/\\\/www.facebook.com\\\/OrganisatorFachmagazin\",\"https:\\\/\\\/www.linkedin.com\\\/showcase\\\/organisator-das-magazin-fr-kmu\",\"https:\\\/\\\/www.xing.com\\\/news\\\/pages\\\/organisator-ch-695\",\"https:\\\/\\\/www.youtube.com\\\/channel\\\/UCGP2Sq0iWaZwT3BdIAQFYpw\"]},{\"@type\":\"Person\",\"@id\":\"https:\\\/\\\/www.organisator.ch\\\/#\\\/schema\\\/person\\\/4e51799071cd2dd1232ac003643ef5f0\",\"name\":\"galledia\",\"image\":{\"@type\":\"ImageObject\",\"inLanguage\":\"it-IT\",\"@id\":\"https:\\\/\\\/secure.gravatar.com\\\/avatar\\\/78a7f90c01fc2bfc875782a0d4922b37cde2cf184ce347b91316d23cd7f69a36?s=96&d=mm&r=g\",\"url\":\"https:\\\/\\\/secure.gravatar.com\\\/avatar\\\/78a7f90c01fc2bfc875782a0d4922b37cde2cf184ce347b91316d23cd7f69a36?s=96&d=mm&r=g\",\"contentUrl\":\"https:\\\/\\\/secure.gravatar.com\\\/avatar\\\/78a7f90c01fc2bfc875782a0d4922b37cde2cf184ce347b91316d23cd7f69a36?s=96&d=mm&r=g\",\"caption\":\"galledia\"},\"sameAs\":[\"https:\\\/\\\/x.com\\\/admin\"],\"url\":\"https:\\\/\\\/www.organisator.ch\\\/it\\\/author\\\/galledia\\\/\"}]}<\/script>\n<!-- \/ Yoast SEO plugin. -->","yoast_head_json":{"title":"Quattro libri che potrebbero interessarvi - Organizzatore","description":"Quattro libri che fanno luce sugli sviluppi chiave del nostro tempo, dalla crescita esponenziale alla trasformazione sostenibile.","robots":{"index":"index","follow":"follow","max-snippet":"max-snippet:-1","max-image-preview":"max-image-preview:large","max-video-preview":"max-video-preview:-1"},"canonical":"https:\/\/www.organisator.ch\/it\/formazione-continua\/2026-04-02\/vier-buecher-die-sie-interessieren-koennten-36\/","og_locale":"it_IT","og_type":"article","og_title":"Vier B\u00fccher, die Sie interessieren k\u00f6nnten - Organisator","og_description":"Vier B\u00fccher, die zentrale Entwicklungen unserer Zeit beleuchten \u2013 von exponentiellem Wachstum bis hin zu nachhaltiger Transformation.","og_url":"https:\/\/www.organisator.ch\/it\/formazione-continua\/2026-04-02\/vier-buecher-die-sie-interessieren-koennten-36\/","og_site_name":"Organisator","article_publisher":"https:\/\/www.facebook.com\/OrganisatorFachmagazin","article_published_time":"2026-04-02T08:57:20+00:00","article_modified_time":"2026-04-02T11:48:53+00:00","author":"galledia","twitter_card":"summary_large_image","twitter_creator":"@admin","schema":{"@context":"https:\/\/schema.org","@graph":[{"@type":"Article","@id":"https:\/\/www.organisator.ch\/weiterbildung\/2026-04-02\/vier-buecher-die-sie-interessieren-koennten-36\/#article","isPartOf":{"@id":"https:\/\/www.organisator.ch\/weiterbildung\/2026-04-02\/vier-buecher-die-sie-interessieren-koennten-36\/"},"author":{"name":"galledia","@id":"https:\/\/www.organisator.ch\/#\/schema\/person\/4e51799071cd2dd1232ac003643ef5f0"},"headline":"Vier B\u00fccher, die Sie interessieren k\u00f6nnten","datePublished":"2026-04-02T08:57:20+00:00","dateModified":"2026-04-02T11:48:53+00:00","mainEntityOfPage":{"@id":"https:\/\/www.organisator.ch\/weiterbildung\/2026-04-02\/vier-buecher-die-sie-interessieren-koennten-36\/"},"wordCount":509,"publisher":{"@id":"https:\/\/www.organisator.ch\/#organization"},"image":{"@id":"https:\/\/www.organisator.ch\/weiterbildung\/2026-04-02\/vier-buecher-die-sie-interessieren-koennten-36\/#primaryimage"},"thumbnailUrl":"https:\/\/www.markt-kom.com\/wp-content\/uploads\/2026\/04\/Design-ohne-Titel.jpg","keywords":["Buchtipps","Management und Unternehmensf\u00fchrung","MarKom"],"articleSection":["WEITERBILDUNG"],"inLanguage":"it-IT"},{"@type":"WebPage","@id":"https:\/\/www.organisator.ch\/weiterbildung\/2026-04-02\/vier-buecher-die-sie-interessieren-koennten-36\/","url":"https:\/\/www.organisator.ch\/weiterbildung\/2026-04-02\/vier-buecher-die-sie-interessieren-koennten-36\/","name":"Quattro libri che potrebbero interessarvi - Organizzatore","isPartOf":{"@id":"https:\/\/www.organisator.ch\/#website"},"primaryImageOfPage":{"@id":"https:\/\/www.organisator.ch\/weiterbildung\/2026-04-02\/vier-buecher-die-sie-interessieren-koennten-36\/#primaryimage"},"image":{"@id":"https:\/\/www.organisator.ch\/weiterbildung\/2026-04-02\/vier-buecher-die-sie-interessieren-koennten-36\/#primaryimage"},"thumbnailUrl":"https:\/\/www.markt-kom.com\/wp-content\/uploads\/2026\/04\/Design-ohne-Titel.jpg","datePublished":"2026-04-02T08:57:20+00:00","dateModified":"2026-04-02T11:48:53+00:00","description":"Quattro libri che fanno luce sugli sviluppi chiave del nostro tempo, dalla crescita esponenziale alla trasformazione sostenibile.","breadcrumb":{"@id":"https:\/\/www.organisator.ch\/weiterbildung\/2026-04-02\/vier-buecher-die-sie-interessieren-koennten-36\/#breadcrumb"},"inLanguage":"it-IT","potentialAction":[{"@type":"ReadAction","target":["https:\/\/www.organisator.ch\/weiterbildung\/2026-04-02\/vier-buecher-die-sie-interessieren-koennten-36\/"]}]},{"@type":"ImageObject","inLanguage":"it-IT","@id":"https:\/\/www.organisator.ch\/weiterbildung\/2026-04-02\/vier-buecher-die-sie-interessieren-koennten-36\/#primaryimage","url":"https:\/\/www.markt-kom.com\/wp-content\/uploads\/2026\/04\/Design-ohne-Titel.jpg","contentUrl":"https:\/\/www.markt-kom.com\/wp-content\/uploads\/2026\/04\/Design-ohne-Titel.jpg"},{"@type":"BreadcrumbList","@id":"https:\/\/www.organisator.ch\/weiterbildung\/2026-04-02\/vier-buecher-die-sie-interessieren-koennten-36\/#breadcrumb","itemListElement":[{"@type":"ListItem","position":1,"name":"Home","item":"https:\/\/www.organisator.ch\/"},{"@type":"ListItem","position":2,"name":"Vier B\u00fccher, die Sie interessieren k\u00f6nnten"}]},{"@type":"WebSite","@id":"https:\/\/www.organisator.ch\/#website","url":"https:\/\/www.organisator.ch\/","name":"Organizzatore","description":"Competente. Pratico. In 10 numeri all'anno, ORGANISATOR presenta i temi essenziali per i manager delle PMI.","publisher":{"@id":"https:\/\/www.organisator.ch\/#organization"},"potentialAction":[{"@type":"SearchAction","target":{"@type":"EntryPoint","urlTemplate":"https:\/\/www.organisator.ch\/?s={search_term_string}"},"query-input":{"@type":"PropertyValueSpecification","valueRequired":true,"valueName":"search_term_string"}}],"inLanguage":"it-IT"},{"@type":"Organization","@id":"https:\/\/www.organisator.ch\/#organization","name":"Organizzatore","url":"https:\/\/www.organisator.ch\/","logo":{"@type":"ImageObject","inLanguage":"it-IT","@id":"https:\/\/www.organisator.ch\/#\/schema\/logo\/image\/","url":"https:\/\/www.organisator.ch\/wp-content\/uploads\/2022\/01\/Logo_Organisator_Website.png","contentUrl":"https:\/\/www.organisator.ch\/wp-content\/uploads\/2022\/01\/Logo_Organisator_Website.png","width":800,"height":77,"caption":"Organisator"},"image":{"@id":"https:\/\/www.organisator.ch\/#\/schema\/logo\/image\/"},"sameAs":["https:\/\/www.facebook.com\/OrganisatorFachmagazin","https:\/\/www.linkedin.com\/showcase\/organisator-das-magazin-fr-kmu","https:\/\/www.xing.com\/news\/pages\/organisator-ch-695","https:\/\/www.youtube.com\/channel\/UCGP2Sq0iWaZwT3BdIAQFYpw"]},{"@type":"Person","@id":"https:\/\/www.organisator.ch\/#\/schema\/person\/4e51799071cd2dd1232ac003643ef5f0","name":"galledia","image":{"@type":"ImageObject","inLanguage":"it-IT","@id":"https:\/\/secure.gravatar.com\/avatar\/78a7f90c01fc2bfc875782a0d4922b37cde2cf184ce347b91316d23cd7f69a36?s=96&d=mm&r=g","url":"https:\/\/secure.gravatar.com\/avatar\/78a7f90c01fc2bfc875782a0d4922b37cde2cf184ce347b91316d23cd7f69a36?s=96&d=mm&r=g","contentUrl":"https:\/\/secure.gravatar.com\/avatar\/78a7f90c01fc2bfc875782a0d4922b37cde2cf184ce347b91316d23cd7f69a36?s=96&d=mm&r=g","caption":"galledia"},"sameAs":["https:\/\/x.com\/admin"],"url":"https:\/\/www.organisator.ch\/it\/author\/galledia\/"}]}},"_links":{"self":[{"href":"https:\/\/www.organisator.ch\/it\/wp-json\/wp\/v2\/posts\/46963","targetHints":{"allow":["GET"]}}],"collection":[{"href":"https:\/\/www.organisator.ch\/it\/wp-json\/wp\/v2\/posts"}],"about":[{"href":"https:\/\/www.organisator.ch\/it\/wp-json\/wp\/v2\/types\/post"}],"author":[{"embeddable":true,"href":"https:\/\/www.organisator.ch\/it\/wp-json\/wp\/v2\/users\/8"}],"replies":[{"embeddable":true,"href":"https:\/\/www.organisator.ch\/it\/wp-json\/wp\/v2\/comments?post=46963"}],"version-history":[{"count":5,"href":"https:\/\/www.organisator.ch\/it\/wp-json\/wp\/v2\/posts\/46963\/revisions"}],"predecessor-version":[{"id":46973,"href":"https:\/\/www.organisator.ch\/it\/wp-json\/wp\/v2\/posts\/46963\/revisions\/46973"}],"wp:attachment":[{"href":"https:\/\/www.organisator.ch\/it\/wp-json\/wp\/v2\/media?parent=46963"}],"wp:term":[{"taxonomy":"category","embeddable":true,"href":"https:\/\/www.organisator.ch\/it\/wp-json\/wp\/v2\/categories?post=46963"},{"taxonomy":"post_tag","embeddable":true,"href":"https:\/\/www.organisator.ch\/it\/wp-json\/wp\/v2\/tags?post=46963"}],"curies":[{"name":"wp","href":"https:\/\/api.w.org\/{rel}","templated":true}]}}