{"id":46987,"date":"2026-04-02T15:29:25","date_gmt":"2026-04-02T13:29:25","guid":{"rendered":"https:\/\/www.organisator.ch\/?p=46987"},"modified":"2026-04-02T15:29:25","modified_gmt":"2026-04-02T13:29:25","slug":"firmengruendungen-im-ersten-quartal-2026-der-boom-geht-weiter","status":"publish","type":"post","link":"https:\/\/www.organisator.ch\/it\/management\/2026-04-02\/firmengruendungen-im-ersten-quartal-2026-der-boom-geht-weiter\/","title":{"rendered":"Aziende fondate nel primo trimestre del 2026: Il boom continua"},"content":{"rendered":"<figure id=\"attachment_46988\" aria-describedby=\"caption-attachment-46988\" style=\"width: 680px\" class=\"wp-caption alignnone\"><img loading=\"lazy\" decoding=\"async\" class=\"size-full wp-image-46988\" src=\"https:\/\/www.organisator.ch\/wp-content\/uploads\/2026\/04\/Firmengruendungen-im-ersten-Quartal-2026-Der-Boom-geht-weiter_Organisator.jpg\" alt=\"\" width=\"680\" height=\"453\" srcset=\"https:\/\/www.organisator.ch\/wp-content\/uploads\/2026\/04\/Firmengruendungen-im-ersten-Quartal-2026-Der-Boom-geht-weiter_Organisator.jpg 680w, https:\/\/www.organisator.ch\/wp-content\/uploads\/2026\/04\/Firmengruendungen-im-ersten-Quartal-2026-Der-Boom-geht-weiter_Organisator-18x12.jpg 18w, https:\/\/www.organisator.ch\/wp-content\/uploads\/2026\/04\/Firmengruendungen-im-ersten-Quartal-2026-Der-Boom-geht-weiter_Organisator-375x250.jpg 375w, https:\/\/www.organisator.ch\/wp-content\/uploads\/2026\/04\/Firmengruendungen-im-ersten-Quartal-2026-Der-Boom-geht-weiter_Organisator-525x350.jpg 525w\" sizes=\"auto, (max-width: 680px) 100vw, 680px\" \/><figcaption id=\"caption-attachment-46988\" class=\"wp-caption-text\">La politica economica svizzera continua a essere favorevole ai fondatori: nel 1\u00b0 trimestre 2026 sono state contate 14.666 nuove aziende. (Immagine: zVg)<\/figcaption><\/figure>\n<p>L'ultima analisi dell'Istituto IFJ per i giovani imprenditori mostra che lo slancio delle start-up in Svizzera rimane solido nonostante l'incertezza del contesto economico. Il Ticino ha registrato una performance particolarmente positiva con un aumento del 17,1%, seguito dalla Svizzera orientale con il 9,2% e da Zurigo con il 6,6%. Anche l'Espace Mittelland e altre regioni hanno registrato una crescita.<\/p>\n<p>A livello cantonale, si sono distinti in particolare San Gallo, Ticino, Friburgo e Appenzello Esterno. Si sono registrati cali anche a Vaud, Basilea Citt\u00e0, Nidvaldo e Obvaldo. Secondo l'IFJ, i cambiamenti nei cantoni pi\u00f9 piccoli devono essere interpretati con cautela a causa delle cifre assolute pi\u00f9 basse.<\/p>\n<p>La forma giuridica della societ\u00e0 a responsabilit\u00e0 limitata ha registrato la crescita maggiore rispetto all'anno precedente, con un aumento del 9,0%. Le societ\u00e0 in nome collettivo sono cresciute del 4,7%, le societ\u00e0 per azioni dell'1,2% e le imprese individuali dello 0,3%.<\/p>\n<p>Oltre all'attuale tendenza trimestrale, l'IFJ ha analizzato per la prima volta in modo approfondito la struttura per et\u00e0 dei fondatori. La struttura per et\u00e0 dei fondatori mostra un chiaro schema: la maggior parte delle start-up viene fondata tra i 25 e i 44 anni. L'et\u00e0 media \u00e8 di 39,1 anni. L'et\u00e0 media \u00e8 pi\u00f9 alta per le societ\u00e0 per azioni, con poco meno di 42 anni, e pi\u00f9 bassa per le societ\u00e0 in nome collettivo, con circa 33 anni.<\/p>\n<p>Il maggior numero di start-up nel primo trimestre ha riguardato i settori della consulenza, dell'artigianato e dell'architettura e ingegneria. Secondo l'analisi, il panorama industriale rimane ampio e sottolinea la stabilit\u00e0 e la diversit\u00e0 della scena start-up svizzera.<\/p>\n<p><em>Fonte e ulteriori informazioni: <a href=\"https:\/\/www.ifj.ch\/\">www.ifj.ch<\/a><\/em><\/p>","protected":false},"excerpt":{"rendered":"<p>Nel primo trimestre del 2026, in Svizzera sono state iscritte nel registro delle imprese 14.666 nuove aziende. Questa cifra \u00e8 superiore del 4,9% rispetto allo stesso periodo dell'anno precedente e segna il valore pi\u00f9 alto per un primo trimestre dall'inizio della valutazione dell'IFJ.<\/p>","protected":false},"author":4,"featured_media":46988,"comment_status":"closed","ping_status":"closed","sticky":false,"template":"","format":"standard","meta":{"_acf_changed":false,"_yoast_wpseo_focuskw":"Firmengr\u00fcndungen Schweiz","_yoast_wpseo_metadesc":"Schweiz erreicht im Q1 2026 ein Rekordhoch bei Firmengr\u00fcndungen. 14'666 neue Unternehmen wurden gez\u00e4hlt. Gr\u00fcnder im Durchschnitt 39,1-j\u00e4hrig.","articlekey":"","footnotes":""},"categories":[28],"tags":[205,451,452],"class_list":["post-46987","post","type-post","status-publish","format-standard","has-post-thumbnail","hentry","category-management","tag-firmengruendungen","tag-startups","tag-statistik"],"acf":[],"yoast_head":"<!-- This site is optimized with the Yoast SEO plugin v27.4 - https:\/\/yoast.com\/product\/yoast-seo-wordpress\/ -->\n<title>Firmengr\u00fcndungen im ersten Quartal 2026: Der Boom geht weiter - Organisator<\/title>\n<meta name=\"description\" content=\"Schweiz erreicht im Q1 2026 ein Rekordhoch bei Firmengr\u00fcndungen. 14&#039;666 neue Unternehmen wurden gez\u00e4hlt. Gr\u00fcnder im Durchschnitt 39,1-j\u00e4hrig.\" \/>\n<meta name=\"robots\" content=\"index, follow, max-snippet:-1, max-image-preview:large, max-video-preview:-1\" \/>\n<link rel=\"canonical\" href=\"https:\/\/www.organisator.ch\/it\/gestione-2\/2026-04-02\/firmengruendungen-im-ersten-quartal-2026-der-boom-geht-weiter\/\" \/>\n<meta property=\"og:locale\" content=\"it_IT\" \/>\n<meta property=\"og:type\" content=\"article\" \/>\n<meta property=\"og:title\" content=\"Firmengr\u00fcndungen im ersten Quartal 2026: Der Boom geht weiter\" \/>\n<meta property=\"og:description\" content=\"Schweiz erreicht im Q1 2026 ein Rekordhoch bei Firmengr\u00fcndungen. 14&#039;666 neue Unternehmen wurden gez\u00e4hlt. Gr\u00fcnder im Durchschnitt 39,1-j\u00e4hrig.\" \/>\n<meta property=\"og:url\" content=\"https:\/\/www.organisator.ch\/it\/gestione-2\/2026-04-02\/firmengruendungen-im-ersten-quartal-2026-der-boom-geht-weiter\/\" \/>\n<meta property=\"og:site_name\" content=\"Organisator\" \/>\n<meta property=\"article:publisher\" content=\"https:\/\/www.facebook.com\/OrganisatorFachmagazin\" \/>\n<meta property=\"article:published_time\" content=\"2026-04-02T13:29:25+00:00\" \/>\n<meta property=\"og:image\" content=\"https:\/\/www.organisator.ch\/wp-content\/uploads\/2026\/04\/Firmengruendungen-im-ersten-Quartal-2026-Der-Boom-geht-weiter_Organisator.jpg\" \/>\n\t<meta property=\"og:image:width\" content=\"680\" \/>\n\t<meta property=\"og:image:height\" content=\"453\" \/>\n\t<meta property=\"og:image:type\" content=\"image\/jpeg\" \/>\n<meta name=\"author\" content=\"thomas.berner\" \/>\n<meta name=\"twitter:card\" content=\"summary_large_image\" \/>\n<meta name=\"twitter:title\" content=\"#Firmengr\u00fcndungen im ersten Quartal 2026: Der Boom geht weiter\" \/>\n<meta name=\"twitter:description\" content=\"Schweiz erreicht im #Q1 2026 ein Rekordhoch bei #Firmengr\u00fcndungen. 14&#039;666 neue Unternehmen wurden gez\u00e4hlt. Gr\u00fcnder im Durchschnitt 39,1-j\u00e4hrig.\" \/>\n<meta name=\"twitter:image\" content=\"https:\/\/www.organisator.ch\/wp-content\/uploads\/2026\/04\/Firmengruendungen-im-ersten-Quartal-2026-Der-Boom-geht-weiter_Organisator.jpg\" \/>\n<script type=\"application\/ld+json\" class=\"yoast-schema-graph\">{\"@context\":\"https:\\\/\\\/schema.org\",\"@graph\":[{\"@type\":\"Article\",\"@id\":\"https:\\\/\\\/www.organisator.ch\\\/management\\\/2026-04-02\\\/firmengruendungen-im-ersten-quartal-2026-der-boom-geht-weiter\\\/#article\",\"isPartOf\":{\"@id\":\"https:\\\/\\\/www.organisator.ch\\\/management\\\/2026-04-02\\\/firmengruendungen-im-ersten-quartal-2026-der-boom-geht-weiter\\\/\"},\"author\":{\"name\":\"thomas.berner\",\"@id\":\"https:\\\/\\\/www.organisator.ch\\\/#\\\/schema\\\/person\\\/6f650f90b2842cd4c0cc334b4e36f67e\"},\"headline\":\"Firmengr\u00fcndungen im ersten Quartal 2026: Der Boom geht weiter\",\"datePublished\":\"2026-04-02T13:29:25+00:00\",\"mainEntityOfPage\":{\"@id\":\"https:\\\/\\\/www.organisator.ch\\\/management\\\/2026-04-02\\\/firmengruendungen-im-ersten-quartal-2026-der-boom-geht-weiter\\\/\"},\"wordCount\":267,\"publisher\":{\"@id\":\"https:\\\/\\\/www.organisator.ch\\\/#organization\"},\"image\":{\"@id\":\"https:\\\/\\\/www.organisator.ch\\\/management\\\/2026-04-02\\\/firmengruendungen-im-ersten-quartal-2026-der-boom-geht-weiter\\\/#primaryimage\"},\"thumbnailUrl\":\"https:\\\/\\\/www.organisator.ch\\\/wp-content\\\/uploads\\\/2026\\\/04\\\/Firmengruendungen-im-ersten-Quartal-2026-Der-Boom-geht-weiter_Organisator.jpg\",\"keywords\":[\"Firmengr\u00fcndungen\",\"Startups\",\"Statistik\"],\"articleSection\":[\"MANAGEMENT\"],\"inLanguage\":\"it-IT\"},{\"@type\":\"WebPage\",\"@id\":\"https:\\\/\\\/www.organisator.ch\\\/management\\\/2026-04-02\\\/firmengruendungen-im-ersten-quartal-2026-der-boom-geht-weiter\\\/\",\"url\":\"https:\\\/\\\/www.organisator.ch\\\/management\\\/2026-04-02\\\/firmengruendungen-im-ersten-quartal-2026-der-boom-geht-weiter\\\/\",\"name\":\"Firmengr\u00fcndungen im ersten Quartal 2026: Der Boom geht weiter - Organisator\",\"isPartOf\":{\"@id\":\"https:\\\/\\\/www.organisator.ch\\\/#website\"},\"primaryImageOfPage\":{\"@id\":\"https:\\\/\\\/www.organisator.ch\\\/management\\\/2026-04-02\\\/firmengruendungen-im-ersten-quartal-2026-der-boom-geht-weiter\\\/#primaryimage\"},\"image\":{\"@id\":\"https:\\\/\\\/www.organisator.ch\\\/management\\\/2026-04-02\\\/firmengruendungen-im-ersten-quartal-2026-der-boom-geht-weiter\\\/#primaryimage\"},\"thumbnailUrl\":\"https:\\\/\\\/www.organisator.ch\\\/wp-content\\\/uploads\\\/2026\\\/04\\\/Firmengruendungen-im-ersten-Quartal-2026-Der-Boom-geht-weiter_Organisator.jpg\",\"datePublished\":\"2026-04-02T13:29:25+00:00\",\"description\":\"Schweiz erreicht im Q1 2026 ein Rekordhoch bei Firmengr\u00fcndungen. 14'666 neue Unternehmen wurden gez\u00e4hlt. Gr\u00fcnder im Durchschnitt 39,1-j\u00e4hrig.\",\"breadcrumb\":{\"@id\":\"https:\\\/\\\/www.organisator.ch\\\/management\\\/2026-04-02\\\/firmengruendungen-im-ersten-quartal-2026-der-boom-geht-weiter\\\/#breadcrumb\"},\"inLanguage\":\"it-IT\",\"potentialAction\":[{\"@type\":\"ReadAction\",\"target\":[\"https:\\\/\\\/www.organisator.ch\\\/management\\\/2026-04-02\\\/firmengruendungen-im-ersten-quartal-2026-der-boom-geht-weiter\\\/\"]}]},{\"@type\":\"ImageObject\",\"inLanguage\":\"it-IT\",\"@id\":\"https:\\\/\\\/www.organisator.ch\\\/management\\\/2026-04-02\\\/firmengruendungen-im-ersten-quartal-2026-der-boom-geht-weiter\\\/#primaryimage\",\"url\":\"https:\\\/\\\/www.organisator.ch\\\/wp-content\\\/uploads\\\/2026\\\/04\\\/Firmengruendungen-im-ersten-Quartal-2026-Der-Boom-geht-weiter_Organisator.jpg\",\"contentUrl\":\"https:\\\/\\\/www.organisator.ch\\\/wp-content\\\/uploads\\\/2026\\\/04\\\/Firmengruendungen-im-ersten-Quartal-2026-Der-Boom-geht-weiter_Organisator.jpg\",\"width\":680,\"height\":453,\"caption\":\"Die Schweizer Wirtschafspolitik zeigt sich weiterhin gr\u00fcnderfreundlich: In Q1 2026 wurden 14666 neue Unternehmen gez\u00e4hlt. (Bild: zVg)\"},{\"@type\":\"BreadcrumbList\",\"@id\":\"https:\\\/\\\/www.organisator.ch\\\/management\\\/2026-04-02\\\/firmengruendungen-im-ersten-quartal-2026-der-boom-geht-weiter\\\/#breadcrumb\",\"itemListElement\":[{\"@type\":\"ListItem\",\"position\":1,\"name\":\"Home\",\"item\":\"https:\\\/\\\/www.organisator.ch\\\/\"},{\"@type\":\"ListItem\",\"position\":2,\"name\":\"Firmengr\u00fcndungen im ersten Quartal 2026: Der Boom geht weiter\"}]},{\"@type\":\"WebSite\",\"@id\":\"https:\\\/\\\/www.organisator.ch\\\/#website\",\"url\":\"https:\\\/\\\/www.organisator.ch\\\/\",\"name\":\"Organisator\",\"description\":\"Kompetent. Praxisnah. Der ORGANISATOR bereitet in 10 Ausgaben pro Jahr die wesentlichen Themen f\u00fcr F\u00fchrungskr\u00e4fte von KMU auf.\",\"publisher\":{\"@id\":\"https:\\\/\\\/www.organisator.ch\\\/#organization\"},\"potentialAction\":[{\"@type\":\"SearchAction\",\"target\":{\"@type\":\"EntryPoint\",\"urlTemplate\":\"https:\\\/\\\/www.organisator.ch\\\/?s={search_term_string}\"},\"query-input\":{\"@type\":\"PropertyValueSpecification\",\"valueRequired\":true,\"valueName\":\"search_term_string\"}}],\"inLanguage\":\"it-IT\"},{\"@type\":\"Organization\",\"@id\":\"https:\\\/\\\/www.organisator.ch\\\/#organization\",\"name\":\"Organisator\",\"url\":\"https:\\\/\\\/www.organisator.ch\\\/\",\"logo\":{\"@type\":\"ImageObject\",\"inLanguage\":\"it-IT\",\"@id\":\"https:\\\/\\\/www.organisator.ch\\\/#\\\/schema\\\/logo\\\/image\\\/\",\"url\":\"https:\\\/\\\/www.organisator.ch\\\/wp-content\\\/uploads\\\/2022\\\/01\\\/Logo_Organisator_Website.png\",\"contentUrl\":\"https:\\\/\\\/www.organisator.ch\\\/wp-content\\\/uploads\\\/2022\\\/01\\\/Logo_Organisator_Website.png\",\"width\":800,\"height\":77,\"caption\":\"Organisator\"},\"image\":{\"@id\":\"https:\\\/\\\/www.organisator.ch\\\/#\\\/schema\\\/logo\\\/image\\\/\"},\"sameAs\":[\"https:\\\/\\\/www.facebook.com\\\/OrganisatorFachmagazin\",\"https:\\\/\\\/www.linkedin.com\\\/showcase\\\/organisator-das-magazin-fr-kmu\",\"https:\\\/\\\/www.xing.com\\\/news\\\/pages\\\/organisator-ch-695\",\"https:\\\/\\\/www.youtube.com\\\/channel\\\/UCGP2Sq0iWaZwT3BdIAQFYpw\"]},{\"@type\":\"Person\",\"@id\":\"https:\\\/\\\/www.organisator.ch\\\/#\\\/schema\\\/person\\\/6f650f90b2842cd4c0cc334b4e36f67e\",\"name\":\"thomas.berner\",\"image\":{\"@type\":\"ImageObject\",\"inLanguage\":\"it-IT\",\"@id\":\"https:\\\/\\\/secure.gravatar.com\\\/avatar\\\/ac5001d2a36cb6c6cd3e50789007ffca834b477b74a2144564522e944eabff61?s=96&d=mm&r=g\",\"url\":\"https:\\\/\\\/secure.gravatar.com\\\/avatar\\\/ac5001d2a36cb6c6cd3e50789007ffca834b477b74a2144564522e944eabff61?s=96&d=mm&r=g\",\"contentUrl\":\"https:\\\/\\\/secure.gravatar.com\\\/avatar\\\/ac5001d2a36cb6c6cd3e50789007ffca834b477b74a2144564522e944eabff61?s=96&d=mm&r=g\",\"caption\":\"thomas.berner\"},\"url\":\"https:\\\/\\\/www.organisator.ch\\\/it\\\/author\\\/thomas-berner\\\/\"}]}<\/script>\n<!-- \/ Yoast SEO plugin. -->","yoast_head_json":{"title":"Costituzioni di imprese nel primo trimestre 2026: Il boom continua - Organizzatore","description":"Nel 1\u00b0 trimestre del 2026 la Svizzera ha raggiunto un record di creazione di imprese. Sono state contate 14.666 nuove aziende. I fondatori hanno un'et\u00e0 media di 39,1 anni.","robots":{"index":"index","follow":"follow","max-snippet":"max-snippet:-1","max-image-preview":"max-image-preview:large","max-video-preview":"max-video-preview:-1"},"canonical":"https:\/\/www.organisator.ch\/it\/gestione-2\/2026-04-02\/firmengruendungen-im-ersten-quartal-2026-der-boom-geht-weiter\/","og_locale":"it_IT","og_type":"article","og_title":"Firmengr\u00fcndungen im ersten Quartal 2026: Der Boom geht weiter","og_description":"Schweiz erreicht im Q1 2026 ein Rekordhoch bei Firmengr\u00fcndungen. 14'666 neue Unternehmen wurden gez\u00e4hlt. Gr\u00fcnder im Durchschnitt 39,1-j\u00e4hrig.","og_url":"https:\/\/www.organisator.ch\/it\/gestione-2\/2026-04-02\/firmengruendungen-im-ersten-quartal-2026-der-boom-geht-weiter\/","og_site_name":"Organisator","article_publisher":"https:\/\/www.facebook.com\/OrganisatorFachmagazin","article_published_time":"2026-04-02T13:29:25+00:00","og_image":[{"width":680,"height":453,"url":"https:\/\/www.organisator.ch\/wp-content\/uploads\/2026\/04\/Firmengruendungen-im-ersten-Quartal-2026-Der-Boom-geht-weiter_Organisator.jpg","type":"image\/jpeg"}],"author":"thomas.berner","twitter_card":"summary_large_image","twitter_title":"#Firmengr\u00fcndungen im ersten Quartal 2026: Der Boom geht weiter","twitter_description":"Schweiz erreicht im #Q1 2026 ein Rekordhoch bei #Firmengr\u00fcndungen. 14'666 neue Unternehmen wurden gez\u00e4hlt. Gr\u00fcnder im Durchschnitt 39,1-j\u00e4hrig.","twitter_image":"https:\/\/www.organisator.ch\/wp-content\/uploads\/2026\/04\/Firmengruendungen-im-ersten-Quartal-2026-Der-Boom-geht-weiter_Organisator.jpg","schema":{"@context":"https:\/\/schema.org","@graph":[{"@type":"Article","@id":"https:\/\/www.organisator.ch\/management\/2026-04-02\/firmengruendungen-im-ersten-quartal-2026-der-boom-geht-weiter\/#article","isPartOf":{"@id":"https:\/\/www.organisator.ch\/management\/2026-04-02\/firmengruendungen-im-ersten-quartal-2026-der-boom-geht-weiter\/"},"author":{"name":"thomas.berner","@id":"https:\/\/www.organisator.ch\/#\/schema\/person\/6f650f90b2842cd4c0cc334b4e36f67e"},"headline":"Firmengr\u00fcndungen im ersten Quartal 2026: Der Boom geht weiter","datePublished":"2026-04-02T13:29:25+00:00","mainEntityOfPage":{"@id":"https:\/\/www.organisator.ch\/management\/2026-04-02\/firmengruendungen-im-ersten-quartal-2026-der-boom-geht-weiter\/"},"wordCount":267,"publisher":{"@id":"https:\/\/www.organisator.ch\/#organization"},"image":{"@id":"https:\/\/www.organisator.ch\/management\/2026-04-02\/firmengruendungen-im-ersten-quartal-2026-der-boom-geht-weiter\/#primaryimage"},"thumbnailUrl":"https:\/\/www.organisator.ch\/wp-content\/uploads\/2026\/04\/Firmengruendungen-im-ersten-Quartal-2026-Der-Boom-geht-weiter_Organisator.jpg","keywords":["Firmengr\u00fcndungen","Startups","Statistik"],"articleSection":["MANAGEMENT"],"inLanguage":"it-IT"},{"@type":"WebPage","@id":"https:\/\/www.organisator.ch\/management\/2026-04-02\/firmengruendungen-im-ersten-quartal-2026-der-boom-geht-weiter\/","url":"https:\/\/www.organisator.ch\/management\/2026-04-02\/firmengruendungen-im-ersten-quartal-2026-der-boom-geht-weiter\/","name":"Costituzioni di imprese nel primo trimestre 2026: Il boom continua - Organizzatore","isPartOf":{"@id":"https:\/\/www.organisator.ch\/#website"},"primaryImageOfPage":{"@id":"https:\/\/www.organisator.ch\/management\/2026-04-02\/firmengruendungen-im-ersten-quartal-2026-der-boom-geht-weiter\/#primaryimage"},"image":{"@id":"https:\/\/www.organisator.ch\/management\/2026-04-02\/firmengruendungen-im-ersten-quartal-2026-der-boom-geht-weiter\/#primaryimage"},"thumbnailUrl":"https:\/\/www.organisator.ch\/wp-content\/uploads\/2026\/04\/Firmengruendungen-im-ersten-Quartal-2026-Der-Boom-geht-weiter_Organisator.jpg","datePublished":"2026-04-02T13:29:25+00:00","description":"Nel 1\u00b0 trimestre del 2026 la Svizzera ha raggiunto un record di creazione di imprese. Sono state contate 14.666 nuove aziende. I fondatori hanno un'et\u00e0 media di 39,1 anni.","breadcrumb":{"@id":"https:\/\/www.organisator.ch\/management\/2026-04-02\/firmengruendungen-im-ersten-quartal-2026-der-boom-geht-weiter\/#breadcrumb"},"inLanguage":"it-IT","potentialAction":[{"@type":"ReadAction","target":["https:\/\/www.organisator.ch\/management\/2026-04-02\/firmengruendungen-im-ersten-quartal-2026-der-boom-geht-weiter\/"]}]},{"@type":"ImageObject","inLanguage":"it-IT","@id":"https:\/\/www.organisator.ch\/management\/2026-04-02\/firmengruendungen-im-ersten-quartal-2026-der-boom-geht-weiter\/#primaryimage","url":"https:\/\/www.organisator.ch\/wp-content\/uploads\/2026\/04\/Firmengruendungen-im-ersten-Quartal-2026-Der-Boom-geht-weiter_Organisator.jpg","contentUrl":"https:\/\/www.organisator.ch\/wp-content\/uploads\/2026\/04\/Firmengruendungen-im-ersten-Quartal-2026-Der-Boom-geht-weiter_Organisator.jpg","width":680,"height":453,"caption":"Die Schweizer Wirtschafspolitik zeigt sich weiterhin gr\u00fcnderfreundlich: In Q1 2026 wurden 14666 neue Unternehmen gez\u00e4hlt. (Bild: zVg)"},{"@type":"BreadcrumbList","@id":"https:\/\/www.organisator.ch\/management\/2026-04-02\/firmengruendungen-im-ersten-quartal-2026-der-boom-geht-weiter\/#breadcrumb","itemListElement":[{"@type":"ListItem","position":1,"name":"Home","item":"https:\/\/www.organisator.ch\/"},{"@type":"ListItem","position":2,"name":"Firmengr\u00fcndungen im ersten Quartal 2026: Der Boom geht weiter"}]},{"@type":"WebSite","@id":"https:\/\/www.organisator.ch\/#website","url":"https:\/\/www.organisator.ch\/","name":"Organizzatore","description":"Competente. Pratico. In 10 numeri all'anno, ORGANISATOR presenta i temi essenziali per i manager delle PMI.","publisher":{"@id":"https:\/\/www.organisator.ch\/#organization"},"potentialAction":[{"@type":"SearchAction","target":{"@type":"EntryPoint","urlTemplate":"https:\/\/www.organisator.ch\/?s={search_term_string}"},"query-input":{"@type":"PropertyValueSpecification","valueRequired":true,"valueName":"search_term_string"}}],"inLanguage":"it-IT"},{"@type":"Organization","@id":"https:\/\/www.organisator.ch\/#organization","name":"Organizzatore","url":"https:\/\/www.organisator.ch\/","logo":{"@type":"ImageObject","inLanguage":"it-IT","@id":"https:\/\/www.organisator.ch\/#\/schema\/logo\/image\/","url":"https:\/\/www.organisator.ch\/wp-content\/uploads\/2022\/01\/Logo_Organisator_Website.png","contentUrl":"https:\/\/www.organisator.ch\/wp-content\/uploads\/2022\/01\/Logo_Organisator_Website.png","width":800,"height":77,"caption":"Organisator"},"image":{"@id":"https:\/\/www.organisator.ch\/#\/schema\/logo\/image\/"},"sameAs":["https:\/\/www.facebook.com\/OrganisatorFachmagazin","https:\/\/www.linkedin.com\/showcase\/organisator-das-magazin-fr-kmu","https:\/\/www.xing.com\/news\/pages\/organisator-ch-695","https:\/\/www.youtube.com\/channel\/UCGP2Sq0iWaZwT3BdIAQFYpw"]},{"@type":"Person","@id":"https:\/\/www.organisator.ch\/#\/schema\/person\/6f650f90b2842cd4c0cc334b4e36f67e","name":"Tommaso.berner","image":{"@type":"ImageObject","inLanguage":"it-IT","@id":"https:\/\/secure.gravatar.com\/avatar\/ac5001d2a36cb6c6cd3e50789007ffca834b477b74a2144564522e944eabff61?s=96&d=mm&r=g","url":"https:\/\/secure.gravatar.com\/avatar\/ac5001d2a36cb6c6cd3e50789007ffca834b477b74a2144564522e944eabff61?s=96&d=mm&r=g","contentUrl":"https:\/\/secure.gravatar.com\/avatar\/ac5001d2a36cb6c6cd3e50789007ffca834b477b74a2144564522e944eabff61?s=96&d=mm&r=g","caption":"thomas.berner"},"url":"https:\/\/www.organisator.ch\/it\/author\/thomas-berner\/"}]}},"_links":{"self":[{"href":"https:\/\/www.organisator.ch\/it\/wp-json\/wp\/v2\/posts\/46987","targetHints":{"allow":["GET"]}}],"collection":[{"href":"https:\/\/www.organisator.ch\/it\/wp-json\/wp\/v2\/posts"}],"about":[{"href":"https:\/\/www.organisator.ch\/it\/wp-json\/wp\/v2\/types\/post"}],"author":[{"embeddable":true,"href":"https:\/\/www.organisator.ch\/it\/wp-json\/wp\/v2\/users\/4"}],"replies":[{"embeddable":true,"href":"https:\/\/www.organisator.ch\/it\/wp-json\/wp\/v2\/comments?post=46987"}],"version-history":[{"count":4,"href":"https:\/\/www.organisator.ch\/it\/wp-json\/wp\/v2\/posts\/46987\/revisions"}],"predecessor-version":[{"id":47096,"href":"https:\/\/www.organisator.ch\/it\/wp-json\/wp\/v2\/posts\/46987\/revisions\/47096"}],"wp:featuredmedia":[{"embeddable":true,"href":"https:\/\/www.organisator.ch\/it\/wp-json\/wp\/v2\/media\/46988"}],"wp:attachment":[{"href":"https:\/\/www.organisator.ch\/it\/wp-json\/wp\/v2\/media?parent=46987"}],"wp:term":[{"taxonomy":"category","embeddable":true,"href":"https:\/\/www.organisator.ch\/it\/wp-json\/wp\/v2\/categories?post=46987"},{"taxonomy":"post_tag","embeddable":true,"href":"https:\/\/www.organisator.ch\/it\/wp-json\/wp\/v2\/tags?post=46987"}],"curies":[{"name":"wp","href":"https:\/\/api.w.org\/{rel}","templated":true}]}}